{"id":151235,"date":"2024-06-02T12:48:58","date_gmt":"2024-06-02T10:48:58","guid":{"rendered":"https:\/\/www.bellunopress.it\/?p=151235"},"modified":"2024-06-02T12:48:58","modified_gmt":"2024-06-02T10:48:58","slug":"guerra-alla-pace-franco-fracassi-allauditorium-di-agordo","status":"publish","type":"post","link":"https:\/\/www.bellunopress.it\/fr\/2024\/06\/02\/guerra-alla-pace-franco-fracassi-allauditorium-di-agordo\/","title":{"rendered":"Guerra alla Pace. Franco Fracassi all&#8217;auditorium di Agordo"},"content":{"rendered":"<figure id=\"attachment_151236\" aria-describedby=\"caption-attachment-151236\" style=\"width: 1000px\" class=\"wp-caption alignleft\"><img loading=\"lazy\" decoding=\"async\" class=\"size-full wp-image-151236\" src=\"https:\/\/www.bellunopress.it\/wp-content\/uploads\/2024\/06\/Franco-Fracassi-Agordo_edited.jpg\" alt=\"\" width=\"1000\" height=\"967\" srcset=\"https:\/\/www.bellunopress.it\/wp-content\/uploads\/2024\/06\/Franco-Fracassi-Agordo_edited.jpg 1000w, https:\/\/www.bellunopress.it\/wp-content\/uploads\/2024\/06\/Franco-Fracassi-Agordo_edited-500x484.jpg 500w, https:\/\/www.bellunopress.it\/wp-content\/uploads\/2024\/06\/Franco-Fracassi-Agordo_edited-434x420.jpg 434w, https:\/\/www.bellunopress.it\/wp-content\/uploads\/2024\/06\/Franco-Fracassi-Agordo_edited-696x673.jpg 696w\" sizes=\"auto, (max-width: 1000px) 100vw, 1000px\" \/><figcaption id=\"caption-attachment-151236\" class=\"wp-caption-text\">Franco Fracassi, giornalista, scrittore<\/figcaption><\/figure>\n<p><em>Agordo, 1\u00b0 giugno 2024 &#8211; Auditorium &#8220;Monsignor Vincenzo Savio &#8211; Guerra alla Pace &#8211; <a href=\"https:\/\/www.francofracassi.com\/chi-siamo\/\">Franco Fracassi<\/a> racconta &#8211; Evento organizzato dall&#8217;Associazione ContiamoCi<\/em><\/p>\n<p>In una sala traboccante di pubblico, che in silenzio ha ascoltato il racconto delle sue cronache di giornalista &#8220;free lance&#8221; nel nostro mondo (a parte gli applausi a scena aperta) Franco Fracassi ha cominciato ricordando che la libert\u00e0 di parola, orale o scritta, non esprime compiutamente il concetto di libert\u00e0 e di democrazia: dobbiamo aggiungere a questa la libert\u00e0 di essere ascoltati e letti, per cui possiamo dire che nel nostro Paese la democrazia esiste.<\/p>\n<p>Ne fa fede la sua vistosissima produzione libraria: 20 volumi sciorinati su di un ampio tavolo in aggiunta ai quali una serie di 12 volumi, della raccolta &#8221; Nei Secoli Brevi&#8221;, racconta la storia, i grandi eventi, le analisi tematiche e storiografiche dal 1900 al 2019. Di questa raccolta gli ultimi 7 volumi sono in corso di pubblicazione e verranno resi disponibili entro il corrente anno.<\/p>\n<p>Il tema della serata riguardava la guerra tra Israele e Palestina; perch\u00e9 si combattono e perch\u00e9 si trama per far saltare ogni accordo. Tema che il nostro oratore ha ampiamente esposto nel suo recente libro &#8220;Guerra alla Pace&#8221;.<\/p>\n<p>Nel suo racconto Franco Fracassi ci ha portato alcuni esempi dei rapporti che si sono instaurati da anni tra le due popolazioni costrette a vivere in quella piccola lingua di terra e che illustrano la totale sopraffazione israeliana sui palestinesi, con particolari incredibili in un sistema che dovrebbe almeno prevedere il rispetto della vita e dei pi\u00f9 elementari diritti civili.<\/p>\n<p>E questa storia, nella sua assoluta drammaticit\u00e0, rientra nella logica pi\u00f9 ampia della politica internazionale nella quale gli Stati Uniti perseguono senza deflettere la loro dichiarata volont\u00e0 di dominare il mondo con la forza delle armi e con ogni genere di intrighi, appunto senza alcun rispetto della vita e dei pi\u00f9 elementari diritti civili delle popolazioni che trovano sulla loro strada.<\/p>\n<p>In questo senso il racconto di Fracassi va perfettamente d&#8217;accordo col recente libro del &#8220;matematico impertinente&#8221; Piergiorgio Odifreddi &#8220;C&#8217;\u00e8 del marcio in Occidente&#8221; nel quale si evidenziano le reali responsabilit\u00e0 nella guerra in Ucraina. In accordo anche con lo storico americano Benjamin Abelow che smonta definitivamente la narrazione occidentale volta a demonizzare il leader del Cremlino.<\/p>\n<p>Diceva Henry Kissinger che essere nemico degli Stati Uniti pu\u00f2 essere pericoloso, ma esserne amici \u00e8 fatale. Una fatalit\u00e0 che nell&#8217;Europa odierna consiste nel suicidio economico impostole dagli Stati Uniti e culminato con la guerra in Ucraina, ma preparato e istigato da lungo tempo, dice il sociologo Pino Arlacchi, gi\u00e0 membro del Consiglio Europeo.<\/p>\n<p>E tutto ci\u00f2 che rapporto pu\u00f2 avere col concetto di democrazia e della nostra libert\u00e0 di esprimerci e di essere ascoltati se i soggetti, che guidano le nostre sorti e quelle del pianeta sul quale viviamo, agiscono ad un livello superiore e inarrivabile, nel quale le decisioni vengono prese del tutto arbitrariamente rispetto alle promesse e in genere contro le regole della comunit\u00e0 civile e dei diritti umani, codificati, sempre citati e mai rispettati?<\/p>\n<p>E se purtroppo \u00e8 vero che &#8220;finch\u00e9 c&#8217;\u00e8 guerra c&#8217;\u00e8 speranza&#8221;, come diceva Alberto Sordi, chi ci salver\u00e0 in questo piccolo e unico mondo da noi stessi?<\/p>\n<p>La risposta \u00e8 desolante.<\/p>\n<p>Franco Fracassi conclude il suo intervento dopo circa 150 minuti, senza alcuna illustrazione, in massima semplicit\u00e0, col fascino di una parola che rappresenta una vita vissuta nel dissenso e nella ricerca della verit\u00e0. Lo conclude invitandoci a considerare l&#8217;importanza dei libri per ricordare, ritrovare, meditare e approfondire gli elementi importanti della nostra informazione per la nostra vita.<\/p>\n<p>Filiberto Dal Molin<\/p>","protected":false},"excerpt":{"rendered":"<p>Agordo, 1\u00b0 giugno 2024 &#8211; Auditorium &#8220;Monsignor Vincenzo Savio &#8211; Guerra alla Pace &#8211; Franco Fracassi racconta &#8211; Evento organizzato dall&#8217;Associazione ContiamoCi In una sala traboccante di pubblico, che in silenzio ha ascoltato il racconto delle sue cronache di giornalista &#8220;free lance&#8221; nel nostro mondo (a parte gli applausi a scena aperta) Franco Fracassi ha [&hellip;]<\/p>\n","protected":false},"author":2,"featured_media":151236,"comment_status":"closed","ping_status":"open","sticky":false,"template":"","format":"standard","meta":{"footnotes":""},"categories":[3614,5,26],"tags":[],"class_list":["post-151235","post","type-post","status-publish","format-standard","has-post-thumbnail","category-controcorrente","category-cronaca","category-prima-pagina"],"yoast_head":"<!-- This site is optimized with the Yoast SEO plugin v28.4 - https:\/\/yoast.com\/product\/yoast-seo-wordpress\/ -->\n<title>Guerra alla Pace. Franco Fracassi all&#039;auditorium di Agordo - Bellunopress - Dolomiti<\/title>\n<meta name=\"robots\" content=\"index, follow, max-snippet:-1, max-image-preview:large, max-video-preview:-1\" \/>\n<link rel=\"canonical\" href=\"https:\/\/www.bellunopress.it\/fr\/2024\/06\/02\/guerra-alla-pace-franco-fracassi-allauditorium-di-agordo\/\" \/>\n<meta property=\"og:locale\" content=\"fr_FR\" \/>\n<meta property=\"og:type\" content=\"article\" \/>\n<meta property=\"og:title\" content=\"Guerra alla Pace. Franco Fracassi all&#039;auditorium di Agordo - Bellunopress - Dolomiti\" \/>\n<meta property=\"og:description\" content=\"Agordo, 1\u00b0 giugno 2024 &#8211; Auditorium &#8220;Monsignor Vincenzo Savio &#8211; Guerra alla Pace &#8211; Franco Fracassi racconta &#8211; Evento organizzato dall&#8217;Associazione ContiamoCi In una sala traboccante di pubblico, che in silenzio ha ascoltato il racconto delle sue cronache di giornalista &#8220;free lance&#8221; nel nostro mondo (a parte gli applausi a scena aperta) Franco Fracassi ha [&hellip;]\" \/>\n<meta property=\"og:url\" content=\"https:\/\/www.bellunopress.it\/fr\/2024\/06\/02\/guerra-alla-pace-franco-fracassi-allauditorium-di-agordo\/\" \/>\n<meta property=\"og:site_name\" content=\"Bellunopress - Dolomiti\" \/>\n<meta property=\"article:publisher\" content=\"https:\/\/www.facebook.com\/profile.php?id=100008943462799\" \/>\n<meta property=\"article:published_time\" content=\"2024-06-02T10:48:58+00:00\" \/>\n<meta property=\"og:image\" content=\"https:\/\/www.bellunopress.it\/wp-content\/uploads\/2024\/06\/Franco-Fracassi-Agordo_edited.jpg\" \/>\n\t<meta property=\"og:image:width\" content=\"1000\" \/>\n\t<meta property=\"og:image:height\" content=\"967\" \/>\n\t<meta property=\"og:image:type\" content=\"image\/jpeg\" \/>\n<meta name=\"author\" content=\"redazione\" \/>\n<meta name=\"twitter:card\" content=\"summary_large_image\" \/>\n<meta name=\"twitter:creator\" content=\"@bellunopress\" \/>\n<meta name=\"twitter:site\" content=\"@bellunopress\" \/>\n<meta name=\"twitter:label1\" content=\"Written by\" \/>\n\t<meta name=\"twitter:data1\" content=\"redazione\" \/>\n\t<meta name=\"twitter:label2\" content=\"Est. reading time\" \/>\n\t<meta name=\"twitter:data2\" content=\"3 minutes\" \/>\n<script type=\"application\/ld+json\" class=\"yoast-schema-graph\">{\"@context\":\"https:\\\/\\\/schema.org\",\"@graph\":[{\"@type\":\"Article\",\"@id\":\"https:\\\/\\\/www.bellunopress.it\\\/2024\\\/06\\\/02\\\/guerra-alla-pace-franco-fracassi-allauditorium-di-agordo\\\/#article\",\"isPartOf\":{\"@id\":\"https:\\\/\\\/www.bellunopress.it\\\/2024\\\/06\\\/02\\\/guerra-alla-pace-franco-fracassi-allauditorium-di-agordo\\\/\"},\"author\":{\"name\":\"redazione\",\"@id\":\"https:\\\/\\\/www.bellunopress.it\\\/#\\\/schema\\\/person\\\/79bb06722b37ece1c03d3e94beb30d73\"},\"headline\":\"Guerra alla Pace. Franco Fracassi all&#8217;auditorium di Agordo\",\"datePublished\":\"2024-06-02T10:48:58+00:00\",\"mainEntityOfPage\":{\"@id\":\"https:\\\/\\\/www.bellunopress.it\\\/2024\\\/06\\\/02\\\/guerra-alla-pace-franco-fracassi-allauditorium-di-agordo\\\/\"},\"wordCount\":609,\"publisher\":{\"@id\":\"https:\\\/\\\/www.bellunopress.it\\\/#organization\"},\"image\":{\"@id\":\"https:\\\/\\\/www.bellunopress.it\\\/2024\\\/06\\\/02\\\/guerra-alla-pace-franco-fracassi-allauditorium-di-agordo\\\/#primaryimage\"},\"thumbnailUrl\":\"https:\\\/\\\/www.bellunopress.it\\\/wp-content\\\/uploads\\\/2024\\\/06\\\/Franco-Fracassi-Agordo_edited.jpg\",\"articleSection\":[\"Controcorrente Dr Filiberto Dal Molin\",\"Cronaca\\\/Politica\",\"Prima Pagina\"],\"inLanguage\":\"fr-FR\"},{\"@type\":\"WebPage\",\"@id\":\"https:\\\/\\\/www.bellunopress.it\\\/2024\\\/06\\\/02\\\/guerra-alla-pace-franco-fracassi-allauditorium-di-agordo\\\/\",\"url\":\"https:\\\/\\\/www.bellunopress.it\\\/2024\\\/06\\\/02\\\/guerra-alla-pace-franco-fracassi-allauditorium-di-agordo\\\/\",\"name\":\"Guerra alla Pace. Franco Fracassi all'auditorium di Agordo - Bellunopress - Dolomiti\",\"isPartOf\":{\"@id\":\"https:\\\/\\\/www.bellunopress.it\\\/#website\"},\"primaryImageOfPage\":{\"@id\":\"https:\\\/\\\/www.bellunopress.it\\\/2024\\\/06\\\/02\\\/guerra-alla-pace-franco-fracassi-allauditorium-di-agordo\\\/#primaryimage\"},\"image\":{\"@id\":\"https:\\\/\\\/www.bellunopress.it\\\/2024\\\/06\\\/02\\\/guerra-alla-pace-franco-fracassi-allauditorium-di-agordo\\\/#primaryimage\"},\"thumbnailUrl\":\"https:\\\/\\\/www.bellunopress.it\\\/wp-content\\\/uploads\\\/2024\\\/06\\\/Franco-Fracassi-Agordo_edited.jpg\",\"datePublished\":\"2024-06-02T10:48:58+00:00\",\"breadcrumb\":{\"@id\":\"https:\\\/\\\/www.bellunopress.it\\\/2024\\\/06\\\/02\\\/guerra-alla-pace-franco-fracassi-allauditorium-di-agordo\\\/#breadcrumb\"},\"inLanguage\":\"fr-FR\",\"potentialAction\":[{\"@type\":\"ReadAction\",\"target\":[\"https:\\\/\\\/www.bellunopress.it\\\/2024\\\/06\\\/02\\\/guerra-alla-pace-franco-fracassi-allauditorium-di-agordo\\\/\"]}]},{\"@type\":\"ImageObject\",\"inLanguage\":\"fr-FR\",\"@id\":\"https:\\\/\\\/www.bellunopress.it\\\/2024\\\/06\\\/02\\\/guerra-alla-pace-franco-fracassi-allauditorium-di-agordo\\\/#primaryimage\",\"url\":\"https:\\\/\\\/www.bellunopress.it\\\/wp-content\\\/uploads\\\/2024\\\/06\\\/Franco-Fracassi-Agordo_edited.jpg\",\"contentUrl\":\"https:\\\/\\\/www.bellunopress.it\\\/wp-content\\\/uploads\\\/2024\\\/06\\\/Franco-Fracassi-Agordo_edited.jpg\",\"width\":1000,\"height\":967,\"caption\":\"Franco Fracassi, giornalista, scrittore\"},{\"@type\":\"BreadcrumbList\",\"@id\":\"https:\\\/\\\/www.bellunopress.it\\\/2024\\\/06\\\/02\\\/guerra-alla-pace-franco-fracassi-allauditorium-di-agordo\\\/#breadcrumb\",\"itemListElement\":[{\"@type\":\"ListItem\",\"position\":1,\"name\":\"Home\",\"item\":\"https:\\\/\\\/www.bellunopress.it\\\/\"},{\"@type\":\"ListItem\",\"position\":2,\"name\":\"Guerra alla Pace. Franco Fracassi all&#8217;auditorium di Agordo\"}]},{\"@type\":\"WebSite\",\"@id\":\"https:\\\/\\\/www.bellunopress.it\\\/#website\",\"url\":\"https:\\\/\\\/www.bellunopress.it\\\/\",\"name\":\"Bellunopress - Dolomiti\",\"description\":\"e-mail: redazione@bellunopress.it\",\"publisher\":{\"@id\":\"https:\\\/\\\/www.bellunopress.it\\\/#organization\"},\"potentialAction\":[{\"@type\":\"SearchAction\",\"target\":{\"@type\":\"EntryPoint\",\"urlTemplate\":\"https:\\\/\\\/www.bellunopress.it\\\/?s={search_term_string}\"},\"query-input\":{\"@type\":\"PropertyValueSpecification\",\"valueRequired\":true,\"valueName\":\"search_term_string\"}}],\"inLanguage\":\"fr-FR\"},{\"@type\":\"Organization\",\"@id\":\"https:\\\/\\\/www.bellunopress.it\\\/#organization\",\"name\":\"Bellunopress\",\"url\":\"https:\\\/\\\/www.bellunopress.it\\\/\",\"logo\":{\"@type\":\"ImageObject\",\"inLanguage\":\"fr-FR\",\"@id\":\"https:\\\/\\\/www.bellunopress.it\\\/#\\\/schema\\\/logo\\\/image\\\/\",\"url\":\"https:\\\/\\\/www.bellunopress.it\\\/wp-content\\\/uploads\\\/2011\\\/05\\\/cropped-logo-bellunopress-.jpg\",\"contentUrl\":\"https:\\\/\\\/www.bellunopress.it\\\/wp-content\\\/uploads\\\/2011\\\/05\\\/cropped-logo-bellunopress-.jpg\",\"width\":512,\"height\":512,\"caption\":\"Bellunopress\"},\"image\":{\"@id\":\"https:\\\/\\\/www.bellunopress.it\\\/#\\\/schema\\\/logo\\\/image\\\/\"},\"sameAs\":[\"https:\\\/\\\/www.facebook.com\\\/profile.php?id=100008943462799\",\"https:\\\/\\\/x.com\\\/bellunopress\",\"https:\\\/\\\/www.linkedin.com\\\/hp\\\/?dnr=JBzUWaJfMUw8vbXJJ2tVW5-I3jZKvC4wsoxE&amp;amp;amp;amp;amp;amp;trk=nav_responsive_tab_home\",\"https:\\\/\\\/www.youtube.com\\\/channel\\\/UCxL0wu1uN0_3_7hGG0306cw\"]},{\"@type\":\"Person\",\"@id\":\"https:\\\/\\\/www.bellunopress.it\\\/#\\\/schema\\\/person\\\/79bb06722b37ece1c03d3e94beb30d73\",\"name\":\"redazione\",\"image\":{\"@type\":\"ImageObject\",\"inLanguage\":\"fr-FR\",\"@id\":\"https:\\\/\\\/secure.gravatar.com\\\/avatar\\\/37d968a2e67a6fd04c169c4bdef102d0bc5d31b2546345219e348575eb80e9a0?s=96&d=mm&r=g\",\"url\":\"https:\\\/\\\/secure.gravatar.com\\\/avatar\\\/37d968a2e67a6fd04c169c4bdef102d0bc5d31b2546345219e348575eb80e9a0?s=96&d=mm&r=g\",\"contentUrl\":\"https:\\\/\\\/secure.gravatar.com\\\/avatar\\\/37d968a2e67a6fd04c169c4bdef102d0bc5d31b2546345219e348575eb80e9a0?s=96&d=mm&r=g\",\"caption\":\"redazione\"},\"sameAs\":[\"http:\\\/\\\/www.bellunopress.it\",\"https:\\\/\\\/x.com\\\/bellunopress\"],\"url\":\"https:\\\/\\\/www.bellunopress.it\\\/fr\\\/author\\\/redazione\\\/\"}]}<\/script>\n<!-- \/ Yoast SEO plugin. -->","yoast_head_json":{"title":"Guerra alla Pace. Franco Fracassi all'auditorium di Agordo - Bellunopress - Dolomiti","robots":{"index":"index","follow":"follow","max-snippet":"max-snippet:-1","max-image-preview":"max-image-preview:large","max-video-preview":"max-video-preview:-1"},"canonical":"https:\/\/www.bellunopress.it\/fr\/2024\/06\/02\/guerra-alla-pace-franco-fracassi-allauditorium-di-agordo\/","og_locale":"fr_FR","og_type":"article","og_title":"Guerra alla Pace. Franco Fracassi all'auditorium di Agordo - Bellunopress - Dolomiti","og_description":"Agordo, 1\u00b0 giugno 2024 &#8211; Auditorium &#8220;Monsignor Vincenzo Savio &#8211; Guerra alla Pace &#8211; Franco Fracassi racconta &#8211; Evento organizzato dall&#8217;Associazione ContiamoCi In una sala traboccante di pubblico, che in silenzio ha ascoltato il racconto delle sue cronache di giornalista &#8220;free lance&#8221; nel nostro mondo (a parte gli applausi a scena aperta) Franco Fracassi ha [&hellip;]","og_url":"https:\/\/www.bellunopress.it\/fr\/2024\/06\/02\/guerra-alla-pace-franco-fracassi-allauditorium-di-agordo\/","og_site_name":"Bellunopress - Dolomiti","article_publisher":"https:\/\/www.facebook.com\/profile.php?id=100008943462799","article_published_time":"2024-06-02T10:48:58+00:00","og_image":[{"width":1000,"height":967,"url":"https:\/\/www.bellunopress.it\/wp-content\/uploads\/2024\/06\/Franco-Fracassi-Agordo_edited.jpg","type":"image\/jpeg"}],"author":"redazione","twitter_card":"summary_large_image","twitter_creator":"@bellunopress","twitter_site":"@bellunopress","twitter_misc":{"Written by":"redazione","Est. reading time":"3 minutes"},"schema":{"@context":"https:\/\/schema.org","@graph":[{"@type":"Article","@id":"https:\/\/www.bellunopress.it\/2024\/06\/02\/guerra-alla-pace-franco-fracassi-allauditorium-di-agordo\/#article","isPartOf":{"@id":"https:\/\/www.bellunopress.it\/2024\/06\/02\/guerra-alla-pace-franco-fracassi-allauditorium-di-agordo\/"},"author":{"name":"redazione","@id":"https:\/\/www.bellunopress.it\/#\/schema\/person\/79bb06722b37ece1c03d3e94beb30d73"},"headline":"Guerra alla Pace. Franco Fracassi all&#8217;auditorium di Agordo","datePublished":"2024-06-02T10:48:58+00:00","mainEntityOfPage":{"@id":"https:\/\/www.bellunopress.it\/2024\/06\/02\/guerra-alla-pace-franco-fracassi-allauditorium-di-agordo\/"},"wordCount":609,"publisher":{"@id":"https:\/\/www.bellunopress.it\/#organization"},"image":{"@id":"https:\/\/www.bellunopress.it\/2024\/06\/02\/guerra-alla-pace-franco-fracassi-allauditorium-di-agordo\/#primaryimage"},"thumbnailUrl":"https:\/\/www.bellunopress.it\/wp-content\/uploads\/2024\/06\/Franco-Fracassi-Agordo_edited.jpg","articleSection":["Controcorrente Dr Filiberto Dal Molin","Cronaca\/Politica","Prima Pagina"],"inLanguage":"fr-FR"},{"@type":"WebPage","@id":"https:\/\/www.bellunopress.it\/2024\/06\/02\/guerra-alla-pace-franco-fracassi-allauditorium-di-agordo\/","url":"https:\/\/www.bellunopress.it\/2024\/06\/02\/guerra-alla-pace-franco-fracassi-allauditorium-di-agordo\/","name":"Guerra alla Pace. Franco Fracassi all'auditorium di Agordo - Bellunopress - Dolomiti","isPartOf":{"@id":"https:\/\/www.bellunopress.it\/#website"},"primaryImageOfPage":{"@id":"https:\/\/www.bellunopress.it\/2024\/06\/02\/guerra-alla-pace-franco-fracassi-allauditorium-di-agordo\/#primaryimage"},"image":{"@id":"https:\/\/www.bellunopress.it\/2024\/06\/02\/guerra-alla-pace-franco-fracassi-allauditorium-di-agordo\/#primaryimage"},"thumbnailUrl":"https:\/\/www.bellunopress.it\/wp-content\/uploads\/2024\/06\/Franco-Fracassi-Agordo_edited.jpg","datePublished":"2024-06-02T10:48:58+00:00","breadcrumb":{"@id":"https:\/\/www.bellunopress.it\/2024\/06\/02\/guerra-alla-pace-franco-fracassi-allauditorium-di-agordo\/#breadcrumb"},"inLanguage":"fr-FR","potentialAction":[{"@type":"ReadAction","target":["https:\/\/www.bellunopress.it\/2024\/06\/02\/guerra-alla-pace-franco-fracassi-allauditorium-di-agordo\/"]}]},{"@type":"ImageObject","inLanguage":"fr-FR","@id":"https:\/\/www.bellunopress.it\/2024\/06\/02\/guerra-alla-pace-franco-fracassi-allauditorium-di-agordo\/#primaryimage","url":"https:\/\/www.bellunopress.it\/wp-content\/uploads\/2024\/06\/Franco-Fracassi-Agordo_edited.jpg","contentUrl":"https:\/\/www.bellunopress.it\/wp-content\/uploads\/2024\/06\/Franco-Fracassi-Agordo_edited.jpg","width":1000,"height":967,"caption":"Franco Fracassi, giornalista, scrittore"},{"@type":"BreadcrumbList","@id":"https:\/\/www.bellunopress.it\/2024\/06\/02\/guerra-alla-pace-franco-fracassi-allauditorium-di-agordo\/#breadcrumb","itemListElement":[{"@type":"ListItem","position":1,"name":"Home","item":"https:\/\/www.bellunopress.it\/"},{"@type":"ListItem","position":2,"name":"Guerra alla Pace. Franco Fracassi all&#8217;auditorium di Agordo"}]},{"@type":"WebSite","@id":"https:\/\/www.bellunopress.it\/#website","url":"https:\/\/www.bellunopress.it\/","name":"Bellunopress - Dolomiti","description":"e-mail: redazione@bellunopress.it","publisher":{"@id":"https:\/\/www.bellunopress.it\/#organization"},"potentialAction":[{"@type":"SearchAction","target":{"@type":"EntryPoint","urlTemplate":"https:\/\/www.bellunopress.it\/?s={search_term_string}"},"query-input":{"@type":"PropertyValueSpecification","valueRequired":true,"valueName":"search_term_string"}}],"inLanguage":"fr-FR"},{"@type":"Organization","@id":"https:\/\/www.bellunopress.it\/#organization","name":"Bellunopress","url":"https:\/\/www.bellunopress.it\/","logo":{"@type":"ImageObject","inLanguage":"fr-FR","@id":"https:\/\/www.bellunopress.it\/#\/schema\/logo\/image\/","url":"https:\/\/www.bellunopress.it\/wp-content\/uploads\/2011\/05\/cropped-logo-bellunopress-.jpg","contentUrl":"https:\/\/www.bellunopress.it\/wp-content\/uploads\/2011\/05\/cropped-logo-bellunopress-.jpg","width":512,"height":512,"caption":"Bellunopress"},"image":{"@id":"https:\/\/www.bellunopress.it\/#\/schema\/logo\/image\/"},"sameAs":["https:\/\/www.facebook.com\/profile.php?id=100008943462799","https:\/\/x.com\/bellunopress","https:\/\/www.linkedin.com\/hp\/?dnr=JBzUWaJfMUw8vbXJJ2tVW5-I3jZKvC4wsoxE&amp;amp;amp;amp;amp;amp;trk=nav_responsive_tab_home","https:\/\/www.youtube.com\/channel\/UCxL0wu1uN0_3_7hGG0306cw"]},{"@type":"Person","@id":"https:\/\/www.bellunopress.it\/#\/schema\/person\/79bb06722b37ece1c03d3e94beb30d73","name":"r\u00e9daction","image":{"@type":"ImageObject","inLanguage":"fr-FR","@id":"https:\/\/secure.gravatar.com\/avatar\/37d968a2e67a6fd04c169c4bdef102d0bc5d31b2546345219e348575eb80e9a0?s=96&d=mm&r=g","url":"https:\/\/secure.gravatar.com\/avatar\/37d968a2e67a6fd04c169c4bdef102d0bc5d31b2546345219e348575eb80e9a0?s=96&d=mm&r=g","contentUrl":"https:\/\/secure.gravatar.com\/avatar\/37d968a2e67a6fd04c169c4bdef102d0bc5d31b2546345219e348575eb80e9a0?s=96&d=mm&r=g","caption":"redazione"},"sameAs":["http:\/\/www.bellunopress.it","https:\/\/x.com\/bellunopress"],"url":"https:\/\/www.bellunopress.it\/fr\/author\/redazione\/"}]}},"_links":{"self":[{"href":"https:\/\/www.bellunopress.it\/fr\/wp-json\/wp\/v2\/posts\/151235","targetHints":{"allow":["GET"]}}],"collection":[{"href":"https:\/\/www.bellunopress.it\/fr\/wp-json\/wp\/v2\/posts"}],"about":[{"href":"https:\/\/www.bellunopress.it\/fr\/wp-json\/wp\/v2\/types\/post"}],"author":[{"embeddable":true,"href":"https:\/\/www.bellunopress.it\/fr\/wp-json\/wp\/v2\/users\/2"}],"replies":[{"embeddable":true,"href":"https:\/\/www.bellunopress.it\/fr\/wp-json\/wp\/v2\/comments?post=151235"}],"version-history":[{"count":1,"href":"https:\/\/www.bellunopress.it\/fr\/wp-json\/wp\/v2\/posts\/151235\/revisions"}],"predecessor-version":[{"id":151237,"href":"https:\/\/www.bellunopress.it\/fr\/wp-json\/wp\/v2\/posts\/151235\/revisions\/151237"}],"wp:featuredmedia":[{"embeddable":true,"href":"https:\/\/www.bellunopress.it\/fr\/wp-json\/wp\/v2\/media\/151236"}],"wp:attachment":[{"href":"https:\/\/www.bellunopress.it\/fr\/wp-json\/wp\/v2\/media?parent=151235"}],"wp:term":[{"taxonomy":"category","embeddable":true,"href":"https:\/\/www.bellunopress.it\/fr\/wp-json\/wp\/v2\/categories?post=151235"},{"taxonomy":"post_tag","embeddable":true,"href":"https:\/\/www.bellunopress.it\/fr\/wp-json\/wp\/v2\/tags?post=151235"}],"curies":[{"name":"wp","href":"https:\/\/api.w.org\/{rel}","templated":true}]}}