{"id":151186,"date":"2024-05-30T13:36:59","date_gmt":"2024-05-30T11:36:59","guid":{"rendered":"https:\/\/www.bellunopress.it\/?p=151186"},"modified":"2024-05-30T13:36:59","modified_gmt":"2024-05-30T11:36:59","slug":"memorial-luana-gorza-330-iscritti-una-cinquantina-di-societa-venerdi-al-meeting-di-borgo-valbelluna","status":"publish","type":"post","link":"https:\/\/www.bellunopress.it\/fr\/2024\/05\/30\/memorial-luana-gorza-330-iscritti-una-cinquantina-di-societa-venerdi-al-meeting-di-borgo-valbelluna\/","title":{"rendered":"Memorial &#8220;Luana Gorza&#8221;: 330 iscritti, una cinquantina di societ\u00e0 venerd\u00ec al meeting di Borgo Valbelluna"},"content":{"rendered":"<figure id=\"attachment_140638\" aria-describedby=\"caption-attachment-140638\" style=\"width: 1000px\" class=\"wp-caption alignleft\"><img loading=\"lazy\" decoding=\"async\" class=\"size-full wp-image-140638\" src=\"https:\/\/www.bellunopress.it\/wp-content\/uploads\/2023\/04\/Pista-di-atletica-Borgo-Valbelluna_edited.jpg\" alt=\"\" width=\"1000\" height=\"800\" srcset=\"https:\/\/www.bellunopress.it\/wp-content\/uploads\/2023\/04\/Pista-di-atletica-Borgo-Valbelluna_edited.jpg 1000w, https:\/\/www.bellunopress.it\/wp-content\/uploads\/2023\/04\/Pista-di-atletica-Borgo-Valbelluna_edited-500x400.jpg 500w, https:\/\/www.bellunopress.it\/wp-content\/uploads\/2023\/04\/Pista-di-atletica-Borgo-Valbelluna_edited-696x557.jpg 696w, https:\/\/www.bellunopress.it\/wp-content\/uploads\/2023\/04\/Pista-di-atletica-Borgo-Valbelluna_edited-525x420.jpg 525w\" sizes=\"auto, (max-width: 1000px) 100vw, 1000px\" \/><figcaption id=\"caption-attachment-140638\" class=\"wp-caption-text\">Pista di atletica &#8211; Borgo Valbelluna<\/figcaption><\/figure>\n<p>Borgo Valbelluna (Belluno), 30 maggio 2024 \u2013 Trecento atleti, provenienti da varie parti d\u2019Italia, terranno a battesimo il Festival del Mezzofondo \u2013 1\u00b0 Memorial \u201cLuana Gorza\u201d, in programma domani &#8211; venerd\u00ec 31 maggio \u2013 sulla rinnovata pista dello stadio comunale di Borgo Valbelluna (Belluno).<\/p>\n<p>La manifestazione, organizzata dal Gs La Piave 2000 in collaborazione con AISLA sezione di Belluno e valida come 2^ tappa del circuito Dolomiting 2024, sar\u00e0 interamente dedicata alle corse: non solo il mezzofondo, ma anche velocit\u00e0 e ostacoli.<\/p>\n<p>Previste gare per le categorie ragazzi, cadetti e per il settore assoluto. In cartellone anche una prova dimostrativa nei 600 metri dedicata agli Esordienti A tesserati per le societ\u00e0 della provincia di Belluno.<\/p>\n<p>Una cinquantina i club rappresentati in pista. E quello che, in ambito giovanile, avr\u00e0 il pi\u00f9 alto numero di partecipanti si aggiudicher\u00e0 il 1\u00b0 Trofeo AISLA sezione di Belluno.<\/p>\n<p>Tra gli iscritti anche due campioni italiani in carica: Isabella Calzolari (Trevisatletica), oro quest\u2019inverno nei 60 ostacoli ai Tricolori allieve indoor, e il compagno di squadra Jacopo Cinquegrani, campione nazionale cadetti nei 100 ostacoli nel 2023 a Caorle. Nei 100 ostacoli a livello assoluto garegger\u00e0 anche la stella di casa, Elena Nessenzia (Atl. Riviera del Brenta). Il bellunese Nicolas De Lorenzi (Vittorio Atletica), reduce dal bronzo ai campionati italiani juniores dei 10.000 metri, sar\u00e0 al via dei 5000, una delle ultime competizioni della serata, dove trover\u00e0 anche Mihail Sirbu (Gs Quantin Alpenplus), grande protagonista della stagione dei cross regionali.<\/p>\n<p>Prima gara alle 16.15, con l\u2019inizio della passerella giovanile. Poi, dalle 17.35, toccher\u00e0 alle prove per il settore assolute: 110 ostacoli, 200, 800 e 5000 maschili; 100 ostacoli, 200, 1500 e 3000 femminili.<\/p>\n<p>&nbsp;<\/p>\n<p>Nella foto: la pista di Borgo Valbelluna che ospiter\u00e0 la prima edizione del Festival del Mezzofondo \u2013 Memorial \u201cLuana Gorza\u201d<\/p>","protected":false},"excerpt":{"rendered":"<p>Borgo Valbelluna (Belluno), 30 maggio 2024 \u2013 Trecento atleti, provenienti da varie parti d\u2019Italia, terranno a battesimo il Festival del Mezzofondo \u2013 1\u00b0 Memorial \u201cLuana Gorza\u201d, in programma domani &#8211; venerd\u00ec 31 maggio \u2013 sulla rinnovata pista dello stadio comunale di Borgo Valbelluna (Belluno). La manifestazione, organizzata dal Gs La Piave 2000 in collaborazione con [&hellip;]<\/p>\n","protected":false},"author":2,"featured_media":140638,"comment_status":"closed","ping_status":"open","sticky":false,"template":"","format":"standard","meta":{"footnotes":""},"categories":[26,4],"tags":[],"class_list":["post-151186","post","type-post","status-publish","format-standard","has-post-thumbnail","category-prima-pagina","category-sport"],"yoast_head":"<!-- This site is optimized with the Yoast SEO plugin v28.4 - https:\/\/yoast.com\/product\/yoast-seo-wordpress\/ -->\n<title>Memorial &quot;Luana Gorza&quot;: 330 iscritti, una cinquantina di societ\u00e0 venerd\u00ec al meeting di Borgo Valbelluna - Bellunopress - Dolomiti<\/title>\n<meta name=\"robots\" content=\"index, follow, max-snippet:-1, max-image-preview:large, max-video-preview:-1\" \/>\n<link rel=\"canonical\" href=\"https:\/\/www.bellunopress.it\/fr\/2024\/05\/30\/memorial-luana-gorza-330-iscritti-una-cinquantina-di-societa-venerdi-al-meeting-di-borgo-valbelluna\/\" \/>\n<meta property=\"og:locale\" content=\"fr_FR\" \/>\n<meta property=\"og:type\" content=\"article\" \/>\n<meta property=\"og:title\" content=\"Memorial &quot;Luana Gorza&quot;: 330 iscritti, una cinquantina di societ\u00e0 venerd\u00ec al meeting di Borgo Valbelluna - Bellunopress - Dolomiti\" \/>\n<meta property=\"og:description\" content=\"Borgo Valbelluna (Belluno), 30 maggio 2024 \u2013 Trecento atleti, provenienti da varie parti d\u2019Italia, terranno a battesimo il Festival del Mezzofondo \u2013 1\u00b0 Memorial \u201cLuana Gorza\u201d, in programma domani &#8211; venerd\u00ec 31 maggio \u2013 sulla rinnovata pista dello stadio comunale di Borgo Valbelluna (Belluno). La manifestazione, organizzata dal Gs La Piave 2000 in collaborazione con [&hellip;]\" \/>\n<meta property=\"og:url\" content=\"https:\/\/www.bellunopress.it\/fr\/2024\/05\/30\/memorial-luana-gorza-330-iscritti-una-cinquantina-di-societa-venerdi-al-meeting-di-borgo-valbelluna\/\" \/>\n<meta property=\"og:site_name\" content=\"Bellunopress - Dolomiti\" \/>\n<meta property=\"article:publisher\" content=\"https:\/\/www.facebook.com\/profile.php?id=100008943462799\" \/>\n<meta property=\"article:published_time\" content=\"2024-05-30T11:36:59+00:00\" \/>\n<meta property=\"og:image\" content=\"https:\/\/www.bellunopress.it\/wp-content\/uploads\/2023\/04\/Pista-di-atletica-Borgo-Valbelluna_edited.jpg\" \/>\n\t<meta property=\"og:image:width\" content=\"1000\" \/>\n\t<meta property=\"og:image:height\" content=\"800\" \/>\n\t<meta property=\"og:image:type\" content=\"image\/jpeg\" \/>\n<meta name=\"author\" content=\"redazione\" \/>\n<meta name=\"twitter:card\" content=\"summary_large_image\" \/>\n<meta name=\"twitter:creator\" content=\"@bellunopress\" \/>\n<meta name=\"twitter:site\" content=\"@bellunopress\" \/>\n<meta name=\"twitter:label1\" content=\"\u00c9crit par\" \/>\n\t<meta name=\"twitter:data1\" content=\"redazione\" \/>\n\t<meta name=\"twitter:label2\" content=\"Dur\u00e9e de lecture estim\u00e9e\" \/>\n\t<meta name=\"twitter:data2\" content=\"1 minute\" \/>\n<script type=\"application\/ld+json\" class=\"yoast-schema-graph\">{\"@context\":\"https:\\\/\\\/schema.org\",\"@graph\":[{\"@type\":\"Article\",\"@id\":\"https:\\\/\\\/www.bellunopress.it\\\/2024\\\/05\\\/30\\\/memorial-luana-gorza-330-iscritti-una-cinquantina-di-societa-venerdi-al-meeting-di-borgo-valbelluna\\\/#article\",\"isPartOf\":{\"@id\":\"https:\\\/\\\/www.bellunopress.it\\\/2024\\\/05\\\/30\\\/memorial-luana-gorza-330-iscritti-una-cinquantina-di-societa-venerdi-al-meeting-di-borgo-valbelluna\\\/\"},\"author\":{\"name\":\"redazione\",\"@id\":\"https:\\\/\\\/www.bellunopress.it\\\/#\\\/schema\\\/person\\\/79bb06722b37ece1c03d3e94beb30d73\"},\"headline\":\"Memorial &#8220;Luana Gorza&#8221;: 330 iscritti, una cinquantina di societ\u00e0 venerd\u00ec al meeting di Borgo Valbelluna\",\"datePublished\":\"2024-05-30T11:36:59+00:00\",\"mainEntityOfPage\":{\"@id\":\"https:\\\/\\\/www.bellunopress.it\\\/2024\\\/05\\\/30\\\/memorial-luana-gorza-330-iscritti-una-cinquantina-di-societa-venerdi-al-meeting-di-borgo-valbelluna\\\/\"},\"wordCount\":298,\"publisher\":{\"@id\":\"https:\\\/\\\/www.bellunopress.it\\\/#organization\"},\"image\":{\"@id\":\"https:\\\/\\\/www.bellunopress.it\\\/2024\\\/05\\\/30\\\/memorial-luana-gorza-330-iscritti-una-cinquantina-di-societa-venerdi-al-meeting-di-borgo-valbelluna\\\/#primaryimage\"},\"thumbnailUrl\":\"https:\\\/\\\/www.bellunopress.it\\\/wp-content\\\/uploads\\\/2023\\\/04\\\/Pista-di-atletica-Borgo-Valbelluna_edited.jpg\",\"articleSection\":[\"Prima Pagina\",\"Sport, tempo libero\"],\"inLanguage\":\"fr-FR\"},{\"@type\":\"WebPage\",\"@id\":\"https:\\\/\\\/www.bellunopress.it\\\/2024\\\/05\\\/30\\\/memorial-luana-gorza-330-iscritti-una-cinquantina-di-societa-venerdi-al-meeting-di-borgo-valbelluna\\\/\",\"url\":\"https:\\\/\\\/www.bellunopress.it\\\/2024\\\/05\\\/30\\\/memorial-luana-gorza-330-iscritti-una-cinquantina-di-societa-venerdi-al-meeting-di-borgo-valbelluna\\\/\",\"name\":\"Memorial \\\"Luana Gorza\\\": 330 iscritti, una cinquantina di societ\u00e0 venerd\u00ec al meeting di Borgo Valbelluna - Bellunopress - Dolomiti\",\"isPartOf\":{\"@id\":\"https:\\\/\\\/www.bellunopress.it\\\/#website\"},\"primaryImageOfPage\":{\"@id\":\"https:\\\/\\\/www.bellunopress.it\\\/2024\\\/05\\\/30\\\/memorial-luana-gorza-330-iscritti-una-cinquantina-di-societa-venerdi-al-meeting-di-borgo-valbelluna\\\/#primaryimage\"},\"image\":{\"@id\":\"https:\\\/\\\/www.bellunopress.it\\\/2024\\\/05\\\/30\\\/memorial-luana-gorza-330-iscritti-una-cinquantina-di-societa-venerdi-al-meeting-di-borgo-valbelluna\\\/#primaryimage\"},\"thumbnailUrl\":\"https:\\\/\\\/www.bellunopress.it\\\/wp-content\\\/uploads\\\/2023\\\/04\\\/Pista-di-atletica-Borgo-Valbelluna_edited.jpg\",\"datePublished\":\"2024-05-30T11:36:59+00:00\",\"breadcrumb\":{\"@id\":\"https:\\\/\\\/www.bellunopress.it\\\/2024\\\/05\\\/30\\\/memorial-luana-gorza-330-iscritti-una-cinquantina-di-societa-venerdi-al-meeting-di-borgo-valbelluna\\\/#breadcrumb\"},\"inLanguage\":\"fr-FR\",\"potentialAction\":[{\"@type\":\"ReadAction\",\"target\":[\"https:\\\/\\\/www.bellunopress.it\\\/2024\\\/05\\\/30\\\/memorial-luana-gorza-330-iscritti-una-cinquantina-di-societa-venerdi-al-meeting-di-borgo-valbelluna\\\/\"]}]},{\"@type\":\"ImageObject\",\"inLanguage\":\"fr-FR\",\"@id\":\"https:\\\/\\\/www.bellunopress.it\\\/2024\\\/05\\\/30\\\/memorial-luana-gorza-330-iscritti-una-cinquantina-di-societa-venerdi-al-meeting-di-borgo-valbelluna\\\/#primaryimage\",\"url\":\"https:\\\/\\\/www.bellunopress.it\\\/wp-content\\\/uploads\\\/2023\\\/04\\\/Pista-di-atletica-Borgo-Valbelluna_edited.jpg\",\"contentUrl\":\"https:\\\/\\\/www.bellunopress.it\\\/wp-content\\\/uploads\\\/2023\\\/04\\\/Pista-di-atletica-Borgo-Valbelluna_edited.jpg\",\"width\":1000,\"height\":800,\"caption\":\"Pista di atletica - Borgo Valbelluna\"},{\"@type\":\"BreadcrumbList\",\"@id\":\"https:\\\/\\\/www.bellunopress.it\\\/2024\\\/05\\\/30\\\/memorial-luana-gorza-330-iscritti-una-cinquantina-di-societa-venerdi-al-meeting-di-borgo-valbelluna\\\/#breadcrumb\",\"itemListElement\":[{\"@type\":\"ListItem\",\"position\":1,\"name\":\"Home\",\"item\":\"https:\\\/\\\/www.bellunopress.it\\\/\"},{\"@type\":\"ListItem\",\"position\":2,\"name\":\"Memorial &#8220;Luana Gorza&#8221;: 330 iscritti, una cinquantina di societ\u00e0 venerd\u00ec al meeting di Borgo Valbelluna\"}]},{\"@type\":\"WebSite\",\"@id\":\"https:\\\/\\\/www.bellunopress.it\\\/#website\",\"url\":\"https:\\\/\\\/www.bellunopress.it\\\/\",\"name\":\"Bellunopress - Dolomiti\",\"description\":\"e-mail: redazione@bellunopress.it\",\"publisher\":{\"@id\":\"https:\\\/\\\/www.bellunopress.it\\\/#organization\"},\"potentialAction\":[{\"@type\":\"SearchAction\",\"target\":{\"@type\":\"EntryPoint\",\"urlTemplate\":\"https:\\\/\\\/www.bellunopress.it\\\/?s={search_term_string}\"},\"query-input\":{\"@type\":\"PropertyValueSpecification\",\"valueRequired\":true,\"valueName\":\"search_term_string\"}}],\"inLanguage\":\"fr-FR\"},{\"@type\":\"Organization\",\"@id\":\"https:\\\/\\\/www.bellunopress.it\\\/#organization\",\"name\":\"Bellunopress\",\"url\":\"https:\\\/\\\/www.bellunopress.it\\\/\",\"logo\":{\"@type\":\"ImageObject\",\"inLanguage\":\"fr-FR\",\"@id\":\"https:\\\/\\\/www.bellunopress.it\\\/#\\\/schema\\\/logo\\\/image\\\/\",\"url\":\"https:\\\/\\\/www.bellunopress.it\\\/wp-content\\\/uploads\\\/2011\\\/05\\\/cropped-logo-bellunopress-.jpg\",\"contentUrl\":\"https:\\\/\\\/www.bellunopress.it\\\/wp-content\\\/uploads\\\/2011\\\/05\\\/cropped-logo-bellunopress-.jpg\",\"width\":512,\"height\":512,\"caption\":\"Bellunopress\"},\"image\":{\"@id\":\"https:\\\/\\\/www.bellunopress.it\\\/#\\\/schema\\\/logo\\\/image\\\/\"},\"sameAs\":[\"https:\\\/\\\/www.facebook.com\\\/profile.php?id=100008943462799\",\"https:\\\/\\\/x.com\\\/bellunopress\",\"https:\\\/\\\/www.linkedin.com\\\/hp\\\/?dnr=JBzUWaJfMUw8vbXJJ2tVW5-I3jZKvC4wsoxE&amp;amp;amp;amp;amp;amp;trk=nav_responsive_tab_home\",\"https:\\\/\\\/www.youtube.com\\\/channel\\\/UCxL0wu1uN0_3_7hGG0306cw\"]},{\"@type\":\"Person\",\"@id\":\"https:\\\/\\\/www.bellunopress.it\\\/#\\\/schema\\\/person\\\/79bb06722b37ece1c03d3e94beb30d73\",\"name\":\"redazione\",\"image\":{\"@type\":\"ImageObject\",\"inLanguage\":\"fr-FR\",\"@id\":\"https:\\\/\\\/secure.gravatar.com\\\/avatar\\\/37d968a2e67a6fd04c169c4bdef102d0bc5d31b2546345219e348575eb80e9a0?s=96&d=mm&r=g\",\"url\":\"https:\\\/\\\/secure.gravatar.com\\\/avatar\\\/37d968a2e67a6fd04c169c4bdef102d0bc5d31b2546345219e348575eb80e9a0?s=96&d=mm&r=g\",\"contentUrl\":\"https:\\\/\\\/secure.gravatar.com\\\/avatar\\\/37d968a2e67a6fd04c169c4bdef102d0bc5d31b2546345219e348575eb80e9a0?s=96&d=mm&r=g\",\"caption\":\"redazione\"},\"sameAs\":[\"http:\\\/\\\/www.bellunopress.it\",\"https:\\\/\\\/x.com\\\/bellunopress\"],\"url\":\"https:\\\/\\\/www.bellunopress.it\\\/fr\\\/author\\\/redazione\\\/\"}]}<\/script>\n<!-- \/ Yoast SEO plugin. -->","yoast_head_json":{"title":"Memorial \"Luana Gorza\": 330 iscritti, una cinquantina di societ\u00e0 venerd\u00ec al meeting di Borgo Valbelluna - Bellunopress - Dolomiti","robots":{"index":"index","follow":"follow","max-snippet":"max-snippet:-1","max-image-preview":"max-image-preview:large","max-video-preview":"max-video-preview:-1"},"canonical":"https:\/\/www.bellunopress.it\/fr\/2024\/05\/30\/memorial-luana-gorza-330-iscritti-una-cinquantina-di-societa-venerdi-al-meeting-di-borgo-valbelluna\/","og_locale":"fr_FR","og_type":"article","og_title":"Memorial \"Luana Gorza\": 330 iscritti, una cinquantina di societ\u00e0 venerd\u00ec al meeting di Borgo Valbelluna - Bellunopress - Dolomiti","og_description":"Borgo Valbelluna (Belluno), 30 maggio 2024 \u2013 Trecento atleti, provenienti da varie parti d\u2019Italia, terranno a battesimo il Festival del Mezzofondo \u2013 1\u00b0 Memorial \u201cLuana Gorza\u201d, in programma domani &#8211; venerd\u00ec 31 maggio \u2013 sulla rinnovata pista dello stadio comunale di Borgo Valbelluna (Belluno). La manifestazione, organizzata dal Gs La Piave 2000 in collaborazione con [&hellip;]","og_url":"https:\/\/www.bellunopress.it\/fr\/2024\/05\/30\/memorial-luana-gorza-330-iscritti-una-cinquantina-di-societa-venerdi-al-meeting-di-borgo-valbelluna\/","og_site_name":"Bellunopress - Dolomiti","article_publisher":"https:\/\/www.facebook.com\/profile.php?id=100008943462799","article_published_time":"2024-05-30T11:36:59+00:00","og_image":[{"width":1000,"height":800,"url":"https:\/\/www.bellunopress.it\/wp-content\/uploads\/2023\/04\/Pista-di-atletica-Borgo-Valbelluna_edited.jpg","type":"image\/jpeg"}],"author":"redazione","twitter_card":"summary_large_image","twitter_creator":"@bellunopress","twitter_site":"@bellunopress","twitter_misc":{"\u00c9crit par":"redazione","Dur\u00e9e de lecture estim\u00e9e":"1 minute"},"schema":{"@context":"https:\/\/schema.org","@graph":[{"@type":"Article","@id":"https:\/\/www.bellunopress.it\/2024\/05\/30\/memorial-luana-gorza-330-iscritti-una-cinquantina-di-societa-venerdi-al-meeting-di-borgo-valbelluna\/#article","isPartOf":{"@id":"https:\/\/www.bellunopress.it\/2024\/05\/30\/memorial-luana-gorza-330-iscritti-una-cinquantina-di-societa-venerdi-al-meeting-di-borgo-valbelluna\/"},"author":{"name":"redazione","@id":"https:\/\/www.bellunopress.it\/#\/schema\/person\/79bb06722b37ece1c03d3e94beb30d73"},"headline":"Memorial &#8220;Luana Gorza&#8221;: 330 iscritti, una cinquantina di societ\u00e0 venerd\u00ec al meeting di Borgo Valbelluna","datePublished":"2024-05-30T11:36:59+00:00","mainEntityOfPage":{"@id":"https:\/\/www.bellunopress.it\/2024\/05\/30\/memorial-luana-gorza-330-iscritti-una-cinquantina-di-societa-venerdi-al-meeting-di-borgo-valbelluna\/"},"wordCount":298,"publisher":{"@id":"https:\/\/www.bellunopress.it\/#organization"},"image":{"@id":"https:\/\/www.bellunopress.it\/2024\/05\/30\/memorial-luana-gorza-330-iscritti-una-cinquantina-di-societa-venerdi-al-meeting-di-borgo-valbelluna\/#primaryimage"},"thumbnailUrl":"https:\/\/www.bellunopress.it\/wp-content\/uploads\/2023\/04\/Pista-di-atletica-Borgo-Valbelluna_edited.jpg","articleSection":["Prima Pagina","Sport, tempo libero"],"inLanguage":"fr-FR"},{"@type":"WebPage","@id":"https:\/\/www.bellunopress.it\/2024\/05\/30\/memorial-luana-gorza-330-iscritti-una-cinquantina-di-societa-venerdi-al-meeting-di-borgo-valbelluna\/","url":"https:\/\/www.bellunopress.it\/2024\/05\/30\/memorial-luana-gorza-330-iscritti-una-cinquantina-di-societa-venerdi-al-meeting-di-borgo-valbelluna\/","name":"Memorial \"Luana Gorza\": 330 iscritti, una cinquantina di societ\u00e0 venerd\u00ec al meeting di Borgo Valbelluna - Bellunopress - Dolomiti","isPartOf":{"@id":"https:\/\/www.bellunopress.it\/#website"},"primaryImageOfPage":{"@id":"https:\/\/www.bellunopress.it\/2024\/05\/30\/memorial-luana-gorza-330-iscritti-una-cinquantina-di-societa-venerdi-al-meeting-di-borgo-valbelluna\/#primaryimage"},"image":{"@id":"https:\/\/www.bellunopress.it\/2024\/05\/30\/memorial-luana-gorza-330-iscritti-una-cinquantina-di-societa-venerdi-al-meeting-di-borgo-valbelluna\/#primaryimage"},"thumbnailUrl":"https:\/\/www.bellunopress.it\/wp-content\/uploads\/2023\/04\/Pista-di-atletica-Borgo-Valbelluna_edited.jpg","datePublished":"2024-05-30T11:36:59+00:00","breadcrumb":{"@id":"https:\/\/www.bellunopress.it\/2024\/05\/30\/memorial-luana-gorza-330-iscritti-una-cinquantina-di-societa-venerdi-al-meeting-di-borgo-valbelluna\/#breadcrumb"},"inLanguage":"fr-FR","potentialAction":[{"@type":"ReadAction","target":["https:\/\/www.bellunopress.it\/2024\/05\/30\/memorial-luana-gorza-330-iscritti-una-cinquantina-di-societa-venerdi-al-meeting-di-borgo-valbelluna\/"]}]},{"@type":"ImageObject","inLanguage":"fr-FR","@id":"https:\/\/www.bellunopress.it\/2024\/05\/30\/memorial-luana-gorza-330-iscritti-una-cinquantina-di-societa-venerdi-al-meeting-di-borgo-valbelluna\/#primaryimage","url":"https:\/\/www.bellunopress.it\/wp-content\/uploads\/2023\/04\/Pista-di-atletica-Borgo-Valbelluna_edited.jpg","contentUrl":"https:\/\/www.bellunopress.it\/wp-content\/uploads\/2023\/04\/Pista-di-atletica-Borgo-Valbelluna_edited.jpg","width":1000,"height":800,"caption":"Pista di atletica - Borgo Valbelluna"},{"@type":"BreadcrumbList","@id":"https:\/\/www.bellunopress.it\/2024\/05\/30\/memorial-luana-gorza-330-iscritti-una-cinquantina-di-societa-venerdi-al-meeting-di-borgo-valbelluna\/#breadcrumb","itemListElement":[{"@type":"ListItem","position":1,"name":"Home","item":"https:\/\/www.bellunopress.it\/"},{"@type":"ListItem","position":2,"name":"Memorial &#8220;Luana Gorza&#8221;: 330 iscritti, una cinquantina di societ\u00e0 venerd\u00ec al meeting di Borgo Valbelluna"}]},{"@type":"WebSite","@id":"https:\/\/www.bellunopress.it\/#website","url":"https:\/\/www.bellunopress.it\/","name":"Bellunopress - Dolomiti","description":"e-mail: redazione@bellunopress.it","publisher":{"@id":"https:\/\/www.bellunopress.it\/#organization"},"potentialAction":[{"@type":"SearchAction","target":{"@type":"EntryPoint","urlTemplate":"https:\/\/www.bellunopress.it\/?s={search_term_string}"},"query-input":{"@type":"PropertyValueSpecification","valueRequired":true,"valueName":"search_term_string"}}],"inLanguage":"fr-FR"},{"@type":"Organization","@id":"https:\/\/www.bellunopress.it\/#organization","name":"Bellunopress","url":"https:\/\/www.bellunopress.it\/","logo":{"@type":"ImageObject","inLanguage":"fr-FR","@id":"https:\/\/www.bellunopress.it\/#\/schema\/logo\/image\/","url":"https:\/\/www.bellunopress.it\/wp-content\/uploads\/2011\/05\/cropped-logo-bellunopress-.jpg","contentUrl":"https:\/\/www.bellunopress.it\/wp-content\/uploads\/2011\/05\/cropped-logo-bellunopress-.jpg","width":512,"height":512,"caption":"Bellunopress"},"image":{"@id":"https:\/\/www.bellunopress.it\/#\/schema\/logo\/image\/"},"sameAs":["https:\/\/www.facebook.com\/profile.php?id=100008943462799","https:\/\/x.com\/bellunopress","https:\/\/www.linkedin.com\/hp\/?dnr=JBzUWaJfMUw8vbXJJ2tVW5-I3jZKvC4wsoxE&amp;amp;amp;amp;amp;amp;trk=nav_responsive_tab_home","https:\/\/www.youtube.com\/channel\/UCxL0wu1uN0_3_7hGG0306cw"]},{"@type":"Person","@id":"https:\/\/www.bellunopress.it\/#\/schema\/person\/79bb06722b37ece1c03d3e94beb30d73","name":"r\u00e9daction","image":{"@type":"ImageObject","inLanguage":"fr-FR","@id":"https:\/\/secure.gravatar.com\/avatar\/37d968a2e67a6fd04c169c4bdef102d0bc5d31b2546345219e348575eb80e9a0?s=96&d=mm&r=g","url":"https:\/\/secure.gravatar.com\/avatar\/37d968a2e67a6fd04c169c4bdef102d0bc5d31b2546345219e348575eb80e9a0?s=96&d=mm&r=g","contentUrl":"https:\/\/secure.gravatar.com\/avatar\/37d968a2e67a6fd04c169c4bdef102d0bc5d31b2546345219e348575eb80e9a0?s=96&d=mm&r=g","caption":"redazione"},"sameAs":["http:\/\/www.bellunopress.it","https:\/\/x.com\/bellunopress"],"url":"https:\/\/www.bellunopress.it\/fr\/author\/redazione\/"}]}},"_links":{"self":[{"href":"https:\/\/www.bellunopress.it\/fr\/wp-json\/wp\/v2\/posts\/151186","targetHints":{"allow":["GET"]}}],"collection":[{"href":"https:\/\/www.bellunopress.it\/fr\/wp-json\/wp\/v2\/posts"}],"about":[{"href":"https:\/\/www.bellunopress.it\/fr\/wp-json\/wp\/v2\/types\/post"}],"author":[{"embeddable":true,"href":"https:\/\/www.bellunopress.it\/fr\/wp-json\/wp\/v2\/users\/2"}],"replies":[{"embeddable":true,"href":"https:\/\/www.bellunopress.it\/fr\/wp-json\/wp\/v2\/comments?post=151186"}],"version-history":[{"count":1,"href":"https:\/\/www.bellunopress.it\/fr\/wp-json\/wp\/v2\/posts\/151186\/revisions"}],"predecessor-version":[{"id":151187,"href":"https:\/\/www.bellunopress.it\/fr\/wp-json\/wp\/v2\/posts\/151186\/revisions\/151187"}],"wp:featuredmedia":[{"embeddable":true,"href":"https:\/\/www.bellunopress.it\/fr\/wp-json\/wp\/v2\/media\/140638"}],"wp:attachment":[{"href":"https:\/\/www.bellunopress.it\/fr\/wp-json\/wp\/v2\/media?parent=151186"}],"wp:term":[{"taxonomy":"category","embeddable":true,"href":"https:\/\/www.bellunopress.it\/fr\/wp-json\/wp\/v2\/categories?post=151186"},{"taxonomy":"post_tag","embeddable":true,"href":"https:\/\/www.bellunopress.it\/fr\/wp-json\/wp\/v2\/tags?post=151186"}],"curies":[{"name":"wp","href":"https:\/\/api.w.org\/{rel}","templated":true}]}}