{"id":151182,"date":"2024-05-30T06:35:04","date_gmt":"2024-05-30T04:35:04","guid":{"rendered":"https:\/\/www.bellunopress.it\/?p=151182"},"modified":"2024-05-30T06:35:04","modified_gmt":"2024-05-30T04:35:04","slug":"due-appuntamenti-di-sinistra-italiana-belluno-con-i-candidati-al-parlamento-europeo","status":"publish","type":"post","link":"https:\/\/www.bellunopress.it\/fr\/2024\/05\/30\/due-appuntamenti-di-sinistra-italiana-belluno-con-i-candidati-al-parlamento-europeo\/","title":{"rendered":"Due appuntamenti di Sinistra Italiana Belluno con i candidati al Parlamento europeo"},"content":{"rendered":"<p><img loading=\"lazy\" decoding=\"async\" class=\"alignleft size-full wp-image-147264\" src=\"https:\/\/www.bellunopress.it\/wp-content\/uploads\/2024\/01\/Sinistra-italiana-veneto_edited.jpg\" alt=\"\" width=\"960\" height=\"960\" srcset=\"https:\/\/www.bellunopress.it\/wp-content\/uploads\/2024\/01\/Sinistra-italiana-veneto_edited.jpg 960w, https:\/\/www.bellunopress.it\/wp-content\/uploads\/2024\/01\/Sinistra-italiana-veneto_edited-500x500.jpg 500w, https:\/\/www.bellunopress.it\/wp-content\/uploads\/2024\/01\/Sinistra-italiana-veneto_edited-300x300.jpg 300w, https:\/\/www.bellunopress.it\/wp-content\/uploads\/2024\/01\/Sinistra-italiana-veneto_edited-696x696.jpg 696w\" sizes=\"auto, (max-width: 960px) 100vw, 960px\" \/>Venerd\u00ec 31 maggio, alle ore 18:00 all&#8217;Info Caff\u00e8 di Pr\u00e0 del Moro a Feltre si terr\u00e0 l\u2019evento organizzato da Sinistra Italiana Belluno \u201cPace: univa via\u201d. L\u2019iniziativa \u00e8 tesa ad aprire un dibattito sul tema della pace, alla luce dei drammatici conflitti sul suolo europeo e sulle sponde del Mediterraneo, e ad instaurare un dialogo con Emauel Oian, esperto di relazioni internazionali e giovane candidato al parlamento europeo per la circoscrizione nord-orientale nelle liste di Alleanza Verdi-Sinistra.<br \/>\n\u201cPace \u00e8 una parola che \u00e8 diventata un\u2019eresia mentre l\u2019opinione pubblica correva a mettere l\u2019elmetto\u201d- afferma Paolo Perenzin, segretario provinciale di Sinistra Italiana, che curer\u00e0 l\u2019introduzione all\u2019intervento di Oian \u2013\u201c Pace \u00e8 una parola che noi non abbiamo mai smesso di invocare negli ultimi tre anni, continuando a dire, dentro e fuori il Parlamento italiano, che con i proiettili non si ricostruisce la pace, che la guerra non restaura diritti, ma ridefinisce poteri. Pace \u00e8 una parola che abbiamo sempre invocato anche per una terra martoriata come la Palestina, anche prima dei tragici eventi del 7 ottobre scorso e della inaccettabile e criminale vendetta di Netanyahu; perch\u00e9 dobbiamo ricordare che questo dramma nasce molto tempo fa, con la Nakba del 1948 e la costante inosservanza della risoluzione Onu che prevede l\u2019esistenza di due stati autonomi. Pace \u00e8 una parola che vogliamo continuare a pronunciare, perch\u00e9 pensiamo sia l\u2019unica via per costruire una realt\u00e0 migliore: per questo, \u00e8 una delle priorit\u00e0 della nostra agenda politica, che vogliamo portare anche al Parlamento europeo. Per questo, vogliamo discuterne assieme ad Emanuel Oian, giovanissimo candidato per Alleanza Verdi-Sinistra\u201d conclude Perenzin.<\/p>\n<p>Marted\u00ec 4 Giugno sar\u00e0 in provincia di Belluno Jessica Cugini, consigliera comunale di Verona, giornalista di \u201cNigrizia\u201d e candidata al Parlamento europeo nella circoscrizione nord-orientale per Alleanza Verdi-Sinistra. Alle 11.30, al bar \u201cL\u2019insolita Storia\u201d di Belluno Cugini presenzier\u00e0 all\u2019aperitivo-incontro con gli elettori dal titolo \u201cPrima gli esseri umani. Esportare il modello Riace in Europa\u201d nel quale tratter\u00e0 della sua esperienza nell\u2019ambito dell\u2019accoglienza e di come intende metterla al centro dell\u2019agenda europea. Alle 12:00, nello stesso luogo, \u00e8 previsto l\u2019incontro aperto alla stampa.<br \/>\n\u201cMentre governi di centrodestra e anche di centrosinistra emanavano leggi disumane per criminalizzare l\u2019accoglienza e firmavano accordi con la sedicente guardia costiera libica per finanziare centri di detenzione-lager, c\u2019era chi andava in direzione ostinata e contraria, dando vita a isole di solidariet\u00e0. \u00c8 il caso di Mimmo Lucano, che ha fatto del piccolo borgo di Riace in Calabria un villaggio globale di umanit\u00e0, creando un modello che era dimostrazione concreta della possibilit\u00e0 e della ricchezza di una comunit\u00e0 plurale, anche a costo di infrangere delle leggi insensate. \u00c8 anche la storia della rivista \u201cNigrizia\u201d e dei missionari comboniani di padre Alex Zanotelli, che da decenni si spendono per gli oppressi e per chi \u00e8 in difficolt\u00e0 nei quattro angoli del globo; di questa storia fa parte Jessica Cugini, che \u00e8 una di quelle straordinarie persone che hanno fatto della cura dell\u2019Altro la propria ragione di vita- commenta Perenzin. \u201cJessica incarna pienamente quella idea di Europa che abbiamo noi di Alleanza Verdi-Sinistra, che \u00e8 diametralmente opposta a quella mortifera e crudele dei respingimenti, dei muri, delle barriere fisiche e mentali della destra. La nostra Europa assomiglia allo spirito dei comboniani di Zanotelli e vuole replicare su scala europea la bellissima vicenda del borgo di Riace. Per farlo, vogliamo portare al Parlamento europeo Mimmo Lucano e Jessica Cugini.\u201d<\/p>","protected":false},"excerpt":{"rendered":"<p>Venerd\u00ec 31 maggio, alle ore 18:00 all&#8217;Info Caff\u00e8 di Pr\u00e0 del Moro a Feltre si terr\u00e0 l\u2019evento organizzato da Sinistra Italiana Belluno \u201cPace: univa via\u201d. L\u2019iniziativa \u00e8 tesa ad aprire un dibattito sul tema della pace, alla luce dei drammatici conflitti sul suolo europeo e sulle sponde del Mediterraneo, e ad instaurare un dialogo con [&hellip;]<\/p>\n","protected":false},"author":2,"featured_media":147264,"comment_status":"closed","ping_status":"open","sticky":false,"template":"","format":"standard","meta":{"footnotes":""},"categories":[5],"tags":[],"class_list":["post-151182","post","type-post","status-publish","format-standard","has-post-thumbnail","category-cronaca"],"yoast_head":"<!-- This site is optimized with the Yoast SEO plugin v28.4 - https:\/\/yoast.com\/product\/yoast-seo-wordpress\/ -->\n<title>Due appuntamenti di Sinistra Italiana Belluno con i candidati al Parlamento europeo - Bellunopress - Dolomiti<\/title>\n<meta name=\"robots\" content=\"index, follow, max-snippet:-1, max-image-preview:large, max-video-preview:-1\" \/>\n<link rel=\"canonical\" href=\"https:\/\/www.bellunopress.it\/fr\/2024\/05\/30\/due-appuntamenti-di-sinistra-italiana-belluno-con-i-candidati-al-parlamento-europeo\/\" \/>\n<meta property=\"og:locale\" content=\"fr_FR\" \/>\n<meta property=\"og:type\" content=\"article\" \/>\n<meta property=\"og:title\" content=\"Due appuntamenti di Sinistra Italiana Belluno con i candidati al Parlamento europeo - Bellunopress - Dolomiti\" \/>\n<meta property=\"og:description\" content=\"Venerd\u00ec 31 maggio, alle ore 18:00 all&#8217;Info Caff\u00e8 di Pr\u00e0 del Moro a Feltre si terr\u00e0 l\u2019evento organizzato da Sinistra Italiana Belluno \u201cPace: univa via\u201d. L\u2019iniziativa \u00e8 tesa ad aprire un dibattito sul tema della pace, alla luce dei drammatici conflitti sul suolo europeo e sulle sponde del Mediterraneo, e ad instaurare un dialogo con [&hellip;]\" \/>\n<meta property=\"og:url\" content=\"https:\/\/www.bellunopress.it\/fr\/2024\/05\/30\/due-appuntamenti-di-sinistra-italiana-belluno-con-i-candidati-al-parlamento-europeo\/\" \/>\n<meta property=\"og:site_name\" content=\"Bellunopress - Dolomiti\" \/>\n<meta property=\"article:publisher\" content=\"https:\/\/www.facebook.com\/profile.php?id=100008943462799\" \/>\n<meta property=\"article:published_time\" content=\"2024-05-30T04:35:04+00:00\" \/>\n<meta property=\"og:image\" content=\"https:\/\/www.bellunopress.it\/wp-content\/uploads\/2024\/01\/Sinistra-italiana-veneto_edited.jpg\" \/>\n\t<meta property=\"og:image:width\" content=\"960\" \/>\n\t<meta property=\"og:image:height\" content=\"960\" \/>\n\t<meta property=\"og:image:type\" content=\"image\/jpeg\" \/>\n<meta name=\"author\" content=\"redazione\" \/>\n<meta name=\"twitter:card\" content=\"summary_large_image\" \/>\n<meta name=\"twitter:creator\" content=\"@bellunopress\" \/>\n<meta name=\"twitter:site\" content=\"@bellunopress\" \/>\n<meta name=\"twitter:label1\" content=\"\u00c9crit par\" \/>\n\t<meta name=\"twitter:data1\" content=\"redazione\" \/>\n\t<meta name=\"twitter:label2\" content=\"Dur\u00e9e de lecture estim\u00e9e\" \/>\n\t<meta name=\"twitter:data2\" content=\"3 minutes\" \/>\n<script type=\"application\/ld+json\" class=\"yoast-schema-graph\">{\"@context\":\"https:\\\/\\\/schema.org\",\"@graph\":[{\"@type\":\"Article\",\"@id\":\"https:\\\/\\\/www.bellunopress.it\\\/2024\\\/05\\\/30\\\/due-appuntamenti-di-sinistra-italiana-belluno-con-i-candidati-al-parlamento-europeo\\\/#article\",\"isPartOf\":{\"@id\":\"https:\\\/\\\/www.bellunopress.it\\\/2024\\\/05\\\/30\\\/due-appuntamenti-di-sinistra-italiana-belluno-con-i-candidati-al-parlamento-europeo\\\/\"},\"author\":{\"name\":\"redazione\",\"@id\":\"https:\\\/\\\/www.bellunopress.it\\\/#\\\/schema\\\/person\\\/79bb06722b37ece1c03d3e94beb30d73\"},\"headline\":\"Due appuntamenti di Sinistra Italiana Belluno con i candidati al Parlamento europeo\",\"datePublished\":\"2024-05-30T04:35:04+00:00\",\"mainEntityOfPage\":{\"@id\":\"https:\\\/\\\/www.bellunopress.it\\\/2024\\\/05\\\/30\\\/due-appuntamenti-di-sinistra-italiana-belluno-con-i-candidati-al-parlamento-europeo\\\/\"},\"wordCount\":571,\"publisher\":{\"@id\":\"https:\\\/\\\/www.bellunopress.it\\\/#organization\"},\"image\":{\"@id\":\"https:\\\/\\\/www.bellunopress.it\\\/2024\\\/05\\\/30\\\/due-appuntamenti-di-sinistra-italiana-belluno-con-i-candidati-al-parlamento-europeo\\\/#primaryimage\"},\"thumbnailUrl\":\"https:\\\/\\\/www.bellunopress.it\\\/wp-content\\\/uploads\\\/2024\\\/01\\\/Sinistra-italiana-veneto_edited.jpg\",\"articleSection\":[\"Cronaca\\\/Politica\"],\"inLanguage\":\"fr-FR\"},{\"@type\":\"WebPage\",\"@id\":\"https:\\\/\\\/www.bellunopress.it\\\/2024\\\/05\\\/30\\\/due-appuntamenti-di-sinistra-italiana-belluno-con-i-candidati-al-parlamento-europeo\\\/\",\"url\":\"https:\\\/\\\/www.bellunopress.it\\\/2024\\\/05\\\/30\\\/due-appuntamenti-di-sinistra-italiana-belluno-con-i-candidati-al-parlamento-europeo\\\/\",\"name\":\"Due appuntamenti di Sinistra Italiana Belluno con i candidati al Parlamento europeo - Bellunopress - Dolomiti\",\"isPartOf\":{\"@id\":\"https:\\\/\\\/www.bellunopress.it\\\/#website\"},\"primaryImageOfPage\":{\"@id\":\"https:\\\/\\\/www.bellunopress.it\\\/2024\\\/05\\\/30\\\/due-appuntamenti-di-sinistra-italiana-belluno-con-i-candidati-al-parlamento-europeo\\\/#primaryimage\"},\"image\":{\"@id\":\"https:\\\/\\\/www.bellunopress.it\\\/2024\\\/05\\\/30\\\/due-appuntamenti-di-sinistra-italiana-belluno-con-i-candidati-al-parlamento-europeo\\\/#primaryimage\"},\"thumbnailUrl\":\"https:\\\/\\\/www.bellunopress.it\\\/wp-content\\\/uploads\\\/2024\\\/01\\\/Sinistra-italiana-veneto_edited.jpg\",\"datePublished\":\"2024-05-30T04:35:04+00:00\",\"breadcrumb\":{\"@id\":\"https:\\\/\\\/www.bellunopress.it\\\/2024\\\/05\\\/30\\\/due-appuntamenti-di-sinistra-italiana-belluno-con-i-candidati-al-parlamento-europeo\\\/#breadcrumb\"},\"inLanguage\":\"fr-FR\",\"potentialAction\":[{\"@type\":\"ReadAction\",\"target\":[\"https:\\\/\\\/www.bellunopress.it\\\/2024\\\/05\\\/30\\\/due-appuntamenti-di-sinistra-italiana-belluno-con-i-candidati-al-parlamento-europeo\\\/\"]}]},{\"@type\":\"ImageObject\",\"inLanguage\":\"fr-FR\",\"@id\":\"https:\\\/\\\/www.bellunopress.it\\\/2024\\\/05\\\/30\\\/due-appuntamenti-di-sinistra-italiana-belluno-con-i-candidati-al-parlamento-europeo\\\/#primaryimage\",\"url\":\"https:\\\/\\\/www.bellunopress.it\\\/wp-content\\\/uploads\\\/2024\\\/01\\\/Sinistra-italiana-veneto_edited.jpg\",\"contentUrl\":\"https:\\\/\\\/www.bellunopress.it\\\/wp-content\\\/uploads\\\/2024\\\/01\\\/Sinistra-italiana-veneto_edited.jpg\",\"width\":960,\"height\":960},{\"@type\":\"BreadcrumbList\",\"@id\":\"https:\\\/\\\/www.bellunopress.it\\\/2024\\\/05\\\/30\\\/due-appuntamenti-di-sinistra-italiana-belluno-con-i-candidati-al-parlamento-europeo\\\/#breadcrumb\",\"itemListElement\":[{\"@type\":\"ListItem\",\"position\":1,\"name\":\"Home\",\"item\":\"https:\\\/\\\/www.bellunopress.it\\\/\"},{\"@type\":\"ListItem\",\"position\":2,\"name\":\"Due appuntamenti di Sinistra Italiana Belluno con i candidati al Parlamento europeo\"}]},{\"@type\":\"WebSite\",\"@id\":\"https:\\\/\\\/www.bellunopress.it\\\/#website\",\"url\":\"https:\\\/\\\/www.bellunopress.it\\\/\",\"name\":\"Bellunopress - Dolomiti\",\"description\":\"e-mail: redazione@bellunopress.it\",\"publisher\":{\"@id\":\"https:\\\/\\\/www.bellunopress.it\\\/#organization\"},\"potentialAction\":[{\"@type\":\"SearchAction\",\"target\":{\"@type\":\"EntryPoint\",\"urlTemplate\":\"https:\\\/\\\/www.bellunopress.it\\\/?s={search_term_string}\"},\"query-input\":{\"@type\":\"PropertyValueSpecification\",\"valueRequired\":true,\"valueName\":\"search_term_string\"}}],\"inLanguage\":\"fr-FR\"},{\"@type\":\"Organization\",\"@id\":\"https:\\\/\\\/www.bellunopress.it\\\/#organization\",\"name\":\"Bellunopress\",\"url\":\"https:\\\/\\\/www.bellunopress.it\\\/\",\"logo\":{\"@type\":\"ImageObject\",\"inLanguage\":\"fr-FR\",\"@id\":\"https:\\\/\\\/www.bellunopress.it\\\/#\\\/schema\\\/logo\\\/image\\\/\",\"url\":\"https:\\\/\\\/www.bellunopress.it\\\/wp-content\\\/uploads\\\/2011\\\/05\\\/cropped-logo-bellunopress-.jpg\",\"contentUrl\":\"https:\\\/\\\/www.bellunopress.it\\\/wp-content\\\/uploads\\\/2011\\\/05\\\/cropped-logo-bellunopress-.jpg\",\"width\":512,\"height\":512,\"caption\":\"Bellunopress\"},\"image\":{\"@id\":\"https:\\\/\\\/www.bellunopress.it\\\/#\\\/schema\\\/logo\\\/image\\\/\"},\"sameAs\":[\"https:\\\/\\\/www.facebook.com\\\/profile.php?id=100008943462799\",\"https:\\\/\\\/x.com\\\/bellunopress\",\"https:\\\/\\\/www.linkedin.com\\\/hp\\\/?dnr=JBzUWaJfMUw8vbXJJ2tVW5-I3jZKvC4wsoxE&amp;amp;amp;amp;amp;amp;trk=nav_responsive_tab_home\",\"https:\\\/\\\/www.youtube.com\\\/channel\\\/UCxL0wu1uN0_3_7hGG0306cw\"]},{\"@type\":\"Person\",\"@id\":\"https:\\\/\\\/www.bellunopress.it\\\/#\\\/schema\\\/person\\\/79bb06722b37ece1c03d3e94beb30d73\",\"name\":\"redazione\",\"image\":{\"@type\":\"ImageObject\",\"inLanguage\":\"fr-FR\",\"@id\":\"https:\\\/\\\/secure.gravatar.com\\\/avatar\\\/37d968a2e67a6fd04c169c4bdef102d0bc5d31b2546345219e348575eb80e9a0?s=96&d=mm&r=g\",\"url\":\"https:\\\/\\\/secure.gravatar.com\\\/avatar\\\/37d968a2e67a6fd04c169c4bdef102d0bc5d31b2546345219e348575eb80e9a0?s=96&d=mm&r=g\",\"contentUrl\":\"https:\\\/\\\/secure.gravatar.com\\\/avatar\\\/37d968a2e67a6fd04c169c4bdef102d0bc5d31b2546345219e348575eb80e9a0?s=96&d=mm&r=g\",\"caption\":\"redazione\"},\"sameAs\":[\"http:\\\/\\\/www.bellunopress.it\",\"https:\\\/\\\/x.com\\\/bellunopress\"],\"url\":\"https:\\\/\\\/www.bellunopress.it\\\/fr\\\/author\\\/redazione\\\/\"}]}<\/script>\n<!-- \/ Yoast SEO plugin. -->","yoast_head_json":{"title":"Due appuntamenti di Sinistra Italiana Belluno con i candidati al Parlamento europeo - Bellunopress - Dolomiti","robots":{"index":"index","follow":"follow","max-snippet":"max-snippet:-1","max-image-preview":"max-image-preview:large","max-video-preview":"max-video-preview:-1"},"canonical":"https:\/\/www.bellunopress.it\/fr\/2024\/05\/30\/due-appuntamenti-di-sinistra-italiana-belluno-con-i-candidati-al-parlamento-europeo\/","og_locale":"fr_FR","og_type":"article","og_title":"Due appuntamenti di Sinistra Italiana Belluno con i candidati al Parlamento europeo - Bellunopress - Dolomiti","og_description":"Venerd\u00ec 31 maggio, alle ore 18:00 all&#8217;Info Caff\u00e8 di Pr\u00e0 del Moro a Feltre si terr\u00e0 l\u2019evento organizzato da Sinistra Italiana Belluno \u201cPace: univa via\u201d. L\u2019iniziativa \u00e8 tesa ad aprire un dibattito sul tema della pace, alla luce dei drammatici conflitti sul suolo europeo e sulle sponde del Mediterraneo, e ad instaurare un dialogo con [&hellip;]","og_url":"https:\/\/www.bellunopress.it\/fr\/2024\/05\/30\/due-appuntamenti-di-sinistra-italiana-belluno-con-i-candidati-al-parlamento-europeo\/","og_site_name":"Bellunopress - Dolomiti","article_publisher":"https:\/\/www.facebook.com\/profile.php?id=100008943462799","article_published_time":"2024-05-30T04:35:04+00:00","og_image":[{"width":960,"height":960,"url":"https:\/\/www.bellunopress.it\/wp-content\/uploads\/2024\/01\/Sinistra-italiana-veneto_edited.jpg","type":"image\/jpeg"}],"author":"redazione","twitter_card":"summary_large_image","twitter_creator":"@bellunopress","twitter_site":"@bellunopress","twitter_misc":{"\u00c9crit par":"redazione","Dur\u00e9e de lecture estim\u00e9e":"3 minutes"},"schema":{"@context":"https:\/\/schema.org","@graph":[{"@type":"Article","@id":"https:\/\/www.bellunopress.it\/2024\/05\/30\/due-appuntamenti-di-sinistra-italiana-belluno-con-i-candidati-al-parlamento-europeo\/#article","isPartOf":{"@id":"https:\/\/www.bellunopress.it\/2024\/05\/30\/due-appuntamenti-di-sinistra-italiana-belluno-con-i-candidati-al-parlamento-europeo\/"},"author":{"name":"redazione","@id":"https:\/\/www.bellunopress.it\/#\/schema\/person\/79bb06722b37ece1c03d3e94beb30d73"},"headline":"Due appuntamenti di Sinistra Italiana Belluno con i candidati al Parlamento europeo","datePublished":"2024-05-30T04:35:04+00:00","mainEntityOfPage":{"@id":"https:\/\/www.bellunopress.it\/2024\/05\/30\/due-appuntamenti-di-sinistra-italiana-belluno-con-i-candidati-al-parlamento-europeo\/"},"wordCount":571,"publisher":{"@id":"https:\/\/www.bellunopress.it\/#organization"},"image":{"@id":"https:\/\/www.bellunopress.it\/2024\/05\/30\/due-appuntamenti-di-sinistra-italiana-belluno-con-i-candidati-al-parlamento-europeo\/#primaryimage"},"thumbnailUrl":"https:\/\/www.bellunopress.it\/wp-content\/uploads\/2024\/01\/Sinistra-italiana-veneto_edited.jpg","articleSection":["Cronaca\/Politica"],"inLanguage":"fr-FR"},{"@type":"WebPage","@id":"https:\/\/www.bellunopress.it\/2024\/05\/30\/due-appuntamenti-di-sinistra-italiana-belluno-con-i-candidati-al-parlamento-europeo\/","url":"https:\/\/www.bellunopress.it\/2024\/05\/30\/due-appuntamenti-di-sinistra-italiana-belluno-con-i-candidati-al-parlamento-europeo\/","name":"Due appuntamenti di Sinistra Italiana Belluno con i candidati al Parlamento europeo - Bellunopress - Dolomiti","isPartOf":{"@id":"https:\/\/www.bellunopress.it\/#website"},"primaryImageOfPage":{"@id":"https:\/\/www.bellunopress.it\/2024\/05\/30\/due-appuntamenti-di-sinistra-italiana-belluno-con-i-candidati-al-parlamento-europeo\/#primaryimage"},"image":{"@id":"https:\/\/www.bellunopress.it\/2024\/05\/30\/due-appuntamenti-di-sinistra-italiana-belluno-con-i-candidati-al-parlamento-europeo\/#primaryimage"},"thumbnailUrl":"https:\/\/www.bellunopress.it\/wp-content\/uploads\/2024\/01\/Sinistra-italiana-veneto_edited.jpg","datePublished":"2024-05-30T04:35:04+00:00","breadcrumb":{"@id":"https:\/\/www.bellunopress.it\/2024\/05\/30\/due-appuntamenti-di-sinistra-italiana-belluno-con-i-candidati-al-parlamento-europeo\/#breadcrumb"},"inLanguage":"fr-FR","potentialAction":[{"@type":"ReadAction","target":["https:\/\/www.bellunopress.it\/2024\/05\/30\/due-appuntamenti-di-sinistra-italiana-belluno-con-i-candidati-al-parlamento-europeo\/"]}]},{"@type":"ImageObject","inLanguage":"fr-FR","@id":"https:\/\/www.bellunopress.it\/2024\/05\/30\/due-appuntamenti-di-sinistra-italiana-belluno-con-i-candidati-al-parlamento-europeo\/#primaryimage","url":"https:\/\/www.bellunopress.it\/wp-content\/uploads\/2024\/01\/Sinistra-italiana-veneto_edited.jpg","contentUrl":"https:\/\/www.bellunopress.it\/wp-content\/uploads\/2024\/01\/Sinistra-italiana-veneto_edited.jpg","width":960,"height":960},{"@type":"BreadcrumbList","@id":"https:\/\/www.bellunopress.it\/2024\/05\/30\/due-appuntamenti-di-sinistra-italiana-belluno-con-i-candidati-al-parlamento-europeo\/#breadcrumb","itemListElement":[{"@type":"ListItem","position":1,"name":"Home","item":"https:\/\/www.bellunopress.it\/"},{"@type":"ListItem","position":2,"name":"Due appuntamenti di Sinistra Italiana Belluno con i candidati al Parlamento europeo"}]},{"@type":"WebSite","@id":"https:\/\/www.bellunopress.it\/#website","url":"https:\/\/www.bellunopress.it\/","name":"Bellunopress - Dolomiti","description":"e-mail: redazione@bellunopress.it","publisher":{"@id":"https:\/\/www.bellunopress.it\/#organization"},"potentialAction":[{"@type":"SearchAction","target":{"@type":"EntryPoint","urlTemplate":"https:\/\/www.bellunopress.it\/?s={search_term_string}"},"query-input":{"@type":"PropertyValueSpecification","valueRequired":true,"valueName":"search_term_string"}}],"inLanguage":"fr-FR"},{"@type":"Organization","@id":"https:\/\/www.bellunopress.it\/#organization","name":"Bellunopress","url":"https:\/\/www.bellunopress.it\/","logo":{"@type":"ImageObject","inLanguage":"fr-FR","@id":"https:\/\/www.bellunopress.it\/#\/schema\/logo\/image\/","url":"https:\/\/www.bellunopress.it\/wp-content\/uploads\/2011\/05\/cropped-logo-bellunopress-.jpg","contentUrl":"https:\/\/www.bellunopress.it\/wp-content\/uploads\/2011\/05\/cropped-logo-bellunopress-.jpg","width":512,"height":512,"caption":"Bellunopress"},"image":{"@id":"https:\/\/www.bellunopress.it\/#\/schema\/logo\/image\/"},"sameAs":["https:\/\/www.facebook.com\/profile.php?id=100008943462799","https:\/\/x.com\/bellunopress","https:\/\/www.linkedin.com\/hp\/?dnr=JBzUWaJfMUw8vbXJJ2tVW5-I3jZKvC4wsoxE&amp;amp;amp;amp;amp;amp;trk=nav_responsive_tab_home","https:\/\/www.youtube.com\/channel\/UCxL0wu1uN0_3_7hGG0306cw"]},{"@type":"Person","@id":"https:\/\/www.bellunopress.it\/#\/schema\/person\/79bb06722b37ece1c03d3e94beb30d73","name":"r\u00e9daction","image":{"@type":"ImageObject","inLanguage":"fr-FR","@id":"https:\/\/secure.gravatar.com\/avatar\/37d968a2e67a6fd04c169c4bdef102d0bc5d31b2546345219e348575eb80e9a0?s=96&d=mm&r=g","url":"https:\/\/secure.gravatar.com\/avatar\/37d968a2e67a6fd04c169c4bdef102d0bc5d31b2546345219e348575eb80e9a0?s=96&d=mm&r=g","contentUrl":"https:\/\/secure.gravatar.com\/avatar\/37d968a2e67a6fd04c169c4bdef102d0bc5d31b2546345219e348575eb80e9a0?s=96&d=mm&r=g","caption":"redazione"},"sameAs":["http:\/\/www.bellunopress.it","https:\/\/x.com\/bellunopress"],"url":"https:\/\/www.bellunopress.it\/fr\/author\/redazione\/"}]}},"_links":{"self":[{"href":"https:\/\/www.bellunopress.it\/fr\/wp-json\/wp\/v2\/posts\/151182","targetHints":{"allow":["GET"]}}],"collection":[{"href":"https:\/\/www.bellunopress.it\/fr\/wp-json\/wp\/v2\/posts"}],"about":[{"href":"https:\/\/www.bellunopress.it\/fr\/wp-json\/wp\/v2\/types\/post"}],"author":[{"embeddable":true,"href":"https:\/\/www.bellunopress.it\/fr\/wp-json\/wp\/v2\/users\/2"}],"replies":[{"embeddable":true,"href":"https:\/\/www.bellunopress.it\/fr\/wp-json\/wp\/v2\/comments?post=151182"}],"version-history":[{"count":1,"href":"https:\/\/www.bellunopress.it\/fr\/wp-json\/wp\/v2\/posts\/151182\/revisions"}],"predecessor-version":[{"id":151183,"href":"https:\/\/www.bellunopress.it\/fr\/wp-json\/wp\/v2\/posts\/151182\/revisions\/151183"}],"wp:featuredmedia":[{"embeddable":true,"href":"https:\/\/www.bellunopress.it\/fr\/wp-json\/wp\/v2\/media\/147264"}],"wp:attachment":[{"href":"https:\/\/www.bellunopress.it\/fr\/wp-json\/wp\/v2\/media?parent=151182"}],"wp:term":[{"taxonomy":"category","embeddable":true,"href":"https:\/\/www.bellunopress.it\/fr\/wp-json\/wp\/v2\/categories?post=151182"},{"taxonomy":"post_tag","embeddable":true,"href":"https:\/\/www.bellunopress.it\/fr\/wp-json\/wp\/v2\/tags?post=151182"}],"curies":[{"name":"wp","href":"https:\/\/api.w.org\/{rel}","templated":true}]}}