{"id":151180,"date":"2024-05-29T20:50:18","date_gmt":"2024-05-29T18:50:18","guid":{"rendered":"https:\/\/www.bellunopress.it\/?p=151180"},"modified":"2024-05-29T20:50:18","modified_gmt":"2024-05-29T18:50:18","slug":"il-ruolo-del-comitato-per-la-promozione-dellimprenditoria-femminile-della-camera-di-commercio-di-treviso-bellunodolomiti","status":"publish","type":"post","link":"https:\/\/www.bellunopress.it\/fr\/2024\/05\/29\/il-ruolo-del-comitato-per-la-promozione-dellimprenditoria-femminile-della-camera-di-commercio-di-treviso-bellunodolomiti\/","title":{"rendered":"Il ruolo del Comitato per la promozione dell\u2019Imprenditoria Femminile della Camera di Commercio di Treviso \u2013 Belluno|Dolomiti"},"content":{"rendered":"<figure id=\"attachment_112738\" aria-describedby=\"caption-attachment-112738\" style=\"width: 900px\" class=\"wp-caption alignleft\"><img loading=\"lazy\" decoding=\"async\" class=\"size-full wp-image-112738\" src=\"https:\/\/www.bellunopress.it\/wp-content\/uploads\/2020\/03\/camera-commercio-1.jpg\" alt=\"\" width=\"900\" height=\"506\" srcset=\"https:\/\/www.bellunopress.it\/wp-content\/uploads\/2020\/03\/camera-commercio-1.jpg 900w, https:\/\/www.bellunopress.it\/wp-content\/uploads\/2020\/03\/camera-commercio-1-500x281.jpg 500w, https:\/\/www.bellunopress.it\/wp-content\/uploads\/2020\/03\/camera-commercio-1-696x391.jpg 696w, https:\/\/www.bellunopress.it\/wp-content\/uploads\/2020\/03\/camera-commercio-1-747x420.jpg 747w\" sizes=\"auto, (max-width: 900px) 100vw, 900px\" \/><figcaption id=\"caption-attachment-112738\" class=\"wp-caption-text\">Camera di Commercio di Treviso e Belluno Dolomiti &#8211; Sede di Belluno<\/figcaption><\/figure>\n<p>Belluno, 29 Maggio 2024. Ha avuto luogo stamane nella sede di Belluno della Camera di Commercio l&#8217;incontro riguardante le novit\u00e0 del Comitato dell\u2019Imprenditoria Femminile e i dati economici del fare impresa al femminile.<\/p>\n<p>Si definiscono imprese femminili le imprese dove l\u2019imprenditore individuale \u00e8 donna o, nel caso di societ\u00e0, la partecipazione di donne risulta superiore al 50% mediando fra quote di partecipazione al capitale sociale e cariche amministrative attribuite.<br \/>\nMa chi le rappresenta e quali sono le attivit\u00e0 messe in campo a favore delle imprenditrici?<\/p>\n<p>I momenti di incontro e condivisione &#8211; evidenzia la Presidente del Comitato per la promozione dell\u2019Imprenditoria Femminile Barbara Barbon &#8211; sono sempre momenti costruttivi. Il Comitato con questa occasione di confronto, si presenta ai portatori di interesse di un territorio, quello bellunese, &#8220;speciale&#8221;, ricco di peculiarit\u00e0 e opportunit\u00e0, coniugando progettualit\u00e0 a favore dell&#8217;\u201dimprenditoria donna\u201d che \u00e8, e continua ad essere, volano importante e trasversale di crescita economica e sociale del Paese.<\/p>\n<p>Le imprese femminili sono una componente importante della nostra economia territoriale &#8211; sottolinea con i dati il Presidente della Camera di Commercio di Treviso \u2013 Belluno|Dolomiti Mario Pozza -. Il bilancio della demografia d\u2019impresa al 31 dicembre 2023 vede, per Treviso e Belluno, in valori assoluti 18.558 imprese attive condotte principalmente da donne. Nelle 2.833 imprese bellunesi guidate da donne trovano impiego oltre 8 mila addetti d\u2019impresa, pari al 12,7% del totale degli addetti provinciali, mentre nelle 15.725 imprese trevigiane trovano impiego quasi 42 mila addetti d\u2019impresa (pari al 12,7% degli addetti complessivi provinciali). &#8220;Sono lieto &#8211; conclude il Presidente Pozza \u2013 che durante la mia presidenza, il Comitato per la promozione dell\u2019Imprenditoria Femminile sia operativo presso la Camera di Commercio, la casa delle imprese, sin dal 2000, e che il suo mandato sia stato rinnovato per il quinquennio 2022-2026. Ne sottolineo l&#8217;importanza e la rappresentativit\u00e0, poich\u00e9 \u00e8 composto da 1 rappresentante del Consiglio camerale e da ben 13 membri che rappresentano le associazioni di categoria, vero motore a sostegno dell\u2019economia.<\/p>\n<p>Ci troviamo in un contesto di crescita della partecipazione delle donne al mercato del lavoro \u2013 sottolinea Letizia Bertazzon, Osservatorio regionale Mercato del lavoro-. Nel corso degli anni sono aumentati i tassi di occupazione, oggi ai massimi, tuttavia ancora lontani da quelli rilevati per gli uomini (e dalla media EU). Nel lavoro dipendente continua a rafforzarsi il numero delle posizioni di lavoro delle donne, cresciute nel corso degli ultimi anni (al netto degli effetti della pandemia) con intensit\u00e0 superiore a quella degli uomini.<\/p>\n<p>La Presidente del Comitato \u00e8 Barbara Barbon e le due Vice Presidenti sono: Lorenza Orzes e Moira Fontana.<\/p>\n<p>Le componenti rappresentano tutti i settori economici. Nel dettaglio Ilaria Pempinella con la Presidente Barbon e le Vice Presidenti Orzes e Fontana sono in rappresentanza del settore artigiano. Il settore commercio-servizi \u00e8 rappresentato da Valentina Cremona e Edda Francesconi Sartori. Il settore agricoltura vede la rappresentanza di Martina Dal Grande, Silvia Grillo e Chiara Bortolas. Il settore industria \u00e8 rappresentato da Nadia Zampol e Katia Marchesin. Stefania Padoan \u00e8 in rappresentanza del settore assicurazioni-banche, Sara Pasqualin in rappresentanza delle Organizzazioni Sindacali e Ivana Del Pizzol in rappresentanza del Consiglio camerale.<\/p>\n<p><strong>COSA FA IL COMITATO IMPRENDITORIA FEMMINILE<\/strong><br \/>\nIl Comitato opera al fine di promuovere e valorizzare il ruolo delle donne nel mondo<br \/>\nimprenditoriale secondo quanto previsto dal Protocollo d\u2019Intesa, stipulato tra il Ministero delle Imprese e del Made in Italy e l\u2019Unione Italiana delle Camere di commercio. In particolare ha il compito di:<br \/>\n\u2022 operare, nell\u2019ambito della programmazione delle attivit\u00e0 camerali e d\u2019intesa con le Camere per lo sviluppo e la qualificazione della presenza delle donne nel mondo dell\u2019imprenditoria secondo i principi del mainstreaming e dell\u2019empowerment;<br \/>\n\u2022 partecipare alle attivit\u00e0 delle Camere coniugando lo sviluppo dell\u2019imprenditoria locale in un\u2019ottica di genere;<br \/>\n\u2022 promuovere indagini conoscitive sulla realt\u00e0 imprenditoriale locale, per individuare opportunit\u00e0 di accesso e di promozione delle donne nel mondo del lavoro e dell\u2019imprenditoria in particolare;<br \/>\n\u2022 promuovere iniziative per lo sviluppo dell\u2019imprenditoria femminile, anche tramite specifiche attivit\u00e0 di informazione, formazione imprenditoriale e professionale e servizi di assistenza manageriale mirata, anche utilizzando le tecnologie dell\u2019informazione e della comunicazione;<br \/>\n\u2022 attivare iniziative volte a facilitare l\u2019accesso al credito;<br \/>\n\u2022 curare la divulgazione nel territorio delle iniziative e delle attivit\u00e0 di ricerca e studio sullo sviluppo locale promosse dalle Camere di commercio;<br \/>\n\u2022 proporre iniziative, anche in collaborazione con soggetti terzi che svolgono attivit\u00e0 di promozione e sostegno all\u2019imprenditoria femminile;<br \/>\n\u2022 costruire relazioni con il mondo dell\u2019istruzione e della formazione, comprese scuole, Universit\u00e0 e Istituti di ricerca per promuovere progetti innovativi che favoriscano le pari opportunit\u00e0 e in particolare valorizzino e qualifichino le imprese gestite da donne;<br \/>\n\u2022 coinvolgere gli stakeholder locali, per far confluire nella programmazione camerale obiettivi inerenti la promozione delle pari opportunit\u00e0 e le politiche di genere.<\/p>\n<p><strong>LE ATTIVITA\u2019 SVOLTE E PROGRAMMATE DAL COMITATO IMPRENDITORIA FEMMINILE<\/strong><br \/>\nLo scorso febbraio la Giunta camerale ha approvato il piano delle attivit\u00e0 denominato \u201cNuove prospettive, stati di cambiamento\u201d da realizzare nel corso del 2024 a fronte delle quali la Giunta camerale ha previsto uno stanziamento pari a \u20ac 20.000,00. Nel corso dei primi mesi dell\u2019anno sono gi\u00e0 state realizzate alcune di queste attivit\u00e0, tra le quali:<br \/>\n\u2022 il 26 gennaio 2024 l\u2019evento di presentazione della ricerca \u201cDonne e imprenditorialit\u00e0: valorizzare la leadership femminile del futuro\u201d organizzata dalla Camera di commercio di Treviso-Belluno, dall\u2019Osservatorio Economico e Sociale, dal Comitato Imprenditoria Femminile di Treviso-Belluno e realizzata con il contributo scientifico dei Ricercatori del Competency Centre dell\u2019Universit\u00e0 Ca\u2019 Foscari di Venezia;<br \/>\n\u2022 tra marzo e aprile 2024 il percorso di Alta Formazione \u201cLa leadership del futuro, la leadership autentica\u201d rivolto alle aspiranti imprenditrici e alle imprenditrici in essere.<br \/>\nPer i prossimi mesi \u00e8 prevista la realizzazione delle seguenti attivit\u00e0:<br \/>\n1. Premio Imprenditoria Femminile, 7^ edizione, \u201cDonna Imprenditrice Visionaria\u201d, a cui seguir\u00e0 l\u2019evento di premiazione delle vincitrici;<br \/>\n2. tappa regionale del \u201cGiro d\u2019Italia delle Donne che fanno impresa\u201d con la regia di Unioncamere del Veneto e la collaborazione dei Comitati veneti;<br \/>\n3. Convegno sul Microcredito di Libert\u00e0 con la regia di Unioncamere del Veneto e la collaborazione dei Comitati veneti.<\/p>\n<p><strong>I DATI<\/strong><\/p>\n<p><em>Le imprese femminili in provincia di Belluno al 31 dicembre 2023<\/em><br \/>\n<em>Consistenza e dinamica delle imprese. Principali caratteristiche per classe di addetti, per forma giuridica e per settori<\/em><\/p>\n<p>Al 31 dicembre 2023 le imprese femminili attive nella provincia di Belluno ammontano a 2.833 unit\u00e0, consistenza che rappresenta il 21% del totale delle sedi attive ed \u00e8 una quota che si mantiene stabile nell\u2019ultimo quinquennio (era del 20,9% a dicembre 2018).<br \/>\nNelle imprese bellunesi guidate da donne trovano impiego oltre 8 mila addetti d\u2019impresa, pari al 12,7% del totale degli addetti provinciali.<br \/>\nLe imprese \u00abin rosa\u00bb possono contare in media su una dotazione organica di 3,3 addetti (valore calcolato escludendo dal conteggio il sottoinsieme di imprese che non ha addetti o per cui il dato non \u00e8 rilevabile).<br \/>\nDalla scomposizione per classe di addetti si osserva che:<br \/>\n\u2022 quasi 5 mila addetti di imprese femminili (il 62% del totale) sono collocati in una delle 2.305 sedi che con al massimo 9 risorse umane. Per questo sottoinsieme la media \u00e8 di 2,2 addetti per impresa.<br \/>\n\u2022 un quarto degli addetti (oltre 2 mila) sono situati in una delle 126 imprese che hanno fra 10 e 49 unit\u00e0. Qui la media \u00e8 di quasi 17 addetti per impresa.<br \/>\n\u2022 circa 1.000 addetti, infine, fanno riferimento alle 10 imprese di medie dimensioni (da 50 a 240 addetti).<br \/>\nIl confronto sun base annua delle consistenze vede intensificarsi nell\u2019ultimo anno (confronto dicembre 2023 con dicembre 2022) la flessione del numero di imprese femminili: la variazione su base annua \u00e8 di -67 sedi a dicembre 2023 ed era di -34 unit\u00e0 a dicembre 2022. Guardando alla forma giuridica il calo \u00e8 determinato dalle imprese individuali, che rispetto allo scorso anno scendono di -58 sedi, che si aggiungono alle -49 sedi rilevate l\u2019anno precedente.<br \/>\nPrendendo in esame il dettaglio dei settori si osserva che sono commercio al dettaglio (-25 sedi rispetto a dicembre 2022) ed agricoltura (-22) a determinare il grosso della contrazione delle imprese femminili provinciali. Per il commercio al dettaglio il calo \u00e8 strutturale e riguarda anche la componente di imprese non femminili per la quale si contano -61 sedi da dicembre 2022 a dicembre 2023. In controtendenza positiva in particolare le attivit\u00e0 immobiliari che su base annua crescono di +11 imprese femminili.<\/p>\n<p><em>Le imprese femminili in provincia di Treviso al 31 dicembre 2023<\/em><br \/>\n<em>Consistenza e dinamica delle imprese.<\/em><\/p>\n<p>Il bilancio della demografia d\u2019impresa al 31 dicembre 2023 vede, per la Marca trevigiana, un\u2019impresa su cinque a guida (prevalente o esclusiva) femminile.<br \/>\n\u00c8 un rapporto che si mantiene stabile nell\u2019ultimo quinquennio: l\u2019incidenza delle imprese femminili sul totale delle imprese provinciali era del 19,9% a dicembre 2018 ed \u00e8 del 20,2% a fine 2023.<br \/>\nIn valori assoluti si contano 15.725 imprese attive condotte principalmente da donne. In esse trovano impiego quasi 42 mila addetti d\u2019impresa (pari al 12,7% degli addetti complessivi provinciali).<br \/>\nIn media le imprese femminili provinciali possono contare su una dotazione organica di 3,4 addetti dipendenti e\/o indipendenti (il valore \u00e8 calcolato escludendo dal conteggio il sottoinsieme di imprese che non ha addetti o per cui il dato non \u00e8 rilevabile). Se di scompone questo dato aggregato per classe di addetti si osserva che:<br \/>\n\u2022 circa la met\u00e0 degli addetti (oltre 23 mila) trova impiego in una delle 11.672 sedi \u00abin rosa\u00bb con al massimo 9 addetti. In media in questo sottoinsieme si contano 2 addetti per impresa;<br \/>\n\u2022 altre 11.600 risorse sono collocate in una delle 640 imprese di piccole dimensioni (da 10 a 49 addetti). Qui la media \u00e8 di 18 persone per ogni impresa femminile provinciale;<br \/>\n\u2022 quasi 5.600 addetti fanno riferimento a sedi di medie dimensioni (da 50 a 249 addetti). A Treviso sono 60 imprese, guidate principalmente da una compagine al femminile, con in media 93 addetti;<br \/>\n\u2022 pi\u00f9 di 1.500 addetti si distribuiscono infine in una delle 4 imprese femminili con un organico di almeno 250 unit\u00e0.<br \/>\nIl confronto con l\u2019anno precedente vede una diminuzione del numero di imprese femminili provinciali: si contano -447 sedi da dicembre 2022 a dicembre 2023. Dall\u2019analisi per forma giuridica si osserva che la flessione \u00e8 per la maggior parte determinata dalla riduzione delle ditte individuali (-359), in diminuzione anche le societ\u00e0 di persone (-71), stabili le societ\u00e0 di capitali. La flessione dell\u2019ultimo anno \u00e8 condizionata anche da fattori di tipo amministrativo: nel terzo trimestre 2023 sono state cancellate d\u2019ufficio dal Registro delle Imprese un consistente numero di imprese individuali della provincia di Treviso per mancato compimento degli atti di gestione negli ultimi tre anni, ai sensi del DPR n. 247\/2004 (sono oltre 1.600 ditte cancellate, di cui circa sono 270 femminili).<\/p>\n<p>&nbsp;<\/p>\n<p>&nbsp;<\/p>","protected":false},"excerpt":{"rendered":"<p>Belluno, 29 Maggio 2024. Ha avuto luogo stamane nella sede di Belluno della Camera di Commercio l&#8217;incontro riguardante le novit\u00e0 del Comitato dell\u2019Imprenditoria Femminile e i dati economici del fare impresa al femminile. Si definiscono imprese femminili le imprese dove l\u2019imprenditore individuale \u00e8 donna o, nel caso di societ\u00e0, la partecipazione di donne risulta superiore [&hellip;]<\/p>\n","protected":false},"author":2,"featured_media":112738,"comment_status":"closed","ping_status":"open","sticky":false,"template":"","format":"standard","meta":{"footnotes":""},"categories":[36,26],"tags":[],"class_list":["post-151180","post","type-post","status-publish","format-standard","has-post-thumbnail","category-lavoro-economia","category-prima-pagina"],"yoast_head":"<!-- This site is optimized with the Yoast SEO plugin v28.4 - https:\/\/yoast.com\/product\/yoast-seo-wordpress\/ -->\n<title>Il ruolo del Comitato per la promozione dell\u2019Imprenditoria Femminile della Camera di Commercio di Treviso \u2013 Belluno|Dolomiti - Bellunopress - Dolomiti<\/title>\n<meta name=\"robots\" content=\"index, follow, max-snippet:-1, max-image-preview:large, max-video-preview:-1\" \/>\n<link rel=\"canonical\" href=\"https:\/\/www.bellunopress.it\/fr\/2024\/05\/29\/il-ruolo-del-comitato-per-la-promozione-dellimprenditoria-femminile-della-camera-di-commercio-di-treviso-bellunodolomiti\/\" \/>\n<meta property=\"og:locale\" content=\"fr_FR\" \/>\n<meta property=\"og:type\" content=\"article\" \/>\n<meta property=\"og:title\" content=\"Il ruolo del Comitato per la promozione dell\u2019Imprenditoria Femminile della Camera di Commercio di Treviso \u2013 Belluno|Dolomiti - Bellunopress - Dolomiti\" \/>\n<meta property=\"og:description\" content=\"Belluno, 29 Maggio 2024. Ha avuto luogo stamane nella sede di Belluno della Camera di Commercio l&#8217;incontro riguardante le novit\u00e0 del Comitato dell\u2019Imprenditoria Femminile e i dati economici del fare impresa al femminile. Si definiscono imprese femminili le imprese dove l\u2019imprenditore individuale \u00e8 donna o, nel caso di societ\u00e0, la partecipazione di donne risulta superiore [&hellip;]\" \/>\n<meta property=\"og:url\" content=\"https:\/\/www.bellunopress.it\/fr\/2024\/05\/29\/il-ruolo-del-comitato-per-la-promozione-dellimprenditoria-femminile-della-camera-di-commercio-di-treviso-bellunodolomiti\/\" \/>\n<meta property=\"og:site_name\" content=\"Bellunopress - Dolomiti\" \/>\n<meta property=\"article:publisher\" content=\"https:\/\/www.facebook.com\/profile.php?id=100008943462799\" \/>\n<meta property=\"article:published_time\" content=\"2024-05-29T18:50:18+00:00\" \/>\n<meta property=\"og:image\" content=\"https:\/\/www.bellunopress.it\/wp-content\/uploads\/2020\/03\/camera-commercio-1.jpg\" \/>\n\t<meta property=\"og:image:width\" content=\"900\" \/>\n\t<meta property=\"og:image:height\" content=\"506\" \/>\n\t<meta property=\"og:image:type\" content=\"image\/jpeg\" \/>\n<meta name=\"author\" content=\"redazione\" \/>\n<meta name=\"twitter:card\" content=\"summary_large_image\" \/>\n<meta name=\"twitter:creator\" content=\"@bellunopress\" \/>\n<meta name=\"twitter:site\" content=\"@bellunopress\" \/>\n<meta name=\"twitter:label1\" content=\"\u00c9crit par\" \/>\n\t<meta name=\"twitter:data1\" content=\"redazione\" \/>\n\t<meta name=\"twitter:label2\" content=\"Dur\u00e9e de lecture estim\u00e9e\" \/>\n\t<meta name=\"twitter:data2\" content=\"9 minutes\" \/>\n<script type=\"application\/ld+json\" class=\"yoast-schema-graph\">{\"@context\":\"https:\\\/\\\/schema.org\",\"@graph\":[{\"@type\":\"Article\",\"@id\":\"https:\\\/\\\/www.bellunopress.it\\\/2024\\\/05\\\/29\\\/il-ruolo-del-comitato-per-la-promozione-dellimprenditoria-femminile-della-camera-di-commercio-di-treviso-bellunodolomiti\\\/#article\",\"isPartOf\":{\"@id\":\"https:\\\/\\\/www.bellunopress.it\\\/2024\\\/05\\\/29\\\/il-ruolo-del-comitato-per-la-promozione-dellimprenditoria-femminile-della-camera-di-commercio-di-treviso-bellunodolomiti\\\/\"},\"author\":{\"name\":\"redazione\",\"@id\":\"https:\\\/\\\/www.bellunopress.it\\\/#\\\/schema\\\/person\\\/79bb06722b37ece1c03d3e94beb30d73\"},\"headline\":\"Il ruolo del Comitato per la promozione dell\u2019Imprenditoria Femminile della Camera di Commercio di Treviso \u2013 Belluno|Dolomiti\",\"datePublished\":\"2024-05-29T18:50:18+00:00\",\"mainEntityOfPage\":{\"@id\":\"https:\\\/\\\/www.bellunopress.it\\\/2024\\\/05\\\/29\\\/il-ruolo-del-comitato-per-la-promozione-dellimprenditoria-femminile-della-camera-di-commercio-di-treviso-bellunodolomiti\\\/\"},\"wordCount\":1720,\"publisher\":{\"@id\":\"https:\\\/\\\/www.bellunopress.it\\\/#organization\"},\"image\":{\"@id\":\"https:\\\/\\\/www.bellunopress.it\\\/2024\\\/05\\\/29\\\/il-ruolo-del-comitato-per-la-promozione-dellimprenditoria-femminile-della-camera-di-commercio-di-treviso-bellunodolomiti\\\/#primaryimage\"},\"thumbnailUrl\":\"https:\\\/\\\/www.bellunopress.it\\\/wp-content\\\/uploads\\\/2020\\\/03\\\/camera-commercio-1.jpg\",\"articleSection\":[\"Lavoro, Economia, Turismo\",\"Prima Pagina\"],\"inLanguage\":\"fr-FR\"},{\"@type\":\"WebPage\",\"@id\":\"https:\\\/\\\/www.bellunopress.it\\\/2024\\\/05\\\/29\\\/il-ruolo-del-comitato-per-la-promozione-dellimprenditoria-femminile-della-camera-di-commercio-di-treviso-bellunodolomiti\\\/\",\"url\":\"https:\\\/\\\/www.bellunopress.it\\\/2024\\\/05\\\/29\\\/il-ruolo-del-comitato-per-la-promozione-dellimprenditoria-femminile-della-camera-di-commercio-di-treviso-bellunodolomiti\\\/\",\"name\":\"Il ruolo del Comitato per la promozione dell\u2019Imprenditoria Femminile della Camera di Commercio di Treviso \u2013 Belluno|Dolomiti - Bellunopress - Dolomiti\",\"isPartOf\":{\"@id\":\"https:\\\/\\\/www.bellunopress.it\\\/#website\"},\"primaryImageOfPage\":{\"@id\":\"https:\\\/\\\/www.bellunopress.it\\\/2024\\\/05\\\/29\\\/il-ruolo-del-comitato-per-la-promozione-dellimprenditoria-femminile-della-camera-di-commercio-di-treviso-bellunodolomiti\\\/#primaryimage\"},\"image\":{\"@id\":\"https:\\\/\\\/www.bellunopress.it\\\/2024\\\/05\\\/29\\\/il-ruolo-del-comitato-per-la-promozione-dellimprenditoria-femminile-della-camera-di-commercio-di-treviso-bellunodolomiti\\\/#primaryimage\"},\"thumbnailUrl\":\"https:\\\/\\\/www.bellunopress.it\\\/wp-content\\\/uploads\\\/2020\\\/03\\\/camera-commercio-1.jpg\",\"datePublished\":\"2024-05-29T18:50:18+00:00\",\"breadcrumb\":{\"@id\":\"https:\\\/\\\/www.bellunopress.it\\\/2024\\\/05\\\/29\\\/il-ruolo-del-comitato-per-la-promozione-dellimprenditoria-femminile-della-camera-di-commercio-di-treviso-bellunodolomiti\\\/#breadcrumb\"},\"inLanguage\":\"fr-FR\",\"potentialAction\":[{\"@type\":\"ReadAction\",\"target\":[\"https:\\\/\\\/www.bellunopress.it\\\/2024\\\/05\\\/29\\\/il-ruolo-del-comitato-per-la-promozione-dellimprenditoria-femminile-della-camera-di-commercio-di-treviso-bellunodolomiti\\\/\"]}]},{\"@type\":\"ImageObject\",\"inLanguage\":\"fr-FR\",\"@id\":\"https:\\\/\\\/www.bellunopress.it\\\/2024\\\/05\\\/29\\\/il-ruolo-del-comitato-per-la-promozione-dellimprenditoria-femminile-della-camera-di-commercio-di-treviso-bellunodolomiti\\\/#primaryimage\",\"url\":\"https:\\\/\\\/www.bellunopress.it\\\/wp-content\\\/uploads\\\/2020\\\/03\\\/camera-commercio-1.jpg\",\"contentUrl\":\"https:\\\/\\\/www.bellunopress.it\\\/wp-content\\\/uploads\\\/2020\\\/03\\\/camera-commercio-1.jpg\",\"width\":900,\"height\":506,\"caption\":\"Camera di Commercio di Treviso e Belluno Dolomiti - Sede di Belluno\"},{\"@type\":\"BreadcrumbList\",\"@id\":\"https:\\\/\\\/www.bellunopress.it\\\/2024\\\/05\\\/29\\\/il-ruolo-del-comitato-per-la-promozione-dellimprenditoria-femminile-della-camera-di-commercio-di-treviso-bellunodolomiti\\\/#breadcrumb\",\"itemListElement\":[{\"@type\":\"ListItem\",\"position\":1,\"name\":\"Home\",\"item\":\"https:\\\/\\\/www.bellunopress.it\\\/\"},{\"@type\":\"ListItem\",\"position\":2,\"name\":\"Il ruolo del Comitato per la promozione dell\u2019Imprenditoria Femminile della Camera di Commercio di Treviso \u2013 Belluno|Dolomiti\"}]},{\"@type\":\"WebSite\",\"@id\":\"https:\\\/\\\/www.bellunopress.it\\\/#website\",\"url\":\"https:\\\/\\\/www.bellunopress.it\\\/\",\"name\":\"Bellunopress - Dolomiti\",\"description\":\"e-mail: redazione@bellunopress.it\",\"publisher\":{\"@id\":\"https:\\\/\\\/www.bellunopress.it\\\/#organization\"},\"potentialAction\":[{\"@type\":\"SearchAction\",\"target\":{\"@type\":\"EntryPoint\",\"urlTemplate\":\"https:\\\/\\\/www.bellunopress.it\\\/?s={search_term_string}\"},\"query-input\":{\"@type\":\"PropertyValueSpecification\",\"valueRequired\":true,\"valueName\":\"search_term_string\"}}],\"inLanguage\":\"fr-FR\"},{\"@type\":\"Organization\",\"@id\":\"https:\\\/\\\/www.bellunopress.it\\\/#organization\",\"name\":\"Bellunopress\",\"url\":\"https:\\\/\\\/www.bellunopress.it\\\/\",\"logo\":{\"@type\":\"ImageObject\",\"inLanguage\":\"fr-FR\",\"@id\":\"https:\\\/\\\/www.bellunopress.it\\\/#\\\/schema\\\/logo\\\/image\\\/\",\"url\":\"https:\\\/\\\/www.bellunopress.it\\\/wp-content\\\/uploads\\\/2011\\\/05\\\/cropped-logo-bellunopress-.jpg\",\"contentUrl\":\"https:\\\/\\\/www.bellunopress.it\\\/wp-content\\\/uploads\\\/2011\\\/05\\\/cropped-logo-bellunopress-.jpg\",\"width\":512,\"height\":512,\"caption\":\"Bellunopress\"},\"image\":{\"@id\":\"https:\\\/\\\/www.bellunopress.it\\\/#\\\/schema\\\/logo\\\/image\\\/\"},\"sameAs\":[\"https:\\\/\\\/www.facebook.com\\\/profile.php?id=100008943462799\",\"https:\\\/\\\/x.com\\\/bellunopress\",\"https:\\\/\\\/www.linkedin.com\\\/hp\\\/?dnr=JBzUWaJfMUw8vbXJJ2tVW5-I3jZKvC4wsoxE&amp;amp;amp;amp;amp;amp;trk=nav_responsive_tab_home\",\"https:\\\/\\\/www.youtube.com\\\/channel\\\/UCxL0wu1uN0_3_7hGG0306cw\"]},{\"@type\":\"Person\",\"@id\":\"https:\\\/\\\/www.bellunopress.it\\\/#\\\/schema\\\/person\\\/79bb06722b37ece1c03d3e94beb30d73\",\"name\":\"redazione\",\"image\":{\"@type\":\"ImageObject\",\"inLanguage\":\"fr-FR\",\"@id\":\"https:\\\/\\\/secure.gravatar.com\\\/avatar\\\/37d968a2e67a6fd04c169c4bdef102d0bc5d31b2546345219e348575eb80e9a0?s=96&d=mm&r=g\",\"url\":\"https:\\\/\\\/secure.gravatar.com\\\/avatar\\\/37d968a2e67a6fd04c169c4bdef102d0bc5d31b2546345219e348575eb80e9a0?s=96&d=mm&r=g\",\"contentUrl\":\"https:\\\/\\\/secure.gravatar.com\\\/avatar\\\/37d968a2e67a6fd04c169c4bdef102d0bc5d31b2546345219e348575eb80e9a0?s=96&d=mm&r=g\",\"caption\":\"redazione\"},\"sameAs\":[\"http:\\\/\\\/www.bellunopress.it\",\"https:\\\/\\\/x.com\\\/bellunopress\"],\"url\":\"https:\\\/\\\/www.bellunopress.it\\\/fr\\\/author\\\/redazione\\\/\"}]}<\/script>\n<!-- \/ Yoast SEO plugin. -->","yoast_head_json":{"title":"Il ruolo del Comitato per la promozione dell\u2019Imprenditoria Femminile della Camera di Commercio di Treviso \u2013 Belluno|Dolomiti - Bellunopress - Dolomiti","robots":{"index":"index","follow":"follow","max-snippet":"max-snippet:-1","max-image-preview":"max-image-preview:large","max-video-preview":"max-video-preview:-1"},"canonical":"https:\/\/www.bellunopress.it\/fr\/2024\/05\/29\/il-ruolo-del-comitato-per-la-promozione-dellimprenditoria-femminile-della-camera-di-commercio-di-treviso-bellunodolomiti\/","og_locale":"fr_FR","og_type":"article","og_title":"Il ruolo del Comitato per la promozione dell\u2019Imprenditoria Femminile della Camera di Commercio di Treviso \u2013 Belluno|Dolomiti - Bellunopress - Dolomiti","og_description":"Belluno, 29 Maggio 2024. Ha avuto luogo stamane nella sede di Belluno della Camera di Commercio l&#8217;incontro riguardante le novit\u00e0 del Comitato dell\u2019Imprenditoria Femminile e i dati economici del fare impresa al femminile. Si definiscono imprese femminili le imprese dove l\u2019imprenditore individuale \u00e8 donna o, nel caso di societ\u00e0, la partecipazione di donne risulta superiore [&hellip;]","og_url":"https:\/\/www.bellunopress.it\/fr\/2024\/05\/29\/il-ruolo-del-comitato-per-la-promozione-dellimprenditoria-femminile-della-camera-di-commercio-di-treviso-bellunodolomiti\/","og_site_name":"Bellunopress - Dolomiti","article_publisher":"https:\/\/www.facebook.com\/profile.php?id=100008943462799","article_published_time":"2024-05-29T18:50:18+00:00","og_image":[{"width":900,"height":506,"url":"https:\/\/www.bellunopress.it\/wp-content\/uploads\/2020\/03\/camera-commercio-1.jpg","type":"image\/jpeg"}],"author":"redazione","twitter_card":"summary_large_image","twitter_creator":"@bellunopress","twitter_site":"@bellunopress","twitter_misc":{"\u00c9crit par":"redazione","Dur\u00e9e de lecture estim\u00e9e":"9 minutes"},"schema":{"@context":"https:\/\/schema.org","@graph":[{"@type":"Article","@id":"https:\/\/www.bellunopress.it\/2024\/05\/29\/il-ruolo-del-comitato-per-la-promozione-dellimprenditoria-femminile-della-camera-di-commercio-di-treviso-bellunodolomiti\/#article","isPartOf":{"@id":"https:\/\/www.bellunopress.it\/2024\/05\/29\/il-ruolo-del-comitato-per-la-promozione-dellimprenditoria-femminile-della-camera-di-commercio-di-treviso-bellunodolomiti\/"},"author":{"name":"redazione","@id":"https:\/\/www.bellunopress.it\/#\/schema\/person\/79bb06722b37ece1c03d3e94beb30d73"},"headline":"Il ruolo del Comitato per la promozione dell\u2019Imprenditoria Femminile della Camera di Commercio di Treviso \u2013 Belluno|Dolomiti","datePublished":"2024-05-29T18:50:18+00:00","mainEntityOfPage":{"@id":"https:\/\/www.bellunopress.it\/2024\/05\/29\/il-ruolo-del-comitato-per-la-promozione-dellimprenditoria-femminile-della-camera-di-commercio-di-treviso-bellunodolomiti\/"},"wordCount":1720,"publisher":{"@id":"https:\/\/www.bellunopress.it\/#organization"},"image":{"@id":"https:\/\/www.bellunopress.it\/2024\/05\/29\/il-ruolo-del-comitato-per-la-promozione-dellimprenditoria-femminile-della-camera-di-commercio-di-treviso-bellunodolomiti\/#primaryimage"},"thumbnailUrl":"https:\/\/www.bellunopress.it\/wp-content\/uploads\/2020\/03\/camera-commercio-1.jpg","articleSection":["Lavoro, Economia, Turismo","Prima Pagina"],"inLanguage":"fr-FR"},{"@type":"WebPage","@id":"https:\/\/www.bellunopress.it\/2024\/05\/29\/il-ruolo-del-comitato-per-la-promozione-dellimprenditoria-femminile-della-camera-di-commercio-di-treviso-bellunodolomiti\/","url":"https:\/\/www.bellunopress.it\/2024\/05\/29\/il-ruolo-del-comitato-per-la-promozione-dellimprenditoria-femminile-della-camera-di-commercio-di-treviso-bellunodolomiti\/","name":"Il ruolo del Comitato per la promozione dell\u2019Imprenditoria Femminile della Camera di Commercio di Treviso \u2013 Belluno|Dolomiti - Bellunopress - Dolomiti","isPartOf":{"@id":"https:\/\/www.bellunopress.it\/#website"},"primaryImageOfPage":{"@id":"https:\/\/www.bellunopress.it\/2024\/05\/29\/il-ruolo-del-comitato-per-la-promozione-dellimprenditoria-femminile-della-camera-di-commercio-di-treviso-bellunodolomiti\/#primaryimage"},"image":{"@id":"https:\/\/www.bellunopress.it\/2024\/05\/29\/il-ruolo-del-comitato-per-la-promozione-dellimprenditoria-femminile-della-camera-di-commercio-di-treviso-bellunodolomiti\/#primaryimage"},"thumbnailUrl":"https:\/\/www.bellunopress.it\/wp-content\/uploads\/2020\/03\/camera-commercio-1.jpg","datePublished":"2024-05-29T18:50:18+00:00","breadcrumb":{"@id":"https:\/\/www.bellunopress.it\/2024\/05\/29\/il-ruolo-del-comitato-per-la-promozione-dellimprenditoria-femminile-della-camera-di-commercio-di-treviso-bellunodolomiti\/#breadcrumb"},"inLanguage":"fr-FR","potentialAction":[{"@type":"ReadAction","target":["https:\/\/www.bellunopress.it\/2024\/05\/29\/il-ruolo-del-comitato-per-la-promozione-dellimprenditoria-femminile-della-camera-di-commercio-di-treviso-bellunodolomiti\/"]}]},{"@type":"ImageObject","inLanguage":"fr-FR","@id":"https:\/\/www.bellunopress.it\/2024\/05\/29\/il-ruolo-del-comitato-per-la-promozione-dellimprenditoria-femminile-della-camera-di-commercio-di-treviso-bellunodolomiti\/#primaryimage","url":"https:\/\/www.bellunopress.it\/wp-content\/uploads\/2020\/03\/camera-commercio-1.jpg","contentUrl":"https:\/\/www.bellunopress.it\/wp-content\/uploads\/2020\/03\/camera-commercio-1.jpg","width":900,"height":506,"caption":"Camera di Commercio di Treviso e Belluno Dolomiti - Sede di Belluno"},{"@type":"BreadcrumbList","@id":"https:\/\/www.bellunopress.it\/2024\/05\/29\/il-ruolo-del-comitato-per-la-promozione-dellimprenditoria-femminile-della-camera-di-commercio-di-treviso-bellunodolomiti\/#breadcrumb","itemListElement":[{"@type":"ListItem","position":1,"name":"Home","item":"https:\/\/www.bellunopress.it\/"},{"@type":"ListItem","position":2,"name":"Il ruolo del Comitato per la promozione dell\u2019Imprenditoria Femminile della Camera di Commercio di Treviso \u2013 Belluno|Dolomiti"}]},{"@type":"WebSite","@id":"https:\/\/www.bellunopress.it\/#website","url":"https:\/\/www.bellunopress.it\/","name":"Bellunopress - Dolomiti","description":"e-mail: redazione@bellunopress.it","publisher":{"@id":"https:\/\/www.bellunopress.it\/#organization"},"potentialAction":[{"@type":"SearchAction","target":{"@type":"EntryPoint","urlTemplate":"https:\/\/www.bellunopress.it\/?s={search_term_string}"},"query-input":{"@type":"PropertyValueSpecification","valueRequired":true,"valueName":"search_term_string"}}],"inLanguage":"fr-FR"},{"@type":"Organization","@id":"https:\/\/www.bellunopress.it\/#organization","name":"Bellunopress","url":"https:\/\/www.bellunopress.it\/","logo":{"@type":"ImageObject","inLanguage":"fr-FR","@id":"https:\/\/www.bellunopress.it\/#\/schema\/logo\/image\/","url":"https:\/\/www.bellunopress.it\/wp-content\/uploads\/2011\/05\/cropped-logo-bellunopress-.jpg","contentUrl":"https:\/\/www.bellunopress.it\/wp-content\/uploads\/2011\/05\/cropped-logo-bellunopress-.jpg","width":512,"height":512,"caption":"Bellunopress"},"image":{"@id":"https:\/\/www.bellunopress.it\/#\/schema\/logo\/image\/"},"sameAs":["https:\/\/www.facebook.com\/profile.php?id=100008943462799","https:\/\/x.com\/bellunopress","https:\/\/www.linkedin.com\/hp\/?dnr=JBzUWaJfMUw8vbXJJ2tVW5-I3jZKvC4wsoxE&amp;amp;amp;amp;amp;amp;trk=nav_responsive_tab_home","https:\/\/www.youtube.com\/channel\/UCxL0wu1uN0_3_7hGG0306cw"]},{"@type":"Person","@id":"https:\/\/www.bellunopress.it\/#\/schema\/person\/79bb06722b37ece1c03d3e94beb30d73","name":"r\u00e9daction","image":{"@type":"ImageObject","inLanguage":"fr-FR","@id":"https:\/\/secure.gravatar.com\/avatar\/37d968a2e67a6fd04c169c4bdef102d0bc5d31b2546345219e348575eb80e9a0?s=96&d=mm&r=g","url":"https:\/\/secure.gravatar.com\/avatar\/37d968a2e67a6fd04c169c4bdef102d0bc5d31b2546345219e348575eb80e9a0?s=96&d=mm&r=g","contentUrl":"https:\/\/secure.gravatar.com\/avatar\/37d968a2e67a6fd04c169c4bdef102d0bc5d31b2546345219e348575eb80e9a0?s=96&d=mm&r=g","caption":"redazione"},"sameAs":["http:\/\/www.bellunopress.it","https:\/\/x.com\/bellunopress"],"url":"https:\/\/www.bellunopress.it\/fr\/author\/redazione\/"}]}},"_links":{"self":[{"href":"https:\/\/www.bellunopress.it\/fr\/wp-json\/wp\/v2\/posts\/151180","targetHints":{"allow":["GET"]}}],"collection":[{"href":"https:\/\/www.bellunopress.it\/fr\/wp-json\/wp\/v2\/posts"}],"about":[{"href":"https:\/\/www.bellunopress.it\/fr\/wp-json\/wp\/v2\/types\/post"}],"author":[{"embeddable":true,"href":"https:\/\/www.bellunopress.it\/fr\/wp-json\/wp\/v2\/users\/2"}],"replies":[{"embeddable":true,"href":"https:\/\/www.bellunopress.it\/fr\/wp-json\/wp\/v2\/comments?post=151180"}],"version-history":[{"count":1,"href":"https:\/\/www.bellunopress.it\/fr\/wp-json\/wp\/v2\/posts\/151180\/revisions"}],"predecessor-version":[{"id":151181,"href":"https:\/\/www.bellunopress.it\/fr\/wp-json\/wp\/v2\/posts\/151180\/revisions\/151181"}],"wp:featuredmedia":[{"embeddable":true,"href":"https:\/\/www.bellunopress.it\/fr\/wp-json\/wp\/v2\/media\/112738"}],"wp:attachment":[{"href":"https:\/\/www.bellunopress.it\/fr\/wp-json\/wp\/v2\/media?parent=151180"}],"wp:term":[{"taxonomy":"category","embeddable":true,"href":"https:\/\/www.bellunopress.it\/fr\/wp-json\/wp\/v2\/categories?post=151180"},{"taxonomy":"post_tag","embeddable":true,"href":"https:\/\/www.bellunopress.it\/fr\/wp-json\/wp\/v2\/tags?post=151180"}],"curies":[{"name":"wp","href":"https:\/\/api.w.org\/{rel}","templated":true}]}}