{"id":151171,"date":"2024-05-29T16:54:59","date_gmt":"2024-05-29T14:54:59","guid":{"rendered":"https:\/\/www.bellunopress.it\/?p=151171"},"modified":"2024-05-29T16:54:59","modified_gmt":"2024-05-29T14:54:59","slug":"carta-etica-dello-sport-vince-la-ii-graficoipermediale-dellistituto-leonardo-da-vinci-di-belluno","status":"publish","type":"post","link":"https:\/\/www.bellunopress.it\/fr\/2024\/05\/29\/carta-etica-dello-sport-vince-la-ii-graficoipermediale-dellistituto-leonardo-da-vinci-di-belluno\/","title":{"rendered":"Carta etica dello sport. Vince la II^ graficoipermediale dell&#8217;Istituto Leonardo Da Vinci di Belluno"},"content":{"rendered":"<p><img loading=\"lazy\" decoding=\"async\" class=\"alignleft  wp-image-151172\" src=\"https:\/\/www.bellunopress.it\/wp-content\/uploads\/2024\/05\/istituto-leonardo-da-vinci.jpg\" alt=\"\" width=\"331\" height=\"269\" srcset=\"https:\/\/www.bellunopress.it\/wp-content\/uploads\/2024\/05\/istituto-leonardo-da-vinci.jpg 569w, https:\/\/www.bellunopress.it\/wp-content\/uploads\/2024\/05\/istituto-leonardo-da-vinci-500x407.jpg 500w, https:\/\/www.bellunopress.it\/wp-content\/uploads\/2024\/05\/istituto-leonardo-da-vinci-516x420.jpg 516w\" sizes=\"auto, (max-width: 331px) 100vw, 331px\" \/>L\u2019Istituto Leonardo da Vinci di Belluno si classifica al primo posto tra le scuole secondarie del Veneto, Regione Europea dello Sport, alle premiazioni della Carta Etica dello Sport.<\/p>\n<p>E\u2019 stata una mattinata emozionante quella vissuta ieri dagli studenti della classe 2\u00b0 graficoipermediale dell\u2019Istituto Leonardo Da Vinci allo Stadio Bentegodi di Verona.<br \/>\nI ragazzi, accompagnati dal docente Gabriele Cason, sono stati premiati per aver realizzato il video \u201cIl Rigore\u201d risultato tra i vincitori del concorso \u201cCarta Etica dello Sport\u201d alla presenza di assessori della regione Veneto, dirigenti Coni.<\/p>\n<p>Il Leonardo da Vinci infatti arriva primo tra gli oltre 200 video inviati da oltre 60 istituti delle sette Province, per questo concorso che vuole riportare anche sul campo di gioco dei pi\u00f9 giovani i valori dell\u2019amicizia, dell\u2019onest\u00e0 e del rispetto reciproco.<br \/>\nA tenere le premiazioni sono stati gli stessi giocatori dell\u2019Hellas Verona, che da poco ha raggiunto la salvezza nella massima serie. I campioni si sono trattenuti con i ragazzi non solo per le foto di rito, fuori e dentro al Bentegodi, ma anche per accompagnarli all\u2019interno degli spogliatoi e raccontare loro episodi e aneddoti.<br \/>\nInsomma, un\u2019avventura che i ragazzi ricorderanno per tutta la vita.<\/p>","protected":false},"excerpt":{"rendered":"<p>L\u2019Istituto Leonardo da Vinci di Belluno si classifica al primo posto tra le scuole secondarie del Veneto, Regione Europea dello Sport, alle premiazioni della Carta Etica dello Sport. E\u2019 stata una mattinata emozionante quella vissuta ieri dagli studenti della classe 2\u00b0 graficoipermediale dell\u2019Istituto Leonardo Da Vinci allo Stadio Bentegodi di Verona. I ragazzi, accompagnati dal [&hellip;]<\/p>\n","protected":false},"author":2,"featured_media":151172,"comment_status":"closed","ping_status":"open","sticky":false,"template":"","format":"standard","meta":{"footnotes":""},"categories":[15],"tags":[],"class_list":["post-151171","post","type-post","status-publish","format-standard","has-post-thumbnail","category-scuola"],"yoast_head":"<!-- This site is optimized with the Yoast SEO plugin v28.4 - https:\/\/yoast.com\/product\/yoast-seo-wordpress\/ -->\n<title>Carta etica dello sport. Vince la II^ graficoipermediale dell&#039;Istituto Leonardo Da Vinci di Belluno - Bellunopress - Dolomiti<\/title>\n<meta name=\"robots\" content=\"index, follow, max-snippet:-1, max-image-preview:large, max-video-preview:-1\" \/>\n<link rel=\"canonical\" href=\"https:\/\/www.bellunopress.it\/fr\/2024\/05\/29\/carta-etica-dello-sport-vince-la-ii-graficoipermediale-dellistituto-leonardo-da-vinci-di-belluno\/\" \/>\n<meta property=\"og:locale\" content=\"fr_FR\" \/>\n<meta property=\"og:type\" content=\"article\" \/>\n<meta property=\"og:title\" content=\"Carta etica dello sport. Vince la II^ graficoipermediale dell&#039;Istituto Leonardo Da Vinci di Belluno - Bellunopress - Dolomiti\" \/>\n<meta property=\"og:description\" content=\"L\u2019Istituto Leonardo da Vinci di Belluno si classifica al primo posto tra le scuole secondarie del Veneto, Regione Europea dello Sport, alle premiazioni della Carta Etica dello Sport. E\u2019 stata una mattinata emozionante quella vissuta ieri dagli studenti della classe 2\u00b0 graficoipermediale dell\u2019Istituto Leonardo Da Vinci allo Stadio Bentegodi di Verona. I ragazzi, accompagnati dal [&hellip;]\" \/>\n<meta property=\"og:url\" content=\"https:\/\/www.bellunopress.it\/fr\/2024\/05\/29\/carta-etica-dello-sport-vince-la-ii-graficoipermediale-dellistituto-leonardo-da-vinci-di-belluno\/\" \/>\n<meta property=\"og:site_name\" content=\"Bellunopress - Dolomiti\" \/>\n<meta property=\"article:publisher\" content=\"https:\/\/www.facebook.com\/profile.php?id=100008943462799\" \/>\n<meta property=\"article:published_time\" content=\"2024-05-29T14:54:59+00:00\" \/>\n<meta property=\"og:image\" content=\"https:\/\/www.bellunopress.it\/wp-content\/uploads\/2024\/05\/istituto-leonardo-da-vinci.jpg\" \/>\n\t<meta property=\"og:image:width\" content=\"569\" \/>\n\t<meta property=\"og:image:height\" content=\"463\" \/>\n\t<meta property=\"og:image:type\" content=\"image\/jpeg\" \/>\n<meta name=\"author\" content=\"redazione\" \/>\n<meta name=\"twitter:card\" content=\"summary_large_image\" \/>\n<meta name=\"twitter:creator\" content=\"@bellunopress\" \/>\n<meta name=\"twitter:site\" content=\"@bellunopress\" \/>\n<meta name=\"twitter:label1\" content=\"\u00c9crit par\" \/>\n\t<meta name=\"twitter:data1\" content=\"redazione\" \/>\n\t<meta name=\"twitter:label2\" content=\"Dur\u00e9e de lecture estim\u00e9e\" \/>\n\t<meta name=\"twitter:data2\" content=\"1 minute\" \/>\n<script type=\"application\/ld+json\" class=\"yoast-schema-graph\">{\"@context\":\"https:\\\/\\\/schema.org\",\"@graph\":[{\"@type\":\"Article\",\"@id\":\"https:\\\/\\\/www.bellunopress.it\\\/2024\\\/05\\\/29\\\/carta-etica-dello-sport-vince-la-ii-graficoipermediale-dellistituto-leonardo-da-vinci-di-belluno\\\/#article\",\"isPartOf\":{\"@id\":\"https:\\\/\\\/www.bellunopress.it\\\/2024\\\/05\\\/29\\\/carta-etica-dello-sport-vince-la-ii-graficoipermediale-dellistituto-leonardo-da-vinci-di-belluno\\\/\"},\"author\":{\"name\":\"redazione\",\"@id\":\"https:\\\/\\\/www.bellunopress.it\\\/#\\\/schema\\\/person\\\/79bb06722b37ece1c03d3e94beb30d73\"},\"headline\":\"Carta etica dello sport. Vince la II^ graficoipermediale dell&#8217;Istituto Leonardo Da Vinci di Belluno\",\"datePublished\":\"2024-05-29T14:54:59+00:00\",\"mainEntityOfPage\":{\"@id\":\"https:\\\/\\\/www.bellunopress.it\\\/2024\\\/05\\\/29\\\/carta-etica-dello-sport-vince-la-ii-graficoipermediale-dellistituto-leonardo-da-vinci-di-belluno\\\/\"},\"wordCount\":212,\"publisher\":{\"@id\":\"https:\\\/\\\/www.bellunopress.it\\\/#organization\"},\"image\":{\"@id\":\"https:\\\/\\\/www.bellunopress.it\\\/2024\\\/05\\\/29\\\/carta-etica-dello-sport-vince-la-ii-graficoipermediale-dellistituto-leonardo-da-vinci-di-belluno\\\/#primaryimage\"},\"thumbnailUrl\":\"https:\\\/\\\/www.bellunopress.it\\\/wp-content\\\/uploads\\\/2024\\\/05\\\/istituto-leonardo-da-vinci.jpg\",\"articleSection\":[\"Scuola\"],\"inLanguage\":\"fr-FR\"},{\"@type\":\"WebPage\",\"@id\":\"https:\\\/\\\/www.bellunopress.it\\\/2024\\\/05\\\/29\\\/carta-etica-dello-sport-vince-la-ii-graficoipermediale-dellistituto-leonardo-da-vinci-di-belluno\\\/\",\"url\":\"https:\\\/\\\/www.bellunopress.it\\\/2024\\\/05\\\/29\\\/carta-etica-dello-sport-vince-la-ii-graficoipermediale-dellistituto-leonardo-da-vinci-di-belluno\\\/\",\"name\":\"Carta etica dello sport. Vince la II^ graficoipermediale dell'Istituto Leonardo Da Vinci di Belluno - Bellunopress - Dolomiti\",\"isPartOf\":{\"@id\":\"https:\\\/\\\/www.bellunopress.it\\\/#website\"},\"primaryImageOfPage\":{\"@id\":\"https:\\\/\\\/www.bellunopress.it\\\/2024\\\/05\\\/29\\\/carta-etica-dello-sport-vince-la-ii-graficoipermediale-dellistituto-leonardo-da-vinci-di-belluno\\\/#primaryimage\"},\"image\":{\"@id\":\"https:\\\/\\\/www.bellunopress.it\\\/2024\\\/05\\\/29\\\/carta-etica-dello-sport-vince-la-ii-graficoipermediale-dellistituto-leonardo-da-vinci-di-belluno\\\/#primaryimage\"},\"thumbnailUrl\":\"https:\\\/\\\/www.bellunopress.it\\\/wp-content\\\/uploads\\\/2024\\\/05\\\/istituto-leonardo-da-vinci.jpg\",\"datePublished\":\"2024-05-29T14:54:59+00:00\",\"breadcrumb\":{\"@id\":\"https:\\\/\\\/www.bellunopress.it\\\/2024\\\/05\\\/29\\\/carta-etica-dello-sport-vince-la-ii-graficoipermediale-dellistituto-leonardo-da-vinci-di-belluno\\\/#breadcrumb\"},\"inLanguage\":\"fr-FR\",\"potentialAction\":[{\"@type\":\"ReadAction\",\"target\":[\"https:\\\/\\\/www.bellunopress.it\\\/2024\\\/05\\\/29\\\/carta-etica-dello-sport-vince-la-ii-graficoipermediale-dellistituto-leonardo-da-vinci-di-belluno\\\/\"]}]},{\"@type\":\"ImageObject\",\"inLanguage\":\"fr-FR\",\"@id\":\"https:\\\/\\\/www.bellunopress.it\\\/2024\\\/05\\\/29\\\/carta-etica-dello-sport-vince-la-ii-graficoipermediale-dellistituto-leonardo-da-vinci-di-belluno\\\/#primaryimage\",\"url\":\"https:\\\/\\\/www.bellunopress.it\\\/wp-content\\\/uploads\\\/2024\\\/05\\\/istituto-leonardo-da-vinci.jpg\",\"contentUrl\":\"https:\\\/\\\/www.bellunopress.it\\\/wp-content\\\/uploads\\\/2024\\\/05\\\/istituto-leonardo-da-vinci.jpg\",\"width\":569,\"height\":463},{\"@type\":\"BreadcrumbList\",\"@id\":\"https:\\\/\\\/www.bellunopress.it\\\/2024\\\/05\\\/29\\\/carta-etica-dello-sport-vince-la-ii-graficoipermediale-dellistituto-leonardo-da-vinci-di-belluno\\\/#breadcrumb\",\"itemListElement\":[{\"@type\":\"ListItem\",\"position\":1,\"name\":\"Home\",\"item\":\"https:\\\/\\\/www.bellunopress.it\\\/\"},{\"@type\":\"ListItem\",\"position\":2,\"name\":\"Carta etica dello sport. Vince la II^ graficoipermediale dell&#8217;Istituto Leonardo Da Vinci di Belluno\"}]},{\"@type\":\"WebSite\",\"@id\":\"https:\\\/\\\/www.bellunopress.it\\\/#website\",\"url\":\"https:\\\/\\\/www.bellunopress.it\\\/\",\"name\":\"Bellunopress - Dolomiti\",\"description\":\"e-mail: redazione@bellunopress.it\",\"publisher\":{\"@id\":\"https:\\\/\\\/www.bellunopress.it\\\/#organization\"},\"potentialAction\":[{\"@type\":\"SearchAction\",\"target\":{\"@type\":\"EntryPoint\",\"urlTemplate\":\"https:\\\/\\\/www.bellunopress.it\\\/?s={search_term_string}\"},\"query-input\":{\"@type\":\"PropertyValueSpecification\",\"valueRequired\":true,\"valueName\":\"search_term_string\"}}],\"inLanguage\":\"fr-FR\"},{\"@type\":\"Organization\",\"@id\":\"https:\\\/\\\/www.bellunopress.it\\\/#organization\",\"name\":\"Bellunopress\",\"url\":\"https:\\\/\\\/www.bellunopress.it\\\/\",\"logo\":{\"@type\":\"ImageObject\",\"inLanguage\":\"fr-FR\",\"@id\":\"https:\\\/\\\/www.bellunopress.it\\\/#\\\/schema\\\/logo\\\/image\\\/\",\"url\":\"https:\\\/\\\/www.bellunopress.it\\\/wp-content\\\/uploads\\\/2011\\\/05\\\/cropped-logo-bellunopress-.jpg\",\"contentUrl\":\"https:\\\/\\\/www.bellunopress.it\\\/wp-content\\\/uploads\\\/2011\\\/05\\\/cropped-logo-bellunopress-.jpg\",\"width\":512,\"height\":512,\"caption\":\"Bellunopress\"},\"image\":{\"@id\":\"https:\\\/\\\/www.bellunopress.it\\\/#\\\/schema\\\/logo\\\/image\\\/\"},\"sameAs\":[\"https:\\\/\\\/www.facebook.com\\\/profile.php?id=100008943462799\",\"https:\\\/\\\/x.com\\\/bellunopress\",\"https:\\\/\\\/www.linkedin.com\\\/hp\\\/?dnr=JBzUWaJfMUw8vbXJJ2tVW5-I3jZKvC4wsoxE&amp;amp;amp;amp;amp;amp;trk=nav_responsive_tab_home\",\"https:\\\/\\\/www.youtube.com\\\/channel\\\/UCxL0wu1uN0_3_7hGG0306cw\"]},{\"@type\":\"Person\",\"@id\":\"https:\\\/\\\/www.bellunopress.it\\\/#\\\/schema\\\/person\\\/79bb06722b37ece1c03d3e94beb30d73\",\"name\":\"redazione\",\"image\":{\"@type\":\"ImageObject\",\"inLanguage\":\"fr-FR\",\"@id\":\"https:\\\/\\\/secure.gravatar.com\\\/avatar\\\/37d968a2e67a6fd04c169c4bdef102d0bc5d31b2546345219e348575eb80e9a0?s=96&d=mm&r=g\",\"url\":\"https:\\\/\\\/secure.gravatar.com\\\/avatar\\\/37d968a2e67a6fd04c169c4bdef102d0bc5d31b2546345219e348575eb80e9a0?s=96&d=mm&r=g\",\"contentUrl\":\"https:\\\/\\\/secure.gravatar.com\\\/avatar\\\/37d968a2e67a6fd04c169c4bdef102d0bc5d31b2546345219e348575eb80e9a0?s=96&d=mm&r=g\",\"caption\":\"redazione\"},\"sameAs\":[\"http:\\\/\\\/www.bellunopress.it\",\"https:\\\/\\\/x.com\\\/bellunopress\"],\"url\":\"https:\\\/\\\/www.bellunopress.it\\\/fr\\\/author\\\/redazione\\\/\"}]}<\/script>\n<!-- \/ Yoast SEO plugin. -->","yoast_head_json":{"title":"Carta etica dello sport. Vince la II^ graficoipermediale dell'Istituto Leonardo Da Vinci di Belluno - Bellunopress - Dolomiti","robots":{"index":"index","follow":"follow","max-snippet":"max-snippet:-1","max-image-preview":"max-image-preview:large","max-video-preview":"max-video-preview:-1"},"canonical":"https:\/\/www.bellunopress.it\/fr\/2024\/05\/29\/carta-etica-dello-sport-vince-la-ii-graficoipermediale-dellistituto-leonardo-da-vinci-di-belluno\/","og_locale":"fr_FR","og_type":"article","og_title":"Carta etica dello sport. Vince la II^ graficoipermediale dell'Istituto Leonardo Da Vinci di Belluno - Bellunopress - Dolomiti","og_description":"L\u2019Istituto Leonardo da Vinci di Belluno si classifica al primo posto tra le scuole secondarie del Veneto, Regione Europea dello Sport, alle premiazioni della Carta Etica dello Sport. E\u2019 stata una mattinata emozionante quella vissuta ieri dagli studenti della classe 2\u00b0 graficoipermediale dell\u2019Istituto Leonardo Da Vinci allo Stadio Bentegodi di Verona. I ragazzi, accompagnati dal [&hellip;]","og_url":"https:\/\/www.bellunopress.it\/fr\/2024\/05\/29\/carta-etica-dello-sport-vince-la-ii-graficoipermediale-dellistituto-leonardo-da-vinci-di-belluno\/","og_site_name":"Bellunopress - Dolomiti","article_publisher":"https:\/\/www.facebook.com\/profile.php?id=100008943462799","article_published_time":"2024-05-29T14:54:59+00:00","og_image":[{"width":569,"height":463,"url":"https:\/\/www.bellunopress.it\/wp-content\/uploads\/2024\/05\/istituto-leonardo-da-vinci.jpg","type":"image\/jpeg"}],"author":"redazione","twitter_card":"summary_large_image","twitter_creator":"@bellunopress","twitter_site":"@bellunopress","twitter_misc":{"\u00c9crit par":"redazione","Dur\u00e9e de lecture estim\u00e9e":"1 minute"},"schema":{"@context":"https:\/\/schema.org","@graph":[{"@type":"Article","@id":"https:\/\/www.bellunopress.it\/2024\/05\/29\/carta-etica-dello-sport-vince-la-ii-graficoipermediale-dellistituto-leonardo-da-vinci-di-belluno\/#article","isPartOf":{"@id":"https:\/\/www.bellunopress.it\/2024\/05\/29\/carta-etica-dello-sport-vince-la-ii-graficoipermediale-dellistituto-leonardo-da-vinci-di-belluno\/"},"author":{"name":"redazione","@id":"https:\/\/www.bellunopress.it\/#\/schema\/person\/79bb06722b37ece1c03d3e94beb30d73"},"headline":"Carta etica dello sport. Vince la II^ graficoipermediale dell&#8217;Istituto Leonardo Da Vinci di Belluno","datePublished":"2024-05-29T14:54:59+00:00","mainEntityOfPage":{"@id":"https:\/\/www.bellunopress.it\/2024\/05\/29\/carta-etica-dello-sport-vince-la-ii-graficoipermediale-dellistituto-leonardo-da-vinci-di-belluno\/"},"wordCount":212,"publisher":{"@id":"https:\/\/www.bellunopress.it\/#organization"},"image":{"@id":"https:\/\/www.bellunopress.it\/2024\/05\/29\/carta-etica-dello-sport-vince-la-ii-graficoipermediale-dellistituto-leonardo-da-vinci-di-belluno\/#primaryimage"},"thumbnailUrl":"https:\/\/www.bellunopress.it\/wp-content\/uploads\/2024\/05\/istituto-leonardo-da-vinci.jpg","articleSection":["Scuola"],"inLanguage":"fr-FR"},{"@type":"WebPage","@id":"https:\/\/www.bellunopress.it\/2024\/05\/29\/carta-etica-dello-sport-vince-la-ii-graficoipermediale-dellistituto-leonardo-da-vinci-di-belluno\/","url":"https:\/\/www.bellunopress.it\/2024\/05\/29\/carta-etica-dello-sport-vince-la-ii-graficoipermediale-dellistituto-leonardo-da-vinci-di-belluno\/","name":"Carta etica dello sport. Vince la II^ graficoipermediale dell'Istituto Leonardo Da Vinci di Belluno - Bellunopress - Dolomiti","isPartOf":{"@id":"https:\/\/www.bellunopress.it\/#website"},"primaryImageOfPage":{"@id":"https:\/\/www.bellunopress.it\/2024\/05\/29\/carta-etica-dello-sport-vince-la-ii-graficoipermediale-dellistituto-leonardo-da-vinci-di-belluno\/#primaryimage"},"image":{"@id":"https:\/\/www.bellunopress.it\/2024\/05\/29\/carta-etica-dello-sport-vince-la-ii-graficoipermediale-dellistituto-leonardo-da-vinci-di-belluno\/#primaryimage"},"thumbnailUrl":"https:\/\/www.bellunopress.it\/wp-content\/uploads\/2024\/05\/istituto-leonardo-da-vinci.jpg","datePublished":"2024-05-29T14:54:59+00:00","breadcrumb":{"@id":"https:\/\/www.bellunopress.it\/2024\/05\/29\/carta-etica-dello-sport-vince-la-ii-graficoipermediale-dellistituto-leonardo-da-vinci-di-belluno\/#breadcrumb"},"inLanguage":"fr-FR","potentialAction":[{"@type":"ReadAction","target":["https:\/\/www.bellunopress.it\/2024\/05\/29\/carta-etica-dello-sport-vince-la-ii-graficoipermediale-dellistituto-leonardo-da-vinci-di-belluno\/"]}]},{"@type":"ImageObject","inLanguage":"fr-FR","@id":"https:\/\/www.bellunopress.it\/2024\/05\/29\/carta-etica-dello-sport-vince-la-ii-graficoipermediale-dellistituto-leonardo-da-vinci-di-belluno\/#primaryimage","url":"https:\/\/www.bellunopress.it\/wp-content\/uploads\/2024\/05\/istituto-leonardo-da-vinci.jpg","contentUrl":"https:\/\/www.bellunopress.it\/wp-content\/uploads\/2024\/05\/istituto-leonardo-da-vinci.jpg","width":569,"height":463},{"@type":"BreadcrumbList","@id":"https:\/\/www.bellunopress.it\/2024\/05\/29\/carta-etica-dello-sport-vince-la-ii-graficoipermediale-dellistituto-leonardo-da-vinci-di-belluno\/#breadcrumb","itemListElement":[{"@type":"ListItem","position":1,"name":"Home","item":"https:\/\/www.bellunopress.it\/"},{"@type":"ListItem","position":2,"name":"Carta etica dello sport. Vince la II^ graficoipermediale dell&#8217;Istituto Leonardo Da Vinci di Belluno"}]},{"@type":"WebSite","@id":"https:\/\/www.bellunopress.it\/#website","url":"https:\/\/www.bellunopress.it\/","name":"Bellunopress - Dolomiti","description":"e-mail: redazione@bellunopress.it","publisher":{"@id":"https:\/\/www.bellunopress.it\/#organization"},"potentialAction":[{"@type":"SearchAction","target":{"@type":"EntryPoint","urlTemplate":"https:\/\/www.bellunopress.it\/?s={search_term_string}"},"query-input":{"@type":"PropertyValueSpecification","valueRequired":true,"valueName":"search_term_string"}}],"inLanguage":"fr-FR"},{"@type":"Organization","@id":"https:\/\/www.bellunopress.it\/#organization","name":"Bellunopress","url":"https:\/\/www.bellunopress.it\/","logo":{"@type":"ImageObject","inLanguage":"fr-FR","@id":"https:\/\/www.bellunopress.it\/#\/schema\/logo\/image\/","url":"https:\/\/www.bellunopress.it\/wp-content\/uploads\/2011\/05\/cropped-logo-bellunopress-.jpg","contentUrl":"https:\/\/www.bellunopress.it\/wp-content\/uploads\/2011\/05\/cropped-logo-bellunopress-.jpg","width":512,"height":512,"caption":"Bellunopress"},"image":{"@id":"https:\/\/www.bellunopress.it\/#\/schema\/logo\/image\/"},"sameAs":["https:\/\/www.facebook.com\/profile.php?id=100008943462799","https:\/\/x.com\/bellunopress","https:\/\/www.linkedin.com\/hp\/?dnr=JBzUWaJfMUw8vbXJJ2tVW5-I3jZKvC4wsoxE&amp;amp;amp;amp;amp;amp;trk=nav_responsive_tab_home","https:\/\/www.youtube.com\/channel\/UCxL0wu1uN0_3_7hGG0306cw"]},{"@type":"Person","@id":"https:\/\/www.bellunopress.it\/#\/schema\/person\/79bb06722b37ece1c03d3e94beb30d73","name":"r\u00e9daction","image":{"@type":"ImageObject","inLanguage":"fr-FR","@id":"https:\/\/secure.gravatar.com\/avatar\/37d968a2e67a6fd04c169c4bdef102d0bc5d31b2546345219e348575eb80e9a0?s=96&d=mm&r=g","url":"https:\/\/secure.gravatar.com\/avatar\/37d968a2e67a6fd04c169c4bdef102d0bc5d31b2546345219e348575eb80e9a0?s=96&d=mm&r=g","contentUrl":"https:\/\/secure.gravatar.com\/avatar\/37d968a2e67a6fd04c169c4bdef102d0bc5d31b2546345219e348575eb80e9a0?s=96&d=mm&r=g","caption":"redazione"},"sameAs":["http:\/\/www.bellunopress.it","https:\/\/x.com\/bellunopress"],"url":"https:\/\/www.bellunopress.it\/fr\/author\/redazione\/"}]}},"_links":{"self":[{"href":"https:\/\/www.bellunopress.it\/fr\/wp-json\/wp\/v2\/posts\/151171","targetHints":{"allow":["GET"]}}],"collection":[{"href":"https:\/\/www.bellunopress.it\/fr\/wp-json\/wp\/v2\/posts"}],"about":[{"href":"https:\/\/www.bellunopress.it\/fr\/wp-json\/wp\/v2\/types\/post"}],"author":[{"embeddable":true,"href":"https:\/\/www.bellunopress.it\/fr\/wp-json\/wp\/v2\/users\/2"}],"replies":[{"embeddable":true,"href":"https:\/\/www.bellunopress.it\/fr\/wp-json\/wp\/v2\/comments?post=151171"}],"version-history":[{"count":1,"href":"https:\/\/www.bellunopress.it\/fr\/wp-json\/wp\/v2\/posts\/151171\/revisions"}],"predecessor-version":[{"id":151173,"href":"https:\/\/www.bellunopress.it\/fr\/wp-json\/wp\/v2\/posts\/151171\/revisions\/151173"}],"wp:featuredmedia":[{"embeddable":true,"href":"https:\/\/www.bellunopress.it\/fr\/wp-json\/wp\/v2\/media\/151172"}],"wp:attachment":[{"href":"https:\/\/www.bellunopress.it\/fr\/wp-json\/wp\/v2\/media?parent=151171"}],"wp:term":[{"taxonomy":"category","embeddable":true,"href":"https:\/\/www.bellunopress.it\/fr\/wp-json\/wp\/v2\/categories?post=151171"},{"taxonomy":"post_tag","embeddable":true,"href":"https:\/\/www.bellunopress.it\/fr\/wp-json\/wp\/v2\/tags?post=151171"}],"curies":[{"name":"wp","href":"https:\/\/api.w.org\/{rel}","templated":true}]}}