{"id":151166,"date":"2024-05-29T16:11:23","date_gmt":"2024-05-29T14:11:23","guid":{"rendered":"https:\/\/www.bellunopress.it\/?p=151166"},"modified":"2024-05-29T16:11:23","modified_gmt":"2024-05-29T14:11:23","slug":"sportelli-per-il-diritto-alle-cure-oggi-a-venezia-la-presentazione-gia-attivo-a-feltre","status":"publish","type":"post","link":"https:\/\/www.bellunopress.it\/fr\/2024\/05\/29\/sportelli-per-il-diritto-alle-cure-oggi-a-venezia-la-presentazione-gia-attivo-a-feltre\/","title":{"rendered":"Sportelli per il diritto alle cure. Oggi a Venezia la presentazione. Gi\u00e0 attivo a Feltre"},"content":{"rendered":"<p><em><strong><img loading=\"lazy\" decoding=\"async\" class=\"alignleft size-full wp-image-141395\" src=\"https:\/\/www.bellunopress.it\/wp-content\/uploads\/2023\/05\/Covesap-coordinamento-veneto-sanita-pubblica.jpg\" alt=\"\" width=\"1000\" height=\"1000\" srcset=\"https:\/\/www.bellunopress.it\/wp-content\/uploads\/2023\/05\/Covesap-coordinamento-veneto-sanita-pubblica.jpg 1000w, https:\/\/www.bellunopress.it\/wp-content\/uploads\/2023\/05\/Covesap-coordinamento-veneto-sanita-pubblica-500x500.jpg 500w, https:\/\/www.bellunopress.it\/wp-content\/uploads\/2023\/05\/Covesap-coordinamento-veneto-sanita-pubblica-300x300.jpg 300w, https:\/\/www.bellunopress.it\/wp-content\/uploads\/2023\/05\/Covesap-coordinamento-veneto-sanita-pubblica-696x696.jpg 696w, https:\/\/www.bellunopress.it\/wp-content\/uploads\/2023\/05\/Covesap-coordinamento-veneto-sanita-pubblica-420x420.jpg 420w\" sizes=\"auto, (max-width: 1000px) 100vw, 1000px\" \/>In Veneto prendono il via gli Sportelli per il diritto alle cure.<\/strong><\/em><\/p>\n<p><em><strong>Gi\u00e0 attivo a Feltre con numero di telefono 388 639 0112 e indirizzo e-mail: sanitabellunese@gmail.com<\/strong><\/em><\/p>\n<p><em><strong>Presentata l&#8217;iniziativa oggi a Venezia davanti a Palazzo Ferro Fini<\/strong><\/em><\/p>\n<p><img loading=\"lazy\" decoding=\"async\" class=\"alignleft  wp-image-151167\" src=\"https:\/\/www.bellunopress.it\/wp-content\/uploads\/2024\/05\/comitato-feltrino-per-il-diritto-alla-salute.jpg\" alt=\"\" width=\"366\" height=\"288\" srcset=\"https:\/\/www.bellunopress.it\/wp-content\/uploads\/2024\/05\/comitato-feltrino-per-il-diritto-alla-salute.jpg 510w, https:\/\/www.bellunopress.it\/wp-content\/uploads\/2024\/05\/comitato-feltrino-per-il-diritto-alla-salute-500x393.jpg 500w\" sizes=\"auto, (max-width: 366px) 100vw, 366px\" \/>Venezia,29 maggio 2024 &#8211;\u00a0Il tema delle liste di attesa per l\u2019accesso alle prestazioni sanitarie \u00e8 sempre stato al centro dell\u2019attenzione di CoVeSaP, in quanto una delle inefficienze del sistema pi\u00f9 segnalata dalla popolazione e pertanto denunciata in ogni manifestazione pubblica.<br \/>\nL\u2019anno scorso, esattamente in questo stesso periodo, avevamo in corso una rilevazione da cui \u00e8 emerso un quadro sconfortante: il 75% delle persone che avevano cercato di prenotare affermavano di essere state messe in lista di attesa; di queste la maggioranza ha poi aspettato da 4 settimane a oltre 3 mesi in pi\u00f9 di quanto prescritto dal medico, mentre il 25% ha abbandonato perch\u00e9 stava passando troppo tempo, rivolgendosi al privato o rinunciando alle cure.<\/p>\n<p>Nell\u2019anno che \u00e8 trascorso la Regione ha annunciato pi\u00f9 volte l\u2019intenzione di abbattere le liste di attesa, ma invece di puntare sul rafforzamento del servizio pubblico, assumendo quel personale che tanto servirebbe, ha continuato a trattare il problema come fosse una temporanea emergenza, destinando risorse prevalentemente per l\u2019acquisto di prestazioni dal privato. Anche nella proposta di delibera regionale sul governo delle liste di attesa attualmente in discussione, la Regione continua a puntare su riorganizzazione e ottimizzazione delle risorse.<br \/>\nUn aumento del tetto di spesa per il personale dipendente del SSN \u00e8 prevista nella bozza di un decreto urgente sulle liste di attesa su cui \u00e8 al lavoro il Ministro della Sanit\u00e0 Schillaci. Peccato che anche per il privato sia previsto un aumento, e piuttosto consistente. Temiamo quindi che senza misure strutturali a favore del servizio pubblico la problematica sia ancora lontana dal risolversi.<\/p>\n<p>In questo periodo la Regione sta diffondendo dati che dimostrerebbero una decisa diminuzione delle prestazioni in lista di attesa, tuttavia abbiamo gi\u00e0 riscontrato in passato un gap tra i dati ufficiali e le esperienze riportate dai cittadini.<br \/>\nVorremmo pertanto che i monitoraggi sulle attese fossero pi\u00f9 chiari, e registrassero il tempo reale che il paziente aspetta tra il momento della prenotazione e quello in cui riceve la prestazione, abolendo quindi l\u2019infelice pratica del \u201cgalleggiamento\u201d (o \u201cpre-appuntamento\u201d, come sembra sar\u00e0 chiamata d\u2019ora in poi).<br \/>\nRicordiamo che la chiusura delle agende \u00e8 proibita da legge nazionale e regionale, a maggior ragione quindi tutto il tempo che intercorre tra il contatto con il CUP e quello in cui si riceve l\u2019appuntamento deve assolutamente essere conteggiato come tempo di attesa.<br \/>\nDal nostro osservatorio di cittadini, notiamo la persistenza di criticit\u00e0 sulle prestazioni a pi\u00f9 lungo termine (30, 60 o 90 giorni) e in particolare sulle visite \u201cdi controllo\u201d. Non vorremmo che quest\u2019ultime, non facendo parte delle prestazioni che vengono monitorate ai fini del Piano di Governo delle Liste di attesa (che \u00e8 relativo solo a \u201cprime visite\u201d), fossero ritenute meno importanti quando invece riguardano la vasta platea dei pazienti con malattie croniche, per le quali i controlli sono vitali.<br \/>\nLa pandemia \u00e8 oramai passata da tempo e non ci sono pi\u00f9 motivi per giustificare quello che per i cittadini significa il venir meno del diritto fondamentale alla salute che \u00e8 sancito dall\u2019Art.32 della Costituzione Italiana.<\/p>\n<p>Proprio per l\u2019attenzione ai diritti, ci ha colpito l\u2019esperienza degli Sportelli attivati dal Coordinamento Salute di Lodi e ci siamo attrezzati per trasferirla anche in Veneto.<br \/>\nAttraverso lo Sportello vogliamo sensibilizzare le persone sui diritti che la legislazione ci garantisce e al tempo stesso richiamare le Aziende ULSS al loro dovere di erogare le prestazioni nei tempi corretti.<br \/>\nGli Sportelli Diritto alle Cure sono gi\u00e0 in funzione a Venezia, dove i cittadini hanno a disposizione ben 7 punti di accesso, e nell\u2019Alto Vicentino, con 2 punti. Nei prossimi giorni altri Sportelli nell\u2019Ulss Veneto Orientale, nel Bellunese, nelle province di Treviso, Rovigo e Verona andranno a coprire con la loro presenza l\u2019intero territorio di ogni ULSS.<\/p>\n<p>Le persone che si rivolgeranno agli sportelli Coordinati da Covesap , troveranno ascolto e accompagnamento nella preparazione e invio della documentazione fino alla auspicata soluzione del problema.<\/p>\n<p>In questo periodo molti altri soggetti stanno fornendo informazioni e moduli per richiedere prestazioni in lista di attesa attraverso la Libera Professione in intramoenia, o per l\u2019accesso a rimborsi in caso di utilizzo di struttura privata, pagando solo il ticket, se dovuto.<\/p>\n<p>Per gli Sportelli dei Comitati aderenti a Covesap, obiettivo primario resta invece l\u2019effettuazione della prestazione presso la struttura pubblica, che per noi rimane quella maggiormente in grado di rispondere ai bisogni di cura della popolazione.<\/p>\n<p><strong>In Provincia di Belluno<\/strong><br \/>\nIl primo \u00e8 attivato dal \u201cComitato Feltrino per il diritto alla Salute &#8211; Giu\u2019 le mani dalla Sanit\u00e0 Bellunese\u201d<\/p>\n<p>Quello di Feltre \u00e8 il primo sportello a prendere il via in provincia, e l\u2019impegno \u00e8 a fare di supporto ad altri e soprattutto a dare risposte alla numerosa utenza che ci ha gi\u00e0 contattati nel tempo.<br \/>\nSi accolgono cos\u00ec le istanze dei cittadini che con la loro documentazione attestano il \u201cgalleggiamento\u201d o il mancato rispetto dei tempi di svolgimento della prestazione sanitaria da parte dell\u2019ULSS 1 e, inoltrano presso lo sportello il ricorso all\u2019azienda Sanitaria, normalmente accolto in tempi brevi, come gi\u00e0 i primi casi trattati hanno dimostrato.<\/p>\n<p>L\u2019azione dello \u201cSPORTELLO DIRITTO ALLE CURE \u201c \u2013 come lo intendiamo anche qui a Belluno per l\u2019 ULSS1 Dolomiti \u2013 \u00e8 un servizio di aiuto gratuito per i nostri concittadini che vedranno rispettati i tempi prescritti nell\u2019impegnativa del medico (che rispondono a necessit\u00e0 di fare accertamenti diagnostici inderogabili ) e saranno utili a disincentivare l\u2019 eventuale ricorso alla sanit\u00e0 privata a causa delle lunghe liste d\u2019attesa ricorrendo a spese di tasca propria o adirittura senza potersi curare.<br \/>\nA breve sar\u00e0 pronta la sede. Gi\u00e0 attivo il numero di telefono 388 639 0112 e l&#8217;indirizzo e-mail:\u00a0sanitabellunese@gmail.com<\/p>\n<p>&nbsp;<\/p>","protected":false},"excerpt":{"rendered":"<p>In Veneto prendono il via gli Sportelli per il diritto alle cure. Gi\u00e0 attivo a Feltre con numero di telefono 388 639 0112 e indirizzo e-mail: sanitabellunese@gmail.com Presentata l&#8217;iniziativa oggi a Venezia davanti a Palazzo Ferro Fini Venezia,29 maggio 2024 &#8211;\u00a0Il tema delle liste di attesa per l\u2019accesso alle prestazioni sanitarie \u00e8 sempre stato al [&hellip;]<\/p>\n","protected":false},"author":2,"featured_media":151167,"comment_status":"closed","ping_status":"open","sticky":false,"template":"","format":"standard","meta":{"footnotes":""},"categories":[3446,26,17],"tags":[],"class_list":["post-151166","post","type-post","status-publish","format-standard","has-post-thumbnail","category-featured","category-prima-pagina","category-sanita"],"yoast_head":"<!-- This site is optimized with the Yoast SEO plugin v28.4 - https:\/\/yoast.com\/product\/yoast-seo-wordpress\/ -->\n<title>Sportelli per il diritto alle cure. Oggi a Venezia la presentazione. Gi\u00e0 attivo a Feltre - Bellunopress - Dolomiti<\/title>\n<meta name=\"robots\" content=\"index, follow, max-snippet:-1, max-image-preview:large, max-video-preview:-1\" \/>\n<link rel=\"canonical\" href=\"https:\/\/www.bellunopress.it\/fr\/2024\/05\/29\/sportelli-per-il-diritto-alle-cure-oggi-a-venezia-la-presentazione-gia-attivo-a-feltre\/\" \/>\n<meta property=\"og:locale\" content=\"fr_FR\" \/>\n<meta property=\"og:type\" content=\"article\" \/>\n<meta property=\"og:title\" content=\"Sportelli per il diritto alle cure. Oggi a Venezia la presentazione. Gi\u00e0 attivo a Feltre - Bellunopress - Dolomiti\" \/>\n<meta property=\"og:description\" content=\"In Veneto prendono il via gli Sportelli per il diritto alle cure. Gi\u00e0 attivo a Feltre con numero di telefono 388 639 0112 e indirizzo e-mail: sanitabellunese@gmail.com Presentata l&#8217;iniziativa oggi a Venezia davanti a Palazzo Ferro Fini Venezia,29 maggio 2024 &#8211;\u00a0Il tema delle liste di attesa per l\u2019accesso alle prestazioni sanitarie \u00e8 sempre stato al [&hellip;]\" \/>\n<meta property=\"og:url\" content=\"https:\/\/www.bellunopress.it\/fr\/2024\/05\/29\/sportelli-per-il-diritto-alle-cure-oggi-a-venezia-la-presentazione-gia-attivo-a-feltre\/\" \/>\n<meta property=\"og:site_name\" content=\"Bellunopress - Dolomiti\" \/>\n<meta property=\"article:publisher\" content=\"https:\/\/www.facebook.com\/profile.php?id=100008943462799\" \/>\n<meta property=\"article:published_time\" content=\"2024-05-29T14:11:23+00:00\" \/>\n<meta property=\"og:image\" content=\"https:\/\/www.bellunopress.it\/wp-content\/uploads\/2024\/05\/comitato-feltrino-per-il-diritto-alla-salute.jpg\" \/>\n\t<meta property=\"og:image:width\" content=\"510\" \/>\n\t<meta property=\"og:image:height\" content=\"401\" \/>\n\t<meta property=\"og:image:type\" content=\"image\/jpeg\" \/>\n<meta name=\"author\" content=\"redazione\" \/>\n<meta name=\"twitter:card\" content=\"summary_large_image\" \/>\n<meta name=\"twitter:creator\" content=\"@bellunopress\" \/>\n<meta name=\"twitter:site\" content=\"@bellunopress\" \/>\n<meta name=\"twitter:label1\" content=\"\u00c9crit par\" \/>\n\t<meta name=\"twitter:data1\" content=\"redazione\" \/>\n\t<meta name=\"twitter:label2\" content=\"Dur\u00e9e de lecture estim\u00e9e\" \/>\n\t<meta name=\"twitter:data2\" content=\"5 minutes\" \/>\n<script type=\"application\/ld+json\" class=\"yoast-schema-graph\">{\"@context\":\"https:\\\/\\\/schema.org\",\"@graph\":[{\"@type\":\"Article\",\"@id\":\"https:\\\/\\\/www.bellunopress.it\\\/2024\\\/05\\\/29\\\/sportelli-per-il-diritto-alle-cure-oggi-a-venezia-la-presentazione-gia-attivo-a-feltre\\\/#article\",\"isPartOf\":{\"@id\":\"https:\\\/\\\/www.bellunopress.it\\\/2024\\\/05\\\/29\\\/sportelli-per-il-diritto-alle-cure-oggi-a-venezia-la-presentazione-gia-attivo-a-feltre\\\/\"},\"author\":{\"name\":\"redazione\",\"@id\":\"https:\\\/\\\/www.bellunopress.it\\\/#\\\/schema\\\/person\\\/79bb06722b37ece1c03d3e94beb30d73\"},\"headline\":\"Sportelli per il diritto alle cure. Oggi a Venezia la presentazione. Gi\u00e0 attivo a Feltre\",\"datePublished\":\"2024-05-29T14:11:23+00:00\",\"mainEntityOfPage\":{\"@id\":\"https:\\\/\\\/www.bellunopress.it\\\/2024\\\/05\\\/29\\\/sportelli-per-il-diritto-alle-cure-oggi-a-venezia-la-presentazione-gia-attivo-a-feltre\\\/\"},\"wordCount\":975,\"publisher\":{\"@id\":\"https:\\\/\\\/www.bellunopress.it\\\/#organization\"},\"image\":{\"@id\":\"https:\\\/\\\/www.bellunopress.it\\\/2024\\\/05\\\/29\\\/sportelli-per-il-diritto-alle-cure-oggi-a-venezia-la-presentazione-gia-attivo-a-feltre\\\/#primaryimage\"},\"thumbnailUrl\":\"https:\\\/\\\/www.bellunopress.it\\\/wp-content\\\/uploads\\\/2024\\\/05\\\/comitato-feltrino-per-il-diritto-alla-salute.jpg\",\"articleSection\":[\"Featured\",\"Prima Pagina\",\"Sanit\u00e0 Medicina\"],\"inLanguage\":\"fr-FR\"},{\"@type\":\"WebPage\",\"@id\":\"https:\\\/\\\/www.bellunopress.it\\\/2024\\\/05\\\/29\\\/sportelli-per-il-diritto-alle-cure-oggi-a-venezia-la-presentazione-gia-attivo-a-feltre\\\/\",\"url\":\"https:\\\/\\\/www.bellunopress.it\\\/2024\\\/05\\\/29\\\/sportelli-per-il-diritto-alle-cure-oggi-a-venezia-la-presentazione-gia-attivo-a-feltre\\\/\",\"name\":\"Sportelli per il diritto alle cure. Oggi a Venezia la presentazione. Gi\u00e0 attivo a Feltre - Bellunopress - Dolomiti\",\"isPartOf\":{\"@id\":\"https:\\\/\\\/www.bellunopress.it\\\/#website\"},\"primaryImageOfPage\":{\"@id\":\"https:\\\/\\\/www.bellunopress.it\\\/2024\\\/05\\\/29\\\/sportelli-per-il-diritto-alle-cure-oggi-a-venezia-la-presentazione-gia-attivo-a-feltre\\\/#primaryimage\"},\"image\":{\"@id\":\"https:\\\/\\\/www.bellunopress.it\\\/2024\\\/05\\\/29\\\/sportelli-per-il-diritto-alle-cure-oggi-a-venezia-la-presentazione-gia-attivo-a-feltre\\\/#primaryimage\"},\"thumbnailUrl\":\"https:\\\/\\\/www.bellunopress.it\\\/wp-content\\\/uploads\\\/2024\\\/05\\\/comitato-feltrino-per-il-diritto-alla-salute.jpg\",\"datePublished\":\"2024-05-29T14:11:23+00:00\",\"breadcrumb\":{\"@id\":\"https:\\\/\\\/www.bellunopress.it\\\/2024\\\/05\\\/29\\\/sportelli-per-il-diritto-alle-cure-oggi-a-venezia-la-presentazione-gia-attivo-a-feltre\\\/#breadcrumb\"},\"inLanguage\":\"fr-FR\",\"potentialAction\":[{\"@type\":\"ReadAction\",\"target\":[\"https:\\\/\\\/www.bellunopress.it\\\/2024\\\/05\\\/29\\\/sportelli-per-il-diritto-alle-cure-oggi-a-venezia-la-presentazione-gia-attivo-a-feltre\\\/\"]}]},{\"@type\":\"ImageObject\",\"inLanguage\":\"fr-FR\",\"@id\":\"https:\\\/\\\/www.bellunopress.it\\\/2024\\\/05\\\/29\\\/sportelli-per-il-diritto-alle-cure-oggi-a-venezia-la-presentazione-gia-attivo-a-feltre\\\/#primaryimage\",\"url\":\"https:\\\/\\\/www.bellunopress.it\\\/wp-content\\\/uploads\\\/2024\\\/05\\\/comitato-feltrino-per-il-diritto-alla-salute.jpg\",\"contentUrl\":\"https:\\\/\\\/www.bellunopress.it\\\/wp-content\\\/uploads\\\/2024\\\/05\\\/comitato-feltrino-per-il-diritto-alla-salute.jpg\",\"width\":510,\"height\":401},{\"@type\":\"BreadcrumbList\",\"@id\":\"https:\\\/\\\/www.bellunopress.it\\\/2024\\\/05\\\/29\\\/sportelli-per-il-diritto-alle-cure-oggi-a-venezia-la-presentazione-gia-attivo-a-feltre\\\/#breadcrumb\",\"itemListElement\":[{\"@type\":\"ListItem\",\"position\":1,\"name\":\"Home\",\"item\":\"https:\\\/\\\/www.bellunopress.it\\\/\"},{\"@type\":\"ListItem\",\"position\":2,\"name\":\"Sportelli per il diritto alle cure. Oggi a Venezia la presentazione. Gi\u00e0 attivo a Feltre\"}]},{\"@type\":\"WebSite\",\"@id\":\"https:\\\/\\\/www.bellunopress.it\\\/#website\",\"url\":\"https:\\\/\\\/www.bellunopress.it\\\/\",\"name\":\"Bellunopress - Dolomiti\",\"description\":\"e-mail: redazione@bellunopress.it\",\"publisher\":{\"@id\":\"https:\\\/\\\/www.bellunopress.it\\\/#organization\"},\"potentialAction\":[{\"@type\":\"SearchAction\",\"target\":{\"@type\":\"EntryPoint\",\"urlTemplate\":\"https:\\\/\\\/www.bellunopress.it\\\/?s={search_term_string}\"},\"query-input\":{\"@type\":\"PropertyValueSpecification\",\"valueRequired\":true,\"valueName\":\"search_term_string\"}}],\"inLanguage\":\"fr-FR\"},{\"@type\":\"Organization\",\"@id\":\"https:\\\/\\\/www.bellunopress.it\\\/#organization\",\"name\":\"Bellunopress\",\"url\":\"https:\\\/\\\/www.bellunopress.it\\\/\",\"logo\":{\"@type\":\"ImageObject\",\"inLanguage\":\"fr-FR\",\"@id\":\"https:\\\/\\\/www.bellunopress.it\\\/#\\\/schema\\\/logo\\\/image\\\/\",\"url\":\"https:\\\/\\\/www.bellunopress.it\\\/wp-content\\\/uploads\\\/2011\\\/05\\\/cropped-logo-bellunopress-.jpg\",\"contentUrl\":\"https:\\\/\\\/www.bellunopress.it\\\/wp-content\\\/uploads\\\/2011\\\/05\\\/cropped-logo-bellunopress-.jpg\",\"width\":512,\"height\":512,\"caption\":\"Bellunopress\"},\"image\":{\"@id\":\"https:\\\/\\\/www.bellunopress.it\\\/#\\\/schema\\\/logo\\\/image\\\/\"},\"sameAs\":[\"https:\\\/\\\/www.facebook.com\\\/profile.php?id=100008943462799\",\"https:\\\/\\\/x.com\\\/bellunopress\",\"https:\\\/\\\/www.linkedin.com\\\/hp\\\/?dnr=JBzUWaJfMUw8vbXJJ2tVW5-I3jZKvC4wsoxE&amp;amp;amp;amp;amp;amp;trk=nav_responsive_tab_home\",\"https:\\\/\\\/www.youtube.com\\\/channel\\\/UCxL0wu1uN0_3_7hGG0306cw\"]},{\"@type\":\"Person\",\"@id\":\"https:\\\/\\\/www.bellunopress.it\\\/#\\\/schema\\\/person\\\/79bb06722b37ece1c03d3e94beb30d73\",\"name\":\"redazione\",\"image\":{\"@type\":\"ImageObject\",\"inLanguage\":\"fr-FR\",\"@id\":\"https:\\\/\\\/secure.gravatar.com\\\/avatar\\\/37d968a2e67a6fd04c169c4bdef102d0bc5d31b2546345219e348575eb80e9a0?s=96&d=mm&r=g\",\"url\":\"https:\\\/\\\/secure.gravatar.com\\\/avatar\\\/37d968a2e67a6fd04c169c4bdef102d0bc5d31b2546345219e348575eb80e9a0?s=96&d=mm&r=g\",\"contentUrl\":\"https:\\\/\\\/secure.gravatar.com\\\/avatar\\\/37d968a2e67a6fd04c169c4bdef102d0bc5d31b2546345219e348575eb80e9a0?s=96&d=mm&r=g\",\"caption\":\"redazione\"},\"sameAs\":[\"http:\\\/\\\/www.bellunopress.it\",\"https:\\\/\\\/x.com\\\/bellunopress\"],\"url\":\"https:\\\/\\\/www.bellunopress.it\\\/fr\\\/author\\\/redazione\\\/\"}]}<\/script>\n<!-- \/ Yoast SEO plugin. -->","yoast_head_json":{"title":"Sportelli per il diritto alle cure. Oggi a Venezia la presentazione. Gi\u00e0 attivo a Feltre - Bellunopress - Dolomiti","robots":{"index":"index","follow":"follow","max-snippet":"max-snippet:-1","max-image-preview":"max-image-preview:large","max-video-preview":"max-video-preview:-1"},"canonical":"https:\/\/www.bellunopress.it\/fr\/2024\/05\/29\/sportelli-per-il-diritto-alle-cure-oggi-a-venezia-la-presentazione-gia-attivo-a-feltre\/","og_locale":"fr_FR","og_type":"article","og_title":"Sportelli per il diritto alle cure. Oggi a Venezia la presentazione. Gi\u00e0 attivo a Feltre - Bellunopress - Dolomiti","og_description":"In Veneto prendono il via gli Sportelli per il diritto alle cure. Gi\u00e0 attivo a Feltre con numero di telefono 388 639 0112 e indirizzo e-mail: sanitabellunese@gmail.com Presentata l&#8217;iniziativa oggi a Venezia davanti a Palazzo Ferro Fini Venezia,29 maggio 2024 &#8211;\u00a0Il tema delle liste di attesa per l\u2019accesso alle prestazioni sanitarie \u00e8 sempre stato al [&hellip;]","og_url":"https:\/\/www.bellunopress.it\/fr\/2024\/05\/29\/sportelli-per-il-diritto-alle-cure-oggi-a-venezia-la-presentazione-gia-attivo-a-feltre\/","og_site_name":"Bellunopress - Dolomiti","article_publisher":"https:\/\/www.facebook.com\/profile.php?id=100008943462799","article_published_time":"2024-05-29T14:11:23+00:00","og_image":[{"width":510,"height":401,"url":"https:\/\/www.bellunopress.it\/wp-content\/uploads\/2024\/05\/comitato-feltrino-per-il-diritto-alla-salute.jpg","type":"image\/jpeg"}],"author":"redazione","twitter_card":"summary_large_image","twitter_creator":"@bellunopress","twitter_site":"@bellunopress","twitter_misc":{"\u00c9crit par":"redazione","Dur\u00e9e de lecture estim\u00e9e":"5 minutes"},"schema":{"@context":"https:\/\/schema.org","@graph":[{"@type":"Article","@id":"https:\/\/www.bellunopress.it\/2024\/05\/29\/sportelli-per-il-diritto-alle-cure-oggi-a-venezia-la-presentazione-gia-attivo-a-feltre\/#article","isPartOf":{"@id":"https:\/\/www.bellunopress.it\/2024\/05\/29\/sportelli-per-il-diritto-alle-cure-oggi-a-venezia-la-presentazione-gia-attivo-a-feltre\/"},"author":{"name":"redazione","@id":"https:\/\/www.bellunopress.it\/#\/schema\/person\/79bb06722b37ece1c03d3e94beb30d73"},"headline":"Sportelli per il diritto alle cure. Oggi a Venezia la presentazione. Gi\u00e0 attivo a Feltre","datePublished":"2024-05-29T14:11:23+00:00","mainEntityOfPage":{"@id":"https:\/\/www.bellunopress.it\/2024\/05\/29\/sportelli-per-il-diritto-alle-cure-oggi-a-venezia-la-presentazione-gia-attivo-a-feltre\/"},"wordCount":975,"publisher":{"@id":"https:\/\/www.bellunopress.it\/#organization"},"image":{"@id":"https:\/\/www.bellunopress.it\/2024\/05\/29\/sportelli-per-il-diritto-alle-cure-oggi-a-venezia-la-presentazione-gia-attivo-a-feltre\/#primaryimage"},"thumbnailUrl":"https:\/\/www.bellunopress.it\/wp-content\/uploads\/2024\/05\/comitato-feltrino-per-il-diritto-alla-salute.jpg","articleSection":["Featured","Prima Pagina","Sanit\u00e0 Medicina"],"inLanguage":"fr-FR"},{"@type":"WebPage","@id":"https:\/\/www.bellunopress.it\/2024\/05\/29\/sportelli-per-il-diritto-alle-cure-oggi-a-venezia-la-presentazione-gia-attivo-a-feltre\/","url":"https:\/\/www.bellunopress.it\/2024\/05\/29\/sportelli-per-il-diritto-alle-cure-oggi-a-venezia-la-presentazione-gia-attivo-a-feltre\/","name":"Sportelli per il diritto alle cure. Oggi a Venezia la presentazione. Gi\u00e0 attivo a Feltre - Bellunopress - Dolomiti","isPartOf":{"@id":"https:\/\/www.bellunopress.it\/#website"},"primaryImageOfPage":{"@id":"https:\/\/www.bellunopress.it\/2024\/05\/29\/sportelli-per-il-diritto-alle-cure-oggi-a-venezia-la-presentazione-gia-attivo-a-feltre\/#primaryimage"},"image":{"@id":"https:\/\/www.bellunopress.it\/2024\/05\/29\/sportelli-per-il-diritto-alle-cure-oggi-a-venezia-la-presentazione-gia-attivo-a-feltre\/#primaryimage"},"thumbnailUrl":"https:\/\/www.bellunopress.it\/wp-content\/uploads\/2024\/05\/comitato-feltrino-per-il-diritto-alla-salute.jpg","datePublished":"2024-05-29T14:11:23+00:00","breadcrumb":{"@id":"https:\/\/www.bellunopress.it\/2024\/05\/29\/sportelli-per-il-diritto-alle-cure-oggi-a-venezia-la-presentazione-gia-attivo-a-feltre\/#breadcrumb"},"inLanguage":"fr-FR","potentialAction":[{"@type":"ReadAction","target":["https:\/\/www.bellunopress.it\/2024\/05\/29\/sportelli-per-il-diritto-alle-cure-oggi-a-venezia-la-presentazione-gia-attivo-a-feltre\/"]}]},{"@type":"ImageObject","inLanguage":"fr-FR","@id":"https:\/\/www.bellunopress.it\/2024\/05\/29\/sportelli-per-il-diritto-alle-cure-oggi-a-venezia-la-presentazione-gia-attivo-a-feltre\/#primaryimage","url":"https:\/\/www.bellunopress.it\/wp-content\/uploads\/2024\/05\/comitato-feltrino-per-il-diritto-alla-salute.jpg","contentUrl":"https:\/\/www.bellunopress.it\/wp-content\/uploads\/2024\/05\/comitato-feltrino-per-il-diritto-alla-salute.jpg","width":510,"height":401},{"@type":"BreadcrumbList","@id":"https:\/\/www.bellunopress.it\/2024\/05\/29\/sportelli-per-il-diritto-alle-cure-oggi-a-venezia-la-presentazione-gia-attivo-a-feltre\/#breadcrumb","itemListElement":[{"@type":"ListItem","position":1,"name":"Home","item":"https:\/\/www.bellunopress.it\/"},{"@type":"ListItem","position":2,"name":"Sportelli per il diritto alle cure. Oggi a Venezia la presentazione. Gi\u00e0 attivo a Feltre"}]},{"@type":"WebSite","@id":"https:\/\/www.bellunopress.it\/#website","url":"https:\/\/www.bellunopress.it\/","name":"Bellunopress - Dolomiti","description":"e-mail: redazione@bellunopress.it","publisher":{"@id":"https:\/\/www.bellunopress.it\/#organization"},"potentialAction":[{"@type":"SearchAction","target":{"@type":"EntryPoint","urlTemplate":"https:\/\/www.bellunopress.it\/?s={search_term_string}"},"query-input":{"@type":"PropertyValueSpecification","valueRequired":true,"valueName":"search_term_string"}}],"inLanguage":"fr-FR"},{"@type":"Organization","@id":"https:\/\/www.bellunopress.it\/#organization","name":"Bellunopress","url":"https:\/\/www.bellunopress.it\/","logo":{"@type":"ImageObject","inLanguage":"fr-FR","@id":"https:\/\/www.bellunopress.it\/#\/schema\/logo\/image\/","url":"https:\/\/www.bellunopress.it\/wp-content\/uploads\/2011\/05\/cropped-logo-bellunopress-.jpg","contentUrl":"https:\/\/www.bellunopress.it\/wp-content\/uploads\/2011\/05\/cropped-logo-bellunopress-.jpg","width":512,"height":512,"caption":"Bellunopress"},"image":{"@id":"https:\/\/www.bellunopress.it\/#\/schema\/logo\/image\/"},"sameAs":["https:\/\/www.facebook.com\/profile.php?id=100008943462799","https:\/\/x.com\/bellunopress","https:\/\/www.linkedin.com\/hp\/?dnr=JBzUWaJfMUw8vbXJJ2tVW5-I3jZKvC4wsoxE&amp;amp;amp;amp;amp;amp;trk=nav_responsive_tab_home","https:\/\/www.youtube.com\/channel\/UCxL0wu1uN0_3_7hGG0306cw"]},{"@type":"Person","@id":"https:\/\/www.bellunopress.it\/#\/schema\/person\/79bb06722b37ece1c03d3e94beb30d73","name":"r\u00e9daction","image":{"@type":"ImageObject","inLanguage":"fr-FR","@id":"https:\/\/secure.gravatar.com\/avatar\/37d968a2e67a6fd04c169c4bdef102d0bc5d31b2546345219e348575eb80e9a0?s=96&d=mm&r=g","url":"https:\/\/secure.gravatar.com\/avatar\/37d968a2e67a6fd04c169c4bdef102d0bc5d31b2546345219e348575eb80e9a0?s=96&d=mm&r=g","contentUrl":"https:\/\/secure.gravatar.com\/avatar\/37d968a2e67a6fd04c169c4bdef102d0bc5d31b2546345219e348575eb80e9a0?s=96&d=mm&r=g","caption":"redazione"},"sameAs":["http:\/\/www.bellunopress.it","https:\/\/x.com\/bellunopress"],"url":"https:\/\/www.bellunopress.it\/fr\/author\/redazione\/"}]}},"_links":{"self":[{"href":"https:\/\/www.bellunopress.it\/fr\/wp-json\/wp\/v2\/posts\/151166","targetHints":{"allow":["GET"]}}],"collection":[{"href":"https:\/\/www.bellunopress.it\/fr\/wp-json\/wp\/v2\/posts"}],"about":[{"href":"https:\/\/www.bellunopress.it\/fr\/wp-json\/wp\/v2\/types\/post"}],"author":[{"embeddable":true,"href":"https:\/\/www.bellunopress.it\/fr\/wp-json\/wp\/v2\/users\/2"}],"replies":[{"embeddable":true,"href":"https:\/\/www.bellunopress.it\/fr\/wp-json\/wp\/v2\/comments?post=151166"}],"version-history":[{"count":1,"href":"https:\/\/www.bellunopress.it\/fr\/wp-json\/wp\/v2\/posts\/151166\/revisions"}],"predecessor-version":[{"id":151168,"href":"https:\/\/www.bellunopress.it\/fr\/wp-json\/wp\/v2\/posts\/151166\/revisions\/151168"}],"wp:featuredmedia":[{"embeddable":true,"href":"https:\/\/www.bellunopress.it\/fr\/wp-json\/wp\/v2\/media\/151167"}],"wp:attachment":[{"href":"https:\/\/www.bellunopress.it\/fr\/wp-json\/wp\/v2\/media?parent=151166"}],"wp:term":[{"taxonomy":"category","embeddable":true,"href":"https:\/\/www.bellunopress.it\/fr\/wp-json\/wp\/v2\/categories?post=151166"},{"taxonomy":"post_tag","embeddable":true,"href":"https:\/\/www.bellunopress.it\/fr\/wp-json\/wp\/v2\/tags?post=151166"}],"curies":[{"name":"wp","href":"https:\/\/api.w.org\/{rel}","templated":true}]}}