{"id":15080,"date":"2010-05-09T15:05:33","date_gmt":"2010-05-09T14:05:33","guid":{"rendered":"http:\/\/www.bellunopress.it\/?p=15080"},"modified":"2010-05-09T15:05:33","modified_gmt":"2010-05-09T14:05:33","slug":"le-dolomiti-e-le-eolie-abbracciano-lafrica-2011","status":"publish","type":"post","link":"https:\/\/www.bellunopress.it\/fr\/2010\/05\/09\/le-dolomiti-e-le-eolie-abbracciano-lafrica-2011\/","title":{"rendered":"Le Dolomiti e le Eolie abbracciano l&#8217;Africa 2011"},"content":{"rendered":"<figure id=\"attachment_14293\" aria-describedby=\"caption-attachment-14293\" style=\"width: 270px\" class=\"wp-caption alignleft\"><a href=\"http:\/\/www.bellunopress.it\/wp-content\/uploads\/2010\/04\/mariano-bruno-sindaco-lipari-tatiana-pais-bacher.jpg\"><img loading=\"lazy\" decoding=\"async\" class=\"size-medium wp-image-14293\" title=\"mariano-bruno-sindaco-lipari-tatiana-pais-bacher\" src=\"http:\/\/www.bellunopress.it\/wp-content\/uploads\/2010\/04\/mariano-bruno-sindaco-lipari-tatiana-pais-bacher.jpg\" alt=\"Mariano Bruno e Tatiana Pais Becher\" width=\"270\" height=\"270\" \/><\/a><figcaption id=\"caption-attachment-14293\" class=\"wp-caption-text\">Mariano Bruno e Tatiana Pais Becher<\/figcaption><\/figure>\n<p>La presentazione dei ragazzi del Liceo Linguistico Cadore del video della manifestazione \u201cLe Dolomiti abbracciano l\u2019Africa\u201d, durante il viaggio alle Eolie per il gemellaggio tra Auronzo e Lipari, ha sortito un effetto davvero inaspettato. In sala erano infatti presenti il Sindaco di Lipari Mariano Bruno con alcuni assessori, il presidente di Federaberghi Eolie, oltre agli insegnanti, studenti e cittadini di Lipari e tutti sono rimasti profondamente colpiti dal significato della manifestazione e dal messaggio di pace, giustizia e uguaglianza che 6000 persone hanno inviato dalle Dolomiti agli 8 Grandi riuniti nel G8 di L\u2019Aquila, poi amplificato dai mezzi di comunicazione di tutto il mondo. Da qui \u00e8 nata la proposta, fatta all\u2019assessore alla cultura di Auronzo Tatiana Pais Becher, di organizzare insieme un\u2019analoga catena umana attorno ad un\u2019isola delle Eolie, Stromboli o Vulcano, per il 2011. La manifestazione prender\u00e0 il nome di \u201cLe Dolomiti e le Eolie abbracciano l\u2019Africa\u201d e verr\u00e0 organizzata, in vista del G8 2011 in Francia, da Tatiana Pais Becher con Daniele Giaffredo, Francesco De Bon e Piergiorgio Da Rold dell\u2019ong bellunese Gruppi \u201cInsieme Si Pu\u00f2\u201d, affiancati dall\u2019amministrazione comunale di Lipari, che include 6 delle 7 isole dell\u2019arcipelago eoliano e da altri enti e associazioni siciliani. Il Sindaco Mariano Bruno ha gi\u00e0 annunciato l\u2019organizzazione della manifestazione al pubblico presente in Municipio a Lipari durante la cerimonia di saluto agli studenti e insegnati cadorini ospiti del gemellaggio. Una prima riunione operativa si \u00e8 svolta la sera prima della partenza dei cadorini, mentre un vero e proprio sopralluogo \u00e8 stato fissato per settembre, in modo da poter poi organizzare al meglio la manifestazione, coinvolgendo le associazioni, gli enti e i personaggi che avevano gi\u00e0 sostenuto e partecipato alla catena umana attorno alle Tre Cime di Lavaredo lo scorso anno. Il gemellaggio tra Dolomiti e Eolie, gli unici 2 siti Unesco italiani per motivi naturalistici, iniziato con il coinvolgimento degli studenti delle scuole superiori, sta via via assumendo un significato umano, ambientale e culturale\u00a0 molto profondo, un vero ponte tra nord e sud fatto di valori comuni, speranza per un futuro migliore e rispetto per tutti gli esseri umani che vivono sul pianeta Terra.<\/p>","protected":false},"excerpt":{"rendered":"<p>La presentazione dei ragazzi del Liceo Linguistico Cadore del video della manifestazione \u201cLe Dolomiti abbracciano l\u2019Africa\u201d, durante il viaggio alle Eolie per il gemellaggio tra Auronzo e Lipari, ha sortito un effetto davvero inaspettato. In sala erano infatti presenti il Sindaco di Lipari Mariano Bruno con alcuni assessori, il presidente di Federaberghi Eolie, oltre agli [&hellip;]<\/p>\n","protected":false},"author":2,"featured_media":0,"comment_status":"closed","ping_status":"open","sticky":false,"template":"","format":"standard","meta":{"footnotes":""},"categories":[26,15],"tags":[1494],"class_list":["post-15080","post","type-post","status-publish","format-standard","category-prima-pagina","category-scuola","tag-le-dolomiti-e-le-eolie-abbracciano-lafrica"],"yoast_head":"<!-- This site is optimized with the Yoast SEO plugin v28.4 - https:\/\/yoast.com\/product\/yoast-seo-wordpress\/ -->\n<title>Le Dolomiti e le Eolie abbracciano l&#039;Africa 2011 - Bellunopress - Dolomiti<\/title>\n<meta name=\"robots\" content=\"index, follow, max-snippet:-1, max-image-preview:large, max-video-preview:-1\" \/>\n<link rel=\"canonical\" href=\"https:\/\/www.bellunopress.it\/fr\/2010\/05\/09\/le-dolomiti-e-le-eolie-abbracciano-lafrica-2011\/\" \/>\n<meta property=\"og:locale\" content=\"fr_FR\" \/>\n<meta property=\"og:type\" content=\"article\" \/>\n<meta property=\"og:title\" content=\"Le Dolomiti e le Eolie abbracciano l&#039;Africa 2011 - Bellunopress - Dolomiti\" \/>\n<meta property=\"og:description\" content=\"La presentazione dei ragazzi del Liceo Linguistico Cadore del video della manifestazione \u201cLe Dolomiti abbracciano l\u2019Africa\u201d, durante il viaggio alle Eolie per il gemellaggio tra Auronzo e Lipari, ha sortito un effetto davvero inaspettato. In sala erano infatti presenti il Sindaco di Lipari Mariano Bruno con alcuni assessori, il presidente di Federaberghi Eolie, oltre agli [&hellip;]\" \/>\n<meta property=\"og:url\" content=\"https:\/\/www.bellunopress.it\/fr\/2010\/05\/09\/le-dolomiti-e-le-eolie-abbracciano-lafrica-2011\/\" \/>\n<meta property=\"og:site_name\" content=\"Bellunopress - Dolomiti\" \/>\n<meta property=\"article:publisher\" content=\"https:\/\/www.facebook.com\/profile.php?id=100008943462799\" \/>\n<meta property=\"article:published_time\" content=\"2010-05-09T14:05:33+00:00\" \/>\n<meta property=\"og:image\" content=\"http:\/\/www.bellunopress.it\/wp-content\/uploads\/2010\/04\/mariano-bruno-sindaco-lipari-tatiana-pais-bacher.jpg\" \/>\n<meta name=\"author\" content=\"redazione\" \/>\n<meta name=\"twitter:card\" content=\"summary_large_image\" \/>\n<meta name=\"twitter:creator\" content=\"@bellunopress\" \/>\n<meta name=\"twitter:site\" content=\"@bellunopress\" \/>\n<meta name=\"twitter:label1\" content=\"\u00c9crit par\" \/>\n\t<meta name=\"twitter:data1\" content=\"redazione\" \/>\n\t<meta name=\"twitter:label2\" content=\"Dur\u00e9e de lecture estim\u00e9e\" \/>\n\t<meta name=\"twitter:data2\" content=\"2 minutes\" \/>\n<script type=\"application\/ld+json\" class=\"yoast-schema-graph\">{\"@context\":\"https:\\\/\\\/schema.org\",\"@graph\":[{\"@type\":\"Article\",\"@id\":\"https:\\\/\\\/www.bellunopress.it\\\/2010\\\/05\\\/09\\\/le-dolomiti-e-le-eolie-abbracciano-lafrica-2011\\\/#article\",\"isPartOf\":{\"@id\":\"https:\\\/\\\/www.bellunopress.it\\\/2010\\\/05\\\/09\\\/le-dolomiti-e-le-eolie-abbracciano-lafrica-2011\\\/\"},\"author\":{\"name\":\"redazione\",\"@id\":\"https:\\\/\\\/www.bellunopress.it\\\/#\\\/schema\\\/person\\\/79bb06722b37ece1c03d3e94beb30d73\"},\"headline\":\"Le Dolomiti e le Eolie abbracciano l&#8217;Africa 2011\",\"datePublished\":\"2010-05-09T14:05:33+00:00\",\"mainEntityOfPage\":{\"@id\":\"https:\\\/\\\/www.bellunopress.it\\\/2010\\\/05\\\/09\\\/le-dolomiti-e-le-eolie-abbracciano-lafrica-2011\\\/\"},\"wordCount\":376,\"publisher\":{\"@id\":\"https:\\\/\\\/www.bellunopress.it\\\/#organization\"},\"image\":{\"@id\":\"https:\\\/\\\/www.bellunopress.it\\\/2010\\\/05\\\/09\\\/le-dolomiti-e-le-eolie-abbracciano-lafrica-2011\\\/#primaryimage\"},\"thumbnailUrl\":\"http:\\\/\\\/www.bellunopress.it\\\/wp-content\\\/uploads\\\/2010\\\/04\\\/mariano-bruno-sindaco-lipari-tatiana-pais-bacher.jpg\",\"keywords\":[\"Le Dolomiti e le Eolie abbracciano l'Africa\"],\"articleSection\":[\"Prima Pagina\",\"Scuola\"],\"inLanguage\":\"fr-FR\"},{\"@type\":\"WebPage\",\"@id\":\"https:\\\/\\\/www.bellunopress.it\\\/2010\\\/05\\\/09\\\/le-dolomiti-e-le-eolie-abbracciano-lafrica-2011\\\/\",\"url\":\"https:\\\/\\\/www.bellunopress.it\\\/2010\\\/05\\\/09\\\/le-dolomiti-e-le-eolie-abbracciano-lafrica-2011\\\/\",\"name\":\"Le Dolomiti e le Eolie abbracciano l'Africa 2011 - Bellunopress - Dolomiti\",\"isPartOf\":{\"@id\":\"https:\\\/\\\/www.bellunopress.it\\\/#website\"},\"primaryImageOfPage\":{\"@id\":\"https:\\\/\\\/www.bellunopress.it\\\/2010\\\/05\\\/09\\\/le-dolomiti-e-le-eolie-abbracciano-lafrica-2011\\\/#primaryimage\"},\"image\":{\"@id\":\"https:\\\/\\\/www.bellunopress.it\\\/2010\\\/05\\\/09\\\/le-dolomiti-e-le-eolie-abbracciano-lafrica-2011\\\/#primaryimage\"},\"thumbnailUrl\":\"http:\\\/\\\/www.bellunopress.it\\\/wp-content\\\/uploads\\\/2010\\\/04\\\/mariano-bruno-sindaco-lipari-tatiana-pais-bacher.jpg\",\"datePublished\":\"2010-05-09T14:05:33+00:00\",\"breadcrumb\":{\"@id\":\"https:\\\/\\\/www.bellunopress.it\\\/2010\\\/05\\\/09\\\/le-dolomiti-e-le-eolie-abbracciano-lafrica-2011\\\/#breadcrumb\"},\"inLanguage\":\"fr-FR\",\"potentialAction\":[{\"@type\":\"ReadAction\",\"target\":[\"https:\\\/\\\/www.bellunopress.it\\\/2010\\\/05\\\/09\\\/le-dolomiti-e-le-eolie-abbracciano-lafrica-2011\\\/\"]}]},{\"@type\":\"ImageObject\",\"inLanguage\":\"fr-FR\",\"@id\":\"https:\\\/\\\/www.bellunopress.it\\\/2010\\\/05\\\/09\\\/le-dolomiti-e-le-eolie-abbracciano-lafrica-2011\\\/#primaryimage\",\"url\":\"http:\\\/\\\/www.bellunopress.it\\\/wp-content\\\/uploads\\\/2010\\\/04\\\/mariano-bruno-sindaco-lipari-tatiana-pais-bacher.jpg\",\"contentUrl\":\"http:\\\/\\\/www.bellunopress.it\\\/wp-content\\\/uploads\\\/2010\\\/04\\\/mariano-bruno-sindaco-lipari-tatiana-pais-bacher.jpg\"},{\"@type\":\"BreadcrumbList\",\"@id\":\"https:\\\/\\\/www.bellunopress.it\\\/2010\\\/05\\\/09\\\/le-dolomiti-e-le-eolie-abbracciano-lafrica-2011\\\/#breadcrumb\",\"itemListElement\":[{\"@type\":\"ListItem\",\"position\":1,\"name\":\"Home\",\"item\":\"https:\\\/\\\/www.bellunopress.it\\\/\"},{\"@type\":\"ListItem\",\"position\":2,\"name\":\"Le Dolomiti e le Eolie abbracciano l&#8217;Africa 2011\"}]},{\"@type\":\"WebSite\",\"@id\":\"https:\\\/\\\/www.bellunopress.it\\\/#website\",\"url\":\"https:\\\/\\\/www.bellunopress.it\\\/\",\"name\":\"Bellunopress - Dolomiti\",\"description\":\"e-mail: redazione@bellunopress.it\",\"publisher\":{\"@id\":\"https:\\\/\\\/www.bellunopress.it\\\/#organization\"},\"potentialAction\":[{\"@type\":\"SearchAction\",\"target\":{\"@type\":\"EntryPoint\",\"urlTemplate\":\"https:\\\/\\\/www.bellunopress.it\\\/?s={search_term_string}\"},\"query-input\":{\"@type\":\"PropertyValueSpecification\",\"valueRequired\":true,\"valueName\":\"search_term_string\"}}],\"inLanguage\":\"fr-FR\"},{\"@type\":\"Organization\",\"@id\":\"https:\\\/\\\/www.bellunopress.it\\\/#organization\",\"name\":\"Bellunopress\",\"url\":\"https:\\\/\\\/www.bellunopress.it\\\/\",\"logo\":{\"@type\":\"ImageObject\",\"inLanguage\":\"fr-FR\",\"@id\":\"https:\\\/\\\/www.bellunopress.it\\\/#\\\/schema\\\/logo\\\/image\\\/\",\"url\":\"https:\\\/\\\/www.bellunopress.it\\\/wp-content\\\/uploads\\\/2011\\\/05\\\/cropped-logo-bellunopress-.jpg\",\"contentUrl\":\"https:\\\/\\\/www.bellunopress.it\\\/wp-content\\\/uploads\\\/2011\\\/05\\\/cropped-logo-bellunopress-.jpg\",\"width\":512,\"height\":512,\"caption\":\"Bellunopress\"},\"image\":{\"@id\":\"https:\\\/\\\/www.bellunopress.it\\\/#\\\/schema\\\/logo\\\/image\\\/\"},\"sameAs\":[\"https:\\\/\\\/www.facebook.com\\\/profile.php?id=100008943462799\",\"https:\\\/\\\/x.com\\\/bellunopress\",\"https:\\\/\\\/www.linkedin.com\\\/hp\\\/?dnr=JBzUWaJfMUw8vbXJJ2tVW5-I3jZKvC4wsoxE&amp;amp;amp;amp;amp;amp;trk=nav_responsive_tab_home\",\"https:\\\/\\\/www.youtube.com\\\/channel\\\/UCxL0wu1uN0_3_7hGG0306cw\"]},{\"@type\":\"Person\",\"@id\":\"https:\\\/\\\/www.bellunopress.it\\\/#\\\/schema\\\/person\\\/79bb06722b37ece1c03d3e94beb30d73\",\"name\":\"redazione\",\"image\":{\"@type\":\"ImageObject\",\"inLanguage\":\"fr-FR\",\"@id\":\"https:\\\/\\\/secure.gravatar.com\\\/avatar\\\/37d968a2e67a6fd04c169c4bdef102d0bc5d31b2546345219e348575eb80e9a0?s=96&d=mm&r=g\",\"url\":\"https:\\\/\\\/secure.gravatar.com\\\/avatar\\\/37d968a2e67a6fd04c169c4bdef102d0bc5d31b2546345219e348575eb80e9a0?s=96&d=mm&r=g\",\"contentUrl\":\"https:\\\/\\\/secure.gravatar.com\\\/avatar\\\/37d968a2e67a6fd04c169c4bdef102d0bc5d31b2546345219e348575eb80e9a0?s=96&d=mm&r=g\",\"caption\":\"redazione\"},\"sameAs\":[\"http:\\\/\\\/www.bellunopress.it\",\"https:\\\/\\\/x.com\\\/bellunopress\"],\"url\":\"https:\\\/\\\/www.bellunopress.it\\\/fr\\\/author\\\/redazione\\\/\"}]}<\/script>\n<!-- \/ Yoast SEO plugin. -->","yoast_head_json":{"title":"Le Dolomiti e le Eolie abbracciano l'Africa 2011 - Bellunopress - Dolomiti","robots":{"index":"index","follow":"follow","max-snippet":"max-snippet:-1","max-image-preview":"max-image-preview:large","max-video-preview":"max-video-preview:-1"},"canonical":"https:\/\/www.bellunopress.it\/fr\/2010\/05\/09\/le-dolomiti-e-le-eolie-abbracciano-lafrica-2011\/","og_locale":"fr_FR","og_type":"article","og_title":"Le Dolomiti e le Eolie abbracciano l'Africa 2011 - Bellunopress - Dolomiti","og_description":"La presentazione dei ragazzi del Liceo Linguistico Cadore del video della manifestazione \u201cLe Dolomiti abbracciano l\u2019Africa\u201d, durante il viaggio alle Eolie per il gemellaggio tra Auronzo e Lipari, ha sortito un effetto davvero inaspettato. In sala erano infatti presenti il Sindaco di Lipari Mariano Bruno con alcuni assessori, il presidente di Federaberghi Eolie, oltre agli [&hellip;]","og_url":"https:\/\/www.bellunopress.it\/fr\/2010\/05\/09\/le-dolomiti-e-le-eolie-abbracciano-lafrica-2011\/","og_site_name":"Bellunopress - Dolomiti","article_publisher":"https:\/\/www.facebook.com\/profile.php?id=100008943462799","article_published_time":"2010-05-09T14:05:33+00:00","og_image":[{"url":"http:\/\/www.bellunopress.it\/wp-content\/uploads\/2010\/04\/mariano-bruno-sindaco-lipari-tatiana-pais-bacher.jpg","type":"","width":"","height":""}],"author":"redazione","twitter_card":"summary_large_image","twitter_creator":"@bellunopress","twitter_site":"@bellunopress","twitter_misc":{"\u00c9crit par":"redazione","Dur\u00e9e de lecture estim\u00e9e":"2 minutes"},"schema":{"@context":"https:\/\/schema.org","@graph":[{"@type":"Article","@id":"https:\/\/www.bellunopress.it\/2010\/05\/09\/le-dolomiti-e-le-eolie-abbracciano-lafrica-2011\/#article","isPartOf":{"@id":"https:\/\/www.bellunopress.it\/2010\/05\/09\/le-dolomiti-e-le-eolie-abbracciano-lafrica-2011\/"},"author":{"name":"redazione","@id":"https:\/\/www.bellunopress.it\/#\/schema\/person\/79bb06722b37ece1c03d3e94beb30d73"},"headline":"Le Dolomiti e le Eolie abbracciano l&#8217;Africa 2011","datePublished":"2010-05-09T14:05:33+00:00","mainEntityOfPage":{"@id":"https:\/\/www.bellunopress.it\/2010\/05\/09\/le-dolomiti-e-le-eolie-abbracciano-lafrica-2011\/"},"wordCount":376,"publisher":{"@id":"https:\/\/www.bellunopress.it\/#organization"},"image":{"@id":"https:\/\/www.bellunopress.it\/2010\/05\/09\/le-dolomiti-e-le-eolie-abbracciano-lafrica-2011\/#primaryimage"},"thumbnailUrl":"http:\/\/www.bellunopress.it\/wp-content\/uploads\/2010\/04\/mariano-bruno-sindaco-lipari-tatiana-pais-bacher.jpg","keywords":["Le Dolomiti e le Eolie abbracciano l'Africa"],"articleSection":["Prima Pagina","Scuola"],"inLanguage":"fr-FR"},{"@type":"WebPage","@id":"https:\/\/www.bellunopress.it\/2010\/05\/09\/le-dolomiti-e-le-eolie-abbracciano-lafrica-2011\/","url":"https:\/\/www.bellunopress.it\/2010\/05\/09\/le-dolomiti-e-le-eolie-abbracciano-lafrica-2011\/","name":"Le Dolomiti e le Eolie abbracciano l'Africa 2011 - Bellunopress - Dolomiti","isPartOf":{"@id":"https:\/\/www.bellunopress.it\/#website"},"primaryImageOfPage":{"@id":"https:\/\/www.bellunopress.it\/2010\/05\/09\/le-dolomiti-e-le-eolie-abbracciano-lafrica-2011\/#primaryimage"},"image":{"@id":"https:\/\/www.bellunopress.it\/2010\/05\/09\/le-dolomiti-e-le-eolie-abbracciano-lafrica-2011\/#primaryimage"},"thumbnailUrl":"http:\/\/www.bellunopress.it\/wp-content\/uploads\/2010\/04\/mariano-bruno-sindaco-lipari-tatiana-pais-bacher.jpg","datePublished":"2010-05-09T14:05:33+00:00","breadcrumb":{"@id":"https:\/\/www.bellunopress.it\/2010\/05\/09\/le-dolomiti-e-le-eolie-abbracciano-lafrica-2011\/#breadcrumb"},"inLanguage":"fr-FR","potentialAction":[{"@type":"ReadAction","target":["https:\/\/www.bellunopress.it\/2010\/05\/09\/le-dolomiti-e-le-eolie-abbracciano-lafrica-2011\/"]}]},{"@type":"ImageObject","inLanguage":"fr-FR","@id":"https:\/\/www.bellunopress.it\/2010\/05\/09\/le-dolomiti-e-le-eolie-abbracciano-lafrica-2011\/#primaryimage","url":"http:\/\/www.bellunopress.it\/wp-content\/uploads\/2010\/04\/mariano-bruno-sindaco-lipari-tatiana-pais-bacher.jpg","contentUrl":"http:\/\/www.bellunopress.it\/wp-content\/uploads\/2010\/04\/mariano-bruno-sindaco-lipari-tatiana-pais-bacher.jpg"},{"@type":"BreadcrumbList","@id":"https:\/\/www.bellunopress.it\/2010\/05\/09\/le-dolomiti-e-le-eolie-abbracciano-lafrica-2011\/#breadcrumb","itemListElement":[{"@type":"ListItem","position":1,"name":"Home","item":"https:\/\/www.bellunopress.it\/"},{"@type":"ListItem","position":2,"name":"Le Dolomiti e le Eolie abbracciano l&#8217;Africa 2011"}]},{"@type":"WebSite","@id":"https:\/\/www.bellunopress.it\/#website","url":"https:\/\/www.bellunopress.it\/","name":"Bellunopress - Dolomiti","description":"e-mail: redazione@bellunopress.it","publisher":{"@id":"https:\/\/www.bellunopress.it\/#organization"},"potentialAction":[{"@type":"SearchAction","target":{"@type":"EntryPoint","urlTemplate":"https:\/\/www.bellunopress.it\/?s={search_term_string}"},"query-input":{"@type":"PropertyValueSpecification","valueRequired":true,"valueName":"search_term_string"}}],"inLanguage":"fr-FR"},{"@type":"Organization","@id":"https:\/\/www.bellunopress.it\/#organization","name":"Bellunopress","url":"https:\/\/www.bellunopress.it\/","logo":{"@type":"ImageObject","inLanguage":"fr-FR","@id":"https:\/\/www.bellunopress.it\/#\/schema\/logo\/image\/","url":"https:\/\/www.bellunopress.it\/wp-content\/uploads\/2011\/05\/cropped-logo-bellunopress-.jpg","contentUrl":"https:\/\/www.bellunopress.it\/wp-content\/uploads\/2011\/05\/cropped-logo-bellunopress-.jpg","width":512,"height":512,"caption":"Bellunopress"},"image":{"@id":"https:\/\/www.bellunopress.it\/#\/schema\/logo\/image\/"},"sameAs":["https:\/\/www.facebook.com\/profile.php?id=100008943462799","https:\/\/x.com\/bellunopress","https:\/\/www.linkedin.com\/hp\/?dnr=JBzUWaJfMUw8vbXJJ2tVW5-I3jZKvC4wsoxE&amp;amp;amp;amp;amp;amp;trk=nav_responsive_tab_home","https:\/\/www.youtube.com\/channel\/UCxL0wu1uN0_3_7hGG0306cw"]},{"@type":"Person","@id":"https:\/\/www.bellunopress.it\/#\/schema\/person\/79bb06722b37ece1c03d3e94beb30d73","name":"r\u00e9daction","image":{"@type":"ImageObject","inLanguage":"fr-FR","@id":"https:\/\/secure.gravatar.com\/avatar\/37d968a2e67a6fd04c169c4bdef102d0bc5d31b2546345219e348575eb80e9a0?s=96&d=mm&r=g","url":"https:\/\/secure.gravatar.com\/avatar\/37d968a2e67a6fd04c169c4bdef102d0bc5d31b2546345219e348575eb80e9a0?s=96&d=mm&r=g","contentUrl":"https:\/\/secure.gravatar.com\/avatar\/37d968a2e67a6fd04c169c4bdef102d0bc5d31b2546345219e348575eb80e9a0?s=96&d=mm&r=g","caption":"redazione"},"sameAs":["http:\/\/www.bellunopress.it","https:\/\/x.com\/bellunopress"],"url":"https:\/\/www.bellunopress.it\/fr\/author\/redazione\/"}]}},"_links":{"self":[{"href":"https:\/\/www.bellunopress.it\/fr\/wp-json\/wp\/v2\/posts\/15080","targetHints":{"allow":["GET"]}}],"collection":[{"href":"https:\/\/www.bellunopress.it\/fr\/wp-json\/wp\/v2\/posts"}],"about":[{"href":"https:\/\/www.bellunopress.it\/fr\/wp-json\/wp\/v2\/types\/post"}],"author":[{"embeddable":true,"href":"https:\/\/www.bellunopress.it\/fr\/wp-json\/wp\/v2\/users\/2"}],"replies":[{"embeddable":true,"href":"https:\/\/www.bellunopress.it\/fr\/wp-json\/wp\/v2\/comments?post=15080"}],"version-history":[{"count":1,"href":"https:\/\/www.bellunopress.it\/fr\/wp-json\/wp\/v2\/posts\/15080\/revisions"}],"predecessor-version":[{"id":15081,"href":"https:\/\/www.bellunopress.it\/fr\/wp-json\/wp\/v2\/posts\/15080\/revisions\/15081"}],"wp:attachment":[{"href":"https:\/\/www.bellunopress.it\/fr\/wp-json\/wp\/v2\/media?parent=15080"}],"wp:term":[{"taxonomy":"category","embeddable":true,"href":"https:\/\/www.bellunopress.it\/fr\/wp-json\/wp\/v2\/categories?post=15080"},{"taxonomy":"post_tag","embeddable":true,"href":"https:\/\/www.bellunopress.it\/fr\/wp-json\/wp\/v2\/tags?post=15080"}],"curies":[{"name":"wp","href":"https:\/\/api.w.org\/{rel}","templated":true}]}}