{"id":150702,"date":"2024-05-12T13:25:21","date_gmt":"2024-05-12T11:25:21","guid":{"rendered":"https:\/\/www.bellunopress.it\/?p=150702"},"modified":"2024-05-12T13:25:21","modified_gmt":"2024-05-12T11:25:21","slug":"longarone-riconsegna-lanello-dogale-del-gemellaggio-adriatico-cerimonia-dello-sposalizio-del-mare-con-i-sindaci-di-venezia-e-tirana","status":"publish","type":"post","link":"https:\/\/www.bellunopress.it\/fr\/2024\/05\/12\/longarone-riconsegna-lanello-dogale-del-gemellaggio-adriatico-cerimonia-dello-sposalizio-del-mare-con-i-sindaci-di-venezia-e-tirana\/","title":{"rendered":"Longarone riconsegna l\u2019anello dogale del gemellaggio adriatico. Cerimonia dello sposalizio del mare con i sindaci di Venezia e Tirana"},"content":{"rendered":"<figure id=\"attachment_150703\" aria-describedby=\"caption-attachment-150703\" style=\"width: 1000px\" class=\"wp-caption alignleft\"><img loading=\"lazy\" decoding=\"async\" class=\"size-full wp-image-150703\" src=\"https:\/\/www.bellunopress.it\/wp-content\/uploads\/2024\/05\/Padrin-sindaco-Venezia-Brugnaro-sindaco-Tirana-Erion-Veliaj_edited.jpg\" alt=\"\" width=\"1000\" height=\"750\" srcset=\"https:\/\/www.bellunopress.it\/wp-content\/uploads\/2024\/05\/Padrin-sindaco-Venezia-Brugnaro-sindaco-Tirana-Erion-Veliaj_edited.jpg 1000w, https:\/\/www.bellunopress.it\/wp-content\/uploads\/2024\/05\/Padrin-sindaco-Venezia-Brugnaro-sindaco-Tirana-Erion-Veliaj_edited-500x375.jpg 500w, https:\/\/www.bellunopress.it\/wp-content\/uploads\/2024\/05\/Padrin-sindaco-Venezia-Brugnaro-sindaco-Tirana-Erion-Veliaj_edited-560x420.jpg 560w, https:\/\/www.bellunopress.it\/wp-content\/uploads\/2024\/05\/Padrin-sindaco-Venezia-Brugnaro-sindaco-Tirana-Erion-Veliaj_edited-80x60.jpg 80w, https:\/\/www.bellunopress.it\/wp-content\/uploads\/2024\/05\/Padrin-sindaco-Venezia-Brugnaro-sindaco-Tirana-Erion-Veliaj_edited-696x522.jpg 696w\" sizes=\"auto, (max-width: 1000px) 100vw, 1000px\" \/><figcaption id=\"caption-attachment-150703\" class=\"wp-caption-text\">Padrin sindaco di Longarone, Brugnaro sindaco di Venezia e Veliaj sindaco di Tirana<\/figcaption><\/figure>\n<p>Longarone tra Venezia e Tirana. In un collegamento fatto di acqua, di storia e di tradizione &#8211; quella dell\u2019epoca della Serenissima, che dominava il mar Adriatico &#8211; ma che parla anche di futuro e di opportunit\u00e0 di sviluppo.<\/p>\n<p>\u00c8 con queste prospettive che si \u00e8 tenuta oggi a Venezia la cerimonia dello sposalizio del mare, nel giorno dell\u2019Ascensione. L\u2019antico rito della festa della Sensa un anno fa aveva stretto il gemellaggio adriatico con Longarone, nel segno dell\u2019acqua del Piave che portava il legname dal Cadore alla laguna e nel segno soprattutto del ricordo del Vajont. Oggi l\u2019anello dogale che il Comune di Longarone ha custodito per un anno \u00e8 tornato a Venezia per essere consegnato alla prossima citt\u00e0 che stringe il gemellaggio adriatico, vale a dire Tirana (Albania).<\/p>\n<p>\u00ab\u00c8 stato un anno intenso, culminato nelle celebrazioni del 60\u00b0 del Vajont\u00bb afferma il sindaco di Longarone. \u00abIl Patriarca di Venezia, nella cerimonia, ha ricordato la messa celebrata al cimitero monumentale di Fortogna il 9 ottobre scorso; e tra i momenti pi\u00f9 emozionanti c\u2019\u00e8 stata anche la regata storica con i nostri zattieri, in un legame storico tra Longarone e Venezia\u00bb.<\/p>\n<p>Il sindaco ha riconsegnato l\u2019anello dogale e si \u00e8 soffermato a parlare con il sindaco di Tirana, Erion Veliaj, mettendo in programma anche possibili collaborazioni Longarone-Albania. \u00abPer una piccola comunit\u00e0 come la nostra \u00e8 un onore aver partecipato a un momento storico come questo, denso di significati\u00bb conclude il sindaco di Longarone. \u00abNegli ultimi anni l\u2019anello dogale \u00e8 stato a Odessa (Ucraina) e Tirana. In mezzo c\u2019\u00e8 la piccola comunit\u00e0 di Longarone\u00bb.<\/p>","protected":false},"excerpt":{"rendered":"<p>Longarone tra Venezia e Tirana. In un collegamento fatto di acqua, di storia e di tradizione &#8211; quella dell\u2019epoca della Serenissima, che dominava il mar Adriatico &#8211; ma che parla anche di futuro e di opportunit\u00e0 di sviluppo. \u00c8 con queste prospettive che si \u00e8 tenuta oggi a Venezia la cerimonia dello sposalizio del mare, [&hellip;]<\/p>\n","protected":false},"author":2,"featured_media":150703,"comment_status":"closed","ping_status":"open","sticky":false,"template":"","format":"standard","meta":{"footnotes":""},"categories":[5,26],"tags":[],"class_list":["post-150702","post","type-post","status-publish","format-standard","has-post-thumbnail","category-cronaca","category-prima-pagina"],"yoast_head":"<!-- This site is optimized with the Yoast SEO plugin v28.4 - https:\/\/yoast.com\/product\/yoast-seo-wordpress\/ -->\n<title>Longarone riconsegna l\u2019anello dogale del gemellaggio adriatico. Cerimonia dello sposalizio del mare con i sindaci di Venezia e Tirana - Bellunopress - Dolomiti<\/title>\n<meta name=\"robots\" content=\"index, follow, max-snippet:-1, max-image-preview:large, max-video-preview:-1\" \/>\n<link rel=\"canonical\" href=\"https:\/\/www.bellunopress.it\/fr\/2024\/05\/12\/longarone-riconsegna-lanello-dogale-del-gemellaggio-adriatico-cerimonia-dello-sposalizio-del-mare-con-i-sindaci-di-venezia-e-tirana\/\" \/>\n<meta property=\"og:locale\" content=\"fr_FR\" \/>\n<meta property=\"og:type\" content=\"article\" \/>\n<meta property=\"og:title\" content=\"Longarone riconsegna l\u2019anello dogale del gemellaggio adriatico. Cerimonia dello sposalizio del mare con i sindaci di Venezia e Tirana - Bellunopress - Dolomiti\" \/>\n<meta property=\"og:description\" content=\"Longarone tra Venezia e Tirana. In un collegamento fatto di acqua, di storia e di tradizione &#8211; quella dell\u2019epoca della Serenissima, che dominava il mar Adriatico &#8211; ma che parla anche di futuro e di opportunit\u00e0 di sviluppo. \u00c8 con queste prospettive che si \u00e8 tenuta oggi a Venezia la cerimonia dello sposalizio del mare, [&hellip;]\" \/>\n<meta property=\"og:url\" content=\"https:\/\/www.bellunopress.it\/fr\/2024\/05\/12\/longarone-riconsegna-lanello-dogale-del-gemellaggio-adriatico-cerimonia-dello-sposalizio-del-mare-con-i-sindaci-di-venezia-e-tirana\/\" \/>\n<meta property=\"og:site_name\" content=\"Bellunopress - Dolomiti\" \/>\n<meta property=\"article:publisher\" content=\"https:\/\/www.facebook.com\/profile.php?id=100008943462799\" \/>\n<meta property=\"article:published_time\" content=\"2024-05-12T11:25:21+00:00\" \/>\n<meta property=\"og:image\" content=\"https:\/\/www.bellunopress.it\/wp-content\/uploads\/2024\/05\/Padrin-sindaco-Venezia-Brugnaro-sindaco-Tirana-Erion-Veliaj_edited.jpg\" \/>\n\t<meta property=\"og:image:width\" content=\"1000\" \/>\n\t<meta property=\"og:image:height\" content=\"750\" \/>\n\t<meta property=\"og:image:type\" content=\"image\/jpeg\" \/>\n<meta name=\"author\" content=\"redazione\" \/>\n<meta name=\"twitter:card\" content=\"summary_large_image\" \/>\n<meta name=\"twitter:creator\" content=\"@bellunopress\" \/>\n<meta name=\"twitter:site\" content=\"@bellunopress\" \/>\n<meta name=\"twitter:label1\" content=\"\u00c9crit par\" \/>\n\t<meta name=\"twitter:data1\" content=\"redazione\" \/>\n\t<meta name=\"twitter:label2\" content=\"Dur\u00e9e de lecture estim\u00e9e\" \/>\n\t<meta name=\"twitter:data2\" content=\"1 minute\" \/>\n<script type=\"application\/ld+json\" class=\"yoast-schema-graph\">{\"@context\":\"https:\\\/\\\/schema.org\",\"@graph\":[{\"@type\":\"Article\",\"@id\":\"https:\\\/\\\/www.bellunopress.it\\\/2024\\\/05\\\/12\\\/longarone-riconsegna-lanello-dogale-del-gemellaggio-adriatico-cerimonia-dello-sposalizio-del-mare-con-i-sindaci-di-venezia-e-tirana\\\/#article\",\"isPartOf\":{\"@id\":\"https:\\\/\\\/www.bellunopress.it\\\/2024\\\/05\\\/12\\\/longarone-riconsegna-lanello-dogale-del-gemellaggio-adriatico-cerimonia-dello-sposalizio-del-mare-con-i-sindaci-di-venezia-e-tirana\\\/\"},\"author\":{\"name\":\"redazione\",\"@id\":\"https:\\\/\\\/www.bellunopress.it\\\/#\\\/schema\\\/person\\\/79bb06722b37ece1c03d3e94beb30d73\"},\"headline\":\"Longarone riconsegna l\u2019anello dogale del gemellaggio adriatico. Cerimonia dello sposalizio del mare con i sindaci di Venezia e Tirana\",\"datePublished\":\"2024-05-12T11:25:21+00:00\",\"mainEntityOfPage\":{\"@id\":\"https:\\\/\\\/www.bellunopress.it\\\/2024\\\/05\\\/12\\\/longarone-riconsegna-lanello-dogale-del-gemellaggio-adriatico-cerimonia-dello-sposalizio-del-mare-con-i-sindaci-di-venezia-e-tirana\\\/\"},\"wordCount\":299,\"publisher\":{\"@id\":\"https:\\\/\\\/www.bellunopress.it\\\/#organization\"},\"image\":{\"@id\":\"https:\\\/\\\/www.bellunopress.it\\\/2024\\\/05\\\/12\\\/longarone-riconsegna-lanello-dogale-del-gemellaggio-adriatico-cerimonia-dello-sposalizio-del-mare-con-i-sindaci-di-venezia-e-tirana\\\/#primaryimage\"},\"thumbnailUrl\":\"https:\\\/\\\/www.bellunopress.it\\\/wp-content\\\/uploads\\\/2024\\\/05\\\/Padrin-sindaco-Venezia-Brugnaro-sindaco-Tirana-Erion-Veliaj_edited.jpg\",\"articleSection\":[\"Cronaca\\\/Politica\",\"Prima Pagina\"],\"inLanguage\":\"fr-FR\"},{\"@type\":\"WebPage\",\"@id\":\"https:\\\/\\\/www.bellunopress.it\\\/2024\\\/05\\\/12\\\/longarone-riconsegna-lanello-dogale-del-gemellaggio-adriatico-cerimonia-dello-sposalizio-del-mare-con-i-sindaci-di-venezia-e-tirana\\\/\",\"url\":\"https:\\\/\\\/www.bellunopress.it\\\/2024\\\/05\\\/12\\\/longarone-riconsegna-lanello-dogale-del-gemellaggio-adriatico-cerimonia-dello-sposalizio-del-mare-con-i-sindaci-di-venezia-e-tirana\\\/\",\"name\":\"Longarone riconsegna l\u2019anello dogale del gemellaggio adriatico. Cerimonia dello sposalizio del mare con i sindaci di Venezia e Tirana - Bellunopress - Dolomiti\",\"isPartOf\":{\"@id\":\"https:\\\/\\\/www.bellunopress.it\\\/#website\"},\"primaryImageOfPage\":{\"@id\":\"https:\\\/\\\/www.bellunopress.it\\\/2024\\\/05\\\/12\\\/longarone-riconsegna-lanello-dogale-del-gemellaggio-adriatico-cerimonia-dello-sposalizio-del-mare-con-i-sindaci-di-venezia-e-tirana\\\/#primaryimage\"},\"image\":{\"@id\":\"https:\\\/\\\/www.bellunopress.it\\\/2024\\\/05\\\/12\\\/longarone-riconsegna-lanello-dogale-del-gemellaggio-adriatico-cerimonia-dello-sposalizio-del-mare-con-i-sindaci-di-venezia-e-tirana\\\/#primaryimage\"},\"thumbnailUrl\":\"https:\\\/\\\/www.bellunopress.it\\\/wp-content\\\/uploads\\\/2024\\\/05\\\/Padrin-sindaco-Venezia-Brugnaro-sindaco-Tirana-Erion-Veliaj_edited.jpg\",\"datePublished\":\"2024-05-12T11:25:21+00:00\",\"breadcrumb\":{\"@id\":\"https:\\\/\\\/www.bellunopress.it\\\/2024\\\/05\\\/12\\\/longarone-riconsegna-lanello-dogale-del-gemellaggio-adriatico-cerimonia-dello-sposalizio-del-mare-con-i-sindaci-di-venezia-e-tirana\\\/#breadcrumb\"},\"inLanguage\":\"fr-FR\",\"potentialAction\":[{\"@type\":\"ReadAction\",\"target\":[\"https:\\\/\\\/www.bellunopress.it\\\/2024\\\/05\\\/12\\\/longarone-riconsegna-lanello-dogale-del-gemellaggio-adriatico-cerimonia-dello-sposalizio-del-mare-con-i-sindaci-di-venezia-e-tirana\\\/\"]}]},{\"@type\":\"ImageObject\",\"inLanguage\":\"fr-FR\",\"@id\":\"https:\\\/\\\/www.bellunopress.it\\\/2024\\\/05\\\/12\\\/longarone-riconsegna-lanello-dogale-del-gemellaggio-adriatico-cerimonia-dello-sposalizio-del-mare-con-i-sindaci-di-venezia-e-tirana\\\/#primaryimage\",\"url\":\"https:\\\/\\\/www.bellunopress.it\\\/wp-content\\\/uploads\\\/2024\\\/05\\\/Padrin-sindaco-Venezia-Brugnaro-sindaco-Tirana-Erion-Veliaj_edited.jpg\",\"contentUrl\":\"https:\\\/\\\/www.bellunopress.it\\\/wp-content\\\/uploads\\\/2024\\\/05\\\/Padrin-sindaco-Venezia-Brugnaro-sindaco-Tirana-Erion-Veliaj_edited.jpg\",\"width\":1000,\"height\":750,\"caption\":\"Padrin sindaco di Longarone, Brugnaro sindaco di Venezia e Veliaj sindaco di Tirana\"},{\"@type\":\"BreadcrumbList\",\"@id\":\"https:\\\/\\\/www.bellunopress.it\\\/2024\\\/05\\\/12\\\/longarone-riconsegna-lanello-dogale-del-gemellaggio-adriatico-cerimonia-dello-sposalizio-del-mare-con-i-sindaci-di-venezia-e-tirana\\\/#breadcrumb\",\"itemListElement\":[{\"@type\":\"ListItem\",\"position\":1,\"name\":\"Home\",\"item\":\"https:\\\/\\\/www.bellunopress.it\\\/\"},{\"@type\":\"ListItem\",\"position\":2,\"name\":\"Longarone riconsegna l\u2019anello dogale del gemellaggio adriatico. Cerimonia dello sposalizio del mare con i sindaci di Venezia e Tirana\"}]},{\"@type\":\"WebSite\",\"@id\":\"https:\\\/\\\/www.bellunopress.it\\\/#website\",\"url\":\"https:\\\/\\\/www.bellunopress.it\\\/\",\"name\":\"Bellunopress - Dolomiti\",\"description\":\"e-mail: redazione@bellunopress.it\",\"publisher\":{\"@id\":\"https:\\\/\\\/www.bellunopress.it\\\/#organization\"},\"potentialAction\":[{\"@type\":\"SearchAction\",\"target\":{\"@type\":\"EntryPoint\",\"urlTemplate\":\"https:\\\/\\\/www.bellunopress.it\\\/?s={search_term_string}\"},\"query-input\":{\"@type\":\"PropertyValueSpecification\",\"valueRequired\":true,\"valueName\":\"search_term_string\"}}],\"inLanguage\":\"fr-FR\"},{\"@type\":\"Organization\",\"@id\":\"https:\\\/\\\/www.bellunopress.it\\\/#organization\",\"name\":\"Bellunopress\",\"url\":\"https:\\\/\\\/www.bellunopress.it\\\/\",\"logo\":{\"@type\":\"ImageObject\",\"inLanguage\":\"fr-FR\",\"@id\":\"https:\\\/\\\/www.bellunopress.it\\\/#\\\/schema\\\/logo\\\/image\\\/\",\"url\":\"https:\\\/\\\/www.bellunopress.it\\\/wp-content\\\/uploads\\\/2011\\\/05\\\/cropped-logo-bellunopress-.jpg\",\"contentUrl\":\"https:\\\/\\\/www.bellunopress.it\\\/wp-content\\\/uploads\\\/2011\\\/05\\\/cropped-logo-bellunopress-.jpg\",\"width\":512,\"height\":512,\"caption\":\"Bellunopress\"},\"image\":{\"@id\":\"https:\\\/\\\/www.bellunopress.it\\\/#\\\/schema\\\/logo\\\/image\\\/\"},\"sameAs\":[\"https:\\\/\\\/www.facebook.com\\\/profile.php?id=100008943462799\",\"https:\\\/\\\/x.com\\\/bellunopress\",\"https:\\\/\\\/www.linkedin.com\\\/hp\\\/?dnr=JBzUWaJfMUw8vbXJJ2tVW5-I3jZKvC4wsoxE&amp;amp;amp;amp;amp;amp;trk=nav_responsive_tab_home\",\"https:\\\/\\\/www.youtube.com\\\/channel\\\/UCxL0wu1uN0_3_7hGG0306cw\"]},{\"@type\":\"Person\",\"@id\":\"https:\\\/\\\/www.bellunopress.it\\\/#\\\/schema\\\/person\\\/79bb06722b37ece1c03d3e94beb30d73\",\"name\":\"redazione\",\"image\":{\"@type\":\"ImageObject\",\"inLanguage\":\"fr-FR\",\"@id\":\"https:\\\/\\\/secure.gravatar.com\\\/avatar\\\/37d968a2e67a6fd04c169c4bdef102d0bc5d31b2546345219e348575eb80e9a0?s=96&d=mm&r=g\",\"url\":\"https:\\\/\\\/secure.gravatar.com\\\/avatar\\\/37d968a2e67a6fd04c169c4bdef102d0bc5d31b2546345219e348575eb80e9a0?s=96&d=mm&r=g\",\"contentUrl\":\"https:\\\/\\\/secure.gravatar.com\\\/avatar\\\/37d968a2e67a6fd04c169c4bdef102d0bc5d31b2546345219e348575eb80e9a0?s=96&d=mm&r=g\",\"caption\":\"redazione\"},\"sameAs\":[\"http:\\\/\\\/www.bellunopress.it\",\"https:\\\/\\\/x.com\\\/bellunopress\"],\"url\":\"https:\\\/\\\/www.bellunopress.it\\\/fr\\\/author\\\/redazione\\\/\"}]}<\/script>\n<!-- \/ Yoast SEO plugin. -->","yoast_head_json":{"title":"Longarone riconsegna l\u2019anello dogale del gemellaggio adriatico. Cerimonia dello sposalizio del mare con i sindaci di Venezia e Tirana - Bellunopress - Dolomiti","robots":{"index":"index","follow":"follow","max-snippet":"max-snippet:-1","max-image-preview":"max-image-preview:large","max-video-preview":"max-video-preview:-1"},"canonical":"https:\/\/www.bellunopress.it\/fr\/2024\/05\/12\/longarone-riconsegna-lanello-dogale-del-gemellaggio-adriatico-cerimonia-dello-sposalizio-del-mare-con-i-sindaci-di-venezia-e-tirana\/","og_locale":"fr_FR","og_type":"article","og_title":"Longarone riconsegna l\u2019anello dogale del gemellaggio adriatico. Cerimonia dello sposalizio del mare con i sindaci di Venezia e Tirana - Bellunopress - Dolomiti","og_description":"Longarone tra Venezia e Tirana. In un collegamento fatto di acqua, di storia e di tradizione &#8211; quella dell\u2019epoca della Serenissima, che dominava il mar Adriatico &#8211; ma che parla anche di futuro e di opportunit\u00e0 di sviluppo. \u00c8 con queste prospettive che si \u00e8 tenuta oggi a Venezia la cerimonia dello sposalizio del mare, [&hellip;]","og_url":"https:\/\/www.bellunopress.it\/fr\/2024\/05\/12\/longarone-riconsegna-lanello-dogale-del-gemellaggio-adriatico-cerimonia-dello-sposalizio-del-mare-con-i-sindaci-di-venezia-e-tirana\/","og_site_name":"Bellunopress - Dolomiti","article_publisher":"https:\/\/www.facebook.com\/profile.php?id=100008943462799","article_published_time":"2024-05-12T11:25:21+00:00","og_image":[{"width":1000,"height":750,"url":"https:\/\/www.bellunopress.it\/wp-content\/uploads\/2024\/05\/Padrin-sindaco-Venezia-Brugnaro-sindaco-Tirana-Erion-Veliaj_edited.jpg","type":"image\/jpeg"}],"author":"redazione","twitter_card":"summary_large_image","twitter_creator":"@bellunopress","twitter_site":"@bellunopress","twitter_misc":{"\u00c9crit par":"redazione","Dur\u00e9e de lecture estim\u00e9e":"1 minute"},"schema":{"@context":"https:\/\/schema.org","@graph":[{"@type":"Article","@id":"https:\/\/www.bellunopress.it\/2024\/05\/12\/longarone-riconsegna-lanello-dogale-del-gemellaggio-adriatico-cerimonia-dello-sposalizio-del-mare-con-i-sindaci-di-venezia-e-tirana\/#article","isPartOf":{"@id":"https:\/\/www.bellunopress.it\/2024\/05\/12\/longarone-riconsegna-lanello-dogale-del-gemellaggio-adriatico-cerimonia-dello-sposalizio-del-mare-con-i-sindaci-di-venezia-e-tirana\/"},"author":{"name":"redazione","@id":"https:\/\/www.bellunopress.it\/#\/schema\/person\/79bb06722b37ece1c03d3e94beb30d73"},"headline":"Longarone riconsegna l\u2019anello dogale del gemellaggio adriatico. Cerimonia dello sposalizio del mare con i sindaci di Venezia e Tirana","datePublished":"2024-05-12T11:25:21+00:00","mainEntityOfPage":{"@id":"https:\/\/www.bellunopress.it\/2024\/05\/12\/longarone-riconsegna-lanello-dogale-del-gemellaggio-adriatico-cerimonia-dello-sposalizio-del-mare-con-i-sindaci-di-venezia-e-tirana\/"},"wordCount":299,"publisher":{"@id":"https:\/\/www.bellunopress.it\/#organization"},"image":{"@id":"https:\/\/www.bellunopress.it\/2024\/05\/12\/longarone-riconsegna-lanello-dogale-del-gemellaggio-adriatico-cerimonia-dello-sposalizio-del-mare-con-i-sindaci-di-venezia-e-tirana\/#primaryimage"},"thumbnailUrl":"https:\/\/www.bellunopress.it\/wp-content\/uploads\/2024\/05\/Padrin-sindaco-Venezia-Brugnaro-sindaco-Tirana-Erion-Veliaj_edited.jpg","articleSection":["Cronaca\/Politica","Prima Pagina"],"inLanguage":"fr-FR"},{"@type":"WebPage","@id":"https:\/\/www.bellunopress.it\/2024\/05\/12\/longarone-riconsegna-lanello-dogale-del-gemellaggio-adriatico-cerimonia-dello-sposalizio-del-mare-con-i-sindaci-di-venezia-e-tirana\/","url":"https:\/\/www.bellunopress.it\/2024\/05\/12\/longarone-riconsegna-lanello-dogale-del-gemellaggio-adriatico-cerimonia-dello-sposalizio-del-mare-con-i-sindaci-di-venezia-e-tirana\/","name":"Longarone riconsegna l\u2019anello dogale del gemellaggio adriatico. Cerimonia dello sposalizio del mare con i sindaci di Venezia e Tirana - Bellunopress - Dolomiti","isPartOf":{"@id":"https:\/\/www.bellunopress.it\/#website"},"primaryImageOfPage":{"@id":"https:\/\/www.bellunopress.it\/2024\/05\/12\/longarone-riconsegna-lanello-dogale-del-gemellaggio-adriatico-cerimonia-dello-sposalizio-del-mare-con-i-sindaci-di-venezia-e-tirana\/#primaryimage"},"image":{"@id":"https:\/\/www.bellunopress.it\/2024\/05\/12\/longarone-riconsegna-lanello-dogale-del-gemellaggio-adriatico-cerimonia-dello-sposalizio-del-mare-con-i-sindaci-di-venezia-e-tirana\/#primaryimage"},"thumbnailUrl":"https:\/\/www.bellunopress.it\/wp-content\/uploads\/2024\/05\/Padrin-sindaco-Venezia-Brugnaro-sindaco-Tirana-Erion-Veliaj_edited.jpg","datePublished":"2024-05-12T11:25:21+00:00","breadcrumb":{"@id":"https:\/\/www.bellunopress.it\/2024\/05\/12\/longarone-riconsegna-lanello-dogale-del-gemellaggio-adriatico-cerimonia-dello-sposalizio-del-mare-con-i-sindaci-di-venezia-e-tirana\/#breadcrumb"},"inLanguage":"fr-FR","potentialAction":[{"@type":"ReadAction","target":["https:\/\/www.bellunopress.it\/2024\/05\/12\/longarone-riconsegna-lanello-dogale-del-gemellaggio-adriatico-cerimonia-dello-sposalizio-del-mare-con-i-sindaci-di-venezia-e-tirana\/"]}]},{"@type":"ImageObject","inLanguage":"fr-FR","@id":"https:\/\/www.bellunopress.it\/2024\/05\/12\/longarone-riconsegna-lanello-dogale-del-gemellaggio-adriatico-cerimonia-dello-sposalizio-del-mare-con-i-sindaci-di-venezia-e-tirana\/#primaryimage","url":"https:\/\/www.bellunopress.it\/wp-content\/uploads\/2024\/05\/Padrin-sindaco-Venezia-Brugnaro-sindaco-Tirana-Erion-Veliaj_edited.jpg","contentUrl":"https:\/\/www.bellunopress.it\/wp-content\/uploads\/2024\/05\/Padrin-sindaco-Venezia-Brugnaro-sindaco-Tirana-Erion-Veliaj_edited.jpg","width":1000,"height":750,"caption":"Padrin sindaco di Longarone, Brugnaro sindaco di Venezia e Veliaj sindaco di Tirana"},{"@type":"BreadcrumbList","@id":"https:\/\/www.bellunopress.it\/2024\/05\/12\/longarone-riconsegna-lanello-dogale-del-gemellaggio-adriatico-cerimonia-dello-sposalizio-del-mare-con-i-sindaci-di-venezia-e-tirana\/#breadcrumb","itemListElement":[{"@type":"ListItem","position":1,"name":"Home","item":"https:\/\/www.bellunopress.it\/"},{"@type":"ListItem","position":2,"name":"Longarone riconsegna l\u2019anello dogale del gemellaggio adriatico. Cerimonia dello sposalizio del mare con i sindaci di Venezia e Tirana"}]},{"@type":"WebSite","@id":"https:\/\/www.bellunopress.it\/#website","url":"https:\/\/www.bellunopress.it\/","name":"Bellunopress - Dolomiti","description":"e-mail: redazione@bellunopress.it","publisher":{"@id":"https:\/\/www.bellunopress.it\/#organization"},"potentialAction":[{"@type":"SearchAction","target":{"@type":"EntryPoint","urlTemplate":"https:\/\/www.bellunopress.it\/?s={search_term_string}"},"query-input":{"@type":"PropertyValueSpecification","valueRequired":true,"valueName":"search_term_string"}}],"inLanguage":"fr-FR"},{"@type":"Organization","@id":"https:\/\/www.bellunopress.it\/#organization","name":"Bellunopress","url":"https:\/\/www.bellunopress.it\/","logo":{"@type":"ImageObject","inLanguage":"fr-FR","@id":"https:\/\/www.bellunopress.it\/#\/schema\/logo\/image\/","url":"https:\/\/www.bellunopress.it\/wp-content\/uploads\/2011\/05\/cropped-logo-bellunopress-.jpg","contentUrl":"https:\/\/www.bellunopress.it\/wp-content\/uploads\/2011\/05\/cropped-logo-bellunopress-.jpg","width":512,"height":512,"caption":"Bellunopress"},"image":{"@id":"https:\/\/www.bellunopress.it\/#\/schema\/logo\/image\/"},"sameAs":["https:\/\/www.facebook.com\/profile.php?id=100008943462799","https:\/\/x.com\/bellunopress","https:\/\/www.linkedin.com\/hp\/?dnr=JBzUWaJfMUw8vbXJJ2tVW5-I3jZKvC4wsoxE&amp;amp;amp;amp;amp;amp;trk=nav_responsive_tab_home","https:\/\/www.youtube.com\/channel\/UCxL0wu1uN0_3_7hGG0306cw"]},{"@type":"Person","@id":"https:\/\/www.bellunopress.it\/#\/schema\/person\/79bb06722b37ece1c03d3e94beb30d73","name":"r\u00e9daction","image":{"@type":"ImageObject","inLanguage":"fr-FR","@id":"https:\/\/secure.gravatar.com\/avatar\/37d968a2e67a6fd04c169c4bdef102d0bc5d31b2546345219e348575eb80e9a0?s=96&d=mm&r=g","url":"https:\/\/secure.gravatar.com\/avatar\/37d968a2e67a6fd04c169c4bdef102d0bc5d31b2546345219e348575eb80e9a0?s=96&d=mm&r=g","contentUrl":"https:\/\/secure.gravatar.com\/avatar\/37d968a2e67a6fd04c169c4bdef102d0bc5d31b2546345219e348575eb80e9a0?s=96&d=mm&r=g","caption":"redazione"},"sameAs":["http:\/\/www.bellunopress.it","https:\/\/x.com\/bellunopress"],"url":"https:\/\/www.bellunopress.it\/fr\/author\/redazione\/"}]}},"_links":{"self":[{"href":"https:\/\/www.bellunopress.it\/fr\/wp-json\/wp\/v2\/posts\/150702","targetHints":{"allow":["GET"]}}],"collection":[{"href":"https:\/\/www.bellunopress.it\/fr\/wp-json\/wp\/v2\/posts"}],"about":[{"href":"https:\/\/www.bellunopress.it\/fr\/wp-json\/wp\/v2\/types\/post"}],"author":[{"embeddable":true,"href":"https:\/\/www.bellunopress.it\/fr\/wp-json\/wp\/v2\/users\/2"}],"replies":[{"embeddable":true,"href":"https:\/\/www.bellunopress.it\/fr\/wp-json\/wp\/v2\/comments?post=150702"}],"version-history":[{"count":1,"href":"https:\/\/www.bellunopress.it\/fr\/wp-json\/wp\/v2\/posts\/150702\/revisions"}],"predecessor-version":[{"id":150704,"href":"https:\/\/www.bellunopress.it\/fr\/wp-json\/wp\/v2\/posts\/150702\/revisions\/150704"}],"wp:featuredmedia":[{"embeddable":true,"href":"https:\/\/www.bellunopress.it\/fr\/wp-json\/wp\/v2\/media\/150703"}],"wp:attachment":[{"href":"https:\/\/www.bellunopress.it\/fr\/wp-json\/wp\/v2\/media?parent=150702"}],"wp:term":[{"taxonomy":"category","embeddable":true,"href":"https:\/\/www.bellunopress.it\/fr\/wp-json\/wp\/v2\/categories?post=150702"},{"taxonomy":"post_tag","embeddable":true,"href":"https:\/\/www.bellunopress.it\/fr\/wp-json\/wp\/v2\/tags?post=150702"}],"curies":[{"name":"wp","href":"https:\/\/api.w.org\/{rel}","templated":true}]}}