{"id":150697,"date":"2024-05-12T12:58:05","date_gmt":"2024-05-12T10:58:05","guid":{"rendered":"https:\/\/www.bellunopress.it\/?p=150697"},"modified":"2024-05-12T12:58:05","modified_gmt":"2024-05-12T10:58:05","slug":"le-verita-negate-sul-covid-19-e-lo-sfregio-al-codice-deontologico-dellordine-dei-medici","status":"publish","type":"post","link":"https:\/\/www.bellunopress.it\/fr\/2024\/05\/12\/le-verita-negate-sul-covid-19-e-lo-sfregio-al-codice-deontologico-dellordine-dei-medici\/","title":{"rendered":"Le verit\u00e0 negate sul Covid 19 e lo sfregio al Codice deontologico dell&#8217;Ordine dei Medici"},"content":{"rendered":"<figure id=\"attachment_139208\" aria-describedby=\"caption-attachment-139208\" style=\"width: 750px\" class=\"wp-caption alignleft\"><img loading=\"lazy\" decoding=\"async\" class=\"size-full wp-image-139208\" src=\"https:\/\/www.bellunopress.it\/wp-content\/uploads\/2023\/01\/Paolo-Cassina-regista_edited.jpg\" alt=\"\" width=\"750\" height=\"1000\" srcset=\"https:\/\/www.bellunopress.it\/wp-content\/uploads\/2023\/01\/Paolo-Cassina-regista_edited.jpg 750w, https:\/\/www.bellunopress.it\/wp-content\/uploads\/2023\/01\/Paolo-Cassina-regista_edited-375x500.jpg 375w, https:\/\/www.bellunopress.it\/wp-content\/uploads\/2023\/01\/Paolo-Cassina-regista_edited-696x928.jpg 696w, https:\/\/www.bellunopress.it\/wp-content\/uploads\/2023\/01\/Paolo-Cassina-regista_edited-315x420.jpg 315w\" sizes=\"auto, (max-width: 750px) 100vw, 750px\" \/><figcaption id=\"caption-attachment-139208\" class=\"wp-caption-text\">Paolo Cassina, regista<\/figcaption><\/figure>\n<p>Belluno, 12 maggio 2024 &#8211; Ieri sera al Centro Giovanni XXIII, promosso dalla Associazione ContiamoCi, \u00e8 stato proiettato il film di Paolo Cassina: \u201cNon \u00e8 andato tutto bene. Le verit\u00e0 negate sul Covid 19\u201d. Il regista era gi\u00e0 stato a Belluno nel 2022 col Film \u201cInvisibili\u201d<br \/>\nIl documento odierno dura 175 minuti, \u00e8 stato autofinanziato e quindi offerto alla diffusione, nell&#8217;interesse della comunit\u00e0 civile. Hanno collaborato le giornaliste Angela Camuso, Tiziana Alterio e Marianna Can\u00e8.<br \/>\nOttima la regia di Paolo Cassina, regista attivo nel mondo della comunicazione e della televisione, molto interessato a documentari e inchieste giornalistiche, vincitore dei premi Ilaria Alpi nel 2014 e Guido Vergani nel 2017, da sempre interessato alle tematiche sociali e alle voci di chi non riesce ad essere ascoltato.\u00a0Il film\u201dInvisibili\u201dsulle reazioni avverse ai vaccini, tutt&#8217;ora distribuito nel circuito cinematografico, ha avuto un grande successo in Italia e all&#8217;estero.<\/p>\n<p>\u201cNon \u00e8 andato tutto bene\u201d che verr\u00e0 proiettato anche questa sera a Feltre<br \/>\nha documentato gli argomenti che i grandi mezzi di comunicazione seguitano ostinatamente ad ignorare: il lockdown, il boicottaggio delle terapie domiciliari, i protocolli medici errati, la vicenda umana e la morte incomprensibile di Giuseppe De Donno (suicidato?) e della sua cura molto efficace basata sul plasma immune, gli obblighi vaccinali, il Green Pass, le manifestazioni di massa, la manifestazione dei portuali di Trieste, le reazioni avverse ai sieri anticovid e gli innumerevoli casi di malori improvvisi spesso mortali.<br \/>\nIl documento si avvale delle testimonianze dei medici Massimo Citro Della Riva, Mariano Bizzarri,Vanni Fraiese, Alessandro Meluzzi, Giuseppe Barbaro, del fisico e biochimico Robert Malone, della giurista Alessandra Chiavegatti, del giornalista Giorgio Bianchi e molti altri ancora.<\/p>\n<p>Le impressioni di incredulit\u00e0 e straniamento raccolte dopo la proiezione del film ieri sera, poco prima della mezzanotte, erano dovute alla totale assenza di riscontri di tali fatti nei grandi giornali e nei programmi televisivi di tutti i giorni, come se fossero vicende senza importanza nella coscienza e nella organizzazione civile e senza implicazioni medico professionali e legali.<br \/>\nLa maggioranza della nostra Comunit\u00e0, i suoi mezzi di comunicazione e i Governi che l&#8217;hanno rappresentata in questi anni hanno reagito e reagiscono col silenzio assoluto a tutte le contestazioni e alle gravi illegalit\u00e0 perpetrate. C&#8217;\u00e8 la percezione di un \u201cgrande fratello\u201d che domina la situazione e detta con \u201cordini superiori\u201d che cosa possiamo fare e che cosa dobbiamo pensare.<br \/>\nUna sola minoranza si ribella e fa sentire la propria voce. Noi contiamo che tale voce possa diventare sempre pi\u00f9 attiva e consistente.<\/p>\n<p>Un documento altrettanto significativo riguarda il comportamento del Presidente e del Consiglio Direttivo dell&#8217;Ordine dei Medici di Belluno, che abbiamo recentemente interpellato in merito alle votazioni volute dalla Organizzazione Mondiale della Sanit\u00e0, che si terranno a tra due settimane.<br \/>\nSi tratta di una lettera raccomandata spedita 6 giorni fa, senza risposta.<\/p>\n<p>\u201cEgregio Presidente,<br \/>\nnella Sua lettera del 12 marzo scorso, dopo uno scambio epistolare relativo ai progetti dell&#8217;OMS e alla votazione che ci sar\u00e0 alla fine di questo mese, Lei\u00a0 mi scrive : \u201cil dibattito\/confronto, in cui Lei desidererebbe coinvolgere il sottoscritto ed il Consiglio Direttivo, non rientra in alcun modo nelle prerogative, nelle facolt\u00e0, nelle funzioni istituzionali e nei poteri di un Ente quale un Ordine professionale, Le rappresento che non parteciper\u00f2 al convegno, da Lei organizzato e descritto nella Sua comunicazione dell\u201911 marzo 2024 e Le preciso inoltre che a un tale convegno non interverr\u00e0 alcuno dei componenti del Consiglio Direttivo in rappresentanza dell\u2019Ente.\u201d<br \/>\nL\u2019attuale ministro della Salute, medico come Lei, a differenza di Lei ha ben compreso il significato della proposta dell\u2019OMS e ha dichiarato che l\u2019Italia non conceder\u00e0 alcun potere sulla gestione sanitaria all\u2019OMS.<br \/>\nIn questi 3 ultimi mesi stanno venendo alla luce una serie molto abbondante di fatti, rilevazioni, accertamenti, documentazioni che stanno facendo collassare tutta la montagna di falsit\u00e0, improvvisazioni, irresponsabilit\u00e0 che hanno accompagnato i 4 anni di Covid e che ancora in parte allignano anche nei nostri ospedali. Tanto che ne parla soltanto \u201cla Verit\u00e0\u201d ma cominciano a comparire anche nelle pagine interne dei \u201cgiornaloni\u201d di provata fedelt\u00e0 alle veline del Potere.<br \/>\nIeri, per esempio, i verbali segreti del CTS hanno riportato la consapevolezza che fino dal 2021 erano ben conosciute le contro indicazioni e le complicanze dei vaccini ma ci\u00f2 non ha impedito di far correre un rischio mortale alla 18enne Camilla Canepa, puntualmente verificatosi. Il tecnico del CTS Sergio Abrignani ha detto ai giudici \u201cmi taglierei le mani per quel nulla osta\u201d.<br \/>\nA questo punto, illustre Presidente, voglia spiegarmi in qual modo rientri nelle prerogative, nelle facolt\u00e0, nelle funzioni istituzionali e nei poteri di un Ente quale un Ordine Professionale, (per sua natura indipendente dalle autorit\u00e0 politiche e legato solamente ai principi\u00a0 del Codice Deontologico) la sospensione dal lavoro e dallo stipendio di medici che eseguono correttamente il loro lavoro e che rifiutano un falso vaccino, per di pi\u00f9 sperimentale, senza scheda informativa e senza consenso informato.<br \/>\nLei e gli altri 100 presidenti degli Ordini dei Medici, in folta e compatta schiera, a quali Ordini Superiori avete obbedito? A quali promesse vi siete convinti? Di fronte a quali minacce avete dovuto promettere? Quali rischi potevate correre negandovi? E perch\u00e9 non vi siete dimessi piuttosto che sfregiare il codice Deontologico e le leggi tutt&#8217;ora valide in Italia e in Europa circa la libert\u00e0 e la dignit\u00e0 della persona? Lei e il Suo Consiglio Direttivo siete soddisfatti del vostro lavoro?\u201d<br \/>\nDott. Filiberto Dal Molin<\/p>","protected":false},"excerpt":{"rendered":"<p>Belluno, 12 maggio 2024 &#8211; Ieri sera al Centro Giovanni XXIII, promosso dalla Associazione ContiamoCi, \u00e8 stato proiettato il film di Paolo Cassina: \u201cNon \u00e8 andato tutto bene. Le verit\u00e0 negate sul Covid 19\u201d. Il regista era gi\u00e0 stato a Belluno nel 2022 col Film \u201cInvisibili\u201d Il documento odierno dura 175 minuti, \u00e8 stato autofinanziato [&hellip;]<\/p>\n","protected":false},"author":2,"featured_media":139208,"comment_status":"closed","ping_status":"open","sticky":false,"template":"","format":"standard","meta":{"footnotes":""},"categories":[3614],"tags":[],"class_list":["post-150697","post","type-post","status-publish","format-standard","has-post-thumbnail","category-controcorrente"],"yoast_head":"<!-- This site is optimized with the Yoast SEO plugin v28.4 - https:\/\/yoast.com\/product\/yoast-seo-wordpress\/ -->\n<title>Le verit\u00e0 negate sul Covid 19 e lo sfregio al Codice deontologico dell&#039;Ordine dei Medici - Bellunopress - Dolomiti<\/title>\n<meta name=\"robots\" content=\"index, follow, max-snippet:-1, max-image-preview:large, max-video-preview:-1\" \/>\n<link rel=\"canonical\" href=\"https:\/\/www.bellunopress.it\/fr\/2024\/05\/12\/le-verita-negate-sul-covid-19-e-lo-sfregio-al-codice-deontologico-dellordine-dei-medici\/\" \/>\n<meta property=\"og:locale\" content=\"fr_FR\" \/>\n<meta property=\"og:type\" content=\"article\" \/>\n<meta property=\"og:title\" content=\"Le verit\u00e0 negate sul Covid 19 e lo sfregio al Codice deontologico dell&#039;Ordine dei Medici - Bellunopress - Dolomiti\" \/>\n<meta property=\"og:description\" content=\"Belluno, 12 maggio 2024 &#8211; Ieri sera al Centro Giovanni XXIII, promosso dalla Associazione ContiamoCi, \u00e8 stato proiettato il film di Paolo Cassina: \u201cNon \u00e8 andato tutto bene. Le verit\u00e0 negate sul Covid 19\u201d. Il regista era gi\u00e0 stato a Belluno nel 2022 col Film \u201cInvisibili\u201d Il documento odierno dura 175 minuti, \u00e8 stato autofinanziato [&hellip;]\" \/>\n<meta property=\"og:url\" content=\"https:\/\/www.bellunopress.it\/fr\/2024\/05\/12\/le-verita-negate-sul-covid-19-e-lo-sfregio-al-codice-deontologico-dellordine-dei-medici\/\" \/>\n<meta property=\"og:site_name\" content=\"Bellunopress - Dolomiti\" \/>\n<meta property=\"article:publisher\" content=\"https:\/\/www.facebook.com\/profile.php?id=100008943462799\" \/>\n<meta property=\"article:published_time\" content=\"2024-05-12T10:58:05+00:00\" \/>\n<meta property=\"og:image\" content=\"https:\/\/www.bellunopress.it\/wp-content\/uploads\/2023\/01\/Paolo-Cassina-regista_edited.jpg\" \/>\n\t<meta property=\"og:image:width\" content=\"750\" \/>\n\t<meta property=\"og:image:height\" content=\"1000\" \/>\n\t<meta property=\"og:image:type\" content=\"image\/jpeg\" \/>\n<meta name=\"author\" content=\"redazione\" \/>\n<meta name=\"twitter:card\" content=\"summary_large_image\" \/>\n<meta name=\"twitter:creator\" content=\"@bellunopress\" \/>\n<meta name=\"twitter:site\" content=\"@bellunopress\" \/>\n<meta name=\"twitter:label1\" content=\"\u00c9crit par\" \/>\n\t<meta name=\"twitter:data1\" content=\"redazione\" \/>\n\t<meta name=\"twitter:label2\" content=\"Dur\u00e9e de lecture estim\u00e9e\" \/>\n\t<meta name=\"twitter:data2\" content=\"4 minutes\" \/>\n<script type=\"application\/ld+json\" class=\"yoast-schema-graph\">{\"@context\":\"https:\\\/\\\/schema.org\",\"@graph\":[{\"@type\":\"Article\",\"@id\":\"https:\\\/\\\/www.bellunopress.it\\\/2024\\\/05\\\/12\\\/le-verita-negate-sul-covid-19-e-lo-sfregio-al-codice-deontologico-dellordine-dei-medici\\\/#article\",\"isPartOf\":{\"@id\":\"https:\\\/\\\/www.bellunopress.it\\\/2024\\\/05\\\/12\\\/le-verita-negate-sul-covid-19-e-lo-sfregio-al-codice-deontologico-dellordine-dei-medici\\\/\"},\"author\":{\"name\":\"redazione\",\"@id\":\"https:\\\/\\\/www.bellunopress.it\\\/#\\\/schema\\\/person\\\/79bb06722b37ece1c03d3e94beb30d73\"},\"headline\":\"Le verit\u00e0 negate sul Covid 19 e lo sfregio al Codice deontologico dell&#8217;Ordine dei Medici\",\"datePublished\":\"2024-05-12T10:58:05+00:00\",\"mainEntityOfPage\":{\"@id\":\"https:\\\/\\\/www.bellunopress.it\\\/2024\\\/05\\\/12\\\/le-verita-negate-sul-covid-19-e-lo-sfregio-al-codice-deontologico-dellordine-dei-medici\\\/\"},\"wordCount\":917,\"publisher\":{\"@id\":\"https:\\\/\\\/www.bellunopress.it\\\/#organization\"},\"image\":{\"@id\":\"https:\\\/\\\/www.bellunopress.it\\\/2024\\\/05\\\/12\\\/le-verita-negate-sul-covid-19-e-lo-sfregio-al-codice-deontologico-dellordine-dei-medici\\\/#primaryimage\"},\"thumbnailUrl\":\"https:\\\/\\\/www.bellunopress.it\\\/wp-content\\\/uploads\\\/2023\\\/01\\\/Paolo-Cassina-regista_edited.jpg\",\"articleSection\":[\"Controcorrente Dr Filiberto Dal Molin\"],\"inLanguage\":\"fr-FR\"},{\"@type\":\"WebPage\",\"@id\":\"https:\\\/\\\/www.bellunopress.it\\\/2024\\\/05\\\/12\\\/le-verita-negate-sul-covid-19-e-lo-sfregio-al-codice-deontologico-dellordine-dei-medici\\\/\",\"url\":\"https:\\\/\\\/www.bellunopress.it\\\/2024\\\/05\\\/12\\\/le-verita-negate-sul-covid-19-e-lo-sfregio-al-codice-deontologico-dellordine-dei-medici\\\/\",\"name\":\"Le verit\u00e0 negate sul Covid 19 e lo sfregio al Codice deontologico dell'Ordine dei Medici - Bellunopress - Dolomiti\",\"isPartOf\":{\"@id\":\"https:\\\/\\\/www.bellunopress.it\\\/#website\"},\"primaryImageOfPage\":{\"@id\":\"https:\\\/\\\/www.bellunopress.it\\\/2024\\\/05\\\/12\\\/le-verita-negate-sul-covid-19-e-lo-sfregio-al-codice-deontologico-dellordine-dei-medici\\\/#primaryimage\"},\"image\":{\"@id\":\"https:\\\/\\\/www.bellunopress.it\\\/2024\\\/05\\\/12\\\/le-verita-negate-sul-covid-19-e-lo-sfregio-al-codice-deontologico-dellordine-dei-medici\\\/#primaryimage\"},\"thumbnailUrl\":\"https:\\\/\\\/www.bellunopress.it\\\/wp-content\\\/uploads\\\/2023\\\/01\\\/Paolo-Cassina-regista_edited.jpg\",\"datePublished\":\"2024-05-12T10:58:05+00:00\",\"breadcrumb\":{\"@id\":\"https:\\\/\\\/www.bellunopress.it\\\/2024\\\/05\\\/12\\\/le-verita-negate-sul-covid-19-e-lo-sfregio-al-codice-deontologico-dellordine-dei-medici\\\/#breadcrumb\"},\"inLanguage\":\"fr-FR\",\"potentialAction\":[{\"@type\":\"ReadAction\",\"target\":[\"https:\\\/\\\/www.bellunopress.it\\\/2024\\\/05\\\/12\\\/le-verita-negate-sul-covid-19-e-lo-sfregio-al-codice-deontologico-dellordine-dei-medici\\\/\"]}]},{\"@type\":\"ImageObject\",\"inLanguage\":\"fr-FR\",\"@id\":\"https:\\\/\\\/www.bellunopress.it\\\/2024\\\/05\\\/12\\\/le-verita-negate-sul-covid-19-e-lo-sfregio-al-codice-deontologico-dellordine-dei-medici\\\/#primaryimage\",\"url\":\"https:\\\/\\\/www.bellunopress.it\\\/wp-content\\\/uploads\\\/2023\\\/01\\\/Paolo-Cassina-regista_edited.jpg\",\"contentUrl\":\"https:\\\/\\\/www.bellunopress.it\\\/wp-content\\\/uploads\\\/2023\\\/01\\\/Paolo-Cassina-regista_edited.jpg\",\"width\":750,\"height\":1000,\"caption\":\"Paolo Cassina, regista\"},{\"@type\":\"BreadcrumbList\",\"@id\":\"https:\\\/\\\/www.bellunopress.it\\\/2024\\\/05\\\/12\\\/le-verita-negate-sul-covid-19-e-lo-sfregio-al-codice-deontologico-dellordine-dei-medici\\\/#breadcrumb\",\"itemListElement\":[{\"@type\":\"ListItem\",\"position\":1,\"name\":\"Home\",\"item\":\"https:\\\/\\\/www.bellunopress.it\\\/\"},{\"@type\":\"ListItem\",\"position\":2,\"name\":\"Le verit\u00e0 negate sul Covid 19 e lo sfregio al Codice deontologico dell&#8217;Ordine dei Medici\"}]},{\"@type\":\"WebSite\",\"@id\":\"https:\\\/\\\/www.bellunopress.it\\\/#website\",\"url\":\"https:\\\/\\\/www.bellunopress.it\\\/\",\"name\":\"Bellunopress - Dolomiti\",\"description\":\"e-mail: redazione@bellunopress.it\",\"publisher\":{\"@id\":\"https:\\\/\\\/www.bellunopress.it\\\/#organization\"},\"potentialAction\":[{\"@type\":\"SearchAction\",\"target\":{\"@type\":\"EntryPoint\",\"urlTemplate\":\"https:\\\/\\\/www.bellunopress.it\\\/?s={search_term_string}\"},\"query-input\":{\"@type\":\"PropertyValueSpecification\",\"valueRequired\":true,\"valueName\":\"search_term_string\"}}],\"inLanguage\":\"fr-FR\"},{\"@type\":\"Organization\",\"@id\":\"https:\\\/\\\/www.bellunopress.it\\\/#organization\",\"name\":\"Bellunopress\",\"url\":\"https:\\\/\\\/www.bellunopress.it\\\/\",\"logo\":{\"@type\":\"ImageObject\",\"inLanguage\":\"fr-FR\",\"@id\":\"https:\\\/\\\/www.bellunopress.it\\\/#\\\/schema\\\/logo\\\/image\\\/\",\"url\":\"https:\\\/\\\/www.bellunopress.it\\\/wp-content\\\/uploads\\\/2011\\\/05\\\/cropped-logo-bellunopress-.jpg\",\"contentUrl\":\"https:\\\/\\\/www.bellunopress.it\\\/wp-content\\\/uploads\\\/2011\\\/05\\\/cropped-logo-bellunopress-.jpg\",\"width\":512,\"height\":512,\"caption\":\"Bellunopress\"},\"image\":{\"@id\":\"https:\\\/\\\/www.bellunopress.it\\\/#\\\/schema\\\/logo\\\/image\\\/\"},\"sameAs\":[\"https:\\\/\\\/www.facebook.com\\\/profile.php?id=100008943462799\",\"https:\\\/\\\/x.com\\\/bellunopress\",\"https:\\\/\\\/www.linkedin.com\\\/hp\\\/?dnr=JBzUWaJfMUw8vbXJJ2tVW5-I3jZKvC4wsoxE&amp;amp;amp;amp;amp;amp;trk=nav_responsive_tab_home\",\"https:\\\/\\\/www.youtube.com\\\/channel\\\/UCxL0wu1uN0_3_7hGG0306cw\"]},{\"@type\":\"Person\",\"@id\":\"https:\\\/\\\/www.bellunopress.it\\\/#\\\/schema\\\/person\\\/79bb06722b37ece1c03d3e94beb30d73\",\"name\":\"redazione\",\"image\":{\"@type\":\"ImageObject\",\"inLanguage\":\"fr-FR\",\"@id\":\"https:\\\/\\\/secure.gravatar.com\\\/avatar\\\/37d968a2e67a6fd04c169c4bdef102d0bc5d31b2546345219e348575eb80e9a0?s=96&d=mm&r=g\",\"url\":\"https:\\\/\\\/secure.gravatar.com\\\/avatar\\\/37d968a2e67a6fd04c169c4bdef102d0bc5d31b2546345219e348575eb80e9a0?s=96&d=mm&r=g\",\"contentUrl\":\"https:\\\/\\\/secure.gravatar.com\\\/avatar\\\/37d968a2e67a6fd04c169c4bdef102d0bc5d31b2546345219e348575eb80e9a0?s=96&d=mm&r=g\",\"caption\":\"redazione\"},\"sameAs\":[\"http:\\\/\\\/www.bellunopress.it\",\"https:\\\/\\\/x.com\\\/bellunopress\"],\"url\":\"https:\\\/\\\/www.bellunopress.it\\\/fr\\\/author\\\/redazione\\\/\"}]}<\/script>\n<!-- \/ Yoast SEO plugin. -->","yoast_head_json":{"title":"Le verit\u00e0 negate sul Covid 19 e lo sfregio al Codice deontologico dell'Ordine dei Medici - Bellunopress - Dolomiti","robots":{"index":"index","follow":"follow","max-snippet":"max-snippet:-1","max-image-preview":"max-image-preview:large","max-video-preview":"max-video-preview:-1"},"canonical":"https:\/\/www.bellunopress.it\/fr\/2024\/05\/12\/le-verita-negate-sul-covid-19-e-lo-sfregio-al-codice-deontologico-dellordine-dei-medici\/","og_locale":"fr_FR","og_type":"article","og_title":"Le verit\u00e0 negate sul Covid 19 e lo sfregio al Codice deontologico dell'Ordine dei Medici - Bellunopress - Dolomiti","og_description":"Belluno, 12 maggio 2024 &#8211; Ieri sera al Centro Giovanni XXIII, promosso dalla Associazione ContiamoCi, \u00e8 stato proiettato il film di Paolo Cassina: \u201cNon \u00e8 andato tutto bene. Le verit\u00e0 negate sul Covid 19\u201d. Il regista era gi\u00e0 stato a Belluno nel 2022 col Film \u201cInvisibili\u201d Il documento odierno dura 175 minuti, \u00e8 stato autofinanziato [&hellip;]","og_url":"https:\/\/www.bellunopress.it\/fr\/2024\/05\/12\/le-verita-negate-sul-covid-19-e-lo-sfregio-al-codice-deontologico-dellordine-dei-medici\/","og_site_name":"Bellunopress - Dolomiti","article_publisher":"https:\/\/www.facebook.com\/profile.php?id=100008943462799","article_published_time":"2024-05-12T10:58:05+00:00","og_image":[{"width":750,"height":1000,"url":"https:\/\/www.bellunopress.it\/wp-content\/uploads\/2023\/01\/Paolo-Cassina-regista_edited.jpg","type":"image\/jpeg"}],"author":"redazione","twitter_card":"summary_large_image","twitter_creator":"@bellunopress","twitter_site":"@bellunopress","twitter_misc":{"\u00c9crit par":"redazione","Dur\u00e9e de lecture estim\u00e9e":"4 minutes"},"schema":{"@context":"https:\/\/schema.org","@graph":[{"@type":"Article","@id":"https:\/\/www.bellunopress.it\/2024\/05\/12\/le-verita-negate-sul-covid-19-e-lo-sfregio-al-codice-deontologico-dellordine-dei-medici\/#article","isPartOf":{"@id":"https:\/\/www.bellunopress.it\/2024\/05\/12\/le-verita-negate-sul-covid-19-e-lo-sfregio-al-codice-deontologico-dellordine-dei-medici\/"},"author":{"name":"redazione","@id":"https:\/\/www.bellunopress.it\/#\/schema\/person\/79bb06722b37ece1c03d3e94beb30d73"},"headline":"Le verit\u00e0 negate sul Covid 19 e lo sfregio al Codice deontologico dell&#8217;Ordine dei Medici","datePublished":"2024-05-12T10:58:05+00:00","mainEntityOfPage":{"@id":"https:\/\/www.bellunopress.it\/2024\/05\/12\/le-verita-negate-sul-covid-19-e-lo-sfregio-al-codice-deontologico-dellordine-dei-medici\/"},"wordCount":917,"publisher":{"@id":"https:\/\/www.bellunopress.it\/#organization"},"image":{"@id":"https:\/\/www.bellunopress.it\/2024\/05\/12\/le-verita-negate-sul-covid-19-e-lo-sfregio-al-codice-deontologico-dellordine-dei-medici\/#primaryimage"},"thumbnailUrl":"https:\/\/www.bellunopress.it\/wp-content\/uploads\/2023\/01\/Paolo-Cassina-regista_edited.jpg","articleSection":["Controcorrente Dr Filiberto Dal Molin"],"inLanguage":"fr-FR"},{"@type":"WebPage","@id":"https:\/\/www.bellunopress.it\/2024\/05\/12\/le-verita-negate-sul-covid-19-e-lo-sfregio-al-codice-deontologico-dellordine-dei-medici\/","url":"https:\/\/www.bellunopress.it\/2024\/05\/12\/le-verita-negate-sul-covid-19-e-lo-sfregio-al-codice-deontologico-dellordine-dei-medici\/","name":"Le verit\u00e0 negate sul Covid 19 e lo sfregio al Codice deontologico dell'Ordine dei Medici - Bellunopress - Dolomiti","isPartOf":{"@id":"https:\/\/www.bellunopress.it\/#website"},"primaryImageOfPage":{"@id":"https:\/\/www.bellunopress.it\/2024\/05\/12\/le-verita-negate-sul-covid-19-e-lo-sfregio-al-codice-deontologico-dellordine-dei-medici\/#primaryimage"},"image":{"@id":"https:\/\/www.bellunopress.it\/2024\/05\/12\/le-verita-negate-sul-covid-19-e-lo-sfregio-al-codice-deontologico-dellordine-dei-medici\/#primaryimage"},"thumbnailUrl":"https:\/\/www.bellunopress.it\/wp-content\/uploads\/2023\/01\/Paolo-Cassina-regista_edited.jpg","datePublished":"2024-05-12T10:58:05+00:00","breadcrumb":{"@id":"https:\/\/www.bellunopress.it\/2024\/05\/12\/le-verita-negate-sul-covid-19-e-lo-sfregio-al-codice-deontologico-dellordine-dei-medici\/#breadcrumb"},"inLanguage":"fr-FR","potentialAction":[{"@type":"ReadAction","target":["https:\/\/www.bellunopress.it\/2024\/05\/12\/le-verita-negate-sul-covid-19-e-lo-sfregio-al-codice-deontologico-dellordine-dei-medici\/"]}]},{"@type":"ImageObject","inLanguage":"fr-FR","@id":"https:\/\/www.bellunopress.it\/2024\/05\/12\/le-verita-negate-sul-covid-19-e-lo-sfregio-al-codice-deontologico-dellordine-dei-medici\/#primaryimage","url":"https:\/\/www.bellunopress.it\/wp-content\/uploads\/2023\/01\/Paolo-Cassina-regista_edited.jpg","contentUrl":"https:\/\/www.bellunopress.it\/wp-content\/uploads\/2023\/01\/Paolo-Cassina-regista_edited.jpg","width":750,"height":1000,"caption":"Paolo Cassina, regista"},{"@type":"BreadcrumbList","@id":"https:\/\/www.bellunopress.it\/2024\/05\/12\/le-verita-negate-sul-covid-19-e-lo-sfregio-al-codice-deontologico-dellordine-dei-medici\/#breadcrumb","itemListElement":[{"@type":"ListItem","position":1,"name":"Home","item":"https:\/\/www.bellunopress.it\/"},{"@type":"ListItem","position":2,"name":"Le verit\u00e0 negate sul Covid 19 e lo sfregio al Codice deontologico dell&#8217;Ordine dei Medici"}]},{"@type":"WebSite","@id":"https:\/\/www.bellunopress.it\/#website","url":"https:\/\/www.bellunopress.it\/","name":"Bellunopress - Dolomiti","description":"e-mail: redazione@bellunopress.it","publisher":{"@id":"https:\/\/www.bellunopress.it\/#organization"},"potentialAction":[{"@type":"SearchAction","target":{"@type":"EntryPoint","urlTemplate":"https:\/\/www.bellunopress.it\/?s={search_term_string}"},"query-input":{"@type":"PropertyValueSpecification","valueRequired":true,"valueName":"search_term_string"}}],"inLanguage":"fr-FR"},{"@type":"Organization","@id":"https:\/\/www.bellunopress.it\/#organization","name":"Bellunopress","url":"https:\/\/www.bellunopress.it\/","logo":{"@type":"ImageObject","inLanguage":"fr-FR","@id":"https:\/\/www.bellunopress.it\/#\/schema\/logo\/image\/","url":"https:\/\/www.bellunopress.it\/wp-content\/uploads\/2011\/05\/cropped-logo-bellunopress-.jpg","contentUrl":"https:\/\/www.bellunopress.it\/wp-content\/uploads\/2011\/05\/cropped-logo-bellunopress-.jpg","width":512,"height":512,"caption":"Bellunopress"},"image":{"@id":"https:\/\/www.bellunopress.it\/#\/schema\/logo\/image\/"},"sameAs":["https:\/\/www.facebook.com\/profile.php?id=100008943462799","https:\/\/x.com\/bellunopress","https:\/\/www.linkedin.com\/hp\/?dnr=JBzUWaJfMUw8vbXJJ2tVW5-I3jZKvC4wsoxE&amp;amp;amp;amp;amp;amp;trk=nav_responsive_tab_home","https:\/\/www.youtube.com\/channel\/UCxL0wu1uN0_3_7hGG0306cw"]},{"@type":"Person","@id":"https:\/\/www.bellunopress.it\/#\/schema\/person\/79bb06722b37ece1c03d3e94beb30d73","name":"r\u00e9daction","image":{"@type":"ImageObject","inLanguage":"fr-FR","@id":"https:\/\/secure.gravatar.com\/avatar\/37d968a2e67a6fd04c169c4bdef102d0bc5d31b2546345219e348575eb80e9a0?s=96&d=mm&r=g","url":"https:\/\/secure.gravatar.com\/avatar\/37d968a2e67a6fd04c169c4bdef102d0bc5d31b2546345219e348575eb80e9a0?s=96&d=mm&r=g","contentUrl":"https:\/\/secure.gravatar.com\/avatar\/37d968a2e67a6fd04c169c4bdef102d0bc5d31b2546345219e348575eb80e9a0?s=96&d=mm&r=g","caption":"redazione"},"sameAs":["http:\/\/www.bellunopress.it","https:\/\/x.com\/bellunopress"],"url":"https:\/\/www.bellunopress.it\/fr\/author\/redazione\/"}]}},"_links":{"self":[{"href":"https:\/\/www.bellunopress.it\/fr\/wp-json\/wp\/v2\/posts\/150697","targetHints":{"allow":["GET"]}}],"collection":[{"href":"https:\/\/www.bellunopress.it\/fr\/wp-json\/wp\/v2\/posts"}],"about":[{"href":"https:\/\/www.bellunopress.it\/fr\/wp-json\/wp\/v2\/types\/post"}],"author":[{"embeddable":true,"href":"https:\/\/www.bellunopress.it\/fr\/wp-json\/wp\/v2\/users\/2"}],"replies":[{"embeddable":true,"href":"https:\/\/www.bellunopress.it\/fr\/wp-json\/wp\/v2\/comments?post=150697"}],"version-history":[{"count":1,"href":"https:\/\/www.bellunopress.it\/fr\/wp-json\/wp\/v2\/posts\/150697\/revisions"}],"predecessor-version":[{"id":150698,"href":"https:\/\/www.bellunopress.it\/fr\/wp-json\/wp\/v2\/posts\/150697\/revisions\/150698"}],"wp:featuredmedia":[{"embeddable":true,"href":"https:\/\/www.bellunopress.it\/fr\/wp-json\/wp\/v2\/media\/139208"}],"wp:attachment":[{"href":"https:\/\/www.bellunopress.it\/fr\/wp-json\/wp\/v2\/media?parent=150697"}],"wp:term":[{"taxonomy":"category","embeddable":true,"href":"https:\/\/www.bellunopress.it\/fr\/wp-json\/wp\/v2\/categories?post=150697"},{"taxonomy":"post_tag","embeddable":true,"href":"https:\/\/www.bellunopress.it\/fr\/wp-json\/wp\/v2\/tags?post=150697"}],"curies":[{"name":"wp","href":"https:\/\/api.w.org\/{rel}","templated":true}]}}