{"id":150677,"date":"2024-05-11T13:39:20","date_gmt":"2024-05-11T11:39:20","guid":{"rendered":"https:\/\/www.bellunopress.it\/?p=150677"},"modified":"2024-05-11T13:40:03","modified_gmt":"2024-05-11T11:40:03","slug":"patto-civico-con-roberto-padrin-ecco-la-lista-e-i-nomi-a-sostegno-del-sindaco-di-longarone","status":"publish","type":"post","link":"https:\/\/www.bellunopress.it\/fr\/2024\/05\/11\/patto-civico-con-roberto-padrin-ecco-la-lista-e-i-nomi-a-sostegno-del-sindaco-di-longarone\/","title":{"rendered":"\u201cPatto civico con Roberto Padrin\u201d, ecco la lista e i nomi a sostegno del candidato sindaco di Longarone"},"content":{"rendered":"<p><img loading=\"lazy\" decoding=\"async\" class=\"alignleft size-full wp-image-150678\" src=\"https:\/\/www.bellunopress.it\/wp-content\/uploads\/2024\/05\/Patto-civico-con-Roberto-Padrin_edited.jpg\" alt=\"\" width=\"526\" height=\"777\" srcset=\"https:\/\/www.bellunopress.it\/wp-content\/uploads\/2024\/05\/Patto-civico-con-Roberto-Padrin_edited.jpg 526w, https:\/\/www.bellunopress.it\/wp-content\/uploads\/2024\/05\/Patto-civico-con-Roberto-Padrin_edited-338x500.jpg 338w, https:\/\/www.bellunopress.it\/wp-content\/uploads\/2024\/05\/Patto-civico-con-Roberto-Padrin_edited-284x420.jpg 284w\" sizes=\"auto, (max-width: 526px) 100vw, 526px\" \/>Nuova e rinnovata lista per il Comune di Longarone da Roberto Padrin. La lista \u201cPatto civico con Roberto Padrin\u201d sostiene l\u2019operato del sindaco uscente e rappresenta la linea di continuazione dell\u2019Amministrazione, con la proposizione di un cambiamento forte in materia di sviluppo territoriale, economico e strutturale. Obiettivi concreti e sostenibili di progetti pronti e risorse disponibili.<\/p>\n<p>\u00abCi presentiamo per completare la progettualit\u00e0 gi\u00e0 posta in campo finalizzata ad accrescere le ambizioni dei nostri cittadini consapevoli del grande passo avanti, ora possibile per il nostro territorio: infrastrutture, lavoro, mobilit\u00e0, servizi, economia, ambiente, qualit\u00e0 della vita. Tutto questo per collocare Longarone e il proprio territorio in un ambito di rilevante crescita anche attraverso gli investimenti che miglioreranno notevolmente l\u2019offerta di accoglienza nei nostri paesi e la facilit\u00e0 di mobilit\u00e0\u00bb spiega il sindaco uscente che ricandida, Roberto Padrin.<\/p>\n<p>Nel programma, spiccano alcune opere pubbliche (la riqualificazione del palazzo ex poste e di Piazza 9 Ottobre, i cui lavori saranno cantierati tra fine estate e inizio autunno), e il rilancio del polo fieristico, dopo gli anni difficili del Covid che avevano azzerato gli eventi. Si coglie nel programma della Lista anche un nuovo impulso a favore degli impianti sportivi, lo sviluppo del commercio ed investimenti su tutte le frazioni, con un piano dettagliato che verr\u00e0 definito, dopo averlo condiviso con i cittadini. \u00abQualche parola sugli impianti sportivi che, gi\u00e0 oggi risultano di primissimo livello, grazie anche agli investimenti che abbiamo realizzato, non ultimo quello dela nuova parete di arrampicata, e alle tecnologie applicate per la riduzione dei costi di gestione per piscina e palasport&gt;&gt; &#8211; spiega il sindaco &#8211; \u00abAbbiamo constatato una crescita esponenziale di frequentatori, e non solo di Longarone, che ritengono di ottima qualit\u00e0 i servizi fruibili. Su questi indirizzi stiamo anche valutando le possibilit\u00e0 di sostenere il potenziamento di una ricettivit\u00e0 alberghiera e con b&amp;b che permetta, specificatamente, la capacit\u00e0 di ospitare squadre professionistiche per ritiri sportivi, oltre che a valenza turistica. Non solo palazzetto, in ogni caso, questo \u00e8 un tema, lo sottolineiamo, sul quale investire anche e subito sulle strutture outdoor a partire dal rifacimento della pista di atletica\u00bb.<\/p>\n<p>Naturalmente, anche una \u201cfinestra sul Vajont\u201d e sui valori rappresentati dalla tragedia verr\u00e0 costantemente alimentata con dovuta sensibilit\u00e0 affinch\u00e9 il monito, resti visibile e tangibilmente potente per raggiungere soprattutto le giovani generazioni ed evocare amore per la natura e l&#8217;ambiente, ma ancora di pi\u00f9 il rispetto per la vita umana. \u201cLongarone non staccher\u00e0 mai la spina sulla Memoria\u201d sottolinea Roberto Padrin.<\/p>\n<p>La squadra sar\u00e0 composta da dodici candidati, sei donne e sei uomini, rappresentativi di tutte le aree del Comune. \u201cSono davvero soddisfatto della squadra che ha manifestato subito grande entusiasmo per mettersi a servizio dei nostri cittadini. Ringrazio tutte le persone che si sono messe a disposizione ed ora siamo pronti a questa nuova avventura avviando gli incontri pubblici con i cittadini da luned\u00ec 13 presso l\u2019ex asilo di Igne dove andremo a presentare il nostro programma\u201d, conclude Padrin.<\/p>\n<p><strong>Questa la composizione della squadra<\/strong><br \/>\nAlberto Bortoluzzi, 30 anni, di Provagna, ingegnere energetico, consigliere del cda di Longarone Fiere Dolomiti.<br \/>\nAli Chreyha, 61 anni, di Longarone, sposato con quattro figli, medico di base, assessore ai servizi sociali dal 2009 e attuale vice sindaco.<br \/>\nErica Cornella, 49 anni, di Longarone\/Castellavazzo, sposata con due figli, imprenditrice nell\u2019ambito del commercio.<br \/>\nFrancesco Croce, 39 anni, di Rivalta\/Longarone, sposato, responsabile finanziario Unione Montana dell\u2019Alpago, attuale capogruppo di maggioranza.<br \/>\nElena De Bona, 37 anni, di Fortogna, architetto, attuale assessore all\u2019urbanistica, edilizia, patrimonio e ambiente.<br \/>\nLiliana De Bona, 57 anni, di Igne, sposata con due figli, impiegata in una grande azienda del polo industriale di Longarone.<br \/>\nPiera Del Vesco, 64 anni, di Longarone\/Codissago, sposata con una figlia, imprenditrice, insegnante, impegnata nel mondo del volontariato.<br \/>\nAnna Olivier, 39 anni, di Codissago, sposata con 2 figli, impiegata in una grande azienda del polo industriale di Longarone, attrice e regista, attuale consigliera con delega alla cultura.<br \/>\nLivio Sacchet, 70 anni, sposato con due figli, gi\u00e0 sindaco di Ospitale di Cadore e presidente dell\u2019Unione Montana Cadore-Longaronese-Zoldo, attuale assessore ai lavori pubblici.<br \/>\nMarika Sacchet, 47 anni, di Podenzoi\/Castellavazzo, sposata con due figli, impiegata in una grande azienda del polo industriale di Longarone.<br \/>\nLudovico Tabacchi, 29 anni, di Longarone. Direttore dell\u2019Ufficio postale di Longarone.<br \/>\nMario Zandomenego detto \u201cMarietto\u201d, 47 anni, di Dogna, perito industriale e impiegato tecnico, presidente Veloce Club Longarone, attuale vice presidente della Fondazione Vajont.<br \/>\nRoberto Padrin, 53 anni, sindaco di Longarone dal 2009, presidente della Provincia dal 2017, vice presidente di Upi Veneto e della Fondazione Dolomiti Unesco, presidente della Comunit\u00e0 del Parco nazionale Dolomiti Bellunesi.<\/p>\n<p><strong>Calendario degli incontri pubblici con i cittadini:<\/strong><\/p>\n<p>Luned\u00ec 13 maggio 2024<br \/>\nOre 20.00 Igne \u2013 Ex asilo<\/p>\n<p>Marted\u00ec 14 maggio 2024<br \/>\nOre 18.30 Olantreghe \u2013 Ex latteria<br \/>\nOre 20.30 Pirago \u2013 Centro sociale<\/p>\n<p>Mercoled\u00ec 15 maggio 2024<br \/>\nOre 20.00 Longarone \u2013 Centro culturale<\/p>\n<p>Venerd\u00ec 17 maggio 2024<br \/>\nOre 20.00 Castellavazzo &#8211; Municipio<\/p>\n<p>Luned\u00ec 20 maggio 2024<br \/>\nOre 20.00 Codissago \u2013 Museo Zattieri<\/p>\n<p>Marted\u00ec 21 maggio 2024<br \/>\nOre 18.30 Fa\u00e8\/Desedan &#8211; Casetta<br \/>\nOre 20.30 Soffranco \u2013 Ex scuole elementari<\/p>\n<p>Gioved\u00ec 23 maggio 2024<br \/>\nOre 18.30 Dogna \u2013 Ex latteria<br \/>\nOre 20.30 Provagna \u2013 Ex latteria<\/p>\n<p>Venerd\u00ec 24 maggio 2024<br \/>\nOre 20.00 Fortogna \u2013 Sala frazionale<\/p>\n<p>Luned\u00ec 27 maggio 2024<br \/>\n20.00 Rivalta\/Roggia \u2013 Aula Magna Istituto Alberghiero \u201cD. Dolomieu\u201d<\/p>\n<p>Marted\u00ec 28 maggio 2024<br \/>\nOre 20.00 Podenzoi \u2013 Sala frazionale<\/p>\n<p>Gioved\u00ec 6 giugno 2024<br \/>\nOre 20.00 Castellavazzo \u2013 Palestra Scuola Media<\/p>\n<p>Venerd\u00ec 7 giugno 2024<br \/>\nOre 20.00 Longarone \u2013 Centro culturale<\/p>","protected":false},"excerpt":{"rendered":"<p>Nuova e rinnovata lista per il Comune di Longarone da Roberto Padrin. La lista \u201cPatto civico con Roberto Padrin\u201d sostiene l\u2019operato del sindaco uscente e rappresenta la linea di continuazione dell\u2019Amministrazione, con la proposizione di un cambiamento forte in materia di sviluppo territoriale, economico e strutturale. Obiettivi concreti e sostenibili di progetti pronti e risorse [&hellip;]<\/p>\n","protected":false},"author":2,"featured_media":150678,"comment_status":"closed","ping_status":"open","sticky":false,"template":"","format":"standard","meta":{"footnotes":""},"categories":[5],"tags":[],"class_list":["post-150677","post","type-post","status-publish","format-standard","has-post-thumbnail","category-cronaca"],"yoast_head":"<!-- This site is optimized with the Yoast SEO plugin v28.4 - https:\/\/yoast.com\/product\/yoast-seo-wordpress\/ -->\n<title>\u201cPatto civico con Roberto Padrin\u201d, ecco la lista e i nomi a sostegno del candidato sindaco di Longarone - Bellunopress - Dolomiti<\/title>\n<meta name=\"robots\" content=\"index, follow, max-snippet:-1, max-image-preview:large, max-video-preview:-1\" \/>\n<link rel=\"canonical\" href=\"https:\/\/www.bellunopress.it\/fr\/2024\/05\/11\/patto-civico-con-roberto-padrin-ecco-la-lista-e-i-nomi-a-sostegno-del-sindaco-di-longarone\/\" \/>\n<meta property=\"og:locale\" content=\"fr_FR\" \/>\n<meta property=\"og:type\" content=\"article\" \/>\n<meta property=\"og:title\" content=\"\u201cPatto civico con Roberto Padrin\u201d, ecco la lista e i nomi a sostegno del candidato sindaco di Longarone - Bellunopress - Dolomiti\" \/>\n<meta property=\"og:description\" content=\"Nuova e rinnovata lista per il Comune di Longarone da Roberto Padrin. La lista \u201cPatto civico con Roberto Padrin\u201d sostiene l\u2019operato del sindaco uscente e rappresenta la linea di continuazione dell\u2019Amministrazione, con la proposizione di un cambiamento forte in materia di sviluppo territoriale, economico e strutturale. Obiettivi concreti e sostenibili di progetti pronti e risorse [&hellip;]\" \/>\n<meta property=\"og:url\" content=\"https:\/\/www.bellunopress.it\/fr\/2024\/05\/11\/patto-civico-con-roberto-padrin-ecco-la-lista-e-i-nomi-a-sostegno-del-sindaco-di-longarone\/\" \/>\n<meta property=\"og:site_name\" content=\"Bellunopress - Dolomiti\" \/>\n<meta property=\"article:publisher\" content=\"https:\/\/www.facebook.com\/profile.php?id=100008943462799\" \/>\n<meta property=\"article:published_time\" content=\"2024-05-11T11:39:20+00:00\" \/>\n<meta property=\"article:modified_time\" content=\"2024-05-11T11:40:03+00:00\" \/>\n<meta property=\"og:image\" content=\"https:\/\/www.bellunopress.it\/wp-content\/uploads\/2024\/05\/Patto-civico-con-Roberto-Padrin_edited.jpg\" \/>\n\t<meta property=\"og:image:width\" content=\"526\" \/>\n\t<meta property=\"og:image:height\" content=\"777\" \/>\n\t<meta property=\"og:image:type\" content=\"image\/jpeg\" \/>\n<meta name=\"author\" content=\"redazione\" \/>\n<meta name=\"twitter:card\" content=\"summary_large_image\" \/>\n<meta name=\"twitter:creator\" content=\"@bellunopress\" \/>\n<meta name=\"twitter:site\" content=\"@bellunopress\" \/>\n<meta name=\"twitter:label1\" content=\"\u00c9crit par\" \/>\n\t<meta name=\"twitter:data1\" content=\"redazione\" \/>\n\t<meta name=\"twitter:label2\" content=\"Dur\u00e9e de lecture estim\u00e9e\" \/>\n\t<meta name=\"twitter:data2\" content=\"4 minutes\" \/>\n<script type=\"application\/ld+json\" class=\"yoast-schema-graph\">{\"@context\":\"https:\\\/\\\/schema.org\",\"@graph\":[{\"@type\":\"Article\",\"@id\":\"https:\\\/\\\/www.bellunopress.it\\\/2024\\\/05\\\/11\\\/patto-civico-con-roberto-padrin-ecco-la-lista-e-i-nomi-a-sostegno-del-sindaco-di-longarone\\\/#article\",\"isPartOf\":{\"@id\":\"https:\\\/\\\/www.bellunopress.it\\\/2024\\\/05\\\/11\\\/patto-civico-con-roberto-padrin-ecco-la-lista-e-i-nomi-a-sostegno-del-sindaco-di-longarone\\\/\"},\"author\":{\"name\":\"redazione\",\"@id\":\"https:\\\/\\\/www.bellunopress.it\\\/#\\\/schema\\\/person\\\/79bb06722b37ece1c03d3e94beb30d73\"},\"headline\":\"\u201cPatto civico con Roberto Padrin\u201d, ecco la lista e i nomi a sostegno del candidato sindaco di Longarone\",\"datePublished\":\"2024-05-11T11:39:20+00:00\",\"dateModified\":\"2024-05-11T11:40:03+00:00\",\"mainEntityOfPage\":{\"@id\":\"https:\\\/\\\/www.bellunopress.it\\\/2024\\\/05\\\/11\\\/patto-civico-con-roberto-padrin-ecco-la-lista-e-i-nomi-a-sostegno-del-sindaco-di-longarone\\\/\"},\"wordCount\":870,\"publisher\":{\"@id\":\"https:\\\/\\\/www.bellunopress.it\\\/#organization\"},\"image\":{\"@id\":\"https:\\\/\\\/www.bellunopress.it\\\/2024\\\/05\\\/11\\\/patto-civico-con-roberto-padrin-ecco-la-lista-e-i-nomi-a-sostegno-del-sindaco-di-longarone\\\/#primaryimage\"},\"thumbnailUrl\":\"https:\\\/\\\/www.bellunopress.it\\\/wp-content\\\/uploads\\\/2024\\\/05\\\/Patto-civico-con-Roberto-Padrin_edited.jpg\",\"articleSection\":[\"Cronaca\\\/Politica\"],\"inLanguage\":\"fr-FR\"},{\"@type\":\"WebPage\",\"@id\":\"https:\\\/\\\/www.bellunopress.it\\\/2024\\\/05\\\/11\\\/patto-civico-con-roberto-padrin-ecco-la-lista-e-i-nomi-a-sostegno-del-sindaco-di-longarone\\\/\",\"url\":\"https:\\\/\\\/www.bellunopress.it\\\/2024\\\/05\\\/11\\\/patto-civico-con-roberto-padrin-ecco-la-lista-e-i-nomi-a-sostegno-del-sindaco-di-longarone\\\/\",\"name\":\"\u201cPatto civico con Roberto Padrin\u201d, ecco la lista e i nomi a sostegno del candidato sindaco di Longarone - Bellunopress - Dolomiti\",\"isPartOf\":{\"@id\":\"https:\\\/\\\/www.bellunopress.it\\\/#website\"},\"primaryImageOfPage\":{\"@id\":\"https:\\\/\\\/www.bellunopress.it\\\/2024\\\/05\\\/11\\\/patto-civico-con-roberto-padrin-ecco-la-lista-e-i-nomi-a-sostegno-del-sindaco-di-longarone\\\/#primaryimage\"},\"image\":{\"@id\":\"https:\\\/\\\/www.bellunopress.it\\\/2024\\\/05\\\/11\\\/patto-civico-con-roberto-padrin-ecco-la-lista-e-i-nomi-a-sostegno-del-sindaco-di-longarone\\\/#primaryimage\"},\"thumbnailUrl\":\"https:\\\/\\\/www.bellunopress.it\\\/wp-content\\\/uploads\\\/2024\\\/05\\\/Patto-civico-con-Roberto-Padrin_edited.jpg\",\"datePublished\":\"2024-05-11T11:39:20+00:00\",\"dateModified\":\"2024-05-11T11:40:03+00:00\",\"breadcrumb\":{\"@id\":\"https:\\\/\\\/www.bellunopress.it\\\/2024\\\/05\\\/11\\\/patto-civico-con-roberto-padrin-ecco-la-lista-e-i-nomi-a-sostegno-del-sindaco-di-longarone\\\/#breadcrumb\"},\"inLanguage\":\"fr-FR\",\"potentialAction\":[{\"@type\":\"ReadAction\",\"target\":[\"https:\\\/\\\/www.bellunopress.it\\\/2024\\\/05\\\/11\\\/patto-civico-con-roberto-padrin-ecco-la-lista-e-i-nomi-a-sostegno-del-sindaco-di-longarone\\\/\"]}]},{\"@type\":\"ImageObject\",\"inLanguage\":\"fr-FR\",\"@id\":\"https:\\\/\\\/www.bellunopress.it\\\/2024\\\/05\\\/11\\\/patto-civico-con-roberto-padrin-ecco-la-lista-e-i-nomi-a-sostegno-del-sindaco-di-longarone\\\/#primaryimage\",\"url\":\"https:\\\/\\\/www.bellunopress.it\\\/wp-content\\\/uploads\\\/2024\\\/05\\\/Patto-civico-con-Roberto-Padrin_edited.jpg\",\"contentUrl\":\"https:\\\/\\\/www.bellunopress.it\\\/wp-content\\\/uploads\\\/2024\\\/05\\\/Patto-civico-con-Roberto-Padrin_edited.jpg\",\"width\":526,\"height\":777},{\"@type\":\"BreadcrumbList\",\"@id\":\"https:\\\/\\\/www.bellunopress.it\\\/2024\\\/05\\\/11\\\/patto-civico-con-roberto-padrin-ecco-la-lista-e-i-nomi-a-sostegno-del-sindaco-di-longarone\\\/#breadcrumb\",\"itemListElement\":[{\"@type\":\"ListItem\",\"position\":1,\"name\":\"Home\",\"item\":\"https:\\\/\\\/www.bellunopress.it\\\/\"},{\"@type\":\"ListItem\",\"position\":2,\"name\":\"\u201cPatto civico con Roberto Padrin\u201d, ecco la lista e i nomi a sostegno del candidato sindaco di Longarone\"}]},{\"@type\":\"WebSite\",\"@id\":\"https:\\\/\\\/www.bellunopress.it\\\/#website\",\"url\":\"https:\\\/\\\/www.bellunopress.it\\\/\",\"name\":\"Bellunopress - Dolomiti\",\"description\":\"e-mail: redazione@bellunopress.it\",\"publisher\":{\"@id\":\"https:\\\/\\\/www.bellunopress.it\\\/#organization\"},\"potentialAction\":[{\"@type\":\"SearchAction\",\"target\":{\"@type\":\"EntryPoint\",\"urlTemplate\":\"https:\\\/\\\/www.bellunopress.it\\\/?s={search_term_string}\"},\"query-input\":{\"@type\":\"PropertyValueSpecification\",\"valueRequired\":true,\"valueName\":\"search_term_string\"}}],\"inLanguage\":\"fr-FR\"},{\"@type\":\"Organization\",\"@id\":\"https:\\\/\\\/www.bellunopress.it\\\/#organization\",\"name\":\"Bellunopress\",\"url\":\"https:\\\/\\\/www.bellunopress.it\\\/\",\"logo\":{\"@type\":\"ImageObject\",\"inLanguage\":\"fr-FR\",\"@id\":\"https:\\\/\\\/www.bellunopress.it\\\/#\\\/schema\\\/logo\\\/image\\\/\",\"url\":\"https:\\\/\\\/www.bellunopress.it\\\/wp-content\\\/uploads\\\/2011\\\/05\\\/cropped-logo-bellunopress-.jpg\",\"contentUrl\":\"https:\\\/\\\/www.bellunopress.it\\\/wp-content\\\/uploads\\\/2011\\\/05\\\/cropped-logo-bellunopress-.jpg\",\"width\":512,\"height\":512,\"caption\":\"Bellunopress\"},\"image\":{\"@id\":\"https:\\\/\\\/www.bellunopress.it\\\/#\\\/schema\\\/logo\\\/image\\\/\"},\"sameAs\":[\"https:\\\/\\\/www.facebook.com\\\/profile.php?id=100008943462799\",\"https:\\\/\\\/x.com\\\/bellunopress\",\"https:\\\/\\\/www.linkedin.com\\\/hp\\\/?dnr=JBzUWaJfMUw8vbXJJ2tVW5-I3jZKvC4wsoxE&amp;amp;amp;amp;amp;amp;trk=nav_responsive_tab_home\",\"https:\\\/\\\/www.youtube.com\\\/channel\\\/UCxL0wu1uN0_3_7hGG0306cw\"]},{\"@type\":\"Person\",\"@id\":\"https:\\\/\\\/www.bellunopress.it\\\/#\\\/schema\\\/person\\\/79bb06722b37ece1c03d3e94beb30d73\",\"name\":\"redazione\",\"image\":{\"@type\":\"ImageObject\",\"inLanguage\":\"fr-FR\",\"@id\":\"https:\\\/\\\/secure.gravatar.com\\\/avatar\\\/37d968a2e67a6fd04c169c4bdef102d0bc5d31b2546345219e348575eb80e9a0?s=96&d=mm&r=g\",\"url\":\"https:\\\/\\\/secure.gravatar.com\\\/avatar\\\/37d968a2e67a6fd04c169c4bdef102d0bc5d31b2546345219e348575eb80e9a0?s=96&d=mm&r=g\",\"contentUrl\":\"https:\\\/\\\/secure.gravatar.com\\\/avatar\\\/37d968a2e67a6fd04c169c4bdef102d0bc5d31b2546345219e348575eb80e9a0?s=96&d=mm&r=g\",\"caption\":\"redazione\"},\"sameAs\":[\"http:\\\/\\\/www.bellunopress.it\",\"https:\\\/\\\/x.com\\\/bellunopress\"],\"url\":\"https:\\\/\\\/www.bellunopress.it\\\/fr\\\/author\\\/redazione\\\/\"}]}<\/script>\n<!-- \/ Yoast SEO plugin. -->","yoast_head_json":{"title":"\u201cPatto civico con Roberto Padrin\u201d, ecco la lista e i nomi a sostegno del candidato sindaco di Longarone - Bellunopress - Dolomiti","robots":{"index":"index","follow":"follow","max-snippet":"max-snippet:-1","max-image-preview":"max-image-preview:large","max-video-preview":"max-video-preview:-1"},"canonical":"https:\/\/www.bellunopress.it\/fr\/2024\/05\/11\/patto-civico-con-roberto-padrin-ecco-la-lista-e-i-nomi-a-sostegno-del-sindaco-di-longarone\/","og_locale":"fr_FR","og_type":"article","og_title":"\u201cPatto civico con Roberto Padrin\u201d, ecco la lista e i nomi a sostegno del candidato sindaco di Longarone - Bellunopress - Dolomiti","og_description":"Nuova e rinnovata lista per il Comune di Longarone da Roberto Padrin. La lista \u201cPatto civico con Roberto Padrin\u201d sostiene l\u2019operato del sindaco uscente e rappresenta la linea di continuazione dell\u2019Amministrazione, con la proposizione di un cambiamento forte in materia di sviluppo territoriale, economico e strutturale. Obiettivi concreti e sostenibili di progetti pronti e risorse [&hellip;]","og_url":"https:\/\/www.bellunopress.it\/fr\/2024\/05\/11\/patto-civico-con-roberto-padrin-ecco-la-lista-e-i-nomi-a-sostegno-del-sindaco-di-longarone\/","og_site_name":"Bellunopress - Dolomiti","article_publisher":"https:\/\/www.facebook.com\/profile.php?id=100008943462799","article_published_time":"2024-05-11T11:39:20+00:00","article_modified_time":"2024-05-11T11:40:03+00:00","og_image":[{"width":526,"height":777,"url":"https:\/\/www.bellunopress.it\/wp-content\/uploads\/2024\/05\/Patto-civico-con-Roberto-Padrin_edited.jpg","type":"image\/jpeg"}],"author":"redazione","twitter_card":"summary_large_image","twitter_creator":"@bellunopress","twitter_site":"@bellunopress","twitter_misc":{"\u00c9crit par":"redazione","Dur\u00e9e de lecture estim\u00e9e":"4 minutes"},"schema":{"@context":"https:\/\/schema.org","@graph":[{"@type":"Article","@id":"https:\/\/www.bellunopress.it\/2024\/05\/11\/patto-civico-con-roberto-padrin-ecco-la-lista-e-i-nomi-a-sostegno-del-sindaco-di-longarone\/#article","isPartOf":{"@id":"https:\/\/www.bellunopress.it\/2024\/05\/11\/patto-civico-con-roberto-padrin-ecco-la-lista-e-i-nomi-a-sostegno-del-sindaco-di-longarone\/"},"author":{"name":"redazione","@id":"https:\/\/www.bellunopress.it\/#\/schema\/person\/79bb06722b37ece1c03d3e94beb30d73"},"headline":"\u201cPatto civico con Roberto Padrin\u201d, ecco la lista e i nomi a sostegno del candidato sindaco di Longarone","datePublished":"2024-05-11T11:39:20+00:00","dateModified":"2024-05-11T11:40:03+00:00","mainEntityOfPage":{"@id":"https:\/\/www.bellunopress.it\/2024\/05\/11\/patto-civico-con-roberto-padrin-ecco-la-lista-e-i-nomi-a-sostegno-del-sindaco-di-longarone\/"},"wordCount":870,"publisher":{"@id":"https:\/\/www.bellunopress.it\/#organization"},"image":{"@id":"https:\/\/www.bellunopress.it\/2024\/05\/11\/patto-civico-con-roberto-padrin-ecco-la-lista-e-i-nomi-a-sostegno-del-sindaco-di-longarone\/#primaryimage"},"thumbnailUrl":"https:\/\/www.bellunopress.it\/wp-content\/uploads\/2024\/05\/Patto-civico-con-Roberto-Padrin_edited.jpg","articleSection":["Cronaca\/Politica"],"inLanguage":"fr-FR"},{"@type":"WebPage","@id":"https:\/\/www.bellunopress.it\/2024\/05\/11\/patto-civico-con-roberto-padrin-ecco-la-lista-e-i-nomi-a-sostegno-del-sindaco-di-longarone\/","url":"https:\/\/www.bellunopress.it\/2024\/05\/11\/patto-civico-con-roberto-padrin-ecco-la-lista-e-i-nomi-a-sostegno-del-sindaco-di-longarone\/","name":"\u201cPatto civico con Roberto Padrin\u201d, ecco la lista e i nomi a sostegno del candidato sindaco di Longarone - Bellunopress - Dolomiti","isPartOf":{"@id":"https:\/\/www.bellunopress.it\/#website"},"primaryImageOfPage":{"@id":"https:\/\/www.bellunopress.it\/2024\/05\/11\/patto-civico-con-roberto-padrin-ecco-la-lista-e-i-nomi-a-sostegno-del-sindaco-di-longarone\/#primaryimage"},"image":{"@id":"https:\/\/www.bellunopress.it\/2024\/05\/11\/patto-civico-con-roberto-padrin-ecco-la-lista-e-i-nomi-a-sostegno-del-sindaco-di-longarone\/#primaryimage"},"thumbnailUrl":"https:\/\/www.bellunopress.it\/wp-content\/uploads\/2024\/05\/Patto-civico-con-Roberto-Padrin_edited.jpg","datePublished":"2024-05-11T11:39:20+00:00","dateModified":"2024-05-11T11:40:03+00:00","breadcrumb":{"@id":"https:\/\/www.bellunopress.it\/2024\/05\/11\/patto-civico-con-roberto-padrin-ecco-la-lista-e-i-nomi-a-sostegno-del-sindaco-di-longarone\/#breadcrumb"},"inLanguage":"fr-FR","potentialAction":[{"@type":"ReadAction","target":["https:\/\/www.bellunopress.it\/2024\/05\/11\/patto-civico-con-roberto-padrin-ecco-la-lista-e-i-nomi-a-sostegno-del-sindaco-di-longarone\/"]}]},{"@type":"ImageObject","inLanguage":"fr-FR","@id":"https:\/\/www.bellunopress.it\/2024\/05\/11\/patto-civico-con-roberto-padrin-ecco-la-lista-e-i-nomi-a-sostegno-del-sindaco-di-longarone\/#primaryimage","url":"https:\/\/www.bellunopress.it\/wp-content\/uploads\/2024\/05\/Patto-civico-con-Roberto-Padrin_edited.jpg","contentUrl":"https:\/\/www.bellunopress.it\/wp-content\/uploads\/2024\/05\/Patto-civico-con-Roberto-Padrin_edited.jpg","width":526,"height":777},{"@type":"BreadcrumbList","@id":"https:\/\/www.bellunopress.it\/2024\/05\/11\/patto-civico-con-roberto-padrin-ecco-la-lista-e-i-nomi-a-sostegno-del-sindaco-di-longarone\/#breadcrumb","itemListElement":[{"@type":"ListItem","position":1,"name":"Home","item":"https:\/\/www.bellunopress.it\/"},{"@type":"ListItem","position":2,"name":"\u201cPatto civico con Roberto Padrin\u201d, ecco la lista e i nomi a sostegno del candidato sindaco di Longarone"}]},{"@type":"WebSite","@id":"https:\/\/www.bellunopress.it\/#website","url":"https:\/\/www.bellunopress.it\/","name":"Bellunopress - Dolomiti","description":"e-mail: redazione@bellunopress.it","publisher":{"@id":"https:\/\/www.bellunopress.it\/#organization"},"potentialAction":[{"@type":"SearchAction","target":{"@type":"EntryPoint","urlTemplate":"https:\/\/www.bellunopress.it\/?s={search_term_string}"},"query-input":{"@type":"PropertyValueSpecification","valueRequired":true,"valueName":"search_term_string"}}],"inLanguage":"fr-FR"},{"@type":"Organization","@id":"https:\/\/www.bellunopress.it\/#organization","name":"Bellunopress","url":"https:\/\/www.bellunopress.it\/","logo":{"@type":"ImageObject","inLanguage":"fr-FR","@id":"https:\/\/www.bellunopress.it\/#\/schema\/logo\/image\/","url":"https:\/\/www.bellunopress.it\/wp-content\/uploads\/2011\/05\/cropped-logo-bellunopress-.jpg","contentUrl":"https:\/\/www.bellunopress.it\/wp-content\/uploads\/2011\/05\/cropped-logo-bellunopress-.jpg","width":512,"height":512,"caption":"Bellunopress"},"image":{"@id":"https:\/\/www.bellunopress.it\/#\/schema\/logo\/image\/"},"sameAs":["https:\/\/www.facebook.com\/profile.php?id=100008943462799","https:\/\/x.com\/bellunopress","https:\/\/www.linkedin.com\/hp\/?dnr=JBzUWaJfMUw8vbXJJ2tVW5-I3jZKvC4wsoxE&amp;amp;amp;amp;amp;amp;trk=nav_responsive_tab_home","https:\/\/www.youtube.com\/channel\/UCxL0wu1uN0_3_7hGG0306cw"]},{"@type":"Person","@id":"https:\/\/www.bellunopress.it\/#\/schema\/person\/79bb06722b37ece1c03d3e94beb30d73","name":"r\u00e9daction","image":{"@type":"ImageObject","inLanguage":"fr-FR","@id":"https:\/\/secure.gravatar.com\/avatar\/37d968a2e67a6fd04c169c4bdef102d0bc5d31b2546345219e348575eb80e9a0?s=96&d=mm&r=g","url":"https:\/\/secure.gravatar.com\/avatar\/37d968a2e67a6fd04c169c4bdef102d0bc5d31b2546345219e348575eb80e9a0?s=96&d=mm&r=g","contentUrl":"https:\/\/secure.gravatar.com\/avatar\/37d968a2e67a6fd04c169c4bdef102d0bc5d31b2546345219e348575eb80e9a0?s=96&d=mm&r=g","caption":"redazione"},"sameAs":["http:\/\/www.bellunopress.it","https:\/\/x.com\/bellunopress"],"url":"https:\/\/www.bellunopress.it\/fr\/author\/redazione\/"}]}},"_links":{"self":[{"href":"https:\/\/www.bellunopress.it\/fr\/wp-json\/wp\/v2\/posts\/150677","targetHints":{"allow":["GET"]}}],"collection":[{"href":"https:\/\/www.bellunopress.it\/fr\/wp-json\/wp\/v2\/posts"}],"about":[{"href":"https:\/\/www.bellunopress.it\/fr\/wp-json\/wp\/v2\/types\/post"}],"author":[{"embeddable":true,"href":"https:\/\/www.bellunopress.it\/fr\/wp-json\/wp\/v2\/users\/2"}],"replies":[{"embeddable":true,"href":"https:\/\/www.bellunopress.it\/fr\/wp-json\/wp\/v2\/comments?post=150677"}],"version-history":[{"count":2,"href":"https:\/\/www.bellunopress.it\/fr\/wp-json\/wp\/v2\/posts\/150677\/revisions"}],"predecessor-version":[{"id":150680,"href":"https:\/\/www.bellunopress.it\/fr\/wp-json\/wp\/v2\/posts\/150677\/revisions\/150680"}],"wp:featuredmedia":[{"embeddable":true,"href":"https:\/\/www.bellunopress.it\/fr\/wp-json\/wp\/v2\/media\/150678"}],"wp:attachment":[{"href":"https:\/\/www.bellunopress.it\/fr\/wp-json\/wp\/v2\/media?parent=150677"}],"wp:term":[{"taxonomy":"category","embeddable":true,"href":"https:\/\/www.bellunopress.it\/fr\/wp-json\/wp\/v2\/categories?post=150677"},{"taxonomy":"post_tag","embeddable":true,"href":"https:\/\/www.bellunopress.it\/fr\/wp-json\/wp\/v2\/tags?post=150677"}],"curies":[{"name":"wp","href":"https:\/\/api.w.org\/{rel}","templated":true}]}}