{"id":150665,"date":"2024-05-11T06:40:43","date_gmt":"2024-05-11T04:40:43","guid":{"rendered":"https:\/\/www.bellunopress.it\/?p=150665"},"modified":"2024-05-11T06:47:23","modified_gmt":"2024-05-11T04:47:23","slug":"liberta-di-stampa-secondo-il-quotidiano-la-repubblica-e-secondo-il-regista-paolo-cassina-stasera-a-belluno","status":"publish","type":"post","link":"https:\/\/www.bellunopress.it\/fr\/2024\/05\/11\/liberta-di-stampa-secondo-il-quotidiano-la-repubblica-e-secondo-il-regista-paolo-cassina-stasera-a-belluno\/","title":{"rendered":"Libert\u00e0 di stampa secondo il quotidiano la Repubblica. E secondo il regista Paolo Cassina stasera a Belluno"},"content":{"rendered":"<p><img loading=\"lazy\" decoding=\"async\" class=\"alignleft size-full wp-image-150666\" src=\"https:\/\/www.bellunopress.it\/wp-content\/uploads\/2024\/05\/non-e-andato-tutto-bene_edited-1.jpg\" alt=\"\" width=\"707\" height=\"1000\" srcset=\"https:\/\/www.bellunopress.it\/wp-content\/uploads\/2024\/05\/non-e-andato-tutto-bene_edited-1.jpg 707w, https:\/\/www.bellunopress.it\/wp-content\/uploads\/2024\/05\/non-e-andato-tutto-bene_edited-1-354x500.jpg 354w, https:\/\/www.bellunopress.it\/wp-content\/uploads\/2024\/05\/non-e-andato-tutto-bene_edited-1-297x420.jpg 297w, https:\/\/www.bellunopress.it\/wp-content\/uploads\/2024\/05\/non-e-andato-tutto-bene_edited-1-696x984.jpg 696w\" sizes=\"auto, (max-width: 707px) 100vw, 707px\" \/>Celebriamo la libert\u00e0 di stampa.\u00a0Non tanto per festeggiarla, quanto per invocarla!<\/p>\n<p>Nella giornata del 3 maggio, celebrata contro il pensiero unico e la censura, uno degli articoli pi\u00f9 belli lo ha scritto Ezio Mauro su la Repubblica, facendone una ricostruzione storica dalla Roma dei re.<\/p>\n<p>La Censura viene definita come un&#8217;ombra permanente e una tentazione costante nel rapporto tra la libert\u00e0 dell&#8217;individuo e la sovranit\u00e0 dello Stato.<\/p>\n<p>Ricordiamo duemilacinquecento anni di censura come interferenza che il Potere esercita nel libero dibattito delle idee, fino al punto di \u201cconfigurare un vero e proprio atto arbitrario, e quindi un abuso\u201d, con lo scopo di impedire ai cittadini le manifestazioni di pensiero che lo possano turbare e quindi per evitarne la diffusione o, se vogliamo, il contagio.<\/p>\n<p>Dice Ezio Mauro che \u201cvietare \u00e8 pi\u00f9 facile che spiegare, cancellare \u00e8 pi\u00f9 illusorio che convincere, reprimere \u00e8 pi\u00f9 definitivo che rispondere. Impedire ad un pensiero critico di strutturarsi e di esprimersi tranquillizza l&#8217;esercizio del comando\u201d<\/p>\n<p>Il fine ultimo quindi, per poter esercitare la persuasione sovrana, \u00e8 che il popolo non sappia. Sono concetti che non esitiamo di condividere ma allora ci viene spontanea una domanda.<\/p>\n<p>Come mai il giornale di Ezio Mauro, la Repubblica, nei 4 anni dal 2020 si \u00e8 fatta parte diligente per diffondere il Pensiero Unico circa il Covid, e in quest&#8217;ultimo anno ne attribuisce la responsabilit\u00e0 alla destra, senza modificare alcunch\u00e9 della sua strategia secondo la quale ogni pensiero contrario alla gestione ufficiale del Covid non pu\u00f2 essere rappresentato?<\/p>\n<p>Anche ora che sta crollando definitivamente il castello di inganni e falsit\u00e0 con cui siamo stati circuiti, che Astra-Zeneca ritira i suoi vaccini, che emergono le registrazioni segrete del CTS dimostrando la disonest\u00e0 intellettuale e l&#8217;ignavia delle \u201cvirostar\u201d, ora che dovremmo costituire un fronte compatto contro i disegni di signoria mondiale della Salute, coltivati dalla OMS, ora che\u2026 anche ora la Repubblica e gli altri giornaloni e giornalini tacciono. Con buona pace di Ezio Mauro.<\/p>\n<p>Da noi la libert\u00e0 di stampa \u00e8 ancora un concetto vuoto. E\u2018 necessario invocarla. Questa sera, sabato 11 maggio, al Centro Giovanni XXIII di Belluno, ce ne dar\u00e0 una dimostrazione il regista <a href=\"https:\/\/www.bellunopress.it\/fr\/2024\/05\/08\/non-e-andato-tutto-bene-le-verita-negate-sul-covid19-sabato-a-belluno-e-domenica-a-feltre-il-docu-film-di-paolo-cassina\/\">Paolo Cassina<\/a>.<\/p>\n<p>Dr Filiberto Dal Molin<\/p>","protected":false},"excerpt":{"rendered":"<p>Celebriamo la libert\u00e0 di stampa.\u00a0Non tanto per festeggiarla, quanto per invocarla! Nella giornata del 3 maggio, celebrata contro il pensiero unico e la censura, uno degli articoli pi\u00f9 belli lo ha scritto Ezio Mauro su la Repubblica, facendone una ricostruzione storica dalla Roma dei re. La Censura viene definita come un&#8217;ombra permanente e una tentazione [&hellip;]<\/p>\n","protected":false},"author":2,"featured_media":150666,"comment_status":"closed","ping_status":"open","sticky":false,"template":"","format":"standard","meta":{"footnotes":""},"categories":[3614],"tags":[],"class_list":["post-150665","post","type-post","status-publish","format-standard","has-post-thumbnail","category-controcorrente"],"yoast_head":"<!-- This site is optimized with the Yoast SEO plugin v28.4 - https:\/\/yoast.com\/product\/yoast-seo-wordpress\/ -->\n<title>Libert\u00e0 di stampa secondo il quotidiano la Repubblica. E secondo il regista Paolo Cassina stasera a Belluno - Bellunopress - Dolomiti<\/title>\n<meta name=\"robots\" content=\"index, follow, max-snippet:-1, max-image-preview:large, max-video-preview:-1\" \/>\n<link rel=\"canonical\" href=\"https:\/\/www.bellunopress.it\/fr\/2024\/05\/11\/liberta-di-stampa-secondo-il-quotidiano-la-repubblica-e-secondo-il-regista-paolo-cassina-stasera-a-belluno\/\" \/>\n<meta property=\"og:locale\" content=\"fr_FR\" \/>\n<meta property=\"og:type\" content=\"article\" \/>\n<meta property=\"og:title\" content=\"Libert\u00e0 di stampa secondo il quotidiano la Repubblica. E secondo il regista Paolo Cassina stasera a Belluno - Bellunopress - Dolomiti\" \/>\n<meta property=\"og:description\" content=\"Celebriamo la libert\u00e0 di stampa.\u00a0Non tanto per festeggiarla, quanto per invocarla! Nella giornata del 3 maggio, celebrata contro il pensiero unico e la censura, uno degli articoli pi\u00f9 belli lo ha scritto Ezio Mauro su la Repubblica, facendone una ricostruzione storica dalla Roma dei re. La Censura viene definita come un&#8217;ombra permanente e una tentazione [&hellip;]\" \/>\n<meta property=\"og:url\" content=\"https:\/\/www.bellunopress.it\/fr\/2024\/05\/11\/liberta-di-stampa-secondo-il-quotidiano-la-repubblica-e-secondo-il-regista-paolo-cassina-stasera-a-belluno\/\" \/>\n<meta property=\"og:site_name\" content=\"Bellunopress - Dolomiti\" \/>\n<meta property=\"article:publisher\" content=\"https:\/\/www.facebook.com\/profile.php?id=100008943462799\" \/>\n<meta property=\"article:published_time\" content=\"2024-05-11T04:40:43+00:00\" \/>\n<meta property=\"article:modified_time\" content=\"2024-05-11T04:47:23+00:00\" \/>\n<meta property=\"og:image\" content=\"https:\/\/www.bellunopress.it\/wp-content\/uploads\/2024\/05\/non-e-andato-tutto-bene_edited-1.jpg\" \/>\n\t<meta property=\"og:image:width\" content=\"707\" \/>\n\t<meta property=\"og:image:height\" content=\"1000\" \/>\n\t<meta property=\"og:image:type\" content=\"image\/jpeg\" \/>\n<meta name=\"author\" content=\"redazione\" \/>\n<meta name=\"twitter:card\" content=\"summary_large_image\" \/>\n<meta name=\"twitter:creator\" content=\"@bellunopress\" \/>\n<meta name=\"twitter:site\" content=\"@bellunopress\" \/>\n<meta name=\"twitter:label1\" content=\"Written by\" \/>\n\t<meta name=\"twitter:data1\" content=\"redazione\" \/>\n\t<meta name=\"twitter:label2\" content=\"Est. reading time\" \/>\n\t<meta name=\"twitter:data2\" content=\"2 minutes\" \/>\n<script type=\"application\/ld+json\" class=\"yoast-schema-graph\">{\"@context\":\"https:\\\/\\\/schema.org\",\"@graph\":[{\"@type\":\"Article\",\"@id\":\"https:\\\/\\\/www.bellunopress.it\\\/2024\\\/05\\\/11\\\/liberta-di-stampa-secondo-il-quotidiano-la-repubblica-e-secondo-il-regista-paolo-cassina-stasera-a-belluno\\\/#article\",\"isPartOf\":{\"@id\":\"https:\\\/\\\/www.bellunopress.it\\\/2024\\\/05\\\/11\\\/liberta-di-stampa-secondo-il-quotidiano-la-repubblica-e-secondo-il-regista-paolo-cassina-stasera-a-belluno\\\/\"},\"author\":{\"name\":\"redazione\",\"@id\":\"https:\\\/\\\/www.bellunopress.it\\\/#\\\/schema\\\/person\\\/79bb06722b37ece1c03d3e94beb30d73\"},\"headline\":\"Libert\u00e0 di stampa secondo il quotidiano la Repubblica. E secondo il regista Paolo Cassina stasera a Belluno\",\"datePublished\":\"2024-05-11T04:40:43+00:00\",\"dateModified\":\"2024-05-11T04:47:23+00:00\",\"mainEntityOfPage\":{\"@id\":\"https:\\\/\\\/www.bellunopress.it\\\/2024\\\/05\\\/11\\\/liberta-di-stampa-secondo-il-quotidiano-la-repubblica-e-secondo-il-regista-paolo-cassina-stasera-a-belluno\\\/\"},\"wordCount\":374,\"publisher\":{\"@id\":\"https:\\\/\\\/www.bellunopress.it\\\/#organization\"},\"image\":{\"@id\":\"https:\\\/\\\/www.bellunopress.it\\\/2024\\\/05\\\/11\\\/liberta-di-stampa-secondo-il-quotidiano-la-repubblica-e-secondo-il-regista-paolo-cassina-stasera-a-belluno\\\/#primaryimage\"},\"thumbnailUrl\":\"https:\\\/\\\/www.bellunopress.it\\\/wp-content\\\/uploads\\\/2024\\\/05\\\/non-e-andato-tutto-bene_edited-1.jpg\",\"articleSection\":[\"Controcorrente Dr Filiberto Dal Molin\"],\"inLanguage\":\"fr-FR\"},{\"@type\":\"WebPage\",\"@id\":\"https:\\\/\\\/www.bellunopress.it\\\/2024\\\/05\\\/11\\\/liberta-di-stampa-secondo-il-quotidiano-la-repubblica-e-secondo-il-regista-paolo-cassina-stasera-a-belluno\\\/\",\"url\":\"https:\\\/\\\/www.bellunopress.it\\\/2024\\\/05\\\/11\\\/liberta-di-stampa-secondo-il-quotidiano-la-repubblica-e-secondo-il-regista-paolo-cassina-stasera-a-belluno\\\/\",\"name\":\"Libert\u00e0 di stampa secondo il quotidiano la Repubblica. E secondo il regista Paolo Cassina stasera a Belluno - Bellunopress - Dolomiti\",\"isPartOf\":{\"@id\":\"https:\\\/\\\/www.bellunopress.it\\\/#website\"},\"primaryImageOfPage\":{\"@id\":\"https:\\\/\\\/www.bellunopress.it\\\/2024\\\/05\\\/11\\\/liberta-di-stampa-secondo-il-quotidiano-la-repubblica-e-secondo-il-regista-paolo-cassina-stasera-a-belluno\\\/#primaryimage\"},\"image\":{\"@id\":\"https:\\\/\\\/www.bellunopress.it\\\/2024\\\/05\\\/11\\\/liberta-di-stampa-secondo-il-quotidiano-la-repubblica-e-secondo-il-regista-paolo-cassina-stasera-a-belluno\\\/#primaryimage\"},\"thumbnailUrl\":\"https:\\\/\\\/www.bellunopress.it\\\/wp-content\\\/uploads\\\/2024\\\/05\\\/non-e-andato-tutto-bene_edited-1.jpg\",\"datePublished\":\"2024-05-11T04:40:43+00:00\",\"dateModified\":\"2024-05-11T04:47:23+00:00\",\"breadcrumb\":{\"@id\":\"https:\\\/\\\/www.bellunopress.it\\\/2024\\\/05\\\/11\\\/liberta-di-stampa-secondo-il-quotidiano-la-repubblica-e-secondo-il-regista-paolo-cassina-stasera-a-belluno\\\/#breadcrumb\"},\"inLanguage\":\"fr-FR\",\"potentialAction\":[{\"@type\":\"ReadAction\",\"target\":[\"https:\\\/\\\/www.bellunopress.it\\\/2024\\\/05\\\/11\\\/liberta-di-stampa-secondo-il-quotidiano-la-repubblica-e-secondo-il-regista-paolo-cassina-stasera-a-belluno\\\/\"]}]},{\"@type\":\"ImageObject\",\"inLanguage\":\"fr-FR\",\"@id\":\"https:\\\/\\\/www.bellunopress.it\\\/2024\\\/05\\\/11\\\/liberta-di-stampa-secondo-il-quotidiano-la-repubblica-e-secondo-il-regista-paolo-cassina-stasera-a-belluno\\\/#primaryimage\",\"url\":\"https:\\\/\\\/www.bellunopress.it\\\/wp-content\\\/uploads\\\/2024\\\/05\\\/non-e-andato-tutto-bene_edited-1.jpg\",\"contentUrl\":\"https:\\\/\\\/www.bellunopress.it\\\/wp-content\\\/uploads\\\/2024\\\/05\\\/non-e-andato-tutto-bene_edited-1.jpg\",\"width\":707,\"height\":1000},{\"@type\":\"BreadcrumbList\",\"@id\":\"https:\\\/\\\/www.bellunopress.it\\\/2024\\\/05\\\/11\\\/liberta-di-stampa-secondo-il-quotidiano-la-repubblica-e-secondo-il-regista-paolo-cassina-stasera-a-belluno\\\/#breadcrumb\",\"itemListElement\":[{\"@type\":\"ListItem\",\"position\":1,\"name\":\"Home\",\"item\":\"https:\\\/\\\/www.bellunopress.it\\\/\"},{\"@type\":\"ListItem\",\"position\":2,\"name\":\"Libert\u00e0 di stampa secondo il quotidiano la Repubblica. E secondo il regista Paolo Cassina stasera a Belluno\"}]},{\"@type\":\"WebSite\",\"@id\":\"https:\\\/\\\/www.bellunopress.it\\\/#website\",\"url\":\"https:\\\/\\\/www.bellunopress.it\\\/\",\"name\":\"Bellunopress - Dolomiti\",\"description\":\"e-mail: redazione@bellunopress.it\",\"publisher\":{\"@id\":\"https:\\\/\\\/www.bellunopress.it\\\/#organization\"},\"potentialAction\":[{\"@type\":\"SearchAction\",\"target\":{\"@type\":\"EntryPoint\",\"urlTemplate\":\"https:\\\/\\\/www.bellunopress.it\\\/?s={search_term_string}\"},\"query-input\":{\"@type\":\"PropertyValueSpecification\",\"valueRequired\":true,\"valueName\":\"search_term_string\"}}],\"inLanguage\":\"fr-FR\"},{\"@type\":\"Organization\",\"@id\":\"https:\\\/\\\/www.bellunopress.it\\\/#organization\",\"name\":\"Bellunopress\",\"url\":\"https:\\\/\\\/www.bellunopress.it\\\/\",\"logo\":{\"@type\":\"ImageObject\",\"inLanguage\":\"fr-FR\",\"@id\":\"https:\\\/\\\/www.bellunopress.it\\\/#\\\/schema\\\/logo\\\/image\\\/\",\"url\":\"https:\\\/\\\/www.bellunopress.it\\\/wp-content\\\/uploads\\\/2011\\\/05\\\/cropped-logo-bellunopress-.jpg\",\"contentUrl\":\"https:\\\/\\\/www.bellunopress.it\\\/wp-content\\\/uploads\\\/2011\\\/05\\\/cropped-logo-bellunopress-.jpg\",\"width\":512,\"height\":512,\"caption\":\"Bellunopress\"},\"image\":{\"@id\":\"https:\\\/\\\/www.bellunopress.it\\\/#\\\/schema\\\/logo\\\/image\\\/\"},\"sameAs\":[\"https:\\\/\\\/www.facebook.com\\\/profile.php?id=100008943462799\",\"https:\\\/\\\/x.com\\\/bellunopress\",\"https:\\\/\\\/www.linkedin.com\\\/hp\\\/?dnr=JBzUWaJfMUw8vbXJJ2tVW5-I3jZKvC4wsoxE&amp;amp;amp;amp;amp;amp;trk=nav_responsive_tab_home\",\"https:\\\/\\\/www.youtube.com\\\/channel\\\/UCxL0wu1uN0_3_7hGG0306cw\"]},{\"@type\":\"Person\",\"@id\":\"https:\\\/\\\/www.bellunopress.it\\\/#\\\/schema\\\/person\\\/79bb06722b37ece1c03d3e94beb30d73\",\"name\":\"redazione\",\"image\":{\"@type\":\"ImageObject\",\"inLanguage\":\"fr-FR\",\"@id\":\"https:\\\/\\\/secure.gravatar.com\\\/avatar\\\/37d968a2e67a6fd04c169c4bdef102d0bc5d31b2546345219e348575eb80e9a0?s=96&d=mm&r=g\",\"url\":\"https:\\\/\\\/secure.gravatar.com\\\/avatar\\\/37d968a2e67a6fd04c169c4bdef102d0bc5d31b2546345219e348575eb80e9a0?s=96&d=mm&r=g\",\"contentUrl\":\"https:\\\/\\\/secure.gravatar.com\\\/avatar\\\/37d968a2e67a6fd04c169c4bdef102d0bc5d31b2546345219e348575eb80e9a0?s=96&d=mm&r=g\",\"caption\":\"redazione\"},\"sameAs\":[\"http:\\\/\\\/www.bellunopress.it\",\"https:\\\/\\\/x.com\\\/bellunopress\"],\"url\":\"https:\\\/\\\/www.bellunopress.it\\\/fr\\\/author\\\/redazione\\\/\"}]}<\/script>\n<!-- \/ Yoast SEO plugin. -->","yoast_head_json":{"title":"Libert\u00e0 di stampa secondo il quotidiano la Repubblica. E secondo il regista Paolo Cassina stasera a Belluno - Bellunopress - Dolomiti","robots":{"index":"index","follow":"follow","max-snippet":"max-snippet:-1","max-image-preview":"max-image-preview:large","max-video-preview":"max-video-preview:-1"},"canonical":"https:\/\/www.bellunopress.it\/fr\/2024\/05\/11\/liberta-di-stampa-secondo-il-quotidiano-la-repubblica-e-secondo-il-regista-paolo-cassina-stasera-a-belluno\/","og_locale":"fr_FR","og_type":"article","og_title":"Libert\u00e0 di stampa secondo il quotidiano la Repubblica. E secondo il regista Paolo Cassina stasera a Belluno - Bellunopress - Dolomiti","og_description":"Celebriamo la libert\u00e0 di stampa.\u00a0Non tanto per festeggiarla, quanto per invocarla! Nella giornata del 3 maggio, celebrata contro il pensiero unico e la censura, uno degli articoli pi\u00f9 belli lo ha scritto Ezio Mauro su la Repubblica, facendone una ricostruzione storica dalla Roma dei re. La Censura viene definita come un&#8217;ombra permanente e una tentazione [&hellip;]","og_url":"https:\/\/www.bellunopress.it\/fr\/2024\/05\/11\/liberta-di-stampa-secondo-il-quotidiano-la-repubblica-e-secondo-il-regista-paolo-cassina-stasera-a-belluno\/","og_site_name":"Bellunopress - Dolomiti","article_publisher":"https:\/\/www.facebook.com\/profile.php?id=100008943462799","article_published_time":"2024-05-11T04:40:43+00:00","article_modified_time":"2024-05-11T04:47:23+00:00","og_image":[{"width":707,"height":1000,"url":"https:\/\/www.bellunopress.it\/wp-content\/uploads\/2024\/05\/non-e-andato-tutto-bene_edited-1.jpg","type":"image\/jpeg"}],"author":"redazione","twitter_card":"summary_large_image","twitter_creator":"@bellunopress","twitter_site":"@bellunopress","twitter_misc":{"Written by":"redazione","Est. reading time":"2 minutes"},"schema":{"@context":"https:\/\/schema.org","@graph":[{"@type":"Article","@id":"https:\/\/www.bellunopress.it\/2024\/05\/11\/liberta-di-stampa-secondo-il-quotidiano-la-repubblica-e-secondo-il-regista-paolo-cassina-stasera-a-belluno\/#article","isPartOf":{"@id":"https:\/\/www.bellunopress.it\/2024\/05\/11\/liberta-di-stampa-secondo-il-quotidiano-la-repubblica-e-secondo-il-regista-paolo-cassina-stasera-a-belluno\/"},"author":{"name":"redazione","@id":"https:\/\/www.bellunopress.it\/#\/schema\/person\/79bb06722b37ece1c03d3e94beb30d73"},"headline":"Libert\u00e0 di stampa secondo il quotidiano la Repubblica. E secondo il regista Paolo Cassina stasera a Belluno","datePublished":"2024-05-11T04:40:43+00:00","dateModified":"2024-05-11T04:47:23+00:00","mainEntityOfPage":{"@id":"https:\/\/www.bellunopress.it\/2024\/05\/11\/liberta-di-stampa-secondo-il-quotidiano-la-repubblica-e-secondo-il-regista-paolo-cassina-stasera-a-belluno\/"},"wordCount":374,"publisher":{"@id":"https:\/\/www.bellunopress.it\/#organization"},"image":{"@id":"https:\/\/www.bellunopress.it\/2024\/05\/11\/liberta-di-stampa-secondo-il-quotidiano-la-repubblica-e-secondo-il-regista-paolo-cassina-stasera-a-belluno\/#primaryimage"},"thumbnailUrl":"https:\/\/www.bellunopress.it\/wp-content\/uploads\/2024\/05\/non-e-andato-tutto-bene_edited-1.jpg","articleSection":["Controcorrente Dr Filiberto Dal Molin"],"inLanguage":"fr-FR"},{"@type":"WebPage","@id":"https:\/\/www.bellunopress.it\/2024\/05\/11\/liberta-di-stampa-secondo-il-quotidiano-la-repubblica-e-secondo-il-regista-paolo-cassina-stasera-a-belluno\/","url":"https:\/\/www.bellunopress.it\/2024\/05\/11\/liberta-di-stampa-secondo-il-quotidiano-la-repubblica-e-secondo-il-regista-paolo-cassina-stasera-a-belluno\/","name":"Libert\u00e0 di stampa secondo il quotidiano la Repubblica. E secondo il regista Paolo Cassina stasera a Belluno - Bellunopress - Dolomiti","isPartOf":{"@id":"https:\/\/www.bellunopress.it\/#website"},"primaryImageOfPage":{"@id":"https:\/\/www.bellunopress.it\/2024\/05\/11\/liberta-di-stampa-secondo-il-quotidiano-la-repubblica-e-secondo-il-regista-paolo-cassina-stasera-a-belluno\/#primaryimage"},"image":{"@id":"https:\/\/www.bellunopress.it\/2024\/05\/11\/liberta-di-stampa-secondo-il-quotidiano-la-repubblica-e-secondo-il-regista-paolo-cassina-stasera-a-belluno\/#primaryimage"},"thumbnailUrl":"https:\/\/www.bellunopress.it\/wp-content\/uploads\/2024\/05\/non-e-andato-tutto-bene_edited-1.jpg","datePublished":"2024-05-11T04:40:43+00:00","dateModified":"2024-05-11T04:47:23+00:00","breadcrumb":{"@id":"https:\/\/www.bellunopress.it\/2024\/05\/11\/liberta-di-stampa-secondo-il-quotidiano-la-repubblica-e-secondo-il-regista-paolo-cassina-stasera-a-belluno\/#breadcrumb"},"inLanguage":"fr-FR","potentialAction":[{"@type":"ReadAction","target":["https:\/\/www.bellunopress.it\/2024\/05\/11\/liberta-di-stampa-secondo-il-quotidiano-la-repubblica-e-secondo-il-regista-paolo-cassina-stasera-a-belluno\/"]}]},{"@type":"ImageObject","inLanguage":"fr-FR","@id":"https:\/\/www.bellunopress.it\/2024\/05\/11\/liberta-di-stampa-secondo-il-quotidiano-la-repubblica-e-secondo-il-regista-paolo-cassina-stasera-a-belluno\/#primaryimage","url":"https:\/\/www.bellunopress.it\/wp-content\/uploads\/2024\/05\/non-e-andato-tutto-bene_edited-1.jpg","contentUrl":"https:\/\/www.bellunopress.it\/wp-content\/uploads\/2024\/05\/non-e-andato-tutto-bene_edited-1.jpg","width":707,"height":1000},{"@type":"BreadcrumbList","@id":"https:\/\/www.bellunopress.it\/2024\/05\/11\/liberta-di-stampa-secondo-il-quotidiano-la-repubblica-e-secondo-il-regista-paolo-cassina-stasera-a-belluno\/#breadcrumb","itemListElement":[{"@type":"ListItem","position":1,"name":"Home","item":"https:\/\/www.bellunopress.it\/"},{"@type":"ListItem","position":2,"name":"Libert\u00e0 di stampa secondo il quotidiano la Repubblica. E secondo il regista Paolo Cassina stasera a Belluno"}]},{"@type":"WebSite","@id":"https:\/\/www.bellunopress.it\/#website","url":"https:\/\/www.bellunopress.it\/","name":"Bellunopress - Dolomiti","description":"e-mail: redazione@bellunopress.it","publisher":{"@id":"https:\/\/www.bellunopress.it\/#organization"},"potentialAction":[{"@type":"SearchAction","target":{"@type":"EntryPoint","urlTemplate":"https:\/\/www.bellunopress.it\/?s={search_term_string}"},"query-input":{"@type":"PropertyValueSpecification","valueRequired":true,"valueName":"search_term_string"}}],"inLanguage":"fr-FR"},{"@type":"Organization","@id":"https:\/\/www.bellunopress.it\/#organization","name":"Bellunopress","url":"https:\/\/www.bellunopress.it\/","logo":{"@type":"ImageObject","inLanguage":"fr-FR","@id":"https:\/\/www.bellunopress.it\/#\/schema\/logo\/image\/","url":"https:\/\/www.bellunopress.it\/wp-content\/uploads\/2011\/05\/cropped-logo-bellunopress-.jpg","contentUrl":"https:\/\/www.bellunopress.it\/wp-content\/uploads\/2011\/05\/cropped-logo-bellunopress-.jpg","width":512,"height":512,"caption":"Bellunopress"},"image":{"@id":"https:\/\/www.bellunopress.it\/#\/schema\/logo\/image\/"},"sameAs":["https:\/\/www.facebook.com\/profile.php?id=100008943462799","https:\/\/x.com\/bellunopress","https:\/\/www.linkedin.com\/hp\/?dnr=JBzUWaJfMUw8vbXJJ2tVW5-I3jZKvC4wsoxE&amp;amp;amp;amp;amp;amp;trk=nav_responsive_tab_home","https:\/\/www.youtube.com\/channel\/UCxL0wu1uN0_3_7hGG0306cw"]},{"@type":"Person","@id":"https:\/\/www.bellunopress.it\/#\/schema\/person\/79bb06722b37ece1c03d3e94beb30d73","name":"r\u00e9daction","image":{"@type":"ImageObject","inLanguage":"fr-FR","@id":"https:\/\/secure.gravatar.com\/avatar\/37d968a2e67a6fd04c169c4bdef102d0bc5d31b2546345219e348575eb80e9a0?s=96&d=mm&r=g","url":"https:\/\/secure.gravatar.com\/avatar\/37d968a2e67a6fd04c169c4bdef102d0bc5d31b2546345219e348575eb80e9a0?s=96&d=mm&r=g","contentUrl":"https:\/\/secure.gravatar.com\/avatar\/37d968a2e67a6fd04c169c4bdef102d0bc5d31b2546345219e348575eb80e9a0?s=96&d=mm&r=g","caption":"redazione"},"sameAs":["http:\/\/www.bellunopress.it","https:\/\/x.com\/bellunopress"],"url":"https:\/\/www.bellunopress.it\/fr\/author\/redazione\/"}]}},"_links":{"self":[{"href":"https:\/\/www.bellunopress.it\/fr\/wp-json\/wp\/v2\/posts\/150665","targetHints":{"allow":["GET"]}}],"collection":[{"href":"https:\/\/www.bellunopress.it\/fr\/wp-json\/wp\/v2\/posts"}],"about":[{"href":"https:\/\/www.bellunopress.it\/fr\/wp-json\/wp\/v2\/types\/post"}],"author":[{"embeddable":true,"href":"https:\/\/www.bellunopress.it\/fr\/wp-json\/wp\/v2\/users\/2"}],"replies":[{"embeddable":true,"href":"https:\/\/www.bellunopress.it\/fr\/wp-json\/wp\/v2\/comments?post=150665"}],"version-history":[{"count":4,"href":"https:\/\/www.bellunopress.it\/fr\/wp-json\/wp\/v2\/posts\/150665\/revisions"}],"predecessor-version":[{"id":150670,"href":"https:\/\/www.bellunopress.it\/fr\/wp-json\/wp\/v2\/posts\/150665\/revisions\/150670"}],"wp:featuredmedia":[{"embeddable":true,"href":"https:\/\/www.bellunopress.it\/fr\/wp-json\/wp\/v2\/media\/150666"}],"wp:attachment":[{"href":"https:\/\/www.bellunopress.it\/fr\/wp-json\/wp\/v2\/media?parent=150665"}],"wp:term":[{"taxonomy":"category","embeddable":true,"href":"https:\/\/www.bellunopress.it\/fr\/wp-json\/wp\/v2\/categories?post=150665"},{"taxonomy":"post_tag","embeddable":true,"href":"https:\/\/www.bellunopress.it\/fr\/wp-json\/wp\/v2\/tags?post=150665"}],"curies":[{"name":"wp","href":"https:\/\/api.w.org\/{rel}","templated":true}]}}