{"id":150656,"date":"2024-05-10T20:08:47","date_gmt":"2024-05-10T18:08:47","guid":{"rendered":"https:\/\/www.bellunopress.it\/?p=150656"},"modified":"2024-05-10T20:08:47","modified_gmt":"2024-05-10T18:08:47","slug":"bando-gal-prealpi-dolomiti-per-lavviamento-di-attivita-extra-agricole","status":"publish","type":"post","link":"https:\/\/www.bellunopress.it\/fr\/2024\/05\/10\/bando-gal-prealpi-dolomiti-per-lavviamento-di-attivita-extra-agricole\/","title":{"rendered":"Bando Gal Prealpi Dolomiti per l&#8217;avviamento di attivit\u00e0 extra-agricole"},"content":{"rendered":"<p><img loading=\"lazy\" decoding=\"async\" class=\"alignleft size-full wp-image-150657\" src=\"https:\/\/www.bellunopress.it\/wp-content\/uploads\/2024\/05\/Gal-Prealpi-e-Dolomiti.jpg\" alt=\"\" width=\"935\" height=\"355\" srcset=\"https:\/\/www.bellunopress.it\/wp-content\/uploads\/2024\/05\/Gal-Prealpi-e-Dolomiti.jpg 935w, https:\/\/www.bellunopress.it\/wp-content\/uploads\/2024\/05\/Gal-Prealpi-e-Dolomiti-500x190.jpg 500w, https:\/\/www.bellunopress.it\/wp-content\/uploads\/2024\/05\/Gal-Prealpi-e-Dolomiti-696x264.jpg 696w\" sizes=\"auto, (max-width: 935px) 100vw, 935px\" \/>Borgo Valbelluna, 10 maggio 2024\u00a0 &#8211;\u00a0Il Gal Prealpi e Dolomiti ha pubblicato il primo bando pubblico inerente all\u2019avviamento di attivit\u00e0 extra agricole. L\u2019iniziativa si inserisce nella cornice del Complemento Regionale per lo Sviluppo Rurale del Piano Strategico Nazionale PAC 2023-2027 per il Veneto \u2013 Programma di Sviluppo Locale 2023-2027 LEADER \u201cA-Tratti \u2013 Attratti dal Territorio\u201d.<\/p>\n<p>L\u2019intervento sostiene l\u2019avviamento di nuove attivit\u00e0 imprenditoriali extra-agricole nel territorio del GAL Prealpi e Dolomiti, al fine di contrastare lo spopolamento, contribuire allo sviluppo occupazionale e sostenere il ruolo della micro e piccola impresa nel rafforzamento del tessuto economico e sociale delle aree rurali.<\/p>\n<p>Sono ammesse le operazioni da realizzare nei venti Comuni appartenenti all\u2019Ambito Territoriale Designato della Strategia di Sviluppo Locale del GAL Prealpi e Dolomiti. Possono presentare domanda sia persone fisiche desiderose di avviare una nuova attivit\u00e0 imprenditoriale sia microimprese o piccole imprese iscritte alla Camera di Commercio da non pi\u00f9 di 6 mesi.<\/p>\n<p>Le attivit\u00e0 extra agricole che potranno essere sostenute sono di tipo commerciale, artigianale e di servizio. L\u2019importo a bando \u00e8 pari a 180.000,00 euro, con un importo forfettario individuale di 12.000,00 euro.<br \/>\nIl termine per la presentazione delle domande \u00e8 fissato per il giorno 9 luglio.<\/p>\n<p>In data 15 maggio 2024 alle ore 16:30 il GAL Prealpi e Dolomiti, in collaborazione con AVEPA &#8211; Sportello unico agricolo di Belluno, organizzer\u00e0 un incontro pubblico di presentazione del Bando presso la Sala Nocivelli della Biblioteca di Limana.<\/p>\n<p>Il bando pu\u00f2 essere scaricato dal sito internet <a href=\"http:\/\/www.galprealpidolomiti.it\">www.galprealpidolomiti.it<\/a>. Per informazioni, \u00e8 possibile contattare il GAL Prealpi e Dolomiti ai seguenti recapiti: Piazza T. Merlin, 1, 21 &#8211; 32026 Borgo Valbelluna (BL) &#8211; Tel. 0437-838586 &#8211; e-mail: info@gal2.it &#8211; dal luned\u00ec al venerd\u00ec dalle ore 8.30 alle ore 12.00.<\/p>","protected":false},"excerpt":{"rendered":"<p>Borgo Valbelluna, 10 maggio 2024\u00a0 &#8211;\u00a0Il Gal Prealpi e Dolomiti ha pubblicato il primo bando pubblico inerente all\u2019avviamento di attivit\u00e0 extra agricole. L\u2019iniziativa si inserisce nella cornice del Complemento Regionale per lo Sviluppo Rurale del Piano Strategico Nazionale PAC 2023-2027 per il Veneto \u2013 Programma di Sviluppo Locale 2023-2027 LEADER \u201cA-Tratti \u2013 Attratti dal Territorio\u201d. [&hellip;]<\/p>\n","protected":false},"author":2,"featured_media":150657,"comment_status":"closed","ping_status":"open","sticky":false,"template":"","format":"standard","meta":{"footnotes":""},"categories":[36],"tags":[],"class_list":["post-150656","post","type-post","status-publish","format-standard","has-post-thumbnail","category-lavoro-economia"],"yoast_head":"<!-- This site is optimized with the Yoast SEO plugin v28.4 - https:\/\/yoast.com\/product\/yoast-seo-wordpress\/ -->\n<title>Bando Gal Prealpi Dolomiti per l&#039;avviamento di attivit\u00e0 extra-agricole - Bellunopress - Dolomiti<\/title>\n<meta name=\"robots\" content=\"index, follow, max-snippet:-1, max-image-preview:large, max-video-preview:-1\" \/>\n<link rel=\"canonical\" href=\"https:\/\/www.bellunopress.it\/fr\/2024\/05\/10\/bando-gal-prealpi-dolomiti-per-lavviamento-di-attivita-extra-agricole\/\" \/>\n<meta property=\"og:locale\" content=\"fr_FR\" \/>\n<meta property=\"og:type\" content=\"article\" \/>\n<meta property=\"og:title\" content=\"Bando Gal Prealpi Dolomiti per l&#039;avviamento di attivit\u00e0 extra-agricole - Bellunopress - Dolomiti\" \/>\n<meta property=\"og:description\" content=\"Borgo Valbelluna, 10 maggio 2024\u00a0 &#8211;\u00a0Il Gal Prealpi e Dolomiti ha pubblicato il primo bando pubblico inerente all\u2019avviamento di attivit\u00e0 extra agricole. L\u2019iniziativa si inserisce nella cornice del Complemento Regionale per lo Sviluppo Rurale del Piano Strategico Nazionale PAC 2023-2027 per il Veneto \u2013 Programma di Sviluppo Locale 2023-2027 LEADER \u201cA-Tratti \u2013 Attratti dal Territorio\u201d. [&hellip;]\" \/>\n<meta property=\"og:url\" content=\"https:\/\/www.bellunopress.it\/fr\/2024\/05\/10\/bando-gal-prealpi-dolomiti-per-lavviamento-di-attivita-extra-agricole\/\" \/>\n<meta property=\"og:site_name\" content=\"Bellunopress - Dolomiti\" \/>\n<meta property=\"article:publisher\" content=\"https:\/\/www.facebook.com\/profile.php?id=100008943462799\" \/>\n<meta property=\"article:published_time\" content=\"2024-05-10T18:08:47+00:00\" \/>\n<meta property=\"og:image\" content=\"https:\/\/www.bellunopress.it\/wp-content\/uploads\/2024\/05\/Gal-Prealpi-e-Dolomiti.jpg\" \/>\n\t<meta property=\"og:image:width\" content=\"935\" \/>\n\t<meta property=\"og:image:height\" content=\"355\" \/>\n\t<meta property=\"og:image:type\" content=\"image\/jpeg\" \/>\n<meta name=\"author\" content=\"redazione\" \/>\n<meta name=\"twitter:card\" content=\"summary_large_image\" \/>\n<meta name=\"twitter:creator\" content=\"@bellunopress\" \/>\n<meta name=\"twitter:site\" content=\"@bellunopress\" \/>\n<meta name=\"twitter:label1\" content=\"\u00c9crit par\" \/>\n\t<meta name=\"twitter:data1\" content=\"redazione\" \/>\n\t<meta name=\"twitter:label2\" content=\"Dur\u00e9e de lecture estim\u00e9e\" \/>\n\t<meta name=\"twitter:data2\" content=\"1 minute\" \/>\n<script type=\"application\/ld+json\" class=\"yoast-schema-graph\">{\"@context\":\"https:\\\/\\\/schema.org\",\"@graph\":[{\"@type\":\"Article\",\"@id\":\"https:\\\/\\\/www.bellunopress.it\\\/2024\\\/05\\\/10\\\/bando-gal-prealpi-dolomiti-per-lavviamento-di-attivita-extra-agricole\\\/#article\",\"isPartOf\":{\"@id\":\"https:\\\/\\\/www.bellunopress.it\\\/2024\\\/05\\\/10\\\/bando-gal-prealpi-dolomiti-per-lavviamento-di-attivita-extra-agricole\\\/\"},\"author\":{\"name\":\"redazione\",\"@id\":\"https:\\\/\\\/www.bellunopress.it\\\/#\\\/schema\\\/person\\\/79bb06722b37ece1c03d3e94beb30d73\"},\"headline\":\"Bando Gal Prealpi Dolomiti per l&#8217;avviamento di attivit\u00e0 extra-agricole\",\"datePublished\":\"2024-05-10T18:08:47+00:00\",\"mainEntityOfPage\":{\"@id\":\"https:\\\/\\\/www.bellunopress.it\\\/2024\\\/05\\\/10\\\/bando-gal-prealpi-dolomiti-per-lavviamento-di-attivita-extra-agricole\\\/\"},\"wordCount\":287,\"publisher\":{\"@id\":\"https:\\\/\\\/www.bellunopress.it\\\/#organization\"},\"image\":{\"@id\":\"https:\\\/\\\/www.bellunopress.it\\\/2024\\\/05\\\/10\\\/bando-gal-prealpi-dolomiti-per-lavviamento-di-attivita-extra-agricole\\\/#primaryimage\"},\"thumbnailUrl\":\"https:\\\/\\\/www.bellunopress.it\\\/wp-content\\\/uploads\\\/2024\\\/05\\\/Gal-Prealpi-e-Dolomiti.jpg\",\"articleSection\":[\"Lavoro, Economia, Turismo\"],\"inLanguage\":\"fr-FR\"},{\"@type\":\"WebPage\",\"@id\":\"https:\\\/\\\/www.bellunopress.it\\\/2024\\\/05\\\/10\\\/bando-gal-prealpi-dolomiti-per-lavviamento-di-attivita-extra-agricole\\\/\",\"url\":\"https:\\\/\\\/www.bellunopress.it\\\/2024\\\/05\\\/10\\\/bando-gal-prealpi-dolomiti-per-lavviamento-di-attivita-extra-agricole\\\/\",\"name\":\"Bando Gal Prealpi Dolomiti per l'avviamento di attivit\u00e0 extra-agricole - Bellunopress - Dolomiti\",\"isPartOf\":{\"@id\":\"https:\\\/\\\/www.bellunopress.it\\\/#website\"},\"primaryImageOfPage\":{\"@id\":\"https:\\\/\\\/www.bellunopress.it\\\/2024\\\/05\\\/10\\\/bando-gal-prealpi-dolomiti-per-lavviamento-di-attivita-extra-agricole\\\/#primaryimage\"},\"image\":{\"@id\":\"https:\\\/\\\/www.bellunopress.it\\\/2024\\\/05\\\/10\\\/bando-gal-prealpi-dolomiti-per-lavviamento-di-attivita-extra-agricole\\\/#primaryimage\"},\"thumbnailUrl\":\"https:\\\/\\\/www.bellunopress.it\\\/wp-content\\\/uploads\\\/2024\\\/05\\\/Gal-Prealpi-e-Dolomiti.jpg\",\"datePublished\":\"2024-05-10T18:08:47+00:00\",\"breadcrumb\":{\"@id\":\"https:\\\/\\\/www.bellunopress.it\\\/2024\\\/05\\\/10\\\/bando-gal-prealpi-dolomiti-per-lavviamento-di-attivita-extra-agricole\\\/#breadcrumb\"},\"inLanguage\":\"fr-FR\",\"potentialAction\":[{\"@type\":\"ReadAction\",\"target\":[\"https:\\\/\\\/www.bellunopress.it\\\/2024\\\/05\\\/10\\\/bando-gal-prealpi-dolomiti-per-lavviamento-di-attivita-extra-agricole\\\/\"]}]},{\"@type\":\"ImageObject\",\"inLanguage\":\"fr-FR\",\"@id\":\"https:\\\/\\\/www.bellunopress.it\\\/2024\\\/05\\\/10\\\/bando-gal-prealpi-dolomiti-per-lavviamento-di-attivita-extra-agricole\\\/#primaryimage\",\"url\":\"https:\\\/\\\/www.bellunopress.it\\\/wp-content\\\/uploads\\\/2024\\\/05\\\/Gal-Prealpi-e-Dolomiti.jpg\",\"contentUrl\":\"https:\\\/\\\/www.bellunopress.it\\\/wp-content\\\/uploads\\\/2024\\\/05\\\/Gal-Prealpi-e-Dolomiti.jpg\",\"width\":935,\"height\":355},{\"@type\":\"BreadcrumbList\",\"@id\":\"https:\\\/\\\/www.bellunopress.it\\\/2024\\\/05\\\/10\\\/bando-gal-prealpi-dolomiti-per-lavviamento-di-attivita-extra-agricole\\\/#breadcrumb\",\"itemListElement\":[{\"@type\":\"ListItem\",\"position\":1,\"name\":\"Home\",\"item\":\"https:\\\/\\\/www.bellunopress.it\\\/\"},{\"@type\":\"ListItem\",\"position\":2,\"name\":\"Bando Gal Prealpi Dolomiti per l&#8217;avviamento di attivit\u00e0 extra-agricole\"}]},{\"@type\":\"WebSite\",\"@id\":\"https:\\\/\\\/www.bellunopress.it\\\/#website\",\"url\":\"https:\\\/\\\/www.bellunopress.it\\\/\",\"name\":\"Bellunopress - Dolomiti\",\"description\":\"e-mail: redazione@bellunopress.it\",\"publisher\":{\"@id\":\"https:\\\/\\\/www.bellunopress.it\\\/#organization\"},\"potentialAction\":[{\"@type\":\"SearchAction\",\"target\":{\"@type\":\"EntryPoint\",\"urlTemplate\":\"https:\\\/\\\/www.bellunopress.it\\\/?s={search_term_string}\"},\"query-input\":{\"@type\":\"PropertyValueSpecification\",\"valueRequired\":true,\"valueName\":\"search_term_string\"}}],\"inLanguage\":\"fr-FR\"},{\"@type\":\"Organization\",\"@id\":\"https:\\\/\\\/www.bellunopress.it\\\/#organization\",\"name\":\"Bellunopress\",\"url\":\"https:\\\/\\\/www.bellunopress.it\\\/\",\"logo\":{\"@type\":\"ImageObject\",\"inLanguage\":\"fr-FR\",\"@id\":\"https:\\\/\\\/www.bellunopress.it\\\/#\\\/schema\\\/logo\\\/image\\\/\",\"url\":\"https:\\\/\\\/www.bellunopress.it\\\/wp-content\\\/uploads\\\/2011\\\/05\\\/cropped-logo-bellunopress-.jpg\",\"contentUrl\":\"https:\\\/\\\/www.bellunopress.it\\\/wp-content\\\/uploads\\\/2011\\\/05\\\/cropped-logo-bellunopress-.jpg\",\"width\":512,\"height\":512,\"caption\":\"Bellunopress\"},\"image\":{\"@id\":\"https:\\\/\\\/www.bellunopress.it\\\/#\\\/schema\\\/logo\\\/image\\\/\"},\"sameAs\":[\"https:\\\/\\\/www.facebook.com\\\/profile.php?id=100008943462799\",\"https:\\\/\\\/x.com\\\/bellunopress\",\"https:\\\/\\\/www.linkedin.com\\\/hp\\\/?dnr=JBzUWaJfMUw8vbXJJ2tVW5-I3jZKvC4wsoxE&amp;amp;amp;amp;amp;amp;trk=nav_responsive_tab_home\",\"https:\\\/\\\/www.youtube.com\\\/channel\\\/UCxL0wu1uN0_3_7hGG0306cw\"]},{\"@type\":\"Person\",\"@id\":\"https:\\\/\\\/www.bellunopress.it\\\/#\\\/schema\\\/person\\\/79bb06722b37ece1c03d3e94beb30d73\",\"name\":\"redazione\",\"image\":{\"@type\":\"ImageObject\",\"inLanguage\":\"fr-FR\",\"@id\":\"https:\\\/\\\/secure.gravatar.com\\\/avatar\\\/37d968a2e67a6fd04c169c4bdef102d0bc5d31b2546345219e348575eb80e9a0?s=96&d=mm&r=g\",\"url\":\"https:\\\/\\\/secure.gravatar.com\\\/avatar\\\/37d968a2e67a6fd04c169c4bdef102d0bc5d31b2546345219e348575eb80e9a0?s=96&d=mm&r=g\",\"contentUrl\":\"https:\\\/\\\/secure.gravatar.com\\\/avatar\\\/37d968a2e67a6fd04c169c4bdef102d0bc5d31b2546345219e348575eb80e9a0?s=96&d=mm&r=g\",\"caption\":\"redazione\"},\"sameAs\":[\"http:\\\/\\\/www.bellunopress.it\",\"https:\\\/\\\/x.com\\\/bellunopress\"],\"url\":\"https:\\\/\\\/www.bellunopress.it\\\/fr\\\/author\\\/redazione\\\/\"}]}<\/script>\n<!-- \/ Yoast SEO plugin. -->","yoast_head_json":{"title":"Bando Gal Prealpi Dolomiti per l'avviamento di attivit\u00e0 extra-agricole - Bellunopress - Dolomiti","robots":{"index":"index","follow":"follow","max-snippet":"max-snippet:-1","max-image-preview":"max-image-preview:large","max-video-preview":"max-video-preview:-1"},"canonical":"https:\/\/www.bellunopress.it\/fr\/2024\/05\/10\/bando-gal-prealpi-dolomiti-per-lavviamento-di-attivita-extra-agricole\/","og_locale":"fr_FR","og_type":"article","og_title":"Bando Gal Prealpi Dolomiti per l'avviamento di attivit\u00e0 extra-agricole - Bellunopress - Dolomiti","og_description":"Borgo Valbelluna, 10 maggio 2024\u00a0 &#8211;\u00a0Il Gal Prealpi e Dolomiti ha pubblicato il primo bando pubblico inerente all\u2019avviamento di attivit\u00e0 extra agricole. L\u2019iniziativa si inserisce nella cornice del Complemento Regionale per lo Sviluppo Rurale del Piano Strategico Nazionale PAC 2023-2027 per il Veneto \u2013 Programma di Sviluppo Locale 2023-2027 LEADER \u201cA-Tratti \u2013 Attratti dal Territorio\u201d. [&hellip;]","og_url":"https:\/\/www.bellunopress.it\/fr\/2024\/05\/10\/bando-gal-prealpi-dolomiti-per-lavviamento-di-attivita-extra-agricole\/","og_site_name":"Bellunopress - Dolomiti","article_publisher":"https:\/\/www.facebook.com\/profile.php?id=100008943462799","article_published_time":"2024-05-10T18:08:47+00:00","og_image":[{"width":935,"height":355,"url":"https:\/\/www.bellunopress.it\/wp-content\/uploads\/2024\/05\/Gal-Prealpi-e-Dolomiti.jpg","type":"image\/jpeg"}],"author":"redazione","twitter_card":"summary_large_image","twitter_creator":"@bellunopress","twitter_site":"@bellunopress","twitter_misc":{"\u00c9crit par":"redazione","Dur\u00e9e de lecture estim\u00e9e":"1 minute"},"schema":{"@context":"https:\/\/schema.org","@graph":[{"@type":"Article","@id":"https:\/\/www.bellunopress.it\/2024\/05\/10\/bando-gal-prealpi-dolomiti-per-lavviamento-di-attivita-extra-agricole\/#article","isPartOf":{"@id":"https:\/\/www.bellunopress.it\/2024\/05\/10\/bando-gal-prealpi-dolomiti-per-lavviamento-di-attivita-extra-agricole\/"},"author":{"name":"redazione","@id":"https:\/\/www.bellunopress.it\/#\/schema\/person\/79bb06722b37ece1c03d3e94beb30d73"},"headline":"Bando Gal Prealpi Dolomiti per l&#8217;avviamento di attivit\u00e0 extra-agricole","datePublished":"2024-05-10T18:08:47+00:00","mainEntityOfPage":{"@id":"https:\/\/www.bellunopress.it\/2024\/05\/10\/bando-gal-prealpi-dolomiti-per-lavviamento-di-attivita-extra-agricole\/"},"wordCount":287,"publisher":{"@id":"https:\/\/www.bellunopress.it\/#organization"},"image":{"@id":"https:\/\/www.bellunopress.it\/2024\/05\/10\/bando-gal-prealpi-dolomiti-per-lavviamento-di-attivita-extra-agricole\/#primaryimage"},"thumbnailUrl":"https:\/\/www.bellunopress.it\/wp-content\/uploads\/2024\/05\/Gal-Prealpi-e-Dolomiti.jpg","articleSection":["Lavoro, Economia, Turismo"],"inLanguage":"fr-FR"},{"@type":"WebPage","@id":"https:\/\/www.bellunopress.it\/2024\/05\/10\/bando-gal-prealpi-dolomiti-per-lavviamento-di-attivita-extra-agricole\/","url":"https:\/\/www.bellunopress.it\/2024\/05\/10\/bando-gal-prealpi-dolomiti-per-lavviamento-di-attivita-extra-agricole\/","name":"Bando Gal Prealpi Dolomiti per l'avviamento di attivit\u00e0 extra-agricole - Bellunopress - Dolomiti","isPartOf":{"@id":"https:\/\/www.bellunopress.it\/#website"},"primaryImageOfPage":{"@id":"https:\/\/www.bellunopress.it\/2024\/05\/10\/bando-gal-prealpi-dolomiti-per-lavviamento-di-attivita-extra-agricole\/#primaryimage"},"image":{"@id":"https:\/\/www.bellunopress.it\/2024\/05\/10\/bando-gal-prealpi-dolomiti-per-lavviamento-di-attivita-extra-agricole\/#primaryimage"},"thumbnailUrl":"https:\/\/www.bellunopress.it\/wp-content\/uploads\/2024\/05\/Gal-Prealpi-e-Dolomiti.jpg","datePublished":"2024-05-10T18:08:47+00:00","breadcrumb":{"@id":"https:\/\/www.bellunopress.it\/2024\/05\/10\/bando-gal-prealpi-dolomiti-per-lavviamento-di-attivita-extra-agricole\/#breadcrumb"},"inLanguage":"fr-FR","potentialAction":[{"@type":"ReadAction","target":["https:\/\/www.bellunopress.it\/2024\/05\/10\/bando-gal-prealpi-dolomiti-per-lavviamento-di-attivita-extra-agricole\/"]}]},{"@type":"ImageObject","inLanguage":"fr-FR","@id":"https:\/\/www.bellunopress.it\/2024\/05\/10\/bando-gal-prealpi-dolomiti-per-lavviamento-di-attivita-extra-agricole\/#primaryimage","url":"https:\/\/www.bellunopress.it\/wp-content\/uploads\/2024\/05\/Gal-Prealpi-e-Dolomiti.jpg","contentUrl":"https:\/\/www.bellunopress.it\/wp-content\/uploads\/2024\/05\/Gal-Prealpi-e-Dolomiti.jpg","width":935,"height":355},{"@type":"BreadcrumbList","@id":"https:\/\/www.bellunopress.it\/2024\/05\/10\/bando-gal-prealpi-dolomiti-per-lavviamento-di-attivita-extra-agricole\/#breadcrumb","itemListElement":[{"@type":"ListItem","position":1,"name":"Home","item":"https:\/\/www.bellunopress.it\/"},{"@type":"ListItem","position":2,"name":"Bando Gal Prealpi Dolomiti per l&#8217;avviamento di attivit\u00e0 extra-agricole"}]},{"@type":"WebSite","@id":"https:\/\/www.bellunopress.it\/#website","url":"https:\/\/www.bellunopress.it\/","name":"Bellunopress - Dolomiti","description":"e-mail: redazione@bellunopress.it","publisher":{"@id":"https:\/\/www.bellunopress.it\/#organization"},"potentialAction":[{"@type":"SearchAction","target":{"@type":"EntryPoint","urlTemplate":"https:\/\/www.bellunopress.it\/?s={search_term_string}"},"query-input":{"@type":"PropertyValueSpecification","valueRequired":true,"valueName":"search_term_string"}}],"inLanguage":"fr-FR"},{"@type":"Organization","@id":"https:\/\/www.bellunopress.it\/#organization","name":"Bellunopress","url":"https:\/\/www.bellunopress.it\/","logo":{"@type":"ImageObject","inLanguage":"fr-FR","@id":"https:\/\/www.bellunopress.it\/#\/schema\/logo\/image\/","url":"https:\/\/www.bellunopress.it\/wp-content\/uploads\/2011\/05\/cropped-logo-bellunopress-.jpg","contentUrl":"https:\/\/www.bellunopress.it\/wp-content\/uploads\/2011\/05\/cropped-logo-bellunopress-.jpg","width":512,"height":512,"caption":"Bellunopress"},"image":{"@id":"https:\/\/www.bellunopress.it\/#\/schema\/logo\/image\/"},"sameAs":["https:\/\/www.facebook.com\/profile.php?id=100008943462799","https:\/\/x.com\/bellunopress","https:\/\/www.linkedin.com\/hp\/?dnr=JBzUWaJfMUw8vbXJJ2tVW5-I3jZKvC4wsoxE&amp;amp;amp;amp;amp;amp;trk=nav_responsive_tab_home","https:\/\/www.youtube.com\/channel\/UCxL0wu1uN0_3_7hGG0306cw"]},{"@type":"Person","@id":"https:\/\/www.bellunopress.it\/#\/schema\/person\/79bb06722b37ece1c03d3e94beb30d73","name":"r\u00e9daction","image":{"@type":"ImageObject","inLanguage":"fr-FR","@id":"https:\/\/secure.gravatar.com\/avatar\/37d968a2e67a6fd04c169c4bdef102d0bc5d31b2546345219e348575eb80e9a0?s=96&d=mm&r=g","url":"https:\/\/secure.gravatar.com\/avatar\/37d968a2e67a6fd04c169c4bdef102d0bc5d31b2546345219e348575eb80e9a0?s=96&d=mm&r=g","contentUrl":"https:\/\/secure.gravatar.com\/avatar\/37d968a2e67a6fd04c169c4bdef102d0bc5d31b2546345219e348575eb80e9a0?s=96&d=mm&r=g","caption":"redazione"},"sameAs":["http:\/\/www.bellunopress.it","https:\/\/x.com\/bellunopress"],"url":"https:\/\/www.bellunopress.it\/fr\/author\/redazione\/"}]}},"_links":{"self":[{"href":"https:\/\/www.bellunopress.it\/fr\/wp-json\/wp\/v2\/posts\/150656","targetHints":{"allow":["GET"]}}],"collection":[{"href":"https:\/\/www.bellunopress.it\/fr\/wp-json\/wp\/v2\/posts"}],"about":[{"href":"https:\/\/www.bellunopress.it\/fr\/wp-json\/wp\/v2\/types\/post"}],"author":[{"embeddable":true,"href":"https:\/\/www.bellunopress.it\/fr\/wp-json\/wp\/v2\/users\/2"}],"replies":[{"embeddable":true,"href":"https:\/\/www.bellunopress.it\/fr\/wp-json\/wp\/v2\/comments?post=150656"}],"version-history":[{"count":1,"href":"https:\/\/www.bellunopress.it\/fr\/wp-json\/wp\/v2\/posts\/150656\/revisions"}],"predecessor-version":[{"id":150658,"href":"https:\/\/www.bellunopress.it\/fr\/wp-json\/wp\/v2\/posts\/150656\/revisions\/150658"}],"wp:featuredmedia":[{"embeddable":true,"href":"https:\/\/www.bellunopress.it\/fr\/wp-json\/wp\/v2\/media\/150657"}],"wp:attachment":[{"href":"https:\/\/www.bellunopress.it\/fr\/wp-json\/wp\/v2\/media?parent=150656"}],"wp:term":[{"taxonomy":"category","embeddable":true,"href":"https:\/\/www.bellunopress.it\/fr\/wp-json\/wp\/v2\/categories?post=150656"},{"taxonomy":"post_tag","embeddable":true,"href":"https:\/\/www.bellunopress.it\/fr\/wp-json\/wp\/v2\/tags?post=150656"}],"curies":[{"name":"wp","href":"https:\/\/api.w.org\/{rel}","templated":true}]}}