{"id":150596,"date":"2024-05-08T18:10:51","date_gmt":"2024-05-08T16:10:51","guid":{"rendered":"https:\/\/www.bellunopress.it\/?p=150596"},"modified":"2024-05-08T18:10:51","modified_gmt":"2024-05-08T16:10:51","slug":"consorzio-bim-piave-belluno-in-assemblea-si-costituisce-la-nuova-fondazione-per-la-comunita-energetica","status":"publish","type":"post","link":"https:\/\/www.bellunopress.it\/fr\/2024\/05\/08\/consorzio-bim-piave-belluno-in-assemblea-si-costituisce-la-nuova-fondazione-per-la-comunita-energetica\/","title":{"rendered":"Consorzio Bim Piave-Belluno in assemblea. Si costituisce la nuova Fondazione per la Comunit\u00e0 energetica"},"content":{"rendered":"<p><img loading=\"lazy\" decoding=\"async\" class=\"alignleft size-full wp-image-150597\" src=\"https:\/\/www.bellunopress.it\/wp-content\/uploads\/2024\/05\/assemblea-Generale-BIM-Piave.jpg\" alt=\"\" width=\"1000\" height=\"450\" srcset=\"https:\/\/www.bellunopress.it\/wp-content\/uploads\/2024\/05\/assemblea-Generale-BIM-Piave.jpg 1000w, https:\/\/www.bellunopress.it\/wp-content\/uploads\/2024\/05\/assemblea-Generale-BIM-Piave-500x225.jpg 500w, https:\/\/www.bellunopress.it\/wp-content\/uploads\/2024\/05\/assemblea-Generale-BIM-Piave-933x420.jpg 933w, https:\/\/www.bellunopress.it\/wp-content\/uploads\/2024\/05\/assemblea-Generale-BIM-Piave-696x313.jpg 696w\" sizes=\"auto, (max-width: 1000px) 100vw, 1000px\" \/>Convocata dal presidente Marco Staunvo Polacco, si \u00e8 tenuta nel pomeriggio di oggi 8 maggio 2024 nella sala convegni della ANA \u2013 Sezione di Belluno l\u2019assemblea generale del Consorzio Bim Piave. Focus sulla costituzione della nuova Comunit\u00e0 Energetica, un importante passo avanti nel quadro delle politiche energetiche e di sostegno alle comunit\u00e0 locali.<br \/>\nCon un&#8217;agenda ricca di temi cruciali per il futuro della provincia, l&#8217;assemblea ha iniziato i lavori con la lettura e l&#8217;approvazione dei verbali delle sedute precedenti, seguiti dall&#8217;approvazione del rendiconto di gestione dell&#8217;esercizio 2023 e della III Variazione al Bilancio di Previsione 2024-2026.<\/p>\n<p>Cuore pulsante dell&#8217;incontro \u00e8 stato concentrato su due punti salienti: la costituzione di una Comunit\u00e0 Energetica nella forma di Fondazione di partecipazione e l\u2019approvazione Regolamento per l\u2019assegnazione di contributi a valere sul Fondo per il lavoro a sostegno delle attivit\u00e0 di Comuni e Unioni Montane triennio 2024\/2026.<br \/>\nLa decisione di costituire una Comunit\u00e0 Energetica rappresenta una pietra miliare nel percorso verso la sostenibilit\u00e0 e l&#8217;indipendenza energetica della provincia di Belluno. Questa iniziativa apre le porte a un futuro in cui le risorse energetiche locali vengono gestite in modo comunitario, promuovendo la produzione e il consumo sostenibili, nonch\u00e9 la<br \/>\npartecipazione attiva dei cittadini.<\/p>\n<p>Il presidente del Consorzio BIM PIAVE, Marco Staunvo Polacco, ha commentato: &#8220;L&#8217;Assemblea Generale ha segnato un momento cruciale nella nostra missione di promuovere lo sviluppo sostenibile e il benessere delle nostre comunit\u00e0 di oggi e domani. Con la costituzione della Comunit\u00e0 Energetica stiamo gettando le basi per il futuro della<br \/>\nmontagna.\u201d<br \/>\nApprovato all\u2019unanimit\u00e0 anche il regolamento per la concessione di contributi a valere sul Fondo per il lavoro a sostegno delle attivit\u00e0 dei Comuni e delle Unioni Montane nel triennio 2024-2026, evidenziando l\u2019impegno concreto dell\u2019Assemblea nell&#8217;aiutare le comunit\u00e0 attraverso le istituzioni del territorio, ma anche offrendo alle persone in cerca di<br \/>\noccupazione nuovi posti di lavoro.<\/p>","protected":false},"excerpt":{"rendered":"<p>Convocata dal presidente Marco Staunvo Polacco, si \u00e8 tenuta nel pomeriggio di oggi 8 maggio 2024 nella sala convegni della ANA \u2013 Sezione di Belluno l\u2019assemblea generale del Consorzio Bim Piave. Focus sulla costituzione della nuova Comunit\u00e0 Energetica, un importante passo avanti nel quadro delle politiche energetiche e di sostegno alle comunit\u00e0 locali. Con un&#8217;agenda [&hellip;]<\/p>\n","protected":false},"author":2,"featured_media":150597,"comment_status":"closed","ping_status":"open","sticky":false,"template":"","format":"standard","meta":{"footnotes":""},"categories":[26,8],"tags":[],"class_list":["post-150596","post","type-post","status-publish","format-standard","has-post-thumbnail","category-prima-pagina","category-societa-istituzioni"],"yoast_head":"<!-- This site is optimized with the Yoast SEO plugin v28.4 - https:\/\/yoast.com\/product\/yoast-seo-wordpress\/ -->\n<title>Consorzio Bim Piave-Belluno in assemblea. Si costituisce la nuova Fondazione per la Comunit\u00e0 energetica - Bellunopress - Dolomiti<\/title>\n<meta name=\"robots\" content=\"index, follow, max-snippet:-1, max-image-preview:large, max-video-preview:-1\" \/>\n<link rel=\"canonical\" href=\"https:\/\/www.bellunopress.it\/fr\/2024\/05\/08\/consorzio-bim-piave-belluno-in-assemblea-si-costituisce-la-nuova-fondazione-per-la-comunita-energetica\/\" \/>\n<meta property=\"og:locale\" content=\"fr_FR\" \/>\n<meta property=\"og:type\" content=\"article\" \/>\n<meta property=\"og:title\" content=\"Consorzio Bim Piave-Belluno in assemblea. Si costituisce la nuova Fondazione per la Comunit\u00e0 energetica - Bellunopress - Dolomiti\" \/>\n<meta property=\"og:description\" content=\"Convocata dal presidente Marco Staunvo Polacco, si \u00e8 tenuta nel pomeriggio di oggi 8 maggio 2024 nella sala convegni della ANA \u2013 Sezione di Belluno l\u2019assemblea generale del Consorzio Bim Piave. Focus sulla costituzione della nuova Comunit\u00e0 Energetica, un importante passo avanti nel quadro delle politiche energetiche e di sostegno alle comunit\u00e0 locali. Con un&#8217;agenda [&hellip;]\" \/>\n<meta property=\"og:url\" content=\"https:\/\/www.bellunopress.it\/fr\/2024\/05\/08\/consorzio-bim-piave-belluno-in-assemblea-si-costituisce-la-nuova-fondazione-per-la-comunita-energetica\/\" \/>\n<meta property=\"og:site_name\" content=\"Bellunopress - Dolomiti\" \/>\n<meta property=\"article:publisher\" content=\"https:\/\/www.facebook.com\/profile.php?id=100008943462799\" \/>\n<meta property=\"article:published_time\" content=\"2024-05-08T16:10:51+00:00\" \/>\n<meta property=\"og:image\" content=\"https:\/\/www.bellunopress.it\/wp-content\/uploads\/2024\/05\/assemblea-Generale-BIM-Piave.jpg\" \/>\n\t<meta property=\"og:image:width\" content=\"1000\" \/>\n\t<meta property=\"og:image:height\" content=\"450\" \/>\n\t<meta property=\"og:image:type\" content=\"image\/jpeg\" \/>\n<meta name=\"author\" content=\"redazione\" \/>\n<meta name=\"twitter:card\" content=\"summary_large_image\" \/>\n<meta name=\"twitter:creator\" content=\"@bellunopress\" \/>\n<meta name=\"twitter:site\" content=\"@bellunopress\" \/>\n<meta name=\"twitter:label1\" content=\"\u00c9crit par\" \/>\n\t<meta name=\"twitter:data1\" content=\"redazione\" \/>\n\t<meta name=\"twitter:label2\" content=\"Dur\u00e9e de lecture estim\u00e9e\" \/>\n\t<meta name=\"twitter:data2\" content=\"2 minutes\" \/>\n<script type=\"application\/ld+json\" class=\"yoast-schema-graph\">{\"@context\":\"https:\\\/\\\/schema.org\",\"@graph\":[{\"@type\":\"Article\",\"@id\":\"https:\\\/\\\/www.bellunopress.it\\\/2024\\\/05\\\/08\\\/consorzio-bim-piave-belluno-in-assemblea-si-costituisce-la-nuova-fondazione-per-la-comunita-energetica\\\/#article\",\"isPartOf\":{\"@id\":\"https:\\\/\\\/www.bellunopress.it\\\/2024\\\/05\\\/08\\\/consorzio-bim-piave-belluno-in-assemblea-si-costituisce-la-nuova-fondazione-per-la-comunita-energetica\\\/\"},\"author\":{\"name\":\"redazione\",\"@id\":\"https:\\\/\\\/www.bellunopress.it\\\/#\\\/schema\\\/person\\\/79bb06722b37ece1c03d3e94beb30d73\"},\"headline\":\"Consorzio Bim Piave-Belluno in assemblea. Si costituisce la nuova Fondazione per la Comunit\u00e0 energetica\",\"datePublished\":\"2024-05-08T16:10:51+00:00\",\"mainEntityOfPage\":{\"@id\":\"https:\\\/\\\/www.bellunopress.it\\\/2024\\\/05\\\/08\\\/consorzio-bim-piave-belluno-in-assemblea-si-costituisce-la-nuova-fondazione-per-la-comunita-energetica\\\/\"},\"wordCount\":326,\"publisher\":{\"@id\":\"https:\\\/\\\/www.bellunopress.it\\\/#organization\"},\"image\":{\"@id\":\"https:\\\/\\\/www.bellunopress.it\\\/2024\\\/05\\\/08\\\/consorzio-bim-piave-belluno-in-assemblea-si-costituisce-la-nuova-fondazione-per-la-comunita-energetica\\\/#primaryimage\"},\"thumbnailUrl\":\"https:\\\/\\\/www.bellunopress.it\\\/wp-content\\\/uploads\\\/2024\\\/05\\\/assemblea-Generale-BIM-Piave.jpg\",\"articleSection\":[\"Prima Pagina\",\"Societ\u00e0, Associazioni, Istituzioni\"],\"inLanguage\":\"fr-FR\"},{\"@type\":\"WebPage\",\"@id\":\"https:\\\/\\\/www.bellunopress.it\\\/2024\\\/05\\\/08\\\/consorzio-bim-piave-belluno-in-assemblea-si-costituisce-la-nuova-fondazione-per-la-comunita-energetica\\\/\",\"url\":\"https:\\\/\\\/www.bellunopress.it\\\/2024\\\/05\\\/08\\\/consorzio-bim-piave-belluno-in-assemblea-si-costituisce-la-nuova-fondazione-per-la-comunita-energetica\\\/\",\"name\":\"Consorzio Bim Piave-Belluno in assemblea. Si costituisce la nuova Fondazione per la Comunit\u00e0 energetica - Bellunopress - Dolomiti\",\"isPartOf\":{\"@id\":\"https:\\\/\\\/www.bellunopress.it\\\/#website\"},\"primaryImageOfPage\":{\"@id\":\"https:\\\/\\\/www.bellunopress.it\\\/2024\\\/05\\\/08\\\/consorzio-bim-piave-belluno-in-assemblea-si-costituisce-la-nuova-fondazione-per-la-comunita-energetica\\\/#primaryimage\"},\"image\":{\"@id\":\"https:\\\/\\\/www.bellunopress.it\\\/2024\\\/05\\\/08\\\/consorzio-bim-piave-belluno-in-assemblea-si-costituisce-la-nuova-fondazione-per-la-comunita-energetica\\\/#primaryimage\"},\"thumbnailUrl\":\"https:\\\/\\\/www.bellunopress.it\\\/wp-content\\\/uploads\\\/2024\\\/05\\\/assemblea-Generale-BIM-Piave.jpg\",\"datePublished\":\"2024-05-08T16:10:51+00:00\",\"breadcrumb\":{\"@id\":\"https:\\\/\\\/www.bellunopress.it\\\/2024\\\/05\\\/08\\\/consorzio-bim-piave-belluno-in-assemblea-si-costituisce-la-nuova-fondazione-per-la-comunita-energetica\\\/#breadcrumb\"},\"inLanguage\":\"fr-FR\",\"potentialAction\":[{\"@type\":\"ReadAction\",\"target\":[\"https:\\\/\\\/www.bellunopress.it\\\/2024\\\/05\\\/08\\\/consorzio-bim-piave-belluno-in-assemblea-si-costituisce-la-nuova-fondazione-per-la-comunita-energetica\\\/\"]}]},{\"@type\":\"ImageObject\",\"inLanguage\":\"fr-FR\",\"@id\":\"https:\\\/\\\/www.bellunopress.it\\\/2024\\\/05\\\/08\\\/consorzio-bim-piave-belluno-in-assemblea-si-costituisce-la-nuova-fondazione-per-la-comunita-energetica\\\/#primaryimage\",\"url\":\"https:\\\/\\\/www.bellunopress.it\\\/wp-content\\\/uploads\\\/2024\\\/05\\\/assemblea-Generale-BIM-Piave.jpg\",\"contentUrl\":\"https:\\\/\\\/www.bellunopress.it\\\/wp-content\\\/uploads\\\/2024\\\/05\\\/assemblea-Generale-BIM-Piave.jpg\",\"width\":1000,\"height\":450},{\"@type\":\"BreadcrumbList\",\"@id\":\"https:\\\/\\\/www.bellunopress.it\\\/2024\\\/05\\\/08\\\/consorzio-bim-piave-belluno-in-assemblea-si-costituisce-la-nuova-fondazione-per-la-comunita-energetica\\\/#breadcrumb\",\"itemListElement\":[{\"@type\":\"ListItem\",\"position\":1,\"name\":\"Home\",\"item\":\"https:\\\/\\\/www.bellunopress.it\\\/\"},{\"@type\":\"ListItem\",\"position\":2,\"name\":\"Consorzio Bim Piave-Belluno in assemblea. Si costituisce la nuova Fondazione per la Comunit\u00e0 energetica\"}]},{\"@type\":\"WebSite\",\"@id\":\"https:\\\/\\\/www.bellunopress.it\\\/#website\",\"url\":\"https:\\\/\\\/www.bellunopress.it\\\/\",\"name\":\"Bellunopress - Dolomiti\",\"description\":\"e-mail: redazione@bellunopress.it\",\"publisher\":{\"@id\":\"https:\\\/\\\/www.bellunopress.it\\\/#organization\"},\"potentialAction\":[{\"@type\":\"SearchAction\",\"target\":{\"@type\":\"EntryPoint\",\"urlTemplate\":\"https:\\\/\\\/www.bellunopress.it\\\/?s={search_term_string}\"},\"query-input\":{\"@type\":\"PropertyValueSpecification\",\"valueRequired\":true,\"valueName\":\"search_term_string\"}}],\"inLanguage\":\"fr-FR\"},{\"@type\":\"Organization\",\"@id\":\"https:\\\/\\\/www.bellunopress.it\\\/#organization\",\"name\":\"Bellunopress\",\"url\":\"https:\\\/\\\/www.bellunopress.it\\\/\",\"logo\":{\"@type\":\"ImageObject\",\"inLanguage\":\"fr-FR\",\"@id\":\"https:\\\/\\\/www.bellunopress.it\\\/#\\\/schema\\\/logo\\\/image\\\/\",\"url\":\"https:\\\/\\\/www.bellunopress.it\\\/wp-content\\\/uploads\\\/2011\\\/05\\\/cropped-logo-bellunopress-.jpg\",\"contentUrl\":\"https:\\\/\\\/www.bellunopress.it\\\/wp-content\\\/uploads\\\/2011\\\/05\\\/cropped-logo-bellunopress-.jpg\",\"width\":512,\"height\":512,\"caption\":\"Bellunopress\"},\"image\":{\"@id\":\"https:\\\/\\\/www.bellunopress.it\\\/#\\\/schema\\\/logo\\\/image\\\/\"},\"sameAs\":[\"https:\\\/\\\/www.facebook.com\\\/profile.php?id=100008943462799\",\"https:\\\/\\\/x.com\\\/bellunopress\",\"https:\\\/\\\/www.linkedin.com\\\/hp\\\/?dnr=JBzUWaJfMUw8vbXJJ2tVW5-I3jZKvC4wsoxE&amp;amp;amp;amp;amp;amp;trk=nav_responsive_tab_home\",\"https:\\\/\\\/www.youtube.com\\\/channel\\\/UCxL0wu1uN0_3_7hGG0306cw\"]},{\"@type\":\"Person\",\"@id\":\"https:\\\/\\\/www.bellunopress.it\\\/#\\\/schema\\\/person\\\/79bb06722b37ece1c03d3e94beb30d73\",\"name\":\"redazione\",\"image\":{\"@type\":\"ImageObject\",\"inLanguage\":\"fr-FR\",\"@id\":\"https:\\\/\\\/secure.gravatar.com\\\/avatar\\\/37d968a2e67a6fd04c169c4bdef102d0bc5d31b2546345219e348575eb80e9a0?s=96&d=mm&r=g\",\"url\":\"https:\\\/\\\/secure.gravatar.com\\\/avatar\\\/37d968a2e67a6fd04c169c4bdef102d0bc5d31b2546345219e348575eb80e9a0?s=96&d=mm&r=g\",\"contentUrl\":\"https:\\\/\\\/secure.gravatar.com\\\/avatar\\\/37d968a2e67a6fd04c169c4bdef102d0bc5d31b2546345219e348575eb80e9a0?s=96&d=mm&r=g\",\"caption\":\"redazione\"},\"sameAs\":[\"http:\\\/\\\/www.bellunopress.it\",\"https:\\\/\\\/x.com\\\/bellunopress\"],\"url\":\"https:\\\/\\\/www.bellunopress.it\\\/fr\\\/author\\\/redazione\\\/\"}]}<\/script>\n<!-- \/ Yoast SEO plugin. -->","yoast_head_json":{"title":"Consorzio Bim Piave-Belluno in assemblea. Si costituisce la nuova Fondazione per la Comunit\u00e0 energetica - Bellunopress - Dolomiti","robots":{"index":"index","follow":"follow","max-snippet":"max-snippet:-1","max-image-preview":"max-image-preview:large","max-video-preview":"max-video-preview:-1"},"canonical":"https:\/\/www.bellunopress.it\/fr\/2024\/05\/08\/consorzio-bim-piave-belluno-in-assemblea-si-costituisce-la-nuova-fondazione-per-la-comunita-energetica\/","og_locale":"fr_FR","og_type":"article","og_title":"Consorzio Bim Piave-Belluno in assemblea. Si costituisce la nuova Fondazione per la Comunit\u00e0 energetica - Bellunopress - Dolomiti","og_description":"Convocata dal presidente Marco Staunvo Polacco, si \u00e8 tenuta nel pomeriggio di oggi 8 maggio 2024 nella sala convegni della ANA \u2013 Sezione di Belluno l\u2019assemblea generale del Consorzio Bim Piave. Focus sulla costituzione della nuova Comunit\u00e0 Energetica, un importante passo avanti nel quadro delle politiche energetiche e di sostegno alle comunit\u00e0 locali. Con un&#8217;agenda [&hellip;]","og_url":"https:\/\/www.bellunopress.it\/fr\/2024\/05\/08\/consorzio-bim-piave-belluno-in-assemblea-si-costituisce-la-nuova-fondazione-per-la-comunita-energetica\/","og_site_name":"Bellunopress - Dolomiti","article_publisher":"https:\/\/www.facebook.com\/profile.php?id=100008943462799","article_published_time":"2024-05-08T16:10:51+00:00","og_image":[{"width":1000,"height":450,"url":"https:\/\/www.bellunopress.it\/wp-content\/uploads\/2024\/05\/assemblea-Generale-BIM-Piave.jpg","type":"image\/jpeg"}],"author":"redazione","twitter_card":"summary_large_image","twitter_creator":"@bellunopress","twitter_site":"@bellunopress","twitter_misc":{"\u00c9crit par":"redazione","Dur\u00e9e de lecture estim\u00e9e":"2 minutes"},"schema":{"@context":"https:\/\/schema.org","@graph":[{"@type":"Article","@id":"https:\/\/www.bellunopress.it\/2024\/05\/08\/consorzio-bim-piave-belluno-in-assemblea-si-costituisce-la-nuova-fondazione-per-la-comunita-energetica\/#article","isPartOf":{"@id":"https:\/\/www.bellunopress.it\/2024\/05\/08\/consorzio-bim-piave-belluno-in-assemblea-si-costituisce-la-nuova-fondazione-per-la-comunita-energetica\/"},"author":{"name":"redazione","@id":"https:\/\/www.bellunopress.it\/#\/schema\/person\/79bb06722b37ece1c03d3e94beb30d73"},"headline":"Consorzio Bim Piave-Belluno in assemblea. Si costituisce la nuova Fondazione per la Comunit\u00e0 energetica","datePublished":"2024-05-08T16:10:51+00:00","mainEntityOfPage":{"@id":"https:\/\/www.bellunopress.it\/2024\/05\/08\/consorzio-bim-piave-belluno-in-assemblea-si-costituisce-la-nuova-fondazione-per-la-comunita-energetica\/"},"wordCount":326,"publisher":{"@id":"https:\/\/www.bellunopress.it\/#organization"},"image":{"@id":"https:\/\/www.bellunopress.it\/2024\/05\/08\/consorzio-bim-piave-belluno-in-assemblea-si-costituisce-la-nuova-fondazione-per-la-comunita-energetica\/#primaryimage"},"thumbnailUrl":"https:\/\/www.bellunopress.it\/wp-content\/uploads\/2024\/05\/assemblea-Generale-BIM-Piave.jpg","articleSection":["Prima Pagina","Societ\u00e0, Associazioni, Istituzioni"],"inLanguage":"fr-FR"},{"@type":"WebPage","@id":"https:\/\/www.bellunopress.it\/2024\/05\/08\/consorzio-bim-piave-belluno-in-assemblea-si-costituisce-la-nuova-fondazione-per-la-comunita-energetica\/","url":"https:\/\/www.bellunopress.it\/2024\/05\/08\/consorzio-bim-piave-belluno-in-assemblea-si-costituisce-la-nuova-fondazione-per-la-comunita-energetica\/","name":"Consorzio Bim Piave-Belluno in assemblea. Si costituisce la nuova Fondazione per la Comunit\u00e0 energetica - Bellunopress - Dolomiti","isPartOf":{"@id":"https:\/\/www.bellunopress.it\/#website"},"primaryImageOfPage":{"@id":"https:\/\/www.bellunopress.it\/2024\/05\/08\/consorzio-bim-piave-belluno-in-assemblea-si-costituisce-la-nuova-fondazione-per-la-comunita-energetica\/#primaryimage"},"image":{"@id":"https:\/\/www.bellunopress.it\/2024\/05\/08\/consorzio-bim-piave-belluno-in-assemblea-si-costituisce-la-nuova-fondazione-per-la-comunita-energetica\/#primaryimage"},"thumbnailUrl":"https:\/\/www.bellunopress.it\/wp-content\/uploads\/2024\/05\/assemblea-Generale-BIM-Piave.jpg","datePublished":"2024-05-08T16:10:51+00:00","breadcrumb":{"@id":"https:\/\/www.bellunopress.it\/2024\/05\/08\/consorzio-bim-piave-belluno-in-assemblea-si-costituisce-la-nuova-fondazione-per-la-comunita-energetica\/#breadcrumb"},"inLanguage":"fr-FR","potentialAction":[{"@type":"ReadAction","target":["https:\/\/www.bellunopress.it\/2024\/05\/08\/consorzio-bim-piave-belluno-in-assemblea-si-costituisce-la-nuova-fondazione-per-la-comunita-energetica\/"]}]},{"@type":"ImageObject","inLanguage":"fr-FR","@id":"https:\/\/www.bellunopress.it\/2024\/05\/08\/consorzio-bim-piave-belluno-in-assemblea-si-costituisce-la-nuova-fondazione-per-la-comunita-energetica\/#primaryimage","url":"https:\/\/www.bellunopress.it\/wp-content\/uploads\/2024\/05\/assemblea-Generale-BIM-Piave.jpg","contentUrl":"https:\/\/www.bellunopress.it\/wp-content\/uploads\/2024\/05\/assemblea-Generale-BIM-Piave.jpg","width":1000,"height":450},{"@type":"BreadcrumbList","@id":"https:\/\/www.bellunopress.it\/2024\/05\/08\/consorzio-bim-piave-belluno-in-assemblea-si-costituisce-la-nuova-fondazione-per-la-comunita-energetica\/#breadcrumb","itemListElement":[{"@type":"ListItem","position":1,"name":"Home","item":"https:\/\/www.bellunopress.it\/"},{"@type":"ListItem","position":2,"name":"Consorzio Bim Piave-Belluno in assemblea. Si costituisce la nuova Fondazione per la Comunit\u00e0 energetica"}]},{"@type":"WebSite","@id":"https:\/\/www.bellunopress.it\/#website","url":"https:\/\/www.bellunopress.it\/","name":"Bellunopress - Dolomiti","description":"e-mail: redazione@bellunopress.it","publisher":{"@id":"https:\/\/www.bellunopress.it\/#organization"},"potentialAction":[{"@type":"SearchAction","target":{"@type":"EntryPoint","urlTemplate":"https:\/\/www.bellunopress.it\/?s={search_term_string}"},"query-input":{"@type":"PropertyValueSpecification","valueRequired":true,"valueName":"search_term_string"}}],"inLanguage":"fr-FR"},{"@type":"Organization","@id":"https:\/\/www.bellunopress.it\/#organization","name":"Bellunopress","url":"https:\/\/www.bellunopress.it\/","logo":{"@type":"ImageObject","inLanguage":"fr-FR","@id":"https:\/\/www.bellunopress.it\/#\/schema\/logo\/image\/","url":"https:\/\/www.bellunopress.it\/wp-content\/uploads\/2011\/05\/cropped-logo-bellunopress-.jpg","contentUrl":"https:\/\/www.bellunopress.it\/wp-content\/uploads\/2011\/05\/cropped-logo-bellunopress-.jpg","width":512,"height":512,"caption":"Bellunopress"},"image":{"@id":"https:\/\/www.bellunopress.it\/#\/schema\/logo\/image\/"},"sameAs":["https:\/\/www.facebook.com\/profile.php?id=100008943462799","https:\/\/x.com\/bellunopress","https:\/\/www.linkedin.com\/hp\/?dnr=JBzUWaJfMUw8vbXJJ2tVW5-I3jZKvC4wsoxE&amp;amp;amp;amp;amp;amp;trk=nav_responsive_tab_home","https:\/\/www.youtube.com\/channel\/UCxL0wu1uN0_3_7hGG0306cw"]},{"@type":"Person","@id":"https:\/\/www.bellunopress.it\/#\/schema\/person\/79bb06722b37ece1c03d3e94beb30d73","name":"r\u00e9daction","image":{"@type":"ImageObject","inLanguage":"fr-FR","@id":"https:\/\/secure.gravatar.com\/avatar\/37d968a2e67a6fd04c169c4bdef102d0bc5d31b2546345219e348575eb80e9a0?s=96&d=mm&r=g","url":"https:\/\/secure.gravatar.com\/avatar\/37d968a2e67a6fd04c169c4bdef102d0bc5d31b2546345219e348575eb80e9a0?s=96&d=mm&r=g","contentUrl":"https:\/\/secure.gravatar.com\/avatar\/37d968a2e67a6fd04c169c4bdef102d0bc5d31b2546345219e348575eb80e9a0?s=96&d=mm&r=g","caption":"redazione"},"sameAs":["http:\/\/www.bellunopress.it","https:\/\/x.com\/bellunopress"],"url":"https:\/\/www.bellunopress.it\/fr\/author\/redazione\/"}]}},"_links":{"self":[{"href":"https:\/\/www.bellunopress.it\/fr\/wp-json\/wp\/v2\/posts\/150596","targetHints":{"allow":["GET"]}}],"collection":[{"href":"https:\/\/www.bellunopress.it\/fr\/wp-json\/wp\/v2\/posts"}],"about":[{"href":"https:\/\/www.bellunopress.it\/fr\/wp-json\/wp\/v2\/types\/post"}],"author":[{"embeddable":true,"href":"https:\/\/www.bellunopress.it\/fr\/wp-json\/wp\/v2\/users\/2"}],"replies":[{"embeddable":true,"href":"https:\/\/www.bellunopress.it\/fr\/wp-json\/wp\/v2\/comments?post=150596"}],"version-history":[{"count":1,"href":"https:\/\/www.bellunopress.it\/fr\/wp-json\/wp\/v2\/posts\/150596\/revisions"}],"predecessor-version":[{"id":150598,"href":"https:\/\/www.bellunopress.it\/fr\/wp-json\/wp\/v2\/posts\/150596\/revisions\/150598"}],"wp:featuredmedia":[{"embeddable":true,"href":"https:\/\/www.bellunopress.it\/fr\/wp-json\/wp\/v2\/media\/150597"}],"wp:attachment":[{"href":"https:\/\/www.bellunopress.it\/fr\/wp-json\/wp\/v2\/media?parent=150596"}],"wp:term":[{"taxonomy":"category","embeddable":true,"href":"https:\/\/www.bellunopress.it\/fr\/wp-json\/wp\/v2\/categories?post=150596"},{"taxonomy":"post_tag","embeddable":true,"href":"https:\/\/www.bellunopress.it\/fr\/wp-json\/wp\/v2\/tags?post=150596"}],"curies":[{"name":"wp","href":"https:\/\/api.w.org\/{rel}","templated":true}]}}