{"id":150590,"date":"2024-05-08T15:13:26","date_gmt":"2024-05-08T13:13:26","guid":{"rendered":"https:\/\/www.bellunopress.it\/?p=150590"},"modified":"2024-05-08T15:13:35","modified_gmt":"2024-05-08T13:13:35","slug":"un-regalo-speciale-per-le-mamme-di-belluno-liniziativa-del-consorzio-centro-storico-belluno-per-sabato-11-maggio","status":"publish","type":"post","link":"https:\/\/www.bellunopress.it\/fr\/2024\/05\/08\/un-regalo-speciale-per-le-mamme-di-belluno-liniziativa-del-consorzio-centro-storico-belluno-per-sabato-11-maggio\/","title":{"rendered":"Un regalo speciale per le mamme di Belluno: l&#8217;iniziativa del Consorzio Centro Storico Belluno per sabato 11 maggio"},"content":{"rendered":"<p><img loading=\"lazy\" decoding=\"async\" class=\"alignleft size-full wp-image-109799\" src=\"https:\/\/www.bellunopress.it\/wp-content\/uploads\/2019\/11\/Commercianti-Consorzio-Belluno-centro-storico.jpg\" alt=\"\" width=\"300\" height=\"299\" \/>Belluno, 08 maggio 2024 &#8211;\u00a0Il Consorzio Centro Storico Belluno \u00e8 lieto di annunciare un evento speciale in occasione della festa della mamma, che si terr\u00e0 il pomeriggio di sabato 11 maggio in Piazza dei Martiri.<\/p>\n<p>In questa giornata dedicata all&#8217;amore materno e al legame speciale che unisce ogni mamma ai propri figli, il Consorzio offre ai pi\u00f9 piccoli l&#8217;opportunit\u00e0 di creare un regalo unico e speciale per le loro mamme.<\/p>\n<p>Il Consorzio distribuir\u00e0 delle piantine e dei vasetti ai bambini che presenteranno un buono al gazebo in Piazza dei Martiri. I bambini stessi invaseranno le piantine nel vasetto, diventando cos\u00ec dei doni pieni di affetto e significato per le loro mamme<\/p>\n<p>Per ottenere il buono per ritirare la piantina e il vasetto, vi invitiamo a recarvi presso i negozi degli associati del Consorzio Centro Storico Belluno. Sar\u00e0 sufficiente chiedere il buono presso uno dei negozi aderenti per garantire al vostro bambino la possibilit\u00e0 di partecipare a questa bellissima iniziativa.<\/p>\n<p>Vi aspettiamo numerosi in Piazza dei Martiri il prossimo sabato 11 maggio, per trascorrere insieme una giornata speciale e creare ricordi indelebili per le mamme di Belluno.<\/p>","protected":false},"excerpt":{"rendered":"<p>Belluno, 08 maggio 2024 &#8211;\u00a0Il Consorzio Centro Storico Belluno \u00e8 lieto di annunciare un evento speciale in occasione della festa della mamma, che si terr\u00e0 il pomeriggio di sabato 11 maggio in Piazza dei Martiri. In questa giornata dedicata all&#8217;amore materno e al legame speciale che unisce ogni mamma ai propri figli, il Consorzio offre [&hellip;]<\/p>\n","protected":false},"author":2,"featured_media":109799,"comment_status":"closed","ping_status":"open","sticky":false,"template":"","format":"standard","meta":{"footnotes":""},"categories":[8],"tags":[],"class_list":["post-150590","post","type-post","status-publish","format-standard","has-post-thumbnail","category-societa-istituzioni"],"yoast_head":"<!-- This site is optimized with the Yoast SEO plugin v28.4 - https:\/\/yoast.com\/product\/yoast-seo-wordpress\/ -->\n<title>Un regalo speciale per le mamme di Belluno: l&#039;iniziativa del Consorzio Centro Storico Belluno per sabato 11 maggio - Bellunopress - Dolomiti<\/title>\n<meta name=\"robots\" content=\"index, follow, max-snippet:-1, max-image-preview:large, max-video-preview:-1\" \/>\n<link rel=\"canonical\" href=\"https:\/\/www.bellunopress.it\/fr\/2024\/05\/08\/un-regalo-speciale-per-le-mamme-di-belluno-liniziativa-del-consorzio-centro-storico-belluno-per-sabato-11-maggio\/\" \/>\n<meta property=\"og:locale\" content=\"fr_FR\" \/>\n<meta property=\"og:type\" content=\"article\" \/>\n<meta property=\"og:title\" content=\"Un regalo speciale per le mamme di Belluno: l&#039;iniziativa del Consorzio Centro Storico Belluno per sabato 11 maggio - Bellunopress - Dolomiti\" \/>\n<meta property=\"og:description\" content=\"Belluno, 08 maggio 2024 &#8211;\u00a0Il Consorzio Centro Storico Belluno \u00e8 lieto di annunciare un evento speciale in occasione della festa della mamma, che si terr\u00e0 il pomeriggio di sabato 11 maggio in Piazza dei Martiri. In questa giornata dedicata all&#8217;amore materno e al legame speciale che unisce ogni mamma ai propri figli, il Consorzio offre [&hellip;]\" \/>\n<meta property=\"og:url\" content=\"https:\/\/www.bellunopress.it\/fr\/2024\/05\/08\/un-regalo-speciale-per-le-mamme-di-belluno-liniziativa-del-consorzio-centro-storico-belluno-per-sabato-11-maggio\/\" \/>\n<meta property=\"og:site_name\" content=\"Bellunopress - Dolomiti\" \/>\n<meta property=\"article:publisher\" content=\"https:\/\/www.facebook.com\/profile.php?id=100008943462799\" \/>\n<meta property=\"article:published_time\" content=\"2024-05-08T13:13:26+00:00\" \/>\n<meta property=\"article:modified_time\" content=\"2024-05-08T13:13:35+00:00\" \/>\n<meta property=\"og:image\" content=\"https:\/\/www.bellunopress.it\/wp-content\/uploads\/2019\/11\/Commercianti-Consorzio-Belluno-centro-storico.jpg\" \/>\n\t<meta property=\"og:image:width\" content=\"300\" \/>\n\t<meta property=\"og:image:height\" content=\"299\" \/>\n\t<meta property=\"og:image:type\" content=\"image\/jpeg\" \/>\n<meta name=\"author\" content=\"redazione\" \/>\n<meta name=\"twitter:card\" content=\"summary_large_image\" \/>\n<meta name=\"twitter:creator\" content=\"@bellunopress\" \/>\n<meta name=\"twitter:site\" content=\"@bellunopress\" \/>\n<meta name=\"twitter:label1\" content=\"\u00c9crit par\" \/>\n\t<meta name=\"twitter:data1\" content=\"redazione\" \/>\n\t<meta name=\"twitter:label2\" content=\"Dur\u00e9e de lecture estim\u00e9e\" \/>\n\t<meta name=\"twitter:data2\" content=\"1 minute\" \/>\n<script type=\"application\/ld+json\" class=\"yoast-schema-graph\">{\"@context\":\"https:\\\/\\\/schema.org\",\"@graph\":[{\"@type\":\"Article\",\"@id\":\"https:\\\/\\\/www.bellunopress.it\\\/2024\\\/05\\\/08\\\/un-regalo-speciale-per-le-mamme-di-belluno-liniziativa-del-consorzio-centro-storico-belluno-per-sabato-11-maggio\\\/#article\",\"isPartOf\":{\"@id\":\"https:\\\/\\\/www.bellunopress.it\\\/2024\\\/05\\\/08\\\/un-regalo-speciale-per-le-mamme-di-belluno-liniziativa-del-consorzio-centro-storico-belluno-per-sabato-11-maggio\\\/\"},\"author\":{\"name\":\"redazione\",\"@id\":\"https:\\\/\\\/www.bellunopress.it\\\/#\\\/schema\\\/person\\\/79bb06722b37ece1c03d3e94beb30d73\"},\"headline\":\"Un regalo speciale per le mamme di Belluno: l&#8217;iniziativa del Consorzio Centro Storico Belluno per sabato 11 maggio\",\"datePublished\":\"2024-05-08T13:13:26+00:00\",\"dateModified\":\"2024-05-08T13:13:35+00:00\",\"mainEntityOfPage\":{\"@id\":\"https:\\\/\\\/www.bellunopress.it\\\/2024\\\/05\\\/08\\\/un-regalo-speciale-per-le-mamme-di-belluno-liniziativa-del-consorzio-centro-storico-belluno-per-sabato-11-maggio\\\/\"},\"wordCount\":202,\"publisher\":{\"@id\":\"https:\\\/\\\/www.bellunopress.it\\\/#organization\"},\"image\":{\"@id\":\"https:\\\/\\\/www.bellunopress.it\\\/2024\\\/05\\\/08\\\/un-regalo-speciale-per-le-mamme-di-belluno-liniziativa-del-consorzio-centro-storico-belluno-per-sabato-11-maggio\\\/#primaryimage\"},\"thumbnailUrl\":\"https:\\\/\\\/www.bellunopress.it\\\/wp-content\\\/uploads\\\/2019\\\/11\\\/Commercianti-Consorzio-Belluno-centro-storico.jpg\",\"articleSection\":[\"Societ\u00e0, Associazioni, Istituzioni\"],\"inLanguage\":\"fr-FR\"},{\"@type\":\"WebPage\",\"@id\":\"https:\\\/\\\/www.bellunopress.it\\\/2024\\\/05\\\/08\\\/un-regalo-speciale-per-le-mamme-di-belluno-liniziativa-del-consorzio-centro-storico-belluno-per-sabato-11-maggio\\\/\",\"url\":\"https:\\\/\\\/www.bellunopress.it\\\/2024\\\/05\\\/08\\\/un-regalo-speciale-per-le-mamme-di-belluno-liniziativa-del-consorzio-centro-storico-belluno-per-sabato-11-maggio\\\/\",\"name\":\"Un regalo speciale per le mamme di Belluno: l'iniziativa del Consorzio Centro Storico Belluno per sabato 11 maggio - Bellunopress - Dolomiti\",\"isPartOf\":{\"@id\":\"https:\\\/\\\/www.bellunopress.it\\\/#website\"},\"primaryImageOfPage\":{\"@id\":\"https:\\\/\\\/www.bellunopress.it\\\/2024\\\/05\\\/08\\\/un-regalo-speciale-per-le-mamme-di-belluno-liniziativa-del-consorzio-centro-storico-belluno-per-sabato-11-maggio\\\/#primaryimage\"},\"image\":{\"@id\":\"https:\\\/\\\/www.bellunopress.it\\\/2024\\\/05\\\/08\\\/un-regalo-speciale-per-le-mamme-di-belluno-liniziativa-del-consorzio-centro-storico-belluno-per-sabato-11-maggio\\\/#primaryimage\"},\"thumbnailUrl\":\"https:\\\/\\\/www.bellunopress.it\\\/wp-content\\\/uploads\\\/2019\\\/11\\\/Commercianti-Consorzio-Belluno-centro-storico.jpg\",\"datePublished\":\"2024-05-08T13:13:26+00:00\",\"dateModified\":\"2024-05-08T13:13:35+00:00\",\"breadcrumb\":{\"@id\":\"https:\\\/\\\/www.bellunopress.it\\\/2024\\\/05\\\/08\\\/un-regalo-speciale-per-le-mamme-di-belluno-liniziativa-del-consorzio-centro-storico-belluno-per-sabato-11-maggio\\\/#breadcrumb\"},\"inLanguage\":\"fr-FR\",\"potentialAction\":[{\"@type\":\"ReadAction\",\"target\":[\"https:\\\/\\\/www.bellunopress.it\\\/2024\\\/05\\\/08\\\/un-regalo-speciale-per-le-mamme-di-belluno-liniziativa-del-consorzio-centro-storico-belluno-per-sabato-11-maggio\\\/\"]}]},{\"@type\":\"ImageObject\",\"inLanguage\":\"fr-FR\",\"@id\":\"https:\\\/\\\/www.bellunopress.it\\\/2024\\\/05\\\/08\\\/un-regalo-speciale-per-le-mamme-di-belluno-liniziativa-del-consorzio-centro-storico-belluno-per-sabato-11-maggio\\\/#primaryimage\",\"url\":\"https:\\\/\\\/www.bellunopress.it\\\/wp-content\\\/uploads\\\/2019\\\/11\\\/Commercianti-Consorzio-Belluno-centro-storico.jpg\",\"contentUrl\":\"https:\\\/\\\/www.bellunopress.it\\\/wp-content\\\/uploads\\\/2019\\\/11\\\/Commercianti-Consorzio-Belluno-centro-storico.jpg\",\"width\":300,\"height\":299},{\"@type\":\"BreadcrumbList\",\"@id\":\"https:\\\/\\\/www.bellunopress.it\\\/2024\\\/05\\\/08\\\/un-regalo-speciale-per-le-mamme-di-belluno-liniziativa-del-consorzio-centro-storico-belluno-per-sabato-11-maggio\\\/#breadcrumb\",\"itemListElement\":[{\"@type\":\"ListItem\",\"position\":1,\"name\":\"Home\",\"item\":\"https:\\\/\\\/www.bellunopress.it\\\/\"},{\"@type\":\"ListItem\",\"position\":2,\"name\":\"Un regalo speciale per le mamme di Belluno: l&#8217;iniziativa del Consorzio Centro Storico Belluno per sabato 11 maggio\"}]},{\"@type\":\"WebSite\",\"@id\":\"https:\\\/\\\/www.bellunopress.it\\\/#website\",\"url\":\"https:\\\/\\\/www.bellunopress.it\\\/\",\"name\":\"Bellunopress - Dolomiti\",\"description\":\"e-mail: redazione@bellunopress.it\",\"publisher\":{\"@id\":\"https:\\\/\\\/www.bellunopress.it\\\/#organization\"},\"potentialAction\":[{\"@type\":\"SearchAction\",\"target\":{\"@type\":\"EntryPoint\",\"urlTemplate\":\"https:\\\/\\\/www.bellunopress.it\\\/?s={search_term_string}\"},\"query-input\":{\"@type\":\"PropertyValueSpecification\",\"valueRequired\":true,\"valueName\":\"search_term_string\"}}],\"inLanguage\":\"fr-FR\"},{\"@type\":\"Organization\",\"@id\":\"https:\\\/\\\/www.bellunopress.it\\\/#organization\",\"name\":\"Bellunopress\",\"url\":\"https:\\\/\\\/www.bellunopress.it\\\/\",\"logo\":{\"@type\":\"ImageObject\",\"inLanguage\":\"fr-FR\",\"@id\":\"https:\\\/\\\/www.bellunopress.it\\\/#\\\/schema\\\/logo\\\/image\\\/\",\"url\":\"https:\\\/\\\/www.bellunopress.it\\\/wp-content\\\/uploads\\\/2011\\\/05\\\/cropped-logo-bellunopress-.jpg\",\"contentUrl\":\"https:\\\/\\\/www.bellunopress.it\\\/wp-content\\\/uploads\\\/2011\\\/05\\\/cropped-logo-bellunopress-.jpg\",\"width\":512,\"height\":512,\"caption\":\"Bellunopress\"},\"image\":{\"@id\":\"https:\\\/\\\/www.bellunopress.it\\\/#\\\/schema\\\/logo\\\/image\\\/\"},\"sameAs\":[\"https:\\\/\\\/www.facebook.com\\\/profile.php?id=100008943462799\",\"https:\\\/\\\/x.com\\\/bellunopress\",\"https:\\\/\\\/www.linkedin.com\\\/hp\\\/?dnr=JBzUWaJfMUw8vbXJJ2tVW5-I3jZKvC4wsoxE&amp;amp;amp;amp;amp;amp;trk=nav_responsive_tab_home\",\"https:\\\/\\\/www.youtube.com\\\/channel\\\/UCxL0wu1uN0_3_7hGG0306cw\"]},{\"@type\":\"Person\",\"@id\":\"https:\\\/\\\/www.bellunopress.it\\\/#\\\/schema\\\/person\\\/79bb06722b37ece1c03d3e94beb30d73\",\"name\":\"redazione\",\"image\":{\"@type\":\"ImageObject\",\"inLanguage\":\"fr-FR\",\"@id\":\"https:\\\/\\\/secure.gravatar.com\\\/avatar\\\/37d968a2e67a6fd04c169c4bdef102d0bc5d31b2546345219e348575eb80e9a0?s=96&d=mm&r=g\",\"url\":\"https:\\\/\\\/secure.gravatar.com\\\/avatar\\\/37d968a2e67a6fd04c169c4bdef102d0bc5d31b2546345219e348575eb80e9a0?s=96&d=mm&r=g\",\"contentUrl\":\"https:\\\/\\\/secure.gravatar.com\\\/avatar\\\/37d968a2e67a6fd04c169c4bdef102d0bc5d31b2546345219e348575eb80e9a0?s=96&d=mm&r=g\",\"caption\":\"redazione\"},\"sameAs\":[\"http:\\\/\\\/www.bellunopress.it\",\"https:\\\/\\\/x.com\\\/bellunopress\"],\"url\":\"https:\\\/\\\/www.bellunopress.it\\\/fr\\\/author\\\/redazione\\\/\"}]}<\/script>\n<!-- \/ Yoast SEO plugin. -->","yoast_head_json":{"title":"Un regalo speciale per le mamme di Belluno: l'iniziativa del Consorzio Centro Storico Belluno per sabato 11 maggio - Bellunopress - Dolomiti","robots":{"index":"index","follow":"follow","max-snippet":"max-snippet:-1","max-image-preview":"max-image-preview:large","max-video-preview":"max-video-preview:-1"},"canonical":"https:\/\/www.bellunopress.it\/fr\/2024\/05\/08\/un-regalo-speciale-per-le-mamme-di-belluno-liniziativa-del-consorzio-centro-storico-belluno-per-sabato-11-maggio\/","og_locale":"fr_FR","og_type":"article","og_title":"Un regalo speciale per le mamme di Belluno: l'iniziativa del Consorzio Centro Storico Belluno per sabato 11 maggio - Bellunopress - Dolomiti","og_description":"Belluno, 08 maggio 2024 &#8211;\u00a0Il Consorzio Centro Storico Belluno \u00e8 lieto di annunciare un evento speciale in occasione della festa della mamma, che si terr\u00e0 il pomeriggio di sabato 11 maggio in Piazza dei Martiri. In questa giornata dedicata all&#8217;amore materno e al legame speciale che unisce ogni mamma ai propri figli, il Consorzio offre [&hellip;]","og_url":"https:\/\/www.bellunopress.it\/fr\/2024\/05\/08\/un-regalo-speciale-per-le-mamme-di-belluno-liniziativa-del-consorzio-centro-storico-belluno-per-sabato-11-maggio\/","og_site_name":"Bellunopress - Dolomiti","article_publisher":"https:\/\/www.facebook.com\/profile.php?id=100008943462799","article_published_time":"2024-05-08T13:13:26+00:00","article_modified_time":"2024-05-08T13:13:35+00:00","og_image":[{"width":300,"height":299,"url":"https:\/\/www.bellunopress.it\/wp-content\/uploads\/2019\/11\/Commercianti-Consorzio-Belluno-centro-storico.jpg","type":"image\/jpeg"}],"author":"redazione","twitter_card":"summary_large_image","twitter_creator":"@bellunopress","twitter_site":"@bellunopress","twitter_misc":{"\u00c9crit par":"redazione","Dur\u00e9e de lecture estim\u00e9e":"1 minute"},"schema":{"@context":"https:\/\/schema.org","@graph":[{"@type":"Article","@id":"https:\/\/www.bellunopress.it\/2024\/05\/08\/un-regalo-speciale-per-le-mamme-di-belluno-liniziativa-del-consorzio-centro-storico-belluno-per-sabato-11-maggio\/#article","isPartOf":{"@id":"https:\/\/www.bellunopress.it\/2024\/05\/08\/un-regalo-speciale-per-le-mamme-di-belluno-liniziativa-del-consorzio-centro-storico-belluno-per-sabato-11-maggio\/"},"author":{"name":"redazione","@id":"https:\/\/www.bellunopress.it\/#\/schema\/person\/79bb06722b37ece1c03d3e94beb30d73"},"headline":"Un regalo speciale per le mamme di Belluno: l&#8217;iniziativa del Consorzio Centro Storico Belluno per sabato 11 maggio","datePublished":"2024-05-08T13:13:26+00:00","dateModified":"2024-05-08T13:13:35+00:00","mainEntityOfPage":{"@id":"https:\/\/www.bellunopress.it\/2024\/05\/08\/un-regalo-speciale-per-le-mamme-di-belluno-liniziativa-del-consorzio-centro-storico-belluno-per-sabato-11-maggio\/"},"wordCount":202,"publisher":{"@id":"https:\/\/www.bellunopress.it\/#organization"},"image":{"@id":"https:\/\/www.bellunopress.it\/2024\/05\/08\/un-regalo-speciale-per-le-mamme-di-belluno-liniziativa-del-consorzio-centro-storico-belluno-per-sabato-11-maggio\/#primaryimage"},"thumbnailUrl":"https:\/\/www.bellunopress.it\/wp-content\/uploads\/2019\/11\/Commercianti-Consorzio-Belluno-centro-storico.jpg","articleSection":["Societ\u00e0, Associazioni, Istituzioni"],"inLanguage":"fr-FR"},{"@type":"WebPage","@id":"https:\/\/www.bellunopress.it\/2024\/05\/08\/un-regalo-speciale-per-le-mamme-di-belluno-liniziativa-del-consorzio-centro-storico-belluno-per-sabato-11-maggio\/","url":"https:\/\/www.bellunopress.it\/2024\/05\/08\/un-regalo-speciale-per-le-mamme-di-belluno-liniziativa-del-consorzio-centro-storico-belluno-per-sabato-11-maggio\/","name":"Un regalo speciale per le mamme di Belluno: l'iniziativa del Consorzio Centro Storico Belluno per sabato 11 maggio - Bellunopress - Dolomiti","isPartOf":{"@id":"https:\/\/www.bellunopress.it\/#website"},"primaryImageOfPage":{"@id":"https:\/\/www.bellunopress.it\/2024\/05\/08\/un-regalo-speciale-per-le-mamme-di-belluno-liniziativa-del-consorzio-centro-storico-belluno-per-sabato-11-maggio\/#primaryimage"},"image":{"@id":"https:\/\/www.bellunopress.it\/2024\/05\/08\/un-regalo-speciale-per-le-mamme-di-belluno-liniziativa-del-consorzio-centro-storico-belluno-per-sabato-11-maggio\/#primaryimage"},"thumbnailUrl":"https:\/\/www.bellunopress.it\/wp-content\/uploads\/2019\/11\/Commercianti-Consorzio-Belluno-centro-storico.jpg","datePublished":"2024-05-08T13:13:26+00:00","dateModified":"2024-05-08T13:13:35+00:00","breadcrumb":{"@id":"https:\/\/www.bellunopress.it\/2024\/05\/08\/un-regalo-speciale-per-le-mamme-di-belluno-liniziativa-del-consorzio-centro-storico-belluno-per-sabato-11-maggio\/#breadcrumb"},"inLanguage":"fr-FR","potentialAction":[{"@type":"ReadAction","target":["https:\/\/www.bellunopress.it\/2024\/05\/08\/un-regalo-speciale-per-le-mamme-di-belluno-liniziativa-del-consorzio-centro-storico-belluno-per-sabato-11-maggio\/"]}]},{"@type":"ImageObject","inLanguage":"fr-FR","@id":"https:\/\/www.bellunopress.it\/2024\/05\/08\/un-regalo-speciale-per-le-mamme-di-belluno-liniziativa-del-consorzio-centro-storico-belluno-per-sabato-11-maggio\/#primaryimage","url":"https:\/\/www.bellunopress.it\/wp-content\/uploads\/2019\/11\/Commercianti-Consorzio-Belluno-centro-storico.jpg","contentUrl":"https:\/\/www.bellunopress.it\/wp-content\/uploads\/2019\/11\/Commercianti-Consorzio-Belluno-centro-storico.jpg","width":300,"height":299},{"@type":"BreadcrumbList","@id":"https:\/\/www.bellunopress.it\/2024\/05\/08\/un-regalo-speciale-per-le-mamme-di-belluno-liniziativa-del-consorzio-centro-storico-belluno-per-sabato-11-maggio\/#breadcrumb","itemListElement":[{"@type":"ListItem","position":1,"name":"Home","item":"https:\/\/www.bellunopress.it\/"},{"@type":"ListItem","position":2,"name":"Un regalo speciale per le mamme di Belluno: l&#8217;iniziativa del Consorzio Centro Storico Belluno per sabato 11 maggio"}]},{"@type":"WebSite","@id":"https:\/\/www.bellunopress.it\/#website","url":"https:\/\/www.bellunopress.it\/","name":"Bellunopress - Dolomiti","description":"e-mail: redazione@bellunopress.it","publisher":{"@id":"https:\/\/www.bellunopress.it\/#organization"},"potentialAction":[{"@type":"SearchAction","target":{"@type":"EntryPoint","urlTemplate":"https:\/\/www.bellunopress.it\/?s={search_term_string}"},"query-input":{"@type":"PropertyValueSpecification","valueRequired":true,"valueName":"search_term_string"}}],"inLanguage":"fr-FR"},{"@type":"Organization","@id":"https:\/\/www.bellunopress.it\/#organization","name":"Bellunopress","url":"https:\/\/www.bellunopress.it\/","logo":{"@type":"ImageObject","inLanguage":"fr-FR","@id":"https:\/\/www.bellunopress.it\/#\/schema\/logo\/image\/","url":"https:\/\/www.bellunopress.it\/wp-content\/uploads\/2011\/05\/cropped-logo-bellunopress-.jpg","contentUrl":"https:\/\/www.bellunopress.it\/wp-content\/uploads\/2011\/05\/cropped-logo-bellunopress-.jpg","width":512,"height":512,"caption":"Bellunopress"},"image":{"@id":"https:\/\/www.bellunopress.it\/#\/schema\/logo\/image\/"},"sameAs":["https:\/\/www.facebook.com\/profile.php?id=100008943462799","https:\/\/x.com\/bellunopress","https:\/\/www.linkedin.com\/hp\/?dnr=JBzUWaJfMUw8vbXJJ2tVW5-I3jZKvC4wsoxE&amp;amp;amp;amp;amp;amp;trk=nav_responsive_tab_home","https:\/\/www.youtube.com\/channel\/UCxL0wu1uN0_3_7hGG0306cw"]},{"@type":"Person","@id":"https:\/\/www.bellunopress.it\/#\/schema\/person\/79bb06722b37ece1c03d3e94beb30d73","name":"r\u00e9daction","image":{"@type":"ImageObject","inLanguage":"fr-FR","@id":"https:\/\/secure.gravatar.com\/avatar\/37d968a2e67a6fd04c169c4bdef102d0bc5d31b2546345219e348575eb80e9a0?s=96&d=mm&r=g","url":"https:\/\/secure.gravatar.com\/avatar\/37d968a2e67a6fd04c169c4bdef102d0bc5d31b2546345219e348575eb80e9a0?s=96&d=mm&r=g","contentUrl":"https:\/\/secure.gravatar.com\/avatar\/37d968a2e67a6fd04c169c4bdef102d0bc5d31b2546345219e348575eb80e9a0?s=96&d=mm&r=g","caption":"redazione"},"sameAs":["http:\/\/www.bellunopress.it","https:\/\/x.com\/bellunopress"],"url":"https:\/\/www.bellunopress.it\/fr\/author\/redazione\/"}]}},"_links":{"self":[{"href":"https:\/\/www.bellunopress.it\/fr\/wp-json\/wp\/v2\/posts\/150590","targetHints":{"allow":["GET"]}}],"collection":[{"href":"https:\/\/www.bellunopress.it\/fr\/wp-json\/wp\/v2\/posts"}],"about":[{"href":"https:\/\/www.bellunopress.it\/fr\/wp-json\/wp\/v2\/types\/post"}],"author":[{"embeddable":true,"href":"https:\/\/www.bellunopress.it\/fr\/wp-json\/wp\/v2\/users\/2"}],"replies":[{"embeddable":true,"href":"https:\/\/www.bellunopress.it\/fr\/wp-json\/wp\/v2\/comments?post=150590"}],"version-history":[{"count":1,"href":"https:\/\/www.bellunopress.it\/fr\/wp-json\/wp\/v2\/posts\/150590\/revisions"}],"predecessor-version":[{"id":150591,"href":"https:\/\/www.bellunopress.it\/fr\/wp-json\/wp\/v2\/posts\/150590\/revisions\/150591"}],"wp:featuredmedia":[{"embeddable":true,"href":"https:\/\/www.bellunopress.it\/fr\/wp-json\/wp\/v2\/media\/109799"}],"wp:attachment":[{"href":"https:\/\/www.bellunopress.it\/fr\/wp-json\/wp\/v2\/media?parent=150590"}],"wp:term":[{"taxonomy":"category","embeddable":true,"href":"https:\/\/www.bellunopress.it\/fr\/wp-json\/wp\/v2\/categories?post=150590"},{"taxonomy":"post_tag","embeddable":true,"href":"https:\/\/www.bellunopress.it\/fr\/wp-json\/wp\/v2\/tags?post=150590"}],"curies":[{"name":"wp","href":"https:\/\/api.w.org\/{rel}","templated":true}]}}