{"id":150581,"date":"2024-05-08T10:34:19","date_gmt":"2024-05-08T08:34:19","guid":{"rendered":"https:\/\/www.bellunopress.it\/?p=150581"},"modified":"2024-05-08T16:50:12","modified_gmt":"2024-05-08T14:50:12","slug":"non-e-andato-tutto-bene-le-verita-negate-sul-covid19-sabato-a-belluno-e-domenica-a-feltre-il-docu-film-di-paolo-cassina","status":"publish","type":"post","link":"https:\/\/www.bellunopress.it\/fr\/2024\/05\/08\/non-e-andato-tutto-bene-le-verita-negate-sul-covid19-sabato-a-belluno-e-domenica-a-feltre-il-docu-film-di-paolo-cassina\/","title":{"rendered":"&#8220;Non \u00e8 andato tutto bene, le verit\u00e0 negate sul covid19&#8221;, sabato a Belluno e domenica a Feltre il docu-film di Paolo Cassina"},"content":{"rendered":"<p><img loading=\"lazy\" decoding=\"async\" class=\"alignleft size-full wp-image-150582\" src=\"https:\/\/www.bellunopress.it\/wp-content\/uploads\/2024\/05\/non-e-andato-tutto-bene_edited.jpg\" alt=\"\" width=\"886\" height=\"838\" srcset=\"https:\/\/www.bellunopress.it\/wp-content\/uploads\/2024\/05\/non-e-andato-tutto-bene_edited.jpg 886w, https:\/\/www.bellunopress.it\/wp-content\/uploads\/2024\/05\/non-e-andato-tutto-bene_edited-500x473.jpg 500w, https:\/\/www.bellunopress.it\/wp-content\/uploads\/2024\/05\/non-e-andato-tutto-bene_edited-444x420.jpg 444w, https:\/\/www.bellunopress.it\/wp-content\/uploads\/2024\/05\/non-e-andato-tutto-bene_edited-696x658.jpg 696w\" sizes=\"auto, (max-width: 886px) 100vw, 886px\" \/>Dopo la notizia di questi giorni che <a href=\"https:\/\/quifinanza.it\/salute\/astrazeneca-ritira-vaccino-covid-19\/816452\/\">AstraZeneca ritira dal mercato il vaccino anti Covid<\/a> dopo l&#8217;ammissione sui casi di trombosi, arriva a Belluno e a Feltre il docu-film denuncia \u201cNon \u00e8 andato tutto bene- Le verit\u00e0 negate sul Covid19\u201d, durata 175 minuti, del regista Paolo Cassina, gi\u00e0 autore di \u201cInvisibili\u201d, sulle vittime del vaccino. Organizza l&#8217;Associazione ContiamoCi.<\/p>\n<p><strong>Sabato 11 maggio alle ore 20:00 in sala Teatro del Centro Giovanni 23mo in piazza Piloni a Belluno<\/strong> con la partecipazione del regista Paolo Cassina, Stefano Puzzer del Comitato La gente come noi, del dottor Filiberto Dal Molin e di don Floriano. Prenotazione obbligatoria ai numeri: 3396261156 e 3387358267 ingresso offerta consigliata 10 euro.<\/p>\n<p><strong>Domenica 12 maggio alle 18:30 a Feltre, Officinema in piazza Cambruzzi 4,<\/strong> con la presenza del regista Paolo Cassina, del dottor Filiberto Dal Molin e del dottor Sergio Bissoli. Prenotazione obbligatoria ai numeri 043989158 e 3467468273 ingresso offerta consigliata 10 euro.<\/p>\n<figure id=\"attachment_139208\" aria-describedby=\"caption-attachment-139208\" style=\"width: 750px\" class=\"wp-caption alignleft\"><img loading=\"lazy\" decoding=\"async\" class=\"size-full wp-image-139208\" src=\"https:\/\/www.bellunopress.it\/wp-content\/uploads\/2023\/01\/Paolo-Cassina-regista_edited.jpg\" alt=\"\" width=\"750\" height=\"1000\" srcset=\"https:\/\/www.bellunopress.it\/wp-content\/uploads\/2023\/01\/Paolo-Cassina-regista_edited.jpg 750w, https:\/\/www.bellunopress.it\/wp-content\/uploads\/2023\/01\/Paolo-Cassina-regista_edited-375x500.jpg 375w, https:\/\/www.bellunopress.it\/wp-content\/uploads\/2023\/01\/Paolo-Cassina-regista_edited-696x928.jpg 696w, https:\/\/www.bellunopress.it\/wp-content\/uploads\/2023\/01\/Paolo-Cassina-regista_edited-315x420.jpg 315w\" sizes=\"auto, (max-width: 750px) 100vw, 750px\" \/><figcaption id=\"caption-attachment-139208\" class=\"wp-caption-text\">Paolo Cassina, regista<\/figcaption><\/figure>\n<p>Con Cassina hanno collaborato alla realizzazione del film le giornaliste Angela Camuso, Tiziana Alterio, Marianna Can\u00e8. Oltre alla produzione anche la distribuzione \u00e8 a cura di Playmastermovie. Main sponsor del progetto \u00e8 SpecialByo, marchio di integratori naturali per la salute delle persone dedicato a sostenere la ricerca e l\u2019informazione indipendenti. \u201cNon \u00e8 andato tutto bene\u201d, come \u2018Invisibili e \u2018La morte negata\u2019, \u00e8 un lavoro autofinanziato per essere offerto gratuitamente alla diffusione, quale bene per la comunit\u00e0. Chi volesse organizzare una proiezione pu\u00f2 rivolgersi a info@playmastermovie.com. La pellicola tratta in stile cinematografico i principali temi legati alla \u201cpandemia\u201d da SarsCov2: il lockdown, i protocolli medici errati e il boicottaggio delle terapie domiciliari, la vicenda del dott. Giuseppe De Donno e della cura al plasma, gli obblighi vaccinali e l&#8217;introduzione del Green Pass, il fenomeno delle manifestazioni di massa e i soprusi che ne sono derivati, i gravi fatti accaduti al porto di Trieste, le reazioni avverse ai sieri anticovid e i decessi sospetti per malore improvviso. Il racconto si snoda attraverso testimonianze inedite ed \u00e8 arricchito da interviste a grandi protagonisti del mondo della medicina e del diritto come i medici Vanni Frajese, Alessandro Meluzzi, Mariano Bizzarri, Giuseppe Barbaro, il fisico e biochimico Robert Malone, inventore della tecnologia mRNA, la giurista Alessandra Chiavegatti, il giornalista Giorgio Bianchi e molti altri. In considerazione della complessit\u00e0 delle tematiche, che hanno portato e ancora portano tanta sofferenza alla popolazione, la volont\u00e0 del regista \u00e8 stata quella di compiere un approfondimento scrupoloso per restituire una totale comprensione dei fatti accaduti durante il periodo pandemico di cui si subiscono ancora le conseguenze.<\/p>","protected":false},"excerpt":{"rendered":"<p>Dopo la notizia di questi giorni che AstraZeneca ritira dal mercato il vaccino anti Covid dopo l&#8217;ammissione sui casi di trombosi, arriva a Belluno e a Feltre il docu-film denuncia \u201cNon \u00e8 andato tutto bene- Le verit\u00e0 negate sul Covid19\u201d, durata 175 minuti, del regista Paolo Cassina, gi\u00e0 autore di \u201cInvisibili\u201d, sulle vittime del vaccino. [&hellip;]<\/p>\n","protected":false},"author":2,"featured_media":150582,"comment_status":"closed","ping_status":"open","sticky":false,"template":"","format":"standard","meta":{"footnotes":""},"categories":[27,3,3446,25,17],"tags":[3655,3656],"class_list":["post-150581","post","type-post","status-publish","format-standard","has-post-thumbnail","category-appuntamenti","category-arte-cultura-spettacoli-scienza-archivi","category-featured","category-pausa-caffe","category-sanita","tag-non-e-andato-tutto-bene","tag-paolo-cassina"],"yoast_head":"<!-- This site is optimized with the Yoast SEO plugin v28.4 - https:\/\/yoast.com\/product\/yoast-seo-wordpress\/ -->\n<title>&quot;Non \u00e8 andato tutto bene, le verit\u00e0 negate sul covid19&quot;, sabato a Belluno e domenica a Feltre il docu-film di Paolo Cassina - Bellunopress - Dolomiti<\/title>\n<meta name=\"robots\" content=\"index, follow, max-snippet:-1, max-image-preview:large, max-video-preview:-1\" \/>\n<link rel=\"canonical\" href=\"https:\/\/www.bellunopress.it\/fr\/2024\/05\/08\/non-e-andato-tutto-bene-le-verita-negate-sul-covid19-sabato-a-belluno-e-domenica-a-feltre-il-docu-film-di-paolo-cassina\/\" \/>\n<meta property=\"og:locale\" content=\"fr_FR\" \/>\n<meta property=\"og:type\" content=\"article\" \/>\n<meta property=\"og:title\" content=\"&quot;Non \u00e8 andato tutto bene, le verit\u00e0 negate sul covid19&quot;, sabato a Belluno e domenica a Feltre il docu-film di Paolo Cassina - Bellunopress - Dolomiti\" \/>\n<meta property=\"og:description\" content=\"Dopo la notizia di questi giorni che AstraZeneca ritira dal mercato il vaccino anti Covid dopo l&#8217;ammissione sui casi di trombosi, arriva a Belluno e a Feltre il docu-film denuncia \u201cNon \u00e8 andato tutto bene- Le verit\u00e0 negate sul Covid19\u201d, durata 175 minuti, del regista Paolo Cassina, gi\u00e0 autore di \u201cInvisibili\u201d, sulle vittime del vaccino. [&hellip;]\" \/>\n<meta property=\"og:url\" content=\"https:\/\/www.bellunopress.it\/fr\/2024\/05\/08\/non-e-andato-tutto-bene-le-verita-negate-sul-covid19-sabato-a-belluno-e-domenica-a-feltre-il-docu-film-di-paolo-cassina\/\" \/>\n<meta property=\"og:site_name\" content=\"Bellunopress - Dolomiti\" \/>\n<meta property=\"article:publisher\" content=\"https:\/\/www.facebook.com\/profile.php?id=100008943462799\" \/>\n<meta property=\"article:published_time\" content=\"2024-05-08T08:34:19+00:00\" \/>\n<meta property=\"article:modified_time\" content=\"2024-05-08T14:50:12+00:00\" \/>\n<meta property=\"og:image\" content=\"https:\/\/www.bellunopress.it\/wp-content\/uploads\/2024\/05\/non-e-andato-tutto-bene_edited.jpg\" \/>\n\t<meta property=\"og:image:width\" content=\"886\" \/>\n\t<meta property=\"og:image:height\" content=\"838\" \/>\n\t<meta property=\"og:image:type\" content=\"image\/jpeg\" \/>\n<meta name=\"author\" content=\"redazione\" \/>\n<meta name=\"twitter:card\" content=\"summary_large_image\" \/>\n<meta name=\"twitter:creator\" content=\"@bellunopress\" \/>\n<meta name=\"twitter:site\" content=\"@bellunopress\" \/>\n<meta name=\"twitter:label1\" content=\"Written by\" \/>\n\t<meta name=\"twitter:data1\" content=\"redazione\" \/>\n\t<meta name=\"twitter:label2\" content=\"Est. reading time\" \/>\n\t<meta name=\"twitter:data2\" content=\"2 minutes\" \/>\n<script type=\"application\/ld+json\" class=\"yoast-schema-graph\">{\"@context\":\"https:\\\/\\\/schema.org\",\"@graph\":[{\"@type\":\"Article\",\"@id\":\"https:\\\/\\\/www.bellunopress.it\\\/2024\\\/05\\\/08\\\/non-e-andato-tutto-bene-le-verita-negate-sul-covid19-sabato-a-belluno-e-domenica-a-feltre-il-docu-film-di-paolo-cassina\\\/#article\",\"isPartOf\":{\"@id\":\"https:\\\/\\\/www.bellunopress.it\\\/2024\\\/05\\\/08\\\/non-e-andato-tutto-bene-le-verita-negate-sul-covid19-sabato-a-belluno-e-domenica-a-feltre-il-docu-film-di-paolo-cassina\\\/\"},\"author\":{\"name\":\"redazione\",\"@id\":\"https:\\\/\\\/www.bellunopress.it\\\/#\\\/schema\\\/person\\\/79bb06722b37ece1c03d3e94beb30d73\"},\"headline\":\"&#8220;Non \u00e8 andato tutto bene, le verit\u00e0 negate sul covid19&#8221;, sabato a Belluno e domenica a Feltre il docu-film di Paolo Cassina\",\"datePublished\":\"2024-05-08T08:34:19+00:00\",\"dateModified\":\"2024-05-08T14:50:12+00:00\",\"mainEntityOfPage\":{\"@id\":\"https:\\\/\\\/www.bellunopress.it\\\/2024\\\/05\\\/08\\\/non-e-andato-tutto-bene-le-verita-negate-sul-covid19-sabato-a-belluno-e-domenica-a-feltre-il-docu-film-di-paolo-cassina\\\/\"},\"wordCount\":437,\"publisher\":{\"@id\":\"https:\\\/\\\/www.bellunopress.it\\\/#organization\"},\"image\":{\"@id\":\"https:\\\/\\\/www.bellunopress.it\\\/2024\\\/05\\\/08\\\/non-e-andato-tutto-bene-le-verita-negate-sul-covid19-sabato-a-belluno-e-domenica-a-feltre-il-docu-film-di-paolo-cassina\\\/#primaryimage\"},\"thumbnailUrl\":\"https:\\\/\\\/www.bellunopress.it\\\/wp-content\\\/uploads\\\/2024\\\/05\\\/non-e-andato-tutto-bene_edited.jpg\",\"keywords\":[\"Non \u00e8 andato tutto bene\",\"Paolo Cassina\"],\"articleSection\":[\"Appuntamenti, Eventi\",\"Arte, Cultura, Spettacoli, Scienza\",\"Featured\",\"Pausa Caff\u00e8\",\"Sanit\u00e0 Medicina\"],\"inLanguage\":\"fr-FR\"},{\"@type\":\"WebPage\",\"@id\":\"https:\\\/\\\/www.bellunopress.it\\\/2024\\\/05\\\/08\\\/non-e-andato-tutto-bene-le-verita-negate-sul-covid19-sabato-a-belluno-e-domenica-a-feltre-il-docu-film-di-paolo-cassina\\\/\",\"url\":\"https:\\\/\\\/www.bellunopress.it\\\/2024\\\/05\\\/08\\\/non-e-andato-tutto-bene-le-verita-negate-sul-covid19-sabato-a-belluno-e-domenica-a-feltre-il-docu-film-di-paolo-cassina\\\/\",\"name\":\"\\\"Non \u00e8 andato tutto bene, le verit\u00e0 negate sul covid19\\\", sabato a Belluno e domenica a Feltre il docu-film di Paolo Cassina - Bellunopress - Dolomiti\",\"isPartOf\":{\"@id\":\"https:\\\/\\\/www.bellunopress.it\\\/#website\"},\"primaryImageOfPage\":{\"@id\":\"https:\\\/\\\/www.bellunopress.it\\\/2024\\\/05\\\/08\\\/non-e-andato-tutto-bene-le-verita-negate-sul-covid19-sabato-a-belluno-e-domenica-a-feltre-il-docu-film-di-paolo-cassina\\\/#primaryimage\"},\"image\":{\"@id\":\"https:\\\/\\\/www.bellunopress.it\\\/2024\\\/05\\\/08\\\/non-e-andato-tutto-bene-le-verita-negate-sul-covid19-sabato-a-belluno-e-domenica-a-feltre-il-docu-film-di-paolo-cassina\\\/#primaryimage\"},\"thumbnailUrl\":\"https:\\\/\\\/www.bellunopress.it\\\/wp-content\\\/uploads\\\/2024\\\/05\\\/non-e-andato-tutto-bene_edited.jpg\",\"datePublished\":\"2024-05-08T08:34:19+00:00\",\"dateModified\":\"2024-05-08T14:50:12+00:00\",\"breadcrumb\":{\"@id\":\"https:\\\/\\\/www.bellunopress.it\\\/2024\\\/05\\\/08\\\/non-e-andato-tutto-bene-le-verita-negate-sul-covid19-sabato-a-belluno-e-domenica-a-feltre-il-docu-film-di-paolo-cassina\\\/#breadcrumb\"},\"inLanguage\":\"fr-FR\",\"potentialAction\":[{\"@type\":\"ReadAction\",\"target\":[\"https:\\\/\\\/www.bellunopress.it\\\/2024\\\/05\\\/08\\\/non-e-andato-tutto-bene-le-verita-negate-sul-covid19-sabato-a-belluno-e-domenica-a-feltre-il-docu-film-di-paolo-cassina\\\/\"]}]},{\"@type\":\"ImageObject\",\"inLanguage\":\"fr-FR\",\"@id\":\"https:\\\/\\\/www.bellunopress.it\\\/2024\\\/05\\\/08\\\/non-e-andato-tutto-bene-le-verita-negate-sul-covid19-sabato-a-belluno-e-domenica-a-feltre-il-docu-film-di-paolo-cassina\\\/#primaryimage\",\"url\":\"https:\\\/\\\/www.bellunopress.it\\\/wp-content\\\/uploads\\\/2024\\\/05\\\/non-e-andato-tutto-bene_edited.jpg\",\"contentUrl\":\"https:\\\/\\\/www.bellunopress.it\\\/wp-content\\\/uploads\\\/2024\\\/05\\\/non-e-andato-tutto-bene_edited.jpg\",\"width\":886,\"height\":838},{\"@type\":\"BreadcrumbList\",\"@id\":\"https:\\\/\\\/www.bellunopress.it\\\/2024\\\/05\\\/08\\\/non-e-andato-tutto-bene-le-verita-negate-sul-covid19-sabato-a-belluno-e-domenica-a-feltre-il-docu-film-di-paolo-cassina\\\/#breadcrumb\",\"itemListElement\":[{\"@type\":\"ListItem\",\"position\":1,\"name\":\"Home\",\"item\":\"https:\\\/\\\/www.bellunopress.it\\\/\"},{\"@type\":\"ListItem\",\"position\":2,\"name\":\"&#8220;Non \u00e8 andato tutto bene, le verit\u00e0 negate sul covid19&#8221;, sabato a Belluno e domenica a Feltre il docu-film di Paolo Cassina\"}]},{\"@type\":\"WebSite\",\"@id\":\"https:\\\/\\\/www.bellunopress.it\\\/#website\",\"url\":\"https:\\\/\\\/www.bellunopress.it\\\/\",\"name\":\"Bellunopress - Dolomiti\",\"description\":\"e-mail: redazione@bellunopress.it\",\"publisher\":{\"@id\":\"https:\\\/\\\/www.bellunopress.it\\\/#organization\"},\"potentialAction\":[{\"@type\":\"SearchAction\",\"target\":{\"@type\":\"EntryPoint\",\"urlTemplate\":\"https:\\\/\\\/www.bellunopress.it\\\/?s={search_term_string}\"},\"query-input\":{\"@type\":\"PropertyValueSpecification\",\"valueRequired\":true,\"valueName\":\"search_term_string\"}}],\"inLanguage\":\"fr-FR\"},{\"@type\":\"Organization\",\"@id\":\"https:\\\/\\\/www.bellunopress.it\\\/#organization\",\"name\":\"Bellunopress\",\"url\":\"https:\\\/\\\/www.bellunopress.it\\\/\",\"logo\":{\"@type\":\"ImageObject\",\"inLanguage\":\"fr-FR\",\"@id\":\"https:\\\/\\\/www.bellunopress.it\\\/#\\\/schema\\\/logo\\\/image\\\/\",\"url\":\"https:\\\/\\\/www.bellunopress.it\\\/wp-content\\\/uploads\\\/2011\\\/05\\\/cropped-logo-bellunopress-.jpg\",\"contentUrl\":\"https:\\\/\\\/www.bellunopress.it\\\/wp-content\\\/uploads\\\/2011\\\/05\\\/cropped-logo-bellunopress-.jpg\",\"width\":512,\"height\":512,\"caption\":\"Bellunopress\"},\"image\":{\"@id\":\"https:\\\/\\\/www.bellunopress.it\\\/#\\\/schema\\\/logo\\\/image\\\/\"},\"sameAs\":[\"https:\\\/\\\/www.facebook.com\\\/profile.php?id=100008943462799\",\"https:\\\/\\\/x.com\\\/bellunopress\",\"https:\\\/\\\/www.linkedin.com\\\/hp\\\/?dnr=JBzUWaJfMUw8vbXJJ2tVW5-I3jZKvC4wsoxE&amp;amp;amp;amp;amp;amp;trk=nav_responsive_tab_home\",\"https:\\\/\\\/www.youtube.com\\\/channel\\\/UCxL0wu1uN0_3_7hGG0306cw\"]},{\"@type\":\"Person\",\"@id\":\"https:\\\/\\\/www.bellunopress.it\\\/#\\\/schema\\\/person\\\/79bb06722b37ece1c03d3e94beb30d73\",\"name\":\"redazione\",\"image\":{\"@type\":\"ImageObject\",\"inLanguage\":\"fr-FR\",\"@id\":\"https:\\\/\\\/secure.gravatar.com\\\/avatar\\\/37d968a2e67a6fd04c169c4bdef102d0bc5d31b2546345219e348575eb80e9a0?s=96&d=mm&r=g\",\"url\":\"https:\\\/\\\/secure.gravatar.com\\\/avatar\\\/37d968a2e67a6fd04c169c4bdef102d0bc5d31b2546345219e348575eb80e9a0?s=96&d=mm&r=g\",\"contentUrl\":\"https:\\\/\\\/secure.gravatar.com\\\/avatar\\\/37d968a2e67a6fd04c169c4bdef102d0bc5d31b2546345219e348575eb80e9a0?s=96&d=mm&r=g\",\"caption\":\"redazione\"},\"sameAs\":[\"http:\\\/\\\/www.bellunopress.it\",\"https:\\\/\\\/x.com\\\/bellunopress\"],\"url\":\"https:\\\/\\\/www.bellunopress.it\\\/fr\\\/author\\\/redazione\\\/\"}]}<\/script>\n<!-- \/ Yoast SEO plugin. -->","yoast_head_json":{"title":"\"Non \u00e8 andato tutto bene, le verit\u00e0 negate sul covid19\", sabato a Belluno e domenica a Feltre il docu-film di Paolo Cassina - Bellunopress - Dolomiti","robots":{"index":"index","follow":"follow","max-snippet":"max-snippet:-1","max-image-preview":"max-image-preview:large","max-video-preview":"max-video-preview:-1"},"canonical":"https:\/\/www.bellunopress.it\/fr\/2024\/05\/08\/non-e-andato-tutto-bene-le-verita-negate-sul-covid19-sabato-a-belluno-e-domenica-a-feltre-il-docu-film-di-paolo-cassina\/","og_locale":"fr_FR","og_type":"article","og_title":"\"Non \u00e8 andato tutto bene, le verit\u00e0 negate sul covid19\", sabato a Belluno e domenica a Feltre il docu-film di Paolo Cassina - Bellunopress - Dolomiti","og_description":"Dopo la notizia di questi giorni che AstraZeneca ritira dal mercato il vaccino anti Covid dopo l&#8217;ammissione sui casi di trombosi, arriva a Belluno e a Feltre il docu-film denuncia \u201cNon \u00e8 andato tutto bene- Le verit\u00e0 negate sul Covid19\u201d, durata 175 minuti, del regista Paolo Cassina, gi\u00e0 autore di \u201cInvisibili\u201d, sulle vittime del vaccino. [&hellip;]","og_url":"https:\/\/www.bellunopress.it\/fr\/2024\/05\/08\/non-e-andato-tutto-bene-le-verita-negate-sul-covid19-sabato-a-belluno-e-domenica-a-feltre-il-docu-film-di-paolo-cassina\/","og_site_name":"Bellunopress - Dolomiti","article_publisher":"https:\/\/www.facebook.com\/profile.php?id=100008943462799","article_published_time":"2024-05-08T08:34:19+00:00","article_modified_time":"2024-05-08T14:50:12+00:00","og_image":[{"width":886,"height":838,"url":"https:\/\/www.bellunopress.it\/wp-content\/uploads\/2024\/05\/non-e-andato-tutto-bene_edited.jpg","type":"image\/jpeg"}],"author":"redazione","twitter_card":"summary_large_image","twitter_creator":"@bellunopress","twitter_site":"@bellunopress","twitter_misc":{"Written by":"redazione","Est. reading time":"2 minutes"},"schema":{"@context":"https:\/\/schema.org","@graph":[{"@type":"Article","@id":"https:\/\/www.bellunopress.it\/2024\/05\/08\/non-e-andato-tutto-bene-le-verita-negate-sul-covid19-sabato-a-belluno-e-domenica-a-feltre-il-docu-film-di-paolo-cassina\/#article","isPartOf":{"@id":"https:\/\/www.bellunopress.it\/2024\/05\/08\/non-e-andato-tutto-bene-le-verita-negate-sul-covid19-sabato-a-belluno-e-domenica-a-feltre-il-docu-film-di-paolo-cassina\/"},"author":{"name":"redazione","@id":"https:\/\/www.bellunopress.it\/#\/schema\/person\/79bb06722b37ece1c03d3e94beb30d73"},"headline":"&#8220;Non \u00e8 andato tutto bene, le verit\u00e0 negate sul covid19&#8221;, sabato a Belluno e domenica a Feltre il docu-film di Paolo Cassina","datePublished":"2024-05-08T08:34:19+00:00","dateModified":"2024-05-08T14:50:12+00:00","mainEntityOfPage":{"@id":"https:\/\/www.bellunopress.it\/2024\/05\/08\/non-e-andato-tutto-bene-le-verita-negate-sul-covid19-sabato-a-belluno-e-domenica-a-feltre-il-docu-film-di-paolo-cassina\/"},"wordCount":437,"publisher":{"@id":"https:\/\/www.bellunopress.it\/#organization"},"image":{"@id":"https:\/\/www.bellunopress.it\/2024\/05\/08\/non-e-andato-tutto-bene-le-verita-negate-sul-covid19-sabato-a-belluno-e-domenica-a-feltre-il-docu-film-di-paolo-cassina\/#primaryimage"},"thumbnailUrl":"https:\/\/www.bellunopress.it\/wp-content\/uploads\/2024\/05\/non-e-andato-tutto-bene_edited.jpg","keywords":["Non \u00e8 andato tutto bene","Paolo Cassina"],"articleSection":["Appuntamenti, Eventi","Arte, Cultura, Spettacoli, Scienza","Featured","Pausa Caff\u00e8","Sanit\u00e0 Medicina"],"inLanguage":"fr-FR"},{"@type":"WebPage","@id":"https:\/\/www.bellunopress.it\/2024\/05\/08\/non-e-andato-tutto-bene-le-verita-negate-sul-covid19-sabato-a-belluno-e-domenica-a-feltre-il-docu-film-di-paolo-cassina\/","url":"https:\/\/www.bellunopress.it\/2024\/05\/08\/non-e-andato-tutto-bene-le-verita-negate-sul-covid19-sabato-a-belluno-e-domenica-a-feltre-il-docu-film-di-paolo-cassina\/","name":"\"Non \u00e8 andato tutto bene, le verit\u00e0 negate sul covid19\", sabato a Belluno e domenica a Feltre il docu-film di Paolo Cassina - Bellunopress - Dolomiti","isPartOf":{"@id":"https:\/\/www.bellunopress.it\/#website"},"primaryImageOfPage":{"@id":"https:\/\/www.bellunopress.it\/2024\/05\/08\/non-e-andato-tutto-bene-le-verita-negate-sul-covid19-sabato-a-belluno-e-domenica-a-feltre-il-docu-film-di-paolo-cassina\/#primaryimage"},"image":{"@id":"https:\/\/www.bellunopress.it\/2024\/05\/08\/non-e-andato-tutto-bene-le-verita-negate-sul-covid19-sabato-a-belluno-e-domenica-a-feltre-il-docu-film-di-paolo-cassina\/#primaryimage"},"thumbnailUrl":"https:\/\/www.bellunopress.it\/wp-content\/uploads\/2024\/05\/non-e-andato-tutto-bene_edited.jpg","datePublished":"2024-05-08T08:34:19+00:00","dateModified":"2024-05-08T14:50:12+00:00","breadcrumb":{"@id":"https:\/\/www.bellunopress.it\/2024\/05\/08\/non-e-andato-tutto-bene-le-verita-negate-sul-covid19-sabato-a-belluno-e-domenica-a-feltre-il-docu-film-di-paolo-cassina\/#breadcrumb"},"inLanguage":"fr-FR","potentialAction":[{"@type":"ReadAction","target":["https:\/\/www.bellunopress.it\/2024\/05\/08\/non-e-andato-tutto-bene-le-verita-negate-sul-covid19-sabato-a-belluno-e-domenica-a-feltre-il-docu-film-di-paolo-cassina\/"]}]},{"@type":"ImageObject","inLanguage":"fr-FR","@id":"https:\/\/www.bellunopress.it\/2024\/05\/08\/non-e-andato-tutto-bene-le-verita-negate-sul-covid19-sabato-a-belluno-e-domenica-a-feltre-il-docu-film-di-paolo-cassina\/#primaryimage","url":"https:\/\/www.bellunopress.it\/wp-content\/uploads\/2024\/05\/non-e-andato-tutto-bene_edited.jpg","contentUrl":"https:\/\/www.bellunopress.it\/wp-content\/uploads\/2024\/05\/non-e-andato-tutto-bene_edited.jpg","width":886,"height":838},{"@type":"BreadcrumbList","@id":"https:\/\/www.bellunopress.it\/2024\/05\/08\/non-e-andato-tutto-bene-le-verita-negate-sul-covid19-sabato-a-belluno-e-domenica-a-feltre-il-docu-film-di-paolo-cassina\/#breadcrumb","itemListElement":[{"@type":"ListItem","position":1,"name":"Home","item":"https:\/\/www.bellunopress.it\/"},{"@type":"ListItem","position":2,"name":"&#8220;Non \u00e8 andato tutto bene, le verit\u00e0 negate sul covid19&#8221;, sabato a Belluno e domenica a Feltre il docu-film di Paolo Cassina"}]},{"@type":"WebSite","@id":"https:\/\/www.bellunopress.it\/#website","url":"https:\/\/www.bellunopress.it\/","name":"Bellunopress - Dolomiti","description":"e-mail: redazione@bellunopress.it","publisher":{"@id":"https:\/\/www.bellunopress.it\/#organization"},"potentialAction":[{"@type":"SearchAction","target":{"@type":"EntryPoint","urlTemplate":"https:\/\/www.bellunopress.it\/?s={search_term_string}"},"query-input":{"@type":"PropertyValueSpecification","valueRequired":true,"valueName":"search_term_string"}}],"inLanguage":"fr-FR"},{"@type":"Organization","@id":"https:\/\/www.bellunopress.it\/#organization","name":"Bellunopress","url":"https:\/\/www.bellunopress.it\/","logo":{"@type":"ImageObject","inLanguage":"fr-FR","@id":"https:\/\/www.bellunopress.it\/#\/schema\/logo\/image\/","url":"https:\/\/www.bellunopress.it\/wp-content\/uploads\/2011\/05\/cropped-logo-bellunopress-.jpg","contentUrl":"https:\/\/www.bellunopress.it\/wp-content\/uploads\/2011\/05\/cropped-logo-bellunopress-.jpg","width":512,"height":512,"caption":"Bellunopress"},"image":{"@id":"https:\/\/www.bellunopress.it\/#\/schema\/logo\/image\/"},"sameAs":["https:\/\/www.facebook.com\/profile.php?id=100008943462799","https:\/\/x.com\/bellunopress","https:\/\/www.linkedin.com\/hp\/?dnr=JBzUWaJfMUw8vbXJJ2tVW5-I3jZKvC4wsoxE&amp;amp;amp;amp;amp;amp;trk=nav_responsive_tab_home","https:\/\/www.youtube.com\/channel\/UCxL0wu1uN0_3_7hGG0306cw"]},{"@type":"Person","@id":"https:\/\/www.bellunopress.it\/#\/schema\/person\/79bb06722b37ece1c03d3e94beb30d73","name":"r\u00e9daction","image":{"@type":"ImageObject","inLanguage":"fr-FR","@id":"https:\/\/secure.gravatar.com\/avatar\/37d968a2e67a6fd04c169c4bdef102d0bc5d31b2546345219e348575eb80e9a0?s=96&d=mm&r=g","url":"https:\/\/secure.gravatar.com\/avatar\/37d968a2e67a6fd04c169c4bdef102d0bc5d31b2546345219e348575eb80e9a0?s=96&d=mm&r=g","contentUrl":"https:\/\/secure.gravatar.com\/avatar\/37d968a2e67a6fd04c169c4bdef102d0bc5d31b2546345219e348575eb80e9a0?s=96&d=mm&r=g","caption":"redazione"},"sameAs":["http:\/\/www.bellunopress.it","https:\/\/x.com\/bellunopress"],"url":"https:\/\/www.bellunopress.it\/fr\/author\/redazione\/"}]}},"_links":{"self":[{"href":"https:\/\/www.bellunopress.it\/fr\/wp-json\/wp\/v2\/posts\/150581","targetHints":{"allow":["GET"]}}],"collection":[{"href":"https:\/\/www.bellunopress.it\/fr\/wp-json\/wp\/v2\/posts"}],"about":[{"href":"https:\/\/www.bellunopress.it\/fr\/wp-json\/wp\/v2\/types\/post"}],"author":[{"embeddable":true,"href":"https:\/\/www.bellunopress.it\/fr\/wp-json\/wp\/v2\/users\/2"}],"replies":[{"embeddable":true,"href":"https:\/\/www.bellunopress.it\/fr\/wp-json\/wp\/v2\/comments?post=150581"}],"version-history":[{"count":2,"href":"https:\/\/www.bellunopress.it\/fr\/wp-json\/wp\/v2\/posts\/150581\/revisions"}],"predecessor-version":[{"id":150584,"href":"https:\/\/www.bellunopress.it\/fr\/wp-json\/wp\/v2\/posts\/150581\/revisions\/150584"}],"wp:featuredmedia":[{"embeddable":true,"href":"https:\/\/www.bellunopress.it\/fr\/wp-json\/wp\/v2\/media\/150582"}],"wp:attachment":[{"href":"https:\/\/www.bellunopress.it\/fr\/wp-json\/wp\/v2\/media?parent=150581"}],"wp:term":[{"taxonomy":"category","embeddable":true,"href":"https:\/\/www.bellunopress.it\/fr\/wp-json\/wp\/v2\/categories?post=150581"},{"taxonomy":"post_tag","embeddable":true,"href":"https:\/\/www.bellunopress.it\/fr\/wp-json\/wp\/v2\/tags?post=150581"}],"curies":[{"name":"wp","href":"https:\/\/api.w.org\/{rel}","templated":true}]}}