{"id":150577,"date":"2024-05-08T10:00:58","date_gmt":"2024-05-08T08:00:58","guid":{"rendered":"https:\/\/www.bellunopress.it\/?p=150577"},"modified":"2024-05-08T10:02:21","modified_gmt":"2024-05-08T08:02:21","slug":"il-gotha-della-chirurgia-rigenerativa-il-17-maggio-a-treviso-intervento-dellex-primario-gaetano-caloprisco-50-medici-a-confronto-100-professionisti-in-platea","status":"publish","type":"post","link":"https:\/\/www.bellunopress.it\/fr\/2024\/05\/08\/il-gotha-della-chirurgia-rigenerativa-il-17-maggio-a-treviso-intervento-dellex-primario-gaetano-caloprisco-50-medici-a-confronto-100-professionisti-in-platea\/","title":{"rendered":"Il gotha della chirurgia rigenerativa il 17 maggio a Treviso. Intervento dell&#8217;ex primario Gaetano Caloprisco. 50 medici a confronto, 100 professionisti in platea"},"content":{"rendered":"<figure id=\"attachment_150578\" aria-describedby=\"caption-attachment-150578\" style=\"width: 1000px\" class=\"wp-caption alignleft\"><img loading=\"lazy\" decoding=\"async\" class=\"size-full wp-image-150578\" src=\"https:\/\/www.bellunopress.it\/wp-content\/uploads\/2024\/05\/Alberto-Alexandre-presidente-SIMCRI-Nord-Est_edited.jpg\" alt=\"\" width=\"1000\" height=\"750\" srcset=\"https:\/\/www.bellunopress.it\/wp-content\/uploads\/2024\/05\/Alberto-Alexandre-presidente-SIMCRI-Nord-Est_edited.jpg 1000w, https:\/\/www.bellunopress.it\/wp-content\/uploads\/2024\/05\/Alberto-Alexandre-presidente-SIMCRI-Nord-Est_edited-500x375.jpg 500w, https:\/\/www.bellunopress.it\/wp-content\/uploads\/2024\/05\/Alberto-Alexandre-presidente-SIMCRI-Nord-Est_edited-560x420.jpg 560w, https:\/\/www.bellunopress.it\/wp-content\/uploads\/2024\/05\/Alberto-Alexandre-presidente-SIMCRI-Nord-Est_edited-80x60.jpg 80w, https:\/\/www.bellunopress.it\/wp-content\/uploads\/2024\/05\/Alberto-Alexandre-presidente-SIMCRI-Nord-Est_edited-696x522.jpg 696w\" sizes=\"auto, (max-width: 1000px) 100vw, 1000px\" \/><figcaption id=\"caption-attachment-150578\" class=\"wp-caption-text\">Alberto Alexandre, presidente SIMCRI Nord Est<\/figcaption><\/figure>\n<p>Treviso, 8 maggio 2024\u00a0\u00a0Il gotha della chirurgia rigenerativa polispecialistica si riunir\u00e0 a Treviso venerd\u00ec 17 maggio per il primo congresso di SIMCRI Nord Est, la Societ\u00e0 italiana di medicina e chirurgia polispecialistica rigenerativa, di cui \u00e8 presidente per il Triveneto il neurochirurgo trevigiano Alberto Alexandre, tra i massimi esperti italiani di chirurgia del sistema nervoso periferico e delle patologie della colonna vertebrale, nonch\u00e9 fondatore e direttore sanitario di EU.N.I (European Neurosurgical Institute).<\/p>\n<p>Tra i partecipanti ai lavori del congresso scientifico anche il bellunese Gaetano Caloprisco, gi\u00e0 primario della Medicina Trasfusionale di Belluno, \u00e8 uno dei padri scientifici dell\u2019utilizzo del gel piastrinico per stimolare la riparazione dei tessuti nell\u2019organismo.<\/p>\n<p>Il primo congresso SIMCRI nella Marca riunir\u00e0 quindi all\u2019hotel Maggior Consiglio una cinquantina di esponenti di rilievo del mondo clinico, scientifico e accademico per approfondire il tema delle nuove frontiere della chirurgia rigenerativa: una particolare branca della medicina che punta alla \u201criparazione\u201d dei tessuti danneggiati da un trauma, da una patologia o dall\u2019invecchiamento, attraverso interventi minimamente invasivi ad altissima precisione, basati sulla rigenerazione cellulare.<\/p>\n<p>\u00abQuesto approccio sfrutta la capacit\u00e0 delle cellule del corpo di riparare o rigenerare i tessuti danneggiati, in particolare in campo ortopedico, per la cura di alcune patologie molto comuni e altamente invalidanti all\u2019anca e al ginocchio, alla colonna vertebrale e ai nervi degli arti\u00bb sottolinea il presidente Alberto Alexandre \u00abgrazie alla chirurgia rigenerativa si pu\u00f2 quindi evitare o posticipare pi\u00f9 in l\u00e0 nel tempo il ricorso alla chirurgia demolitiva o protesica, a tutto vantaggio del benessere del paziente, che potr\u00e0 trovare risposta al disturbo che \u00e8 causa di dolore e difficolt\u00e0 di movimento, riducendo la convalescenza e i postumi dell\u2019intervento, con ricadute positive per la qualit\u00e0 della vita. Il congresso che siamo onorati di ospitare a Treviso sar\u00e0 l\u2019occasione per fare il punto sui brillanti risultati fin qui raggiunti dalla chirurgia rigenerativa e sulle promettenti prospettive cliniche in fase di implementazione\u00bb.<\/p>\n<p>Nel panel dei relatori anche il professor Massimo Danese, presidente nazionale SIMCRI e chirurgo vascolare; e la dottoressa Diletta Trojan, direttrice della Fondazione Banca dei Tessuti del Veneto, la pi\u00f9 grande d\u2019Italia, nonch\u00e9 past presidente dell\u2019EATCB (European Association of Tissue and Cell Banks) e dello young scientific board SIMCRI, oltre che membro del Consiglio Direttivo.<\/p>\n<p>Il congresso \u00e8 aperto ai cittadini e ad ingresso gratuito. Per i professionisti, quali medici, farmacisti, biologi, tecnici sanitari, infermieri, fisioterapisti e odontoiatri \u00e8 possibile iscriversi per ottenere i crediti formativi ECM- Educazione Continua in Medicina del Ministero della Salute. Per info. www.qualitycongresso.it<\/p>","protected":false},"excerpt":{"rendered":"<p>Treviso, 8 maggio 2024\u00a0\u00a0Il gotha della chirurgia rigenerativa polispecialistica si riunir\u00e0 a Treviso venerd\u00ec 17 maggio per il primo congresso di SIMCRI Nord Est, la Societ\u00e0 italiana di medicina e chirurgia polispecialistica rigenerativa, di cui \u00e8 presidente per il Triveneto il neurochirurgo trevigiano Alberto Alexandre, tra i massimi esperti italiani di chirurgia del sistema nervoso [&hellip;]<\/p>\n","protected":false},"author":2,"featured_media":150578,"comment_status":"closed","ping_status":"open","sticky":false,"template":"","format":"standard","meta":{"footnotes":""},"categories":[26,17],"tags":[],"class_list":["post-150577","post","type-post","status-publish","format-standard","has-post-thumbnail","category-prima-pagina","category-sanita"],"yoast_head":"<!-- This site is optimized with the Yoast SEO plugin v28.4 - https:\/\/yoast.com\/product\/yoast-seo-wordpress\/ -->\n<title>Il gotha della chirurgia rigenerativa il 17 maggio a Treviso. Intervento dell&#039;ex primario Gaetano Caloprisco. 50 medici a confronto, 100 professionisti in platea - Bellunopress - Dolomiti<\/title>\n<meta name=\"robots\" content=\"index, follow, max-snippet:-1, max-image-preview:large, max-video-preview:-1\" \/>\n<link rel=\"canonical\" href=\"https:\/\/www.bellunopress.it\/fr\/2024\/05\/08\/il-gotha-della-chirurgia-rigenerativa-il-17-maggio-a-treviso-intervento-dellex-primario-gaetano-caloprisco-50-medici-a-confronto-100-professionisti-in-platea\/\" \/>\n<meta property=\"og:locale\" content=\"fr_FR\" \/>\n<meta property=\"og:type\" content=\"article\" \/>\n<meta property=\"og:title\" content=\"Il gotha della chirurgia rigenerativa il 17 maggio a Treviso. Intervento dell&#039;ex primario Gaetano Caloprisco. 50 medici a confronto, 100 professionisti in platea - Bellunopress - Dolomiti\" \/>\n<meta property=\"og:description\" content=\"Treviso, 8 maggio 2024\u00a0\u00a0Il gotha della chirurgia rigenerativa polispecialistica si riunir\u00e0 a Treviso venerd\u00ec 17 maggio per il primo congresso di SIMCRI Nord Est, la Societ\u00e0 italiana di medicina e chirurgia polispecialistica rigenerativa, di cui \u00e8 presidente per il Triveneto il neurochirurgo trevigiano Alberto Alexandre, tra i massimi esperti italiani di chirurgia del sistema nervoso [&hellip;]\" \/>\n<meta property=\"og:url\" content=\"https:\/\/www.bellunopress.it\/fr\/2024\/05\/08\/il-gotha-della-chirurgia-rigenerativa-il-17-maggio-a-treviso-intervento-dellex-primario-gaetano-caloprisco-50-medici-a-confronto-100-professionisti-in-platea\/\" \/>\n<meta property=\"og:site_name\" content=\"Bellunopress - Dolomiti\" \/>\n<meta property=\"article:publisher\" content=\"https:\/\/www.facebook.com\/profile.php?id=100008943462799\" \/>\n<meta property=\"article:published_time\" content=\"2024-05-08T08:00:58+00:00\" \/>\n<meta property=\"article:modified_time\" content=\"2024-05-08T08:02:21+00:00\" \/>\n<meta property=\"og:image\" content=\"https:\/\/www.bellunopress.it\/wp-content\/uploads\/2024\/05\/Alberto-Alexandre-presidente-SIMCRI-Nord-Est_edited.jpg\" \/>\n\t<meta property=\"og:image:width\" content=\"1000\" \/>\n\t<meta property=\"og:image:height\" content=\"750\" \/>\n\t<meta property=\"og:image:type\" content=\"image\/jpeg\" \/>\n<meta name=\"author\" content=\"redazione\" \/>\n<meta name=\"twitter:card\" content=\"summary_large_image\" \/>\n<meta name=\"twitter:creator\" content=\"@bellunopress\" \/>\n<meta name=\"twitter:site\" content=\"@bellunopress\" \/>\n<meta name=\"twitter:label1\" content=\"Written by\" \/>\n\t<meta name=\"twitter:data1\" content=\"redazione\" \/>\n\t<meta name=\"twitter:label2\" content=\"Est. reading time\" \/>\n\t<meta name=\"twitter:data2\" content=\"2 minutes\" \/>\n<script type=\"application\/ld+json\" class=\"yoast-schema-graph\">{\"@context\":\"https:\\\/\\\/schema.org\",\"@graph\":[{\"@type\":\"Article\",\"@id\":\"https:\\\/\\\/www.bellunopress.it\\\/2024\\\/05\\\/08\\\/il-gotha-della-chirurgia-rigenerativa-il-17-maggio-a-treviso-intervento-dellex-primario-gaetano-caloprisco-50-medici-a-confronto-100-professionisti-in-platea\\\/#article\",\"isPartOf\":{\"@id\":\"https:\\\/\\\/www.bellunopress.it\\\/2024\\\/05\\\/08\\\/il-gotha-della-chirurgia-rigenerativa-il-17-maggio-a-treviso-intervento-dellex-primario-gaetano-caloprisco-50-medici-a-confronto-100-professionisti-in-platea\\\/\"},\"author\":{\"name\":\"redazione\",\"@id\":\"https:\\\/\\\/www.bellunopress.it\\\/#\\\/schema\\\/person\\\/79bb06722b37ece1c03d3e94beb30d73\"},\"headline\":\"Il gotha della chirurgia rigenerativa il 17 maggio a Treviso. Intervento dell&#8217;ex primario Gaetano Caloprisco. 50 medici a confronto, 100 professionisti in platea\",\"datePublished\":\"2024-05-08T08:00:58+00:00\",\"dateModified\":\"2024-05-08T08:02:21+00:00\",\"mainEntityOfPage\":{\"@id\":\"https:\\\/\\\/www.bellunopress.it\\\/2024\\\/05\\\/08\\\/il-gotha-della-chirurgia-rigenerativa-il-17-maggio-a-treviso-intervento-dellex-primario-gaetano-caloprisco-50-medici-a-confronto-100-professionisti-in-platea\\\/\"},\"wordCount\":451,\"publisher\":{\"@id\":\"https:\\\/\\\/www.bellunopress.it\\\/#organization\"},\"image\":{\"@id\":\"https:\\\/\\\/www.bellunopress.it\\\/2024\\\/05\\\/08\\\/il-gotha-della-chirurgia-rigenerativa-il-17-maggio-a-treviso-intervento-dellex-primario-gaetano-caloprisco-50-medici-a-confronto-100-professionisti-in-platea\\\/#primaryimage\"},\"thumbnailUrl\":\"https:\\\/\\\/www.bellunopress.it\\\/wp-content\\\/uploads\\\/2024\\\/05\\\/Alberto-Alexandre-presidente-SIMCRI-Nord-Est_edited.jpg\",\"articleSection\":[\"Prima Pagina\",\"Sanit\u00e0 Medicina\"],\"inLanguage\":\"fr-FR\"},{\"@type\":\"WebPage\",\"@id\":\"https:\\\/\\\/www.bellunopress.it\\\/2024\\\/05\\\/08\\\/il-gotha-della-chirurgia-rigenerativa-il-17-maggio-a-treviso-intervento-dellex-primario-gaetano-caloprisco-50-medici-a-confronto-100-professionisti-in-platea\\\/\",\"url\":\"https:\\\/\\\/www.bellunopress.it\\\/2024\\\/05\\\/08\\\/il-gotha-della-chirurgia-rigenerativa-il-17-maggio-a-treviso-intervento-dellex-primario-gaetano-caloprisco-50-medici-a-confronto-100-professionisti-in-platea\\\/\",\"name\":\"Il gotha della chirurgia rigenerativa il 17 maggio a Treviso. Intervento dell'ex primario Gaetano Caloprisco. 50 medici a confronto, 100 professionisti in platea - Bellunopress - Dolomiti\",\"isPartOf\":{\"@id\":\"https:\\\/\\\/www.bellunopress.it\\\/#website\"},\"primaryImageOfPage\":{\"@id\":\"https:\\\/\\\/www.bellunopress.it\\\/2024\\\/05\\\/08\\\/il-gotha-della-chirurgia-rigenerativa-il-17-maggio-a-treviso-intervento-dellex-primario-gaetano-caloprisco-50-medici-a-confronto-100-professionisti-in-platea\\\/#primaryimage\"},\"image\":{\"@id\":\"https:\\\/\\\/www.bellunopress.it\\\/2024\\\/05\\\/08\\\/il-gotha-della-chirurgia-rigenerativa-il-17-maggio-a-treviso-intervento-dellex-primario-gaetano-caloprisco-50-medici-a-confronto-100-professionisti-in-platea\\\/#primaryimage\"},\"thumbnailUrl\":\"https:\\\/\\\/www.bellunopress.it\\\/wp-content\\\/uploads\\\/2024\\\/05\\\/Alberto-Alexandre-presidente-SIMCRI-Nord-Est_edited.jpg\",\"datePublished\":\"2024-05-08T08:00:58+00:00\",\"dateModified\":\"2024-05-08T08:02:21+00:00\",\"breadcrumb\":{\"@id\":\"https:\\\/\\\/www.bellunopress.it\\\/2024\\\/05\\\/08\\\/il-gotha-della-chirurgia-rigenerativa-il-17-maggio-a-treviso-intervento-dellex-primario-gaetano-caloprisco-50-medici-a-confronto-100-professionisti-in-platea\\\/#breadcrumb\"},\"inLanguage\":\"fr-FR\",\"potentialAction\":[{\"@type\":\"ReadAction\",\"target\":[\"https:\\\/\\\/www.bellunopress.it\\\/2024\\\/05\\\/08\\\/il-gotha-della-chirurgia-rigenerativa-il-17-maggio-a-treviso-intervento-dellex-primario-gaetano-caloprisco-50-medici-a-confronto-100-professionisti-in-platea\\\/\"]}]},{\"@type\":\"ImageObject\",\"inLanguage\":\"fr-FR\",\"@id\":\"https:\\\/\\\/www.bellunopress.it\\\/2024\\\/05\\\/08\\\/il-gotha-della-chirurgia-rigenerativa-il-17-maggio-a-treviso-intervento-dellex-primario-gaetano-caloprisco-50-medici-a-confronto-100-professionisti-in-platea\\\/#primaryimage\",\"url\":\"https:\\\/\\\/www.bellunopress.it\\\/wp-content\\\/uploads\\\/2024\\\/05\\\/Alberto-Alexandre-presidente-SIMCRI-Nord-Est_edited.jpg\",\"contentUrl\":\"https:\\\/\\\/www.bellunopress.it\\\/wp-content\\\/uploads\\\/2024\\\/05\\\/Alberto-Alexandre-presidente-SIMCRI-Nord-Est_edited.jpg\",\"width\":1000,\"height\":750,\"caption\":\"Alberto Alexandre, presidente SIMCRI Nord Est\"},{\"@type\":\"BreadcrumbList\",\"@id\":\"https:\\\/\\\/www.bellunopress.it\\\/2024\\\/05\\\/08\\\/il-gotha-della-chirurgia-rigenerativa-il-17-maggio-a-treviso-intervento-dellex-primario-gaetano-caloprisco-50-medici-a-confronto-100-professionisti-in-platea\\\/#breadcrumb\",\"itemListElement\":[{\"@type\":\"ListItem\",\"position\":1,\"name\":\"Home\",\"item\":\"https:\\\/\\\/www.bellunopress.it\\\/\"},{\"@type\":\"ListItem\",\"position\":2,\"name\":\"Il gotha della chirurgia rigenerativa il 17 maggio a Treviso. Intervento dell&#8217;ex primario Gaetano Caloprisco. 50 medici a confronto, 100 professionisti in platea\"}]},{\"@type\":\"WebSite\",\"@id\":\"https:\\\/\\\/www.bellunopress.it\\\/#website\",\"url\":\"https:\\\/\\\/www.bellunopress.it\\\/\",\"name\":\"Bellunopress - Dolomiti\",\"description\":\"e-mail: redazione@bellunopress.it\",\"publisher\":{\"@id\":\"https:\\\/\\\/www.bellunopress.it\\\/#organization\"},\"potentialAction\":[{\"@type\":\"SearchAction\",\"target\":{\"@type\":\"EntryPoint\",\"urlTemplate\":\"https:\\\/\\\/www.bellunopress.it\\\/?s={search_term_string}\"},\"query-input\":{\"@type\":\"PropertyValueSpecification\",\"valueRequired\":true,\"valueName\":\"search_term_string\"}}],\"inLanguage\":\"fr-FR\"},{\"@type\":\"Organization\",\"@id\":\"https:\\\/\\\/www.bellunopress.it\\\/#organization\",\"name\":\"Bellunopress\",\"url\":\"https:\\\/\\\/www.bellunopress.it\\\/\",\"logo\":{\"@type\":\"ImageObject\",\"inLanguage\":\"fr-FR\",\"@id\":\"https:\\\/\\\/www.bellunopress.it\\\/#\\\/schema\\\/logo\\\/image\\\/\",\"url\":\"https:\\\/\\\/www.bellunopress.it\\\/wp-content\\\/uploads\\\/2011\\\/05\\\/cropped-logo-bellunopress-.jpg\",\"contentUrl\":\"https:\\\/\\\/www.bellunopress.it\\\/wp-content\\\/uploads\\\/2011\\\/05\\\/cropped-logo-bellunopress-.jpg\",\"width\":512,\"height\":512,\"caption\":\"Bellunopress\"},\"image\":{\"@id\":\"https:\\\/\\\/www.bellunopress.it\\\/#\\\/schema\\\/logo\\\/image\\\/\"},\"sameAs\":[\"https:\\\/\\\/www.facebook.com\\\/profile.php?id=100008943462799\",\"https:\\\/\\\/x.com\\\/bellunopress\",\"https:\\\/\\\/www.linkedin.com\\\/hp\\\/?dnr=JBzUWaJfMUw8vbXJJ2tVW5-I3jZKvC4wsoxE&amp;amp;amp;amp;amp;amp;trk=nav_responsive_tab_home\",\"https:\\\/\\\/www.youtube.com\\\/channel\\\/UCxL0wu1uN0_3_7hGG0306cw\"]},{\"@type\":\"Person\",\"@id\":\"https:\\\/\\\/www.bellunopress.it\\\/#\\\/schema\\\/person\\\/79bb06722b37ece1c03d3e94beb30d73\",\"name\":\"redazione\",\"image\":{\"@type\":\"ImageObject\",\"inLanguage\":\"fr-FR\",\"@id\":\"https:\\\/\\\/secure.gravatar.com\\\/avatar\\\/37d968a2e67a6fd04c169c4bdef102d0bc5d31b2546345219e348575eb80e9a0?s=96&d=mm&r=g\",\"url\":\"https:\\\/\\\/secure.gravatar.com\\\/avatar\\\/37d968a2e67a6fd04c169c4bdef102d0bc5d31b2546345219e348575eb80e9a0?s=96&d=mm&r=g\",\"contentUrl\":\"https:\\\/\\\/secure.gravatar.com\\\/avatar\\\/37d968a2e67a6fd04c169c4bdef102d0bc5d31b2546345219e348575eb80e9a0?s=96&d=mm&r=g\",\"caption\":\"redazione\"},\"sameAs\":[\"http:\\\/\\\/www.bellunopress.it\",\"https:\\\/\\\/x.com\\\/bellunopress\"],\"url\":\"https:\\\/\\\/www.bellunopress.it\\\/fr\\\/author\\\/redazione\\\/\"}]}<\/script>\n<!-- \/ Yoast SEO plugin. -->","yoast_head_json":{"title":"Il gotha della chirurgia rigenerativa il 17 maggio a Treviso. Intervento dell'ex primario Gaetano Caloprisco. 50 medici a confronto, 100 professionisti in platea - Bellunopress - Dolomiti","robots":{"index":"index","follow":"follow","max-snippet":"max-snippet:-1","max-image-preview":"max-image-preview:large","max-video-preview":"max-video-preview:-1"},"canonical":"https:\/\/www.bellunopress.it\/fr\/2024\/05\/08\/il-gotha-della-chirurgia-rigenerativa-il-17-maggio-a-treviso-intervento-dellex-primario-gaetano-caloprisco-50-medici-a-confronto-100-professionisti-in-platea\/","og_locale":"fr_FR","og_type":"article","og_title":"Il gotha della chirurgia rigenerativa il 17 maggio a Treviso. Intervento dell'ex primario Gaetano Caloprisco. 50 medici a confronto, 100 professionisti in platea - Bellunopress - Dolomiti","og_description":"Treviso, 8 maggio 2024\u00a0\u00a0Il gotha della chirurgia rigenerativa polispecialistica si riunir\u00e0 a Treviso venerd\u00ec 17 maggio per il primo congresso di SIMCRI Nord Est, la Societ\u00e0 italiana di medicina e chirurgia polispecialistica rigenerativa, di cui \u00e8 presidente per il Triveneto il neurochirurgo trevigiano Alberto Alexandre, tra i massimi esperti italiani di chirurgia del sistema nervoso [&hellip;]","og_url":"https:\/\/www.bellunopress.it\/fr\/2024\/05\/08\/il-gotha-della-chirurgia-rigenerativa-il-17-maggio-a-treviso-intervento-dellex-primario-gaetano-caloprisco-50-medici-a-confronto-100-professionisti-in-platea\/","og_site_name":"Bellunopress - Dolomiti","article_publisher":"https:\/\/www.facebook.com\/profile.php?id=100008943462799","article_published_time":"2024-05-08T08:00:58+00:00","article_modified_time":"2024-05-08T08:02:21+00:00","og_image":[{"width":1000,"height":750,"url":"https:\/\/www.bellunopress.it\/wp-content\/uploads\/2024\/05\/Alberto-Alexandre-presidente-SIMCRI-Nord-Est_edited.jpg","type":"image\/jpeg"}],"author":"redazione","twitter_card":"summary_large_image","twitter_creator":"@bellunopress","twitter_site":"@bellunopress","twitter_misc":{"Written by":"redazione","Est. reading time":"2 minutes"},"schema":{"@context":"https:\/\/schema.org","@graph":[{"@type":"Article","@id":"https:\/\/www.bellunopress.it\/2024\/05\/08\/il-gotha-della-chirurgia-rigenerativa-il-17-maggio-a-treviso-intervento-dellex-primario-gaetano-caloprisco-50-medici-a-confronto-100-professionisti-in-platea\/#article","isPartOf":{"@id":"https:\/\/www.bellunopress.it\/2024\/05\/08\/il-gotha-della-chirurgia-rigenerativa-il-17-maggio-a-treviso-intervento-dellex-primario-gaetano-caloprisco-50-medici-a-confronto-100-professionisti-in-platea\/"},"author":{"name":"redazione","@id":"https:\/\/www.bellunopress.it\/#\/schema\/person\/79bb06722b37ece1c03d3e94beb30d73"},"headline":"Il gotha della chirurgia rigenerativa il 17 maggio a Treviso. Intervento dell&#8217;ex primario Gaetano Caloprisco. 50 medici a confronto, 100 professionisti in platea","datePublished":"2024-05-08T08:00:58+00:00","dateModified":"2024-05-08T08:02:21+00:00","mainEntityOfPage":{"@id":"https:\/\/www.bellunopress.it\/2024\/05\/08\/il-gotha-della-chirurgia-rigenerativa-il-17-maggio-a-treviso-intervento-dellex-primario-gaetano-caloprisco-50-medici-a-confronto-100-professionisti-in-platea\/"},"wordCount":451,"publisher":{"@id":"https:\/\/www.bellunopress.it\/#organization"},"image":{"@id":"https:\/\/www.bellunopress.it\/2024\/05\/08\/il-gotha-della-chirurgia-rigenerativa-il-17-maggio-a-treviso-intervento-dellex-primario-gaetano-caloprisco-50-medici-a-confronto-100-professionisti-in-platea\/#primaryimage"},"thumbnailUrl":"https:\/\/www.bellunopress.it\/wp-content\/uploads\/2024\/05\/Alberto-Alexandre-presidente-SIMCRI-Nord-Est_edited.jpg","articleSection":["Prima Pagina","Sanit\u00e0 Medicina"],"inLanguage":"fr-FR"},{"@type":"WebPage","@id":"https:\/\/www.bellunopress.it\/2024\/05\/08\/il-gotha-della-chirurgia-rigenerativa-il-17-maggio-a-treviso-intervento-dellex-primario-gaetano-caloprisco-50-medici-a-confronto-100-professionisti-in-platea\/","url":"https:\/\/www.bellunopress.it\/2024\/05\/08\/il-gotha-della-chirurgia-rigenerativa-il-17-maggio-a-treviso-intervento-dellex-primario-gaetano-caloprisco-50-medici-a-confronto-100-professionisti-in-platea\/","name":"Il gotha della chirurgia rigenerativa il 17 maggio a Treviso. Intervento dell'ex primario Gaetano Caloprisco. 50 medici a confronto, 100 professionisti in platea - Bellunopress - Dolomiti","isPartOf":{"@id":"https:\/\/www.bellunopress.it\/#website"},"primaryImageOfPage":{"@id":"https:\/\/www.bellunopress.it\/2024\/05\/08\/il-gotha-della-chirurgia-rigenerativa-il-17-maggio-a-treviso-intervento-dellex-primario-gaetano-caloprisco-50-medici-a-confronto-100-professionisti-in-platea\/#primaryimage"},"image":{"@id":"https:\/\/www.bellunopress.it\/2024\/05\/08\/il-gotha-della-chirurgia-rigenerativa-il-17-maggio-a-treviso-intervento-dellex-primario-gaetano-caloprisco-50-medici-a-confronto-100-professionisti-in-platea\/#primaryimage"},"thumbnailUrl":"https:\/\/www.bellunopress.it\/wp-content\/uploads\/2024\/05\/Alberto-Alexandre-presidente-SIMCRI-Nord-Est_edited.jpg","datePublished":"2024-05-08T08:00:58+00:00","dateModified":"2024-05-08T08:02:21+00:00","breadcrumb":{"@id":"https:\/\/www.bellunopress.it\/2024\/05\/08\/il-gotha-della-chirurgia-rigenerativa-il-17-maggio-a-treviso-intervento-dellex-primario-gaetano-caloprisco-50-medici-a-confronto-100-professionisti-in-platea\/#breadcrumb"},"inLanguage":"fr-FR","potentialAction":[{"@type":"ReadAction","target":["https:\/\/www.bellunopress.it\/2024\/05\/08\/il-gotha-della-chirurgia-rigenerativa-il-17-maggio-a-treviso-intervento-dellex-primario-gaetano-caloprisco-50-medici-a-confronto-100-professionisti-in-platea\/"]}]},{"@type":"ImageObject","inLanguage":"fr-FR","@id":"https:\/\/www.bellunopress.it\/2024\/05\/08\/il-gotha-della-chirurgia-rigenerativa-il-17-maggio-a-treviso-intervento-dellex-primario-gaetano-caloprisco-50-medici-a-confronto-100-professionisti-in-platea\/#primaryimage","url":"https:\/\/www.bellunopress.it\/wp-content\/uploads\/2024\/05\/Alberto-Alexandre-presidente-SIMCRI-Nord-Est_edited.jpg","contentUrl":"https:\/\/www.bellunopress.it\/wp-content\/uploads\/2024\/05\/Alberto-Alexandre-presidente-SIMCRI-Nord-Est_edited.jpg","width":1000,"height":750,"caption":"Alberto Alexandre, presidente SIMCRI Nord Est"},{"@type":"BreadcrumbList","@id":"https:\/\/www.bellunopress.it\/2024\/05\/08\/il-gotha-della-chirurgia-rigenerativa-il-17-maggio-a-treviso-intervento-dellex-primario-gaetano-caloprisco-50-medici-a-confronto-100-professionisti-in-platea\/#breadcrumb","itemListElement":[{"@type":"ListItem","position":1,"name":"Home","item":"https:\/\/www.bellunopress.it\/"},{"@type":"ListItem","position":2,"name":"Il gotha della chirurgia rigenerativa il 17 maggio a Treviso. Intervento dell&#8217;ex primario Gaetano Caloprisco. 50 medici a confronto, 100 professionisti in platea"}]},{"@type":"WebSite","@id":"https:\/\/www.bellunopress.it\/#website","url":"https:\/\/www.bellunopress.it\/","name":"Bellunopress - Dolomiti","description":"e-mail: redazione@bellunopress.it","publisher":{"@id":"https:\/\/www.bellunopress.it\/#organization"},"potentialAction":[{"@type":"SearchAction","target":{"@type":"EntryPoint","urlTemplate":"https:\/\/www.bellunopress.it\/?s={search_term_string}"},"query-input":{"@type":"PropertyValueSpecification","valueRequired":true,"valueName":"search_term_string"}}],"inLanguage":"fr-FR"},{"@type":"Organization","@id":"https:\/\/www.bellunopress.it\/#organization","name":"Bellunopress","url":"https:\/\/www.bellunopress.it\/","logo":{"@type":"ImageObject","inLanguage":"fr-FR","@id":"https:\/\/www.bellunopress.it\/#\/schema\/logo\/image\/","url":"https:\/\/www.bellunopress.it\/wp-content\/uploads\/2011\/05\/cropped-logo-bellunopress-.jpg","contentUrl":"https:\/\/www.bellunopress.it\/wp-content\/uploads\/2011\/05\/cropped-logo-bellunopress-.jpg","width":512,"height":512,"caption":"Bellunopress"},"image":{"@id":"https:\/\/www.bellunopress.it\/#\/schema\/logo\/image\/"},"sameAs":["https:\/\/www.facebook.com\/profile.php?id=100008943462799","https:\/\/x.com\/bellunopress","https:\/\/www.linkedin.com\/hp\/?dnr=JBzUWaJfMUw8vbXJJ2tVW5-I3jZKvC4wsoxE&amp;amp;amp;amp;amp;amp;trk=nav_responsive_tab_home","https:\/\/www.youtube.com\/channel\/UCxL0wu1uN0_3_7hGG0306cw"]},{"@type":"Person","@id":"https:\/\/www.bellunopress.it\/#\/schema\/person\/79bb06722b37ece1c03d3e94beb30d73","name":"r\u00e9daction","image":{"@type":"ImageObject","inLanguage":"fr-FR","@id":"https:\/\/secure.gravatar.com\/avatar\/37d968a2e67a6fd04c169c4bdef102d0bc5d31b2546345219e348575eb80e9a0?s=96&d=mm&r=g","url":"https:\/\/secure.gravatar.com\/avatar\/37d968a2e67a6fd04c169c4bdef102d0bc5d31b2546345219e348575eb80e9a0?s=96&d=mm&r=g","contentUrl":"https:\/\/secure.gravatar.com\/avatar\/37d968a2e67a6fd04c169c4bdef102d0bc5d31b2546345219e348575eb80e9a0?s=96&d=mm&r=g","caption":"redazione"},"sameAs":["http:\/\/www.bellunopress.it","https:\/\/x.com\/bellunopress"],"url":"https:\/\/www.bellunopress.it\/fr\/author\/redazione\/"}]}},"_links":{"self":[{"href":"https:\/\/www.bellunopress.it\/fr\/wp-json\/wp\/v2\/posts\/150577","targetHints":{"allow":["GET"]}}],"collection":[{"href":"https:\/\/www.bellunopress.it\/fr\/wp-json\/wp\/v2\/posts"}],"about":[{"href":"https:\/\/www.bellunopress.it\/fr\/wp-json\/wp\/v2\/types\/post"}],"author":[{"embeddable":true,"href":"https:\/\/www.bellunopress.it\/fr\/wp-json\/wp\/v2\/users\/2"}],"replies":[{"embeddable":true,"href":"https:\/\/www.bellunopress.it\/fr\/wp-json\/wp\/v2\/comments?post=150577"}],"version-history":[{"count":2,"href":"https:\/\/www.bellunopress.it\/fr\/wp-json\/wp\/v2\/posts\/150577\/revisions"}],"predecessor-version":[{"id":150580,"href":"https:\/\/www.bellunopress.it\/fr\/wp-json\/wp\/v2\/posts\/150577\/revisions\/150580"}],"wp:featuredmedia":[{"embeddable":true,"href":"https:\/\/www.bellunopress.it\/fr\/wp-json\/wp\/v2\/media\/150578"}],"wp:attachment":[{"href":"https:\/\/www.bellunopress.it\/fr\/wp-json\/wp\/v2\/media?parent=150577"}],"wp:term":[{"taxonomy":"category","embeddable":true,"href":"https:\/\/www.bellunopress.it\/fr\/wp-json\/wp\/v2\/categories?post=150577"},{"taxonomy":"post_tag","embeddable":true,"href":"https:\/\/www.bellunopress.it\/fr\/wp-json\/wp\/v2\/tags?post=150577"}],"curies":[{"name":"wp","href":"https:\/\/api.w.org\/{rel}","templated":true}]}}