{"id":150572,"date":"2024-05-08T06:29:16","date_gmt":"2024-05-08T04:29:16","guid":{"rendered":"https:\/\/www.bellunopress.it\/?p=150572"},"modified":"2024-05-08T06:29:16","modified_gmt":"2024-05-08T04:29:16","slug":"palio-di-feltre-domenica-al-santuario-dei-santi-vittore-e-corona-la-celebrazione","status":"publish","type":"post","link":"https:\/\/www.bellunopress.it\/fr\/2024\/05\/08\/palio-di-feltre-domenica-al-santuario-dei-santi-vittore-e-corona-la-celebrazione\/","title":{"rendered":"Palio di Feltre: domenica al Santuario dei santi Vittore e Corona la celebrazione"},"content":{"rendered":"<p><img loading=\"lazy\" decoding=\"async\" class=\"alignleft size-full wp-image-150573\" src=\"https:\/\/www.bellunopress.it\/wp-content\/uploads\/2024\/05\/Palio-di-Feltre-Santuario-Vittore-e-Corona_edited.jpg\" alt=\"\" width=\"1000\" height=\"667\" srcset=\"https:\/\/www.bellunopress.it\/wp-content\/uploads\/2024\/05\/Palio-di-Feltre-Santuario-Vittore-e-Corona_edited.jpg 1000w, https:\/\/www.bellunopress.it\/wp-content\/uploads\/2024\/05\/Palio-di-Feltre-Santuario-Vittore-e-Corona_edited-500x334.jpg 500w, https:\/\/www.bellunopress.it\/wp-content\/uploads\/2024\/05\/Palio-di-Feltre-Santuario-Vittore-e-Corona_edited-630x420.jpg 630w, https:\/\/www.bellunopress.it\/wp-content\/uploads\/2024\/05\/Palio-di-Feltre-Santuario-Vittore-e-Corona_edited-696x464.jpg 696w\" sizes=\"auto, (max-width: 1000px) 100vw, 1000px\" \/>Da quel lontano 2006 si rinnova, come ogni anno, la tradizione dell\u2019inizio dell\u2019anno paliesco con la celebrazione della messa nel Santuario dei santi Vittore e Corona che avr\u00e0 luogo domenica 12 maggio.<\/p>\n<p>La partenza della sfilata dei cinque gruppi sbandieratori e tamburini (quattro Quartieri e Gruppo Sbandieratori Citt\u00e0 di Feltre) \u00e8 prevista alle 9.30 dalla chiesa di Anz\u00f9 con arrivo alle 10.15 al santuario e inizio della messa alle 10.30, officiata da don Francesco De Luca, nuovo Rettore del Santuario.<\/p>\n<p>Anche questa diciottesima edizione si configura come un momento importante per il Palio, non solo perch\u00e9 segna l\u2019inizio dell\u2019edizione 2024 della manifestazione agostana ma anche perch\u00e9 rinnova un segno di omaggio ai patroni della Citt\u00e0 e un momento di festa per gli appassionati del Palio e per i ragazzi attivi tra gli sbandieratori e i tamburini.<br \/>\nAl termine della messa,ci sar\u00e0 il discorso del Presidente del Palio con l\u2019annuncio dell\u2019artista del drappo 2024, la riconsegna del drappo dei XV Ducati da parte del Quartiere Duomo, vincitore nel 2023 e il lancio della bandiera da parte di uno sbandieratore per gruppo all\u2019interno della Basilica.<\/p>\n<p>La giornata si conclude con uno spettacolo dei cinque gruppi nel chiostro della Basilica.<br \/>\nLa messa sar\u00e0 allietata dal Coro Femminile \u201cVocincanto\u201d<br \/>\nSi informa che sar\u00e0 disponibile la diretta della funzione, sul canale YouTube del Palio<br \/>\nhttps:\/\/youtube.com\/@paliodifeltre8681<\/p>\n<p>Il presidente Eugenio Tamburrino dichiara: \u201cLa messa di San Vittore \u00e8 sempre un momento importante per il mondo del Palio, che lo attende con entusiasmo. Si apre infatti l\u2019anno del Palio, con un momento di omaggio ai Patroni da parte dei giovani sbandieratori e tamburini.<br \/>\nImportanti per la manifestazione: la riconsegna del drappo dei XV Ducati, l\u2019esibizione dei cinque gruppi e &#8211; su tutti &#8211; l\u2019annuncio dell\u2019artista del drappo 2024. Sar\u00e0 anche quest\u2019anno un appuntamento di solennit\u00e0 e di festa, che attendiamo con gioia con tutti gli appassionati del Palio e con i Feltrini\u201d.<\/p>","protected":false},"excerpt":{"rendered":"<p>Da quel lontano 2006 si rinnova, come ogni anno, la tradizione dell\u2019inizio dell\u2019anno paliesco con la celebrazione della messa nel Santuario dei santi Vittore e Corona che avr\u00e0 luogo domenica 12 maggio. La partenza della sfilata dei cinque gruppi sbandieratori e tamburini (quattro Quartieri e Gruppo Sbandieratori Citt\u00e0 di Feltre) \u00e8 prevista alle 9.30 dalla [&hellip;]<\/p>\n","protected":false},"author":2,"featured_media":150573,"comment_status":"closed","ping_status":"open","sticky":false,"template":"","format":"standard","meta":{"footnotes":""},"categories":[26,8],"tags":[],"class_list":["post-150572","post","type-post","status-publish","format-standard","has-post-thumbnail","category-prima-pagina","category-societa-istituzioni"],"yoast_head":"<!-- This site is optimized with the Yoast SEO plugin v28.4 - https:\/\/yoast.com\/product\/yoast-seo-wordpress\/ -->\n<title>Palio di Feltre: domenica al Santuario dei santi Vittore e Corona la celebrazione - Bellunopress - Dolomiti<\/title>\n<meta name=\"robots\" content=\"index, follow, max-snippet:-1, max-image-preview:large, max-video-preview:-1\" \/>\n<link rel=\"canonical\" href=\"https:\/\/www.bellunopress.it\/fr\/2024\/05\/08\/palio-di-feltre-domenica-al-santuario-dei-santi-vittore-e-corona-la-celebrazione\/\" \/>\n<meta property=\"og:locale\" content=\"fr_FR\" \/>\n<meta property=\"og:type\" content=\"article\" \/>\n<meta property=\"og:title\" content=\"Palio di Feltre: domenica al Santuario dei santi Vittore e Corona la celebrazione - Bellunopress - Dolomiti\" \/>\n<meta property=\"og:description\" content=\"Da quel lontano 2006 si rinnova, come ogni anno, la tradizione dell\u2019inizio dell\u2019anno paliesco con la celebrazione della messa nel Santuario dei santi Vittore e Corona che avr\u00e0 luogo domenica 12 maggio. La partenza della sfilata dei cinque gruppi sbandieratori e tamburini (quattro Quartieri e Gruppo Sbandieratori Citt\u00e0 di Feltre) \u00e8 prevista alle 9.30 dalla [&hellip;]\" \/>\n<meta property=\"og:url\" content=\"https:\/\/www.bellunopress.it\/fr\/2024\/05\/08\/palio-di-feltre-domenica-al-santuario-dei-santi-vittore-e-corona-la-celebrazione\/\" \/>\n<meta property=\"og:site_name\" content=\"Bellunopress - Dolomiti\" \/>\n<meta property=\"article:publisher\" content=\"https:\/\/www.facebook.com\/profile.php?id=100008943462799\" \/>\n<meta property=\"article:published_time\" content=\"2024-05-08T04:29:16+00:00\" \/>\n<meta property=\"og:image\" content=\"https:\/\/www.bellunopress.it\/wp-content\/uploads\/2024\/05\/Palio-di-Feltre-Santuario-Vittore-e-Corona_edited.jpg\" \/>\n\t<meta property=\"og:image:width\" content=\"1000\" \/>\n\t<meta property=\"og:image:height\" content=\"667\" \/>\n\t<meta property=\"og:image:type\" content=\"image\/jpeg\" \/>\n<meta name=\"author\" content=\"redazione\" \/>\n<meta name=\"twitter:card\" content=\"summary_large_image\" \/>\n<meta name=\"twitter:creator\" content=\"@bellunopress\" \/>\n<meta name=\"twitter:site\" content=\"@bellunopress\" \/>\n<meta name=\"twitter:label1\" content=\"\u00c9crit par\" \/>\n\t<meta name=\"twitter:data1\" content=\"redazione\" \/>\n\t<meta name=\"twitter:label2\" content=\"Dur\u00e9e de lecture estim\u00e9e\" \/>\n\t<meta name=\"twitter:data2\" content=\"2 minutes\" \/>\n<script type=\"application\/ld+json\" class=\"yoast-schema-graph\">{\"@context\":\"https:\\\/\\\/schema.org\",\"@graph\":[{\"@type\":\"Article\",\"@id\":\"https:\\\/\\\/www.bellunopress.it\\\/2024\\\/05\\\/08\\\/palio-di-feltre-domenica-al-santuario-dei-santi-vittore-e-corona-la-celebrazione\\\/#article\",\"isPartOf\":{\"@id\":\"https:\\\/\\\/www.bellunopress.it\\\/2024\\\/05\\\/08\\\/palio-di-feltre-domenica-al-santuario-dei-santi-vittore-e-corona-la-celebrazione\\\/\"},\"author\":{\"name\":\"redazione\",\"@id\":\"https:\\\/\\\/www.bellunopress.it\\\/#\\\/schema\\\/person\\\/79bb06722b37ece1c03d3e94beb30d73\"},\"headline\":\"Palio di Feltre: domenica al Santuario dei santi Vittore e Corona la celebrazione\",\"datePublished\":\"2024-05-08T04:29:16+00:00\",\"mainEntityOfPage\":{\"@id\":\"https:\\\/\\\/www.bellunopress.it\\\/2024\\\/05\\\/08\\\/palio-di-feltre-domenica-al-santuario-dei-santi-vittore-e-corona-la-celebrazione\\\/\"},\"wordCount\":332,\"publisher\":{\"@id\":\"https:\\\/\\\/www.bellunopress.it\\\/#organization\"},\"image\":{\"@id\":\"https:\\\/\\\/www.bellunopress.it\\\/2024\\\/05\\\/08\\\/palio-di-feltre-domenica-al-santuario-dei-santi-vittore-e-corona-la-celebrazione\\\/#primaryimage\"},\"thumbnailUrl\":\"https:\\\/\\\/www.bellunopress.it\\\/wp-content\\\/uploads\\\/2024\\\/05\\\/Palio-di-Feltre-Santuario-Vittore-e-Corona_edited.jpg\",\"articleSection\":[\"Prima Pagina\",\"Societ\u00e0, Associazioni, Istituzioni\"],\"inLanguage\":\"fr-FR\"},{\"@type\":\"WebPage\",\"@id\":\"https:\\\/\\\/www.bellunopress.it\\\/2024\\\/05\\\/08\\\/palio-di-feltre-domenica-al-santuario-dei-santi-vittore-e-corona-la-celebrazione\\\/\",\"url\":\"https:\\\/\\\/www.bellunopress.it\\\/2024\\\/05\\\/08\\\/palio-di-feltre-domenica-al-santuario-dei-santi-vittore-e-corona-la-celebrazione\\\/\",\"name\":\"Palio di Feltre: domenica al Santuario dei santi Vittore e Corona la celebrazione - Bellunopress - Dolomiti\",\"isPartOf\":{\"@id\":\"https:\\\/\\\/www.bellunopress.it\\\/#website\"},\"primaryImageOfPage\":{\"@id\":\"https:\\\/\\\/www.bellunopress.it\\\/2024\\\/05\\\/08\\\/palio-di-feltre-domenica-al-santuario-dei-santi-vittore-e-corona-la-celebrazione\\\/#primaryimage\"},\"image\":{\"@id\":\"https:\\\/\\\/www.bellunopress.it\\\/2024\\\/05\\\/08\\\/palio-di-feltre-domenica-al-santuario-dei-santi-vittore-e-corona-la-celebrazione\\\/#primaryimage\"},\"thumbnailUrl\":\"https:\\\/\\\/www.bellunopress.it\\\/wp-content\\\/uploads\\\/2024\\\/05\\\/Palio-di-Feltre-Santuario-Vittore-e-Corona_edited.jpg\",\"datePublished\":\"2024-05-08T04:29:16+00:00\",\"breadcrumb\":{\"@id\":\"https:\\\/\\\/www.bellunopress.it\\\/2024\\\/05\\\/08\\\/palio-di-feltre-domenica-al-santuario-dei-santi-vittore-e-corona-la-celebrazione\\\/#breadcrumb\"},\"inLanguage\":\"fr-FR\",\"potentialAction\":[{\"@type\":\"ReadAction\",\"target\":[\"https:\\\/\\\/www.bellunopress.it\\\/2024\\\/05\\\/08\\\/palio-di-feltre-domenica-al-santuario-dei-santi-vittore-e-corona-la-celebrazione\\\/\"]}]},{\"@type\":\"ImageObject\",\"inLanguage\":\"fr-FR\",\"@id\":\"https:\\\/\\\/www.bellunopress.it\\\/2024\\\/05\\\/08\\\/palio-di-feltre-domenica-al-santuario-dei-santi-vittore-e-corona-la-celebrazione\\\/#primaryimage\",\"url\":\"https:\\\/\\\/www.bellunopress.it\\\/wp-content\\\/uploads\\\/2024\\\/05\\\/Palio-di-Feltre-Santuario-Vittore-e-Corona_edited.jpg\",\"contentUrl\":\"https:\\\/\\\/www.bellunopress.it\\\/wp-content\\\/uploads\\\/2024\\\/05\\\/Palio-di-Feltre-Santuario-Vittore-e-Corona_edited.jpg\",\"width\":1000,\"height\":667},{\"@type\":\"BreadcrumbList\",\"@id\":\"https:\\\/\\\/www.bellunopress.it\\\/2024\\\/05\\\/08\\\/palio-di-feltre-domenica-al-santuario-dei-santi-vittore-e-corona-la-celebrazione\\\/#breadcrumb\",\"itemListElement\":[{\"@type\":\"ListItem\",\"position\":1,\"name\":\"Home\",\"item\":\"https:\\\/\\\/www.bellunopress.it\\\/\"},{\"@type\":\"ListItem\",\"position\":2,\"name\":\"Palio di Feltre: domenica al Santuario dei santi Vittore e Corona la celebrazione\"}]},{\"@type\":\"WebSite\",\"@id\":\"https:\\\/\\\/www.bellunopress.it\\\/#website\",\"url\":\"https:\\\/\\\/www.bellunopress.it\\\/\",\"name\":\"Bellunopress - Dolomiti\",\"description\":\"e-mail: redazione@bellunopress.it\",\"publisher\":{\"@id\":\"https:\\\/\\\/www.bellunopress.it\\\/#organization\"},\"potentialAction\":[{\"@type\":\"SearchAction\",\"target\":{\"@type\":\"EntryPoint\",\"urlTemplate\":\"https:\\\/\\\/www.bellunopress.it\\\/?s={search_term_string}\"},\"query-input\":{\"@type\":\"PropertyValueSpecification\",\"valueRequired\":true,\"valueName\":\"search_term_string\"}}],\"inLanguage\":\"fr-FR\"},{\"@type\":\"Organization\",\"@id\":\"https:\\\/\\\/www.bellunopress.it\\\/#organization\",\"name\":\"Bellunopress\",\"url\":\"https:\\\/\\\/www.bellunopress.it\\\/\",\"logo\":{\"@type\":\"ImageObject\",\"inLanguage\":\"fr-FR\",\"@id\":\"https:\\\/\\\/www.bellunopress.it\\\/#\\\/schema\\\/logo\\\/image\\\/\",\"url\":\"https:\\\/\\\/www.bellunopress.it\\\/wp-content\\\/uploads\\\/2011\\\/05\\\/cropped-logo-bellunopress-.jpg\",\"contentUrl\":\"https:\\\/\\\/www.bellunopress.it\\\/wp-content\\\/uploads\\\/2011\\\/05\\\/cropped-logo-bellunopress-.jpg\",\"width\":512,\"height\":512,\"caption\":\"Bellunopress\"},\"image\":{\"@id\":\"https:\\\/\\\/www.bellunopress.it\\\/#\\\/schema\\\/logo\\\/image\\\/\"},\"sameAs\":[\"https:\\\/\\\/www.facebook.com\\\/profile.php?id=100008943462799\",\"https:\\\/\\\/x.com\\\/bellunopress\",\"https:\\\/\\\/www.linkedin.com\\\/hp\\\/?dnr=JBzUWaJfMUw8vbXJJ2tVW5-I3jZKvC4wsoxE&amp;amp;amp;amp;amp;amp;trk=nav_responsive_tab_home\",\"https:\\\/\\\/www.youtube.com\\\/channel\\\/UCxL0wu1uN0_3_7hGG0306cw\"]},{\"@type\":\"Person\",\"@id\":\"https:\\\/\\\/www.bellunopress.it\\\/#\\\/schema\\\/person\\\/79bb06722b37ece1c03d3e94beb30d73\",\"name\":\"redazione\",\"image\":{\"@type\":\"ImageObject\",\"inLanguage\":\"fr-FR\",\"@id\":\"https:\\\/\\\/secure.gravatar.com\\\/avatar\\\/37d968a2e67a6fd04c169c4bdef102d0bc5d31b2546345219e348575eb80e9a0?s=96&d=mm&r=g\",\"url\":\"https:\\\/\\\/secure.gravatar.com\\\/avatar\\\/37d968a2e67a6fd04c169c4bdef102d0bc5d31b2546345219e348575eb80e9a0?s=96&d=mm&r=g\",\"contentUrl\":\"https:\\\/\\\/secure.gravatar.com\\\/avatar\\\/37d968a2e67a6fd04c169c4bdef102d0bc5d31b2546345219e348575eb80e9a0?s=96&d=mm&r=g\",\"caption\":\"redazione\"},\"sameAs\":[\"http:\\\/\\\/www.bellunopress.it\",\"https:\\\/\\\/x.com\\\/bellunopress\"],\"url\":\"https:\\\/\\\/www.bellunopress.it\\\/fr\\\/author\\\/redazione\\\/\"}]}<\/script>\n<!-- \/ Yoast SEO plugin. -->","yoast_head_json":{"title":"Palio di Feltre: domenica al Santuario dei santi Vittore e Corona la celebrazione - Bellunopress - Dolomiti","robots":{"index":"index","follow":"follow","max-snippet":"max-snippet:-1","max-image-preview":"max-image-preview:large","max-video-preview":"max-video-preview:-1"},"canonical":"https:\/\/www.bellunopress.it\/fr\/2024\/05\/08\/palio-di-feltre-domenica-al-santuario-dei-santi-vittore-e-corona-la-celebrazione\/","og_locale":"fr_FR","og_type":"article","og_title":"Palio di Feltre: domenica al Santuario dei santi Vittore e Corona la celebrazione - Bellunopress - Dolomiti","og_description":"Da quel lontano 2006 si rinnova, come ogni anno, la tradizione dell\u2019inizio dell\u2019anno paliesco con la celebrazione della messa nel Santuario dei santi Vittore e Corona che avr\u00e0 luogo domenica 12 maggio. La partenza della sfilata dei cinque gruppi sbandieratori e tamburini (quattro Quartieri e Gruppo Sbandieratori Citt\u00e0 di Feltre) \u00e8 prevista alle 9.30 dalla [&hellip;]","og_url":"https:\/\/www.bellunopress.it\/fr\/2024\/05\/08\/palio-di-feltre-domenica-al-santuario-dei-santi-vittore-e-corona-la-celebrazione\/","og_site_name":"Bellunopress - Dolomiti","article_publisher":"https:\/\/www.facebook.com\/profile.php?id=100008943462799","article_published_time":"2024-05-08T04:29:16+00:00","og_image":[{"width":1000,"height":667,"url":"https:\/\/www.bellunopress.it\/wp-content\/uploads\/2024\/05\/Palio-di-Feltre-Santuario-Vittore-e-Corona_edited.jpg","type":"image\/jpeg"}],"author":"redazione","twitter_card":"summary_large_image","twitter_creator":"@bellunopress","twitter_site":"@bellunopress","twitter_misc":{"\u00c9crit par":"redazione","Dur\u00e9e de lecture estim\u00e9e":"2 minutes"},"schema":{"@context":"https:\/\/schema.org","@graph":[{"@type":"Article","@id":"https:\/\/www.bellunopress.it\/2024\/05\/08\/palio-di-feltre-domenica-al-santuario-dei-santi-vittore-e-corona-la-celebrazione\/#article","isPartOf":{"@id":"https:\/\/www.bellunopress.it\/2024\/05\/08\/palio-di-feltre-domenica-al-santuario-dei-santi-vittore-e-corona-la-celebrazione\/"},"author":{"name":"redazione","@id":"https:\/\/www.bellunopress.it\/#\/schema\/person\/79bb06722b37ece1c03d3e94beb30d73"},"headline":"Palio di Feltre: domenica al Santuario dei santi Vittore e Corona la celebrazione","datePublished":"2024-05-08T04:29:16+00:00","mainEntityOfPage":{"@id":"https:\/\/www.bellunopress.it\/2024\/05\/08\/palio-di-feltre-domenica-al-santuario-dei-santi-vittore-e-corona-la-celebrazione\/"},"wordCount":332,"publisher":{"@id":"https:\/\/www.bellunopress.it\/#organization"},"image":{"@id":"https:\/\/www.bellunopress.it\/2024\/05\/08\/palio-di-feltre-domenica-al-santuario-dei-santi-vittore-e-corona-la-celebrazione\/#primaryimage"},"thumbnailUrl":"https:\/\/www.bellunopress.it\/wp-content\/uploads\/2024\/05\/Palio-di-Feltre-Santuario-Vittore-e-Corona_edited.jpg","articleSection":["Prima Pagina","Societ\u00e0, Associazioni, Istituzioni"],"inLanguage":"fr-FR"},{"@type":"WebPage","@id":"https:\/\/www.bellunopress.it\/2024\/05\/08\/palio-di-feltre-domenica-al-santuario-dei-santi-vittore-e-corona-la-celebrazione\/","url":"https:\/\/www.bellunopress.it\/2024\/05\/08\/palio-di-feltre-domenica-al-santuario-dei-santi-vittore-e-corona-la-celebrazione\/","name":"Palio di Feltre: domenica al Santuario dei santi Vittore e Corona la celebrazione - Bellunopress - Dolomiti","isPartOf":{"@id":"https:\/\/www.bellunopress.it\/#website"},"primaryImageOfPage":{"@id":"https:\/\/www.bellunopress.it\/2024\/05\/08\/palio-di-feltre-domenica-al-santuario-dei-santi-vittore-e-corona-la-celebrazione\/#primaryimage"},"image":{"@id":"https:\/\/www.bellunopress.it\/2024\/05\/08\/palio-di-feltre-domenica-al-santuario-dei-santi-vittore-e-corona-la-celebrazione\/#primaryimage"},"thumbnailUrl":"https:\/\/www.bellunopress.it\/wp-content\/uploads\/2024\/05\/Palio-di-Feltre-Santuario-Vittore-e-Corona_edited.jpg","datePublished":"2024-05-08T04:29:16+00:00","breadcrumb":{"@id":"https:\/\/www.bellunopress.it\/2024\/05\/08\/palio-di-feltre-domenica-al-santuario-dei-santi-vittore-e-corona-la-celebrazione\/#breadcrumb"},"inLanguage":"fr-FR","potentialAction":[{"@type":"ReadAction","target":["https:\/\/www.bellunopress.it\/2024\/05\/08\/palio-di-feltre-domenica-al-santuario-dei-santi-vittore-e-corona-la-celebrazione\/"]}]},{"@type":"ImageObject","inLanguage":"fr-FR","@id":"https:\/\/www.bellunopress.it\/2024\/05\/08\/palio-di-feltre-domenica-al-santuario-dei-santi-vittore-e-corona-la-celebrazione\/#primaryimage","url":"https:\/\/www.bellunopress.it\/wp-content\/uploads\/2024\/05\/Palio-di-Feltre-Santuario-Vittore-e-Corona_edited.jpg","contentUrl":"https:\/\/www.bellunopress.it\/wp-content\/uploads\/2024\/05\/Palio-di-Feltre-Santuario-Vittore-e-Corona_edited.jpg","width":1000,"height":667},{"@type":"BreadcrumbList","@id":"https:\/\/www.bellunopress.it\/2024\/05\/08\/palio-di-feltre-domenica-al-santuario-dei-santi-vittore-e-corona-la-celebrazione\/#breadcrumb","itemListElement":[{"@type":"ListItem","position":1,"name":"Home","item":"https:\/\/www.bellunopress.it\/"},{"@type":"ListItem","position":2,"name":"Palio di Feltre: domenica al Santuario dei santi Vittore e Corona la celebrazione"}]},{"@type":"WebSite","@id":"https:\/\/www.bellunopress.it\/#website","url":"https:\/\/www.bellunopress.it\/","name":"Bellunopress - Dolomiti","description":"e-mail: redazione@bellunopress.it","publisher":{"@id":"https:\/\/www.bellunopress.it\/#organization"},"potentialAction":[{"@type":"SearchAction","target":{"@type":"EntryPoint","urlTemplate":"https:\/\/www.bellunopress.it\/?s={search_term_string}"},"query-input":{"@type":"PropertyValueSpecification","valueRequired":true,"valueName":"search_term_string"}}],"inLanguage":"fr-FR"},{"@type":"Organization","@id":"https:\/\/www.bellunopress.it\/#organization","name":"Bellunopress","url":"https:\/\/www.bellunopress.it\/","logo":{"@type":"ImageObject","inLanguage":"fr-FR","@id":"https:\/\/www.bellunopress.it\/#\/schema\/logo\/image\/","url":"https:\/\/www.bellunopress.it\/wp-content\/uploads\/2011\/05\/cropped-logo-bellunopress-.jpg","contentUrl":"https:\/\/www.bellunopress.it\/wp-content\/uploads\/2011\/05\/cropped-logo-bellunopress-.jpg","width":512,"height":512,"caption":"Bellunopress"},"image":{"@id":"https:\/\/www.bellunopress.it\/#\/schema\/logo\/image\/"},"sameAs":["https:\/\/www.facebook.com\/profile.php?id=100008943462799","https:\/\/x.com\/bellunopress","https:\/\/www.linkedin.com\/hp\/?dnr=JBzUWaJfMUw8vbXJJ2tVW5-I3jZKvC4wsoxE&amp;amp;amp;amp;amp;amp;trk=nav_responsive_tab_home","https:\/\/www.youtube.com\/channel\/UCxL0wu1uN0_3_7hGG0306cw"]},{"@type":"Person","@id":"https:\/\/www.bellunopress.it\/#\/schema\/person\/79bb06722b37ece1c03d3e94beb30d73","name":"r\u00e9daction","image":{"@type":"ImageObject","inLanguage":"fr-FR","@id":"https:\/\/secure.gravatar.com\/avatar\/37d968a2e67a6fd04c169c4bdef102d0bc5d31b2546345219e348575eb80e9a0?s=96&d=mm&r=g","url":"https:\/\/secure.gravatar.com\/avatar\/37d968a2e67a6fd04c169c4bdef102d0bc5d31b2546345219e348575eb80e9a0?s=96&d=mm&r=g","contentUrl":"https:\/\/secure.gravatar.com\/avatar\/37d968a2e67a6fd04c169c4bdef102d0bc5d31b2546345219e348575eb80e9a0?s=96&d=mm&r=g","caption":"redazione"},"sameAs":["http:\/\/www.bellunopress.it","https:\/\/x.com\/bellunopress"],"url":"https:\/\/www.bellunopress.it\/fr\/author\/redazione\/"}]}},"_links":{"self":[{"href":"https:\/\/www.bellunopress.it\/fr\/wp-json\/wp\/v2\/posts\/150572","targetHints":{"allow":["GET"]}}],"collection":[{"href":"https:\/\/www.bellunopress.it\/fr\/wp-json\/wp\/v2\/posts"}],"about":[{"href":"https:\/\/www.bellunopress.it\/fr\/wp-json\/wp\/v2\/types\/post"}],"author":[{"embeddable":true,"href":"https:\/\/www.bellunopress.it\/fr\/wp-json\/wp\/v2\/users\/2"}],"replies":[{"embeddable":true,"href":"https:\/\/www.bellunopress.it\/fr\/wp-json\/wp\/v2\/comments?post=150572"}],"version-history":[{"count":1,"href":"https:\/\/www.bellunopress.it\/fr\/wp-json\/wp\/v2\/posts\/150572\/revisions"}],"predecessor-version":[{"id":150574,"href":"https:\/\/www.bellunopress.it\/fr\/wp-json\/wp\/v2\/posts\/150572\/revisions\/150574"}],"wp:featuredmedia":[{"embeddable":true,"href":"https:\/\/www.bellunopress.it\/fr\/wp-json\/wp\/v2\/media\/150573"}],"wp:attachment":[{"href":"https:\/\/www.bellunopress.it\/fr\/wp-json\/wp\/v2\/media?parent=150572"}],"wp:term":[{"taxonomy":"category","embeddable":true,"href":"https:\/\/www.bellunopress.it\/fr\/wp-json\/wp\/v2\/categories?post=150572"},{"taxonomy":"post_tag","embeddable":true,"href":"https:\/\/www.bellunopress.it\/fr\/wp-json\/wp\/v2\/tags?post=150572"}],"curies":[{"name":"wp","href":"https:\/\/api.w.org\/{rel}","templated":true}]}}