{"id":150420,"date":"2024-05-02T07:16:10","date_gmt":"2024-05-02T05:16:10","guid":{"rendered":"https:\/\/www.bellunopress.it\/?p=150420"},"modified":"2024-05-02T07:16:10","modified_gmt":"2024-05-02T05:16:10","slug":"coppa-delle-alpi-2024-oggi-la-tappa-piu-lunga-di-390-km-da-st-moritz-fino-a-gstaad","status":"publish","type":"post","link":"https:\/\/www.bellunopress.it\/fr\/2024\/05\/02\/coppa-delle-alpi-2024-oggi-la-tappa-piu-lunga-di-390-km-da-st-moritz-fino-a-gstaad\/","title":{"rendered":"Coppa delle Alpi 2024, oggi la tappa pi\u00f9 lunga di 390 Km da St. Moritz fino a Gstaad"},"content":{"rendered":"<p><img loading=\"lazy\" decoding=\"async\" class=\"alignleft size-full wp-image-148819\" src=\"https:\/\/www.bellunopress.it\/wp-content\/uploads\/2024\/03\/Coppa-delle-Alpi.jpg\" alt=\"\" width=\"537\" height=\"463\" srcset=\"https:\/\/www.bellunopress.it\/wp-content\/uploads\/2024\/03\/Coppa-delle-Alpi.jpg 537w, https:\/\/www.bellunopress.it\/wp-content\/uploads\/2024\/03\/Coppa-delle-Alpi-500x431.jpg 500w\" sizes=\"auto, (max-width: 537px) 100vw, 537px\" \/>La terza giornata di gara ha confermato Stefano Ginesi e Susanna Rohr in testa alla classifica con la loro Fiat 508 S Balilla Coppa D del 1934. Continuano a battersi per la vittoria Michel Decremer e Marie Mertens con la loro Aston Martin Db2 del 1951, mentre cambia ancora il l&#8217;equipaggio sul terzo gradino del podio, conquistato da Sergio Carrara e Walter Consoli con la Jaguar Xk 120 Ots del 1953.<\/p>\n<p>Al termine della cena di ieri Sigi Aspiron, Presidente di Freestyle Championships 2025 in Engadina, ha parlato dell&#8217;organizzazione dell&#8217;evento del prossimo anno: &#8220;\u00e8 la prima volta per noi in Saint Moritz, abbiamo fatto i Campionati Regular, ma ora si tratta di un&#8217;altra disciplina e sar\u00e0 una sfida&#8221;. Franco Giovanoli di Skiclub Alpina ha aggiunto che &#8220;\u00e8 importante dare alle nuove generazioni le possibilit\u00e0 migliori per avvicinarsi agli sport invernali, sia a chi vuole puntare ad alti livelli, sia a chi lo fa per divertimento. Vogliamo mostrargli l&#8217;importanza degli sport outdoor&#8221;.<\/p>\n<p>Dopo il Controllo Orario alla partenza dal centro di St. Moritz, gli equipaggi saluteranno l&#8217;Engadina con un blocco di Prove Cronometrate. Ci sar\u00e0 poi una Prova di Media nei pressi del Lago di Marmorera, nato artificialmente dopo l&#8217;allagamento del borgo omonimo.<\/p>\n<p>\u00c8 previsto per le10 l&#8217;arrivo a Vaduz, Capitale del Lichtenstein, dove gli equipaggi si fermeranno per un coffee break accolti dal benvenuto del Primo Ministro Daniel Risch.<\/p>\n<p>Al rientro in Svizzera, subito la Prova di Media a Stain dopodich\u00e9 il convoglio, costeggiando i laghi di Zurigo e Zugo, giunger\u00e0 a Lucerna per la sosta pranzo all&#8217;interno del Museo Svizzero dei Trasporti, durante il quale si parler\u00e0 di Mobilit\u00e0 sostenibile in compagnia del Direttore del museo, Martin Butikofer.<\/p>\n<p>Nel pomeriggio il passaggio dal centro storico di Lucerna, proseguendo poi nel Catone di Berna dove \u00e8 prevista la Prova di Media di Schallenberg che porter\u00e0 gli equipaggi ad affacciarsi sul quarto lago svizzero di giornata, il Lago di Thun.<\/p>\n<p>La giornata di gara si concluder\u00e0 a Gstaad, frazione del comune di Saanen: dopo essersi sfidati in un altro blocco di prove, gli equipaggi verranno accolti nel centro storico dall&#8217;amministrazione locale, dove li aspetter\u00e0 il Controllo Orario di fine tappa.<\/p>\n<p>A cena si parler\u00e0 di Produzioni agroalimentari di montagna, in particolare di allevamento e trasformazione casearia. Saranno presenti David Schmid, Consigliere Comunale di Saanen, Ariane Ludwing, Marketing Manager di Gstaad Saanenland Turismo, Corinne Reuteler, Direttore Artistico del Menuhin Festival, l&#8217;agricoltore Dominik Matti e Andreas Zoppas del Comune di Saanen.<\/p>","protected":false},"excerpt":{"rendered":"<p>La terza giornata di gara ha confermato Stefano Ginesi e Susanna Rohr in testa alla classifica con la loro Fiat 508 S Balilla Coppa D del 1934. Continuano a battersi per la vittoria Michel Decremer e Marie Mertens con la loro Aston Martin Db2 del 1951, mentre cambia ancora il l&#8217;equipaggio sul terzo gradino del [&hellip;]<\/p>\n","protected":false},"author":2,"featured_media":148819,"comment_status":"closed","ping_status":"open","sticky":false,"template":"","format":"standard","meta":{"footnotes":""},"categories":[4],"tags":[],"class_list":["post-150420","post","type-post","status-publish","format-standard","has-post-thumbnail","category-sport"],"yoast_head":"<!-- This site is optimized with the Yoast SEO plugin v28.4 - https:\/\/yoast.com\/product\/yoast-seo-wordpress\/ -->\n<title>Coppa delle Alpi 2024, oggi la tappa pi\u00f9 lunga di 390 Km da St. Moritz fino a Gstaad - Bellunopress - Dolomiti<\/title>\n<meta name=\"robots\" content=\"index, follow, max-snippet:-1, max-image-preview:large, max-video-preview:-1\" \/>\n<link rel=\"canonical\" href=\"https:\/\/www.bellunopress.it\/fr\/2024\/05\/02\/coppa-delle-alpi-2024-oggi-la-tappa-piu-lunga-di-390-km-da-st-moritz-fino-a-gstaad\/\" \/>\n<meta property=\"og:locale\" content=\"fr_FR\" \/>\n<meta property=\"og:type\" content=\"article\" \/>\n<meta property=\"og:title\" content=\"Coppa delle Alpi 2024, oggi la tappa pi\u00f9 lunga di 390 Km da St. Moritz fino a Gstaad - Bellunopress - Dolomiti\" \/>\n<meta property=\"og:description\" content=\"La terza giornata di gara ha confermato Stefano Ginesi e Susanna Rohr in testa alla classifica con la loro Fiat 508 S Balilla Coppa D del 1934. Continuano a battersi per la vittoria Michel Decremer e Marie Mertens con la loro Aston Martin Db2 del 1951, mentre cambia ancora il l&#8217;equipaggio sul terzo gradino del [&hellip;]\" \/>\n<meta property=\"og:url\" content=\"https:\/\/www.bellunopress.it\/fr\/2024\/05\/02\/coppa-delle-alpi-2024-oggi-la-tappa-piu-lunga-di-390-km-da-st-moritz-fino-a-gstaad\/\" \/>\n<meta property=\"og:site_name\" content=\"Bellunopress - Dolomiti\" \/>\n<meta property=\"article:publisher\" content=\"https:\/\/www.facebook.com\/profile.php?id=100008943462799\" \/>\n<meta property=\"article:published_time\" content=\"2024-05-02T05:16:10+00:00\" \/>\n<meta property=\"og:image\" content=\"https:\/\/www.bellunopress.it\/wp-content\/uploads\/2024\/03\/Coppa-delle-Alpi.jpg\" \/>\n\t<meta property=\"og:image:width\" content=\"537\" \/>\n\t<meta property=\"og:image:height\" content=\"463\" \/>\n\t<meta property=\"og:image:type\" content=\"image\/jpeg\" \/>\n<meta name=\"author\" content=\"redazione\" \/>\n<meta name=\"twitter:card\" content=\"summary_large_image\" \/>\n<meta name=\"twitter:creator\" content=\"@bellunopress\" \/>\n<meta name=\"twitter:site\" content=\"@bellunopress\" \/>\n<meta name=\"twitter:label1\" content=\"\u00c9crit par\" \/>\n\t<meta name=\"twitter:data1\" content=\"redazione\" \/>\n\t<meta name=\"twitter:label2\" content=\"Dur\u00e9e de lecture estim\u00e9e\" \/>\n\t<meta name=\"twitter:data2\" content=\"2 minutes\" \/>\n<script type=\"application\/ld+json\" class=\"yoast-schema-graph\">{\"@context\":\"https:\\\/\\\/schema.org\",\"@graph\":[{\"@type\":\"Article\",\"@id\":\"https:\\\/\\\/www.bellunopress.it\\\/2024\\\/05\\\/02\\\/coppa-delle-alpi-2024-oggi-la-tappa-piu-lunga-di-390-km-da-st-moritz-fino-a-gstaad\\\/#article\",\"isPartOf\":{\"@id\":\"https:\\\/\\\/www.bellunopress.it\\\/2024\\\/05\\\/02\\\/coppa-delle-alpi-2024-oggi-la-tappa-piu-lunga-di-390-km-da-st-moritz-fino-a-gstaad\\\/\"},\"author\":{\"name\":\"redazione\",\"@id\":\"https:\\\/\\\/www.bellunopress.it\\\/#\\\/schema\\\/person\\\/79bb06722b37ece1c03d3e94beb30d73\"},\"headline\":\"Coppa delle Alpi 2024, oggi la tappa pi\u00f9 lunga di 390 Km da St. Moritz fino a Gstaad\",\"datePublished\":\"2024-05-02T05:16:10+00:00\",\"mainEntityOfPage\":{\"@id\":\"https:\\\/\\\/www.bellunopress.it\\\/2024\\\/05\\\/02\\\/coppa-delle-alpi-2024-oggi-la-tappa-piu-lunga-di-390-km-da-st-moritz-fino-a-gstaad\\\/\"},\"wordCount\":425,\"publisher\":{\"@id\":\"https:\\\/\\\/www.bellunopress.it\\\/#organization\"},\"image\":{\"@id\":\"https:\\\/\\\/www.bellunopress.it\\\/2024\\\/05\\\/02\\\/coppa-delle-alpi-2024-oggi-la-tappa-piu-lunga-di-390-km-da-st-moritz-fino-a-gstaad\\\/#primaryimage\"},\"thumbnailUrl\":\"https:\\\/\\\/www.bellunopress.it\\\/wp-content\\\/uploads\\\/2024\\\/03\\\/Coppa-delle-Alpi.jpg\",\"articleSection\":[\"Sport, tempo libero\"],\"inLanguage\":\"fr-FR\"},{\"@type\":\"WebPage\",\"@id\":\"https:\\\/\\\/www.bellunopress.it\\\/2024\\\/05\\\/02\\\/coppa-delle-alpi-2024-oggi-la-tappa-piu-lunga-di-390-km-da-st-moritz-fino-a-gstaad\\\/\",\"url\":\"https:\\\/\\\/www.bellunopress.it\\\/2024\\\/05\\\/02\\\/coppa-delle-alpi-2024-oggi-la-tappa-piu-lunga-di-390-km-da-st-moritz-fino-a-gstaad\\\/\",\"name\":\"Coppa delle Alpi 2024, oggi la tappa pi\u00f9 lunga di 390 Km da St. Moritz fino a Gstaad - Bellunopress - Dolomiti\",\"isPartOf\":{\"@id\":\"https:\\\/\\\/www.bellunopress.it\\\/#website\"},\"primaryImageOfPage\":{\"@id\":\"https:\\\/\\\/www.bellunopress.it\\\/2024\\\/05\\\/02\\\/coppa-delle-alpi-2024-oggi-la-tappa-piu-lunga-di-390-km-da-st-moritz-fino-a-gstaad\\\/#primaryimage\"},\"image\":{\"@id\":\"https:\\\/\\\/www.bellunopress.it\\\/2024\\\/05\\\/02\\\/coppa-delle-alpi-2024-oggi-la-tappa-piu-lunga-di-390-km-da-st-moritz-fino-a-gstaad\\\/#primaryimage\"},\"thumbnailUrl\":\"https:\\\/\\\/www.bellunopress.it\\\/wp-content\\\/uploads\\\/2024\\\/03\\\/Coppa-delle-Alpi.jpg\",\"datePublished\":\"2024-05-02T05:16:10+00:00\",\"breadcrumb\":{\"@id\":\"https:\\\/\\\/www.bellunopress.it\\\/2024\\\/05\\\/02\\\/coppa-delle-alpi-2024-oggi-la-tappa-piu-lunga-di-390-km-da-st-moritz-fino-a-gstaad\\\/#breadcrumb\"},\"inLanguage\":\"fr-FR\",\"potentialAction\":[{\"@type\":\"ReadAction\",\"target\":[\"https:\\\/\\\/www.bellunopress.it\\\/2024\\\/05\\\/02\\\/coppa-delle-alpi-2024-oggi-la-tappa-piu-lunga-di-390-km-da-st-moritz-fino-a-gstaad\\\/\"]}]},{\"@type\":\"ImageObject\",\"inLanguage\":\"fr-FR\",\"@id\":\"https:\\\/\\\/www.bellunopress.it\\\/2024\\\/05\\\/02\\\/coppa-delle-alpi-2024-oggi-la-tappa-piu-lunga-di-390-km-da-st-moritz-fino-a-gstaad\\\/#primaryimage\",\"url\":\"https:\\\/\\\/www.bellunopress.it\\\/wp-content\\\/uploads\\\/2024\\\/03\\\/Coppa-delle-Alpi.jpg\",\"contentUrl\":\"https:\\\/\\\/www.bellunopress.it\\\/wp-content\\\/uploads\\\/2024\\\/03\\\/Coppa-delle-Alpi.jpg\",\"width\":537,\"height\":463},{\"@type\":\"BreadcrumbList\",\"@id\":\"https:\\\/\\\/www.bellunopress.it\\\/2024\\\/05\\\/02\\\/coppa-delle-alpi-2024-oggi-la-tappa-piu-lunga-di-390-km-da-st-moritz-fino-a-gstaad\\\/#breadcrumb\",\"itemListElement\":[{\"@type\":\"ListItem\",\"position\":1,\"name\":\"Home\",\"item\":\"https:\\\/\\\/www.bellunopress.it\\\/\"},{\"@type\":\"ListItem\",\"position\":2,\"name\":\"Coppa delle Alpi 2024, oggi la tappa pi\u00f9 lunga di 390 Km da St. Moritz fino a Gstaad\"}]},{\"@type\":\"WebSite\",\"@id\":\"https:\\\/\\\/www.bellunopress.it\\\/#website\",\"url\":\"https:\\\/\\\/www.bellunopress.it\\\/\",\"name\":\"Bellunopress - Dolomiti\",\"description\":\"e-mail: redazione@bellunopress.it\",\"publisher\":{\"@id\":\"https:\\\/\\\/www.bellunopress.it\\\/#organization\"},\"potentialAction\":[{\"@type\":\"SearchAction\",\"target\":{\"@type\":\"EntryPoint\",\"urlTemplate\":\"https:\\\/\\\/www.bellunopress.it\\\/?s={search_term_string}\"},\"query-input\":{\"@type\":\"PropertyValueSpecification\",\"valueRequired\":true,\"valueName\":\"search_term_string\"}}],\"inLanguage\":\"fr-FR\"},{\"@type\":\"Organization\",\"@id\":\"https:\\\/\\\/www.bellunopress.it\\\/#organization\",\"name\":\"Bellunopress\",\"url\":\"https:\\\/\\\/www.bellunopress.it\\\/\",\"logo\":{\"@type\":\"ImageObject\",\"inLanguage\":\"fr-FR\",\"@id\":\"https:\\\/\\\/www.bellunopress.it\\\/#\\\/schema\\\/logo\\\/image\\\/\",\"url\":\"https:\\\/\\\/www.bellunopress.it\\\/wp-content\\\/uploads\\\/2011\\\/05\\\/cropped-logo-bellunopress-.jpg\",\"contentUrl\":\"https:\\\/\\\/www.bellunopress.it\\\/wp-content\\\/uploads\\\/2011\\\/05\\\/cropped-logo-bellunopress-.jpg\",\"width\":512,\"height\":512,\"caption\":\"Bellunopress\"},\"image\":{\"@id\":\"https:\\\/\\\/www.bellunopress.it\\\/#\\\/schema\\\/logo\\\/image\\\/\"},\"sameAs\":[\"https:\\\/\\\/www.facebook.com\\\/profile.php?id=100008943462799\",\"https:\\\/\\\/x.com\\\/bellunopress\",\"https:\\\/\\\/www.linkedin.com\\\/hp\\\/?dnr=JBzUWaJfMUw8vbXJJ2tVW5-I3jZKvC4wsoxE&amp;amp;amp;amp;amp;amp;trk=nav_responsive_tab_home\",\"https:\\\/\\\/www.youtube.com\\\/channel\\\/UCxL0wu1uN0_3_7hGG0306cw\"]},{\"@type\":\"Person\",\"@id\":\"https:\\\/\\\/www.bellunopress.it\\\/#\\\/schema\\\/person\\\/79bb06722b37ece1c03d3e94beb30d73\",\"name\":\"redazione\",\"image\":{\"@type\":\"ImageObject\",\"inLanguage\":\"fr-FR\",\"@id\":\"https:\\\/\\\/secure.gravatar.com\\\/avatar\\\/37d968a2e67a6fd04c169c4bdef102d0bc5d31b2546345219e348575eb80e9a0?s=96&d=mm&r=g\",\"url\":\"https:\\\/\\\/secure.gravatar.com\\\/avatar\\\/37d968a2e67a6fd04c169c4bdef102d0bc5d31b2546345219e348575eb80e9a0?s=96&d=mm&r=g\",\"contentUrl\":\"https:\\\/\\\/secure.gravatar.com\\\/avatar\\\/37d968a2e67a6fd04c169c4bdef102d0bc5d31b2546345219e348575eb80e9a0?s=96&d=mm&r=g\",\"caption\":\"redazione\"},\"sameAs\":[\"http:\\\/\\\/www.bellunopress.it\",\"https:\\\/\\\/x.com\\\/bellunopress\"],\"url\":\"https:\\\/\\\/www.bellunopress.it\\\/fr\\\/author\\\/redazione\\\/\"}]}<\/script>\n<!-- \/ Yoast SEO plugin. -->","yoast_head_json":{"title":"Coppa delle Alpi 2024, oggi la tappa pi\u00f9 lunga di 390 Km da St. Moritz fino a Gstaad - Bellunopress - Dolomiti","robots":{"index":"index","follow":"follow","max-snippet":"max-snippet:-1","max-image-preview":"max-image-preview:large","max-video-preview":"max-video-preview:-1"},"canonical":"https:\/\/www.bellunopress.it\/fr\/2024\/05\/02\/coppa-delle-alpi-2024-oggi-la-tappa-piu-lunga-di-390-km-da-st-moritz-fino-a-gstaad\/","og_locale":"fr_FR","og_type":"article","og_title":"Coppa delle Alpi 2024, oggi la tappa pi\u00f9 lunga di 390 Km da St. Moritz fino a Gstaad - Bellunopress - Dolomiti","og_description":"La terza giornata di gara ha confermato Stefano Ginesi e Susanna Rohr in testa alla classifica con la loro Fiat 508 S Balilla Coppa D del 1934. Continuano a battersi per la vittoria Michel Decremer e Marie Mertens con la loro Aston Martin Db2 del 1951, mentre cambia ancora il l&#8217;equipaggio sul terzo gradino del [&hellip;]","og_url":"https:\/\/www.bellunopress.it\/fr\/2024\/05\/02\/coppa-delle-alpi-2024-oggi-la-tappa-piu-lunga-di-390-km-da-st-moritz-fino-a-gstaad\/","og_site_name":"Bellunopress - Dolomiti","article_publisher":"https:\/\/www.facebook.com\/profile.php?id=100008943462799","article_published_time":"2024-05-02T05:16:10+00:00","og_image":[{"width":537,"height":463,"url":"https:\/\/www.bellunopress.it\/wp-content\/uploads\/2024\/03\/Coppa-delle-Alpi.jpg","type":"image\/jpeg"}],"author":"redazione","twitter_card":"summary_large_image","twitter_creator":"@bellunopress","twitter_site":"@bellunopress","twitter_misc":{"\u00c9crit par":"redazione","Dur\u00e9e de lecture estim\u00e9e":"2 minutes"},"schema":{"@context":"https:\/\/schema.org","@graph":[{"@type":"Article","@id":"https:\/\/www.bellunopress.it\/2024\/05\/02\/coppa-delle-alpi-2024-oggi-la-tappa-piu-lunga-di-390-km-da-st-moritz-fino-a-gstaad\/#article","isPartOf":{"@id":"https:\/\/www.bellunopress.it\/2024\/05\/02\/coppa-delle-alpi-2024-oggi-la-tappa-piu-lunga-di-390-km-da-st-moritz-fino-a-gstaad\/"},"author":{"name":"redazione","@id":"https:\/\/www.bellunopress.it\/#\/schema\/person\/79bb06722b37ece1c03d3e94beb30d73"},"headline":"Coppa delle Alpi 2024, oggi la tappa pi\u00f9 lunga di 390 Km da St. Moritz fino a Gstaad","datePublished":"2024-05-02T05:16:10+00:00","mainEntityOfPage":{"@id":"https:\/\/www.bellunopress.it\/2024\/05\/02\/coppa-delle-alpi-2024-oggi-la-tappa-piu-lunga-di-390-km-da-st-moritz-fino-a-gstaad\/"},"wordCount":425,"publisher":{"@id":"https:\/\/www.bellunopress.it\/#organization"},"image":{"@id":"https:\/\/www.bellunopress.it\/2024\/05\/02\/coppa-delle-alpi-2024-oggi-la-tappa-piu-lunga-di-390-km-da-st-moritz-fino-a-gstaad\/#primaryimage"},"thumbnailUrl":"https:\/\/www.bellunopress.it\/wp-content\/uploads\/2024\/03\/Coppa-delle-Alpi.jpg","articleSection":["Sport, tempo libero"],"inLanguage":"fr-FR"},{"@type":"WebPage","@id":"https:\/\/www.bellunopress.it\/2024\/05\/02\/coppa-delle-alpi-2024-oggi-la-tappa-piu-lunga-di-390-km-da-st-moritz-fino-a-gstaad\/","url":"https:\/\/www.bellunopress.it\/2024\/05\/02\/coppa-delle-alpi-2024-oggi-la-tappa-piu-lunga-di-390-km-da-st-moritz-fino-a-gstaad\/","name":"Coppa delle Alpi 2024, oggi la tappa pi\u00f9 lunga di 390 Km da St. Moritz fino a Gstaad - Bellunopress - Dolomiti","isPartOf":{"@id":"https:\/\/www.bellunopress.it\/#website"},"primaryImageOfPage":{"@id":"https:\/\/www.bellunopress.it\/2024\/05\/02\/coppa-delle-alpi-2024-oggi-la-tappa-piu-lunga-di-390-km-da-st-moritz-fino-a-gstaad\/#primaryimage"},"image":{"@id":"https:\/\/www.bellunopress.it\/2024\/05\/02\/coppa-delle-alpi-2024-oggi-la-tappa-piu-lunga-di-390-km-da-st-moritz-fino-a-gstaad\/#primaryimage"},"thumbnailUrl":"https:\/\/www.bellunopress.it\/wp-content\/uploads\/2024\/03\/Coppa-delle-Alpi.jpg","datePublished":"2024-05-02T05:16:10+00:00","breadcrumb":{"@id":"https:\/\/www.bellunopress.it\/2024\/05\/02\/coppa-delle-alpi-2024-oggi-la-tappa-piu-lunga-di-390-km-da-st-moritz-fino-a-gstaad\/#breadcrumb"},"inLanguage":"fr-FR","potentialAction":[{"@type":"ReadAction","target":["https:\/\/www.bellunopress.it\/2024\/05\/02\/coppa-delle-alpi-2024-oggi-la-tappa-piu-lunga-di-390-km-da-st-moritz-fino-a-gstaad\/"]}]},{"@type":"ImageObject","inLanguage":"fr-FR","@id":"https:\/\/www.bellunopress.it\/2024\/05\/02\/coppa-delle-alpi-2024-oggi-la-tappa-piu-lunga-di-390-km-da-st-moritz-fino-a-gstaad\/#primaryimage","url":"https:\/\/www.bellunopress.it\/wp-content\/uploads\/2024\/03\/Coppa-delle-Alpi.jpg","contentUrl":"https:\/\/www.bellunopress.it\/wp-content\/uploads\/2024\/03\/Coppa-delle-Alpi.jpg","width":537,"height":463},{"@type":"BreadcrumbList","@id":"https:\/\/www.bellunopress.it\/2024\/05\/02\/coppa-delle-alpi-2024-oggi-la-tappa-piu-lunga-di-390-km-da-st-moritz-fino-a-gstaad\/#breadcrumb","itemListElement":[{"@type":"ListItem","position":1,"name":"Home","item":"https:\/\/www.bellunopress.it\/"},{"@type":"ListItem","position":2,"name":"Coppa delle Alpi 2024, oggi la tappa pi\u00f9 lunga di 390 Km da St. Moritz fino a Gstaad"}]},{"@type":"WebSite","@id":"https:\/\/www.bellunopress.it\/#website","url":"https:\/\/www.bellunopress.it\/","name":"Bellunopress - Dolomiti","description":"e-mail: redazione@bellunopress.it","publisher":{"@id":"https:\/\/www.bellunopress.it\/#organization"},"potentialAction":[{"@type":"SearchAction","target":{"@type":"EntryPoint","urlTemplate":"https:\/\/www.bellunopress.it\/?s={search_term_string}"},"query-input":{"@type":"PropertyValueSpecification","valueRequired":true,"valueName":"search_term_string"}}],"inLanguage":"fr-FR"},{"@type":"Organization","@id":"https:\/\/www.bellunopress.it\/#organization","name":"Bellunopress","url":"https:\/\/www.bellunopress.it\/","logo":{"@type":"ImageObject","inLanguage":"fr-FR","@id":"https:\/\/www.bellunopress.it\/#\/schema\/logo\/image\/","url":"https:\/\/www.bellunopress.it\/wp-content\/uploads\/2011\/05\/cropped-logo-bellunopress-.jpg","contentUrl":"https:\/\/www.bellunopress.it\/wp-content\/uploads\/2011\/05\/cropped-logo-bellunopress-.jpg","width":512,"height":512,"caption":"Bellunopress"},"image":{"@id":"https:\/\/www.bellunopress.it\/#\/schema\/logo\/image\/"},"sameAs":["https:\/\/www.facebook.com\/profile.php?id=100008943462799","https:\/\/x.com\/bellunopress","https:\/\/www.linkedin.com\/hp\/?dnr=JBzUWaJfMUw8vbXJJ2tVW5-I3jZKvC4wsoxE&amp;amp;amp;amp;amp;amp;trk=nav_responsive_tab_home","https:\/\/www.youtube.com\/channel\/UCxL0wu1uN0_3_7hGG0306cw"]},{"@type":"Person","@id":"https:\/\/www.bellunopress.it\/#\/schema\/person\/79bb06722b37ece1c03d3e94beb30d73","name":"r\u00e9daction","image":{"@type":"ImageObject","inLanguage":"fr-FR","@id":"https:\/\/secure.gravatar.com\/avatar\/37d968a2e67a6fd04c169c4bdef102d0bc5d31b2546345219e348575eb80e9a0?s=96&d=mm&r=g","url":"https:\/\/secure.gravatar.com\/avatar\/37d968a2e67a6fd04c169c4bdef102d0bc5d31b2546345219e348575eb80e9a0?s=96&d=mm&r=g","contentUrl":"https:\/\/secure.gravatar.com\/avatar\/37d968a2e67a6fd04c169c4bdef102d0bc5d31b2546345219e348575eb80e9a0?s=96&d=mm&r=g","caption":"redazione"},"sameAs":["http:\/\/www.bellunopress.it","https:\/\/x.com\/bellunopress"],"url":"https:\/\/www.bellunopress.it\/fr\/author\/redazione\/"}]}},"_links":{"self":[{"href":"https:\/\/www.bellunopress.it\/fr\/wp-json\/wp\/v2\/posts\/150420","targetHints":{"allow":["GET"]}}],"collection":[{"href":"https:\/\/www.bellunopress.it\/fr\/wp-json\/wp\/v2\/posts"}],"about":[{"href":"https:\/\/www.bellunopress.it\/fr\/wp-json\/wp\/v2\/types\/post"}],"author":[{"embeddable":true,"href":"https:\/\/www.bellunopress.it\/fr\/wp-json\/wp\/v2\/users\/2"}],"replies":[{"embeddable":true,"href":"https:\/\/www.bellunopress.it\/fr\/wp-json\/wp\/v2\/comments?post=150420"}],"version-history":[{"count":1,"href":"https:\/\/www.bellunopress.it\/fr\/wp-json\/wp\/v2\/posts\/150420\/revisions"}],"predecessor-version":[{"id":150421,"href":"https:\/\/www.bellunopress.it\/fr\/wp-json\/wp\/v2\/posts\/150420\/revisions\/150421"}],"wp:featuredmedia":[{"embeddable":true,"href":"https:\/\/www.bellunopress.it\/fr\/wp-json\/wp\/v2\/media\/148819"}],"wp:attachment":[{"href":"https:\/\/www.bellunopress.it\/fr\/wp-json\/wp\/v2\/media?parent=150420"}],"wp:term":[{"taxonomy":"category","embeddable":true,"href":"https:\/\/www.bellunopress.it\/fr\/wp-json\/wp\/v2\/categories?post=150420"},{"taxonomy":"post_tag","embeddable":true,"href":"https:\/\/www.bellunopress.it\/fr\/wp-json\/wp\/v2\/tags?post=150420"}],"curies":[{"name":"wp","href":"https:\/\/api.w.org\/{rel}","templated":true}]}}