{"id":150418,"date":"2024-05-02T07:12:55","date_gmt":"2024-05-02T05:12:55","guid":{"rendered":"https:\/\/www.bellunopress.it\/?p=150418"},"modified":"2024-05-02T07:12:55","modified_gmt":"2024-05-02T05:12:55","slug":"belluno-volley-batte-fano-si-va-alla-bella","status":"publish","type":"post","link":"https:\/\/www.bellunopress.it\/fr\/2024\/05\/02\/belluno-volley-batte-fano-si-va-alla-bella\/","title":{"rendered":"Belluno Volley batte Fano, si va alla &#8220;bella&#8221;"},"content":{"rendered":"<figure id=\"attachment_150150\" aria-describedby=\"caption-attachment-150150\" style=\"width: 1000px\" class=\"wp-caption alignleft\"><img loading=\"lazy\" decoding=\"async\" class=\"size-full wp-image-150150\" src=\"https:\/\/www.bellunopress.it\/wp-content\/uploads\/2024\/04\/Belluno-Volley-Ferrato_alza_per_Mozzato_edited.jpg\" alt=\"\" width=\"1000\" height=\"583\" srcset=\"https:\/\/www.bellunopress.it\/wp-content\/uploads\/2024\/04\/Belluno-Volley-Ferrato_alza_per_Mozzato_edited.jpg 1000w, https:\/\/www.bellunopress.it\/wp-content\/uploads\/2024\/04\/Belluno-Volley-Ferrato_alza_per_Mozzato_edited-500x292.jpg 500w, https:\/\/www.bellunopress.it\/wp-content\/uploads\/2024\/04\/Belluno-Volley-Ferrato_alza_per_Mozzato_edited-720x420.jpg 720w, https:\/\/www.bellunopress.it\/wp-content\/uploads\/2024\/04\/Belluno-Volley-Ferrato_alza_per_Mozzato_edited-696x406.jpg 696w\" sizes=\"auto, (max-width: 1000px) 100vw, 1000px\" \/><figcaption id=\"caption-attachment-150150\" class=\"wp-caption-text\">Belluno Volley: Ferrato alza per Mozzato<\/figcaption><\/figure>\n<p>Il Belluno Volley allunga la serie: tutto si decider\u00e0 a Fano<\/p>\n<p>BELLUNO VOLLEY-SMARTSYSTEM FANO 3-1<\/p>\n<p>PARZIALI: 23-25, 25-16, 25-22, 25-18.<\/p>\n<p>BELLUNO VOLLEY: Ferrato 2, Bisi 12, Schiro 17, Bucko 10, Mozzato 3, Antonaci 9; G. Martinez (L), Reyes, I. Martinez, Stufano 2. N.e. Orto, Guolla, De Col, Fraccaro (L). Allenatore: G. Colussi.<\/p>\n<p>SMARTSYSTEM FANO: Dimitrov 13, Roberti 11, Galdenzi 5, Merlo 14, Partenio, Maletto 2; Raffa (L), Mazzon 1, Margutti 2, Focosi 2. N.e. Magnanelli. Allenatore: V. Mastrangelo.<\/p>\n<p>ARBITRI: Giorgia Spinnicchia di Catania e Sergio Jacobacci di Bergamo.<\/p>\n<p>NOTE. Spettatori: 1000 circa. Durata set: 33&#8242;, 26&#8242;, 31&#8242;, 32&#8242;. totale: 2h02&#8242;. Belluno: battute sbagliate 18, vincenti 5, muri 7. Fano: b.s. 23, v. 1, m. 1.<\/p>\n<p>Il Belluno Volley rimane aggrappato alla serie di semifinale e supera la Smartsystem Fano, in un secondo atto radicalmente diverso rispetto al primo. Spinti da un pubblico encomiabile, i rinoceronti alzano il livello in termini di intensit\u00e0 e qualit\u00e0 in ogni fondamentale. E, nonostante la falsa partenza, mettono all&#8217;angolo una signora squadra come la Virtus, grazie a un Andrea Schiro da 17 punti, e a tratti inarrestabile, a un Antonaci presentissimo al centro (3 muri), a un Ferrato ispiratissimo e, in generale, a una prova corale di spessore. Insomma, i bellunesi ci credono. E trovano le energie fisiche e mentali per rimettere tutto in discussione e proiettarsi verso gara 3: la &#8220;bella&#8221;, che metter\u00e0 in palio la finalissima dei playoff di A3 contro il Personal Time San Don\u00e0.<\/p>\n<p>CONTRATTI &#8211; I padroni di casa partono contratti. E si ritrovano subito sotto 6-2, in seguito al muro di Galdenzi. Schiro, in battuta, prova a far sentire il fiato sul collo alla Virtus (11-13) e Bucko, con un contrattacco, timbra il -1. Ma la Smartsystem \u00e8 magistrale nella gestione dei vantaggi. E tiene i rinoceronti a debita distanza, sfruttando l&#8217;asse Dimitrov-Merlo: 10 punti in coppia. I biancobl\u00f9 annullano il primo e secondo set-ball, non il terzo: 23-25.<\/p>\n<p>SENTENZA &#8211; Al cambio di campo, per\u00f2, va in scena un altro film: il Belluno Volley acquisisce fiducia, gioca in maniera pi\u00f9 sciolta e leggera. E poi il servizio &#8220;entra&#8221;. Eccome se entra: in particolare quello di capitan Bisi, la cui serie dai nove metri \u00e8 semplicemente irresistibile. Cos\u00ec, in un lampo, Fano \u00e8 pi\u00f9 che doppiata. Anche perch\u00e9, al bottino di punti, contribuisce pure Ferrato, con un secondo tocco e un muro da urlo: il 14-6 ha il sapore della sentenza. Ed \u00e8 un fattore pure Antonaci: 4 punti.<\/p>\n<p>BAZOOKA &#8211; Tutto in equilibrio, ma i marchigiani reagiscono nel terzo round. E tentano la fuga: 10-13. Un problema? No, perch\u00e9 i bellunesi non arretrano di un centimetro. E hanno il merito di capitalizzare alcuni errorini nella met\u00e0 campo biancorossa: nello specifico, tre in fila, che valgono il sorpasso (15-14). Ferrato con un servizio vincente e Bucko, con il suo bazooka mancino, allungano. E Schiro manda definitivamente in visibilio un&#8217;Arena in ebollizione.<\/p>\n<p>PENNELLATA &#8211; Il Belluno Volley \u00e8 perfettamente consapevole di non poter calare di un grammo l&#8217;intensit\u00e0. E approccia il quarto atto allo stesso modo del terzo. Anzi, se possibile con ancor pi\u00f9 cattiveria agonistica. Se poi Schiro va a segno perfino una pennellata di sinistro, allora \u00e8 evidente: \u00e8 la serata dei rinoceronti. La Virtus prova a rientrare, ma risalire da uno svantaggio di 14-5 equivale a scalare l&#8217;Everest. I padroni di casa difendono il fortino: si torna nelle Marche per gara 3.<\/p>\n<p>L&#8217;ANALISI &#8211; \u00ab\u00c8 la fase pi\u00f9 bella della stagione, non potevamo mollare &#8211; analizza coach Gian Luca Colussi -. Siamo contenti di questa vittoria: il primo set superlativo da parte loro poteva minare le nostre certezze, ma cos\u00ec non \u00e8 stato. Siamo contenti, strappare tre set consecutivi a una grande squadra come Fano non era facile. Ci meritiamo la &#8220;bella&#8221;. E ce la giocheremo\u00bb.<\/p>","protected":false},"excerpt":{"rendered":"<p>Il Belluno Volley allunga la serie: tutto si decider\u00e0 a Fano BELLUNO VOLLEY-SMARTSYSTEM FANO 3-1 PARZIALI: 23-25, 25-16, 25-22, 25-18. BELLUNO VOLLEY: Ferrato 2, Bisi 12, Schiro 17, Bucko 10, Mozzato 3, Antonaci 9; G. Martinez (L), Reyes, I. Martinez, Stufano 2. N.e. Orto, Guolla, De Col, Fraccaro (L). Allenatore: G. Colussi. SMARTSYSTEM FANO: Dimitrov [&hellip;]<\/p>\n","protected":false},"author":2,"featured_media":150150,"comment_status":"closed","ping_status":"open","sticky":false,"template":"","format":"standard","meta":{"footnotes":""},"categories":[4],"tags":[],"class_list":["post-150418","post","type-post","status-publish","format-standard","has-post-thumbnail","category-sport"],"yoast_head":"<!-- This site is optimized with the Yoast SEO plugin v28.4 - https:\/\/yoast.com\/product\/yoast-seo-wordpress\/ -->\n<title>Belluno Volley batte Fano, si va alla &quot;bella&quot; - Bellunopress - Dolomiti<\/title>\n<meta name=\"robots\" content=\"index, follow, max-snippet:-1, max-image-preview:large, max-video-preview:-1\" \/>\n<link rel=\"canonical\" href=\"https:\/\/www.bellunopress.it\/fr\/2024\/05\/02\/belluno-volley-batte-fano-si-va-alla-bella\/\" \/>\n<meta property=\"og:locale\" content=\"fr_FR\" \/>\n<meta property=\"og:type\" content=\"article\" \/>\n<meta property=\"og:title\" content=\"Belluno Volley batte Fano, si va alla &quot;bella&quot; - Bellunopress - Dolomiti\" \/>\n<meta property=\"og:description\" content=\"Il Belluno Volley allunga la serie: tutto si decider\u00e0 a Fano BELLUNO VOLLEY-SMARTSYSTEM FANO 3-1 PARZIALI: 23-25, 25-16, 25-22, 25-18. BELLUNO VOLLEY: Ferrato 2, Bisi 12, Schiro 17, Bucko 10, Mozzato 3, Antonaci 9; G. Martinez (L), Reyes, I. Martinez, Stufano 2. N.e. Orto, Guolla, De Col, Fraccaro (L). Allenatore: G. Colussi. SMARTSYSTEM FANO: Dimitrov [&hellip;]\" \/>\n<meta property=\"og:url\" content=\"https:\/\/www.bellunopress.it\/fr\/2024\/05\/02\/belluno-volley-batte-fano-si-va-alla-bella\/\" \/>\n<meta property=\"og:site_name\" content=\"Bellunopress - Dolomiti\" \/>\n<meta property=\"article:publisher\" content=\"https:\/\/www.facebook.com\/profile.php?id=100008943462799\" \/>\n<meta property=\"article:published_time\" content=\"2024-05-02T05:12:55+00:00\" \/>\n<meta property=\"og:image\" content=\"https:\/\/www.bellunopress.it\/wp-content\/uploads\/2024\/04\/Belluno-Volley-Ferrato_alza_per_Mozzato_edited.jpg\" \/>\n\t<meta property=\"og:image:width\" content=\"1000\" \/>\n\t<meta property=\"og:image:height\" content=\"583\" \/>\n\t<meta property=\"og:image:type\" content=\"image\/jpeg\" \/>\n<meta name=\"author\" content=\"redazione\" \/>\n<meta name=\"twitter:card\" content=\"summary_large_image\" \/>\n<meta name=\"twitter:creator\" content=\"@bellunopress\" \/>\n<meta name=\"twitter:site\" content=\"@bellunopress\" \/>\n<meta name=\"twitter:label1\" content=\"Written by\" \/>\n\t<meta name=\"twitter:data1\" content=\"redazione\" \/>\n\t<meta name=\"twitter:label2\" content=\"Est. reading time\" \/>\n\t<meta name=\"twitter:data2\" content=\"3 minutes\" \/>\n<script type=\"application\/ld+json\" class=\"yoast-schema-graph\">{\"@context\":\"https:\\\/\\\/schema.org\",\"@graph\":[{\"@type\":\"Article\",\"@id\":\"https:\\\/\\\/www.bellunopress.it\\\/2024\\\/05\\\/02\\\/belluno-volley-batte-fano-si-va-alla-bella\\\/#article\",\"isPartOf\":{\"@id\":\"https:\\\/\\\/www.bellunopress.it\\\/2024\\\/05\\\/02\\\/belluno-volley-batte-fano-si-va-alla-bella\\\/\"},\"author\":{\"name\":\"redazione\",\"@id\":\"https:\\\/\\\/www.bellunopress.it\\\/#\\\/schema\\\/person\\\/79bb06722b37ece1c03d3e94beb30d73\"},\"headline\":\"Belluno Volley batte Fano, si va alla &#8220;bella&#8221;\",\"datePublished\":\"2024-05-02T05:12:55+00:00\",\"mainEntityOfPage\":{\"@id\":\"https:\\\/\\\/www.bellunopress.it\\\/2024\\\/05\\\/02\\\/belluno-volley-batte-fano-si-va-alla-bella\\\/\"},\"wordCount\":618,\"publisher\":{\"@id\":\"https:\\\/\\\/www.bellunopress.it\\\/#organization\"},\"image\":{\"@id\":\"https:\\\/\\\/www.bellunopress.it\\\/2024\\\/05\\\/02\\\/belluno-volley-batte-fano-si-va-alla-bella\\\/#primaryimage\"},\"thumbnailUrl\":\"https:\\\/\\\/www.bellunopress.it\\\/wp-content\\\/uploads\\\/2024\\\/04\\\/Belluno-Volley-Ferrato_alza_per_Mozzato_edited.jpg\",\"articleSection\":[\"Sport, tempo libero\"],\"inLanguage\":\"fr-FR\"},{\"@type\":\"WebPage\",\"@id\":\"https:\\\/\\\/www.bellunopress.it\\\/2024\\\/05\\\/02\\\/belluno-volley-batte-fano-si-va-alla-bella\\\/\",\"url\":\"https:\\\/\\\/www.bellunopress.it\\\/2024\\\/05\\\/02\\\/belluno-volley-batte-fano-si-va-alla-bella\\\/\",\"name\":\"Belluno Volley batte Fano, si va alla \\\"bella\\\" - Bellunopress - Dolomiti\",\"isPartOf\":{\"@id\":\"https:\\\/\\\/www.bellunopress.it\\\/#website\"},\"primaryImageOfPage\":{\"@id\":\"https:\\\/\\\/www.bellunopress.it\\\/2024\\\/05\\\/02\\\/belluno-volley-batte-fano-si-va-alla-bella\\\/#primaryimage\"},\"image\":{\"@id\":\"https:\\\/\\\/www.bellunopress.it\\\/2024\\\/05\\\/02\\\/belluno-volley-batte-fano-si-va-alla-bella\\\/#primaryimage\"},\"thumbnailUrl\":\"https:\\\/\\\/www.bellunopress.it\\\/wp-content\\\/uploads\\\/2024\\\/04\\\/Belluno-Volley-Ferrato_alza_per_Mozzato_edited.jpg\",\"datePublished\":\"2024-05-02T05:12:55+00:00\",\"breadcrumb\":{\"@id\":\"https:\\\/\\\/www.bellunopress.it\\\/2024\\\/05\\\/02\\\/belluno-volley-batte-fano-si-va-alla-bella\\\/#breadcrumb\"},\"inLanguage\":\"fr-FR\",\"potentialAction\":[{\"@type\":\"ReadAction\",\"target\":[\"https:\\\/\\\/www.bellunopress.it\\\/2024\\\/05\\\/02\\\/belluno-volley-batte-fano-si-va-alla-bella\\\/\"]}]},{\"@type\":\"ImageObject\",\"inLanguage\":\"fr-FR\",\"@id\":\"https:\\\/\\\/www.bellunopress.it\\\/2024\\\/05\\\/02\\\/belluno-volley-batte-fano-si-va-alla-bella\\\/#primaryimage\",\"url\":\"https:\\\/\\\/www.bellunopress.it\\\/wp-content\\\/uploads\\\/2024\\\/04\\\/Belluno-Volley-Ferrato_alza_per_Mozzato_edited.jpg\",\"contentUrl\":\"https:\\\/\\\/www.bellunopress.it\\\/wp-content\\\/uploads\\\/2024\\\/04\\\/Belluno-Volley-Ferrato_alza_per_Mozzato_edited.jpg\",\"width\":1000,\"height\":583,\"caption\":\"Belluno Volley: Ferrato alza per Mozzato\"},{\"@type\":\"BreadcrumbList\",\"@id\":\"https:\\\/\\\/www.bellunopress.it\\\/2024\\\/05\\\/02\\\/belluno-volley-batte-fano-si-va-alla-bella\\\/#breadcrumb\",\"itemListElement\":[{\"@type\":\"ListItem\",\"position\":1,\"name\":\"Home\",\"item\":\"https:\\\/\\\/www.bellunopress.it\\\/\"},{\"@type\":\"ListItem\",\"position\":2,\"name\":\"Belluno Volley batte Fano, si va alla &#8220;bella&#8221;\"}]},{\"@type\":\"WebSite\",\"@id\":\"https:\\\/\\\/www.bellunopress.it\\\/#website\",\"url\":\"https:\\\/\\\/www.bellunopress.it\\\/\",\"name\":\"Bellunopress - Dolomiti\",\"description\":\"e-mail: redazione@bellunopress.it\",\"publisher\":{\"@id\":\"https:\\\/\\\/www.bellunopress.it\\\/#organization\"},\"potentialAction\":[{\"@type\":\"SearchAction\",\"target\":{\"@type\":\"EntryPoint\",\"urlTemplate\":\"https:\\\/\\\/www.bellunopress.it\\\/?s={search_term_string}\"},\"query-input\":{\"@type\":\"PropertyValueSpecification\",\"valueRequired\":true,\"valueName\":\"search_term_string\"}}],\"inLanguage\":\"fr-FR\"},{\"@type\":\"Organization\",\"@id\":\"https:\\\/\\\/www.bellunopress.it\\\/#organization\",\"name\":\"Bellunopress\",\"url\":\"https:\\\/\\\/www.bellunopress.it\\\/\",\"logo\":{\"@type\":\"ImageObject\",\"inLanguage\":\"fr-FR\",\"@id\":\"https:\\\/\\\/www.bellunopress.it\\\/#\\\/schema\\\/logo\\\/image\\\/\",\"url\":\"https:\\\/\\\/www.bellunopress.it\\\/wp-content\\\/uploads\\\/2011\\\/05\\\/cropped-logo-bellunopress-.jpg\",\"contentUrl\":\"https:\\\/\\\/www.bellunopress.it\\\/wp-content\\\/uploads\\\/2011\\\/05\\\/cropped-logo-bellunopress-.jpg\",\"width\":512,\"height\":512,\"caption\":\"Bellunopress\"},\"image\":{\"@id\":\"https:\\\/\\\/www.bellunopress.it\\\/#\\\/schema\\\/logo\\\/image\\\/\"},\"sameAs\":[\"https:\\\/\\\/www.facebook.com\\\/profile.php?id=100008943462799\",\"https:\\\/\\\/x.com\\\/bellunopress\",\"https:\\\/\\\/www.linkedin.com\\\/hp\\\/?dnr=JBzUWaJfMUw8vbXJJ2tVW5-I3jZKvC4wsoxE&amp;amp;amp;amp;amp;amp;trk=nav_responsive_tab_home\",\"https:\\\/\\\/www.youtube.com\\\/channel\\\/UCxL0wu1uN0_3_7hGG0306cw\"]},{\"@type\":\"Person\",\"@id\":\"https:\\\/\\\/www.bellunopress.it\\\/#\\\/schema\\\/person\\\/79bb06722b37ece1c03d3e94beb30d73\",\"name\":\"redazione\",\"image\":{\"@type\":\"ImageObject\",\"inLanguage\":\"fr-FR\",\"@id\":\"https:\\\/\\\/secure.gravatar.com\\\/avatar\\\/37d968a2e67a6fd04c169c4bdef102d0bc5d31b2546345219e348575eb80e9a0?s=96&d=mm&r=g\",\"url\":\"https:\\\/\\\/secure.gravatar.com\\\/avatar\\\/37d968a2e67a6fd04c169c4bdef102d0bc5d31b2546345219e348575eb80e9a0?s=96&d=mm&r=g\",\"contentUrl\":\"https:\\\/\\\/secure.gravatar.com\\\/avatar\\\/37d968a2e67a6fd04c169c4bdef102d0bc5d31b2546345219e348575eb80e9a0?s=96&d=mm&r=g\",\"caption\":\"redazione\"},\"sameAs\":[\"http:\\\/\\\/www.bellunopress.it\",\"https:\\\/\\\/x.com\\\/bellunopress\"],\"url\":\"https:\\\/\\\/www.bellunopress.it\\\/fr\\\/author\\\/redazione\\\/\"}]}<\/script>\n<!-- \/ Yoast SEO plugin. -->","yoast_head_json":{"title":"Belluno Volley batte Fano, si va alla \"bella\" - Bellunopress - Dolomiti","robots":{"index":"index","follow":"follow","max-snippet":"max-snippet:-1","max-image-preview":"max-image-preview:large","max-video-preview":"max-video-preview:-1"},"canonical":"https:\/\/www.bellunopress.it\/fr\/2024\/05\/02\/belluno-volley-batte-fano-si-va-alla-bella\/","og_locale":"fr_FR","og_type":"article","og_title":"Belluno Volley batte Fano, si va alla \"bella\" - Bellunopress - Dolomiti","og_description":"Il Belluno Volley allunga la serie: tutto si decider\u00e0 a Fano BELLUNO VOLLEY-SMARTSYSTEM FANO 3-1 PARZIALI: 23-25, 25-16, 25-22, 25-18. BELLUNO VOLLEY: Ferrato 2, Bisi 12, Schiro 17, Bucko 10, Mozzato 3, Antonaci 9; G. Martinez (L), Reyes, I. Martinez, Stufano 2. N.e. Orto, Guolla, De Col, Fraccaro (L). Allenatore: G. Colussi. SMARTSYSTEM FANO: Dimitrov [&hellip;]","og_url":"https:\/\/www.bellunopress.it\/fr\/2024\/05\/02\/belluno-volley-batte-fano-si-va-alla-bella\/","og_site_name":"Bellunopress - Dolomiti","article_publisher":"https:\/\/www.facebook.com\/profile.php?id=100008943462799","article_published_time":"2024-05-02T05:12:55+00:00","og_image":[{"width":1000,"height":583,"url":"https:\/\/www.bellunopress.it\/wp-content\/uploads\/2024\/04\/Belluno-Volley-Ferrato_alza_per_Mozzato_edited.jpg","type":"image\/jpeg"}],"author":"redazione","twitter_card":"summary_large_image","twitter_creator":"@bellunopress","twitter_site":"@bellunopress","twitter_misc":{"Written by":"redazione","Est. reading time":"3 minutes"},"schema":{"@context":"https:\/\/schema.org","@graph":[{"@type":"Article","@id":"https:\/\/www.bellunopress.it\/2024\/05\/02\/belluno-volley-batte-fano-si-va-alla-bella\/#article","isPartOf":{"@id":"https:\/\/www.bellunopress.it\/2024\/05\/02\/belluno-volley-batte-fano-si-va-alla-bella\/"},"author":{"name":"redazione","@id":"https:\/\/www.bellunopress.it\/#\/schema\/person\/79bb06722b37ece1c03d3e94beb30d73"},"headline":"Belluno Volley batte Fano, si va alla &#8220;bella&#8221;","datePublished":"2024-05-02T05:12:55+00:00","mainEntityOfPage":{"@id":"https:\/\/www.bellunopress.it\/2024\/05\/02\/belluno-volley-batte-fano-si-va-alla-bella\/"},"wordCount":618,"publisher":{"@id":"https:\/\/www.bellunopress.it\/#organization"},"image":{"@id":"https:\/\/www.bellunopress.it\/2024\/05\/02\/belluno-volley-batte-fano-si-va-alla-bella\/#primaryimage"},"thumbnailUrl":"https:\/\/www.bellunopress.it\/wp-content\/uploads\/2024\/04\/Belluno-Volley-Ferrato_alza_per_Mozzato_edited.jpg","articleSection":["Sport, tempo libero"],"inLanguage":"fr-FR"},{"@type":"WebPage","@id":"https:\/\/www.bellunopress.it\/2024\/05\/02\/belluno-volley-batte-fano-si-va-alla-bella\/","url":"https:\/\/www.bellunopress.it\/2024\/05\/02\/belluno-volley-batte-fano-si-va-alla-bella\/","name":"Belluno Volley batte Fano, si va alla \"bella\" - Bellunopress - Dolomiti","isPartOf":{"@id":"https:\/\/www.bellunopress.it\/#website"},"primaryImageOfPage":{"@id":"https:\/\/www.bellunopress.it\/2024\/05\/02\/belluno-volley-batte-fano-si-va-alla-bella\/#primaryimage"},"image":{"@id":"https:\/\/www.bellunopress.it\/2024\/05\/02\/belluno-volley-batte-fano-si-va-alla-bella\/#primaryimage"},"thumbnailUrl":"https:\/\/www.bellunopress.it\/wp-content\/uploads\/2024\/04\/Belluno-Volley-Ferrato_alza_per_Mozzato_edited.jpg","datePublished":"2024-05-02T05:12:55+00:00","breadcrumb":{"@id":"https:\/\/www.bellunopress.it\/2024\/05\/02\/belluno-volley-batte-fano-si-va-alla-bella\/#breadcrumb"},"inLanguage":"fr-FR","potentialAction":[{"@type":"ReadAction","target":["https:\/\/www.bellunopress.it\/2024\/05\/02\/belluno-volley-batte-fano-si-va-alla-bella\/"]}]},{"@type":"ImageObject","inLanguage":"fr-FR","@id":"https:\/\/www.bellunopress.it\/2024\/05\/02\/belluno-volley-batte-fano-si-va-alla-bella\/#primaryimage","url":"https:\/\/www.bellunopress.it\/wp-content\/uploads\/2024\/04\/Belluno-Volley-Ferrato_alza_per_Mozzato_edited.jpg","contentUrl":"https:\/\/www.bellunopress.it\/wp-content\/uploads\/2024\/04\/Belluno-Volley-Ferrato_alza_per_Mozzato_edited.jpg","width":1000,"height":583,"caption":"Belluno Volley: Ferrato alza per Mozzato"},{"@type":"BreadcrumbList","@id":"https:\/\/www.bellunopress.it\/2024\/05\/02\/belluno-volley-batte-fano-si-va-alla-bella\/#breadcrumb","itemListElement":[{"@type":"ListItem","position":1,"name":"Home","item":"https:\/\/www.bellunopress.it\/"},{"@type":"ListItem","position":2,"name":"Belluno Volley batte Fano, si va alla &#8220;bella&#8221;"}]},{"@type":"WebSite","@id":"https:\/\/www.bellunopress.it\/#website","url":"https:\/\/www.bellunopress.it\/","name":"Bellunopress - Dolomiti","description":"e-mail: redazione@bellunopress.it","publisher":{"@id":"https:\/\/www.bellunopress.it\/#organization"},"potentialAction":[{"@type":"SearchAction","target":{"@type":"EntryPoint","urlTemplate":"https:\/\/www.bellunopress.it\/?s={search_term_string}"},"query-input":{"@type":"PropertyValueSpecification","valueRequired":true,"valueName":"search_term_string"}}],"inLanguage":"fr-FR"},{"@type":"Organization","@id":"https:\/\/www.bellunopress.it\/#organization","name":"Bellunopress","url":"https:\/\/www.bellunopress.it\/","logo":{"@type":"ImageObject","inLanguage":"fr-FR","@id":"https:\/\/www.bellunopress.it\/#\/schema\/logo\/image\/","url":"https:\/\/www.bellunopress.it\/wp-content\/uploads\/2011\/05\/cropped-logo-bellunopress-.jpg","contentUrl":"https:\/\/www.bellunopress.it\/wp-content\/uploads\/2011\/05\/cropped-logo-bellunopress-.jpg","width":512,"height":512,"caption":"Bellunopress"},"image":{"@id":"https:\/\/www.bellunopress.it\/#\/schema\/logo\/image\/"},"sameAs":["https:\/\/www.facebook.com\/profile.php?id=100008943462799","https:\/\/x.com\/bellunopress","https:\/\/www.linkedin.com\/hp\/?dnr=JBzUWaJfMUw8vbXJJ2tVW5-I3jZKvC4wsoxE&amp;amp;amp;amp;amp;amp;trk=nav_responsive_tab_home","https:\/\/www.youtube.com\/channel\/UCxL0wu1uN0_3_7hGG0306cw"]},{"@type":"Person","@id":"https:\/\/www.bellunopress.it\/#\/schema\/person\/79bb06722b37ece1c03d3e94beb30d73","name":"r\u00e9daction","image":{"@type":"ImageObject","inLanguage":"fr-FR","@id":"https:\/\/secure.gravatar.com\/avatar\/37d968a2e67a6fd04c169c4bdef102d0bc5d31b2546345219e348575eb80e9a0?s=96&d=mm&r=g","url":"https:\/\/secure.gravatar.com\/avatar\/37d968a2e67a6fd04c169c4bdef102d0bc5d31b2546345219e348575eb80e9a0?s=96&d=mm&r=g","contentUrl":"https:\/\/secure.gravatar.com\/avatar\/37d968a2e67a6fd04c169c4bdef102d0bc5d31b2546345219e348575eb80e9a0?s=96&d=mm&r=g","caption":"redazione"},"sameAs":["http:\/\/www.bellunopress.it","https:\/\/x.com\/bellunopress"],"url":"https:\/\/www.bellunopress.it\/fr\/author\/redazione\/"}]}},"_links":{"self":[{"href":"https:\/\/www.bellunopress.it\/fr\/wp-json\/wp\/v2\/posts\/150418","targetHints":{"allow":["GET"]}}],"collection":[{"href":"https:\/\/www.bellunopress.it\/fr\/wp-json\/wp\/v2\/posts"}],"about":[{"href":"https:\/\/www.bellunopress.it\/fr\/wp-json\/wp\/v2\/types\/post"}],"author":[{"embeddable":true,"href":"https:\/\/www.bellunopress.it\/fr\/wp-json\/wp\/v2\/users\/2"}],"replies":[{"embeddable":true,"href":"https:\/\/www.bellunopress.it\/fr\/wp-json\/wp\/v2\/comments?post=150418"}],"version-history":[{"count":1,"href":"https:\/\/www.bellunopress.it\/fr\/wp-json\/wp\/v2\/posts\/150418\/revisions"}],"predecessor-version":[{"id":150419,"href":"https:\/\/www.bellunopress.it\/fr\/wp-json\/wp\/v2\/posts\/150418\/revisions\/150419"}],"wp:featuredmedia":[{"embeddable":true,"href":"https:\/\/www.bellunopress.it\/fr\/wp-json\/wp\/v2\/media\/150150"}],"wp:attachment":[{"href":"https:\/\/www.bellunopress.it\/fr\/wp-json\/wp\/v2\/media?parent=150418"}],"wp:term":[{"taxonomy":"category","embeddable":true,"href":"https:\/\/www.bellunopress.it\/fr\/wp-json\/wp\/v2\/categories?post=150418"},{"taxonomy":"post_tag","embeddable":true,"href":"https:\/\/www.bellunopress.it\/fr\/wp-json\/wp\/v2\/tags?post=150418"}],"curies":[{"name":"wp","href":"https:\/\/api.w.org\/{rel}","templated":true}]}}