{"id":150414,"date":"2024-05-01T19:52:55","date_gmt":"2024-05-01T17:52:55","guid":{"rendered":"https:\/\/www.bellunopress.it\/?p=150414"},"modified":"2024-05-01T19:52:55","modified_gmt":"2024-05-01T17:52:55","slug":"le-bugie-della-maggioranza-in-consiglio-comunale-di-davide-noro","status":"publish","type":"post","link":"https:\/\/www.bellunopress.it\/fr\/2024\/05\/01\/le-bugie-della-maggioranza-in-consiglio-comunale-di-davide-noro\/","title":{"rendered":"Le bugie della maggioranza in consiglio comunale  * di Davide Noro"},"content":{"rendered":"<figure id=\"attachment_141968\" aria-describedby=\"caption-attachment-141968\" style=\"width: 847px\" class=\"wp-caption alignleft\"><img loading=\"lazy\" decoding=\"async\" class=\"size-full wp-image-141968\" src=\"https:\/\/www.bellunopress.it\/wp-content\/uploads\/2023\/06\/Davide-Noro-segretario-Pd-Belluno.jpg\" alt=\"\" width=\"847\" height=\"1000\" srcset=\"https:\/\/www.bellunopress.it\/wp-content\/uploads\/2023\/06\/Davide-Noro-segretario-Pd-Belluno.jpg 847w, https:\/\/www.bellunopress.it\/wp-content\/uploads\/2023\/06\/Davide-Noro-segretario-Pd-Belluno-424x500.jpg 424w, https:\/\/www.bellunopress.it\/wp-content\/uploads\/2023\/06\/Davide-Noro-segretario-Pd-Belluno-696x822.jpg 696w, https:\/\/www.bellunopress.it\/wp-content\/uploads\/2023\/06\/Davide-Noro-segretario-Pd-Belluno-356x420.jpg 356w\" sizes=\"auto, (max-width: 847px) 100vw, 847px\" \/><figcaption id=\"caption-attachment-141968\" class=\"wp-caption-text\">Davide Noro, segretario Unione comunale Partito Democratico Belluno<\/figcaption><\/figure>\n<p>Durante il Consiglio Comunale del 30 aprile, abbiamo sentito diverse bugie<br \/>\nda parte degli esponenti del centrodestra.<\/p>\n<p>Smontiamo le 5 pi\u00f9 rilevanti.<\/p>\n<p><strong>1. \u201cIl bilancio esprime l\u2019impulso che stiamo dando per lo sviluppo della<\/strong><br \/>\n<strong>citt\u00e0\u201d<\/strong><br \/>\nQuale sviluppo? Quello dei cantieri del PNRR? Peccato che provengano<br \/>\nda progetti vinti dall\u2019Amministrazione precedente. Quali idee di sviluppo<br \/>\npu\u00f2 rivendicare questa Giunta? La Fontana di Piazza dei Martiri, degna<br \/>\ndella miglior Lignano Sabbiadoro anni \u201890?<\/p>\n<p><strong>2. \u201cI servizi sono aumentati, quantitativamente e qualitativamente\u201d<\/strong><br \/>\nL\u2019unica cosa che \u00e8 aumentata sono le tasse, mentre le tasche dei Bellunesi<br \/>\nsono sempre pi\u00f9 vuote. I servizi calano: meno parcheggi (sempre pi\u00f9 cari),<br \/>\nmeno mezzi pubblici (i km tagliati da Dolomitibus colpiscono<br \/>\nprevalentemente il trasporto urbano), meno manutenzioni. Per non parlare<br \/>\ndei rifiuti: dopo la fine della distribuzione dei sacchetti del secco la scorsa<br \/>\nestate, ora anche la raccolta dell\u2019umido si appresta ad essere<br \/>\nridimensionata. La cura De Pellegrin, insomma, ha effetti benefici solo per<br \/>\ngli stipendi degli assessori e del capo di gabinetto.<\/p>\n<p><strong>3. \u201cAbbiamo usato la logica del buon padre di famiglia\u201d<\/strong><br \/>\nPi\u00f9 della logica del buon padre di famiglia, sembra quella del Re Nudo:<br \/>\nuna serie di interventi e plausi dalle file della maggioranza, fino a quando lo<br \/>\nstesso assessore non spiega che l\u2019avanzo sono soldi programmati e non<br \/>\nspesi.<br \/>\nLa ricetta perfetta: meno fai, meno sbagli!<br \/>\nPs. Nel 2024, la logica del buon padre di famiglia (riferimento neanche<br \/>\ntroppo velato al modello patriarcale e maschilista dell\u2019Italia anni \u201850)<br \/>\nspiega molto del modello di societ\u00e0 che ha in mente questa<br \/>\nAmministrazione.<\/p>\n<p><strong>4. \u201cLa sinistra \u00e8 contro i capifrazione\u201d<\/strong><br \/>\nLa sinistra, casomai, \u00e8 contraria alle cose fatte male. Il Regolamento votato<br \/>\n\u00e8 lungo 4 facciate e composto da 10 articoli: con l\u2019approvazione dei 30<br \/>\nemendamenti proposti dall\u2019opposizione, sarebbe rimasto lungo 4 facciate<br \/>\ne composto di 10 articoli. Nessuna complicazione, nessuna<br \/>\nburocratizzazione, solo proposte per migliorare un testo che cos\u00ec produrr\u00e0<br \/>\nsolo complicazioni e incomprensioni. Oltre che ulteriore distinzione tra<br \/>\ncittadini di serie A e serie B, vista l\u2019esclusione degli stranieri.<br \/>\nSe lo stesso impegno per difendere questo regolamento fosse stato messo<br \/>\nper aumentare i posti all\u2019asilo nido, forse la comunit\u00e0 ne avrebbe giovato di<br \/>\npi\u00f9.<\/p>\n<p><strong>5. \u201cIl Nevegal diventa una frazione\u201c<\/strong><br \/>\nQuesta, forse, \u00e8 la bugia pi\u00f9 clamorosa (oltre che preoccupante). Perch\u00e9 \u00e8<br \/>\nscritto proprio nel Regolamento che la maggioranza si \u00e8 scritta e votata<br \/>\nche non verranno create nuove frazioni. Quindi, nessun nuovo servizio,<br \/>\nnessuna nuova farmacia, nessuna nuova linea di trasporti. Tutto falso,<br \/>\npurtroppo per il Colle.<\/p>\n<p>Ps. Giusto per ricordarlo, nessuna cordata algerina pronta ad investire nella<br \/>\n\u201cfrazione\u201d Nevegal.<\/p>\n<p>Davide Noro<br \/>\nSegretario PD Citta di Belluno<\/p>","protected":false},"excerpt":{"rendered":"<p>Durante il Consiglio Comunale del 30 aprile, abbiamo sentito diverse bugie da parte degli esponenti del centrodestra. Smontiamo le 5 pi\u00f9 rilevanti. 1. \u201cIl bilancio esprime l\u2019impulso che stiamo dando per lo sviluppo della citt\u00e0\u201d Quale sviluppo? Quello dei cantieri del PNRR? Peccato che provengano da progetti vinti dall\u2019Amministrazione precedente. Quali idee di sviluppo pu\u00f2 [&hellip;]<\/p>\n","protected":false},"author":2,"featured_media":141968,"comment_status":"closed","ping_status":"open","sticky":false,"template":"","format":"standard","meta":{"footnotes":""},"categories":[5,26],"tags":[],"class_list":["post-150414","post","type-post","status-publish","format-standard","has-post-thumbnail","category-cronaca","category-prima-pagina"],"yoast_head":"<!-- This site is optimized with the Yoast SEO plugin v28.4 - https:\/\/yoast.com\/product\/yoast-seo-wordpress\/ -->\n<title>Le bugie della maggioranza in consiglio comunale * di Davide Noro - Bellunopress - Dolomiti<\/title>\n<meta name=\"robots\" content=\"index, follow, max-snippet:-1, max-image-preview:large, max-video-preview:-1\" \/>\n<link rel=\"canonical\" href=\"https:\/\/www.bellunopress.it\/fr\/2024\/05\/01\/le-bugie-della-maggioranza-in-consiglio-comunale-di-davide-noro\/\" \/>\n<meta property=\"og:locale\" content=\"fr_FR\" \/>\n<meta property=\"og:type\" content=\"article\" \/>\n<meta property=\"og:title\" content=\"Le bugie della maggioranza in consiglio comunale * di Davide Noro - Bellunopress - Dolomiti\" \/>\n<meta property=\"og:description\" content=\"Durante il Consiglio Comunale del 30 aprile, abbiamo sentito diverse bugie da parte degli esponenti del centrodestra. Smontiamo le 5 pi\u00f9 rilevanti. 1. \u201cIl bilancio esprime l\u2019impulso che stiamo dando per lo sviluppo della citt\u00e0\u201d Quale sviluppo? Quello dei cantieri del PNRR? Peccato che provengano da progetti vinti dall\u2019Amministrazione precedente. Quali idee di sviluppo pu\u00f2 [&hellip;]\" \/>\n<meta property=\"og:url\" content=\"https:\/\/www.bellunopress.it\/fr\/2024\/05\/01\/le-bugie-della-maggioranza-in-consiglio-comunale-di-davide-noro\/\" \/>\n<meta property=\"og:site_name\" content=\"Bellunopress - Dolomiti\" \/>\n<meta property=\"article:publisher\" content=\"https:\/\/www.facebook.com\/profile.php?id=100008943462799\" \/>\n<meta property=\"article:published_time\" content=\"2024-05-01T17:52:55+00:00\" \/>\n<meta property=\"og:image\" content=\"https:\/\/www.bellunopress.it\/wp-content\/uploads\/2023\/06\/Davide-Noro-segretario-Pd-Belluno.jpg\" \/>\n\t<meta property=\"og:image:width\" content=\"847\" \/>\n\t<meta property=\"og:image:height\" content=\"1000\" \/>\n\t<meta property=\"og:image:type\" content=\"image\/jpeg\" \/>\n<meta name=\"author\" content=\"redazione\" \/>\n<meta name=\"twitter:card\" content=\"summary_large_image\" \/>\n<meta name=\"twitter:creator\" content=\"@bellunopress\" \/>\n<meta name=\"twitter:site\" content=\"@bellunopress\" \/>\n<meta name=\"twitter:label1\" content=\"\u00c9crit par\" \/>\n\t<meta name=\"twitter:data1\" content=\"redazione\" \/>\n\t<meta name=\"twitter:label2\" content=\"Dur\u00e9e de lecture estim\u00e9e\" \/>\n\t<meta name=\"twitter:data2\" content=\"2 minutes\" \/>\n<script type=\"application\/ld+json\" class=\"yoast-schema-graph\">{\"@context\":\"https:\\\/\\\/schema.org\",\"@graph\":[{\"@type\":\"Article\",\"@id\":\"https:\\\/\\\/www.bellunopress.it\\\/2024\\\/05\\\/01\\\/le-bugie-della-maggioranza-in-consiglio-comunale-di-davide-noro\\\/#article\",\"isPartOf\":{\"@id\":\"https:\\\/\\\/www.bellunopress.it\\\/2024\\\/05\\\/01\\\/le-bugie-della-maggioranza-in-consiglio-comunale-di-davide-noro\\\/\"},\"author\":{\"name\":\"redazione\",\"@id\":\"https:\\\/\\\/www.bellunopress.it\\\/#\\\/schema\\\/person\\\/79bb06722b37ece1c03d3e94beb30d73\"},\"headline\":\"Le bugie della maggioranza in consiglio comunale * di Davide Noro\",\"datePublished\":\"2024-05-01T17:52:55+00:00\",\"mainEntityOfPage\":{\"@id\":\"https:\\\/\\\/www.bellunopress.it\\\/2024\\\/05\\\/01\\\/le-bugie-della-maggioranza-in-consiglio-comunale-di-davide-noro\\\/\"},\"wordCount\":445,\"publisher\":{\"@id\":\"https:\\\/\\\/www.bellunopress.it\\\/#organization\"},\"image\":{\"@id\":\"https:\\\/\\\/www.bellunopress.it\\\/2024\\\/05\\\/01\\\/le-bugie-della-maggioranza-in-consiglio-comunale-di-davide-noro\\\/#primaryimage\"},\"thumbnailUrl\":\"https:\\\/\\\/www.bellunopress.it\\\/wp-content\\\/uploads\\\/2023\\\/06\\\/Davide-Noro-segretario-Pd-Belluno.jpg\",\"articleSection\":[\"Cronaca\\\/Politica\",\"Prima Pagina\"],\"inLanguage\":\"fr-FR\"},{\"@type\":\"WebPage\",\"@id\":\"https:\\\/\\\/www.bellunopress.it\\\/2024\\\/05\\\/01\\\/le-bugie-della-maggioranza-in-consiglio-comunale-di-davide-noro\\\/\",\"url\":\"https:\\\/\\\/www.bellunopress.it\\\/2024\\\/05\\\/01\\\/le-bugie-della-maggioranza-in-consiglio-comunale-di-davide-noro\\\/\",\"name\":\"Le bugie della maggioranza in consiglio comunale * di Davide Noro - Bellunopress - Dolomiti\",\"isPartOf\":{\"@id\":\"https:\\\/\\\/www.bellunopress.it\\\/#website\"},\"primaryImageOfPage\":{\"@id\":\"https:\\\/\\\/www.bellunopress.it\\\/2024\\\/05\\\/01\\\/le-bugie-della-maggioranza-in-consiglio-comunale-di-davide-noro\\\/#primaryimage\"},\"image\":{\"@id\":\"https:\\\/\\\/www.bellunopress.it\\\/2024\\\/05\\\/01\\\/le-bugie-della-maggioranza-in-consiglio-comunale-di-davide-noro\\\/#primaryimage\"},\"thumbnailUrl\":\"https:\\\/\\\/www.bellunopress.it\\\/wp-content\\\/uploads\\\/2023\\\/06\\\/Davide-Noro-segretario-Pd-Belluno.jpg\",\"datePublished\":\"2024-05-01T17:52:55+00:00\",\"breadcrumb\":{\"@id\":\"https:\\\/\\\/www.bellunopress.it\\\/2024\\\/05\\\/01\\\/le-bugie-della-maggioranza-in-consiglio-comunale-di-davide-noro\\\/#breadcrumb\"},\"inLanguage\":\"fr-FR\",\"potentialAction\":[{\"@type\":\"ReadAction\",\"target\":[\"https:\\\/\\\/www.bellunopress.it\\\/2024\\\/05\\\/01\\\/le-bugie-della-maggioranza-in-consiglio-comunale-di-davide-noro\\\/\"]}]},{\"@type\":\"ImageObject\",\"inLanguage\":\"fr-FR\",\"@id\":\"https:\\\/\\\/www.bellunopress.it\\\/2024\\\/05\\\/01\\\/le-bugie-della-maggioranza-in-consiglio-comunale-di-davide-noro\\\/#primaryimage\",\"url\":\"https:\\\/\\\/www.bellunopress.it\\\/wp-content\\\/uploads\\\/2023\\\/06\\\/Davide-Noro-segretario-Pd-Belluno.jpg\",\"contentUrl\":\"https:\\\/\\\/www.bellunopress.it\\\/wp-content\\\/uploads\\\/2023\\\/06\\\/Davide-Noro-segretario-Pd-Belluno.jpg\",\"width\":847,\"height\":1000,\"caption\":\"Davide Noro, segretario Unione comunale Partito Democratico Belluno\"},{\"@type\":\"BreadcrumbList\",\"@id\":\"https:\\\/\\\/www.bellunopress.it\\\/2024\\\/05\\\/01\\\/le-bugie-della-maggioranza-in-consiglio-comunale-di-davide-noro\\\/#breadcrumb\",\"itemListElement\":[{\"@type\":\"ListItem\",\"position\":1,\"name\":\"Home\",\"item\":\"https:\\\/\\\/www.bellunopress.it\\\/\"},{\"@type\":\"ListItem\",\"position\":2,\"name\":\"Le bugie della maggioranza in consiglio comunale * di Davide Noro\"}]},{\"@type\":\"WebSite\",\"@id\":\"https:\\\/\\\/www.bellunopress.it\\\/#website\",\"url\":\"https:\\\/\\\/www.bellunopress.it\\\/\",\"name\":\"Bellunopress - Dolomiti\",\"description\":\"e-mail: redazione@bellunopress.it\",\"publisher\":{\"@id\":\"https:\\\/\\\/www.bellunopress.it\\\/#organization\"},\"potentialAction\":[{\"@type\":\"SearchAction\",\"target\":{\"@type\":\"EntryPoint\",\"urlTemplate\":\"https:\\\/\\\/www.bellunopress.it\\\/?s={search_term_string}\"},\"query-input\":{\"@type\":\"PropertyValueSpecification\",\"valueRequired\":true,\"valueName\":\"search_term_string\"}}],\"inLanguage\":\"fr-FR\"},{\"@type\":\"Organization\",\"@id\":\"https:\\\/\\\/www.bellunopress.it\\\/#organization\",\"name\":\"Bellunopress\",\"url\":\"https:\\\/\\\/www.bellunopress.it\\\/\",\"logo\":{\"@type\":\"ImageObject\",\"inLanguage\":\"fr-FR\",\"@id\":\"https:\\\/\\\/www.bellunopress.it\\\/#\\\/schema\\\/logo\\\/image\\\/\",\"url\":\"https:\\\/\\\/www.bellunopress.it\\\/wp-content\\\/uploads\\\/2011\\\/05\\\/cropped-logo-bellunopress-.jpg\",\"contentUrl\":\"https:\\\/\\\/www.bellunopress.it\\\/wp-content\\\/uploads\\\/2011\\\/05\\\/cropped-logo-bellunopress-.jpg\",\"width\":512,\"height\":512,\"caption\":\"Bellunopress\"},\"image\":{\"@id\":\"https:\\\/\\\/www.bellunopress.it\\\/#\\\/schema\\\/logo\\\/image\\\/\"},\"sameAs\":[\"https:\\\/\\\/www.facebook.com\\\/profile.php?id=100008943462799\",\"https:\\\/\\\/x.com\\\/bellunopress\",\"https:\\\/\\\/www.linkedin.com\\\/hp\\\/?dnr=JBzUWaJfMUw8vbXJJ2tVW5-I3jZKvC4wsoxE&amp;amp;amp;amp;amp;amp;trk=nav_responsive_tab_home\",\"https:\\\/\\\/www.youtube.com\\\/channel\\\/UCxL0wu1uN0_3_7hGG0306cw\"]},{\"@type\":\"Person\",\"@id\":\"https:\\\/\\\/www.bellunopress.it\\\/#\\\/schema\\\/person\\\/79bb06722b37ece1c03d3e94beb30d73\",\"name\":\"redazione\",\"image\":{\"@type\":\"ImageObject\",\"inLanguage\":\"fr-FR\",\"@id\":\"https:\\\/\\\/secure.gravatar.com\\\/avatar\\\/37d968a2e67a6fd04c169c4bdef102d0bc5d31b2546345219e348575eb80e9a0?s=96&d=mm&r=g\",\"url\":\"https:\\\/\\\/secure.gravatar.com\\\/avatar\\\/37d968a2e67a6fd04c169c4bdef102d0bc5d31b2546345219e348575eb80e9a0?s=96&d=mm&r=g\",\"contentUrl\":\"https:\\\/\\\/secure.gravatar.com\\\/avatar\\\/37d968a2e67a6fd04c169c4bdef102d0bc5d31b2546345219e348575eb80e9a0?s=96&d=mm&r=g\",\"caption\":\"redazione\"},\"sameAs\":[\"http:\\\/\\\/www.bellunopress.it\",\"https:\\\/\\\/x.com\\\/bellunopress\"],\"url\":\"https:\\\/\\\/www.bellunopress.it\\\/fr\\\/author\\\/redazione\\\/\"}]}<\/script>\n<!-- \/ Yoast SEO plugin. -->","yoast_head_json":{"title":"Le bugie della maggioranza in consiglio comunale * di Davide Noro - Bellunopress - Dolomiti","robots":{"index":"index","follow":"follow","max-snippet":"max-snippet:-1","max-image-preview":"max-image-preview:large","max-video-preview":"max-video-preview:-1"},"canonical":"https:\/\/www.bellunopress.it\/fr\/2024\/05\/01\/le-bugie-della-maggioranza-in-consiglio-comunale-di-davide-noro\/","og_locale":"fr_FR","og_type":"article","og_title":"Le bugie della maggioranza in consiglio comunale * di Davide Noro - Bellunopress - Dolomiti","og_description":"Durante il Consiglio Comunale del 30 aprile, abbiamo sentito diverse bugie da parte degli esponenti del centrodestra. Smontiamo le 5 pi\u00f9 rilevanti. 1. \u201cIl bilancio esprime l\u2019impulso che stiamo dando per lo sviluppo della citt\u00e0\u201d Quale sviluppo? Quello dei cantieri del PNRR? Peccato che provengano da progetti vinti dall\u2019Amministrazione precedente. Quali idee di sviluppo pu\u00f2 [&hellip;]","og_url":"https:\/\/www.bellunopress.it\/fr\/2024\/05\/01\/le-bugie-della-maggioranza-in-consiglio-comunale-di-davide-noro\/","og_site_name":"Bellunopress - Dolomiti","article_publisher":"https:\/\/www.facebook.com\/profile.php?id=100008943462799","article_published_time":"2024-05-01T17:52:55+00:00","og_image":[{"width":847,"height":1000,"url":"https:\/\/www.bellunopress.it\/wp-content\/uploads\/2023\/06\/Davide-Noro-segretario-Pd-Belluno.jpg","type":"image\/jpeg"}],"author":"redazione","twitter_card":"summary_large_image","twitter_creator":"@bellunopress","twitter_site":"@bellunopress","twitter_misc":{"\u00c9crit par":"redazione","Dur\u00e9e de lecture estim\u00e9e":"2 minutes"},"schema":{"@context":"https:\/\/schema.org","@graph":[{"@type":"Article","@id":"https:\/\/www.bellunopress.it\/2024\/05\/01\/le-bugie-della-maggioranza-in-consiglio-comunale-di-davide-noro\/#article","isPartOf":{"@id":"https:\/\/www.bellunopress.it\/2024\/05\/01\/le-bugie-della-maggioranza-in-consiglio-comunale-di-davide-noro\/"},"author":{"name":"redazione","@id":"https:\/\/www.bellunopress.it\/#\/schema\/person\/79bb06722b37ece1c03d3e94beb30d73"},"headline":"Le bugie della maggioranza in consiglio comunale * di Davide Noro","datePublished":"2024-05-01T17:52:55+00:00","mainEntityOfPage":{"@id":"https:\/\/www.bellunopress.it\/2024\/05\/01\/le-bugie-della-maggioranza-in-consiglio-comunale-di-davide-noro\/"},"wordCount":445,"publisher":{"@id":"https:\/\/www.bellunopress.it\/#organization"},"image":{"@id":"https:\/\/www.bellunopress.it\/2024\/05\/01\/le-bugie-della-maggioranza-in-consiglio-comunale-di-davide-noro\/#primaryimage"},"thumbnailUrl":"https:\/\/www.bellunopress.it\/wp-content\/uploads\/2023\/06\/Davide-Noro-segretario-Pd-Belluno.jpg","articleSection":["Cronaca\/Politica","Prima Pagina"],"inLanguage":"fr-FR"},{"@type":"WebPage","@id":"https:\/\/www.bellunopress.it\/2024\/05\/01\/le-bugie-della-maggioranza-in-consiglio-comunale-di-davide-noro\/","url":"https:\/\/www.bellunopress.it\/2024\/05\/01\/le-bugie-della-maggioranza-in-consiglio-comunale-di-davide-noro\/","name":"Le bugie della maggioranza in consiglio comunale * di Davide Noro - Bellunopress - Dolomiti","isPartOf":{"@id":"https:\/\/www.bellunopress.it\/#website"},"primaryImageOfPage":{"@id":"https:\/\/www.bellunopress.it\/2024\/05\/01\/le-bugie-della-maggioranza-in-consiglio-comunale-di-davide-noro\/#primaryimage"},"image":{"@id":"https:\/\/www.bellunopress.it\/2024\/05\/01\/le-bugie-della-maggioranza-in-consiglio-comunale-di-davide-noro\/#primaryimage"},"thumbnailUrl":"https:\/\/www.bellunopress.it\/wp-content\/uploads\/2023\/06\/Davide-Noro-segretario-Pd-Belluno.jpg","datePublished":"2024-05-01T17:52:55+00:00","breadcrumb":{"@id":"https:\/\/www.bellunopress.it\/2024\/05\/01\/le-bugie-della-maggioranza-in-consiglio-comunale-di-davide-noro\/#breadcrumb"},"inLanguage":"fr-FR","potentialAction":[{"@type":"ReadAction","target":["https:\/\/www.bellunopress.it\/2024\/05\/01\/le-bugie-della-maggioranza-in-consiglio-comunale-di-davide-noro\/"]}]},{"@type":"ImageObject","inLanguage":"fr-FR","@id":"https:\/\/www.bellunopress.it\/2024\/05\/01\/le-bugie-della-maggioranza-in-consiglio-comunale-di-davide-noro\/#primaryimage","url":"https:\/\/www.bellunopress.it\/wp-content\/uploads\/2023\/06\/Davide-Noro-segretario-Pd-Belluno.jpg","contentUrl":"https:\/\/www.bellunopress.it\/wp-content\/uploads\/2023\/06\/Davide-Noro-segretario-Pd-Belluno.jpg","width":847,"height":1000,"caption":"Davide Noro, segretario Unione comunale Partito Democratico Belluno"},{"@type":"BreadcrumbList","@id":"https:\/\/www.bellunopress.it\/2024\/05\/01\/le-bugie-della-maggioranza-in-consiglio-comunale-di-davide-noro\/#breadcrumb","itemListElement":[{"@type":"ListItem","position":1,"name":"Home","item":"https:\/\/www.bellunopress.it\/"},{"@type":"ListItem","position":2,"name":"Le bugie della maggioranza in consiglio comunale * di Davide Noro"}]},{"@type":"WebSite","@id":"https:\/\/www.bellunopress.it\/#website","url":"https:\/\/www.bellunopress.it\/","name":"Bellunopress - Dolomiti","description":"e-mail: redazione@bellunopress.it","publisher":{"@id":"https:\/\/www.bellunopress.it\/#organization"},"potentialAction":[{"@type":"SearchAction","target":{"@type":"EntryPoint","urlTemplate":"https:\/\/www.bellunopress.it\/?s={search_term_string}"},"query-input":{"@type":"PropertyValueSpecification","valueRequired":true,"valueName":"search_term_string"}}],"inLanguage":"fr-FR"},{"@type":"Organization","@id":"https:\/\/www.bellunopress.it\/#organization","name":"Bellunopress","url":"https:\/\/www.bellunopress.it\/","logo":{"@type":"ImageObject","inLanguage":"fr-FR","@id":"https:\/\/www.bellunopress.it\/#\/schema\/logo\/image\/","url":"https:\/\/www.bellunopress.it\/wp-content\/uploads\/2011\/05\/cropped-logo-bellunopress-.jpg","contentUrl":"https:\/\/www.bellunopress.it\/wp-content\/uploads\/2011\/05\/cropped-logo-bellunopress-.jpg","width":512,"height":512,"caption":"Bellunopress"},"image":{"@id":"https:\/\/www.bellunopress.it\/#\/schema\/logo\/image\/"},"sameAs":["https:\/\/www.facebook.com\/profile.php?id=100008943462799","https:\/\/x.com\/bellunopress","https:\/\/www.linkedin.com\/hp\/?dnr=JBzUWaJfMUw8vbXJJ2tVW5-I3jZKvC4wsoxE&amp;amp;amp;amp;amp;amp;trk=nav_responsive_tab_home","https:\/\/www.youtube.com\/channel\/UCxL0wu1uN0_3_7hGG0306cw"]},{"@type":"Person","@id":"https:\/\/www.bellunopress.it\/#\/schema\/person\/79bb06722b37ece1c03d3e94beb30d73","name":"r\u00e9daction","image":{"@type":"ImageObject","inLanguage":"fr-FR","@id":"https:\/\/secure.gravatar.com\/avatar\/37d968a2e67a6fd04c169c4bdef102d0bc5d31b2546345219e348575eb80e9a0?s=96&d=mm&r=g","url":"https:\/\/secure.gravatar.com\/avatar\/37d968a2e67a6fd04c169c4bdef102d0bc5d31b2546345219e348575eb80e9a0?s=96&d=mm&r=g","contentUrl":"https:\/\/secure.gravatar.com\/avatar\/37d968a2e67a6fd04c169c4bdef102d0bc5d31b2546345219e348575eb80e9a0?s=96&d=mm&r=g","caption":"redazione"},"sameAs":["http:\/\/www.bellunopress.it","https:\/\/x.com\/bellunopress"],"url":"https:\/\/www.bellunopress.it\/fr\/author\/redazione\/"}]}},"_links":{"self":[{"href":"https:\/\/www.bellunopress.it\/fr\/wp-json\/wp\/v2\/posts\/150414","targetHints":{"allow":["GET"]}}],"collection":[{"href":"https:\/\/www.bellunopress.it\/fr\/wp-json\/wp\/v2\/posts"}],"about":[{"href":"https:\/\/www.bellunopress.it\/fr\/wp-json\/wp\/v2\/types\/post"}],"author":[{"embeddable":true,"href":"https:\/\/www.bellunopress.it\/fr\/wp-json\/wp\/v2\/users\/2"}],"replies":[{"embeddable":true,"href":"https:\/\/www.bellunopress.it\/fr\/wp-json\/wp\/v2\/comments?post=150414"}],"version-history":[{"count":1,"href":"https:\/\/www.bellunopress.it\/fr\/wp-json\/wp\/v2\/posts\/150414\/revisions"}],"predecessor-version":[{"id":150415,"href":"https:\/\/www.bellunopress.it\/fr\/wp-json\/wp\/v2\/posts\/150414\/revisions\/150415"}],"wp:featuredmedia":[{"embeddable":true,"href":"https:\/\/www.bellunopress.it\/fr\/wp-json\/wp\/v2\/media\/141968"}],"wp:attachment":[{"href":"https:\/\/www.bellunopress.it\/fr\/wp-json\/wp\/v2\/media?parent=150414"}],"wp:term":[{"taxonomy":"category","embeddable":true,"href":"https:\/\/www.bellunopress.it\/fr\/wp-json\/wp\/v2\/categories?post=150414"},{"taxonomy":"post_tag","embeddable":true,"href":"https:\/\/www.bellunopress.it\/fr\/wp-json\/wp\/v2\/tags?post=150414"}],"curies":[{"name":"wp","href":"https:\/\/api.w.org\/{rel}","templated":true}]}}