{"id":150410,"date":"2024-05-01T16:14:49","date_gmt":"2024-05-01T14:14:49","guid":{"rendered":"https:\/\/www.bellunopress.it\/?p=150410"},"modified":"2024-05-01T16:14:49","modified_gmt":"2024-05-01T14:14:49","slug":"1-maggio-il-discorso-del-sindaco-di-belluno-alla-cerimonia-a-la-rossa","status":"publish","type":"post","link":"https:\/\/www.bellunopress.it\/fr\/2024\/05\/01\/1-maggio-il-discorso-del-sindaco-di-belluno-alla-cerimonia-a-la-rossa\/","title":{"rendered":"1\u00b0 maggio, il discorso del sindaco di Belluno alla cerimonia a La Rossa"},"content":{"rendered":"<p><img loading=\"lazy\" decoding=\"async\" class=\"alignleft size-full wp-image-150411\" src=\"https:\/\/www.bellunopress.it\/wp-content\/uploads\/2024\/05\/sindaco-De-Pellegrin-cerimonia-1-maggio-La-Rossa_edited.jpg\" alt=\"\" width=\"1000\" height=\"920\" srcset=\"https:\/\/www.bellunopress.it\/wp-content\/uploads\/2024\/05\/sindaco-De-Pellegrin-cerimonia-1-maggio-La-Rossa_edited.jpg 1000w, https:\/\/www.bellunopress.it\/wp-content\/uploads\/2024\/05\/sindaco-De-Pellegrin-cerimonia-1-maggio-La-Rossa_edited-500x460.jpg 500w, https:\/\/www.bellunopress.it\/wp-content\/uploads\/2024\/05\/sindaco-De-Pellegrin-cerimonia-1-maggio-La-Rossa_edited-457x420.jpg 457w, https:\/\/www.bellunopress.it\/wp-content\/uploads\/2024\/05\/sindaco-De-Pellegrin-cerimonia-1-maggio-La-Rossa_edited-696x640.jpg 696w\" sizes=\"auto, (max-width: 1000px) 100vw, 1000px\" \/>Belluno 1\u00b0 maggio 2024 &#8211; Pubblichiamo l&#8217;intervento del sindaco di Belluno Oscar De Pellegrin in occasione delle cerimonie in localit\u00e0 La Rossa, con il coinvolgimento di alcune classi dell\u2019Istituto comprensivo \u201cTina Merlin\u201d. Dopo la Santa Messa nella chiesetta alle ore 10.00, la cerimonia \u00e8 proseguita nel cortile della scuola elementare di Fiammoi con il saluto del sindaco, Oscar De Pellegrin, l\u2019orazione ufficiale a cura del presidente del Consiglio comunale, Luciano Bassi, e gli interventi degli studenti della classe terza D della scuola secondaria di primo grado \u201cI. Nievo\u201d e della classe quinta della scuola primaria di Fiammoi.<\/p>\n<p>&#8220;Carissimi concittadini e carissimi tutti,<br \/>\nritrovarci qui oggi, a distanza di un anno, a celebrare ancora una volta la memoria di morti innocenti mentre nel mondo sono in corso conflitti efferati ha un valore enorme. Il nostro trovarci qui, oggi, ha un valore enorme e mi spinge ad una riflessione su cui mi sono soffermato in questi giorni e che voglio condividere con voi.<\/p>\n<p>Non \u00e8 l\u2019ennesima celebrazione per la memoria di una tragedia del passato. Nessuna celebrazione deve mai essere considerata un rito svuotato di significato e buono solo a lavarsi la coscienza.<br \/>\nNon ci troviamo qui oggi per svolgere il nostro compito e poi sentirci di aver fatto la cosa giusta.<\/p>\n<p>Ci troviamo qui oggi perch\u00e9 ne abbiamo profondamente bisogno. Ne abbiamo bisogno per coltivare e arricchire la nostra memoria collettiva e la coscienza civica, per non dimenticare, per imparare dalla storia.<\/p>\n<p>Non voglio tornare alla violenza scatenatasi in questa parte di citt\u00e0 nei giorni successivi alla Liberazione, i fatti sono noti, dolorosi e ancora vivi nel ricordo della nostra comunit\u00e0.<br \/>\nVorrei piuttosto riallacciare il legame tra storia, memoria e futuro.<br \/>\nLa memoria \u00e8 il futuro del nostro passato, dicono, e in questa frase io credo sia racchiuso tutto.<br \/>\nIl perch\u00e9 siamo qui oggi, tanto per iniziare, e il perch\u00e9 ci ritroveremo qui anche il prossimo anno, insieme ai nostri figli e ai nostri nipoti.<\/p>\n<p>\u201cUn popolo senza memoria \u00e8 un popolo senza futuro\u201d era solito dire lo scrittore cileno Luis Sepulveda. Ed aveva ragione.<\/p>\n<p>Vedete, per non ripetere gli sbagli del passato serve creare un ricordo collettivo corretto.<br \/>\nMettere i fatti nel cassetto della memoria collettiva serve da monito ed \u00e8 decisivo per non essere condannati a ripetere gli errori.<br \/>\nSenza memoria non c\u2019\u00e8 progresso, non ci si evolve e si torna sempre al punto di partenza.<\/p>\n<p>A volte il rischio \u00e8 questo.<br \/>\nPerch\u00e9 ricordare \u00e8 doloroso, faticoso, struggente.<br \/>\nDimenticare \u00e8 comodo, quando il passato \u00e8 scomodo, ingiusto, violento e incomprensibile.<br \/>\nSe dimentichi prendi le distanze dalla storia, ti deresponsabilizzi, ti chiami fuori e chiamarsi fuori \u00e8 sempre estremamente pericoloso.<br \/>\n\u00c8 come nascondere la polvere sotto il tappeto. Quando non si ricorda il passato finisce avvolta nella nebbia dell\u2019oblio e noi si finge una serenit\u00e0 data dall\u2019ignoranza.<\/p>\n<p>Ricordare invece \u00e8 di una comunit\u00e0 matura, che vuole affrontare il suo passato per procedere verso un futuro luminoso.<br \/>\nColtivare la memoria esercita ciascuno di noi ad usare la propria coscienza.<br \/>\nNe parla bene, in modo rivelatore, papa Francesco nell\u2019enciclica Fratelli tutti.<\/p>\n<p>Occorre ricordare il male perch\u00e9 per sconfiggerlo serve avere il coraggio di guardarlo in faccia e di riconoscerlo. Si pu\u00f2 evitare solo ci\u00f2 che si conosce, d\u2019altra parte.<br \/>\nMa occorre anche una memoria del bene, esercitarci a trovare il bene nelle trame della storia pi\u00f9 oscura per trovare il coraggio a nostra volta di esercitarlo anche quando il male sembra avere la meglio.<\/p>\n<p>Nella violenza scatenatasi in Oltrardo sul finale della guerra ci sono il male estremo, la mancanza di piet\u00e0, la violenza e la disumanit\u00e0. Questa \u00e8 la guerra.<br \/>\nLa vicenda dei tredici figli dell\u2019Oltrardo trucidati senza piet\u00e0, uomini e donne senza colpa, \u00e8 la manifestazione di cosa \u00e8 capace il male quando l\u2019uomo dimentica la sua dimensione umana.<br \/>\nMa tra le pieghe della storia, e qui torniamo all\u2019enciclica di papa Francesco, si trovano sempre semi di bont\u00e0 e di costruzione. Ricordiamo allora il gesto di Giuseppe Cibien, tra le vittime di queste giornate, ucciso nel giorno in cui aveva accolto in casa un ferito tedesco. Cibien va oltre la divisione tra alleati e nemici e fa quello che l\u2019umanit\u00e0, la coscienza e la pietas cristiana chiedono in questi casi. E\u2019 stato ucciso, ma il male non ha prevalso.<\/p>\n<p>E la storia, quale ruolo pu\u00f2 avere la storia studiata nei libri e nei saggi, in tutto questo?<br \/>\nSOLO LA STORIA PUO\u2019 SALVARE LA MEMORIA. La storia \u00e8 il nostro filo diretto con il passato.<br \/>\nLa ricostruzione e l\u2019analisi storiche ci permettono di discernere le scelte del passato, verificarne il valore per prendere esempio o, al contrario, per prenderne le distanze e assumere decisioni diverse e migliori.<br \/>\nLa storia \u00e8 il nostro manuale di istruzioni che ci insegna a scegliere, liberi da sensi di colpa e da angoscia, illumina il passato ed evita quella contrapposizione di opposte parti, di bene e di male, in cui invece la memoria rischia di cadere.<\/p>\n<p>La memoria ha dunque bisogno della storia per esprimere tutto il suo valore e la storia, d\u2019altra parte, completa il suo compito solo nell\u2019esercizio della memoria.<\/p>\n<p>Con questa consapevolezza oggi siamo qui, per scelta, per coltivare la memoria collettiva e per non dirci mai e poi mai fuori dalla storia&#8221;.<\/p>","protected":false},"excerpt":{"rendered":"<p>Belluno 1\u00b0 maggio 2024 &#8211; Pubblichiamo l&#8217;intervento del sindaco di Belluno Oscar De Pellegrin in occasione delle cerimonie in localit\u00e0 La Rossa, con il coinvolgimento di alcune classi dell\u2019Istituto comprensivo \u201cTina Merlin\u201d. Dopo la Santa Messa nella chiesetta alle ore 10.00, la cerimonia \u00e8 proseguita nel cortile della scuola elementare di Fiammoi con il saluto [&hellip;]<\/p>\n","protected":false},"author":2,"featured_media":150411,"comment_status":"closed","ping_status":"open","sticky":false,"template":"","format":"standard","meta":{"footnotes":""},"categories":[5,26],"tags":[],"class_list":["post-150410","post","type-post","status-publish","format-standard","has-post-thumbnail","category-cronaca","category-prima-pagina"],"yoast_head":"<!-- This site is optimized with the Yoast SEO plugin v28.4 - https:\/\/yoast.com\/product\/yoast-seo-wordpress\/ -->\n<title>1\u00b0 maggio, il discorso del sindaco di Belluno alla cerimonia a La Rossa - Bellunopress - Dolomiti<\/title>\n<meta name=\"robots\" content=\"index, follow, max-snippet:-1, max-image-preview:large, max-video-preview:-1\" \/>\n<link rel=\"canonical\" href=\"https:\/\/www.bellunopress.it\/fr\/2024\/05\/01\/1-maggio-il-discorso-del-sindaco-di-belluno-alla-cerimonia-a-la-rossa\/\" \/>\n<meta property=\"og:locale\" content=\"fr_FR\" \/>\n<meta property=\"og:type\" content=\"article\" \/>\n<meta property=\"og:title\" content=\"1\u00b0 maggio, il discorso del sindaco di Belluno alla cerimonia a La Rossa - Bellunopress - Dolomiti\" \/>\n<meta property=\"og:description\" content=\"Belluno 1\u00b0 maggio 2024 &#8211; Pubblichiamo l&#8217;intervento del sindaco di Belluno Oscar De Pellegrin in occasione delle cerimonie in localit\u00e0 La Rossa, con il coinvolgimento di alcune classi dell\u2019Istituto comprensivo \u201cTina Merlin\u201d. Dopo la Santa Messa nella chiesetta alle ore 10.00, la cerimonia \u00e8 proseguita nel cortile della scuola elementare di Fiammoi con il saluto [&hellip;]\" \/>\n<meta property=\"og:url\" content=\"https:\/\/www.bellunopress.it\/fr\/2024\/05\/01\/1-maggio-il-discorso-del-sindaco-di-belluno-alla-cerimonia-a-la-rossa\/\" \/>\n<meta property=\"og:site_name\" content=\"Bellunopress - Dolomiti\" \/>\n<meta property=\"article:publisher\" content=\"https:\/\/www.facebook.com\/profile.php?id=100008943462799\" \/>\n<meta property=\"article:published_time\" content=\"2024-05-01T14:14:49+00:00\" \/>\n<meta property=\"og:image\" content=\"https:\/\/www.bellunopress.it\/wp-content\/uploads\/2024\/05\/sindaco-De-Pellegrin-cerimonia-1-maggio-La-Rossa_edited.jpg\" \/>\n\t<meta property=\"og:image:width\" content=\"1000\" \/>\n\t<meta property=\"og:image:height\" content=\"920\" \/>\n\t<meta property=\"og:image:type\" content=\"image\/jpeg\" \/>\n<meta name=\"author\" content=\"redazione\" \/>\n<meta name=\"twitter:card\" content=\"summary_large_image\" \/>\n<meta name=\"twitter:creator\" content=\"@bellunopress\" \/>\n<meta name=\"twitter:site\" content=\"@bellunopress\" \/>\n<meta name=\"twitter:label1\" content=\"\u00c9crit par\" \/>\n\t<meta name=\"twitter:data1\" content=\"redazione\" \/>\n\t<meta name=\"twitter:label2\" content=\"Dur\u00e9e de lecture estim\u00e9e\" \/>\n\t<meta name=\"twitter:data2\" content=\"4 minutes\" \/>\n<script type=\"application\/ld+json\" class=\"yoast-schema-graph\">{\"@context\":\"https:\\\/\\\/schema.org\",\"@graph\":[{\"@type\":\"Article\",\"@id\":\"https:\\\/\\\/www.bellunopress.it\\\/2024\\\/05\\\/01\\\/1-maggio-il-discorso-del-sindaco-di-belluno-alla-cerimonia-a-la-rossa\\\/#article\",\"isPartOf\":{\"@id\":\"https:\\\/\\\/www.bellunopress.it\\\/2024\\\/05\\\/01\\\/1-maggio-il-discorso-del-sindaco-di-belluno-alla-cerimonia-a-la-rossa\\\/\"},\"author\":{\"name\":\"redazione\",\"@id\":\"https:\\\/\\\/www.bellunopress.it\\\/#\\\/schema\\\/person\\\/79bb06722b37ece1c03d3e94beb30d73\"},\"headline\":\"1\u00b0 maggio, il discorso del sindaco di Belluno alla cerimonia a La Rossa\",\"datePublished\":\"2024-05-01T14:14:49+00:00\",\"mainEntityOfPage\":{\"@id\":\"https:\\\/\\\/www.bellunopress.it\\\/2024\\\/05\\\/01\\\/1-maggio-il-discorso-del-sindaco-di-belluno-alla-cerimonia-a-la-rossa\\\/\"},\"wordCount\":877,\"publisher\":{\"@id\":\"https:\\\/\\\/www.bellunopress.it\\\/#organization\"},\"image\":{\"@id\":\"https:\\\/\\\/www.bellunopress.it\\\/2024\\\/05\\\/01\\\/1-maggio-il-discorso-del-sindaco-di-belluno-alla-cerimonia-a-la-rossa\\\/#primaryimage\"},\"thumbnailUrl\":\"https:\\\/\\\/www.bellunopress.it\\\/wp-content\\\/uploads\\\/2024\\\/05\\\/sindaco-De-Pellegrin-cerimonia-1-maggio-La-Rossa_edited.jpg\",\"articleSection\":[\"Cronaca\\\/Politica\",\"Prima Pagina\"],\"inLanguage\":\"fr-FR\"},{\"@type\":\"WebPage\",\"@id\":\"https:\\\/\\\/www.bellunopress.it\\\/2024\\\/05\\\/01\\\/1-maggio-il-discorso-del-sindaco-di-belluno-alla-cerimonia-a-la-rossa\\\/\",\"url\":\"https:\\\/\\\/www.bellunopress.it\\\/2024\\\/05\\\/01\\\/1-maggio-il-discorso-del-sindaco-di-belluno-alla-cerimonia-a-la-rossa\\\/\",\"name\":\"1\u00b0 maggio, il discorso del sindaco di Belluno alla cerimonia a La Rossa - Bellunopress - Dolomiti\",\"isPartOf\":{\"@id\":\"https:\\\/\\\/www.bellunopress.it\\\/#website\"},\"primaryImageOfPage\":{\"@id\":\"https:\\\/\\\/www.bellunopress.it\\\/2024\\\/05\\\/01\\\/1-maggio-il-discorso-del-sindaco-di-belluno-alla-cerimonia-a-la-rossa\\\/#primaryimage\"},\"image\":{\"@id\":\"https:\\\/\\\/www.bellunopress.it\\\/2024\\\/05\\\/01\\\/1-maggio-il-discorso-del-sindaco-di-belluno-alla-cerimonia-a-la-rossa\\\/#primaryimage\"},\"thumbnailUrl\":\"https:\\\/\\\/www.bellunopress.it\\\/wp-content\\\/uploads\\\/2024\\\/05\\\/sindaco-De-Pellegrin-cerimonia-1-maggio-La-Rossa_edited.jpg\",\"datePublished\":\"2024-05-01T14:14:49+00:00\",\"breadcrumb\":{\"@id\":\"https:\\\/\\\/www.bellunopress.it\\\/2024\\\/05\\\/01\\\/1-maggio-il-discorso-del-sindaco-di-belluno-alla-cerimonia-a-la-rossa\\\/#breadcrumb\"},\"inLanguage\":\"fr-FR\",\"potentialAction\":[{\"@type\":\"ReadAction\",\"target\":[\"https:\\\/\\\/www.bellunopress.it\\\/2024\\\/05\\\/01\\\/1-maggio-il-discorso-del-sindaco-di-belluno-alla-cerimonia-a-la-rossa\\\/\"]}]},{\"@type\":\"ImageObject\",\"inLanguage\":\"fr-FR\",\"@id\":\"https:\\\/\\\/www.bellunopress.it\\\/2024\\\/05\\\/01\\\/1-maggio-il-discorso-del-sindaco-di-belluno-alla-cerimonia-a-la-rossa\\\/#primaryimage\",\"url\":\"https:\\\/\\\/www.bellunopress.it\\\/wp-content\\\/uploads\\\/2024\\\/05\\\/sindaco-De-Pellegrin-cerimonia-1-maggio-La-Rossa_edited.jpg\",\"contentUrl\":\"https:\\\/\\\/www.bellunopress.it\\\/wp-content\\\/uploads\\\/2024\\\/05\\\/sindaco-De-Pellegrin-cerimonia-1-maggio-La-Rossa_edited.jpg\",\"width\":1000,\"height\":920},{\"@type\":\"BreadcrumbList\",\"@id\":\"https:\\\/\\\/www.bellunopress.it\\\/2024\\\/05\\\/01\\\/1-maggio-il-discorso-del-sindaco-di-belluno-alla-cerimonia-a-la-rossa\\\/#breadcrumb\",\"itemListElement\":[{\"@type\":\"ListItem\",\"position\":1,\"name\":\"Home\",\"item\":\"https:\\\/\\\/www.bellunopress.it\\\/\"},{\"@type\":\"ListItem\",\"position\":2,\"name\":\"1\u00b0 maggio, il discorso del sindaco di Belluno alla cerimonia a La Rossa\"}]},{\"@type\":\"WebSite\",\"@id\":\"https:\\\/\\\/www.bellunopress.it\\\/#website\",\"url\":\"https:\\\/\\\/www.bellunopress.it\\\/\",\"name\":\"Bellunopress - Dolomiti\",\"description\":\"e-mail: redazione@bellunopress.it\",\"publisher\":{\"@id\":\"https:\\\/\\\/www.bellunopress.it\\\/#organization\"},\"potentialAction\":[{\"@type\":\"SearchAction\",\"target\":{\"@type\":\"EntryPoint\",\"urlTemplate\":\"https:\\\/\\\/www.bellunopress.it\\\/?s={search_term_string}\"},\"query-input\":{\"@type\":\"PropertyValueSpecification\",\"valueRequired\":true,\"valueName\":\"search_term_string\"}}],\"inLanguage\":\"fr-FR\"},{\"@type\":\"Organization\",\"@id\":\"https:\\\/\\\/www.bellunopress.it\\\/#organization\",\"name\":\"Bellunopress\",\"url\":\"https:\\\/\\\/www.bellunopress.it\\\/\",\"logo\":{\"@type\":\"ImageObject\",\"inLanguage\":\"fr-FR\",\"@id\":\"https:\\\/\\\/www.bellunopress.it\\\/#\\\/schema\\\/logo\\\/image\\\/\",\"url\":\"https:\\\/\\\/www.bellunopress.it\\\/wp-content\\\/uploads\\\/2011\\\/05\\\/cropped-logo-bellunopress-.jpg\",\"contentUrl\":\"https:\\\/\\\/www.bellunopress.it\\\/wp-content\\\/uploads\\\/2011\\\/05\\\/cropped-logo-bellunopress-.jpg\",\"width\":512,\"height\":512,\"caption\":\"Bellunopress\"},\"image\":{\"@id\":\"https:\\\/\\\/www.bellunopress.it\\\/#\\\/schema\\\/logo\\\/image\\\/\"},\"sameAs\":[\"https:\\\/\\\/www.facebook.com\\\/profile.php?id=100008943462799\",\"https:\\\/\\\/x.com\\\/bellunopress\",\"https:\\\/\\\/www.linkedin.com\\\/hp\\\/?dnr=JBzUWaJfMUw8vbXJJ2tVW5-I3jZKvC4wsoxE&amp;amp;amp;amp;amp;amp;trk=nav_responsive_tab_home\",\"https:\\\/\\\/www.youtube.com\\\/channel\\\/UCxL0wu1uN0_3_7hGG0306cw\"]},{\"@type\":\"Person\",\"@id\":\"https:\\\/\\\/www.bellunopress.it\\\/#\\\/schema\\\/person\\\/79bb06722b37ece1c03d3e94beb30d73\",\"name\":\"redazione\",\"image\":{\"@type\":\"ImageObject\",\"inLanguage\":\"fr-FR\",\"@id\":\"https:\\\/\\\/secure.gravatar.com\\\/avatar\\\/37d968a2e67a6fd04c169c4bdef102d0bc5d31b2546345219e348575eb80e9a0?s=96&d=mm&r=g\",\"url\":\"https:\\\/\\\/secure.gravatar.com\\\/avatar\\\/37d968a2e67a6fd04c169c4bdef102d0bc5d31b2546345219e348575eb80e9a0?s=96&d=mm&r=g\",\"contentUrl\":\"https:\\\/\\\/secure.gravatar.com\\\/avatar\\\/37d968a2e67a6fd04c169c4bdef102d0bc5d31b2546345219e348575eb80e9a0?s=96&d=mm&r=g\",\"caption\":\"redazione\"},\"sameAs\":[\"http:\\\/\\\/www.bellunopress.it\",\"https:\\\/\\\/x.com\\\/bellunopress\"],\"url\":\"https:\\\/\\\/www.bellunopress.it\\\/fr\\\/author\\\/redazione\\\/\"}]}<\/script>\n<!-- \/ Yoast SEO plugin. -->","yoast_head_json":{"title":"1\u00b0 maggio, il discorso del sindaco di Belluno alla cerimonia a La Rossa - Bellunopress - Dolomiti","robots":{"index":"index","follow":"follow","max-snippet":"max-snippet:-1","max-image-preview":"max-image-preview:large","max-video-preview":"max-video-preview:-1"},"canonical":"https:\/\/www.bellunopress.it\/fr\/2024\/05\/01\/1-maggio-il-discorso-del-sindaco-di-belluno-alla-cerimonia-a-la-rossa\/","og_locale":"fr_FR","og_type":"article","og_title":"1\u00b0 maggio, il discorso del sindaco di Belluno alla cerimonia a La Rossa - Bellunopress - Dolomiti","og_description":"Belluno 1\u00b0 maggio 2024 &#8211; Pubblichiamo l&#8217;intervento del sindaco di Belluno Oscar De Pellegrin in occasione delle cerimonie in localit\u00e0 La Rossa, con il coinvolgimento di alcune classi dell\u2019Istituto comprensivo \u201cTina Merlin\u201d. Dopo la Santa Messa nella chiesetta alle ore 10.00, la cerimonia \u00e8 proseguita nel cortile della scuola elementare di Fiammoi con il saluto [&hellip;]","og_url":"https:\/\/www.bellunopress.it\/fr\/2024\/05\/01\/1-maggio-il-discorso-del-sindaco-di-belluno-alla-cerimonia-a-la-rossa\/","og_site_name":"Bellunopress - Dolomiti","article_publisher":"https:\/\/www.facebook.com\/profile.php?id=100008943462799","article_published_time":"2024-05-01T14:14:49+00:00","og_image":[{"width":1000,"height":920,"url":"https:\/\/www.bellunopress.it\/wp-content\/uploads\/2024\/05\/sindaco-De-Pellegrin-cerimonia-1-maggio-La-Rossa_edited.jpg","type":"image\/jpeg"}],"author":"redazione","twitter_card":"summary_large_image","twitter_creator":"@bellunopress","twitter_site":"@bellunopress","twitter_misc":{"\u00c9crit par":"redazione","Dur\u00e9e de lecture estim\u00e9e":"4 minutes"},"schema":{"@context":"https:\/\/schema.org","@graph":[{"@type":"Article","@id":"https:\/\/www.bellunopress.it\/2024\/05\/01\/1-maggio-il-discorso-del-sindaco-di-belluno-alla-cerimonia-a-la-rossa\/#article","isPartOf":{"@id":"https:\/\/www.bellunopress.it\/2024\/05\/01\/1-maggio-il-discorso-del-sindaco-di-belluno-alla-cerimonia-a-la-rossa\/"},"author":{"name":"redazione","@id":"https:\/\/www.bellunopress.it\/#\/schema\/person\/79bb06722b37ece1c03d3e94beb30d73"},"headline":"1\u00b0 maggio, il discorso del sindaco di Belluno alla cerimonia a La Rossa","datePublished":"2024-05-01T14:14:49+00:00","mainEntityOfPage":{"@id":"https:\/\/www.bellunopress.it\/2024\/05\/01\/1-maggio-il-discorso-del-sindaco-di-belluno-alla-cerimonia-a-la-rossa\/"},"wordCount":877,"publisher":{"@id":"https:\/\/www.bellunopress.it\/#organization"},"image":{"@id":"https:\/\/www.bellunopress.it\/2024\/05\/01\/1-maggio-il-discorso-del-sindaco-di-belluno-alla-cerimonia-a-la-rossa\/#primaryimage"},"thumbnailUrl":"https:\/\/www.bellunopress.it\/wp-content\/uploads\/2024\/05\/sindaco-De-Pellegrin-cerimonia-1-maggio-La-Rossa_edited.jpg","articleSection":["Cronaca\/Politica","Prima Pagina"],"inLanguage":"fr-FR"},{"@type":"WebPage","@id":"https:\/\/www.bellunopress.it\/2024\/05\/01\/1-maggio-il-discorso-del-sindaco-di-belluno-alla-cerimonia-a-la-rossa\/","url":"https:\/\/www.bellunopress.it\/2024\/05\/01\/1-maggio-il-discorso-del-sindaco-di-belluno-alla-cerimonia-a-la-rossa\/","name":"1\u00b0 maggio, il discorso del sindaco di Belluno alla cerimonia a La Rossa - Bellunopress - Dolomiti","isPartOf":{"@id":"https:\/\/www.bellunopress.it\/#website"},"primaryImageOfPage":{"@id":"https:\/\/www.bellunopress.it\/2024\/05\/01\/1-maggio-il-discorso-del-sindaco-di-belluno-alla-cerimonia-a-la-rossa\/#primaryimage"},"image":{"@id":"https:\/\/www.bellunopress.it\/2024\/05\/01\/1-maggio-il-discorso-del-sindaco-di-belluno-alla-cerimonia-a-la-rossa\/#primaryimage"},"thumbnailUrl":"https:\/\/www.bellunopress.it\/wp-content\/uploads\/2024\/05\/sindaco-De-Pellegrin-cerimonia-1-maggio-La-Rossa_edited.jpg","datePublished":"2024-05-01T14:14:49+00:00","breadcrumb":{"@id":"https:\/\/www.bellunopress.it\/2024\/05\/01\/1-maggio-il-discorso-del-sindaco-di-belluno-alla-cerimonia-a-la-rossa\/#breadcrumb"},"inLanguage":"fr-FR","potentialAction":[{"@type":"ReadAction","target":["https:\/\/www.bellunopress.it\/2024\/05\/01\/1-maggio-il-discorso-del-sindaco-di-belluno-alla-cerimonia-a-la-rossa\/"]}]},{"@type":"ImageObject","inLanguage":"fr-FR","@id":"https:\/\/www.bellunopress.it\/2024\/05\/01\/1-maggio-il-discorso-del-sindaco-di-belluno-alla-cerimonia-a-la-rossa\/#primaryimage","url":"https:\/\/www.bellunopress.it\/wp-content\/uploads\/2024\/05\/sindaco-De-Pellegrin-cerimonia-1-maggio-La-Rossa_edited.jpg","contentUrl":"https:\/\/www.bellunopress.it\/wp-content\/uploads\/2024\/05\/sindaco-De-Pellegrin-cerimonia-1-maggio-La-Rossa_edited.jpg","width":1000,"height":920},{"@type":"BreadcrumbList","@id":"https:\/\/www.bellunopress.it\/2024\/05\/01\/1-maggio-il-discorso-del-sindaco-di-belluno-alla-cerimonia-a-la-rossa\/#breadcrumb","itemListElement":[{"@type":"ListItem","position":1,"name":"Home","item":"https:\/\/www.bellunopress.it\/"},{"@type":"ListItem","position":2,"name":"1\u00b0 maggio, il discorso del sindaco di Belluno alla cerimonia a La Rossa"}]},{"@type":"WebSite","@id":"https:\/\/www.bellunopress.it\/#website","url":"https:\/\/www.bellunopress.it\/","name":"Bellunopress - Dolomiti","description":"e-mail: redazione@bellunopress.it","publisher":{"@id":"https:\/\/www.bellunopress.it\/#organization"},"potentialAction":[{"@type":"SearchAction","target":{"@type":"EntryPoint","urlTemplate":"https:\/\/www.bellunopress.it\/?s={search_term_string}"},"query-input":{"@type":"PropertyValueSpecification","valueRequired":true,"valueName":"search_term_string"}}],"inLanguage":"fr-FR"},{"@type":"Organization","@id":"https:\/\/www.bellunopress.it\/#organization","name":"Bellunopress","url":"https:\/\/www.bellunopress.it\/","logo":{"@type":"ImageObject","inLanguage":"fr-FR","@id":"https:\/\/www.bellunopress.it\/#\/schema\/logo\/image\/","url":"https:\/\/www.bellunopress.it\/wp-content\/uploads\/2011\/05\/cropped-logo-bellunopress-.jpg","contentUrl":"https:\/\/www.bellunopress.it\/wp-content\/uploads\/2011\/05\/cropped-logo-bellunopress-.jpg","width":512,"height":512,"caption":"Bellunopress"},"image":{"@id":"https:\/\/www.bellunopress.it\/#\/schema\/logo\/image\/"},"sameAs":["https:\/\/www.facebook.com\/profile.php?id=100008943462799","https:\/\/x.com\/bellunopress","https:\/\/www.linkedin.com\/hp\/?dnr=JBzUWaJfMUw8vbXJJ2tVW5-I3jZKvC4wsoxE&amp;amp;amp;amp;amp;amp;trk=nav_responsive_tab_home","https:\/\/www.youtube.com\/channel\/UCxL0wu1uN0_3_7hGG0306cw"]},{"@type":"Person","@id":"https:\/\/www.bellunopress.it\/#\/schema\/person\/79bb06722b37ece1c03d3e94beb30d73","name":"r\u00e9daction","image":{"@type":"ImageObject","inLanguage":"fr-FR","@id":"https:\/\/secure.gravatar.com\/avatar\/37d968a2e67a6fd04c169c4bdef102d0bc5d31b2546345219e348575eb80e9a0?s=96&d=mm&r=g","url":"https:\/\/secure.gravatar.com\/avatar\/37d968a2e67a6fd04c169c4bdef102d0bc5d31b2546345219e348575eb80e9a0?s=96&d=mm&r=g","contentUrl":"https:\/\/secure.gravatar.com\/avatar\/37d968a2e67a6fd04c169c4bdef102d0bc5d31b2546345219e348575eb80e9a0?s=96&d=mm&r=g","caption":"redazione"},"sameAs":["http:\/\/www.bellunopress.it","https:\/\/x.com\/bellunopress"],"url":"https:\/\/www.bellunopress.it\/fr\/author\/redazione\/"}]}},"_links":{"self":[{"href":"https:\/\/www.bellunopress.it\/fr\/wp-json\/wp\/v2\/posts\/150410","targetHints":{"allow":["GET"]}}],"collection":[{"href":"https:\/\/www.bellunopress.it\/fr\/wp-json\/wp\/v2\/posts"}],"about":[{"href":"https:\/\/www.bellunopress.it\/fr\/wp-json\/wp\/v2\/types\/post"}],"author":[{"embeddable":true,"href":"https:\/\/www.bellunopress.it\/fr\/wp-json\/wp\/v2\/users\/2"}],"replies":[{"embeddable":true,"href":"https:\/\/www.bellunopress.it\/fr\/wp-json\/wp\/v2\/comments?post=150410"}],"version-history":[{"count":2,"href":"https:\/\/www.bellunopress.it\/fr\/wp-json\/wp\/v2\/posts\/150410\/revisions"}],"predecessor-version":[{"id":150413,"href":"https:\/\/www.bellunopress.it\/fr\/wp-json\/wp\/v2\/posts\/150410\/revisions\/150413"}],"wp:featuredmedia":[{"embeddable":true,"href":"https:\/\/www.bellunopress.it\/fr\/wp-json\/wp\/v2\/media\/150411"}],"wp:attachment":[{"href":"https:\/\/www.bellunopress.it\/fr\/wp-json\/wp\/v2\/media?parent=150410"}],"wp:term":[{"taxonomy":"category","embeddable":true,"href":"https:\/\/www.bellunopress.it\/fr\/wp-json\/wp\/v2\/categories?post=150410"},{"taxonomy":"post_tag","embeddable":true,"href":"https:\/\/www.bellunopress.it\/fr\/wp-json\/wp\/v2\/tags?post=150410"}],"curies":[{"name":"wp","href":"https:\/\/api.w.org\/{rel}","templated":true}]}}