{"id":150374,"date":"2024-04-29T18:33:04","date_gmt":"2024-04-29T16:33:04","guid":{"rendered":"https:\/\/www.bellunopress.it\/?p=150374"},"modified":"2024-04-29T19:20:06","modified_gmt":"2024-04-29T17:20:06","slug":"frazioni-partecipazione-o-ulteriore-mera-delega-i-sette-punti-individuati-dal-gruppo-insieme-per-belluno-bene-comune","status":"publish","type":"post","link":"https:\/\/www.bellunopress.it\/fr\/2024\/04\/29\/frazioni-partecipazione-o-ulteriore-mera-delega-i-sette-punti-individuati-dal-gruppo-insieme-per-belluno-bene-comune\/","title":{"rendered":"Frazioni, partecipazione o ulteriore mera delega? I sette punti individuati dal Gruppo Insieme per Belluno Bene Comune"},"content":{"rendered":"<figure id=\"attachment_139515\" aria-describedby=\"caption-attachment-139515\" style=\"width: 1000px\" class=\"wp-caption alignleft\"><img loading=\"lazy\" decoding=\"async\" class=\"size-full wp-image-139515\" src=\"https:\/\/www.bellunopress.it\/wp-content\/uploads\/2023\/02\/Insieme-per-Belluno-Bene-comune_edited.jpg\" alt=\"Gruppo Insieme per Belluno\" width=\"1000\" height=\"1000\" srcset=\"https:\/\/www.bellunopress.it\/wp-content\/uploads\/2023\/02\/Insieme-per-Belluno-Bene-comune_edited.jpg 1000w, https:\/\/www.bellunopress.it\/wp-content\/uploads\/2023\/02\/Insieme-per-Belluno-Bene-comune_edited-500x500.jpg 500w, https:\/\/www.bellunopress.it\/wp-content\/uploads\/2023\/02\/Insieme-per-Belluno-Bene-comune_edited-300x300.jpg 300w, https:\/\/www.bellunopress.it\/wp-content\/uploads\/2023\/02\/Insieme-per-Belluno-Bene-comune_edited-696x696.jpg 696w, https:\/\/www.bellunopress.it\/wp-content\/uploads\/2023\/02\/Insieme-per-Belluno-Bene-comune_edited-420x420.jpg 420w\" sizes=\"auto, (max-width: 1000px) 100vw, 1000px\" \/><figcaption id=\"caption-attachment-139515\" class=\"wp-caption-text\">Gruppo Insieme per Belluno Bene Comune<\/figcaption><\/figure>\n<p>Il 30 aprile 2024 va in discussione in Consiglio il testo del regolamento della partecipazione attiva della cittadinanza all&#8217;amministrazione del Comune di Belluno.<\/p>\n<p>Mai titolo fu pi\u00f9 fuorviante di questo.<\/p>\n<p>Gi\u00e0 dicemmo che parlando di frazioni il centro destra battezzava la carne in pesce perch\u00e8 le frazioni di cui al regolamento non sono le frazioni intese come entit\u00e0 giuridica prevista dalla legge del 1954 e quindi non possono avere neppure quelle (piccole) prerogative previste da quelle norme.<br \/>\nOra \u00e8 lo stesso estensore del regolamento che ce lo conferma, visto che all&#8217;art.2 si precisa che la delimitazione delle frazioni \u00e8 \u201cfinalizzata alla sola partecipazione attiva della cittadinanza\u201d.<\/p>\n<p>Si tratta quindi di frazioni non frazioni, ovvero di mere entit\u00e0 territoriali non &#8216;previste dalla legge, in cui si prevede una forma di rappresentanza.<\/p>\n<p>In altre parole non occorreva modificare lo Statuto perch\u00e8 ci\u00f2 era gi\u00e0 possibile fare due anni fa; non solo, chiamarle frazioni rende evidente il contrasto con quelle frazioni che gi\u00e0 storicamente esistono e che sono ben diverse da quelle delineate.<br \/>\nDetto questo, poich\u00e9 comunque noi siamo favorevoli ad ampie forme di partecipazione della cittadinanza, leggendo il regolamento ci siamo resi conto che non di partecipazione di tratta ma solo di una ulteriore delega a 27 soggetti denominati capifrazione.<\/p>\n<p>Il primo problema \u00e8 quindi come questa delega si combini con la delega che hanno ricevuto da ben pi\u00f9 ampia fascia di cittadini i 32 consiglieri comunali e poi con le realt\u00e0 esistenti( usi civici, co0mitatio etc) e gi\u00e0 qui non c&#8217;\u00e8 una risposta.<\/p>\n<p>Il secondo problema \u00e8 come mai si preveda che \u2013 eletti dai frazionisti i capifrazione- possa poi spettare al sindaco (cio\u00e8 a chi non li ha eletti) la loro revoca, come essi fossero dei sottoposti del sindaco.<\/p>\n<p>Il terzo problema \u00e8 perch\u00e8 non si vogliano far votare non solo gli ultra sedicenni ma tutti i residenti \u2013 cittadini o no- nella frazione, quando evidente \u00e8 che tutti i residenti si trovano di fronte ai medesimi problemi.<\/p>\n<p>Il quarto problema -ed il pi\u00f9 importante- \u00e8 come la partecipazione sia davvero attiva e ci\u00f2 per noi vuol, dire che non basta avere un ulteriore delegato che esponga le doglianze della frazione, ma invece che la frazione partecipi alla formazione del bilancio preventivo indicando ipotesi di investimento e priorit\u00e0 e poi verifichi ci\u00f2 che \u00e8 stato o non \u00e8 stato fatto insieme ai rappresentanti del Comune con ampio dibattito. N\u00e8 si tratta della mera sussidiariet\u00e0 sui piccoli interventi, ma -appunto- di una partecipazione alle scelte e\/o al percorso decisionale<\/p>\n<p>Il quinto problema \u00e8 la effettiva rappresentativit\u00e0 dei capifrazione (ovvero basta trovarsi in tre ed eleggiamo il capofrazione?).<\/p>\n<p>Il sesto problema \u00e8 come l&#8217;intero consiglio comunale possa fare propria questa esperienza e collaborare per la sua migliore riuscita.<\/p>\n<p>L&#8217;ultimo problema \u00e8 che quando si fa un regolamento bisogna che esso sia preciso nei termini e nelle formalit\u00e0 (quindi chi fa cosa, come e con quali scansioni temporali), perch\u00e8 sono questi dati che , se certi, permettono a tutti l&#8217;effettivo esercizio della partecipazione.<br \/>\nPer questo abbiamo presentato nove emendamenti al testo -di cui tre insieme al gruppo PD- per tentare di evitare che una occasione importante anneghi nel mare della demagogia dei tavoli mai decisivi.<br \/>\nNulla diciamo sulla delimitazione territoriale anche se vediamo con un certo incredulo sorriso che ci sar\u00e0 una \u201cfrazione centro\u201d.<\/p>\n<figure id=\"attachment_133023\" aria-describedby=\"caption-attachment-133023\" style=\"width: 1000px\" class=\"wp-caption alignleft\"><img loading=\"lazy\" decoding=\"async\" class=\"size-full wp-image-133023\" src=\"https:\/\/www.bellunopress.it\/wp-content\/uploads\/2022\/04\/francesco-rasera-berna-1_edited.jpg\" alt=\"\" width=\"1000\" height=\"849\" srcset=\"https:\/\/www.bellunopress.it\/wp-content\/uploads\/2022\/04\/francesco-rasera-berna-1_edited.jpg 1000w, https:\/\/www.bellunopress.it\/wp-content\/uploads\/2022\/04\/francesco-rasera-berna-1_edited-500x425.jpg 500w, https:\/\/www.bellunopress.it\/wp-content\/uploads\/2022\/04\/francesco-rasera-berna-1_edited-696x591.jpg 696w, https:\/\/www.bellunopress.it\/wp-content\/uploads\/2022\/04\/francesco-rasera-berna-1_edited-495x420.jpg 495w\" sizes=\"auto, (max-width: 1000px) 100vw, 1000px\" \/><figcaption id=\"caption-attachment-133023\" class=\"wp-caption-text\">Francesco Rasera Berna<\/figcaption><\/figure>\n<p><strong>Francesco Rasera Berna &#8211; <\/strong><strong>gruppo INSIEME PER BELLUNO BENE COMUNE<\/strong><\/p>","protected":false},"excerpt":{"rendered":"<p>Il 30 aprile 2024 va in discussione in Consiglio il testo del regolamento della partecipazione attiva della cittadinanza all&#8217;amministrazione del Comune di Belluno. Mai titolo fu pi\u00f9 fuorviante di questo. Gi\u00e0 dicemmo che parlando di frazioni il centro destra battezzava la carne in pesce perch\u00e8 le frazioni di cui al regolamento non sono le frazioni [&hellip;]<\/p>\n","protected":false},"author":2,"featured_media":139515,"comment_status":"closed","ping_status":"open","sticky":false,"template":"","format":"standard","meta":{"footnotes":""},"categories":[5,26],"tags":[],"class_list":["post-150374","post","type-post","status-publish","format-standard","has-post-thumbnail","category-cronaca","category-prima-pagina"],"yoast_head":"<!-- This site is optimized with the Yoast SEO plugin v28.4 - https:\/\/yoast.com\/product\/yoast-seo-wordpress\/ -->\n<title>Frazioni, partecipazione o ulteriore mera delega? I sette punti individuati dal Gruppo Insieme per Belluno Bene Comune - Bellunopress - Dolomiti<\/title>\n<meta name=\"robots\" content=\"index, follow, max-snippet:-1, max-image-preview:large, max-video-preview:-1\" \/>\n<link rel=\"canonical\" href=\"https:\/\/www.bellunopress.it\/fr\/2024\/04\/29\/frazioni-partecipazione-o-ulteriore-mera-delega-i-sette-punti-individuati-dal-gruppo-insieme-per-belluno-bene-comune\/\" \/>\n<meta property=\"og:locale\" content=\"fr_FR\" \/>\n<meta property=\"og:type\" content=\"article\" \/>\n<meta property=\"og:title\" content=\"Frazioni, partecipazione o ulteriore mera delega? I sette punti individuati dal Gruppo Insieme per Belluno Bene Comune - Bellunopress - Dolomiti\" \/>\n<meta property=\"og:description\" content=\"Il 30 aprile 2024 va in discussione in Consiglio il testo del regolamento della partecipazione attiva della cittadinanza all&#8217;amministrazione del Comune di Belluno. Mai titolo fu pi\u00f9 fuorviante di questo. Gi\u00e0 dicemmo che parlando di frazioni il centro destra battezzava la carne in pesce perch\u00e8 le frazioni di cui al regolamento non sono le frazioni [&hellip;]\" \/>\n<meta property=\"og:url\" content=\"https:\/\/www.bellunopress.it\/fr\/2024\/04\/29\/frazioni-partecipazione-o-ulteriore-mera-delega-i-sette-punti-individuati-dal-gruppo-insieme-per-belluno-bene-comune\/\" \/>\n<meta property=\"og:site_name\" content=\"Bellunopress - Dolomiti\" \/>\n<meta property=\"article:publisher\" content=\"https:\/\/www.facebook.com\/profile.php?id=100008943462799\" \/>\n<meta property=\"article:published_time\" content=\"2024-04-29T16:33:04+00:00\" \/>\n<meta property=\"article:modified_time\" content=\"2024-04-29T17:20:06+00:00\" \/>\n<meta property=\"og:image\" content=\"https:\/\/www.bellunopress.it\/wp-content\/uploads\/2023\/02\/Insieme-per-Belluno-Bene-comune_edited.jpg\" \/>\n\t<meta property=\"og:image:width\" content=\"1000\" \/>\n\t<meta property=\"og:image:height\" content=\"1000\" \/>\n\t<meta property=\"og:image:type\" content=\"image\/jpeg\" \/>\n<meta name=\"author\" content=\"redazione\" \/>\n<meta name=\"twitter:card\" content=\"summary_large_image\" \/>\n<meta name=\"twitter:creator\" content=\"@bellunopress\" \/>\n<meta name=\"twitter:site\" content=\"@bellunopress\" \/>\n<meta name=\"twitter:label1\" content=\"\u00c9crit par\" \/>\n\t<meta name=\"twitter:data1\" content=\"redazione\" \/>\n\t<meta name=\"twitter:label2\" content=\"Dur\u00e9e de lecture estim\u00e9e\" \/>\n\t<meta name=\"twitter:data2\" content=\"3 minutes\" \/>\n<script type=\"application\/ld+json\" class=\"yoast-schema-graph\">{\"@context\":\"https:\\\/\\\/schema.org\",\"@graph\":[{\"@type\":\"Article\",\"@id\":\"https:\\\/\\\/www.bellunopress.it\\\/2024\\\/04\\\/29\\\/frazioni-partecipazione-o-ulteriore-mera-delega-i-sette-punti-individuati-dal-gruppo-insieme-per-belluno-bene-comune\\\/#article\",\"isPartOf\":{\"@id\":\"https:\\\/\\\/www.bellunopress.it\\\/2024\\\/04\\\/29\\\/frazioni-partecipazione-o-ulteriore-mera-delega-i-sette-punti-individuati-dal-gruppo-insieme-per-belluno-bene-comune\\\/\"},\"author\":{\"name\":\"redazione\",\"@id\":\"https:\\\/\\\/www.bellunopress.it\\\/#\\\/schema\\\/person\\\/79bb06722b37ece1c03d3e94beb30d73\"},\"headline\":\"Frazioni, partecipazione o ulteriore mera delega? I sette punti individuati dal Gruppo Insieme per Belluno Bene Comune\",\"datePublished\":\"2024-04-29T16:33:04+00:00\",\"dateModified\":\"2024-04-29T17:20:06+00:00\",\"mainEntityOfPage\":{\"@id\":\"https:\\\/\\\/www.bellunopress.it\\\/2024\\\/04\\\/29\\\/frazioni-partecipazione-o-ulteriore-mera-delega-i-sette-punti-individuati-dal-gruppo-insieme-per-belluno-bene-comune\\\/\"},\"wordCount\":588,\"publisher\":{\"@id\":\"https:\\\/\\\/www.bellunopress.it\\\/#organization\"},\"image\":{\"@id\":\"https:\\\/\\\/www.bellunopress.it\\\/2024\\\/04\\\/29\\\/frazioni-partecipazione-o-ulteriore-mera-delega-i-sette-punti-individuati-dal-gruppo-insieme-per-belluno-bene-comune\\\/#primaryimage\"},\"thumbnailUrl\":\"https:\\\/\\\/www.bellunopress.it\\\/wp-content\\\/uploads\\\/2023\\\/02\\\/Insieme-per-Belluno-Bene-comune_edited.jpg\",\"articleSection\":[\"Cronaca\\\/Politica\",\"Prima Pagina\"],\"inLanguage\":\"fr-FR\"},{\"@type\":\"WebPage\",\"@id\":\"https:\\\/\\\/www.bellunopress.it\\\/2024\\\/04\\\/29\\\/frazioni-partecipazione-o-ulteriore-mera-delega-i-sette-punti-individuati-dal-gruppo-insieme-per-belluno-bene-comune\\\/\",\"url\":\"https:\\\/\\\/www.bellunopress.it\\\/2024\\\/04\\\/29\\\/frazioni-partecipazione-o-ulteriore-mera-delega-i-sette-punti-individuati-dal-gruppo-insieme-per-belluno-bene-comune\\\/\",\"name\":\"Frazioni, partecipazione o ulteriore mera delega? I sette punti individuati dal Gruppo Insieme per Belluno Bene Comune - Bellunopress - Dolomiti\",\"isPartOf\":{\"@id\":\"https:\\\/\\\/www.bellunopress.it\\\/#website\"},\"primaryImageOfPage\":{\"@id\":\"https:\\\/\\\/www.bellunopress.it\\\/2024\\\/04\\\/29\\\/frazioni-partecipazione-o-ulteriore-mera-delega-i-sette-punti-individuati-dal-gruppo-insieme-per-belluno-bene-comune\\\/#primaryimage\"},\"image\":{\"@id\":\"https:\\\/\\\/www.bellunopress.it\\\/2024\\\/04\\\/29\\\/frazioni-partecipazione-o-ulteriore-mera-delega-i-sette-punti-individuati-dal-gruppo-insieme-per-belluno-bene-comune\\\/#primaryimage\"},\"thumbnailUrl\":\"https:\\\/\\\/www.bellunopress.it\\\/wp-content\\\/uploads\\\/2023\\\/02\\\/Insieme-per-Belluno-Bene-comune_edited.jpg\",\"datePublished\":\"2024-04-29T16:33:04+00:00\",\"dateModified\":\"2024-04-29T17:20:06+00:00\",\"breadcrumb\":{\"@id\":\"https:\\\/\\\/www.bellunopress.it\\\/2024\\\/04\\\/29\\\/frazioni-partecipazione-o-ulteriore-mera-delega-i-sette-punti-individuati-dal-gruppo-insieme-per-belluno-bene-comune\\\/#breadcrumb\"},\"inLanguage\":\"fr-FR\",\"potentialAction\":[{\"@type\":\"ReadAction\",\"target\":[\"https:\\\/\\\/www.bellunopress.it\\\/2024\\\/04\\\/29\\\/frazioni-partecipazione-o-ulteriore-mera-delega-i-sette-punti-individuati-dal-gruppo-insieme-per-belluno-bene-comune\\\/\"]}]},{\"@type\":\"ImageObject\",\"inLanguage\":\"fr-FR\",\"@id\":\"https:\\\/\\\/www.bellunopress.it\\\/2024\\\/04\\\/29\\\/frazioni-partecipazione-o-ulteriore-mera-delega-i-sette-punti-individuati-dal-gruppo-insieme-per-belluno-bene-comune\\\/#primaryimage\",\"url\":\"https:\\\/\\\/www.bellunopress.it\\\/wp-content\\\/uploads\\\/2023\\\/02\\\/Insieme-per-Belluno-Bene-comune_edited.jpg\",\"contentUrl\":\"https:\\\/\\\/www.bellunopress.it\\\/wp-content\\\/uploads\\\/2023\\\/02\\\/Insieme-per-Belluno-Bene-comune_edited.jpg\",\"width\":1000,\"height\":1000,\"caption\":\"Gruppo Insieme per Belluno Bene Comune\"},{\"@type\":\"BreadcrumbList\",\"@id\":\"https:\\\/\\\/www.bellunopress.it\\\/2024\\\/04\\\/29\\\/frazioni-partecipazione-o-ulteriore-mera-delega-i-sette-punti-individuati-dal-gruppo-insieme-per-belluno-bene-comune\\\/#breadcrumb\",\"itemListElement\":[{\"@type\":\"ListItem\",\"position\":1,\"name\":\"Home\",\"item\":\"https:\\\/\\\/www.bellunopress.it\\\/\"},{\"@type\":\"ListItem\",\"position\":2,\"name\":\"Frazioni, partecipazione o ulteriore mera delega? I sette punti individuati dal Gruppo Insieme per Belluno Bene Comune\"}]},{\"@type\":\"WebSite\",\"@id\":\"https:\\\/\\\/www.bellunopress.it\\\/#website\",\"url\":\"https:\\\/\\\/www.bellunopress.it\\\/\",\"name\":\"Bellunopress - Dolomiti\",\"description\":\"e-mail: redazione@bellunopress.it\",\"publisher\":{\"@id\":\"https:\\\/\\\/www.bellunopress.it\\\/#organization\"},\"potentialAction\":[{\"@type\":\"SearchAction\",\"target\":{\"@type\":\"EntryPoint\",\"urlTemplate\":\"https:\\\/\\\/www.bellunopress.it\\\/?s={search_term_string}\"},\"query-input\":{\"@type\":\"PropertyValueSpecification\",\"valueRequired\":true,\"valueName\":\"search_term_string\"}}],\"inLanguage\":\"fr-FR\"},{\"@type\":\"Organization\",\"@id\":\"https:\\\/\\\/www.bellunopress.it\\\/#organization\",\"name\":\"Bellunopress\",\"url\":\"https:\\\/\\\/www.bellunopress.it\\\/\",\"logo\":{\"@type\":\"ImageObject\",\"inLanguage\":\"fr-FR\",\"@id\":\"https:\\\/\\\/www.bellunopress.it\\\/#\\\/schema\\\/logo\\\/image\\\/\",\"url\":\"https:\\\/\\\/www.bellunopress.it\\\/wp-content\\\/uploads\\\/2011\\\/05\\\/cropped-logo-bellunopress-.jpg\",\"contentUrl\":\"https:\\\/\\\/www.bellunopress.it\\\/wp-content\\\/uploads\\\/2011\\\/05\\\/cropped-logo-bellunopress-.jpg\",\"width\":512,\"height\":512,\"caption\":\"Bellunopress\"},\"image\":{\"@id\":\"https:\\\/\\\/www.bellunopress.it\\\/#\\\/schema\\\/logo\\\/image\\\/\"},\"sameAs\":[\"https:\\\/\\\/www.facebook.com\\\/profile.php?id=100008943462799\",\"https:\\\/\\\/x.com\\\/bellunopress\",\"https:\\\/\\\/www.linkedin.com\\\/hp\\\/?dnr=JBzUWaJfMUw8vbXJJ2tVW5-I3jZKvC4wsoxE&amp;amp;amp;amp;amp;amp;trk=nav_responsive_tab_home\",\"https:\\\/\\\/www.youtube.com\\\/channel\\\/UCxL0wu1uN0_3_7hGG0306cw\"]},{\"@type\":\"Person\",\"@id\":\"https:\\\/\\\/www.bellunopress.it\\\/#\\\/schema\\\/person\\\/79bb06722b37ece1c03d3e94beb30d73\",\"name\":\"redazione\",\"image\":{\"@type\":\"ImageObject\",\"inLanguage\":\"fr-FR\",\"@id\":\"https:\\\/\\\/secure.gravatar.com\\\/avatar\\\/37d968a2e67a6fd04c169c4bdef102d0bc5d31b2546345219e348575eb80e9a0?s=96&d=mm&r=g\",\"url\":\"https:\\\/\\\/secure.gravatar.com\\\/avatar\\\/37d968a2e67a6fd04c169c4bdef102d0bc5d31b2546345219e348575eb80e9a0?s=96&d=mm&r=g\",\"contentUrl\":\"https:\\\/\\\/secure.gravatar.com\\\/avatar\\\/37d968a2e67a6fd04c169c4bdef102d0bc5d31b2546345219e348575eb80e9a0?s=96&d=mm&r=g\",\"caption\":\"redazione\"},\"sameAs\":[\"http:\\\/\\\/www.bellunopress.it\",\"https:\\\/\\\/x.com\\\/bellunopress\"],\"url\":\"https:\\\/\\\/www.bellunopress.it\\\/fr\\\/author\\\/redazione\\\/\"}]}<\/script>\n<!-- \/ Yoast SEO plugin. -->","yoast_head_json":{"title":"Frazioni, partecipazione o ulteriore mera delega? I sette punti individuati dal Gruppo Insieme per Belluno Bene Comune - Bellunopress - Dolomiti","robots":{"index":"index","follow":"follow","max-snippet":"max-snippet:-1","max-image-preview":"max-image-preview:large","max-video-preview":"max-video-preview:-1"},"canonical":"https:\/\/www.bellunopress.it\/fr\/2024\/04\/29\/frazioni-partecipazione-o-ulteriore-mera-delega-i-sette-punti-individuati-dal-gruppo-insieme-per-belluno-bene-comune\/","og_locale":"fr_FR","og_type":"article","og_title":"Frazioni, partecipazione o ulteriore mera delega? I sette punti individuati dal Gruppo Insieme per Belluno Bene Comune - Bellunopress - Dolomiti","og_description":"Il 30 aprile 2024 va in discussione in Consiglio il testo del regolamento della partecipazione attiva della cittadinanza all&#8217;amministrazione del Comune di Belluno. Mai titolo fu pi\u00f9 fuorviante di questo. Gi\u00e0 dicemmo che parlando di frazioni il centro destra battezzava la carne in pesce perch\u00e8 le frazioni di cui al regolamento non sono le frazioni [&hellip;]","og_url":"https:\/\/www.bellunopress.it\/fr\/2024\/04\/29\/frazioni-partecipazione-o-ulteriore-mera-delega-i-sette-punti-individuati-dal-gruppo-insieme-per-belluno-bene-comune\/","og_site_name":"Bellunopress - Dolomiti","article_publisher":"https:\/\/www.facebook.com\/profile.php?id=100008943462799","article_published_time":"2024-04-29T16:33:04+00:00","article_modified_time":"2024-04-29T17:20:06+00:00","og_image":[{"width":1000,"height":1000,"url":"https:\/\/www.bellunopress.it\/wp-content\/uploads\/2023\/02\/Insieme-per-Belluno-Bene-comune_edited.jpg","type":"image\/jpeg"}],"author":"redazione","twitter_card":"summary_large_image","twitter_creator":"@bellunopress","twitter_site":"@bellunopress","twitter_misc":{"\u00c9crit par":"redazione","Dur\u00e9e de lecture estim\u00e9e":"3 minutes"},"schema":{"@context":"https:\/\/schema.org","@graph":[{"@type":"Article","@id":"https:\/\/www.bellunopress.it\/2024\/04\/29\/frazioni-partecipazione-o-ulteriore-mera-delega-i-sette-punti-individuati-dal-gruppo-insieme-per-belluno-bene-comune\/#article","isPartOf":{"@id":"https:\/\/www.bellunopress.it\/2024\/04\/29\/frazioni-partecipazione-o-ulteriore-mera-delega-i-sette-punti-individuati-dal-gruppo-insieme-per-belluno-bene-comune\/"},"author":{"name":"redazione","@id":"https:\/\/www.bellunopress.it\/#\/schema\/person\/79bb06722b37ece1c03d3e94beb30d73"},"headline":"Frazioni, partecipazione o ulteriore mera delega? I sette punti individuati dal Gruppo Insieme per Belluno Bene Comune","datePublished":"2024-04-29T16:33:04+00:00","dateModified":"2024-04-29T17:20:06+00:00","mainEntityOfPage":{"@id":"https:\/\/www.bellunopress.it\/2024\/04\/29\/frazioni-partecipazione-o-ulteriore-mera-delega-i-sette-punti-individuati-dal-gruppo-insieme-per-belluno-bene-comune\/"},"wordCount":588,"publisher":{"@id":"https:\/\/www.bellunopress.it\/#organization"},"image":{"@id":"https:\/\/www.bellunopress.it\/2024\/04\/29\/frazioni-partecipazione-o-ulteriore-mera-delega-i-sette-punti-individuati-dal-gruppo-insieme-per-belluno-bene-comune\/#primaryimage"},"thumbnailUrl":"https:\/\/www.bellunopress.it\/wp-content\/uploads\/2023\/02\/Insieme-per-Belluno-Bene-comune_edited.jpg","articleSection":["Cronaca\/Politica","Prima Pagina"],"inLanguage":"fr-FR"},{"@type":"WebPage","@id":"https:\/\/www.bellunopress.it\/2024\/04\/29\/frazioni-partecipazione-o-ulteriore-mera-delega-i-sette-punti-individuati-dal-gruppo-insieme-per-belluno-bene-comune\/","url":"https:\/\/www.bellunopress.it\/2024\/04\/29\/frazioni-partecipazione-o-ulteriore-mera-delega-i-sette-punti-individuati-dal-gruppo-insieme-per-belluno-bene-comune\/","name":"Frazioni, partecipazione o ulteriore mera delega? I sette punti individuati dal Gruppo Insieme per Belluno Bene Comune - Bellunopress - Dolomiti","isPartOf":{"@id":"https:\/\/www.bellunopress.it\/#website"},"primaryImageOfPage":{"@id":"https:\/\/www.bellunopress.it\/2024\/04\/29\/frazioni-partecipazione-o-ulteriore-mera-delega-i-sette-punti-individuati-dal-gruppo-insieme-per-belluno-bene-comune\/#primaryimage"},"image":{"@id":"https:\/\/www.bellunopress.it\/2024\/04\/29\/frazioni-partecipazione-o-ulteriore-mera-delega-i-sette-punti-individuati-dal-gruppo-insieme-per-belluno-bene-comune\/#primaryimage"},"thumbnailUrl":"https:\/\/www.bellunopress.it\/wp-content\/uploads\/2023\/02\/Insieme-per-Belluno-Bene-comune_edited.jpg","datePublished":"2024-04-29T16:33:04+00:00","dateModified":"2024-04-29T17:20:06+00:00","breadcrumb":{"@id":"https:\/\/www.bellunopress.it\/2024\/04\/29\/frazioni-partecipazione-o-ulteriore-mera-delega-i-sette-punti-individuati-dal-gruppo-insieme-per-belluno-bene-comune\/#breadcrumb"},"inLanguage":"fr-FR","potentialAction":[{"@type":"ReadAction","target":["https:\/\/www.bellunopress.it\/2024\/04\/29\/frazioni-partecipazione-o-ulteriore-mera-delega-i-sette-punti-individuati-dal-gruppo-insieme-per-belluno-bene-comune\/"]}]},{"@type":"ImageObject","inLanguage":"fr-FR","@id":"https:\/\/www.bellunopress.it\/2024\/04\/29\/frazioni-partecipazione-o-ulteriore-mera-delega-i-sette-punti-individuati-dal-gruppo-insieme-per-belluno-bene-comune\/#primaryimage","url":"https:\/\/www.bellunopress.it\/wp-content\/uploads\/2023\/02\/Insieme-per-Belluno-Bene-comune_edited.jpg","contentUrl":"https:\/\/www.bellunopress.it\/wp-content\/uploads\/2023\/02\/Insieme-per-Belluno-Bene-comune_edited.jpg","width":1000,"height":1000,"caption":"Gruppo Insieme per Belluno Bene Comune"},{"@type":"BreadcrumbList","@id":"https:\/\/www.bellunopress.it\/2024\/04\/29\/frazioni-partecipazione-o-ulteriore-mera-delega-i-sette-punti-individuati-dal-gruppo-insieme-per-belluno-bene-comune\/#breadcrumb","itemListElement":[{"@type":"ListItem","position":1,"name":"Home","item":"https:\/\/www.bellunopress.it\/"},{"@type":"ListItem","position":2,"name":"Frazioni, partecipazione o ulteriore mera delega? I sette punti individuati dal Gruppo Insieme per Belluno Bene Comune"}]},{"@type":"WebSite","@id":"https:\/\/www.bellunopress.it\/#website","url":"https:\/\/www.bellunopress.it\/","name":"Bellunopress - Dolomiti","description":"e-mail: redazione@bellunopress.it","publisher":{"@id":"https:\/\/www.bellunopress.it\/#organization"},"potentialAction":[{"@type":"SearchAction","target":{"@type":"EntryPoint","urlTemplate":"https:\/\/www.bellunopress.it\/?s={search_term_string}"},"query-input":{"@type":"PropertyValueSpecification","valueRequired":true,"valueName":"search_term_string"}}],"inLanguage":"fr-FR"},{"@type":"Organization","@id":"https:\/\/www.bellunopress.it\/#organization","name":"Bellunopress","url":"https:\/\/www.bellunopress.it\/","logo":{"@type":"ImageObject","inLanguage":"fr-FR","@id":"https:\/\/www.bellunopress.it\/#\/schema\/logo\/image\/","url":"https:\/\/www.bellunopress.it\/wp-content\/uploads\/2011\/05\/cropped-logo-bellunopress-.jpg","contentUrl":"https:\/\/www.bellunopress.it\/wp-content\/uploads\/2011\/05\/cropped-logo-bellunopress-.jpg","width":512,"height":512,"caption":"Bellunopress"},"image":{"@id":"https:\/\/www.bellunopress.it\/#\/schema\/logo\/image\/"},"sameAs":["https:\/\/www.facebook.com\/profile.php?id=100008943462799","https:\/\/x.com\/bellunopress","https:\/\/www.linkedin.com\/hp\/?dnr=JBzUWaJfMUw8vbXJJ2tVW5-I3jZKvC4wsoxE&amp;amp;amp;amp;amp;amp;trk=nav_responsive_tab_home","https:\/\/www.youtube.com\/channel\/UCxL0wu1uN0_3_7hGG0306cw"]},{"@type":"Person","@id":"https:\/\/www.bellunopress.it\/#\/schema\/person\/79bb06722b37ece1c03d3e94beb30d73","name":"r\u00e9daction","image":{"@type":"ImageObject","inLanguage":"fr-FR","@id":"https:\/\/secure.gravatar.com\/avatar\/37d968a2e67a6fd04c169c4bdef102d0bc5d31b2546345219e348575eb80e9a0?s=96&d=mm&r=g","url":"https:\/\/secure.gravatar.com\/avatar\/37d968a2e67a6fd04c169c4bdef102d0bc5d31b2546345219e348575eb80e9a0?s=96&d=mm&r=g","contentUrl":"https:\/\/secure.gravatar.com\/avatar\/37d968a2e67a6fd04c169c4bdef102d0bc5d31b2546345219e348575eb80e9a0?s=96&d=mm&r=g","caption":"redazione"},"sameAs":["http:\/\/www.bellunopress.it","https:\/\/x.com\/bellunopress"],"url":"https:\/\/www.bellunopress.it\/fr\/author\/redazione\/"}]}},"_links":{"self":[{"href":"https:\/\/www.bellunopress.it\/fr\/wp-json\/wp\/v2\/posts\/150374","targetHints":{"allow":["GET"]}}],"collection":[{"href":"https:\/\/www.bellunopress.it\/fr\/wp-json\/wp\/v2\/posts"}],"about":[{"href":"https:\/\/www.bellunopress.it\/fr\/wp-json\/wp\/v2\/types\/post"}],"author":[{"embeddable":true,"href":"https:\/\/www.bellunopress.it\/fr\/wp-json\/wp\/v2\/users\/2"}],"replies":[{"embeddable":true,"href":"https:\/\/www.bellunopress.it\/fr\/wp-json\/wp\/v2\/comments?post=150374"}],"version-history":[{"count":3,"href":"https:\/\/www.bellunopress.it\/fr\/wp-json\/wp\/v2\/posts\/150374\/revisions"}],"predecessor-version":[{"id":150381,"href":"https:\/\/www.bellunopress.it\/fr\/wp-json\/wp\/v2\/posts\/150374\/revisions\/150381"}],"wp:featuredmedia":[{"embeddable":true,"href":"https:\/\/www.bellunopress.it\/fr\/wp-json\/wp\/v2\/media\/139515"}],"wp:attachment":[{"href":"https:\/\/www.bellunopress.it\/fr\/wp-json\/wp\/v2\/media?parent=150374"}],"wp:term":[{"taxonomy":"category","embeddable":true,"href":"https:\/\/www.bellunopress.it\/fr\/wp-json\/wp\/v2\/categories?post=150374"},{"taxonomy":"post_tag","embeddable":true,"href":"https:\/\/www.bellunopress.it\/fr\/wp-json\/wp\/v2\/tags?post=150374"}],"curies":[{"name":"wp","href":"https:\/\/api.w.org\/{rel}","templated":true}]}}