{"id":150367,"date":"2024-04-29T15:57:44","date_gmt":"2024-04-29T13:57:44","guid":{"rendered":"https:\/\/www.bellunopress.it\/?p=150367"},"modified":"2024-04-29T15:57:44","modified_gmt":"2024-04-29T13:57:44","slug":"tempo-sospeso-alla-casa-delle-arti-ab-dance-e-tib-teatro-insieme-per-una-coproduzione-internazionale","status":"publish","type":"post","link":"https:\/\/www.bellunopress.it\/fr\/2024\/04\/29\/tempo-sospeso-alla-casa-delle-arti-ab-dance-e-tib-teatro-insieme-per-una-coproduzione-internazionale\/","title":{"rendered":"Tempo sospeso. Alla Casa delle Arti, Ab Dance e Tib Teatro insieme per una coproduzione internazionale"},"content":{"rendered":"<figure id=\"attachment_128198\" aria-describedby=\"caption-attachment-128198\" style=\"width: 512px\" class=\"wp-caption alignleft\"><img loading=\"lazy\" decoding=\"async\" class=\"size-full wp-image-128198\" src=\"https:\/\/www.bellunopress.it\/wp-content\/uploads\/2021\/09\/casa-delle-arti-teatro-Belluno.jpg\" alt=\"Casa delle Arti, ex Caserma Piave - Belluno\" width=\"512\" height=\"384\" srcset=\"https:\/\/www.bellunopress.it\/wp-content\/uploads\/2021\/09\/casa-delle-arti-teatro-Belluno.jpg 512w, https:\/\/www.bellunopress.it\/wp-content\/uploads\/2021\/09\/casa-delle-arti-teatro-Belluno-500x375.jpg 500w, https:\/\/www.bellunopress.it\/wp-content\/uploads\/2021\/09\/casa-delle-arti-teatro-Belluno-80x60.jpg 80w, https:\/\/www.bellunopress.it\/wp-content\/uploads\/2021\/09\/casa-delle-arti-teatro-Belluno-265x198.jpg 265w\" sizes=\"auto, (max-width: 512px) 100vw, 512px\" \/><figcaption id=\"caption-attachment-128198\" class=\"wp-caption-text\">Casa delle Arti &#8211; Belluno<\/figcaption><\/figure>\n<p>Alla Casa delle Arti- spazio riqualificato da Tib Teatro presso l\u2019ex Caserma Piave \u2013 sono in corso le prove per Tempo Sospeso \u2013 un progetto di Adriana Borriello e Thierry De Mey, produzione AB Dance Research in coproduzione con Charleroi Danse, Ero\u00efca Productions, Tib Teatro.<\/p>\n<p><strong>Adriana Borriello<\/strong> \u00e8 artista di rilievo internazionale danzatrice, coreografa e pedagoga, diplomata all\u2019Accademia Nazionale di danza e al Mudra di Maurice B\u00e9jart a Bruxelles. Partecipa alla fondazione del gruppo belga Rosas di Anne Teresa de Keersmaeker. Nel 1986 forma, a Parigi, una propria compagnia, che trasferisce poi in Italia. I suoi spettacoli, per lo pi\u00f9 frutto di coproduzioni internazionali, sono presentati nei pi\u00f9 prestigiosi festival e teatri italiani e stranieri. L\u2019esigenza di un lavoro vivo con la musica d\u00e0 spazio a collaborazioni importanti con compositori e musicisti quali Michael Nyman, Giovanna Marini, Alexander Balanescu, Daniel Bacalov, Thierry De Mey. A fine anni \u201890 realizza il primo progetto pilota italiano di residenza coreografica triennale presso i Teatridithalia di Milano. Tra le ultime produzioni: Duo Goldberg, che debutta al Napoli Teatro Festival nel giugno 2018 e Open Octagon Score_azione coreografica in forma di rito, performance site specific realizzata per l\u2019Aula Ottagona della Domus Aurea e Teen Motion_Roma22, performance con 20 adolescenti. Dal 1982 svolge una parallela attivit\u00e0 didattica in Italia e all\u2019estero: Civica Scuola di Arte Drammatica Paolo Grassi di Milano, Universit\u00e0 La Sapienza di Roma, Teatro Stabile di Torino, Universit\u00e0 Roma Tre, Nomadic College, E.T.I. \u2013 C.R.U.D. Universit\u00e0 di Torino, La Biennale di Venezia, Beijin Dance Academy, Bedfordshire University of Performing Arts. Tra il 1998 e il 2014 per l\u2019Accademia Nazionale di Danza \u00e8 docente del biennio specialistico di coreografia, e coreografa realizzando 15 lavori per grandi organici. Dal 2012 al 2014 \u00e8 Direttore artistico del Progetto Danza del Teatro Carlo Gesualdo di Avellino. Nel 2022 riceve il premio internazionale alla carriera Ivo Chiesa, per il settore coreografia.<\/p>\n<p><strong>Thierry De Mey<\/strong> \u00e8 un compositore e regista belga. Gran parte della sua produzione musicale \u00e8 destinata alla danza e al cinema. La sua musica \u00e8 stata eseguita da importanti ensemble come l&#8217;Arditti Quartet, l&#8217;Hilliard Ensemble, London Sinfonietta, Ensemble Modern, Muzikfabrik e l&#8217;Orchestre Symphonique de Lille. Le installazioni di Thierry De Mey in cui musica, danza, video e processi interattivi lavorano insieme, presenti in molti musei, sono state ospiti di prestigiosi eventi e festival: Musiques en Sc\u00e8ne di Lione, Biennale di Venezia, Biennale di Charleroi e alla Philharmonie de Paris ecc, ed hanno ricevuto Premi internazionali: Bessie Awards, Eve du Spectacle, Forum des compositeurs de l&#8217;Unesco, FIPA. Per il film\/installazione Deep in the wood ha coinvolto pi\u00f9 di 70 danzatori\/coreografi. Una sensazione istintiva per il movimento guida l&#8217;intero suo lavoro, permettendogli di affrontare e integrare una variet\u00e0 di discipline. La premessa alla base della sua scrittura musicale e filmica \u00e8 il desiderio che il ritmo venga sperimentato nel corpo o nei corpi.<\/p>\n<p>Cos\u00ec accade per Tempo sospeso, opera trans-disciplinare, per la quale ha creato un\u2019installazione-foresta di bambu\u0300 sospesi e intonati, una musica fatta di suoni elettroacustici captati dal vivo e partiture strumentali registrate, mossa, suonata, trasfigurata dai corpi e dalla luce. La danza si propaga ai bambu\u0300, produce suono che, elaborato, crea musica.<br \/>\nUn progetto che prende forma ora attraverso la residenza creativa dell\u2019intero cast artistico a Belluno alla Casa delle Arti spazio, idoneo ad accogliere nella sua grande Sala prove, la possente installazione di ben 1100 bamb\u00f9 , montata con cura dai tecnici di AB Dance e dal tecnico di Tib Teatro Francesco Manzoni.<br \/>\nLa foresta di bambu\u0300 e\u0300 presenza imponente ed evocatrice che svela e nasconde, che occupa lo spazio e lo ritma, lo scandisce nei pieni e nei vuoti, lo conforma, lo significa. E\u0300 presenza che si vede, si ascolta, si odora, si \u201csente\u201d. E poi e\u0300 agita, mossa, suonata, scolpita, abitata, trasfigurata dai corpi, dai suoni, dalla luce. La scrittura coreografica organizza la relazione spazio-temporale di danzatori e bambu\u0300 tra visione e ascolto, \u201csuono del movimento\u201d e \u201cmovimento del suono\u201d, tra l\u2019udibile visibile e il visibile udibile, tra gli strati e le forme del tempo, lineare, ciclico, relativo. Essa si ispira liberamente alla teoria dei cinque elementi della tradizione cinese, al loro legame coi punti cardinali, i colori, gli organi, le consistenze, gli umori, gli stati dell\u2019essere&#8230; ai concetti di ciclo e trasformazione, di andata e ritorno.<br \/>\nTempo sospeso integra e prosegue la ricerca coreutico-musicale di Borriello e De Mey e ne accoglie le loro attuali ricerche estetiche cos\u00ec come Tib Teatro con la co-produzione di questo progetto accoglie e assolve a pieno la sua vocazione di Centro di produzioni artistiche transdisciplinari, Casa delle Arti che consente il confronto tra artisti di differenti discipline e tra questi e la comunit\u00e0, ponendo Belluno, in condizioni di pari dignit\u00e0 con altri Centri artistici a livello europeo.<\/p>\n<p>Del cast fanno parte oltre alla stessa Borriello -coreografa e danzatrice &#8211; i 5 danzatori Erica Bravini, Michele Ermini, Michael Incarbone, Donatella Morrone, Ilenia Romano, che col loro corpo e il suono del loro movimento, attraversano la Foresta di Bamb\u00f9; Thierry de May &#8211; creatore dell\u2019installazione e della musica; e il sound artist e tecnico del suono Edoardo Maria Bellucci specializzato nella composizione contemporanea elettronica ed elettroacustica che ha elaborato un sistema dove il corpo del danzatore, in interazione coi bambu\u0300, e\u0300 contemporaneamente eccitatore e risonatore di un fenomeno acustico. Il disegno luci \u00e8 di Th\u00e9o Longuemare.<\/p>\n<p>Il debutto, dopo la residenza creativa alla Casa delle Arti, \u00e8 previsto a Luglio a Fuori Formato, Festival internazionale di danza contemporanea di Roma \u2013 negli spazi di Teatro India.<\/p>","protected":false},"excerpt":{"rendered":"<p>Alla Casa delle Arti- spazio riqualificato da Tib Teatro presso l\u2019ex Caserma Piave \u2013 sono in corso le prove per Tempo Sospeso \u2013 un progetto di Adriana Borriello e Thierry De Mey, produzione AB Dance Research in coproduzione con Charleroi Danse, Ero\u00efca Productions, Tib Teatro. Adriana Borriello \u00e8 artista di rilievo internazionale danzatrice, coreografa e [&hellip;]<\/p>\n","protected":false},"author":2,"featured_media":123363,"comment_status":"closed","ping_status":"open","sticky":false,"template":"","format":"standard","meta":{"footnotes":""},"categories":[3,25,8],"tags":[],"class_list":["post-150367","post","type-post","status-publish","format-standard","has-post-thumbnail","category-arte-cultura-spettacoli-scienza-archivi","category-pausa-caffe","category-societa-istituzioni"],"yoast_head":"<!-- This site is optimized with the Yoast SEO plugin v28.4 - https:\/\/yoast.com\/product\/yoast-seo-wordpress\/ -->\n<title>Tempo sospeso. Alla Casa delle Arti, Ab Dance e Tib Teatro insieme per una coproduzione internazionale - Bellunopress - Dolomiti<\/title>\n<meta name=\"robots\" content=\"index, follow, max-snippet:-1, max-image-preview:large, max-video-preview:-1\" \/>\n<link rel=\"canonical\" href=\"https:\/\/www.bellunopress.it\/fr\/2024\/04\/29\/tempo-sospeso-alla-casa-delle-arti-ab-dance-e-tib-teatro-insieme-per-una-coproduzione-internazionale\/\" \/>\n<meta property=\"og:locale\" content=\"fr_FR\" \/>\n<meta property=\"og:type\" content=\"article\" \/>\n<meta property=\"og:title\" content=\"Tempo sospeso. Alla Casa delle Arti, Ab Dance e Tib Teatro insieme per una coproduzione internazionale - Bellunopress - Dolomiti\" \/>\n<meta property=\"og:description\" content=\"Alla Casa delle Arti- spazio riqualificato da Tib Teatro presso l\u2019ex Caserma Piave \u2013 sono in corso le prove per Tempo Sospeso \u2013 un progetto di Adriana Borriello e Thierry De Mey, produzione AB Dance Research in coproduzione con Charleroi Danse, Ero\u00efca Productions, Tib Teatro. Adriana Borriello \u00e8 artista di rilievo internazionale danzatrice, coreografa e [&hellip;]\" \/>\n<meta property=\"og:url\" content=\"https:\/\/www.bellunopress.it\/fr\/2024\/04\/29\/tempo-sospeso-alla-casa-delle-arti-ab-dance-e-tib-teatro-insieme-per-una-coproduzione-internazionale\/\" \/>\n<meta property=\"og:site_name\" content=\"Bellunopress - Dolomiti\" \/>\n<meta property=\"article:publisher\" content=\"https:\/\/www.facebook.com\/profile.php?id=100008943462799\" \/>\n<meta property=\"article:published_time\" content=\"2024-04-29T13:57:44+00:00\" \/>\n<meta property=\"og:image\" content=\"https:\/\/www.bellunopress.it\/wp-content\/uploads\/2021\/04\/Casa-delle-arti_edited.jpg\" \/>\n\t<meta property=\"og:image:width\" content=\"725\" \/>\n\t<meta property=\"og:image:height\" content=\"907\" \/>\n\t<meta property=\"og:image:type\" content=\"image\/jpeg\" \/>\n<meta name=\"author\" content=\"redazione\" \/>\n<meta name=\"twitter:card\" content=\"summary_large_image\" \/>\n<meta name=\"twitter:creator\" content=\"@bellunopress\" \/>\n<meta name=\"twitter:site\" content=\"@bellunopress\" \/>\n<meta name=\"twitter:label1\" content=\"\u00c9crit par\" \/>\n\t<meta name=\"twitter:data1\" content=\"redazione\" \/>\n\t<meta name=\"twitter:label2\" content=\"Dur\u00e9e de lecture estim\u00e9e\" \/>\n\t<meta name=\"twitter:data2\" content=\"5 minutes\" \/>\n<script type=\"application\/ld+json\" class=\"yoast-schema-graph\">{\"@context\":\"https:\\\/\\\/schema.org\",\"@graph\":[{\"@type\":\"Article\",\"@id\":\"https:\\\/\\\/www.bellunopress.it\\\/2024\\\/04\\\/29\\\/tempo-sospeso-alla-casa-delle-arti-ab-dance-e-tib-teatro-insieme-per-una-coproduzione-internazionale\\\/#article\",\"isPartOf\":{\"@id\":\"https:\\\/\\\/www.bellunopress.it\\\/2024\\\/04\\\/29\\\/tempo-sospeso-alla-casa-delle-arti-ab-dance-e-tib-teatro-insieme-per-una-coproduzione-internazionale\\\/\"},\"author\":{\"name\":\"redazione\",\"@id\":\"https:\\\/\\\/www.bellunopress.it\\\/#\\\/schema\\\/person\\\/79bb06722b37ece1c03d3e94beb30d73\"},\"headline\":\"Tempo sospeso. Alla Casa delle Arti, Ab Dance e Tib Teatro insieme per una coproduzione internazionale\",\"datePublished\":\"2024-04-29T13:57:44+00:00\",\"mainEntityOfPage\":{\"@id\":\"https:\\\/\\\/www.bellunopress.it\\\/2024\\\/04\\\/29\\\/tempo-sospeso-alla-casa-delle-arti-ab-dance-e-tib-teatro-insieme-per-una-coproduzione-internazionale\\\/\"},\"wordCount\":946,\"publisher\":{\"@id\":\"https:\\\/\\\/www.bellunopress.it\\\/#organization\"},\"image\":{\"@id\":\"https:\\\/\\\/www.bellunopress.it\\\/2024\\\/04\\\/29\\\/tempo-sospeso-alla-casa-delle-arti-ab-dance-e-tib-teatro-insieme-per-una-coproduzione-internazionale\\\/#primaryimage\"},\"thumbnailUrl\":\"https:\\\/\\\/www.bellunopress.it\\\/wp-content\\\/uploads\\\/2021\\\/04\\\/Casa-delle-arti_edited.jpg\",\"articleSection\":[\"Arte, Cultura, Spettacoli, Scienza\",\"Pausa Caff\u00e8\",\"Societ\u00e0, Associazioni, Istituzioni\"],\"inLanguage\":\"fr-FR\"},{\"@type\":\"WebPage\",\"@id\":\"https:\\\/\\\/www.bellunopress.it\\\/2024\\\/04\\\/29\\\/tempo-sospeso-alla-casa-delle-arti-ab-dance-e-tib-teatro-insieme-per-una-coproduzione-internazionale\\\/\",\"url\":\"https:\\\/\\\/www.bellunopress.it\\\/2024\\\/04\\\/29\\\/tempo-sospeso-alla-casa-delle-arti-ab-dance-e-tib-teatro-insieme-per-una-coproduzione-internazionale\\\/\",\"name\":\"Tempo sospeso. Alla Casa delle Arti, Ab Dance e Tib Teatro insieme per una coproduzione internazionale - Bellunopress - Dolomiti\",\"isPartOf\":{\"@id\":\"https:\\\/\\\/www.bellunopress.it\\\/#website\"},\"primaryImageOfPage\":{\"@id\":\"https:\\\/\\\/www.bellunopress.it\\\/2024\\\/04\\\/29\\\/tempo-sospeso-alla-casa-delle-arti-ab-dance-e-tib-teatro-insieme-per-una-coproduzione-internazionale\\\/#primaryimage\"},\"image\":{\"@id\":\"https:\\\/\\\/www.bellunopress.it\\\/2024\\\/04\\\/29\\\/tempo-sospeso-alla-casa-delle-arti-ab-dance-e-tib-teatro-insieme-per-una-coproduzione-internazionale\\\/#primaryimage\"},\"thumbnailUrl\":\"https:\\\/\\\/www.bellunopress.it\\\/wp-content\\\/uploads\\\/2021\\\/04\\\/Casa-delle-arti_edited.jpg\",\"datePublished\":\"2024-04-29T13:57:44+00:00\",\"breadcrumb\":{\"@id\":\"https:\\\/\\\/www.bellunopress.it\\\/2024\\\/04\\\/29\\\/tempo-sospeso-alla-casa-delle-arti-ab-dance-e-tib-teatro-insieme-per-una-coproduzione-internazionale\\\/#breadcrumb\"},\"inLanguage\":\"fr-FR\",\"potentialAction\":[{\"@type\":\"ReadAction\",\"target\":[\"https:\\\/\\\/www.bellunopress.it\\\/2024\\\/04\\\/29\\\/tempo-sospeso-alla-casa-delle-arti-ab-dance-e-tib-teatro-insieme-per-una-coproduzione-internazionale\\\/\"]}]},{\"@type\":\"ImageObject\",\"inLanguage\":\"fr-FR\",\"@id\":\"https:\\\/\\\/www.bellunopress.it\\\/2024\\\/04\\\/29\\\/tempo-sospeso-alla-casa-delle-arti-ab-dance-e-tib-teatro-insieme-per-una-coproduzione-internazionale\\\/#primaryimage\",\"url\":\"https:\\\/\\\/www.bellunopress.it\\\/wp-content\\\/uploads\\\/2021\\\/04\\\/Casa-delle-arti_edited.jpg\",\"contentUrl\":\"https:\\\/\\\/www.bellunopress.it\\\/wp-content\\\/uploads\\\/2021\\\/04\\\/Casa-delle-arti_edited.jpg\",\"width\":725,\"height\":907,\"caption\":\"Casa delle Arti\"},{\"@type\":\"BreadcrumbList\",\"@id\":\"https:\\\/\\\/www.bellunopress.it\\\/2024\\\/04\\\/29\\\/tempo-sospeso-alla-casa-delle-arti-ab-dance-e-tib-teatro-insieme-per-una-coproduzione-internazionale\\\/#breadcrumb\",\"itemListElement\":[{\"@type\":\"ListItem\",\"position\":1,\"name\":\"Home\",\"item\":\"https:\\\/\\\/www.bellunopress.it\\\/\"},{\"@type\":\"ListItem\",\"position\":2,\"name\":\"Tempo sospeso. Alla Casa delle Arti, Ab Dance e Tib Teatro insieme per una coproduzione internazionale\"}]},{\"@type\":\"WebSite\",\"@id\":\"https:\\\/\\\/www.bellunopress.it\\\/#website\",\"url\":\"https:\\\/\\\/www.bellunopress.it\\\/\",\"name\":\"Bellunopress - Dolomiti\",\"description\":\"e-mail: redazione@bellunopress.it\",\"publisher\":{\"@id\":\"https:\\\/\\\/www.bellunopress.it\\\/#organization\"},\"potentialAction\":[{\"@type\":\"SearchAction\",\"target\":{\"@type\":\"EntryPoint\",\"urlTemplate\":\"https:\\\/\\\/www.bellunopress.it\\\/?s={search_term_string}\"},\"query-input\":{\"@type\":\"PropertyValueSpecification\",\"valueRequired\":true,\"valueName\":\"search_term_string\"}}],\"inLanguage\":\"fr-FR\"},{\"@type\":\"Organization\",\"@id\":\"https:\\\/\\\/www.bellunopress.it\\\/#organization\",\"name\":\"Bellunopress\",\"url\":\"https:\\\/\\\/www.bellunopress.it\\\/\",\"logo\":{\"@type\":\"ImageObject\",\"inLanguage\":\"fr-FR\",\"@id\":\"https:\\\/\\\/www.bellunopress.it\\\/#\\\/schema\\\/logo\\\/image\\\/\",\"url\":\"https:\\\/\\\/www.bellunopress.it\\\/wp-content\\\/uploads\\\/2011\\\/05\\\/cropped-logo-bellunopress-.jpg\",\"contentUrl\":\"https:\\\/\\\/www.bellunopress.it\\\/wp-content\\\/uploads\\\/2011\\\/05\\\/cropped-logo-bellunopress-.jpg\",\"width\":512,\"height\":512,\"caption\":\"Bellunopress\"},\"image\":{\"@id\":\"https:\\\/\\\/www.bellunopress.it\\\/#\\\/schema\\\/logo\\\/image\\\/\"},\"sameAs\":[\"https:\\\/\\\/www.facebook.com\\\/profile.php?id=100008943462799\",\"https:\\\/\\\/x.com\\\/bellunopress\",\"https:\\\/\\\/www.linkedin.com\\\/hp\\\/?dnr=JBzUWaJfMUw8vbXJJ2tVW5-I3jZKvC4wsoxE&amp;amp;amp;amp;amp;amp;trk=nav_responsive_tab_home\",\"https:\\\/\\\/www.youtube.com\\\/channel\\\/UCxL0wu1uN0_3_7hGG0306cw\"]},{\"@type\":\"Person\",\"@id\":\"https:\\\/\\\/www.bellunopress.it\\\/#\\\/schema\\\/person\\\/79bb06722b37ece1c03d3e94beb30d73\",\"name\":\"redazione\",\"image\":{\"@type\":\"ImageObject\",\"inLanguage\":\"fr-FR\",\"@id\":\"https:\\\/\\\/secure.gravatar.com\\\/avatar\\\/37d968a2e67a6fd04c169c4bdef102d0bc5d31b2546345219e348575eb80e9a0?s=96&d=mm&r=g\",\"url\":\"https:\\\/\\\/secure.gravatar.com\\\/avatar\\\/37d968a2e67a6fd04c169c4bdef102d0bc5d31b2546345219e348575eb80e9a0?s=96&d=mm&r=g\",\"contentUrl\":\"https:\\\/\\\/secure.gravatar.com\\\/avatar\\\/37d968a2e67a6fd04c169c4bdef102d0bc5d31b2546345219e348575eb80e9a0?s=96&d=mm&r=g\",\"caption\":\"redazione\"},\"sameAs\":[\"http:\\\/\\\/www.bellunopress.it\",\"https:\\\/\\\/x.com\\\/bellunopress\"],\"url\":\"https:\\\/\\\/www.bellunopress.it\\\/fr\\\/author\\\/redazione\\\/\"}]}<\/script>\n<!-- \/ Yoast SEO plugin. -->","yoast_head_json":{"title":"Tempo sospeso. Alla Casa delle Arti, Ab Dance e Tib Teatro insieme per una coproduzione internazionale - Bellunopress - Dolomiti","robots":{"index":"index","follow":"follow","max-snippet":"max-snippet:-1","max-image-preview":"max-image-preview:large","max-video-preview":"max-video-preview:-1"},"canonical":"https:\/\/www.bellunopress.it\/fr\/2024\/04\/29\/tempo-sospeso-alla-casa-delle-arti-ab-dance-e-tib-teatro-insieme-per-una-coproduzione-internazionale\/","og_locale":"fr_FR","og_type":"article","og_title":"Tempo sospeso. Alla Casa delle Arti, Ab Dance e Tib Teatro insieme per una coproduzione internazionale - Bellunopress - Dolomiti","og_description":"Alla Casa delle Arti- spazio riqualificato da Tib Teatro presso l\u2019ex Caserma Piave \u2013 sono in corso le prove per Tempo Sospeso \u2013 un progetto di Adriana Borriello e Thierry De Mey, produzione AB Dance Research in coproduzione con Charleroi Danse, Ero\u00efca Productions, Tib Teatro. Adriana Borriello \u00e8 artista di rilievo internazionale danzatrice, coreografa e [&hellip;]","og_url":"https:\/\/www.bellunopress.it\/fr\/2024\/04\/29\/tempo-sospeso-alla-casa-delle-arti-ab-dance-e-tib-teatro-insieme-per-una-coproduzione-internazionale\/","og_site_name":"Bellunopress - Dolomiti","article_publisher":"https:\/\/www.facebook.com\/profile.php?id=100008943462799","article_published_time":"2024-04-29T13:57:44+00:00","og_image":[{"width":725,"height":907,"url":"https:\/\/www.bellunopress.it\/wp-content\/uploads\/2021\/04\/Casa-delle-arti_edited.jpg","type":"image\/jpeg"}],"author":"redazione","twitter_card":"summary_large_image","twitter_creator":"@bellunopress","twitter_site":"@bellunopress","twitter_misc":{"\u00c9crit par":"redazione","Dur\u00e9e de lecture estim\u00e9e":"5 minutes"},"schema":{"@context":"https:\/\/schema.org","@graph":[{"@type":"Article","@id":"https:\/\/www.bellunopress.it\/2024\/04\/29\/tempo-sospeso-alla-casa-delle-arti-ab-dance-e-tib-teatro-insieme-per-una-coproduzione-internazionale\/#article","isPartOf":{"@id":"https:\/\/www.bellunopress.it\/2024\/04\/29\/tempo-sospeso-alla-casa-delle-arti-ab-dance-e-tib-teatro-insieme-per-una-coproduzione-internazionale\/"},"author":{"name":"redazione","@id":"https:\/\/www.bellunopress.it\/#\/schema\/person\/79bb06722b37ece1c03d3e94beb30d73"},"headline":"Tempo sospeso. Alla Casa delle Arti, Ab Dance e Tib Teatro insieme per una coproduzione internazionale","datePublished":"2024-04-29T13:57:44+00:00","mainEntityOfPage":{"@id":"https:\/\/www.bellunopress.it\/2024\/04\/29\/tempo-sospeso-alla-casa-delle-arti-ab-dance-e-tib-teatro-insieme-per-una-coproduzione-internazionale\/"},"wordCount":946,"publisher":{"@id":"https:\/\/www.bellunopress.it\/#organization"},"image":{"@id":"https:\/\/www.bellunopress.it\/2024\/04\/29\/tempo-sospeso-alla-casa-delle-arti-ab-dance-e-tib-teatro-insieme-per-una-coproduzione-internazionale\/#primaryimage"},"thumbnailUrl":"https:\/\/www.bellunopress.it\/wp-content\/uploads\/2021\/04\/Casa-delle-arti_edited.jpg","articleSection":["Arte, Cultura, Spettacoli, Scienza","Pausa Caff\u00e8","Societ\u00e0, Associazioni, Istituzioni"],"inLanguage":"fr-FR"},{"@type":"WebPage","@id":"https:\/\/www.bellunopress.it\/2024\/04\/29\/tempo-sospeso-alla-casa-delle-arti-ab-dance-e-tib-teatro-insieme-per-una-coproduzione-internazionale\/","url":"https:\/\/www.bellunopress.it\/2024\/04\/29\/tempo-sospeso-alla-casa-delle-arti-ab-dance-e-tib-teatro-insieme-per-una-coproduzione-internazionale\/","name":"Tempo sospeso. Alla Casa delle Arti, Ab Dance e Tib Teatro insieme per una coproduzione internazionale - Bellunopress - Dolomiti","isPartOf":{"@id":"https:\/\/www.bellunopress.it\/#website"},"primaryImageOfPage":{"@id":"https:\/\/www.bellunopress.it\/2024\/04\/29\/tempo-sospeso-alla-casa-delle-arti-ab-dance-e-tib-teatro-insieme-per-una-coproduzione-internazionale\/#primaryimage"},"image":{"@id":"https:\/\/www.bellunopress.it\/2024\/04\/29\/tempo-sospeso-alla-casa-delle-arti-ab-dance-e-tib-teatro-insieme-per-una-coproduzione-internazionale\/#primaryimage"},"thumbnailUrl":"https:\/\/www.bellunopress.it\/wp-content\/uploads\/2021\/04\/Casa-delle-arti_edited.jpg","datePublished":"2024-04-29T13:57:44+00:00","breadcrumb":{"@id":"https:\/\/www.bellunopress.it\/2024\/04\/29\/tempo-sospeso-alla-casa-delle-arti-ab-dance-e-tib-teatro-insieme-per-una-coproduzione-internazionale\/#breadcrumb"},"inLanguage":"fr-FR","potentialAction":[{"@type":"ReadAction","target":["https:\/\/www.bellunopress.it\/2024\/04\/29\/tempo-sospeso-alla-casa-delle-arti-ab-dance-e-tib-teatro-insieme-per-una-coproduzione-internazionale\/"]}]},{"@type":"ImageObject","inLanguage":"fr-FR","@id":"https:\/\/www.bellunopress.it\/2024\/04\/29\/tempo-sospeso-alla-casa-delle-arti-ab-dance-e-tib-teatro-insieme-per-una-coproduzione-internazionale\/#primaryimage","url":"https:\/\/www.bellunopress.it\/wp-content\/uploads\/2021\/04\/Casa-delle-arti_edited.jpg","contentUrl":"https:\/\/www.bellunopress.it\/wp-content\/uploads\/2021\/04\/Casa-delle-arti_edited.jpg","width":725,"height":907,"caption":"Casa delle Arti"},{"@type":"BreadcrumbList","@id":"https:\/\/www.bellunopress.it\/2024\/04\/29\/tempo-sospeso-alla-casa-delle-arti-ab-dance-e-tib-teatro-insieme-per-una-coproduzione-internazionale\/#breadcrumb","itemListElement":[{"@type":"ListItem","position":1,"name":"Home","item":"https:\/\/www.bellunopress.it\/"},{"@type":"ListItem","position":2,"name":"Tempo sospeso. Alla Casa delle Arti, Ab Dance e Tib Teatro insieme per una coproduzione internazionale"}]},{"@type":"WebSite","@id":"https:\/\/www.bellunopress.it\/#website","url":"https:\/\/www.bellunopress.it\/","name":"Bellunopress - Dolomiti","description":"e-mail: redazione@bellunopress.it","publisher":{"@id":"https:\/\/www.bellunopress.it\/#organization"},"potentialAction":[{"@type":"SearchAction","target":{"@type":"EntryPoint","urlTemplate":"https:\/\/www.bellunopress.it\/?s={search_term_string}"},"query-input":{"@type":"PropertyValueSpecification","valueRequired":true,"valueName":"search_term_string"}}],"inLanguage":"fr-FR"},{"@type":"Organization","@id":"https:\/\/www.bellunopress.it\/#organization","name":"Bellunopress","url":"https:\/\/www.bellunopress.it\/","logo":{"@type":"ImageObject","inLanguage":"fr-FR","@id":"https:\/\/www.bellunopress.it\/#\/schema\/logo\/image\/","url":"https:\/\/www.bellunopress.it\/wp-content\/uploads\/2011\/05\/cropped-logo-bellunopress-.jpg","contentUrl":"https:\/\/www.bellunopress.it\/wp-content\/uploads\/2011\/05\/cropped-logo-bellunopress-.jpg","width":512,"height":512,"caption":"Bellunopress"},"image":{"@id":"https:\/\/www.bellunopress.it\/#\/schema\/logo\/image\/"},"sameAs":["https:\/\/www.facebook.com\/profile.php?id=100008943462799","https:\/\/x.com\/bellunopress","https:\/\/www.linkedin.com\/hp\/?dnr=JBzUWaJfMUw8vbXJJ2tVW5-I3jZKvC4wsoxE&amp;amp;amp;amp;amp;amp;trk=nav_responsive_tab_home","https:\/\/www.youtube.com\/channel\/UCxL0wu1uN0_3_7hGG0306cw"]},{"@type":"Person","@id":"https:\/\/www.bellunopress.it\/#\/schema\/person\/79bb06722b37ece1c03d3e94beb30d73","name":"r\u00e9daction","image":{"@type":"ImageObject","inLanguage":"fr-FR","@id":"https:\/\/secure.gravatar.com\/avatar\/37d968a2e67a6fd04c169c4bdef102d0bc5d31b2546345219e348575eb80e9a0?s=96&d=mm&r=g","url":"https:\/\/secure.gravatar.com\/avatar\/37d968a2e67a6fd04c169c4bdef102d0bc5d31b2546345219e348575eb80e9a0?s=96&d=mm&r=g","contentUrl":"https:\/\/secure.gravatar.com\/avatar\/37d968a2e67a6fd04c169c4bdef102d0bc5d31b2546345219e348575eb80e9a0?s=96&d=mm&r=g","caption":"redazione"},"sameAs":["http:\/\/www.bellunopress.it","https:\/\/x.com\/bellunopress"],"url":"https:\/\/www.bellunopress.it\/fr\/author\/redazione\/"}]}},"_links":{"self":[{"href":"https:\/\/www.bellunopress.it\/fr\/wp-json\/wp\/v2\/posts\/150367","targetHints":{"allow":["GET"]}}],"collection":[{"href":"https:\/\/www.bellunopress.it\/fr\/wp-json\/wp\/v2\/posts"}],"about":[{"href":"https:\/\/www.bellunopress.it\/fr\/wp-json\/wp\/v2\/types\/post"}],"author":[{"embeddable":true,"href":"https:\/\/www.bellunopress.it\/fr\/wp-json\/wp\/v2\/users\/2"}],"replies":[{"embeddable":true,"href":"https:\/\/www.bellunopress.it\/fr\/wp-json\/wp\/v2\/comments?post=150367"}],"version-history":[{"count":1,"href":"https:\/\/www.bellunopress.it\/fr\/wp-json\/wp\/v2\/posts\/150367\/revisions"}],"predecessor-version":[{"id":150369,"href":"https:\/\/www.bellunopress.it\/fr\/wp-json\/wp\/v2\/posts\/150367\/revisions\/150369"}],"wp:featuredmedia":[{"embeddable":true,"href":"https:\/\/www.bellunopress.it\/fr\/wp-json\/wp\/v2\/media\/123363"}],"wp:attachment":[{"href":"https:\/\/www.bellunopress.it\/fr\/wp-json\/wp\/v2\/media?parent=150367"}],"wp:term":[{"taxonomy":"category","embeddable":true,"href":"https:\/\/www.bellunopress.it\/fr\/wp-json\/wp\/v2\/categories?post=150367"},{"taxonomy":"post_tag","embeddable":true,"href":"https:\/\/www.bellunopress.it\/fr\/wp-json\/wp\/v2\/tags?post=150367"}],"curies":[{"name":"wp","href":"https:\/\/api.w.org\/{rel}","templated":true}]}}