{"id":150364,"date":"2024-04-29T15:44:35","date_gmt":"2024-04-29T13:44:35","guid":{"rendered":"https:\/\/www.bellunopress.it\/?p=150364"},"modified":"2024-04-29T15:44:35","modified_gmt":"2024-04-29T13:44:35","slug":"sb-volley-in-festa-limap-sedico-trionfa-in-seconda-divisione","status":"publish","type":"post","link":"https:\/\/www.bellunopress.it\/fr\/2024\/04\/29\/sb-volley-in-festa-limap-sedico-trionfa-in-seconda-divisione\/","title":{"rendered":"SB Volley in festa: l&#8217;Imap Sedico trionfa in Seconda divisione"},"content":{"rendered":"<p><img loading=\"lazy\" decoding=\"async\" class=\"alignleft size-full wp-image-150365\" src=\"https:\/\/www.bellunopress.it\/wp-content\/uploads\/2024\/04\/SB-Volley-Seconda_divisione_in_festa_edited.jpg\" alt=\"Imap Sedico \" width=\"1000\" height=\"722\" srcset=\"https:\/\/www.bellunopress.it\/wp-content\/uploads\/2024\/04\/SB-Volley-Seconda_divisione_in_festa_edited.jpg 1000w, https:\/\/www.bellunopress.it\/wp-content\/uploads\/2024\/04\/SB-Volley-Seconda_divisione_in_festa_edited-500x361.jpg 500w, https:\/\/www.bellunopress.it\/wp-content\/uploads\/2024\/04\/SB-Volley-Seconda_divisione_in_festa_edited-582x420.jpg 582w, https:\/\/www.bellunopress.it\/wp-content\/uploads\/2024\/04\/SB-Volley-Seconda_divisione_in_festa_edited-696x503.jpg 696w\" sizes=\"auto, (max-width: 1000px) 100vw, 1000px\" \/>Grande festa in casa SB Volley. Perch\u00e9 le ragazze dell&#8217;Imap Sedico vincono il campionato femminile di Seconda divisione. E volano in Prima. Lo fanno al termine di una cavalcata di 22 partite, scandite da 17 vittorie e arricchite da 51 punti: uno in pi\u00f9 della Pallavolo Trichiana.<\/p>\n<p>SQUADRA &#8211; Dopo la trasferta di Silea, chiusa con una sconfitta ininfluente, il tecnico Giovanni Bortoluzzi non nasconde la sua soddisfazione: \u00abHo iniziato ad allenare questo gruppo a livello Under 15. E, progressivamente, un semplice collettivo \u00e8 diventato una vera squadra: tutte le atlete, 14 in totale, si sono sempre dimostrate disponibili, nonostante gli impegni di natura scolastica e le difficolt\u00e0 logistiche\u00bb.<\/p>\n<p>EXPLOIT &#8211; In pochi si sarebbero aspettati un simile exploit: \u00abAnche perch\u00e9, \u00e8 bene rimarcarlo, siamo partiti con l&#8217;obiettivo di raggiungere la salvezza. E quando \u00e8 emerso che le retrocessioni sarebbero state cinque, ho avuto quasi un mancamento &#8211; sorride Bortoluzzi -. In realt\u00e0, gara dopo gara, le atlete sono cresciute moltissimo, anche grazie al contributo del preparatore atletico Andrea Da Poian. E hanno acquisito consapevolezza, tanto da lottare per l&#8217;alta classifica. Nessun dubbio: la vittoria del campionato rappresenta un&#8217;enorme sorpresa\u00bb.<\/p>\n<p>GENITORI &#8211; Si \u00e8 rivelato fondamentale, inoltre, il contributo dei genitori, rimasti sempre vicino alle ragazze, in ogni momento della stagione: \u00abLe ultime giornate &#8211; riprende il coach &#8211; sono state caratterizzate da un testa a testa col Trichiana. E, in questo senso, sono contento di come il gruppo abbia retto la pressione, nonostante la giovane et\u00e0\u00bb.<\/p>\n<p>PROTAGONISTE &#8211; Vale la pena soffermarsi sulle protagoniste del primato: Andrea Zanella, Giovanna Dall&#8217;Acqua Soares (palleggiatrici), Federica Zanella, Ilenia Chiovaro (liberi), Jasmine Viel, Greta De Mario Sartor (opposti), Alessia Bordin, Sabrina Dalla Vedova, Sara De Don\u00e0, Emma Olivier (schiacciatrici), Jennifer Zen, Alice Zampieri, Arianna Chiovaro e Asia Rosso (centrali). Per quanto riguarda lo staff, oltre a coach Bortoluzzi spiccano il gi\u00e0 citato Da Poian, Stefano Olivier (assistente tecnico) e Massimo Chiovaro (dirigente accompagnatore).<\/p>","protected":false},"excerpt":{"rendered":"<p>Grande festa in casa SB Volley. Perch\u00e9 le ragazze dell&#8217;Imap Sedico vincono il campionato femminile di Seconda divisione. E volano in Prima. Lo fanno al termine di una cavalcata di 22 partite, scandite da 17 vittorie e arricchite da 51 punti: uno in pi\u00f9 della Pallavolo Trichiana. SQUADRA &#8211; Dopo la trasferta di Silea, chiusa [&hellip;]<\/p>\n","protected":false},"author":2,"featured_media":150365,"comment_status":"closed","ping_status":"open","sticky":false,"template":"","format":"standard","meta":{"footnotes":""},"categories":[4],"tags":[],"class_list":["post-150364","post","type-post","status-publish","format-standard","has-post-thumbnail","category-sport"],"yoast_head":"<!-- This site is optimized with the Yoast SEO plugin v28.4 - https:\/\/yoast.com\/product\/yoast-seo-wordpress\/ -->\n<title>SB Volley in festa: l&#039;Imap Sedico trionfa in Seconda divisione - Bellunopress - Dolomiti<\/title>\n<meta name=\"robots\" content=\"index, follow, max-snippet:-1, max-image-preview:large, max-video-preview:-1\" \/>\n<link rel=\"canonical\" href=\"https:\/\/www.bellunopress.it\/fr\/2024\/04\/29\/sb-volley-in-festa-limap-sedico-trionfa-in-seconda-divisione\/\" \/>\n<meta property=\"og:locale\" content=\"fr_FR\" \/>\n<meta property=\"og:type\" content=\"article\" \/>\n<meta property=\"og:title\" content=\"SB Volley in festa: l&#039;Imap Sedico trionfa in Seconda divisione - Bellunopress - Dolomiti\" \/>\n<meta property=\"og:description\" content=\"Grande festa in casa SB Volley. Perch\u00e9 le ragazze dell&#8217;Imap Sedico vincono il campionato femminile di Seconda divisione. E volano in Prima. Lo fanno al termine di una cavalcata di 22 partite, scandite da 17 vittorie e arricchite da 51 punti: uno in pi\u00f9 della Pallavolo Trichiana. SQUADRA &#8211; Dopo la trasferta di Silea, chiusa [&hellip;]\" \/>\n<meta property=\"og:url\" content=\"https:\/\/www.bellunopress.it\/fr\/2024\/04\/29\/sb-volley-in-festa-limap-sedico-trionfa-in-seconda-divisione\/\" \/>\n<meta property=\"og:site_name\" content=\"Bellunopress - Dolomiti\" \/>\n<meta property=\"article:publisher\" content=\"https:\/\/www.facebook.com\/profile.php?id=100008943462799\" \/>\n<meta property=\"article:published_time\" content=\"2024-04-29T13:44:35+00:00\" \/>\n<meta property=\"og:image\" content=\"https:\/\/www.bellunopress.it\/wp-content\/uploads\/2024\/04\/SB-Volley-Seconda_divisione_in_festa_edited.jpg\" \/>\n\t<meta property=\"og:image:width\" content=\"1000\" \/>\n\t<meta property=\"og:image:height\" content=\"722\" \/>\n\t<meta property=\"og:image:type\" content=\"image\/jpeg\" \/>\n<meta name=\"author\" content=\"redazione\" \/>\n<meta name=\"twitter:card\" content=\"summary_large_image\" \/>\n<meta name=\"twitter:creator\" content=\"@bellunopress\" \/>\n<meta name=\"twitter:site\" content=\"@bellunopress\" \/>\n<meta name=\"twitter:label1\" content=\"\u00c9crit par\" \/>\n\t<meta name=\"twitter:data1\" content=\"redazione\" \/>\n\t<meta name=\"twitter:label2\" content=\"Dur\u00e9e de lecture estim\u00e9e\" \/>\n\t<meta name=\"twitter:data2\" content=\"2 minutes\" \/>\n<script type=\"application\/ld+json\" class=\"yoast-schema-graph\">{\"@context\":\"https:\\\/\\\/schema.org\",\"@graph\":[{\"@type\":\"Article\",\"@id\":\"https:\\\/\\\/www.bellunopress.it\\\/2024\\\/04\\\/29\\\/sb-volley-in-festa-limap-sedico-trionfa-in-seconda-divisione\\\/#article\",\"isPartOf\":{\"@id\":\"https:\\\/\\\/www.bellunopress.it\\\/2024\\\/04\\\/29\\\/sb-volley-in-festa-limap-sedico-trionfa-in-seconda-divisione\\\/\"},\"author\":{\"name\":\"redazione\",\"@id\":\"https:\\\/\\\/www.bellunopress.it\\\/#\\\/schema\\\/person\\\/79bb06722b37ece1c03d3e94beb30d73\"},\"headline\":\"SB Volley in festa: l&#8217;Imap Sedico trionfa in Seconda divisione\",\"datePublished\":\"2024-04-29T13:44:35+00:00\",\"mainEntityOfPage\":{\"@id\":\"https:\\\/\\\/www.bellunopress.it\\\/2024\\\/04\\\/29\\\/sb-volley-in-festa-limap-sedico-trionfa-in-seconda-divisione\\\/\"},\"wordCount\":327,\"publisher\":{\"@id\":\"https:\\\/\\\/www.bellunopress.it\\\/#organization\"},\"image\":{\"@id\":\"https:\\\/\\\/www.bellunopress.it\\\/2024\\\/04\\\/29\\\/sb-volley-in-festa-limap-sedico-trionfa-in-seconda-divisione\\\/#primaryimage\"},\"thumbnailUrl\":\"https:\\\/\\\/www.bellunopress.it\\\/wp-content\\\/uploads\\\/2024\\\/04\\\/SB-Volley-Seconda_divisione_in_festa_edited.jpg\",\"articleSection\":[\"Sport, tempo libero\"],\"inLanguage\":\"fr-FR\"},{\"@type\":\"WebPage\",\"@id\":\"https:\\\/\\\/www.bellunopress.it\\\/2024\\\/04\\\/29\\\/sb-volley-in-festa-limap-sedico-trionfa-in-seconda-divisione\\\/\",\"url\":\"https:\\\/\\\/www.bellunopress.it\\\/2024\\\/04\\\/29\\\/sb-volley-in-festa-limap-sedico-trionfa-in-seconda-divisione\\\/\",\"name\":\"SB Volley in festa: l'Imap Sedico trionfa in Seconda divisione - Bellunopress - Dolomiti\",\"isPartOf\":{\"@id\":\"https:\\\/\\\/www.bellunopress.it\\\/#website\"},\"primaryImageOfPage\":{\"@id\":\"https:\\\/\\\/www.bellunopress.it\\\/2024\\\/04\\\/29\\\/sb-volley-in-festa-limap-sedico-trionfa-in-seconda-divisione\\\/#primaryimage\"},\"image\":{\"@id\":\"https:\\\/\\\/www.bellunopress.it\\\/2024\\\/04\\\/29\\\/sb-volley-in-festa-limap-sedico-trionfa-in-seconda-divisione\\\/#primaryimage\"},\"thumbnailUrl\":\"https:\\\/\\\/www.bellunopress.it\\\/wp-content\\\/uploads\\\/2024\\\/04\\\/SB-Volley-Seconda_divisione_in_festa_edited.jpg\",\"datePublished\":\"2024-04-29T13:44:35+00:00\",\"breadcrumb\":{\"@id\":\"https:\\\/\\\/www.bellunopress.it\\\/2024\\\/04\\\/29\\\/sb-volley-in-festa-limap-sedico-trionfa-in-seconda-divisione\\\/#breadcrumb\"},\"inLanguage\":\"fr-FR\",\"potentialAction\":[{\"@type\":\"ReadAction\",\"target\":[\"https:\\\/\\\/www.bellunopress.it\\\/2024\\\/04\\\/29\\\/sb-volley-in-festa-limap-sedico-trionfa-in-seconda-divisione\\\/\"]}]},{\"@type\":\"ImageObject\",\"inLanguage\":\"fr-FR\",\"@id\":\"https:\\\/\\\/www.bellunopress.it\\\/2024\\\/04\\\/29\\\/sb-volley-in-festa-limap-sedico-trionfa-in-seconda-divisione\\\/#primaryimage\",\"url\":\"https:\\\/\\\/www.bellunopress.it\\\/wp-content\\\/uploads\\\/2024\\\/04\\\/SB-Volley-Seconda_divisione_in_festa_edited.jpg\",\"contentUrl\":\"https:\\\/\\\/www.bellunopress.it\\\/wp-content\\\/uploads\\\/2024\\\/04\\\/SB-Volley-Seconda_divisione_in_festa_edited.jpg\",\"width\":1000,\"height\":722,\"caption\":\"Imap Sedico\"},{\"@type\":\"BreadcrumbList\",\"@id\":\"https:\\\/\\\/www.bellunopress.it\\\/2024\\\/04\\\/29\\\/sb-volley-in-festa-limap-sedico-trionfa-in-seconda-divisione\\\/#breadcrumb\",\"itemListElement\":[{\"@type\":\"ListItem\",\"position\":1,\"name\":\"Home\",\"item\":\"https:\\\/\\\/www.bellunopress.it\\\/\"},{\"@type\":\"ListItem\",\"position\":2,\"name\":\"SB Volley in festa: l&#8217;Imap Sedico trionfa in Seconda divisione\"}]},{\"@type\":\"WebSite\",\"@id\":\"https:\\\/\\\/www.bellunopress.it\\\/#website\",\"url\":\"https:\\\/\\\/www.bellunopress.it\\\/\",\"name\":\"Bellunopress - Dolomiti\",\"description\":\"e-mail: redazione@bellunopress.it\",\"publisher\":{\"@id\":\"https:\\\/\\\/www.bellunopress.it\\\/#organization\"},\"potentialAction\":[{\"@type\":\"SearchAction\",\"target\":{\"@type\":\"EntryPoint\",\"urlTemplate\":\"https:\\\/\\\/www.bellunopress.it\\\/?s={search_term_string}\"},\"query-input\":{\"@type\":\"PropertyValueSpecification\",\"valueRequired\":true,\"valueName\":\"search_term_string\"}}],\"inLanguage\":\"fr-FR\"},{\"@type\":\"Organization\",\"@id\":\"https:\\\/\\\/www.bellunopress.it\\\/#organization\",\"name\":\"Bellunopress\",\"url\":\"https:\\\/\\\/www.bellunopress.it\\\/\",\"logo\":{\"@type\":\"ImageObject\",\"inLanguage\":\"fr-FR\",\"@id\":\"https:\\\/\\\/www.bellunopress.it\\\/#\\\/schema\\\/logo\\\/image\\\/\",\"url\":\"https:\\\/\\\/www.bellunopress.it\\\/wp-content\\\/uploads\\\/2011\\\/05\\\/cropped-logo-bellunopress-.jpg\",\"contentUrl\":\"https:\\\/\\\/www.bellunopress.it\\\/wp-content\\\/uploads\\\/2011\\\/05\\\/cropped-logo-bellunopress-.jpg\",\"width\":512,\"height\":512,\"caption\":\"Bellunopress\"},\"image\":{\"@id\":\"https:\\\/\\\/www.bellunopress.it\\\/#\\\/schema\\\/logo\\\/image\\\/\"},\"sameAs\":[\"https:\\\/\\\/www.facebook.com\\\/profile.php?id=100008943462799\",\"https:\\\/\\\/x.com\\\/bellunopress\",\"https:\\\/\\\/www.linkedin.com\\\/hp\\\/?dnr=JBzUWaJfMUw8vbXJJ2tVW5-I3jZKvC4wsoxE&amp;amp;amp;amp;amp;amp;trk=nav_responsive_tab_home\",\"https:\\\/\\\/www.youtube.com\\\/channel\\\/UCxL0wu1uN0_3_7hGG0306cw\"]},{\"@type\":\"Person\",\"@id\":\"https:\\\/\\\/www.bellunopress.it\\\/#\\\/schema\\\/person\\\/79bb06722b37ece1c03d3e94beb30d73\",\"name\":\"redazione\",\"image\":{\"@type\":\"ImageObject\",\"inLanguage\":\"fr-FR\",\"@id\":\"https:\\\/\\\/secure.gravatar.com\\\/avatar\\\/37d968a2e67a6fd04c169c4bdef102d0bc5d31b2546345219e348575eb80e9a0?s=96&d=mm&r=g\",\"url\":\"https:\\\/\\\/secure.gravatar.com\\\/avatar\\\/37d968a2e67a6fd04c169c4bdef102d0bc5d31b2546345219e348575eb80e9a0?s=96&d=mm&r=g\",\"contentUrl\":\"https:\\\/\\\/secure.gravatar.com\\\/avatar\\\/37d968a2e67a6fd04c169c4bdef102d0bc5d31b2546345219e348575eb80e9a0?s=96&d=mm&r=g\",\"caption\":\"redazione\"},\"sameAs\":[\"http:\\\/\\\/www.bellunopress.it\",\"https:\\\/\\\/x.com\\\/bellunopress\"],\"url\":\"https:\\\/\\\/www.bellunopress.it\\\/fr\\\/author\\\/redazione\\\/\"}]}<\/script>\n<!-- \/ Yoast SEO plugin. -->","yoast_head_json":{"title":"SB Volley in festa: l'Imap Sedico trionfa in Seconda divisione - Bellunopress - Dolomiti","robots":{"index":"index","follow":"follow","max-snippet":"max-snippet:-1","max-image-preview":"max-image-preview:large","max-video-preview":"max-video-preview:-1"},"canonical":"https:\/\/www.bellunopress.it\/fr\/2024\/04\/29\/sb-volley-in-festa-limap-sedico-trionfa-in-seconda-divisione\/","og_locale":"fr_FR","og_type":"article","og_title":"SB Volley in festa: l'Imap Sedico trionfa in Seconda divisione - Bellunopress - Dolomiti","og_description":"Grande festa in casa SB Volley. Perch\u00e9 le ragazze dell&#8217;Imap Sedico vincono il campionato femminile di Seconda divisione. E volano in Prima. Lo fanno al termine di una cavalcata di 22 partite, scandite da 17 vittorie e arricchite da 51 punti: uno in pi\u00f9 della Pallavolo Trichiana. SQUADRA &#8211; Dopo la trasferta di Silea, chiusa [&hellip;]","og_url":"https:\/\/www.bellunopress.it\/fr\/2024\/04\/29\/sb-volley-in-festa-limap-sedico-trionfa-in-seconda-divisione\/","og_site_name":"Bellunopress - Dolomiti","article_publisher":"https:\/\/www.facebook.com\/profile.php?id=100008943462799","article_published_time":"2024-04-29T13:44:35+00:00","og_image":[{"width":1000,"height":722,"url":"https:\/\/www.bellunopress.it\/wp-content\/uploads\/2024\/04\/SB-Volley-Seconda_divisione_in_festa_edited.jpg","type":"image\/jpeg"}],"author":"redazione","twitter_card":"summary_large_image","twitter_creator":"@bellunopress","twitter_site":"@bellunopress","twitter_misc":{"\u00c9crit par":"redazione","Dur\u00e9e de lecture estim\u00e9e":"2 minutes"},"schema":{"@context":"https:\/\/schema.org","@graph":[{"@type":"Article","@id":"https:\/\/www.bellunopress.it\/2024\/04\/29\/sb-volley-in-festa-limap-sedico-trionfa-in-seconda-divisione\/#article","isPartOf":{"@id":"https:\/\/www.bellunopress.it\/2024\/04\/29\/sb-volley-in-festa-limap-sedico-trionfa-in-seconda-divisione\/"},"author":{"name":"redazione","@id":"https:\/\/www.bellunopress.it\/#\/schema\/person\/79bb06722b37ece1c03d3e94beb30d73"},"headline":"SB Volley in festa: l&#8217;Imap Sedico trionfa in Seconda divisione","datePublished":"2024-04-29T13:44:35+00:00","mainEntityOfPage":{"@id":"https:\/\/www.bellunopress.it\/2024\/04\/29\/sb-volley-in-festa-limap-sedico-trionfa-in-seconda-divisione\/"},"wordCount":327,"publisher":{"@id":"https:\/\/www.bellunopress.it\/#organization"},"image":{"@id":"https:\/\/www.bellunopress.it\/2024\/04\/29\/sb-volley-in-festa-limap-sedico-trionfa-in-seconda-divisione\/#primaryimage"},"thumbnailUrl":"https:\/\/www.bellunopress.it\/wp-content\/uploads\/2024\/04\/SB-Volley-Seconda_divisione_in_festa_edited.jpg","articleSection":["Sport, tempo libero"],"inLanguage":"fr-FR"},{"@type":"WebPage","@id":"https:\/\/www.bellunopress.it\/2024\/04\/29\/sb-volley-in-festa-limap-sedico-trionfa-in-seconda-divisione\/","url":"https:\/\/www.bellunopress.it\/2024\/04\/29\/sb-volley-in-festa-limap-sedico-trionfa-in-seconda-divisione\/","name":"SB Volley in festa: l'Imap Sedico trionfa in Seconda divisione - Bellunopress - Dolomiti","isPartOf":{"@id":"https:\/\/www.bellunopress.it\/#website"},"primaryImageOfPage":{"@id":"https:\/\/www.bellunopress.it\/2024\/04\/29\/sb-volley-in-festa-limap-sedico-trionfa-in-seconda-divisione\/#primaryimage"},"image":{"@id":"https:\/\/www.bellunopress.it\/2024\/04\/29\/sb-volley-in-festa-limap-sedico-trionfa-in-seconda-divisione\/#primaryimage"},"thumbnailUrl":"https:\/\/www.bellunopress.it\/wp-content\/uploads\/2024\/04\/SB-Volley-Seconda_divisione_in_festa_edited.jpg","datePublished":"2024-04-29T13:44:35+00:00","breadcrumb":{"@id":"https:\/\/www.bellunopress.it\/2024\/04\/29\/sb-volley-in-festa-limap-sedico-trionfa-in-seconda-divisione\/#breadcrumb"},"inLanguage":"fr-FR","potentialAction":[{"@type":"ReadAction","target":["https:\/\/www.bellunopress.it\/2024\/04\/29\/sb-volley-in-festa-limap-sedico-trionfa-in-seconda-divisione\/"]}]},{"@type":"ImageObject","inLanguage":"fr-FR","@id":"https:\/\/www.bellunopress.it\/2024\/04\/29\/sb-volley-in-festa-limap-sedico-trionfa-in-seconda-divisione\/#primaryimage","url":"https:\/\/www.bellunopress.it\/wp-content\/uploads\/2024\/04\/SB-Volley-Seconda_divisione_in_festa_edited.jpg","contentUrl":"https:\/\/www.bellunopress.it\/wp-content\/uploads\/2024\/04\/SB-Volley-Seconda_divisione_in_festa_edited.jpg","width":1000,"height":722,"caption":"Imap Sedico"},{"@type":"BreadcrumbList","@id":"https:\/\/www.bellunopress.it\/2024\/04\/29\/sb-volley-in-festa-limap-sedico-trionfa-in-seconda-divisione\/#breadcrumb","itemListElement":[{"@type":"ListItem","position":1,"name":"Home","item":"https:\/\/www.bellunopress.it\/"},{"@type":"ListItem","position":2,"name":"SB Volley in festa: l&#8217;Imap Sedico trionfa in Seconda divisione"}]},{"@type":"WebSite","@id":"https:\/\/www.bellunopress.it\/#website","url":"https:\/\/www.bellunopress.it\/","name":"Bellunopress - Dolomiti","description":"e-mail: redazione@bellunopress.it","publisher":{"@id":"https:\/\/www.bellunopress.it\/#organization"},"potentialAction":[{"@type":"SearchAction","target":{"@type":"EntryPoint","urlTemplate":"https:\/\/www.bellunopress.it\/?s={search_term_string}"},"query-input":{"@type":"PropertyValueSpecification","valueRequired":true,"valueName":"search_term_string"}}],"inLanguage":"fr-FR"},{"@type":"Organization","@id":"https:\/\/www.bellunopress.it\/#organization","name":"Bellunopress","url":"https:\/\/www.bellunopress.it\/","logo":{"@type":"ImageObject","inLanguage":"fr-FR","@id":"https:\/\/www.bellunopress.it\/#\/schema\/logo\/image\/","url":"https:\/\/www.bellunopress.it\/wp-content\/uploads\/2011\/05\/cropped-logo-bellunopress-.jpg","contentUrl":"https:\/\/www.bellunopress.it\/wp-content\/uploads\/2011\/05\/cropped-logo-bellunopress-.jpg","width":512,"height":512,"caption":"Bellunopress"},"image":{"@id":"https:\/\/www.bellunopress.it\/#\/schema\/logo\/image\/"},"sameAs":["https:\/\/www.facebook.com\/profile.php?id=100008943462799","https:\/\/x.com\/bellunopress","https:\/\/www.linkedin.com\/hp\/?dnr=JBzUWaJfMUw8vbXJJ2tVW5-I3jZKvC4wsoxE&amp;amp;amp;amp;amp;amp;trk=nav_responsive_tab_home","https:\/\/www.youtube.com\/channel\/UCxL0wu1uN0_3_7hGG0306cw"]},{"@type":"Person","@id":"https:\/\/www.bellunopress.it\/#\/schema\/person\/79bb06722b37ece1c03d3e94beb30d73","name":"r\u00e9daction","image":{"@type":"ImageObject","inLanguage":"fr-FR","@id":"https:\/\/secure.gravatar.com\/avatar\/37d968a2e67a6fd04c169c4bdef102d0bc5d31b2546345219e348575eb80e9a0?s=96&d=mm&r=g","url":"https:\/\/secure.gravatar.com\/avatar\/37d968a2e67a6fd04c169c4bdef102d0bc5d31b2546345219e348575eb80e9a0?s=96&d=mm&r=g","contentUrl":"https:\/\/secure.gravatar.com\/avatar\/37d968a2e67a6fd04c169c4bdef102d0bc5d31b2546345219e348575eb80e9a0?s=96&d=mm&r=g","caption":"redazione"},"sameAs":["http:\/\/www.bellunopress.it","https:\/\/x.com\/bellunopress"],"url":"https:\/\/www.bellunopress.it\/fr\/author\/redazione\/"}]}},"_links":{"self":[{"href":"https:\/\/www.bellunopress.it\/fr\/wp-json\/wp\/v2\/posts\/150364","targetHints":{"allow":["GET"]}}],"collection":[{"href":"https:\/\/www.bellunopress.it\/fr\/wp-json\/wp\/v2\/posts"}],"about":[{"href":"https:\/\/www.bellunopress.it\/fr\/wp-json\/wp\/v2\/types\/post"}],"author":[{"embeddable":true,"href":"https:\/\/www.bellunopress.it\/fr\/wp-json\/wp\/v2\/users\/2"}],"replies":[{"embeddable":true,"href":"https:\/\/www.bellunopress.it\/fr\/wp-json\/wp\/v2\/comments?post=150364"}],"version-history":[{"count":1,"href":"https:\/\/www.bellunopress.it\/fr\/wp-json\/wp\/v2\/posts\/150364\/revisions"}],"predecessor-version":[{"id":150366,"href":"https:\/\/www.bellunopress.it\/fr\/wp-json\/wp\/v2\/posts\/150364\/revisions\/150366"}],"wp:featuredmedia":[{"embeddable":true,"href":"https:\/\/www.bellunopress.it\/fr\/wp-json\/wp\/v2\/media\/150365"}],"wp:attachment":[{"href":"https:\/\/www.bellunopress.it\/fr\/wp-json\/wp\/v2\/media?parent=150364"}],"wp:term":[{"taxonomy":"category","embeddable":true,"href":"https:\/\/www.bellunopress.it\/fr\/wp-json\/wp\/v2\/categories?post=150364"},{"taxonomy":"post_tag","embeddable":true,"href":"https:\/\/www.bellunopress.it\/fr\/wp-json\/wp\/v2\/tags?post=150364"}],"curies":[{"name":"wp","href":"https:\/\/api.w.org\/{rel}","templated":true}]}}