{"id":150357,"date":"2024-04-29T13:31:09","date_gmt":"2024-04-29T11:31:09","guid":{"rendered":"https:\/\/www.bellunopress.it\/?p=150357"},"modified":"2024-04-29T13:31:09","modified_gmt":"2024-04-29T11:31:09","slug":"lo-stupro","status":"publish","type":"post","link":"https:\/\/www.bellunopress.it\/fr\/2024\/04\/29\/lo-stupro\/","title":{"rendered":"Lo stupro"},"content":{"rendered":"<p><img loading=\"lazy\" decoding=\"async\" class=\"alignleft size-full wp-image-17965\" src=\"https:\/\/www.bellunopress.it\/wp-content\/uploads\/2010\/08\/medici.jpg\" alt=\"\" width=\"245\" height=\"206\" \/>Belluno 29 aprile 2024 &#8211;\u00a0Normalmente inteso lo stupro \u00e8 violenza carnale, spesso associato all&#8217;inganno, altre volte esemplarmente rappresentato come espressione di pulizia etnica; nella quale comunque i maschi che lo eseguono non sono estranei ad una componente erotica che \u00e8 sempre alla base pure della tipica violenza carnale.<\/p>\n<p>Ci\u00f2 che gran parte della popolazione del mondo cosiddetto civilizzato ha subito negli anni del Covid, tutt&#8217;ora in corso anche nel nostro Paese, lo possiamo considerare uno stupro nel quale sono bene rappresentati sia l&#8217;inganno che la violenza (forse pure la pulizia etnica!) con la differenza che manca la componente erotica, fortemente sostituita dall&#8217;interesse economico: in sintesi stupro associato a truffa. Pu\u00f2 colpire l&#8217;estensione pluri-continentale di questa singolare associazione criminale ma non possiamo dimenticare che le industrie del farmaco hanno sempre agito \u201cin grande\u201d. \u00c8 sufficiente riguardare le vicende giudiziarie di ciascuna di esse.<\/p>\n<p>Per chiunque abbia voluto interessarsi della pandemia, fin dai primi due mesi, \u00e8 stata chiara la portata illegale delle disposizioni che ci arrivavano dalle alte sfere politiche e le implicazioni per la sfera sanitaria che si sono dimostrate via via pi\u00f9 gravi nel corso degli anni. Per l&#8217;aspetto sanitario ricordo la lettera del 24 aprile 2020 dei 41 clinici italiani al nostro ministro della Salute; vi erano indicati i farmaci gi\u00e0 impiegati con successo nelle altre viremie della SARS per guarire con cure domiciliari di basso costo in 2-3 gg i soggetti colpiti dalla infezione. Per l&#8217;aspetto legale ricordo la \u201cIntimazione a interrompere senza indugio l&#8217;inoculazione del siero\u201d inviata a tutti gli Ordini dei Medici da 51 avvocati italiani in data gennaio 2022 in quanto l&#8217;obbligo vaccinale viola sistematicamente il principio di autodeterminazione della nostra normativa nazionale, le norme comunitarie, i trattati e le convenzioni recepiti dal nostro ordinamento giuridico. Le due lettere sono introvabili su internet.<\/p>\n<p>Ora Roberto Speranza, non pi\u00f9 nostro ministro della Salute, \u00e8 impegnato a dimostrare di non avere alcuna responsabilit\u00e0 e di avere sempre e soltanto rispettato \u201cordini superiori\u201d ma non ha mai potuto indicare da chi provenissero. Lo possiamo capire come un caso di amnesia anterograda e retrograda, dopo il trauma dovuto alla <a href=\"https:\/\/www.francescadonato.eu\/lettera-di-41-medici-al-ministro-della-salute\/\">lettera dei 41 clinici<\/a>. Quel che non si riesce a capire come sia possibile che tutti coloro che hanno responsabilit\u00e0 dirigenziali non siano disponibili ad accettare la loro intrinseca responsabilit\u00e0 nei confronti di errori od omissioni ma debbano sempre fare riferimento a \u201csuperiori\u201d veri o inventati; senza mai un soprassalto di dignit\u00e0, accettando di dichiarare: si, ho sbagliato, \u00e8 colpa mia. Lo stesso tipo di amnesia che ha colpito i dirigenti dell&#8217;AIFA, dell&#8217;EMA, del CTS e dell&#8217;ISS al punto che nessuno ricorda le lettere sopracitate e neppure chi abbia mai consigliato \u201cVigile attesa e tachipirina\u201d. In molti ricordavamo bene uno Speranza trionfante che sventolava un drappo con questa disposizione criminale. Ma forse ci siamo confusi!<\/p>\n<p>Quattro anni fa ci sigillarono in casa, ci costrinsero a mascherine inutili e dannose, esclusero le terapie domiciliari efficaci e poco costose, tolsero lavoro e stipendio ai dissenzienti, \u00a0ai quali peraltro venne augurata la sorte peggiore con\u00a0 espressioni che non potremo dimenticare; con farmaci sperimentali, impropriamente definiti e obbligatoriamente imposti, riuscirono ad accelerare lo sviluppo di tumori presistenti, provocarono gravi danni permanenti a soggetti sani e malattie mortali a molti altri del tutto sani.<\/p>\n<p>I medici che si sono opposti, con dimostrazioni inoppugnabili di danni gravissimi, sono stati radiati o sospesi; quelli che invece hanno seguito pedissequamente il protocollo del ministero della Salute per la cura di una malattia, anche provocando il decesso del Paziente, sono stati e saranno indenni da procedure giudiziarie. Sembra quindi che il ministro della Salute negli anni precedenti, la senatrice Beatrice Lorenzin, con la <a href=\"https:\/\/www.diritto.it\/la-natura-giudica-della-responsabilita-medica-il-panorama-legislativo-dopo-la-legge-n-24-del-2017\/#2\">legge Gelli-Bianco<\/a>, abbia preparato i medici ad agire indisturbati anche contro l&#8217;interesse dei Pazienti, ma nel loro proprio interesse perch\u00e9 generosamente compensati se disposti a vaccinare tutti, senza eccezioni e con qualunque vaccino.<\/p>\n<p>C&#8217;\u00e8 da chiedersi se la stessa legge abbia ispirato tutti i Presidenti degli Ordini dei Medici a comportarsi omogeneamente supini alle disposizioni di Speranza, quindi del CTS, dell&#8217;AIFA e della Organizzazione Mondiale della Sanit\u00e0 (OMS).<\/p>\n<p>Si \u00e8 detto che \u00e8 stata la tragedia della Stupidit\u00e0 e della Arroganza ma, se teniamo conto delle vittime e dei costi, mi sembra che i termini Stupro e Truffa rappresentino meglio la realt\u00e0 dei fatti. Non \u00e8 stato favorito un riesame dell&#8217;accaduto, una revisione scientifica e politica della gestione pandemica. Da noi la Commissione d&#8217;inchiesta \u00e8 stata istituita tra mille difficolt\u00e0 e ostacoli e subito il PD ha pensato di boicottarla. Quindi dobbiamo assistere alle acrobazie verbali di Speranza, e ai \u201cnon so, non c&#8217;ero, se c&#8217;ero dormivo\u201d di tutti gli altri. Quanti potrebbero essere accusati di omicidio colposo? O addirittura intenzionale? Un&#8217;ardua sentenza cui probabilmente non risponderanno neppure i posteri. Ma circa l&#8217;inganno e la violenza cui siamo stati sottoposti una risposta abbiamo gi\u00e0 incominciato a darla e possiamo credere che si concretizzer\u00e0 con modalit\u00e0 positive anche nel corso del presente anno.<\/p>\n<p>Dott. Filiberto Dal Molin<\/p>\n<p>&nbsp;<\/p>","protected":false},"excerpt":{"rendered":"<p>Belluno 29 aprile 2024 &#8211;\u00a0Normalmente inteso lo stupro \u00e8 violenza carnale, spesso associato all&#8217;inganno, altre volte esemplarmente rappresentato come espressione di pulizia etnica; nella quale comunque i maschi che lo eseguono non sono estranei ad una componente erotica che \u00e8 sempre alla base pure della tipica violenza carnale. Ci\u00f2 che gran parte della popolazione del [&hellip;]<\/p>\n","protected":false},"author":2,"featured_media":17965,"comment_status":"closed","ping_status":"open","sticky":false,"template":"","format":"standard","meta":{"footnotes":""},"categories":[3614],"tags":[],"class_list":["post-150357","post","type-post","status-publish","format-standard","has-post-thumbnail","category-controcorrente"],"yoast_head":"<!-- This site is optimized with the Yoast SEO plugin v28.4 - https:\/\/yoast.com\/product\/yoast-seo-wordpress\/ -->\n<title>Lo stupro - Bellunopress - Dolomiti<\/title>\n<meta name=\"robots\" content=\"index, follow, max-snippet:-1, max-image-preview:large, max-video-preview:-1\" \/>\n<link rel=\"canonical\" href=\"https:\/\/www.bellunopress.it\/fr\/2024\/04\/29\/lo-stupro\/\" \/>\n<meta property=\"og:locale\" content=\"fr_FR\" \/>\n<meta property=\"og:type\" content=\"article\" \/>\n<meta property=\"og:title\" content=\"Lo stupro - Bellunopress - Dolomiti\" \/>\n<meta property=\"og:description\" content=\"Belluno 29 aprile 2024 &#8211;\u00a0Normalmente inteso lo stupro \u00e8 violenza carnale, spesso associato all&#8217;inganno, altre volte esemplarmente rappresentato come espressione di pulizia etnica; nella quale comunque i maschi che lo eseguono non sono estranei ad una componente erotica che \u00e8 sempre alla base pure della tipica violenza carnale. Ci\u00f2 che gran parte della popolazione del [&hellip;]\" \/>\n<meta property=\"og:url\" content=\"https:\/\/www.bellunopress.it\/fr\/2024\/04\/29\/lo-stupro\/\" \/>\n<meta property=\"og:site_name\" content=\"Bellunopress - Dolomiti\" \/>\n<meta property=\"article:publisher\" content=\"https:\/\/www.facebook.com\/profile.php?id=100008943462799\" \/>\n<meta property=\"article:published_time\" content=\"2024-04-29T11:31:09+00:00\" \/>\n<meta property=\"og:image\" content=\"https:\/\/www.bellunopress.it\/wp-content\/uploads\/2010\/08\/medici.jpg\" \/>\n\t<meta property=\"og:image:width\" content=\"245\" \/>\n\t<meta property=\"og:image:height\" content=\"206\" \/>\n\t<meta property=\"og:image:type\" content=\"image\/jpeg\" \/>\n<meta name=\"author\" content=\"redazione\" \/>\n<meta name=\"twitter:card\" content=\"summary_large_image\" \/>\n<meta name=\"twitter:creator\" content=\"@bellunopress\" \/>\n<meta name=\"twitter:site\" content=\"@bellunopress\" \/>\n<meta name=\"twitter:label1\" content=\"Written by\" \/>\n\t<meta name=\"twitter:data1\" content=\"redazione\" \/>\n\t<meta name=\"twitter:label2\" content=\"Est. reading time\" \/>\n\t<meta name=\"twitter:data2\" content=\"4 minutes\" \/>\n<script type=\"application\/ld+json\" class=\"yoast-schema-graph\">{\"@context\":\"https:\\\/\\\/schema.org\",\"@graph\":[{\"@type\":\"Article\",\"@id\":\"https:\\\/\\\/www.bellunopress.it\\\/2024\\\/04\\\/29\\\/lo-stupro\\\/#article\",\"isPartOf\":{\"@id\":\"https:\\\/\\\/www.bellunopress.it\\\/2024\\\/04\\\/29\\\/lo-stupro\\\/\"},\"author\":{\"name\":\"redazione\",\"@id\":\"https:\\\/\\\/www.bellunopress.it\\\/#\\\/schema\\\/person\\\/79bb06722b37ece1c03d3e94beb30d73\"},\"headline\":\"Lo stupro\",\"datePublished\":\"2024-04-29T11:31:09+00:00\",\"mainEntityOfPage\":{\"@id\":\"https:\\\/\\\/www.bellunopress.it\\\/2024\\\/04\\\/29\\\/lo-stupro\\\/\"},\"wordCount\":827,\"publisher\":{\"@id\":\"https:\\\/\\\/www.bellunopress.it\\\/#organization\"},\"image\":{\"@id\":\"https:\\\/\\\/www.bellunopress.it\\\/2024\\\/04\\\/29\\\/lo-stupro\\\/#primaryimage\"},\"thumbnailUrl\":\"https:\\\/\\\/www.bellunopress.it\\\/wp-content\\\/uploads\\\/2010\\\/08\\\/medici.jpg\",\"articleSection\":[\"Controcorrente Dr Filiberto Dal Molin\"],\"inLanguage\":\"fr-FR\"},{\"@type\":\"WebPage\",\"@id\":\"https:\\\/\\\/www.bellunopress.it\\\/2024\\\/04\\\/29\\\/lo-stupro\\\/\",\"url\":\"https:\\\/\\\/www.bellunopress.it\\\/2024\\\/04\\\/29\\\/lo-stupro\\\/\",\"name\":\"Lo stupro - Bellunopress - Dolomiti\",\"isPartOf\":{\"@id\":\"https:\\\/\\\/www.bellunopress.it\\\/#website\"},\"primaryImageOfPage\":{\"@id\":\"https:\\\/\\\/www.bellunopress.it\\\/2024\\\/04\\\/29\\\/lo-stupro\\\/#primaryimage\"},\"image\":{\"@id\":\"https:\\\/\\\/www.bellunopress.it\\\/2024\\\/04\\\/29\\\/lo-stupro\\\/#primaryimage\"},\"thumbnailUrl\":\"https:\\\/\\\/www.bellunopress.it\\\/wp-content\\\/uploads\\\/2010\\\/08\\\/medici.jpg\",\"datePublished\":\"2024-04-29T11:31:09+00:00\",\"breadcrumb\":{\"@id\":\"https:\\\/\\\/www.bellunopress.it\\\/2024\\\/04\\\/29\\\/lo-stupro\\\/#breadcrumb\"},\"inLanguage\":\"fr-FR\",\"potentialAction\":[{\"@type\":\"ReadAction\",\"target\":[\"https:\\\/\\\/www.bellunopress.it\\\/2024\\\/04\\\/29\\\/lo-stupro\\\/\"]}]},{\"@type\":\"ImageObject\",\"inLanguage\":\"fr-FR\",\"@id\":\"https:\\\/\\\/www.bellunopress.it\\\/2024\\\/04\\\/29\\\/lo-stupro\\\/#primaryimage\",\"url\":\"https:\\\/\\\/www.bellunopress.it\\\/wp-content\\\/uploads\\\/2010\\\/08\\\/medici.jpg\",\"contentUrl\":\"https:\\\/\\\/www.bellunopress.it\\\/wp-content\\\/uploads\\\/2010\\\/08\\\/medici.jpg\",\"width\":245,\"height\":206},{\"@type\":\"BreadcrumbList\",\"@id\":\"https:\\\/\\\/www.bellunopress.it\\\/2024\\\/04\\\/29\\\/lo-stupro\\\/#breadcrumb\",\"itemListElement\":[{\"@type\":\"ListItem\",\"position\":1,\"name\":\"Home\",\"item\":\"https:\\\/\\\/www.bellunopress.it\\\/\"},{\"@type\":\"ListItem\",\"position\":2,\"name\":\"Lo stupro\"}]},{\"@type\":\"WebSite\",\"@id\":\"https:\\\/\\\/www.bellunopress.it\\\/#website\",\"url\":\"https:\\\/\\\/www.bellunopress.it\\\/\",\"name\":\"Bellunopress - Dolomiti\",\"description\":\"e-mail: redazione@bellunopress.it\",\"publisher\":{\"@id\":\"https:\\\/\\\/www.bellunopress.it\\\/#organization\"},\"potentialAction\":[{\"@type\":\"SearchAction\",\"target\":{\"@type\":\"EntryPoint\",\"urlTemplate\":\"https:\\\/\\\/www.bellunopress.it\\\/?s={search_term_string}\"},\"query-input\":{\"@type\":\"PropertyValueSpecification\",\"valueRequired\":true,\"valueName\":\"search_term_string\"}}],\"inLanguage\":\"fr-FR\"},{\"@type\":\"Organization\",\"@id\":\"https:\\\/\\\/www.bellunopress.it\\\/#organization\",\"name\":\"Bellunopress\",\"url\":\"https:\\\/\\\/www.bellunopress.it\\\/\",\"logo\":{\"@type\":\"ImageObject\",\"inLanguage\":\"fr-FR\",\"@id\":\"https:\\\/\\\/www.bellunopress.it\\\/#\\\/schema\\\/logo\\\/image\\\/\",\"url\":\"https:\\\/\\\/www.bellunopress.it\\\/wp-content\\\/uploads\\\/2011\\\/05\\\/cropped-logo-bellunopress-.jpg\",\"contentUrl\":\"https:\\\/\\\/www.bellunopress.it\\\/wp-content\\\/uploads\\\/2011\\\/05\\\/cropped-logo-bellunopress-.jpg\",\"width\":512,\"height\":512,\"caption\":\"Bellunopress\"},\"image\":{\"@id\":\"https:\\\/\\\/www.bellunopress.it\\\/#\\\/schema\\\/logo\\\/image\\\/\"},\"sameAs\":[\"https:\\\/\\\/www.facebook.com\\\/profile.php?id=100008943462799\",\"https:\\\/\\\/x.com\\\/bellunopress\",\"https:\\\/\\\/www.linkedin.com\\\/hp\\\/?dnr=JBzUWaJfMUw8vbXJJ2tVW5-I3jZKvC4wsoxE&amp;amp;amp;amp;amp;amp;trk=nav_responsive_tab_home\",\"https:\\\/\\\/www.youtube.com\\\/channel\\\/UCxL0wu1uN0_3_7hGG0306cw\"]},{\"@type\":\"Person\",\"@id\":\"https:\\\/\\\/www.bellunopress.it\\\/#\\\/schema\\\/person\\\/79bb06722b37ece1c03d3e94beb30d73\",\"name\":\"redazione\",\"image\":{\"@type\":\"ImageObject\",\"inLanguage\":\"fr-FR\",\"@id\":\"https:\\\/\\\/secure.gravatar.com\\\/avatar\\\/37d968a2e67a6fd04c169c4bdef102d0bc5d31b2546345219e348575eb80e9a0?s=96&d=mm&r=g\",\"url\":\"https:\\\/\\\/secure.gravatar.com\\\/avatar\\\/37d968a2e67a6fd04c169c4bdef102d0bc5d31b2546345219e348575eb80e9a0?s=96&d=mm&r=g\",\"contentUrl\":\"https:\\\/\\\/secure.gravatar.com\\\/avatar\\\/37d968a2e67a6fd04c169c4bdef102d0bc5d31b2546345219e348575eb80e9a0?s=96&d=mm&r=g\",\"caption\":\"redazione\"},\"sameAs\":[\"http:\\\/\\\/www.bellunopress.it\",\"https:\\\/\\\/x.com\\\/bellunopress\"],\"url\":\"https:\\\/\\\/www.bellunopress.it\\\/fr\\\/author\\\/redazione\\\/\"}]}<\/script>\n<!-- \/ Yoast SEO plugin. -->","yoast_head_json":{"title":"Lo stupro - Bellunopress - Dolomiti","robots":{"index":"index","follow":"follow","max-snippet":"max-snippet:-1","max-image-preview":"max-image-preview:large","max-video-preview":"max-video-preview:-1"},"canonical":"https:\/\/www.bellunopress.it\/fr\/2024\/04\/29\/lo-stupro\/","og_locale":"fr_FR","og_type":"article","og_title":"Lo stupro - Bellunopress - Dolomiti","og_description":"Belluno 29 aprile 2024 &#8211;\u00a0Normalmente inteso lo stupro \u00e8 violenza carnale, spesso associato all&#8217;inganno, altre volte esemplarmente rappresentato come espressione di pulizia etnica; nella quale comunque i maschi che lo eseguono non sono estranei ad una componente erotica che \u00e8 sempre alla base pure della tipica violenza carnale. Ci\u00f2 che gran parte della popolazione del [&hellip;]","og_url":"https:\/\/www.bellunopress.it\/fr\/2024\/04\/29\/lo-stupro\/","og_site_name":"Bellunopress - Dolomiti","article_publisher":"https:\/\/www.facebook.com\/profile.php?id=100008943462799","article_published_time":"2024-04-29T11:31:09+00:00","og_image":[{"width":245,"height":206,"url":"https:\/\/www.bellunopress.it\/wp-content\/uploads\/2010\/08\/medici.jpg","type":"image\/jpeg"}],"author":"redazione","twitter_card":"summary_large_image","twitter_creator":"@bellunopress","twitter_site":"@bellunopress","twitter_misc":{"Written by":"redazione","Est. reading time":"4 minutes"},"schema":{"@context":"https:\/\/schema.org","@graph":[{"@type":"Article","@id":"https:\/\/www.bellunopress.it\/2024\/04\/29\/lo-stupro\/#article","isPartOf":{"@id":"https:\/\/www.bellunopress.it\/2024\/04\/29\/lo-stupro\/"},"author":{"name":"redazione","@id":"https:\/\/www.bellunopress.it\/#\/schema\/person\/79bb06722b37ece1c03d3e94beb30d73"},"headline":"Lo stupro","datePublished":"2024-04-29T11:31:09+00:00","mainEntityOfPage":{"@id":"https:\/\/www.bellunopress.it\/2024\/04\/29\/lo-stupro\/"},"wordCount":827,"publisher":{"@id":"https:\/\/www.bellunopress.it\/#organization"},"image":{"@id":"https:\/\/www.bellunopress.it\/2024\/04\/29\/lo-stupro\/#primaryimage"},"thumbnailUrl":"https:\/\/www.bellunopress.it\/wp-content\/uploads\/2010\/08\/medici.jpg","articleSection":["Controcorrente Dr Filiberto Dal Molin"],"inLanguage":"fr-FR"},{"@type":"WebPage","@id":"https:\/\/www.bellunopress.it\/2024\/04\/29\/lo-stupro\/","url":"https:\/\/www.bellunopress.it\/2024\/04\/29\/lo-stupro\/","name":"Lo stupro - Bellunopress - Dolomiti","isPartOf":{"@id":"https:\/\/www.bellunopress.it\/#website"},"primaryImageOfPage":{"@id":"https:\/\/www.bellunopress.it\/2024\/04\/29\/lo-stupro\/#primaryimage"},"image":{"@id":"https:\/\/www.bellunopress.it\/2024\/04\/29\/lo-stupro\/#primaryimage"},"thumbnailUrl":"https:\/\/www.bellunopress.it\/wp-content\/uploads\/2010\/08\/medici.jpg","datePublished":"2024-04-29T11:31:09+00:00","breadcrumb":{"@id":"https:\/\/www.bellunopress.it\/2024\/04\/29\/lo-stupro\/#breadcrumb"},"inLanguage":"fr-FR","potentialAction":[{"@type":"ReadAction","target":["https:\/\/www.bellunopress.it\/2024\/04\/29\/lo-stupro\/"]}]},{"@type":"ImageObject","inLanguage":"fr-FR","@id":"https:\/\/www.bellunopress.it\/2024\/04\/29\/lo-stupro\/#primaryimage","url":"https:\/\/www.bellunopress.it\/wp-content\/uploads\/2010\/08\/medici.jpg","contentUrl":"https:\/\/www.bellunopress.it\/wp-content\/uploads\/2010\/08\/medici.jpg","width":245,"height":206},{"@type":"BreadcrumbList","@id":"https:\/\/www.bellunopress.it\/2024\/04\/29\/lo-stupro\/#breadcrumb","itemListElement":[{"@type":"ListItem","position":1,"name":"Home","item":"https:\/\/www.bellunopress.it\/"},{"@type":"ListItem","position":2,"name":"Lo stupro"}]},{"@type":"WebSite","@id":"https:\/\/www.bellunopress.it\/#website","url":"https:\/\/www.bellunopress.it\/","name":"Bellunopress - Dolomiti","description":"e-mail: redazione@bellunopress.it","publisher":{"@id":"https:\/\/www.bellunopress.it\/#organization"},"potentialAction":[{"@type":"SearchAction","target":{"@type":"EntryPoint","urlTemplate":"https:\/\/www.bellunopress.it\/?s={search_term_string}"},"query-input":{"@type":"PropertyValueSpecification","valueRequired":true,"valueName":"search_term_string"}}],"inLanguage":"fr-FR"},{"@type":"Organization","@id":"https:\/\/www.bellunopress.it\/#organization","name":"Bellunopress","url":"https:\/\/www.bellunopress.it\/","logo":{"@type":"ImageObject","inLanguage":"fr-FR","@id":"https:\/\/www.bellunopress.it\/#\/schema\/logo\/image\/","url":"https:\/\/www.bellunopress.it\/wp-content\/uploads\/2011\/05\/cropped-logo-bellunopress-.jpg","contentUrl":"https:\/\/www.bellunopress.it\/wp-content\/uploads\/2011\/05\/cropped-logo-bellunopress-.jpg","width":512,"height":512,"caption":"Bellunopress"},"image":{"@id":"https:\/\/www.bellunopress.it\/#\/schema\/logo\/image\/"},"sameAs":["https:\/\/www.facebook.com\/profile.php?id=100008943462799","https:\/\/x.com\/bellunopress","https:\/\/www.linkedin.com\/hp\/?dnr=JBzUWaJfMUw8vbXJJ2tVW5-I3jZKvC4wsoxE&amp;amp;amp;amp;amp;amp;trk=nav_responsive_tab_home","https:\/\/www.youtube.com\/channel\/UCxL0wu1uN0_3_7hGG0306cw"]},{"@type":"Person","@id":"https:\/\/www.bellunopress.it\/#\/schema\/person\/79bb06722b37ece1c03d3e94beb30d73","name":"r\u00e9daction","image":{"@type":"ImageObject","inLanguage":"fr-FR","@id":"https:\/\/secure.gravatar.com\/avatar\/37d968a2e67a6fd04c169c4bdef102d0bc5d31b2546345219e348575eb80e9a0?s=96&d=mm&r=g","url":"https:\/\/secure.gravatar.com\/avatar\/37d968a2e67a6fd04c169c4bdef102d0bc5d31b2546345219e348575eb80e9a0?s=96&d=mm&r=g","contentUrl":"https:\/\/secure.gravatar.com\/avatar\/37d968a2e67a6fd04c169c4bdef102d0bc5d31b2546345219e348575eb80e9a0?s=96&d=mm&r=g","caption":"redazione"},"sameAs":["http:\/\/www.bellunopress.it","https:\/\/x.com\/bellunopress"],"url":"https:\/\/www.bellunopress.it\/fr\/author\/redazione\/"}]}},"_links":{"self":[{"href":"https:\/\/www.bellunopress.it\/fr\/wp-json\/wp\/v2\/posts\/150357","targetHints":{"allow":["GET"]}}],"collection":[{"href":"https:\/\/www.bellunopress.it\/fr\/wp-json\/wp\/v2\/posts"}],"about":[{"href":"https:\/\/www.bellunopress.it\/fr\/wp-json\/wp\/v2\/types\/post"}],"author":[{"embeddable":true,"href":"https:\/\/www.bellunopress.it\/fr\/wp-json\/wp\/v2\/users\/2"}],"replies":[{"embeddable":true,"href":"https:\/\/www.bellunopress.it\/fr\/wp-json\/wp\/v2\/comments?post=150357"}],"version-history":[{"count":1,"href":"https:\/\/www.bellunopress.it\/fr\/wp-json\/wp\/v2\/posts\/150357\/revisions"}],"predecessor-version":[{"id":150358,"href":"https:\/\/www.bellunopress.it\/fr\/wp-json\/wp\/v2\/posts\/150357\/revisions\/150358"}],"wp:featuredmedia":[{"embeddable":true,"href":"https:\/\/www.bellunopress.it\/fr\/wp-json\/wp\/v2\/media\/17965"}],"wp:attachment":[{"href":"https:\/\/www.bellunopress.it\/fr\/wp-json\/wp\/v2\/media?parent=150357"}],"wp:term":[{"taxonomy":"category","embeddable":true,"href":"https:\/\/www.bellunopress.it\/fr\/wp-json\/wp\/v2\/categories?post=150357"},{"taxonomy":"post_tag","embeddable":true,"href":"https:\/\/www.bellunopress.it\/fr\/wp-json\/wp\/v2\/tags?post=150357"}],"curies":[{"name":"wp","href":"https:\/\/api.w.org\/{rel}","templated":true}]}}