{"id":150354,"date":"2024-04-29T09:45:10","date_gmt":"2024-04-29T07:45:10","guid":{"rendered":"https:\/\/www.bellunopress.it\/?p=150354"},"modified":"2024-04-29T09:45:10","modified_gmt":"2024-04-29T07:45:10","slug":"a-borgo-valbelluna-iniziano-i-weekend-di-camminando","status":"publish","type":"post","link":"https:\/\/www.bellunopress.it\/fr\/2024\/04\/29\/a-borgo-valbelluna-iniziano-i-weekend-di-camminando\/","title":{"rendered":"A Borgo Valbelluna iniziano i weekend di Camminando"},"content":{"rendered":"<figure id=\"attachment_150355\" aria-describedby=\"caption-attachment-150355\" style=\"width: 1000px\" class=\"wp-caption alignleft\"><img loading=\"lazy\" decoding=\"async\" class=\"size-full wp-image-150355\" src=\"https:\/\/www.bellunopress.it\/wp-content\/uploads\/2024\/04\/Valentina-K_edited.jpg\" alt=\"Valentina Lo Surdo\" width=\"1000\" height=\"744\" srcset=\"https:\/\/www.bellunopress.it\/wp-content\/uploads\/2024\/04\/Valentina-K_edited.jpg 1000w, https:\/\/www.bellunopress.it\/wp-content\/uploads\/2024\/04\/Valentina-K_edited-500x372.jpg 500w, https:\/\/www.bellunopress.it\/wp-content\/uploads\/2024\/04\/Valentina-K_edited-565x420.jpg 565w, https:\/\/www.bellunopress.it\/wp-content\/uploads\/2024\/04\/Valentina-K_edited-80x60.jpg 80w, https:\/\/www.bellunopress.it\/wp-content\/uploads\/2024\/04\/Valentina-K_edited-485x360.jpg 485w, https:\/\/www.bellunopress.it\/wp-content\/uploads\/2024\/04\/Valentina-K_edited-696x518.jpg 696w\" sizes=\"auto, (max-width: 1000px) 100vw, 1000px\" \/><figcaption id=\"caption-attachment-150355\" class=\"wp-caption-text\">Valentina Lo Surdo<\/figcaption><\/figure>\n<p>Borgo Valbelluna 3, 4, 5 maggio: Camminando. Esperienze, sensazioni, emozioni offre un week end per tutti i gusti insieme a Valentina Lo Surdo<\/p>\n<p>Entra sempre pi\u00f9 nel vivo \u201cCamminando. Esperienze, sensazioni, emozioni\u201d, il festival che a Borgo Valbelluna propone l\u2019esperienza del movimento lento in modo trasversale. Dopo un apprezzatissimo inizio sabato 27 aprile con la dieta Mediterranea e la Bioenergetica, \u00e8 in arrivo un weekend fitto di appuntamenti.<\/p>\n<p>Si inizia con venerd\u00ec 3 alle 20:45 alla sala SOMS di Lentiai con <strong>Matteo Piva<\/strong> e la sua incredibile esperienza: A piedi dalla Val di Zoldo a Santiago de Compostela. L\u2019estroso camminatore, conosciuto da molti come PataGiramondo, dialogher\u00e0 con <strong>Tatiana Menegol<\/strong> e presenter\u00e0 i due suoi libri: Destinazione Amore e Alla ricerca dell\u2019alba: dalle Dolomiti a Barcellona camminando, dei quali verranno letti alcuni brani. Per l\u2019occasione sar\u00e0 in sala anche la madrina del festival, <strong>Valentina Lo Surdo<\/strong>, nota conduttrice radiotelevisiva e reporter di cammini, che da sabato mattina si far\u00e0 portare a spasso da tutti coloro che vorranno vivere con lei alcuni degli ambienti pi\u00f9 suggestivi di Borgo Valbelluna.<\/p>\n<p>Il format \u201cA spasso con Valentina\u201d propone la mattina di sabato 4, con ritrovo alle 10:00 al Castello di Zumelle, un\u2019esperienza di canyoning alla scoperta degli ambienti giurassici della Val Maor, accompagnati da Canyoning Borgo Valbelluna. Per prenotarsi sar\u00e0 necessario entrare in <a href=\"https:\/\/forms.gle\/sz6phwSFxTAYG1nR9\">https:\/\/forms.gle\/sz6phwSFxTAYG1nR9<\/a><\/p>\n<p>Ma non finisce qui; sar\u00e0 possibile stare con Valentina anche il pomeriggio andando a spasso da Poggio Pagnan, ritrovo alle 14:30, sino in Zelant incontrando alcuni tra i produttori locali per poi fare un Apericena all\u2019interno del suggestivo Roccolo di Zelant. Anche in questo caso l\u2019iscrizione sar\u00e0 obbligatoria entro gioved\u00ec 2 maggio accedendo al forms: <a href=\"https:\/\/forms.gle\/pstxwwhkbb5uGcjP6\">https:\/\/forms.gle\/pstxwwhkbb5uGcjP6<\/a><\/p>\n<p>La sera invece, insieme anche a <strong>Melania Menegol<\/strong>, a partire dalle 20:45 nella sala Auditorium di S. Pietro, Valentina parler\u00e0 di musica, cammini e sostenibilit\u00e0 ambientale con l\u2019appuntamento dal titolo: Incontro con Valentina Lo Surdo &#8211; dalla musica ai cammini e l&#8217;impatto umano con l&#8217;ambiente. Ingresso libero<\/p>\n<p>Domenica mattina, ritrovo alle 9:00 a Zelant, ancora un\u2019esperienza di cammino per accompagnare sempre Valentina a visitare i Brent de l&#8217;Art con l\u2019intervento prezioso della guida <strong>Irene De Pellegrini<\/strong>, che spiegher\u00e0 ai presenti la variet\u00e0 dell\u2019ambiente naturale e geologico del percorso. Alla fine pasta party per tutti con gli amici di Zelant Trail Experience. Anche in questo caso l\u2019iscrizione \u00e8 obbligatoria su: <a href=\"https:\/\/forms.gle\/YyLuET8xLDpRjRAj9\">https:\/\/forms.gle\/YyLuET8xLDpRjRAj9<\/a><\/p>\n<p>Un insieme di appuntamenti da non perdere non solo per il piacere di camminare esplorando il territorio di Borgo Valbelluna, ma anche per condividere esperienze, sensazioni ed emozioni.<br \/>\nPer informazioni \u00e8 attiva la chat whatsapp di Camminando <a href=\"https:\/\/chat.whatsapp.com\/EsEStvmMlf093FvBwHxzja\">https:\/\/chat.whatsapp.com\/EsEStvmMlf093FvBwHxzja<\/a><\/p>\n<p><strong>Valentina Lo Surdo<\/strong>, da oltre 25 anni \u00e8 interprete di una carriera poliedrica nell\u2019ambito della musica e della comunicazione.<br \/>\nMusicista (laureata in Pianoforte, per anni ha anche suonato come tastierista rock), conduttrice radiotelevisiva con al suo attivo centinaia di trasmissioni per la Rai (Radio3, Rai5, Raitre, Rai International, Radio Live) e per la Radio Svizzera Italiana, giornalista musicale e creatrice di progetti culturali (oltre 800 realizzati), presentatrice di eventi (pi\u00f9 di 1000 concerti introdotti accanto ai grandi protagonisti della scena classica e non), trainer internazionale di comunicazione, \u00e8 attiva anche in qualit\u00e0 di voce recitante partecipando a numerosi spettacoli teatrali, ma anche a spot audio e video come speaker, attrice e doppiatrice.<br \/>\nCon il soprannome Abha \u00e8 autrice di reportage dal mondo, pubblicati su Turisti per Caso Italia Slow Tour, Marcopolo, Lonely Planet, La Freccia, L\u2019Espresso, con particolare predilezione per i cammini che ama compiere in solitaria. Nell\u2019ambito della formazione, insegna public speaking e tecniche di comunicazione in Italia e all\u2019estero, ad artisti, manager, politici, liberi professionisti. Il suo primo libro si intitola \u201cL\u2019Arte del Successo\u201c (Edizioni Curci) ed \u00e8 anche il titolo del suo corso on line di maggiore successo, sintetizzando 15 anni di corsi tenuti insegnando Self Management per Musicisti in oltre quaranta Conservatori in Italia e nel mondo.<\/p>\n<p><strong>Matteo Piva<\/strong> @patogiramondo, viaggiatore, scrittore, sognatore. Bambino timido e introverso prima, adolescente insicuro in cerca di accettazione poi, Matteo utilizza il viaggio come strumento di scoperta e crescita interiore.<br \/>\nAutore di &#8220;Alla ricerca dell&#8217;Alba&#8221; e &#8220;Destinazione Amore&#8221;, dove racconta la sua impresa di 7 mesi di cammino in solitaria dalle Dolomiti a Santiago de Compostela. Questa e altre avventure, dalla Patagonia all&#8217;India, lo hanno messo alla prova sperimentando modalit\u00e0 di viaggio insolite e creative come il viaggiare con un carretto di nome Gionni, in autostop e couchsurfing, sempre rigorosamente a contatto con i locals.<br \/>\nPorta la sua esperienza di viaggio e di vita attraverso eventi, pratiche di meditazione e cerchi, come ispirazione per Uomini e Donne nel riscoprire il proprio Cammino.<\/p>\n<p><strong>Melania Menegol<\/strong>, Zumellese di nascita, dopo essersi realizzata professionalmente, decide di ritornare sui libri e consegue brillantemente la laurea in Scienze della mediazione linguistica, presso il Campus Unidolomiti nel 2023. La sua tesi coniuga l&#8217;amore per le lingue e le culture straniere con la passione per la montagna.<\/p>\n<p>&nbsp;<\/p>","protected":false},"excerpt":{"rendered":"<p>Borgo Valbelluna 3, 4, 5 maggio: Camminando. Esperienze, sensazioni, emozioni offre un week end per tutti i gusti insieme a Valentina Lo Surdo Entra sempre pi\u00f9 nel vivo \u201cCamminando. Esperienze, sensazioni, emozioni\u201d, il festival che a Borgo Valbelluna propone l\u2019esperienza del movimento lento in modo trasversale. Dopo un apprezzatissimo inizio sabato 27 aprile con la [&hellip;]<\/p>\n","protected":false},"author":2,"featured_media":150355,"comment_status":"closed","ping_status":"open","sticky":false,"template":"","format":"standard","meta":{"footnotes":""},"categories":[27,25,4],"tags":[],"class_list":["post-150354","post","type-post","status-publish","format-standard","has-post-thumbnail","category-appuntamenti","category-pausa-caffe","category-sport"],"yoast_head":"<!-- This site is optimized with the Yoast SEO plugin v28.4 - https:\/\/yoast.com\/product\/yoast-seo-wordpress\/ -->\n<title>A Borgo Valbelluna iniziano i weekend di Camminando - Bellunopress - Dolomiti<\/title>\n<meta name=\"robots\" content=\"index, follow, max-snippet:-1, max-image-preview:large, max-video-preview:-1\" \/>\n<link rel=\"canonical\" href=\"https:\/\/www.bellunopress.it\/fr\/2024\/04\/29\/a-borgo-valbelluna-iniziano-i-weekend-di-camminando\/\" \/>\n<meta property=\"og:locale\" content=\"fr_FR\" \/>\n<meta property=\"og:type\" content=\"article\" \/>\n<meta property=\"og:title\" content=\"A Borgo Valbelluna iniziano i weekend di Camminando - Bellunopress - Dolomiti\" \/>\n<meta property=\"og:description\" content=\"Borgo Valbelluna 3, 4, 5 maggio: Camminando. Esperienze, sensazioni, emozioni offre un week end per tutti i gusti insieme a Valentina Lo Surdo Entra sempre pi\u00f9 nel vivo \u201cCamminando. Esperienze, sensazioni, emozioni\u201d, il festival che a Borgo Valbelluna propone l\u2019esperienza del movimento lento in modo trasversale. Dopo un apprezzatissimo inizio sabato 27 aprile con la [&hellip;]\" \/>\n<meta property=\"og:url\" content=\"https:\/\/www.bellunopress.it\/fr\/2024\/04\/29\/a-borgo-valbelluna-iniziano-i-weekend-di-camminando\/\" \/>\n<meta property=\"og:site_name\" content=\"Bellunopress - Dolomiti\" \/>\n<meta property=\"article:publisher\" content=\"https:\/\/www.facebook.com\/profile.php?id=100008943462799\" \/>\n<meta property=\"article:published_time\" content=\"2024-04-29T07:45:10+00:00\" \/>\n<meta property=\"og:image\" content=\"https:\/\/www.bellunopress.it\/wp-content\/uploads\/2024\/04\/Valentina-K_edited.jpg\" \/>\n\t<meta property=\"og:image:width\" content=\"1000\" \/>\n\t<meta property=\"og:image:height\" content=\"744\" \/>\n\t<meta property=\"og:image:type\" content=\"image\/jpeg\" \/>\n<meta name=\"author\" content=\"redazione\" \/>\n<meta name=\"twitter:card\" content=\"summary_large_image\" \/>\n<meta name=\"twitter:creator\" content=\"@bellunopress\" \/>\n<meta name=\"twitter:site\" content=\"@bellunopress\" \/>\n<meta name=\"twitter:label1\" content=\"\u00c9crit par\" \/>\n\t<meta name=\"twitter:data1\" content=\"redazione\" \/>\n\t<meta name=\"twitter:label2\" content=\"Dur\u00e9e de lecture estim\u00e9e\" \/>\n\t<meta name=\"twitter:data2\" content=\"4 minutes\" \/>\n<script type=\"application\/ld+json\" class=\"yoast-schema-graph\">{\"@context\":\"https:\\\/\\\/schema.org\",\"@graph\":[{\"@type\":\"Article\",\"@id\":\"https:\\\/\\\/www.bellunopress.it\\\/2024\\\/04\\\/29\\\/a-borgo-valbelluna-iniziano-i-weekend-di-camminando\\\/#article\",\"isPartOf\":{\"@id\":\"https:\\\/\\\/www.bellunopress.it\\\/2024\\\/04\\\/29\\\/a-borgo-valbelluna-iniziano-i-weekend-di-camminando\\\/\"},\"author\":{\"name\":\"redazione\",\"@id\":\"https:\\\/\\\/www.bellunopress.it\\\/#\\\/schema\\\/person\\\/79bb06722b37ece1c03d3e94beb30d73\"},\"headline\":\"A Borgo Valbelluna iniziano i weekend di Camminando\",\"datePublished\":\"2024-04-29T07:45:10+00:00\",\"mainEntityOfPage\":{\"@id\":\"https:\\\/\\\/www.bellunopress.it\\\/2024\\\/04\\\/29\\\/a-borgo-valbelluna-iniziano-i-weekend-di-camminando\\\/\"},\"wordCount\":839,\"publisher\":{\"@id\":\"https:\\\/\\\/www.bellunopress.it\\\/#organization\"},\"image\":{\"@id\":\"https:\\\/\\\/www.bellunopress.it\\\/2024\\\/04\\\/29\\\/a-borgo-valbelluna-iniziano-i-weekend-di-camminando\\\/#primaryimage\"},\"thumbnailUrl\":\"https:\\\/\\\/www.bellunopress.it\\\/wp-content\\\/uploads\\\/2024\\\/04\\\/Valentina-K_edited.jpg\",\"articleSection\":[\"Appuntamenti, Eventi\",\"Pausa Caff\u00e8\",\"Sport, tempo libero\"],\"inLanguage\":\"fr-FR\"},{\"@type\":\"WebPage\",\"@id\":\"https:\\\/\\\/www.bellunopress.it\\\/2024\\\/04\\\/29\\\/a-borgo-valbelluna-iniziano-i-weekend-di-camminando\\\/\",\"url\":\"https:\\\/\\\/www.bellunopress.it\\\/2024\\\/04\\\/29\\\/a-borgo-valbelluna-iniziano-i-weekend-di-camminando\\\/\",\"name\":\"A Borgo Valbelluna iniziano i weekend di Camminando - Bellunopress - Dolomiti\",\"isPartOf\":{\"@id\":\"https:\\\/\\\/www.bellunopress.it\\\/#website\"},\"primaryImageOfPage\":{\"@id\":\"https:\\\/\\\/www.bellunopress.it\\\/2024\\\/04\\\/29\\\/a-borgo-valbelluna-iniziano-i-weekend-di-camminando\\\/#primaryimage\"},\"image\":{\"@id\":\"https:\\\/\\\/www.bellunopress.it\\\/2024\\\/04\\\/29\\\/a-borgo-valbelluna-iniziano-i-weekend-di-camminando\\\/#primaryimage\"},\"thumbnailUrl\":\"https:\\\/\\\/www.bellunopress.it\\\/wp-content\\\/uploads\\\/2024\\\/04\\\/Valentina-K_edited.jpg\",\"datePublished\":\"2024-04-29T07:45:10+00:00\",\"breadcrumb\":{\"@id\":\"https:\\\/\\\/www.bellunopress.it\\\/2024\\\/04\\\/29\\\/a-borgo-valbelluna-iniziano-i-weekend-di-camminando\\\/#breadcrumb\"},\"inLanguage\":\"fr-FR\",\"potentialAction\":[{\"@type\":\"ReadAction\",\"target\":[\"https:\\\/\\\/www.bellunopress.it\\\/2024\\\/04\\\/29\\\/a-borgo-valbelluna-iniziano-i-weekend-di-camminando\\\/\"]}]},{\"@type\":\"ImageObject\",\"inLanguage\":\"fr-FR\",\"@id\":\"https:\\\/\\\/www.bellunopress.it\\\/2024\\\/04\\\/29\\\/a-borgo-valbelluna-iniziano-i-weekend-di-camminando\\\/#primaryimage\",\"url\":\"https:\\\/\\\/www.bellunopress.it\\\/wp-content\\\/uploads\\\/2024\\\/04\\\/Valentina-K_edited.jpg\",\"contentUrl\":\"https:\\\/\\\/www.bellunopress.it\\\/wp-content\\\/uploads\\\/2024\\\/04\\\/Valentina-K_edited.jpg\",\"width\":1000,\"height\":744,\"caption\":\"Valentina Lo Surdo\"},{\"@type\":\"BreadcrumbList\",\"@id\":\"https:\\\/\\\/www.bellunopress.it\\\/2024\\\/04\\\/29\\\/a-borgo-valbelluna-iniziano-i-weekend-di-camminando\\\/#breadcrumb\",\"itemListElement\":[{\"@type\":\"ListItem\",\"position\":1,\"name\":\"Home\",\"item\":\"https:\\\/\\\/www.bellunopress.it\\\/\"},{\"@type\":\"ListItem\",\"position\":2,\"name\":\"A Borgo Valbelluna iniziano i weekend di Camminando\"}]},{\"@type\":\"WebSite\",\"@id\":\"https:\\\/\\\/www.bellunopress.it\\\/#website\",\"url\":\"https:\\\/\\\/www.bellunopress.it\\\/\",\"name\":\"Bellunopress - Dolomiti\",\"description\":\"e-mail: redazione@bellunopress.it\",\"publisher\":{\"@id\":\"https:\\\/\\\/www.bellunopress.it\\\/#organization\"},\"potentialAction\":[{\"@type\":\"SearchAction\",\"target\":{\"@type\":\"EntryPoint\",\"urlTemplate\":\"https:\\\/\\\/www.bellunopress.it\\\/?s={search_term_string}\"},\"query-input\":{\"@type\":\"PropertyValueSpecification\",\"valueRequired\":true,\"valueName\":\"search_term_string\"}}],\"inLanguage\":\"fr-FR\"},{\"@type\":\"Organization\",\"@id\":\"https:\\\/\\\/www.bellunopress.it\\\/#organization\",\"name\":\"Bellunopress\",\"url\":\"https:\\\/\\\/www.bellunopress.it\\\/\",\"logo\":{\"@type\":\"ImageObject\",\"inLanguage\":\"fr-FR\",\"@id\":\"https:\\\/\\\/www.bellunopress.it\\\/#\\\/schema\\\/logo\\\/image\\\/\",\"url\":\"https:\\\/\\\/www.bellunopress.it\\\/wp-content\\\/uploads\\\/2011\\\/05\\\/cropped-logo-bellunopress-.jpg\",\"contentUrl\":\"https:\\\/\\\/www.bellunopress.it\\\/wp-content\\\/uploads\\\/2011\\\/05\\\/cropped-logo-bellunopress-.jpg\",\"width\":512,\"height\":512,\"caption\":\"Bellunopress\"},\"image\":{\"@id\":\"https:\\\/\\\/www.bellunopress.it\\\/#\\\/schema\\\/logo\\\/image\\\/\"},\"sameAs\":[\"https:\\\/\\\/www.facebook.com\\\/profile.php?id=100008943462799\",\"https:\\\/\\\/x.com\\\/bellunopress\",\"https:\\\/\\\/www.linkedin.com\\\/hp\\\/?dnr=JBzUWaJfMUw8vbXJJ2tVW5-I3jZKvC4wsoxE&amp;amp;amp;amp;amp;amp;trk=nav_responsive_tab_home\",\"https:\\\/\\\/www.youtube.com\\\/channel\\\/UCxL0wu1uN0_3_7hGG0306cw\"]},{\"@type\":\"Person\",\"@id\":\"https:\\\/\\\/www.bellunopress.it\\\/#\\\/schema\\\/person\\\/79bb06722b37ece1c03d3e94beb30d73\",\"name\":\"redazione\",\"image\":{\"@type\":\"ImageObject\",\"inLanguage\":\"fr-FR\",\"@id\":\"https:\\\/\\\/secure.gravatar.com\\\/avatar\\\/37d968a2e67a6fd04c169c4bdef102d0bc5d31b2546345219e348575eb80e9a0?s=96&d=mm&r=g\",\"url\":\"https:\\\/\\\/secure.gravatar.com\\\/avatar\\\/37d968a2e67a6fd04c169c4bdef102d0bc5d31b2546345219e348575eb80e9a0?s=96&d=mm&r=g\",\"contentUrl\":\"https:\\\/\\\/secure.gravatar.com\\\/avatar\\\/37d968a2e67a6fd04c169c4bdef102d0bc5d31b2546345219e348575eb80e9a0?s=96&d=mm&r=g\",\"caption\":\"redazione\"},\"sameAs\":[\"http:\\\/\\\/www.bellunopress.it\",\"https:\\\/\\\/x.com\\\/bellunopress\"],\"url\":\"https:\\\/\\\/www.bellunopress.it\\\/fr\\\/author\\\/redazione\\\/\"}]}<\/script>\n<!-- \/ Yoast SEO plugin. -->","yoast_head_json":{"title":"A Borgo Valbelluna iniziano i weekend di Camminando - Bellunopress - Dolomiti","robots":{"index":"index","follow":"follow","max-snippet":"max-snippet:-1","max-image-preview":"max-image-preview:large","max-video-preview":"max-video-preview:-1"},"canonical":"https:\/\/www.bellunopress.it\/fr\/2024\/04\/29\/a-borgo-valbelluna-iniziano-i-weekend-di-camminando\/","og_locale":"fr_FR","og_type":"article","og_title":"A Borgo Valbelluna iniziano i weekend di Camminando - Bellunopress - Dolomiti","og_description":"Borgo Valbelluna 3, 4, 5 maggio: Camminando. Esperienze, sensazioni, emozioni offre un week end per tutti i gusti insieme a Valentina Lo Surdo Entra sempre pi\u00f9 nel vivo \u201cCamminando. Esperienze, sensazioni, emozioni\u201d, il festival che a Borgo Valbelluna propone l\u2019esperienza del movimento lento in modo trasversale. Dopo un apprezzatissimo inizio sabato 27 aprile con la [&hellip;]","og_url":"https:\/\/www.bellunopress.it\/fr\/2024\/04\/29\/a-borgo-valbelluna-iniziano-i-weekend-di-camminando\/","og_site_name":"Bellunopress - Dolomiti","article_publisher":"https:\/\/www.facebook.com\/profile.php?id=100008943462799","article_published_time":"2024-04-29T07:45:10+00:00","og_image":[{"width":1000,"height":744,"url":"https:\/\/www.bellunopress.it\/wp-content\/uploads\/2024\/04\/Valentina-K_edited.jpg","type":"image\/jpeg"}],"author":"redazione","twitter_card":"summary_large_image","twitter_creator":"@bellunopress","twitter_site":"@bellunopress","twitter_misc":{"\u00c9crit par":"redazione","Dur\u00e9e de lecture estim\u00e9e":"4 minutes"},"schema":{"@context":"https:\/\/schema.org","@graph":[{"@type":"Article","@id":"https:\/\/www.bellunopress.it\/2024\/04\/29\/a-borgo-valbelluna-iniziano-i-weekend-di-camminando\/#article","isPartOf":{"@id":"https:\/\/www.bellunopress.it\/2024\/04\/29\/a-borgo-valbelluna-iniziano-i-weekend-di-camminando\/"},"author":{"name":"redazione","@id":"https:\/\/www.bellunopress.it\/#\/schema\/person\/79bb06722b37ece1c03d3e94beb30d73"},"headline":"A Borgo Valbelluna iniziano i weekend di Camminando","datePublished":"2024-04-29T07:45:10+00:00","mainEntityOfPage":{"@id":"https:\/\/www.bellunopress.it\/2024\/04\/29\/a-borgo-valbelluna-iniziano-i-weekend-di-camminando\/"},"wordCount":839,"publisher":{"@id":"https:\/\/www.bellunopress.it\/#organization"},"image":{"@id":"https:\/\/www.bellunopress.it\/2024\/04\/29\/a-borgo-valbelluna-iniziano-i-weekend-di-camminando\/#primaryimage"},"thumbnailUrl":"https:\/\/www.bellunopress.it\/wp-content\/uploads\/2024\/04\/Valentina-K_edited.jpg","articleSection":["Appuntamenti, Eventi","Pausa Caff\u00e8","Sport, tempo libero"],"inLanguage":"fr-FR"},{"@type":"WebPage","@id":"https:\/\/www.bellunopress.it\/2024\/04\/29\/a-borgo-valbelluna-iniziano-i-weekend-di-camminando\/","url":"https:\/\/www.bellunopress.it\/2024\/04\/29\/a-borgo-valbelluna-iniziano-i-weekend-di-camminando\/","name":"A Borgo Valbelluna iniziano i weekend di Camminando - Bellunopress - Dolomiti","isPartOf":{"@id":"https:\/\/www.bellunopress.it\/#website"},"primaryImageOfPage":{"@id":"https:\/\/www.bellunopress.it\/2024\/04\/29\/a-borgo-valbelluna-iniziano-i-weekend-di-camminando\/#primaryimage"},"image":{"@id":"https:\/\/www.bellunopress.it\/2024\/04\/29\/a-borgo-valbelluna-iniziano-i-weekend-di-camminando\/#primaryimage"},"thumbnailUrl":"https:\/\/www.bellunopress.it\/wp-content\/uploads\/2024\/04\/Valentina-K_edited.jpg","datePublished":"2024-04-29T07:45:10+00:00","breadcrumb":{"@id":"https:\/\/www.bellunopress.it\/2024\/04\/29\/a-borgo-valbelluna-iniziano-i-weekend-di-camminando\/#breadcrumb"},"inLanguage":"fr-FR","potentialAction":[{"@type":"ReadAction","target":["https:\/\/www.bellunopress.it\/2024\/04\/29\/a-borgo-valbelluna-iniziano-i-weekend-di-camminando\/"]}]},{"@type":"ImageObject","inLanguage":"fr-FR","@id":"https:\/\/www.bellunopress.it\/2024\/04\/29\/a-borgo-valbelluna-iniziano-i-weekend-di-camminando\/#primaryimage","url":"https:\/\/www.bellunopress.it\/wp-content\/uploads\/2024\/04\/Valentina-K_edited.jpg","contentUrl":"https:\/\/www.bellunopress.it\/wp-content\/uploads\/2024\/04\/Valentina-K_edited.jpg","width":1000,"height":744,"caption":"Valentina Lo Surdo"},{"@type":"BreadcrumbList","@id":"https:\/\/www.bellunopress.it\/2024\/04\/29\/a-borgo-valbelluna-iniziano-i-weekend-di-camminando\/#breadcrumb","itemListElement":[{"@type":"ListItem","position":1,"name":"Home","item":"https:\/\/www.bellunopress.it\/"},{"@type":"ListItem","position":2,"name":"A Borgo Valbelluna iniziano i weekend di Camminando"}]},{"@type":"WebSite","@id":"https:\/\/www.bellunopress.it\/#website","url":"https:\/\/www.bellunopress.it\/","name":"Bellunopress - Dolomiti","description":"e-mail: redazione@bellunopress.it","publisher":{"@id":"https:\/\/www.bellunopress.it\/#organization"},"potentialAction":[{"@type":"SearchAction","target":{"@type":"EntryPoint","urlTemplate":"https:\/\/www.bellunopress.it\/?s={search_term_string}"},"query-input":{"@type":"PropertyValueSpecification","valueRequired":true,"valueName":"search_term_string"}}],"inLanguage":"fr-FR"},{"@type":"Organization","@id":"https:\/\/www.bellunopress.it\/#organization","name":"Bellunopress","url":"https:\/\/www.bellunopress.it\/","logo":{"@type":"ImageObject","inLanguage":"fr-FR","@id":"https:\/\/www.bellunopress.it\/#\/schema\/logo\/image\/","url":"https:\/\/www.bellunopress.it\/wp-content\/uploads\/2011\/05\/cropped-logo-bellunopress-.jpg","contentUrl":"https:\/\/www.bellunopress.it\/wp-content\/uploads\/2011\/05\/cropped-logo-bellunopress-.jpg","width":512,"height":512,"caption":"Bellunopress"},"image":{"@id":"https:\/\/www.bellunopress.it\/#\/schema\/logo\/image\/"},"sameAs":["https:\/\/www.facebook.com\/profile.php?id=100008943462799","https:\/\/x.com\/bellunopress","https:\/\/www.linkedin.com\/hp\/?dnr=JBzUWaJfMUw8vbXJJ2tVW5-I3jZKvC4wsoxE&amp;amp;amp;amp;amp;amp;trk=nav_responsive_tab_home","https:\/\/www.youtube.com\/channel\/UCxL0wu1uN0_3_7hGG0306cw"]},{"@type":"Person","@id":"https:\/\/www.bellunopress.it\/#\/schema\/person\/79bb06722b37ece1c03d3e94beb30d73","name":"r\u00e9daction","image":{"@type":"ImageObject","inLanguage":"fr-FR","@id":"https:\/\/secure.gravatar.com\/avatar\/37d968a2e67a6fd04c169c4bdef102d0bc5d31b2546345219e348575eb80e9a0?s=96&d=mm&r=g","url":"https:\/\/secure.gravatar.com\/avatar\/37d968a2e67a6fd04c169c4bdef102d0bc5d31b2546345219e348575eb80e9a0?s=96&d=mm&r=g","contentUrl":"https:\/\/secure.gravatar.com\/avatar\/37d968a2e67a6fd04c169c4bdef102d0bc5d31b2546345219e348575eb80e9a0?s=96&d=mm&r=g","caption":"redazione"},"sameAs":["http:\/\/www.bellunopress.it","https:\/\/x.com\/bellunopress"],"url":"https:\/\/www.bellunopress.it\/fr\/author\/redazione\/"}]}},"_links":{"self":[{"href":"https:\/\/www.bellunopress.it\/fr\/wp-json\/wp\/v2\/posts\/150354","targetHints":{"allow":["GET"]}}],"collection":[{"href":"https:\/\/www.bellunopress.it\/fr\/wp-json\/wp\/v2\/posts"}],"about":[{"href":"https:\/\/www.bellunopress.it\/fr\/wp-json\/wp\/v2\/types\/post"}],"author":[{"embeddable":true,"href":"https:\/\/www.bellunopress.it\/fr\/wp-json\/wp\/v2\/users\/2"}],"replies":[{"embeddable":true,"href":"https:\/\/www.bellunopress.it\/fr\/wp-json\/wp\/v2\/comments?post=150354"}],"version-history":[{"count":1,"href":"https:\/\/www.bellunopress.it\/fr\/wp-json\/wp\/v2\/posts\/150354\/revisions"}],"predecessor-version":[{"id":150356,"href":"https:\/\/www.bellunopress.it\/fr\/wp-json\/wp\/v2\/posts\/150354\/revisions\/150356"}],"wp:featuredmedia":[{"embeddable":true,"href":"https:\/\/www.bellunopress.it\/fr\/wp-json\/wp\/v2\/media\/150355"}],"wp:attachment":[{"href":"https:\/\/www.bellunopress.it\/fr\/wp-json\/wp\/v2\/media?parent=150354"}],"wp:term":[{"taxonomy":"category","embeddable":true,"href":"https:\/\/www.bellunopress.it\/fr\/wp-json\/wp\/v2\/categories?post=150354"},{"taxonomy":"post_tag","embeddable":true,"href":"https:\/\/www.bellunopress.it\/fr\/wp-json\/wp\/v2\/tags?post=150354"}],"curies":[{"name":"wp","href":"https:\/\/api.w.org\/{rel}","templated":true}]}}