{"id":150351,"date":"2024-04-29T09:27:29","date_gmt":"2024-04-29T07:27:29","guid":{"rendered":"https:\/\/www.bellunopress.it\/?p=150351"},"modified":"2024-04-29T09:27:29","modified_gmt":"2024-04-29T07:27:29","slug":"giovanni-carraro-presenta-la-nuova-guida-escursionistica-del-monte-grappa-venerdi-3-maggio-a-quero-alla-rassegna-back-to-mountain","status":"publish","type":"post","link":"https:\/\/www.bellunopress.it\/fr\/2024\/04\/29\/giovanni-carraro-presenta-la-nuova-guida-escursionistica-del-monte-grappa-venerdi-3-maggio-a-quero-alla-rassegna-back-to-mountain\/","title":{"rendered":"Giovanni Carraro presenta la nuova guida escursionistica del Monte Grappa. Venerd\u00ec 3 maggio a Quero alla rassegna Back to Mountain"},"content":{"rendered":"<figure id=\"attachment_82497\" aria-describedby=\"caption-attachment-82497\" style=\"width: 300px\" class=\"wp-caption alignleft\"><img loading=\"lazy\" decoding=\"async\" class=\"size-full wp-image-82497\" src=\"https:\/\/www.bellunopress.it\/wp-content\/uploads\/2016\/11\/giovanni-carraro.jpg\" alt=\"\" width=\"300\" height=\"251\" \/><figcaption id=\"caption-attachment-82497\" class=\"wp-caption-text\">Giovanni Carraro<\/figcaption><\/figure>\n<p>Il Monte Grappa, raccontato dal giornalista e documentarista Giovanni Carraro in una guida escursionistica di recente pubblicazione, sar\u00e0 protagonista dell&#8217;ultima serata della rassegna &#8220;Back to mountain&#8221; organizzata dai volontari del centro culturale di Quero. Appuntamento venerd\u00ec 3 maggio, alle ore 20.30, con ingresso libero. Con l&#8217;occasione verr\u00e0 presentata al pubblico anche la nuova edizione della mappa Tabacco 051 dedicata al Massiccio del Grappa, di cui Carraro \u00e8 stato tra i consulenti.<\/p>\n<p>Un incontro per conoscere o riscoprire le mille sfaccettature della Montagna Sacra alla Patria, per raccontare al meglio il territorio, gli itinerari e le curiosit\u00e0 culturali del Grappa. Carraro \u00e8 ideatore del Cammino delle Colline dell&#8217;Unesco, socio Cai e accompagnatore escursionistico nazionale F.I.E. Edito da pochi giorni da Ediciclo, il libro &#8220;Riscoprire il Monte Grappa&#8221; \u00e8 un libro che mancava, dove viene mappata e descritta l&#8217;intera rete sentieristica Cai oltre a numerosi itinerari di interesse locale, ciascuno accuratamente descritto nei minimi dettagli. Con il suo libro e con l&#8217;ausilio di foto, Carraro fa vivere 42 itinerari e 74 varianti, per un totale di 626 km: dalla semplice passeggiata di fondovalle, alle avventurose vie ferrate su ripide pareti. C&#8217;\u00e8 spazio anche per la Grande Guerra, parte integrante della storia del Grappa, permettendo al camminatore di immergersi nella memoria.<\/p>\n<p>L&#8217;incontro di Quero sar\u00e0 arricchito dall&#8217;intervento musicale della fisarmonicista Sabrina Salvestrin. Durante la serata Gianmartino Durighello reciter\u00e0 in esclusiva una sua poesia dialettale che racconta la vita di montagna in questa zona del Grappa, contenuta nella guida di Carraro.<\/p>","protected":false},"excerpt":{"rendered":"<p>Il Monte Grappa, raccontato dal giornalista e documentarista Giovanni Carraro in una guida escursionistica di recente pubblicazione, sar\u00e0 protagonista dell&#8217;ultima serata della rassegna &#8220;Back to mountain&#8221; organizzata dai volontari del centro culturale di Quero. Appuntamento venerd\u00ec 3 maggio, alle ore 20.30, con ingresso libero. Con l&#8217;occasione verr\u00e0 presentata al pubblico anche la nuova edizione della [&hellip;]<\/p>\n","protected":false},"author":2,"featured_media":150352,"comment_status":"closed","ping_status":"open","sticky":false,"template":"","format":"standard","meta":{"footnotes":""},"categories":[27],"tags":[],"class_list":["post-150351","post","type-post","status-publish","format-standard","has-post-thumbnail","category-appuntamenti"],"yoast_head":"<!-- This site is optimized with the Yoast SEO plugin v28.4 - https:\/\/yoast.com\/product\/yoast-seo-wordpress\/ -->\n<title>Giovanni Carraro presenta la nuova guida escursionistica del Monte Grappa. Venerd\u00ec 3 maggio a Quero alla rassegna Back to Mountain - Bellunopress - Dolomiti<\/title>\n<meta name=\"robots\" content=\"index, follow, max-snippet:-1, max-image-preview:large, max-video-preview:-1\" \/>\n<link rel=\"canonical\" href=\"https:\/\/www.bellunopress.it\/fr\/2024\/04\/29\/giovanni-carraro-presenta-la-nuova-guida-escursionistica-del-monte-grappa-venerdi-3-maggio-a-quero-alla-rassegna-back-to-mountain\/\" \/>\n<meta property=\"og:locale\" content=\"fr_FR\" \/>\n<meta property=\"og:type\" content=\"article\" \/>\n<meta property=\"og:title\" content=\"Giovanni Carraro presenta la nuova guida escursionistica del Monte Grappa. Venerd\u00ec 3 maggio a Quero alla rassegna Back to Mountain - Bellunopress - Dolomiti\" \/>\n<meta property=\"og:description\" content=\"Il Monte Grappa, raccontato dal giornalista e documentarista Giovanni Carraro in una guida escursionistica di recente pubblicazione, sar\u00e0 protagonista dell&#8217;ultima serata della rassegna &#8220;Back to mountain&#8221; organizzata dai volontari del centro culturale di Quero. Appuntamento venerd\u00ec 3 maggio, alle ore 20.30, con ingresso libero. Con l&#8217;occasione verr\u00e0 presentata al pubblico anche la nuova edizione della [&hellip;]\" \/>\n<meta property=\"og:url\" content=\"https:\/\/www.bellunopress.it\/fr\/2024\/04\/29\/giovanni-carraro-presenta-la-nuova-guida-escursionistica-del-monte-grappa-venerdi-3-maggio-a-quero-alla-rassegna-back-to-mountain\/\" \/>\n<meta property=\"og:site_name\" content=\"Bellunopress - Dolomiti\" \/>\n<meta property=\"article:publisher\" content=\"https:\/\/www.facebook.com\/profile.php?id=100008943462799\" \/>\n<meta property=\"article:published_time\" content=\"2024-04-29T07:27:29+00:00\" \/>\n<meta property=\"og:image\" content=\"https:\/\/www.bellunopress.it\/wp-content\/uploads\/2024\/04\/Giovanni-Carraro_edited.jpg\" \/>\n\t<meta property=\"og:image:width\" content=\"849\" \/>\n\t<meta property=\"og:image:height\" content=\"781\" \/>\n\t<meta property=\"og:image:type\" content=\"image\/jpeg\" \/>\n<meta name=\"author\" content=\"redazione\" \/>\n<meta name=\"twitter:card\" content=\"summary_large_image\" \/>\n<meta name=\"twitter:creator\" content=\"@bellunopress\" \/>\n<meta name=\"twitter:site\" content=\"@bellunopress\" \/>\n<meta name=\"twitter:label1\" content=\"\u00c9crit par\" \/>\n\t<meta name=\"twitter:data1\" content=\"redazione\" \/>\n\t<meta name=\"twitter:label2\" content=\"Dur\u00e9e de lecture estim\u00e9e\" \/>\n\t<meta name=\"twitter:data2\" content=\"1 minute\" \/>\n<script type=\"application\/ld+json\" class=\"yoast-schema-graph\">{\"@context\":\"https:\\\/\\\/schema.org\",\"@graph\":[{\"@type\":\"Article\",\"@id\":\"https:\\\/\\\/www.bellunopress.it\\\/2024\\\/04\\\/29\\\/giovanni-carraro-presenta-la-nuova-guida-escursionistica-del-monte-grappa-venerdi-3-maggio-a-quero-alla-rassegna-back-to-mountain\\\/#article\",\"isPartOf\":{\"@id\":\"https:\\\/\\\/www.bellunopress.it\\\/2024\\\/04\\\/29\\\/giovanni-carraro-presenta-la-nuova-guida-escursionistica-del-monte-grappa-venerdi-3-maggio-a-quero-alla-rassegna-back-to-mountain\\\/\"},\"author\":{\"name\":\"redazione\",\"@id\":\"https:\\\/\\\/www.bellunopress.it\\\/#\\\/schema\\\/person\\\/79bb06722b37ece1c03d3e94beb30d73\"},\"headline\":\"Giovanni Carraro presenta la nuova guida escursionistica del Monte Grappa. Venerd\u00ec 3 maggio a Quero alla rassegna Back to Mountain\",\"datePublished\":\"2024-04-29T07:27:29+00:00\",\"mainEntityOfPage\":{\"@id\":\"https:\\\/\\\/www.bellunopress.it\\\/2024\\\/04\\\/29\\\/giovanni-carraro-presenta-la-nuova-guida-escursionistica-del-monte-grappa-venerdi-3-maggio-a-quero-alla-rassegna-back-to-mountain\\\/\"},\"wordCount\":275,\"publisher\":{\"@id\":\"https:\\\/\\\/www.bellunopress.it\\\/#organization\"},\"image\":{\"@id\":\"https:\\\/\\\/www.bellunopress.it\\\/2024\\\/04\\\/29\\\/giovanni-carraro-presenta-la-nuova-guida-escursionistica-del-monte-grappa-venerdi-3-maggio-a-quero-alla-rassegna-back-to-mountain\\\/#primaryimage\"},\"thumbnailUrl\":\"https:\\\/\\\/www.bellunopress.it\\\/wp-content\\\/uploads\\\/2024\\\/04\\\/Giovanni-Carraro_edited.jpg\",\"articleSection\":[\"Appuntamenti, Eventi\"],\"inLanguage\":\"fr-FR\"},{\"@type\":\"WebPage\",\"@id\":\"https:\\\/\\\/www.bellunopress.it\\\/2024\\\/04\\\/29\\\/giovanni-carraro-presenta-la-nuova-guida-escursionistica-del-monte-grappa-venerdi-3-maggio-a-quero-alla-rassegna-back-to-mountain\\\/\",\"url\":\"https:\\\/\\\/www.bellunopress.it\\\/2024\\\/04\\\/29\\\/giovanni-carraro-presenta-la-nuova-guida-escursionistica-del-monte-grappa-venerdi-3-maggio-a-quero-alla-rassegna-back-to-mountain\\\/\",\"name\":\"Giovanni Carraro presenta la nuova guida escursionistica del Monte Grappa. Venerd\u00ec 3 maggio a Quero alla rassegna Back to Mountain - Bellunopress - Dolomiti\",\"isPartOf\":{\"@id\":\"https:\\\/\\\/www.bellunopress.it\\\/#website\"},\"primaryImageOfPage\":{\"@id\":\"https:\\\/\\\/www.bellunopress.it\\\/2024\\\/04\\\/29\\\/giovanni-carraro-presenta-la-nuova-guida-escursionistica-del-monte-grappa-venerdi-3-maggio-a-quero-alla-rassegna-back-to-mountain\\\/#primaryimage\"},\"image\":{\"@id\":\"https:\\\/\\\/www.bellunopress.it\\\/2024\\\/04\\\/29\\\/giovanni-carraro-presenta-la-nuova-guida-escursionistica-del-monte-grappa-venerdi-3-maggio-a-quero-alla-rassegna-back-to-mountain\\\/#primaryimage\"},\"thumbnailUrl\":\"https:\\\/\\\/www.bellunopress.it\\\/wp-content\\\/uploads\\\/2024\\\/04\\\/Giovanni-Carraro_edited.jpg\",\"datePublished\":\"2024-04-29T07:27:29+00:00\",\"breadcrumb\":{\"@id\":\"https:\\\/\\\/www.bellunopress.it\\\/2024\\\/04\\\/29\\\/giovanni-carraro-presenta-la-nuova-guida-escursionistica-del-monte-grappa-venerdi-3-maggio-a-quero-alla-rassegna-back-to-mountain\\\/#breadcrumb\"},\"inLanguage\":\"fr-FR\",\"potentialAction\":[{\"@type\":\"ReadAction\",\"target\":[\"https:\\\/\\\/www.bellunopress.it\\\/2024\\\/04\\\/29\\\/giovanni-carraro-presenta-la-nuova-guida-escursionistica-del-monte-grappa-venerdi-3-maggio-a-quero-alla-rassegna-back-to-mountain\\\/\"]}]},{\"@type\":\"ImageObject\",\"inLanguage\":\"fr-FR\",\"@id\":\"https:\\\/\\\/www.bellunopress.it\\\/2024\\\/04\\\/29\\\/giovanni-carraro-presenta-la-nuova-guida-escursionistica-del-monte-grappa-venerdi-3-maggio-a-quero-alla-rassegna-back-to-mountain\\\/#primaryimage\",\"url\":\"https:\\\/\\\/www.bellunopress.it\\\/wp-content\\\/uploads\\\/2024\\\/04\\\/Giovanni-Carraro_edited.jpg\",\"contentUrl\":\"https:\\\/\\\/www.bellunopress.it\\\/wp-content\\\/uploads\\\/2024\\\/04\\\/Giovanni-Carraro_edited.jpg\",\"width\":849,\"height\":781,\"caption\":\"Giovanni Carraro\"},{\"@type\":\"BreadcrumbList\",\"@id\":\"https:\\\/\\\/www.bellunopress.it\\\/2024\\\/04\\\/29\\\/giovanni-carraro-presenta-la-nuova-guida-escursionistica-del-monte-grappa-venerdi-3-maggio-a-quero-alla-rassegna-back-to-mountain\\\/#breadcrumb\",\"itemListElement\":[{\"@type\":\"ListItem\",\"position\":1,\"name\":\"Home\",\"item\":\"https:\\\/\\\/www.bellunopress.it\\\/\"},{\"@type\":\"ListItem\",\"position\":2,\"name\":\"Giovanni Carraro presenta la nuova guida escursionistica del Monte Grappa. Venerd\u00ec 3 maggio a Quero alla rassegna Back to Mountain\"}]},{\"@type\":\"WebSite\",\"@id\":\"https:\\\/\\\/www.bellunopress.it\\\/#website\",\"url\":\"https:\\\/\\\/www.bellunopress.it\\\/\",\"name\":\"Bellunopress - Dolomiti\",\"description\":\"e-mail: redazione@bellunopress.it\",\"publisher\":{\"@id\":\"https:\\\/\\\/www.bellunopress.it\\\/#organization\"},\"potentialAction\":[{\"@type\":\"SearchAction\",\"target\":{\"@type\":\"EntryPoint\",\"urlTemplate\":\"https:\\\/\\\/www.bellunopress.it\\\/?s={search_term_string}\"},\"query-input\":{\"@type\":\"PropertyValueSpecification\",\"valueRequired\":true,\"valueName\":\"search_term_string\"}}],\"inLanguage\":\"fr-FR\"},{\"@type\":\"Organization\",\"@id\":\"https:\\\/\\\/www.bellunopress.it\\\/#organization\",\"name\":\"Bellunopress\",\"url\":\"https:\\\/\\\/www.bellunopress.it\\\/\",\"logo\":{\"@type\":\"ImageObject\",\"inLanguage\":\"fr-FR\",\"@id\":\"https:\\\/\\\/www.bellunopress.it\\\/#\\\/schema\\\/logo\\\/image\\\/\",\"url\":\"https:\\\/\\\/www.bellunopress.it\\\/wp-content\\\/uploads\\\/2011\\\/05\\\/cropped-logo-bellunopress-.jpg\",\"contentUrl\":\"https:\\\/\\\/www.bellunopress.it\\\/wp-content\\\/uploads\\\/2011\\\/05\\\/cropped-logo-bellunopress-.jpg\",\"width\":512,\"height\":512,\"caption\":\"Bellunopress\"},\"image\":{\"@id\":\"https:\\\/\\\/www.bellunopress.it\\\/#\\\/schema\\\/logo\\\/image\\\/\"},\"sameAs\":[\"https:\\\/\\\/www.facebook.com\\\/profile.php?id=100008943462799\",\"https:\\\/\\\/x.com\\\/bellunopress\",\"https:\\\/\\\/www.linkedin.com\\\/hp\\\/?dnr=JBzUWaJfMUw8vbXJJ2tVW5-I3jZKvC4wsoxE&amp;amp;amp;amp;amp;amp;trk=nav_responsive_tab_home\",\"https:\\\/\\\/www.youtube.com\\\/channel\\\/UCxL0wu1uN0_3_7hGG0306cw\"]},{\"@type\":\"Person\",\"@id\":\"https:\\\/\\\/www.bellunopress.it\\\/#\\\/schema\\\/person\\\/79bb06722b37ece1c03d3e94beb30d73\",\"name\":\"redazione\",\"image\":{\"@type\":\"ImageObject\",\"inLanguage\":\"fr-FR\",\"@id\":\"https:\\\/\\\/secure.gravatar.com\\\/avatar\\\/37d968a2e67a6fd04c169c4bdef102d0bc5d31b2546345219e348575eb80e9a0?s=96&d=mm&r=g\",\"url\":\"https:\\\/\\\/secure.gravatar.com\\\/avatar\\\/37d968a2e67a6fd04c169c4bdef102d0bc5d31b2546345219e348575eb80e9a0?s=96&d=mm&r=g\",\"contentUrl\":\"https:\\\/\\\/secure.gravatar.com\\\/avatar\\\/37d968a2e67a6fd04c169c4bdef102d0bc5d31b2546345219e348575eb80e9a0?s=96&d=mm&r=g\",\"caption\":\"redazione\"},\"sameAs\":[\"http:\\\/\\\/www.bellunopress.it\",\"https:\\\/\\\/x.com\\\/bellunopress\"],\"url\":\"https:\\\/\\\/www.bellunopress.it\\\/fr\\\/author\\\/redazione\\\/\"}]}<\/script>\n<!-- \/ Yoast SEO plugin. -->","yoast_head_json":{"title":"Giovanni Carraro presenta la nuova guida escursionistica del Monte Grappa. Venerd\u00ec 3 maggio a Quero alla rassegna Back to Mountain - Bellunopress - Dolomiti","robots":{"index":"index","follow":"follow","max-snippet":"max-snippet:-1","max-image-preview":"max-image-preview:large","max-video-preview":"max-video-preview:-1"},"canonical":"https:\/\/www.bellunopress.it\/fr\/2024\/04\/29\/giovanni-carraro-presenta-la-nuova-guida-escursionistica-del-monte-grappa-venerdi-3-maggio-a-quero-alla-rassegna-back-to-mountain\/","og_locale":"fr_FR","og_type":"article","og_title":"Giovanni Carraro presenta la nuova guida escursionistica del Monte Grappa. Venerd\u00ec 3 maggio a Quero alla rassegna Back to Mountain - Bellunopress - Dolomiti","og_description":"Il Monte Grappa, raccontato dal giornalista e documentarista Giovanni Carraro in una guida escursionistica di recente pubblicazione, sar\u00e0 protagonista dell&#8217;ultima serata della rassegna &#8220;Back to mountain&#8221; organizzata dai volontari del centro culturale di Quero. Appuntamento venerd\u00ec 3 maggio, alle ore 20.30, con ingresso libero. Con l&#8217;occasione verr\u00e0 presentata al pubblico anche la nuova edizione della [&hellip;]","og_url":"https:\/\/www.bellunopress.it\/fr\/2024\/04\/29\/giovanni-carraro-presenta-la-nuova-guida-escursionistica-del-monte-grappa-venerdi-3-maggio-a-quero-alla-rassegna-back-to-mountain\/","og_site_name":"Bellunopress - Dolomiti","article_publisher":"https:\/\/www.facebook.com\/profile.php?id=100008943462799","article_published_time":"2024-04-29T07:27:29+00:00","og_image":[{"width":849,"height":781,"url":"https:\/\/www.bellunopress.it\/wp-content\/uploads\/2024\/04\/Giovanni-Carraro_edited.jpg","type":"image\/jpeg"}],"author":"redazione","twitter_card":"summary_large_image","twitter_creator":"@bellunopress","twitter_site":"@bellunopress","twitter_misc":{"\u00c9crit par":"redazione","Dur\u00e9e de lecture estim\u00e9e":"1 minute"},"schema":{"@context":"https:\/\/schema.org","@graph":[{"@type":"Article","@id":"https:\/\/www.bellunopress.it\/2024\/04\/29\/giovanni-carraro-presenta-la-nuova-guida-escursionistica-del-monte-grappa-venerdi-3-maggio-a-quero-alla-rassegna-back-to-mountain\/#article","isPartOf":{"@id":"https:\/\/www.bellunopress.it\/2024\/04\/29\/giovanni-carraro-presenta-la-nuova-guida-escursionistica-del-monte-grappa-venerdi-3-maggio-a-quero-alla-rassegna-back-to-mountain\/"},"author":{"name":"redazione","@id":"https:\/\/www.bellunopress.it\/#\/schema\/person\/79bb06722b37ece1c03d3e94beb30d73"},"headline":"Giovanni Carraro presenta la nuova guida escursionistica del Monte Grappa. Venerd\u00ec 3 maggio a Quero alla rassegna Back to Mountain","datePublished":"2024-04-29T07:27:29+00:00","mainEntityOfPage":{"@id":"https:\/\/www.bellunopress.it\/2024\/04\/29\/giovanni-carraro-presenta-la-nuova-guida-escursionistica-del-monte-grappa-venerdi-3-maggio-a-quero-alla-rassegna-back-to-mountain\/"},"wordCount":275,"publisher":{"@id":"https:\/\/www.bellunopress.it\/#organization"},"image":{"@id":"https:\/\/www.bellunopress.it\/2024\/04\/29\/giovanni-carraro-presenta-la-nuova-guida-escursionistica-del-monte-grappa-venerdi-3-maggio-a-quero-alla-rassegna-back-to-mountain\/#primaryimage"},"thumbnailUrl":"https:\/\/www.bellunopress.it\/wp-content\/uploads\/2024\/04\/Giovanni-Carraro_edited.jpg","articleSection":["Appuntamenti, Eventi"],"inLanguage":"fr-FR"},{"@type":"WebPage","@id":"https:\/\/www.bellunopress.it\/2024\/04\/29\/giovanni-carraro-presenta-la-nuova-guida-escursionistica-del-monte-grappa-venerdi-3-maggio-a-quero-alla-rassegna-back-to-mountain\/","url":"https:\/\/www.bellunopress.it\/2024\/04\/29\/giovanni-carraro-presenta-la-nuova-guida-escursionistica-del-monte-grappa-venerdi-3-maggio-a-quero-alla-rassegna-back-to-mountain\/","name":"Giovanni Carraro presenta la nuova guida escursionistica del Monte Grappa. Venerd\u00ec 3 maggio a Quero alla rassegna Back to Mountain - Bellunopress - Dolomiti","isPartOf":{"@id":"https:\/\/www.bellunopress.it\/#website"},"primaryImageOfPage":{"@id":"https:\/\/www.bellunopress.it\/2024\/04\/29\/giovanni-carraro-presenta-la-nuova-guida-escursionistica-del-monte-grappa-venerdi-3-maggio-a-quero-alla-rassegna-back-to-mountain\/#primaryimage"},"image":{"@id":"https:\/\/www.bellunopress.it\/2024\/04\/29\/giovanni-carraro-presenta-la-nuova-guida-escursionistica-del-monte-grappa-venerdi-3-maggio-a-quero-alla-rassegna-back-to-mountain\/#primaryimage"},"thumbnailUrl":"https:\/\/www.bellunopress.it\/wp-content\/uploads\/2024\/04\/Giovanni-Carraro_edited.jpg","datePublished":"2024-04-29T07:27:29+00:00","breadcrumb":{"@id":"https:\/\/www.bellunopress.it\/2024\/04\/29\/giovanni-carraro-presenta-la-nuova-guida-escursionistica-del-monte-grappa-venerdi-3-maggio-a-quero-alla-rassegna-back-to-mountain\/#breadcrumb"},"inLanguage":"fr-FR","potentialAction":[{"@type":"ReadAction","target":["https:\/\/www.bellunopress.it\/2024\/04\/29\/giovanni-carraro-presenta-la-nuova-guida-escursionistica-del-monte-grappa-venerdi-3-maggio-a-quero-alla-rassegna-back-to-mountain\/"]}]},{"@type":"ImageObject","inLanguage":"fr-FR","@id":"https:\/\/www.bellunopress.it\/2024\/04\/29\/giovanni-carraro-presenta-la-nuova-guida-escursionistica-del-monte-grappa-venerdi-3-maggio-a-quero-alla-rassegna-back-to-mountain\/#primaryimage","url":"https:\/\/www.bellunopress.it\/wp-content\/uploads\/2024\/04\/Giovanni-Carraro_edited.jpg","contentUrl":"https:\/\/www.bellunopress.it\/wp-content\/uploads\/2024\/04\/Giovanni-Carraro_edited.jpg","width":849,"height":781,"caption":"Giovanni Carraro"},{"@type":"BreadcrumbList","@id":"https:\/\/www.bellunopress.it\/2024\/04\/29\/giovanni-carraro-presenta-la-nuova-guida-escursionistica-del-monte-grappa-venerdi-3-maggio-a-quero-alla-rassegna-back-to-mountain\/#breadcrumb","itemListElement":[{"@type":"ListItem","position":1,"name":"Home","item":"https:\/\/www.bellunopress.it\/"},{"@type":"ListItem","position":2,"name":"Giovanni Carraro presenta la nuova guida escursionistica del Monte Grappa. Venerd\u00ec 3 maggio a Quero alla rassegna Back to Mountain"}]},{"@type":"WebSite","@id":"https:\/\/www.bellunopress.it\/#website","url":"https:\/\/www.bellunopress.it\/","name":"Bellunopress - Dolomiti","description":"e-mail: redazione@bellunopress.it","publisher":{"@id":"https:\/\/www.bellunopress.it\/#organization"},"potentialAction":[{"@type":"SearchAction","target":{"@type":"EntryPoint","urlTemplate":"https:\/\/www.bellunopress.it\/?s={search_term_string}"},"query-input":{"@type":"PropertyValueSpecification","valueRequired":true,"valueName":"search_term_string"}}],"inLanguage":"fr-FR"},{"@type":"Organization","@id":"https:\/\/www.bellunopress.it\/#organization","name":"Bellunopress","url":"https:\/\/www.bellunopress.it\/","logo":{"@type":"ImageObject","inLanguage":"fr-FR","@id":"https:\/\/www.bellunopress.it\/#\/schema\/logo\/image\/","url":"https:\/\/www.bellunopress.it\/wp-content\/uploads\/2011\/05\/cropped-logo-bellunopress-.jpg","contentUrl":"https:\/\/www.bellunopress.it\/wp-content\/uploads\/2011\/05\/cropped-logo-bellunopress-.jpg","width":512,"height":512,"caption":"Bellunopress"},"image":{"@id":"https:\/\/www.bellunopress.it\/#\/schema\/logo\/image\/"},"sameAs":["https:\/\/www.facebook.com\/profile.php?id=100008943462799","https:\/\/x.com\/bellunopress","https:\/\/www.linkedin.com\/hp\/?dnr=JBzUWaJfMUw8vbXJJ2tVW5-I3jZKvC4wsoxE&amp;amp;amp;amp;amp;amp;trk=nav_responsive_tab_home","https:\/\/www.youtube.com\/channel\/UCxL0wu1uN0_3_7hGG0306cw"]},{"@type":"Person","@id":"https:\/\/www.bellunopress.it\/#\/schema\/person\/79bb06722b37ece1c03d3e94beb30d73","name":"r\u00e9daction","image":{"@type":"ImageObject","inLanguage":"fr-FR","@id":"https:\/\/secure.gravatar.com\/avatar\/37d968a2e67a6fd04c169c4bdef102d0bc5d31b2546345219e348575eb80e9a0?s=96&d=mm&r=g","url":"https:\/\/secure.gravatar.com\/avatar\/37d968a2e67a6fd04c169c4bdef102d0bc5d31b2546345219e348575eb80e9a0?s=96&d=mm&r=g","contentUrl":"https:\/\/secure.gravatar.com\/avatar\/37d968a2e67a6fd04c169c4bdef102d0bc5d31b2546345219e348575eb80e9a0?s=96&d=mm&r=g","caption":"redazione"},"sameAs":["http:\/\/www.bellunopress.it","https:\/\/x.com\/bellunopress"],"url":"https:\/\/www.bellunopress.it\/fr\/author\/redazione\/"}]}},"_links":{"self":[{"href":"https:\/\/www.bellunopress.it\/fr\/wp-json\/wp\/v2\/posts\/150351","targetHints":{"allow":["GET"]}}],"collection":[{"href":"https:\/\/www.bellunopress.it\/fr\/wp-json\/wp\/v2\/posts"}],"about":[{"href":"https:\/\/www.bellunopress.it\/fr\/wp-json\/wp\/v2\/types\/post"}],"author":[{"embeddable":true,"href":"https:\/\/www.bellunopress.it\/fr\/wp-json\/wp\/v2\/users\/2"}],"replies":[{"embeddable":true,"href":"https:\/\/www.bellunopress.it\/fr\/wp-json\/wp\/v2\/comments?post=150351"}],"version-history":[{"count":1,"href":"https:\/\/www.bellunopress.it\/fr\/wp-json\/wp\/v2\/posts\/150351\/revisions"}],"predecessor-version":[{"id":150353,"href":"https:\/\/www.bellunopress.it\/fr\/wp-json\/wp\/v2\/posts\/150351\/revisions\/150353"}],"wp:featuredmedia":[{"embeddable":true,"href":"https:\/\/www.bellunopress.it\/fr\/wp-json\/wp\/v2\/media\/150352"}],"wp:attachment":[{"href":"https:\/\/www.bellunopress.it\/fr\/wp-json\/wp\/v2\/media?parent=150351"}],"wp:term":[{"taxonomy":"category","embeddable":true,"href":"https:\/\/www.bellunopress.it\/fr\/wp-json\/wp\/v2\/categories?post=150351"},{"taxonomy":"post_tag","embeddable":true,"href":"https:\/\/www.bellunopress.it\/fr\/wp-json\/wp\/v2\/tags?post=150351"}],"curies":[{"name":"wp","href":"https:\/\/api.w.org\/{rel}","templated":true}]}}