{"id":149595,"date":"2024-04-01T21:51:45","date_gmt":"2024-04-01T19:51:45","guid":{"rendered":"https:\/\/www.bellunopress.it\/?p=149595"},"modified":"2024-05-05T09:30:22","modified_gmt":"2024-05-05T07:30:22","slug":"comune-di-venezia-e-regione-del-veneto-al-voto-nel-2025-probabilmente-a-primavera-2026-di-enzo-de-biasi","status":"publish","type":"post","link":"https:\/\/www.bellunopress.it\/fr\/2024\/04\/01\/comune-di-venezia-e-regione-del-veneto-al-voto-nel-2025-probabilmente-a-primavera-2026-di-enzo-de-biasi\/","title":{"rendered":"Comune di Venezia e Regione del Veneto al voto nel 2025? probabilmente a primavera 2026  * di Enzo De Biasi"},"content":{"rendered":"<p><em><strong><img loading=\"lazy\" decoding=\"async\" class=\"alignleft size-full wp-image-145245\" src=\"https:\/\/www.bellunopress.it\/wp-content\/uploads\/2023\/10\/venezia-edited.jpg\" alt=\"\" width=\"1000\" height=\"693\" srcset=\"https:\/\/www.bellunopress.it\/wp-content\/uploads\/2023\/10\/venezia-edited.jpg 1000w, https:\/\/www.bellunopress.it\/wp-content\/uploads\/2023\/10\/venezia-edited-500x347.jpg 500w, https:\/\/www.bellunopress.it\/wp-content\/uploads\/2023\/10\/venezia-edited-218x150.jpg 218w, https:\/\/www.bellunopress.it\/wp-content\/uploads\/2023\/10\/venezia-edited-696x482.jpg 696w\" sizes=\"auto, (max-width: 1000px) 100vw, 1000px\" \/><\/strong><\/em><\/p>\n<figure id=\"attachment_114469\" aria-describedby=\"caption-attachment-114469\" style=\"width: 780px\" class=\"wp-caption alignleft\"><img loading=\"lazy\" decoding=\"async\" class=\"size-full wp-image-114469\" src=\"https:\/\/www.bellunopress.it\/wp-content\/uploads\/2020\/05\/Regione-Veneto-Palazzo-Ferro-Fini-sede-del-Consiglio-regionale_edited.jpg\" alt=\"\" width=\"780\" height=\"405\" srcset=\"https:\/\/www.bellunopress.it\/wp-content\/uploads\/2020\/05\/Regione-Veneto-Palazzo-Ferro-Fini-sede-del-Consiglio-regionale_edited.jpg 780w, https:\/\/www.bellunopress.it\/wp-content\/uploads\/2020\/05\/Regione-Veneto-Palazzo-Ferro-Fini-sede-del-Consiglio-regionale_edited-500x260.jpg 500w, https:\/\/www.bellunopress.it\/wp-content\/uploads\/2020\/05\/Regione-Veneto-Palazzo-Ferro-Fini-sede-del-Consiglio-regionale_edited-696x361.jpg 696w\" sizes=\"auto, (max-width: 780px) 100vw, 780px\" \/><figcaption id=\"caption-attachment-114469\" class=\"wp-caption-text\">Palazzo Ferro Fini, sede del Consiglio regionale del Veneto<\/figcaption><\/figure>\n<p><em><strong>Due situazioni simili e come il Centro Sinistra pu\u00f2 (se vorr\u00e0) non uscire sconfitto in <\/strong><\/em><em><strong>entrambe le competizioni<\/strong><\/em><\/p>\n<p>Il Consiglio Comunale e il Sindaco di Venezia andranno al voto nella primavera del prossimo anno, a meno che non intervenga un\u2019interpretazione benevola della legge vigente (art1. comma 1 legge nr. 182\/1991) con uno slittamento per entrambi gli organi, fissandone il rinnovo a primavera 2026.<\/p>\n<p>La ragione \u00e8 presto detta. L\u2019attuale inquilino di C\u00e0 Farsetti, confermato per la seconda volta in data 20 settembre 2020, non avr\u00e0 completato appieno i suoi secondi cinque anni entro la prima finestra utile per le elezioni comunali fissata dalla legge tra il 15 aprile e il 15 giugno 2025.<\/p>\n<p>In Italia, si sa, fin dai tempi di Giovanni Giolitti, cinque volte Presidente del Consiglio tra il XIX\u00b0 e il XX\u00b0 secolo, vale il criterio che: \u201cle leggi si applicano ai nemici e si interpretano per gli amici\u201d. Data la situazione creatasi, facile presumere che da Palazzo Chigi arriver\u00e0 al competente Ministro dell\u2019Interno un input al quale l\u2019attuale titolare obbedir\u00e0 tacendo, come fanno i carabinieri.<\/p>\n<p>Applicata la normativa vigente per Venezia, perch\u00e9 non usare le istituzioni per risolvere un\u2019altra \u201cgrana politica\u201d tutta interna alla Destra-Centro? Il quesito che si para davanti a Fratelli d\u2019 Italia e la Lega \u00e8 il seguente: chi scegliere tra i due Luca, Zaia (Lega) o De Carlo (FdI) per la Presidenza del Veneto?<\/p>\n<p>In aiuto ai duellanti, arriva un lieto evento. A quasi 70 anni da Cortina 1956 e a quasi 20 anni da Torino 2006, le Olimpiadi e le Paralimpiadi Invernali tornano in Italia e in Veneto e saranno inaugurate a febbraio 2026. Luca Zaia si \u00e8 speso tantissimo per ottenere questa grande manifestazione internazionale, perch\u00e9 votare nel 2025? \u00a0Meglio nel 2026, quale \u00e8 il problema? Del resto, i cittadini veneti -ogniqualvolta sono interpellati dai sondaggisti- si dichiarano arcicontenti del loro governatore. Un piccolo spostamento in avanti, cosa potrebbe cambiare nell\u2019orientamento dell\u2019elettorato in carne ed ossa? Quasi niente e come vedremo pi\u00f9 avanti, l\u2019affermazione \u00e8 attendibile.<\/p>\n<p>Se andr\u00e0 cos\u00ec, la Destra-Centro avr\u00e0 in sua disponibilit\u00e0 pi\u00f9 tempo per mettersi d\u2019accordo e magari conciliare le esigenze di tutti e tre gli aspiranti ai vertici istituzionali a termine: Brugnaro, De Carlo, Zaia.<\/p>\n<p>A mano a mano che le nespole matureranno, spetter\u00e0 al consueto circolo mediatico locale: divulgare, chiarire e spiegare le \u201covvie (?)\u201d ragioni delle scelte effettuate ai propri lettori\/spettatori\/followers.<\/p>\n<p>Tutte queste chances sono una privativa del governo amico in sella a Roma. A chi-all \u2018opposto- non si riconosce in quest\u2019area politica, conviene attenersi scrupolosamente alle cadenze di legge e mettersi in marcia, cominciando a elaborare qualche idea utile e sul programma e sul processo democratico per discernere cosa fare e con chi, preparandosi -in tempo- per il prossimo quinquennio amministrativo.<\/p>\n<p>Sgombriamo subito il terreno da un falso dilemma: prima il programma e poi il candidato sindaco (presidente di regione) o viceversa. Della serie \u00e8 nata prima la gallina che ha fatto l\u2019uovo, oppure \u00e8 maturato prima l\u2019uovo dal quale \u00e8 uscito il pulcino che diventer\u00e0 gallina? La risposta \u00e8 banale, lapalissiana: servono entrambi sebbene con tempistiche leggermente differenziate. Che la data effettiva delle amministrative sia in primavera del prossimo anno oppure in quella del 2026, per il \u201ccampo alternativo\u201d poco cambia, a meno che -come gi\u00e0 successo per le comunali di Venezia nel 2020- il Csx voglia strozzare in culla la voglia di contare nelle scelte importanti del proprio elettorato. Se cos\u00ec sar\u00e0, la nomenklatura romana, regionale e lagunare del \u201ccampo santo\u201d, giocher\u00e0 di sponda con la Destra-Centro facendo finta di opporsi: gi\u00e0 visto.<\/p>\n<p>In prima battuta ci occupiamo del Comune di Venezia, non casualmente Capoluogo della Regione del Veneto.<\/p>\n<p>Venezia, come si sa, ha un centro storico unico ed irripetibile al e nel mondo, ma per andare oltre la Disneyland attuale e nello stesso tempo sviluppare adeguatamente e convivere proficuamente con la propria terraferma non sopraffacendosi l\u2019una parte l\u2019altra, terraferma contro (versus) centro storico, serve identificare obiettivi e priorit\u00e0 unitari e solidali per l\u2019intero tessuto urbano. Va da s\u00e9 che il programma deve essere: discusso e partecipato dall\u2019intera comunit\u00e0: civile, economica, religiosa, sociale e territoriale. Data l\u2019eccezionalit\u00e0 della citt\u00e0 d\u2019acqua per antonomasia, questa fase non pu\u00f2 essere lasciata agli affabulatori di sempre, ai capipopolo pro-tempore, alle stanche e ripetute litanie di proposte lanciate in campagna elettorale, poi disattese nel concreto: come troppe volte \u00e8 accaduto.<\/p>\n<p>Un programma minimamente credibile \u00e8 composto da: scopi che si vuole raggiungere in un dato lasso di tempo, strumentazione opportuna per l\u2019attuazione, risorse economiche adeguate ma credibilmente reperibili. In vista di elezioni, di qualsiasi livello, i partiti (le liste) che si candidano a governare -in questa tornata- la citt\u00e0 e la regione tuttalpi\u00f9 si fermano alla prima fase, che consiste nel costruire e diffondere spot pubblicitari, molto simili alle grida degli imbonitori da sagra paesana di un tempo.<\/p>\n<p>L\u2019elettore \u00e8 sollecitato a ragionare di pancia, qualche volta di cuore e raramente gli \u00e8 chiesto di usare il cervello, fruttuoso sarebbe un mix tra le tre componenti. La corsa \u00e8 tutta giocata al ribasso: obiettivi annunciati ma misurabili? Strumentazione prevista e verificabile in corso d\u2019opera? Per gran parte della dirigenza partitica e\/o delle liste sedicenti \u201ca-politiche\u201d (?!), trattasi di tecnicalit\u00e0 somiglianti al ciarpame da buttare a mare, pardon in laguna. L\u2019unica meta \u00e8 quella di vincere le elezioni, iniziando da subito la lotta dura e pura per spartirsi il bottino agguantato: alias le cariche di governo e sotto-governo.<\/p>\n<p>\u00c8 sempre stato cos\u00ec, ma nell\u2019ultimo trentennio le cose sono peggiorate, perch\u00e9 abbiamo votato-pi\u00f9 o meno consapevolmente- \u201cles imb\u00e9ciles au pouvoir\u201d.<\/p>\n<p>Tutti, a gran voce, invocano uno scatto di qualit\u00e0 detto anche cambio di passo e per i pi\u00f9 acculturati, un salto di paradigma. Ecco qui, per brevi cenni, un iter logico-sequenziale da seguire per chi vorr\u00e0 cimentarsi, per tutti gli altri resta sempre la modalit\u00e0 in auge: programma stringatissimo general-generico ad uso dei mass e social media e una volta arrivati al potere, da subito, ingaggiare una lotta serrata per la spartizione del bottino.<\/p>\n<p>Riferendosi a Venezia, una prima riflessione riguarda la valutazione dei risultati delle elezioni comunali del 2020. I dati sono eloquenti. Degli otto candidati-sindaci, ben sei hanno raccolto un consenso al di sotto del cinque per cento e di questi tre, sono rimasti allo zero virgola. Costoro ed annesse liste di sostegno, pensano ancora di rappresentare qualcosa e qualcuno? Pierre de Coubertin affermava \u201cimportante \u00e8 partecipare alle Olimpiadi, non vincere\u201d pienamente concordi, la testimonianza \u00e8 sempre un valore da apprezzare ma quanto \u00e8 condiviso nella pratica quotidiana da parte di ciascuno di noi? Nel 2020 alle comunali, la percentuale di astensione registrata (38.2%) \u00e8 stata in lunghezza d\u2019onda con il dato che si avr\u00e0 alle politiche nazionali del 2022. Per i due migliori piazzati, entrambi appoggiati da cinque liste, the winner ha ottenuto voti pari al 54.27%, il secondo il 29.27%. Brugnaro sta, dunque, comandando con meno di un terzo degli aventi titolo. Questione da porsi, che fare per riportare alle urne chi non ci va pi\u00f9? Il non voto veneziano, ha (ha avuto) delle sue specificit\u00e0?<\/p>\n<p>Venendo al programma. Esso deve rappresentare, necessariamente, una convergenza fra soggetti diversi per storia, ispirazioni, visioni della societ\u00e0, interessi rappresentati. Chi decide di correre \u201cinsieme\u201d, ha (dovrebbe avere) gi\u00e0 chiaro che vuole trovare un minimo comun denominatore utile alla citt\u00e0 di Venezia, di durata quinquennale e per contribuire a risolvere i problemi che essa ha. Niente di pi\u00f9 e niente di meno.<\/p>\n<p>Regola basica: riscoprire il valore del presenziare e negoziare, in diritto civile si chiama \u201ccompromesso\u201d; di per s\u00e9 non deprecabile a priori se fatto non per s\u00e9 medesimi o per la propria corrente partitica. Al \u201ctavolo programmatico\u201d, \u00e8 inutile esserci con un atteggiamento del tipo, \u201co mi accettate la sub-lagunare o non ci sto\u201d. Chi \u201cvuole convergere\u201d, discuta e fissi obiettivi di mandato seriamente raggiungibili e concordati da e tra tutti i partner potenziali. La logica bipolare delle elezioni comunali \u00e8 stabilita <strong>a priori<\/strong> dalla legge istitutiva, non \u00e8 un\u2019opzione facoltativa per chi si presenta all\u2019elettorato. Finora ha permesso stabilit\u00e0 di governo ed \u00e8 molto semplice da capire, o con una parte o con quella avversa. A differenza del sistema maggioritario regionale a turno unico, qui vi sono (perfino) due turni. Al primo ci si pesa e si viene pesati nel e dal gradimento raccolto, nel secondo si opta per uno dei due primi arrivati, oppure si resta a casa aspettando Godot. Tertium non datur.<\/p>\n<p>Chiosava Charles De Gaulle ai propri ministri, \u201ci dossier vanno letti e capiti prima di presentarli in Consiglio dei ministri\u201d. La pratica, intitolata \u201cmodalit\u00e0 di elezione del sindaco e dei consiglieri comunali\u201d, deve essere esaminata attentamente da chi intende partecipare al palio cittadino. Al primo giro sono ammessi tutti gli aventi diritto; al secondo giro vince chi prende pi\u00f9 preferenza tra i due gi\u00e0 classificati. Ognuno sa le differenze tra le regole della maratona, tutti corrono e quelle del tennis, due soli sono i giocatori in campo. Elementary, my dear Watson.<\/p>\n<p>Per imbastire un programma a beneficio della collettivit\u00e0 occorre, almeno, conoscere e saper stimare -in tutte le loro ricadute- una serie di informazioni validate. Esame dei programmi triennali e annuali delle opere pubbliche previste, realizzate e in via di realizzazione nel decennio \u201cBrugnaro\u201d appena trascorso. Sempre in tema di oo.pp, quantificazione delle risorse impiegate per ripartizioni territoriale, scostamenti tra il programmato e l\u2019attuato. La stessa operazione va fatta per le aziende partecipate, in relazione alla loro missione: ACTV a seguire tutte le altre. Sempre dai consuntivi per anno e aggregati nel decennio, va rilevato, al netto di tutti i mutui e\/o prestiti di qualsivoglia origine ed in essere, la capacit\u00e0 d\u2019indebitamento che oggi ha il Comune. In altre parole, come per una famiglia, dati i debiti pregressi da restituire, quanto denaro posso chiedere al circuito creditizio per opere\/servizi che ritengo essenziali considerato il programma presentato? Inoltre, fatto cento le entrate del Comune, quale \u00e8 la % di entrate proprie -non impegnate gi\u00e0 in mutui o altro- che \u00e8 \u201clibera\u201d per destinarla agli impegni assunti in campagna elettorale? Si sa che il Comune non pu\u00f2 chiedere soldi per investimenti contando sui trasferimenti UE, Statali e Regionali doverosamente contabilizzati alla voce entrate del bilancio comunale. \u00a0Fatto cento la spesa corrente, quanta \u00e8 quella incomprimibile (personale ad esempio) e quale \u00e8 la % \u201clibera\u201d per progetti\/servizi assicurati all\u2019elettorato? I dati li possono chiedere gli attuali consiglieri comunali.<\/p>\n<p>Queste indicazioni sono il minimo sindacale, da avere al pi\u00f9 presto e da condividere con i partner potenziali. Trattasi, in realt\u00e0, della piattaforma di partenza, un po&#8217; come il Karaoke per chi vuole cantare ed entrare in scena. Senza\u201d la base\u201d, tutto il resto \u00e8 fuffa e propaganda, molto in voga nei tempi attuali, chiamasi \u201ccomunicazione e marketing politico\u201d per imbonire il pubblico.<\/p>\n<p>Sul come scegliere candidatura a Sindaco e squadra, va ricordato quanto accaduto nel corso del 2019. Un incipit di grande capacit\u00e0 di mobilitazione del civismo, poi per\u00f2 naufragata sugli scogli dei partiti e dei personalismi. Dato storico accertato, irreversibile ed inconfutabile.<\/p>\n<p>Il dibattito nella citt\u00e0 lagunare per il post-Brugnaro \u00e8 gi\u00e0 partito. Meritano una segnalazione gli interventi di due ex-parlamentari: Michele Mognato e Pierpaolo Baretta. Il primo un ufficiale gentiluomo che ha esposto le sue analisi e proposte, dimostratosi coerente e nel dire e nel fare. Il secondo, pur analitico e ricco di idee, \u00e8 stato un po\u2019 contradditorio nel suo agire. \u00a0Infatti, M. Mognato non pi\u00f9 eletto onorevole, ha ripreso tranquillamente la sua attivit\u00e0 lavorativa e nel tempo libero si dedica alla passione di sempre: la politica. Il pi\u00f9 volte sottosegretario P. Baretta, \u00e8 una persona che, insignito dell&#8217;onore (ed anche\u00a0dell&#8217;onere) di rappresentare il centrosinistra nel 2020 al Comune di Venezia, invece di starsene\u00a0in Consiglio Comunale\u00a0a fare opposizione, ha preferito andarsene a &#8220;lavorare&#8221; a Napoli. Chiss\u00e0 e magari, restando in Consiglio Comunale per cinque anni \u2013per il &#8220;bene della citt\u00e0\u201d come si usa dire-, avrebbe potuto (forse) far crescere un\u2019alternativa per il futuro. Non \u00e8 accaduto.<\/p>\n<p>Ma a Venezia, prima di \u201cchiudere\u201d sulla candidatura\u00a0di Baretta c\u2019erano state richieste di scegliere la candidatura da proporre agli elettori tramite le primarie, ma restarono inevase malgrado l\u2019obbligo sancito da statuto PD.<\/p>\n<p>Il \u201ccaporale\u201d Marco Zanetti, un iscritto veneziano a frittata oramai fatta, ha presentato ricorso ai livelli regionale e nazionale. Finora nessuna risposta, Elly Schlein inclusa. La domanda \u00e8 semplice: il PD nazionale e regionale credono ancora nelle primarie? Sono convinti che \u00e8 meglio proseguire nel solco storico dell\u2019accordo tra le trib\u00f9 interne o tuttalpi\u00f9 esteso a quelle del \u201ccampo allargato\u201d? Ai due interrogativi, basta rispondere o si, o un no; non giova a nessuno restare nella \u201cmelma\u201d.<\/p>\n<p>Elaborato e condiviso il programma redatto per scopi, mezzi e risorse entro la fine di ottobre dell\u2019anno corrente, \u00e8 opportuno interpellare direttamente la \u201cbase sociale\u201d chiamandola a scegliere tra chi avr\u00e0 sottoscritto le proposte e avr\u00e0 raccolto almeno cento firme a suo sostegno. Soddisfatti i due requisiti anzidetti ed indette le primarie di coalizione, pi\u00f9 concorrenti risulteranno iscritti alla maratona meglio \u00e8 per il cittadino-votante, che cos\u00ec avr\u00e0 pi\u00f9 opzioni da valutare. Prima di partire ciascun potenziale candidato alla poltrona di sindaco, avr\u00e0 sottoscritto la clausola di accettazione del risultato della corsa pardon l\u2019esito delle primarie e avr\u00e0 assunto l\u2019impegno di non abbandonare la squadra e l\u2019organizzazione che ha allestito la corsa. Il primo classificato \u00e8 (sar\u00e0) il leader-candidato ufficiale del raggruppamento cittadino, da presentare nella competizione istituzionale. \u00c8 la democrazia bellezza!<\/p>\n<p>Scenario alternativo. \u00a0Lasciando correre i mesi, i vertici partitocratici nazionali (e coloro che li frequentano standosene in laguna) possono legittimamente assumere come \u201cregola&#8221; il metodo lucano alias Basilicata.<\/p>\n<p><strong>Livello Regionale<\/strong><\/p>\n<p>Spostiamoci, adesso, sul palcoscenico Veneto. Luca Zaia, come tutti sanno, oramai fa parte del mobilio pregiato ed insostituibile di Palazzo Balbi. Egli, infatti, risiede l\u00ec da circa 20 anni, quasi 5 da Vice-Presidente di Galan e con l\u2019anno di grazia 2025 compir\u00e0 i suoi primi 15 anni da Presidente del Veneto. \u00c8 una presidenza matura e maggiorenne.<\/p>\n<p>Non date retta alla bagatella delle c.d. \u201ctre legislature\u201d imbracciata da Salvini come battaglia epica: tutto fumo. Non esistendo limiti di mandati a consigliere regionale, nulla vieta a Luca Zaia di ripresentarsi con la lista omonima da lui capeggiata ed indicare come Presidente per le prossime elezioni il bravo Sindaco di Treviso, all\u2019anagrafe Conte di cognome e di nome Mario. Una volta vinte le elezioni, invece che accogliere le persone al secondo piano di Palazzo Balbi, traslocher\u00e0 al terzo piano dove trover\u00e0 ottimo spazio nella stanza dedicata al Vice-Presidente. Per chi fatica e arranca a salire dati i ripidi scalini, la sede nobile \u00e8 dotata di ascensore che giunge fino al terzo piano. Per gli studiosi dei comportamenti \u201cinnovativi\u201d (si fa per ridere) della Lega esiste gi\u00e0 il <a href=\"https:\/\/it.wikipedia.org\/wiki\/Giancarlo_Gentilini\">precedente Gentilini<\/a>, anch\u2019egli gi\u00e0 Sindaco di Treviso.<\/p>\n<p>La Regione del Veneto, caduta la prima repubblica, ha avuto due Presidenti. Luca Zaia, secondo in ordine cronologico, \u00e8 indubbiamente migliore del suo predecessore che per restare a piede libero e non andare in galera, ha dovuto patteggiare con la giustizia.\u00a0 Del resto, Luca Zaia, persona modesta ma onesta, incarna cos\u00ec bene il motto trevigiano \u201cmi non vo a combatar\u201d che, nel corso di questo suo primo ventennio, ha governato da Palazzo Balbi rispondendo, in modo cosi diligente ed interessato da apparire in ogni situazione sottopostagli che stava producendo il massimo sforzo, ma che sicuramente si sarebbe potuto fare di pi\u00f9, molto di pi\u00f9, per\u00f2 in caso di esito negativo ci\u00f2 non era dipeso (non dipende) da lui, ma dagli ostacoli da addebitarsi ad altri ed alti livelli e\/o istituzioni. Chapeau!<\/p>\n<p>In verit\u00e0, il Veneto, per la sua struttura economico-produttiva e per le sue peculiarit\u00e0 sul versante sociale e civile, pu\u00f2 tirare avanti di suo anche senza l\u2019Ente Regione, specie se questa struttura opera come un \u201ccomunone\u201d e non come un soggetto costituzionale con una propria visione politica per le competenze assegnate in grado di: programmare, legiferare e controllare vitali settori della comunit\u00e0 regionale. Commentava Giulio Andreotti: \u201cmeglio tirare a campare, che morire\u201d. In effetti, con Luca Zaia e tutta la compagnia del cdx siamo e stiamo al \u201cminimum vivere\u201d, slanci in avanti tipo Alpe-Adria di Carlo Bernini a cortina di ferro (USA-URSS) vigente, proprio non si sono visti, manco avvistati segnali di fumo all\u2019orizzonte.<\/p>\n<p>Altro stile e sostanza in termini di lungimiranza politica-programmatica.\u00a0 Luca Zaia? Un Presidente piacente e suadente, un amministratore ordinario del condominio denominato \u201cVeneto\u201d.<\/p>\n<p>Il Presidente attuale, nell\u2019esercizio ventennale del potere ha dimostrato una forte abilit\u00e0 -appunto- di restare sempre understatement, probabilmente un po&#8217; per carattere e un po&#8217; per non voler\/saper affrontare e risolvere i problemi di fondo della \u201cquestione Veneto\u201d. In primis la battaglia sulla c.d. Autonomia, griffe della Lega da pi\u00f9 di trent\u2019anni, irrisolta ancor oggi. Verr\u00e0 da sorridere, quando sar\u00e0 approvata il baratto Lega-FdI alla Meloni il premierato a Salvini l \u2018Autonomia differenziata\u201d, che non \u00e8 la raccolta della spazzatura, variabile nelle modalit\u00e0 a seconda del comune. Allora, i cittadini scopriranno che non si tratta di una legge di immediata applicazione. L\u00ec sono fissati i percorsi (le procedure) che a differenza di un sentiero in montagna dove il camminatore sa il luogo di partenza e quello di arrivo, nella legge tutto \u00e8 pi\u00f9 scivoloso. Certo esiste un punto di partenza, ma quello di arrivo bench\u00e9 programmato, \u00e8 molto affidato al \u201cbuon cuore\u201d di tutti i casellanti che dovranno dare il via libera al transito dell\u2019accordo bilaterale Regione-Stato. La volta scorsa le norme che trasferivano competenze alle Regioni partite nel 1970, arrivarono in meta con l\u2019ultimo decreto utile nel 1998. Chiss\u00e0 come andr\u00e0 nel terzo millennio: aspettiamo in panchina con viveri adeguati e con il dispositivo digitale sulle ginocchia.<\/p>\n<p>Tornando all\u2019attualit\u00e0, abbiamo gi\u00e0 assistito allo scivolamento verso il privato della sanit\u00e0 pubblica regionale con l\u2019allungamento delle liste d\u2019attesa, abbiamo notato la mancata immediatezza e tempestivit\u00e0 d\u2019 intervento nella vicenda dei Pfas: acqua contaminata da composti chimici di sintesi in vaste aree centrali della regione ed era gi\u00e0 aspettato il prevedibilissimo deficit della Pedemontana Veneta caricata per i prossimi 35 anni nel bilancio regionale. Trattasi di dettagli che, se visti in una retrospettiva degli ultimi vent\u2019anni, stracolma di risultati insperati e mai raggiunti prima da qualsiasi altro predecessore di Luca Zaia, portano a domandarsi: ma quali sono stati? Senz\u2019altro qualcosa \u00e8 sfuggito alla disamina.<\/p>\n<p>Certamente, in una cosa Luca Zaia \u2013 al pari del suo collega campano Vincenzo De Luca \u2013 eccelle. Questa e la costante presenza nel circuito mass-mediatico nazionale, regionale e locale. Egli \u00e8 indefesso nel presenziare di persona o tramite interviste cartacee e\/o televisive, mostrando e dimostrando qualit\u00e0 impareggiabili ed emblematiche.\u00a0 Difficile dimenticare la sua partecipazione quotidiana durante la pandemia da Covid-19, allorquando divenne uno di famiglia, un nostro commensale e a pranzo e a cena: affidabile, stimabile e quindi votabile.<\/p>\n<p>Non \u00e8 certo una casualit\u00e0, se entrambi i Presidenti di Campania e Veneto, alle ultime regionali hanno raccolto la pi\u00f9 alta percentuale di consensi rispetto ai loro pares.<\/p>\n<p>Quanto sopra \u00e8 suffragato, dai dati elettorali del 2020 che danno Luca Zaia primo con il 76.78% (la sua lista \u00e8 prima tra quelle della coalizione con il 44.57%) e Arturo Lorenzoni, secondo con il 15.72% dei consensi; il Cdx ha il 77% delle preferenze e il Csx il 16.32. L\u2019archivio elettorale del Ministero degli Interni mostra come nel 2020 sette sono stati gli aspiranti governatori, con percentuali che oscillavano tra il 3.52% dei 5 stelle e gli altri sei fermi allo zero virgola, in perfetta analogia con i loro colleghi aspiranti a C\u00e0 Farsetti.<\/p>\n<p>Alle regionali, il sistema elettorale permette ad una coalizione che abbia un voto in pi\u00f9 della seconda arrivata \u00e8 ope legis, alla prima \u00e8 garantita la maggioranza assoluta dei seggi in Consiglio Regionale, oltre- \u00e7a va sans dire &#8211; la Presidenza della Regione.<\/p>\n<p>Alla prossima tornata, le ipotesi in campo sono sostanzialmente due. Il cdx si presenta unito, la partita \u00e8 gi\u00e0 vinta in partenza, pur potendo immaginare qualche punto percentuale in meno. Se, invece, da Palazzo Chigi si insiste con la ventilata candidatura di L. De Carlo, pu\u00f2 scattare la \u201cvariabile Zaia\u201d. Ora, spaccando la mela del cdx in due ciascuna parte potrebbe vantare un 38.5%, ma l\u2019attuale governatore \u00e8 favorito poich\u00e9 -come abbiamo sopra scritto- ha un suo elettorato di riferimento indipendentemente dalla Lega.<\/p>\n<p>In politica tutto pu\u00f2 succedere, ma tenendo presente l\u2019indole conservativa (la predilezione per il mantenimento dello status quo) dei Veneti, arduo prevedere cambi repentini o improvvise folgorazioni sulla via di Damasco.<\/p>\n<p>Il Comune di Venezia, viceversa, appare pi\u00f9 contendibile considerando la scarsa qualit\u00e0 delle performance offerte dal Sindaco uscente e ricordato che prima dell\u2019attuale decennio a trazione Cdx, il Csx (la sinistra) ha governato a lungo nella citt\u00e0 lagunare. Il Veneto, a contrario, \u00e8 tutt\u2019altra storia.<\/p>\n<p>Sull\u2019argomento \u00e8 interessante l\u2019articolo di \u201cfantastoria\u201d scritto da Marco Zanetti su questa testata: \u201cil Veneto che poteva essere, ma che non si \u00e8 voluto\u201d. In effetti la casistica alla Baretta \u00e8 rinvenibile anche nei tipi alla Variati, alla Martella, alla Zanonato (e tanti altri meno significativi). Siffatta catalogazione dei politici, ricorda l\u2019aneddoto del priore che andato a visitare il convento del proprio ordine incontr\u00f2 a cena i frati e disse loro: \u201cCari fratelli, vi vedo qui tutti belli, rubicondi e in salute, ma stamane ho visitato il granaio e la cantina e li ho trovati vuoti: come mai? \u201cI frati stettero tranquilli, chinarono la testa ma continuarono a mangiare serenamente.<\/p>\n<p>Il significato della novella. Il PD, \u00e8 stato una \u201cfusione a freddo\u201d, come ebbe a dire un politico di razza quale \u00e8 stato Massimo D\u2019Alema. In effetti, in questi anni le due nomenklature partitiche (ex sinistra Dc ed ex riformisti PCI) che -in sostanza- hanno dato vita prima al Csx e poi al PD, non sono riuscite ad allargare il perimetro del consenso, ma i principali dirigenti del Csx-PD-Veneto hanno goduto di posizioni di rilievo e in Parlamento e nel Governo del Paese. La ditta si misura con il fatturato aziendale, un partito con la preferenza dei votanti, ecco qui il Csx in Veneto: 33%nel 1995, nel 2020 16. %; europee 2019, 18.9%. Chiss\u00e0 a giugno a quale % arriver\u00e0.<\/p>\n<p>Venendo quindi alla Regione, in entrambe gli scenari sopra delineati il Csx non tocca palla, pertanto -come a Venezia- chi non si riconosce nella Destra-Centro, o fa testimonianza, oppure contribuisce con idee, persone e voti ad arricchire il \u201ccampo alternativo\u201d, preparandosi ad altri cinque anni di opposizione auspicando che il leader (mancato Governatore) comunque scelto con le primarie di coalizione non abbandoni la squadra cammin facendo: gi\u00e0 successo nel passato per ben tre volte.<\/p>\n<p>Sperabile, infine, che il PD rectius l\u2019anima \u201cgovernativa poltronista\u201d, non si ponga quale ancella del presumibile vincitore: pu\u00f2 succedere.<\/p>\n<p>&nbsp;<\/p>\n<p>01 aprile 2024\u00a0 \u00a0 \u00a0 \u00a0 Enzo De Biasi<\/p>\n<p>&nbsp;<\/p>\n<p>&nbsp;<\/p>\n<p><a href=\"https:\/\/www.normattiva.it\/uri-res\/N2Ls?urn:nir:stato:legge:1991-06-07;182~art1-com1\">https:\/\/www.normattiva.it\/uri-res\/N2Ls?urn:nir:stato:legge:1991-06-07;182~art1-com1<\/a> \u00a0legge statale per elezione organi comunali<\/p>\n<p><a href=\"https:\/\/elezioni2020.comune.venezia.it\/\">https:\/\/elezioni2020.comune.venezia.it\/<\/a> Risultato elezioni 2020 \u00a0Comune di Venezia<\/p>\n<p><a href=\"https:\/\/elezionistorico.interno.gov.it\/index.php?tpel=R&amp;dtel=20\/09\/2020&amp;tpa=I&amp;tpe=R&amp;lev0=0&amp;levsut0=0&amp;levsut1=1&amp;es0=S&amp;es1=S&amp;ms=S&amp;ne1=5&amp;lev1=5\">https:\/\/elezionistorico.interno.gov.it\/index.php?tpel=R&amp;dtel=20\/09\/2020&amp;tpa=I&amp;tpe=R&amp;lev0=0&amp;levsut0=0&amp;levsut1=1&amp;es0=S&amp;es1=S&amp;ms=S&amp;ne1=5&amp;lev1=5<\/a> \u00a0Risultato elezione\u00a0 2020 Regione del Veneto<\/p>\n<p><a href=\"https:\/\/www.bellunopress.it\/fr\/2024\/03\/26\/fantastoria-il-veneto-che-poteva-essere-ma-non-si-e-voluto-di-marco-zanetti\/\">https:\/\/www.bellunopress.it\/2024\/03\/26\/fantastoria-il-veneto-che-poteva-essere-ma-non-si-e-voluto-di-marco-zanetti\/<\/a> \u00a0Fantastoria, il Veneto che poteva essere ma non si \u00e8 voluto<\/p>\n<p>&nbsp;<\/p>","protected":false},"excerpt":{"rendered":"<p>Due situazioni simili e come il Centro Sinistra pu\u00f2 (se vorr\u00e0) non uscire sconfitto in entrambe le competizioni Il Consiglio Comunale e il Sindaco di Venezia andranno al voto nella primavera del prossimo anno, a meno che non intervenga un\u2019interpretazione benevola della legge vigente (art1. comma 1 legge nr. 182\/1991) con uno slittamento per entrambi [&hellip;]<\/p>\n","protected":false},"author":2,"featured_media":114469,"comment_status":"closed","ping_status":"open","sticky":false,"template":"","format":"standard","meta":{"footnotes":""},"categories":[5,26],"tags":[],"class_list":["post-149595","post","type-post","status-publish","format-standard","has-post-thumbnail","category-cronaca","category-prima-pagina"],"yoast_head":"<!-- This site is optimized with the Yoast SEO plugin v28.4 - https:\/\/yoast.com\/product\/yoast-seo-wordpress\/ -->\n<title>Comune di Venezia e Regione del Veneto al voto nel 2025? probabilmente a primavera 2026 * di Enzo De Biasi - Bellunopress - Dolomiti<\/title>\n<meta name=\"robots\" content=\"index, follow, max-snippet:-1, max-image-preview:large, max-video-preview:-1\" \/>\n<link rel=\"canonical\" href=\"https:\/\/www.bellunopress.it\/fr\/2024\/04\/01\/comune-di-venezia-e-regione-del-veneto-al-voto-nel-2025-probabilmente-a-primavera-2026-di-enzo-de-biasi\/\" \/>\n<meta property=\"og:locale\" content=\"fr_FR\" \/>\n<meta property=\"og:type\" content=\"article\" \/>\n<meta property=\"og:title\" content=\"Comune di Venezia e Regione del Veneto al voto nel 2025? probabilmente a primavera 2026 * di Enzo De Biasi - Bellunopress - Dolomiti\" \/>\n<meta property=\"og:description\" content=\"Due situazioni simili e come il Centro Sinistra pu\u00f2 (se vorr\u00e0) non uscire sconfitto in entrambe le competizioni Il Consiglio Comunale e il Sindaco di Venezia andranno al voto nella primavera del prossimo anno, a meno che non intervenga un\u2019interpretazione benevola della legge vigente (art1. comma 1 legge nr. 182\/1991) con uno slittamento per entrambi [&hellip;]\" \/>\n<meta property=\"og:url\" content=\"https:\/\/www.bellunopress.it\/fr\/2024\/04\/01\/comune-di-venezia-e-regione-del-veneto-al-voto-nel-2025-probabilmente-a-primavera-2026-di-enzo-de-biasi\/\" \/>\n<meta property=\"og:site_name\" content=\"Bellunopress - Dolomiti\" \/>\n<meta property=\"article:publisher\" content=\"https:\/\/www.facebook.com\/profile.php?id=100008943462799\" \/>\n<meta property=\"article:published_time\" content=\"2024-04-01T19:51:45+00:00\" \/>\n<meta property=\"article:modified_time\" content=\"2024-05-05T07:30:22+00:00\" \/>\n<meta property=\"og:image\" content=\"https:\/\/www.bellunopress.it\/wp-content\/uploads\/2020\/05\/Regione-Veneto-Palazzo-Ferro-Fini-sede-del-Consiglio-regionale_edited.jpg\" \/>\n\t<meta property=\"og:image:width\" content=\"780\" \/>\n\t<meta property=\"og:image:height\" content=\"405\" \/>\n\t<meta property=\"og:image:type\" content=\"image\/jpeg\" \/>\n<meta name=\"author\" content=\"redazione\" \/>\n<meta name=\"twitter:card\" content=\"summary_large_image\" \/>\n<meta name=\"twitter:creator\" content=\"@bellunopress\" \/>\n<meta name=\"twitter:site\" content=\"@bellunopress\" \/>\n<meta name=\"twitter:label1\" content=\"\u00c9crit par\" \/>\n\t<meta name=\"twitter:data1\" content=\"redazione\" \/>\n\t<meta name=\"twitter:label2\" content=\"Dur\u00e9e de lecture estim\u00e9e\" \/>\n\t<meta name=\"twitter:data2\" content=\"19 minutes\" \/>\n<script type=\"application\/ld+json\" class=\"yoast-schema-graph\">{\"@context\":\"https:\\\/\\\/schema.org\",\"@graph\":[{\"@type\":\"Article\",\"@id\":\"https:\\\/\\\/www.bellunopress.it\\\/2024\\\/04\\\/01\\\/comune-di-venezia-e-regione-del-veneto-al-voto-nel-2025-probabilmente-a-primavera-2026-di-enzo-de-biasi\\\/#article\",\"isPartOf\":{\"@id\":\"https:\\\/\\\/www.bellunopress.it\\\/2024\\\/04\\\/01\\\/comune-di-venezia-e-regione-del-veneto-al-voto-nel-2025-probabilmente-a-primavera-2026-di-enzo-de-biasi\\\/\"},\"author\":{\"name\":\"redazione\",\"@id\":\"https:\\\/\\\/www.bellunopress.it\\\/#\\\/schema\\\/person\\\/79bb06722b37ece1c03d3e94beb30d73\"},\"headline\":\"Comune di Venezia e Regione del Veneto al voto nel 2025? probabilmente a primavera 2026 * di Enzo De Biasi\",\"datePublished\":\"2024-04-01T19:51:45+00:00\",\"dateModified\":\"2024-05-05T07:30:22+00:00\",\"mainEntityOfPage\":{\"@id\":\"https:\\\/\\\/www.bellunopress.it\\\/2024\\\/04\\\/01\\\/comune-di-venezia-e-regione-del-veneto-al-voto-nel-2025-probabilmente-a-primavera-2026-di-enzo-de-biasi\\\/\"},\"wordCount\":3849,\"publisher\":{\"@id\":\"https:\\\/\\\/www.bellunopress.it\\\/#organization\"},\"image\":{\"@id\":\"https:\\\/\\\/www.bellunopress.it\\\/2024\\\/04\\\/01\\\/comune-di-venezia-e-regione-del-veneto-al-voto-nel-2025-probabilmente-a-primavera-2026-di-enzo-de-biasi\\\/#primaryimage\"},\"thumbnailUrl\":\"https:\\\/\\\/www.bellunopress.it\\\/wp-content\\\/uploads\\\/2020\\\/05\\\/Regione-Veneto-Palazzo-Ferro-Fini-sede-del-Consiglio-regionale_edited.jpg\",\"articleSection\":[\"Cronaca\\\/Politica\",\"Prima Pagina\"],\"inLanguage\":\"fr-FR\"},{\"@type\":\"WebPage\",\"@id\":\"https:\\\/\\\/www.bellunopress.it\\\/2024\\\/04\\\/01\\\/comune-di-venezia-e-regione-del-veneto-al-voto-nel-2025-probabilmente-a-primavera-2026-di-enzo-de-biasi\\\/\",\"url\":\"https:\\\/\\\/www.bellunopress.it\\\/2024\\\/04\\\/01\\\/comune-di-venezia-e-regione-del-veneto-al-voto-nel-2025-probabilmente-a-primavera-2026-di-enzo-de-biasi\\\/\",\"name\":\"Comune di Venezia e Regione del Veneto al voto nel 2025? probabilmente a primavera 2026 * di Enzo De Biasi - Bellunopress - Dolomiti\",\"isPartOf\":{\"@id\":\"https:\\\/\\\/www.bellunopress.it\\\/#website\"},\"primaryImageOfPage\":{\"@id\":\"https:\\\/\\\/www.bellunopress.it\\\/2024\\\/04\\\/01\\\/comune-di-venezia-e-regione-del-veneto-al-voto-nel-2025-probabilmente-a-primavera-2026-di-enzo-de-biasi\\\/#primaryimage\"},\"image\":{\"@id\":\"https:\\\/\\\/www.bellunopress.it\\\/2024\\\/04\\\/01\\\/comune-di-venezia-e-regione-del-veneto-al-voto-nel-2025-probabilmente-a-primavera-2026-di-enzo-de-biasi\\\/#primaryimage\"},\"thumbnailUrl\":\"https:\\\/\\\/www.bellunopress.it\\\/wp-content\\\/uploads\\\/2020\\\/05\\\/Regione-Veneto-Palazzo-Ferro-Fini-sede-del-Consiglio-regionale_edited.jpg\",\"datePublished\":\"2024-04-01T19:51:45+00:00\",\"dateModified\":\"2024-05-05T07:30:22+00:00\",\"breadcrumb\":{\"@id\":\"https:\\\/\\\/www.bellunopress.it\\\/2024\\\/04\\\/01\\\/comune-di-venezia-e-regione-del-veneto-al-voto-nel-2025-probabilmente-a-primavera-2026-di-enzo-de-biasi\\\/#breadcrumb\"},\"inLanguage\":\"fr-FR\",\"potentialAction\":[{\"@type\":\"ReadAction\",\"target\":[\"https:\\\/\\\/www.bellunopress.it\\\/2024\\\/04\\\/01\\\/comune-di-venezia-e-regione-del-veneto-al-voto-nel-2025-probabilmente-a-primavera-2026-di-enzo-de-biasi\\\/\"]}]},{\"@type\":\"ImageObject\",\"inLanguage\":\"fr-FR\",\"@id\":\"https:\\\/\\\/www.bellunopress.it\\\/2024\\\/04\\\/01\\\/comune-di-venezia-e-regione-del-veneto-al-voto-nel-2025-probabilmente-a-primavera-2026-di-enzo-de-biasi\\\/#primaryimage\",\"url\":\"https:\\\/\\\/www.bellunopress.it\\\/wp-content\\\/uploads\\\/2020\\\/05\\\/Regione-Veneto-Palazzo-Ferro-Fini-sede-del-Consiglio-regionale_edited.jpg\",\"contentUrl\":\"https:\\\/\\\/www.bellunopress.it\\\/wp-content\\\/uploads\\\/2020\\\/05\\\/Regione-Veneto-Palazzo-Ferro-Fini-sede-del-Consiglio-regionale_edited.jpg\",\"width\":780,\"height\":405,\"caption\":\"Palazzo Ferro Fini, sede del Consiglio regionale del Veneto\"},{\"@type\":\"BreadcrumbList\",\"@id\":\"https:\\\/\\\/www.bellunopress.it\\\/2024\\\/04\\\/01\\\/comune-di-venezia-e-regione-del-veneto-al-voto-nel-2025-probabilmente-a-primavera-2026-di-enzo-de-biasi\\\/#breadcrumb\",\"itemListElement\":[{\"@type\":\"ListItem\",\"position\":1,\"name\":\"Home\",\"item\":\"https:\\\/\\\/www.bellunopress.it\\\/\"},{\"@type\":\"ListItem\",\"position\":2,\"name\":\"Comune di Venezia e Regione del Veneto al voto nel 2025? probabilmente a primavera 2026 * di Enzo De Biasi\"}]},{\"@type\":\"WebSite\",\"@id\":\"https:\\\/\\\/www.bellunopress.it\\\/#website\",\"url\":\"https:\\\/\\\/www.bellunopress.it\\\/\",\"name\":\"Bellunopress - Dolomiti\",\"description\":\"e-mail: redazione@bellunopress.it\",\"publisher\":{\"@id\":\"https:\\\/\\\/www.bellunopress.it\\\/#organization\"},\"potentialAction\":[{\"@type\":\"SearchAction\",\"target\":{\"@type\":\"EntryPoint\",\"urlTemplate\":\"https:\\\/\\\/www.bellunopress.it\\\/?s={search_term_string}\"},\"query-input\":{\"@type\":\"PropertyValueSpecification\",\"valueRequired\":true,\"valueName\":\"search_term_string\"}}],\"inLanguage\":\"fr-FR\"},{\"@type\":\"Organization\",\"@id\":\"https:\\\/\\\/www.bellunopress.it\\\/#organization\",\"name\":\"Bellunopress\",\"url\":\"https:\\\/\\\/www.bellunopress.it\\\/\",\"logo\":{\"@type\":\"ImageObject\",\"inLanguage\":\"fr-FR\",\"@id\":\"https:\\\/\\\/www.bellunopress.it\\\/#\\\/schema\\\/logo\\\/image\\\/\",\"url\":\"https:\\\/\\\/www.bellunopress.it\\\/wp-content\\\/uploads\\\/2011\\\/05\\\/cropped-logo-bellunopress-.jpg\",\"contentUrl\":\"https:\\\/\\\/www.bellunopress.it\\\/wp-content\\\/uploads\\\/2011\\\/05\\\/cropped-logo-bellunopress-.jpg\",\"width\":512,\"height\":512,\"caption\":\"Bellunopress\"},\"image\":{\"@id\":\"https:\\\/\\\/www.bellunopress.it\\\/#\\\/schema\\\/logo\\\/image\\\/\"},\"sameAs\":[\"https:\\\/\\\/www.facebook.com\\\/profile.php?id=100008943462799\",\"https:\\\/\\\/x.com\\\/bellunopress\",\"https:\\\/\\\/www.linkedin.com\\\/hp\\\/?dnr=JBzUWaJfMUw8vbXJJ2tVW5-I3jZKvC4wsoxE&amp;amp;amp;amp;amp;amp;trk=nav_responsive_tab_home\",\"https:\\\/\\\/www.youtube.com\\\/channel\\\/UCxL0wu1uN0_3_7hGG0306cw\"]},{\"@type\":\"Person\",\"@id\":\"https:\\\/\\\/www.bellunopress.it\\\/#\\\/schema\\\/person\\\/79bb06722b37ece1c03d3e94beb30d73\",\"name\":\"redazione\",\"image\":{\"@type\":\"ImageObject\",\"inLanguage\":\"fr-FR\",\"@id\":\"https:\\\/\\\/secure.gravatar.com\\\/avatar\\\/37d968a2e67a6fd04c169c4bdef102d0bc5d31b2546345219e348575eb80e9a0?s=96&d=mm&r=g\",\"url\":\"https:\\\/\\\/secure.gravatar.com\\\/avatar\\\/37d968a2e67a6fd04c169c4bdef102d0bc5d31b2546345219e348575eb80e9a0?s=96&d=mm&r=g\",\"contentUrl\":\"https:\\\/\\\/secure.gravatar.com\\\/avatar\\\/37d968a2e67a6fd04c169c4bdef102d0bc5d31b2546345219e348575eb80e9a0?s=96&d=mm&r=g\",\"caption\":\"redazione\"},\"sameAs\":[\"http:\\\/\\\/www.bellunopress.it\",\"https:\\\/\\\/x.com\\\/bellunopress\"],\"url\":\"https:\\\/\\\/www.bellunopress.it\\\/fr\\\/author\\\/redazione\\\/\"}]}<\/script>\n<!-- \/ Yoast SEO plugin. -->","yoast_head_json":{"title":"Comune di Venezia e Regione del Veneto al voto nel 2025? probabilmente a primavera 2026 * di Enzo De Biasi - Bellunopress - Dolomiti","robots":{"index":"index","follow":"follow","max-snippet":"max-snippet:-1","max-image-preview":"max-image-preview:large","max-video-preview":"max-video-preview:-1"},"canonical":"https:\/\/www.bellunopress.it\/fr\/2024\/04\/01\/comune-di-venezia-e-regione-del-veneto-al-voto-nel-2025-probabilmente-a-primavera-2026-di-enzo-de-biasi\/","og_locale":"fr_FR","og_type":"article","og_title":"Comune di Venezia e Regione del Veneto al voto nel 2025? probabilmente a primavera 2026 * di Enzo De Biasi - Bellunopress - Dolomiti","og_description":"Due situazioni simili e come il Centro Sinistra pu\u00f2 (se vorr\u00e0) non uscire sconfitto in entrambe le competizioni Il Consiglio Comunale e il Sindaco di Venezia andranno al voto nella primavera del prossimo anno, a meno che non intervenga un\u2019interpretazione benevola della legge vigente (art1. comma 1 legge nr. 182\/1991) con uno slittamento per entrambi [&hellip;]","og_url":"https:\/\/www.bellunopress.it\/fr\/2024\/04\/01\/comune-di-venezia-e-regione-del-veneto-al-voto-nel-2025-probabilmente-a-primavera-2026-di-enzo-de-biasi\/","og_site_name":"Bellunopress - Dolomiti","article_publisher":"https:\/\/www.facebook.com\/profile.php?id=100008943462799","article_published_time":"2024-04-01T19:51:45+00:00","article_modified_time":"2024-05-05T07:30:22+00:00","og_image":[{"width":780,"height":405,"url":"https:\/\/www.bellunopress.it\/wp-content\/uploads\/2020\/05\/Regione-Veneto-Palazzo-Ferro-Fini-sede-del-Consiglio-regionale_edited.jpg","type":"image\/jpeg"}],"author":"redazione","twitter_card":"summary_large_image","twitter_creator":"@bellunopress","twitter_site":"@bellunopress","twitter_misc":{"\u00c9crit par":"redazione","Dur\u00e9e de lecture estim\u00e9e":"19 minutes"},"schema":{"@context":"https:\/\/schema.org","@graph":[{"@type":"Article","@id":"https:\/\/www.bellunopress.it\/2024\/04\/01\/comune-di-venezia-e-regione-del-veneto-al-voto-nel-2025-probabilmente-a-primavera-2026-di-enzo-de-biasi\/#article","isPartOf":{"@id":"https:\/\/www.bellunopress.it\/2024\/04\/01\/comune-di-venezia-e-regione-del-veneto-al-voto-nel-2025-probabilmente-a-primavera-2026-di-enzo-de-biasi\/"},"author":{"name":"redazione","@id":"https:\/\/www.bellunopress.it\/#\/schema\/person\/79bb06722b37ece1c03d3e94beb30d73"},"headline":"Comune di Venezia e Regione del Veneto al voto nel 2025? probabilmente a primavera 2026 * di Enzo De Biasi","datePublished":"2024-04-01T19:51:45+00:00","dateModified":"2024-05-05T07:30:22+00:00","mainEntityOfPage":{"@id":"https:\/\/www.bellunopress.it\/2024\/04\/01\/comune-di-venezia-e-regione-del-veneto-al-voto-nel-2025-probabilmente-a-primavera-2026-di-enzo-de-biasi\/"},"wordCount":3849,"publisher":{"@id":"https:\/\/www.bellunopress.it\/#organization"},"image":{"@id":"https:\/\/www.bellunopress.it\/2024\/04\/01\/comune-di-venezia-e-regione-del-veneto-al-voto-nel-2025-probabilmente-a-primavera-2026-di-enzo-de-biasi\/#primaryimage"},"thumbnailUrl":"https:\/\/www.bellunopress.it\/wp-content\/uploads\/2020\/05\/Regione-Veneto-Palazzo-Ferro-Fini-sede-del-Consiglio-regionale_edited.jpg","articleSection":["Cronaca\/Politica","Prima Pagina"],"inLanguage":"fr-FR"},{"@type":"WebPage","@id":"https:\/\/www.bellunopress.it\/2024\/04\/01\/comune-di-venezia-e-regione-del-veneto-al-voto-nel-2025-probabilmente-a-primavera-2026-di-enzo-de-biasi\/","url":"https:\/\/www.bellunopress.it\/2024\/04\/01\/comune-di-venezia-e-regione-del-veneto-al-voto-nel-2025-probabilmente-a-primavera-2026-di-enzo-de-biasi\/","name":"Comune di Venezia e Regione del Veneto al voto nel 2025? probabilmente a primavera 2026 * di Enzo De Biasi - Bellunopress - Dolomiti","isPartOf":{"@id":"https:\/\/www.bellunopress.it\/#website"},"primaryImageOfPage":{"@id":"https:\/\/www.bellunopress.it\/2024\/04\/01\/comune-di-venezia-e-regione-del-veneto-al-voto-nel-2025-probabilmente-a-primavera-2026-di-enzo-de-biasi\/#primaryimage"},"image":{"@id":"https:\/\/www.bellunopress.it\/2024\/04\/01\/comune-di-venezia-e-regione-del-veneto-al-voto-nel-2025-probabilmente-a-primavera-2026-di-enzo-de-biasi\/#primaryimage"},"thumbnailUrl":"https:\/\/www.bellunopress.it\/wp-content\/uploads\/2020\/05\/Regione-Veneto-Palazzo-Ferro-Fini-sede-del-Consiglio-regionale_edited.jpg","datePublished":"2024-04-01T19:51:45+00:00","dateModified":"2024-05-05T07:30:22+00:00","breadcrumb":{"@id":"https:\/\/www.bellunopress.it\/2024\/04\/01\/comune-di-venezia-e-regione-del-veneto-al-voto-nel-2025-probabilmente-a-primavera-2026-di-enzo-de-biasi\/#breadcrumb"},"inLanguage":"fr-FR","potentialAction":[{"@type":"ReadAction","target":["https:\/\/www.bellunopress.it\/2024\/04\/01\/comune-di-venezia-e-regione-del-veneto-al-voto-nel-2025-probabilmente-a-primavera-2026-di-enzo-de-biasi\/"]}]},{"@type":"ImageObject","inLanguage":"fr-FR","@id":"https:\/\/www.bellunopress.it\/2024\/04\/01\/comune-di-venezia-e-regione-del-veneto-al-voto-nel-2025-probabilmente-a-primavera-2026-di-enzo-de-biasi\/#primaryimage","url":"https:\/\/www.bellunopress.it\/wp-content\/uploads\/2020\/05\/Regione-Veneto-Palazzo-Ferro-Fini-sede-del-Consiglio-regionale_edited.jpg","contentUrl":"https:\/\/www.bellunopress.it\/wp-content\/uploads\/2020\/05\/Regione-Veneto-Palazzo-Ferro-Fini-sede-del-Consiglio-regionale_edited.jpg","width":780,"height":405,"caption":"Palazzo Ferro Fini, sede del Consiglio regionale del Veneto"},{"@type":"BreadcrumbList","@id":"https:\/\/www.bellunopress.it\/2024\/04\/01\/comune-di-venezia-e-regione-del-veneto-al-voto-nel-2025-probabilmente-a-primavera-2026-di-enzo-de-biasi\/#breadcrumb","itemListElement":[{"@type":"ListItem","position":1,"name":"Home","item":"https:\/\/www.bellunopress.it\/"},{"@type":"ListItem","position":2,"name":"Comune di Venezia e Regione del Veneto al voto nel 2025? probabilmente a primavera 2026 * di Enzo De Biasi"}]},{"@type":"WebSite","@id":"https:\/\/www.bellunopress.it\/#website","url":"https:\/\/www.bellunopress.it\/","name":"Bellunopress - Dolomiti","description":"e-mail: redazione@bellunopress.it","publisher":{"@id":"https:\/\/www.bellunopress.it\/#organization"},"potentialAction":[{"@type":"SearchAction","target":{"@type":"EntryPoint","urlTemplate":"https:\/\/www.bellunopress.it\/?s={search_term_string}"},"query-input":{"@type":"PropertyValueSpecification","valueRequired":true,"valueName":"search_term_string"}}],"inLanguage":"fr-FR"},{"@type":"Organization","@id":"https:\/\/www.bellunopress.it\/#organization","name":"Bellunopress","url":"https:\/\/www.bellunopress.it\/","logo":{"@type":"ImageObject","inLanguage":"fr-FR","@id":"https:\/\/www.bellunopress.it\/#\/schema\/logo\/image\/","url":"https:\/\/www.bellunopress.it\/wp-content\/uploads\/2011\/05\/cropped-logo-bellunopress-.jpg","contentUrl":"https:\/\/www.bellunopress.it\/wp-content\/uploads\/2011\/05\/cropped-logo-bellunopress-.jpg","width":512,"height":512,"caption":"Bellunopress"},"image":{"@id":"https:\/\/www.bellunopress.it\/#\/schema\/logo\/image\/"},"sameAs":["https:\/\/www.facebook.com\/profile.php?id=100008943462799","https:\/\/x.com\/bellunopress","https:\/\/www.linkedin.com\/hp\/?dnr=JBzUWaJfMUw8vbXJJ2tVW5-I3jZKvC4wsoxE&amp;amp;amp;amp;amp;amp;trk=nav_responsive_tab_home","https:\/\/www.youtube.com\/channel\/UCxL0wu1uN0_3_7hGG0306cw"]},{"@type":"Person","@id":"https:\/\/www.bellunopress.it\/#\/schema\/person\/79bb06722b37ece1c03d3e94beb30d73","name":"r\u00e9daction","image":{"@type":"ImageObject","inLanguage":"fr-FR","@id":"https:\/\/secure.gravatar.com\/avatar\/37d968a2e67a6fd04c169c4bdef102d0bc5d31b2546345219e348575eb80e9a0?s=96&d=mm&r=g","url":"https:\/\/secure.gravatar.com\/avatar\/37d968a2e67a6fd04c169c4bdef102d0bc5d31b2546345219e348575eb80e9a0?s=96&d=mm&r=g","contentUrl":"https:\/\/secure.gravatar.com\/avatar\/37d968a2e67a6fd04c169c4bdef102d0bc5d31b2546345219e348575eb80e9a0?s=96&d=mm&r=g","caption":"redazione"},"sameAs":["http:\/\/www.bellunopress.it","https:\/\/x.com\/bellunopress"],"url":"https:\/\/www.bellunopress.it\/fr\/author\/redazione\/"}]}},"_links":{"self":[{"href":"https:\/\/www.bellunopress.it\/fr\/wp-json\/wp\/v2\/posts\/149595","targetHints":{"allow":["GET"]}}],"collection":[{"href":"https:\/\/www.bellunopress.it\/fr\/wp-json\/wp\/v2\/posts"}],"about":[{"href":"https:\/\/www.bellunopress.it\/fr\/wp-json\/wp\/v2\/types\/post"}],"author":[{"embeddable":true,"href":"https:\/\/www.bellunopress.it\/fr\/wp-json\/wp\/v2\/users\/2"}],"replies":[{"embeddable":true,"href":"https:\/\/www.bellunopress.it\/fr\/wp-json\/wp\/v2\/comments?post=149595"}],"version-history":[{"count":7,"href":"https:\/\/www.bellunopress.it\/fr\/wp-json\/wp\/v2\/posts\/149595\/revisions"}],"predecessor-version":[{"id":150494,"href":"https:\/\/www.bellunopress.it\/fr\/wp-json\/wp\/v2\/posts\/149595\/revisions\/150494"}],"wp:featuredmedia":[{"embeddable":true,"href":"https:\/\/www.bellunopress.it\/fr\/wp-json\/wp\/v2\/media\/114469"}],"wp:attachment":[{"href":"https:\/\/www.bellunopress.it\/fr\/wp-json\/wp\/v2\/media?parent=149595"}],"wp:term":[{"taxonomy":"category","embeddable":true,"href":"https:\/\/www.bellunopress.it\/fr\/wp-json\/wp\/v2\/categories?post=149595"},{"taxonomy":"post_tag","embeddable":true,"href":"https:\/\/www.bellunopress.it\/fr\/wp-json\/wp\/v2\/tags?post=149595"}],"curies":[{"name":"wp","href":"https:\/\/api.w.org\/{rel}","templated":true}]}}