{"id":149593,"date":"2024-04-01T17:57:47","date_gmt":"2024-04-01T15:57:47","guid":{"rendered":"https:\/\/www.bellunopress.it\/?p=149593"},"modified":"2024-04-01T17:57:47","modified_gmt":"2024-04-01T15:57:47","slug":"giovani-escursionisti-bloccati-dal-ruscello-in-piena","status":"publish","type":"post","link":"https:\/\/www.bellunopress.it\/fr\/2024\/04\/01\/giovani-escursionisti-bloccati-dal-ruscello-in-piena\/","title":{"rendered":"Giovani escursionisti bloccati dal ruscello in piena"},"content":{"rendered":"<p><img loading=\"lazy\" decoding=\"async\" class=\"alignleft size-full wp-image-119120\" src=\"https:\/\/www.bellunopress.it\/wp-content\/uploads\/2020\/11\/cnsas-corpo-nazionale-soccorso-alpino-e-speleologico_edited.jpg\" alt=\"\" width=\"790\" height=\"423\" srcset=\"https:\/\/www.bellunopress.it\/wp-content\/uploads\/2020\/11\/cnsas-corpo-nazionale-soccorso-alpino-e-speleologico_edited.jpg 790w, https:\/\/www.bellunopress.it\/wp-content\/uploads\/2020\/11\/cnsas-corpo-nazionale-soccorso-alpino-e-speleologico_edited-500x268.jpg 500w, https:\/\/www.bellunopress.it\/wp-content\/uploads\/2020\/11\/cnsas-corpo-nazionale-soccorso-alpino-e-speleologico_edited-696x373.jpg 696w, https:\/\/www.bellunopress.it\/wp-content\/uploads\/2020\/11\/cnsas-corpo-nazionale-soccorso-alpino-e-speleologico_edited-784x420.jpg 784w\" sizes=\"auto, (max-width: 790px) 100vw, 790px\" \/>Ospitale di Cadore (BL), 01 &#8211; 04 &#8211; 24\u00a0 \u00a0Verso le 14.20 la Centrale del Suem \u00e8 stata attivata dai Carabinieri, che avevano ricevuto la chiamata di un gruppo di escursionisti bloccati da un corso d&#8217;acqua in piena lungo il sentiero 483 nel Gruppo del Bosconero.<\/p>\n<p>Attivato il Soccorso alpino di Longarone, mentre una squadra partiva per andare loro incontro, si risaliva alle coordinate del punto in cui si trovavano, vicino a una briglia sotto Casera Valbona, e si appurava che 2 dei 5 erano riusciti a superare il guado, mentre 3 non se la sentivano di tentare il passaggio. Raggiunti sulla strada bianca, dopo aver attraversato il punto dove il ruscello, il Rui Bianco, era stato ingrossato dalle piogge torrenziali di questi giorni, i soccorritori hanno steso una corda e aiutato i tre a superare l&#8217;ostacolo.<\/p>\n<p>I 5, 3 ragazzi e due ragazze tra i 20 e 22 anni di Ponte San Nicol\u00f2 (PD), avevano passato la notte al Bivacco Campestrin e stavano rientrando a valle.<\/p>","protected":false},"excerpt":{"rendered":"<p>Ospitale di Cadore (BL), 01 &#8211; 04 &#8211; 24\u00a0 \u00a0Verso le 14.20 la Centrale del Suem \u00e8 stata attivata dai Carabinieri, che avevano ricevuto la chiamata di un gruppo di escursionisti bloccati da un corso d&#8217;acqua in piena lungo il sentiero 483 nel Gruppo del Bosconero. Attivato il Soccorso alpino di Longarone, mentre una squadra [&hellip;]<\/p>\n","protected":false},"author":2,"featured_media":119120,"comment_status":"closed","ping_status":"open","sticky":false,"template":"","format":"standard","meta":{"footnotes":""},"categories":[5],"tags":[],"class_list":["post-149593","post","type-post","status-publish","format-standard","has-post-thumbnail","category-cronaca"],"yoast_head":"<!-- This site is optimized with the Yoast SEO plugin v28.4 - https:\/\/yoast.com\/product\/yoast-seo-wordpress\/ -->\n<title>Giovani escursionisti bloccati dal ruscello in piena - Bellunopress - Dolomiti<\/title>\n<meta name=\"robots\" content=\"index, follow, max-snippet:-1, max-image-preview:large, max-video-preview:-1\" \/>\n<link rel=\"canonical\" href=\"https:\/\/www.bellunopress.it\/fr\/2024\/04\/01\/giovani-escursionisti-bloccati-dal-ruscello-in-piena\/\" \/>\n<meta property=\"og:locale\" content=\"fr_FR\" \/>\n<meta property=\"og:type\" content=\"article\" \/>\n<meta property=\"og:title\" content=\"Giovani escursionisti bloccati dal ruscello in piena - Bellunopress - Dolomiti\" \/>\n<meta property=\"og:description\" content=\"Ospitale di Cadore (BL), 01 &#8211; 04 &#8211; 24\u00a0 \u00a0Verso le 14.20 la Centrale del Suem \u00e8 stata attivata dai Carabinieri, che avevano ricevuto la chiamata di un gruppo di escursionisti bloccati da un corso d&#8217;acqua in piena lungo il sentiero 483 nel Gruppo del Bosconero. Attivato il Soccorso alpino di Longarone, mentre una squadra [&hellip;]\" \/>\n<meta property=\"og:url\" content=\"https:\/\/www.bellunopress.it\/fr\/2024\/04\/01\/giovani-escursionisti-bloccati-dal-ruscello-in-piena\/\" \/>\n<meta property=\"og:site_name\" content=\"Bellunopress - Dolomiti\" \/>\n<meta property=\"article:publisher\" content=\"https:\/\/www.facebook.com\/profile.php?id=100008943462799\" \/>\n<meta property=\"article:published_time\" content=\"2024-04-01T15:57:47+00:00\" \/>\n<meta property=\"og:image\" content=\"https:\/\/www.bellunopress.it\/wp-content\/uploads\/2020\/11\/cnsas-corpo-nazionale-soccorso-alpino-e-speleologico_edited.jpg\" \/>\n\t<meta property=\"og:image:width\" content=\"790\" \/>\n\t<meta property=\"og:image:height\" content=\"423\" \/>\n\t<meta property=\"og:image:type\" content=\"image\/jpeg\" \/>\n<meta name=\"author\" content=\"redazione\" \/>\n<meta name=\"twitter:card\" content=\"summary_large_image\" \/>\n<meta name=\"twitter:creator\" content=\"@bellunopress\" \/>\n<meta name=\"twitter:site\" content=\"@bellunopress\" \/>\n<meta name=\"twitter:label1\" content=\"\u00c9crit par\" \/>\n\t<meta name=\"twitter:data1\" content=\"redazione\" \/>\n\t<meta name=\"twitter:label2\" content=\"Dur\u00e9e de lecture estim\u00e9e\" \/>\n\t<meta name=\"twitter:data2\" content=\"1 minute\" \/>\n<script type=\"application\/ld+json\" class=\"yoast-schema-graph\">{\"@context\":\"https:\\\/\\\/schema.org\",\"@graph\":[{\"@type\":\"Article\",\"@id\":\"https:\\\/\\\/www.bellunopress.it\\\/2024\\\/04\\\/01\\\/giovani-escursionisti-bloccati-dal-ruscello-in-piena\\\/#article\",\"isPartOf\":{\"@id\":\"https:\\\/\\\/www.bellunopress.it\\\/2024\\\/04\\\/01\\\/giovani-escursionisti-bloccati-dal-ruscello-in-piena\\\/\"},\"author\":{\"name\":\"redazione\",\"@id\":\"https:\\\/\\\/www.bellunopress.it\\\/#\\\/schema\\\/person\\\/79bb06722b37ece1c03d3e94beb30d73\"},\"headline\":\"Giovani escursionisti bloccati dal ruscello in piena\",\"datePublished\":\"2024-04-01T15:57:47+00:00\",\"mainEntityOfPage\":{\"@id\":\"https:\\\/\\\/www.bellunopress.it\\\/2024\\\/04\\\/01\\\/giovani-escursionisti-bloccati-dal-ruscello-in-piena\\\/\"},\"wordCount\":163,\"publisher\":{\"@id\":\"https:\\\/\\\/www.bellunopress.it\\\/#organization\"},\"image\":{\"@id\":\"https:\\\/\\\/www.bellunopress.it\\\/2024\\\/04\\\/01\\\/giovani-escursionisti-bloccati-dal-ruscello-in-piena\\\/#primaryimage\"},\"thumbnailUrl\":\"https:\\\/\\\/www.bellunopress.it\\\/wp-content\\\/uploads\\\/2020\\\/11\\\/cnsas-corpo-nazionale-soccorso-alpino-e-speleologico_edited.jpg\",\"articleSection\":[\"Cronaca\\\/Politica\"],\"inLanguage\":\"fr-FR\"},{\"@type\":\"WebPage\",\"@id\":\"https:\\\/\\\/www.bellunopress.it\\\/2024\\\/04\\\/01\\\/giovani-escursionisti-bloccati-dal-ruscello-in-piena\\\/\",\"url\":\"https:\\\/\\\/www.bellunopress.it\\\/2024\\\/04\\\/01\\\/giovani-escursionisti-bloccati-dal-ruscello-in-piena\\\/\",\"name\":\"Giovani escursionisti bloccati dal ruscello in piena - Bellunopress - Dolomiti\",\"isPartOf\":{\"@id\":\"https:\\\/\\\/www.bellunopress.it\\\/#website\"},\"primaryImageOfPage\":{\"@id\":\"https:\\\/\\\/www.bellunopress.it\\\/2024\\\/04\\\/01\\\/giovani-escursionisti-bloccati-dal-ruscello-in-piena\\\/#primaryimage\"},\"image\":{\"@id\":\"https:\\\/\\\/www.bellunopress.it\\\/2024\\\/04\\\/01\\\/giovani-escursionisti-bloccati-dal-ruscello-in-piena\\\/#primaryimage\"},\"thumbnailUrl\":\"https:\\\/\\\/www.bellunopress.it\\\/wp-content\\\/uploads\\\/2020\\\/11\\\/cnsas-corpo-nazionale-soccorso-alpino-e-speleologico_edited.jpg\",\"datePublished\":\"2024-04-01T15:57:47+00:00\",\"breadcrumb\":{\"@id\":\"https:\\\/\\\/www.bellunopress.it\\\/2024\\\/04\\\/01\\\/giovani-escursionisti-bloccati-dal-ruscello-in-piena\\\/#breadcrumb\"},\"inLanguage\":\"fr-FR\",\"potentialAction\":[{\"@type\":\"ReadAction\",\"target\":[\"https:\\\/\\\/www.bellunopress.it\\\/2024\\\/04\\\/01\\\/giovani-escursionisti-bloccati-dal-ruscello-in-piena\\\/\"]}]},{\"@type\":\"ImageObject\",\"inLanguage\":\"fr-FR\",\"@id\":\"https:\\\/\\\/www.bellunopress.it\\\/2024\\\/04\\\/01\\\/giovani-escursionisti-bloccati-dal-ruscello-in-piena\\\/#primaryimage\",\"url\":\"https:\\\/\\\/www.bellunopress.it\\\/wp-content\\\/uploads\\\/2020\\\/11\\\/cnsas-corpo-nazionale-soccorso-alpino-e-speleologico_edited.jpg\",\"contentUrl\":\"https:\\\/\\\/www.bellunopress.it\\\/wp-content\\\/uploads\\\/2020\\\/11\\\/cnsas-corpo-nazionale-soccorso-alpino-e-speleologico_edited.jpg\",\"width\":790,\"height\":423,\"caption\":\"Soccorso 118\"},{\"@type\":\"BreadcrumbList\",\"@id\":\"https:\\\/\\\/www.bellunopress.it\\\/2024\\\/04\\\/01\\\/giovani-escursionisti-bloccati-dal-ruscello-in-piena\\\/#breadcrumb\",\"itemListElement\":[{\"@type\":\"ListItem\",\"position\":1,\"name\":\"Home\",\"item\":\"https:\\\/\\\/www.bellunopress.it\\\/\"},{\"@type\":\"ListItem\",\"position\":2,\"name\":\"Giovani escursionisti bloccati dal ruscello in piena\"}]},{\"@type\":\"WebSite\",\"@id\":\"https:\\\/\\\/www.bellunopress.it\\\/#website\",\"url\":\"https:\\\/\\\/www.bellunopress.it\\\/\",\"name\":\"Bellunopress - Dolomiti\",\"description\":\"e-mail: redazione@bellunopress.it\",\"publisher\":{\"@id\":\"https:\\\/\\\/www.bellunopress.it\\\/#organization\"},\"potentialAction\":[{\"@type\":\"SearchAction\",\"target\":{\"@type\":\"EntryPoint\",\"urlTemplate\":\"https:\\\/\\\/www.bellunopress.it\\\/?s={search_term_string}\"},\"query-input\":{\"@type\":\"PropertyValueSpecification\",\"valueRequired\":true,\"valueName\":\"search_term_string\"}}],\"inLanguage\":\"fr-FR\"},{\"@type\":\"Organization\",\"@id\":\"https:\\\/\\\/www.bellunopress.it\\\/#organization\",\"name\":\"Bellunopress\",\"url\":\"https:\\\/\\\/www.bellunopress.it\\\/\",\"logo\":{\"@type\":\"ImageObject\",\"inLanguage\":\"fr-FR\",\"@id\":\"https:\\\/\\\/www.bellunopress.it\\\/#\\\/schema\\\/logo\\\/image\\\/\",\"url\":\"https:\\\/\\\/www.bellunopress.it\\\/wp-content\\\/uploads\\\/2011\\\/05\\\/cropped-logo-bellunopress-.jpg\",\"contentUrl\":\"https:\\\/\\\/www.bellunopress.it\\\/wp-content\\\/uploads\\\/2011\\\/05\\\/cropped-logo-bellunopress-.jpg\",\"width\":512,\"height\":512,\"caption\":\"Bellunopress\"},\"image\":{\"@id\":\"https:\\\/\\\/www.bellunopress.it\\\/#\\\/schema\\\/logo\\\/image\\\/\"},\"sameAs\":[\"https:\\\/\\\/www.facebook.com\\\/profile.php?id=100008943462799\",\"https:\\\/\\\/x.com\\\/bellunopress\",\"https:\\\/\\\/www.linkedin.com\\\/hp\\\/?dnr=JBzUWaJfMUw8vbXJJ2tVW5-I3jZKvC4wsoxE&amp;amp;amp;amp;amp;amp;trk=nav_responsive_tab_home\",\"https:\\\/\\\/www.youtube.com\\\/channel\\\/UCxL0wu1uN0_3_7hGG0306cw\"]},{\"@type\":\"Person\",\"@id\":\"https:\\\/\\\/www.bellunopress.it\\\/#\\\/schema\\\/person\\\/79bb06722b37ece1c03d3e94beb30d73\",\"name\":\"redazione\",\"image\":{\"@type\":\"ImageObject\",\"inLanguage\":\"fr-FR\",\"@id\":\"https:\\\/\\\/secure.gravatar.com\\\/avatar\\\/37d968a2e67a6fd04c169c4bdef102d0bc5d31b2546345219e348575eb80e9a0?s=96&d=mm&r=g\",\"url\":\"https:\\\/\\\/secure.gravatar.com\\\/avatar\\\/37d968a2e67a6fd04c169c4bdef102d0bc5d31b2546345219e348575eb80e9a0?s=96&d=mm&r=g\",\"contentUrl\":\"https:\\\/\\\/secure.gravatar.com\\\/avatar\\\/37d968a2e67a6fd04c169c4bdef102d0bc5d31b2546345219e348575eb80e9a0?s=96&d=mm&r=g\",\"caption\":\"redazione\"},\"sameAs\":[\"http:\\\/\\\/www.bellunopress.it\",\"https:\\\/\\\/x.com\\\/bellunopress\"],\"url\":\"https:\\\/\\\/www.bellunopress.it\\\/fr\\\/author\\\/redazione\\\/\"}]}<\/script>\n<!-- \/ Yoast SEO plugin. -->","yoast_head_json":{"title":"Giovani escursionisti bloccati dal ruscello in piena - Bellunopress - Dolomiti","robots":{"index":"index","follow":"follow","max-snippet":"max-snippet:-1","max-image-preview":"max-image-preview:large","max-video-preview":"max-video-preview:-1"},"canonical":"https:\/\/www.bellunopress.it\/fr\/2024\/04\/01\/giovani-escursionisti-bloccati-dal-ruscello-in-piena\/","og_locale":"fr_FR","og_type":"article","og_title":"Giovani escursionisti bloccati dal ruscello in piena - Bellunopress - Dolomiti","og_description":"Ospitale di Cadore (BL), 01 &#8211; 04 &#8211; 24\u00a0 \u00a0Verso le 14.20 la Centrale del Suem \u00e8 stata attivata dai Carabinieri, che avevano ricevuto la chiamata di un gruppo di escursionisti bloccati da un corso d&#8217;acqua in piena lungo il sentiero 483 nel Gruppo del Bosconero. Attivato il Soccorso alpino di Longarone, mentre una squadra [&hellip;]","og_url":"https:\/\/www.bellunopress.it\/fr\/2024\/04\/01\/giovani-escursionisti-bloccati-dal-ruscello-in-piena\/","og_site_name":"Bellunopress - Dolomiti","article_publisher":"https:\/\/www.facebook.com\/profile.php?id=100008943462799","article_published_time":"2024-04-01T15:57:47+00:00","og_image":[{"width":790,"height":423,"url":"https:\/\/www.bellunopress.it\/wp-content\/uploads\/2020\/11\/cnsas-corpo-nazionale-soccorso-alpino-e-speleologico_edited.jpg","type":"image\/jpeg"}],"author":"redazione","twitter_card":"summary_large_image","twitter_creator":"@bellunopress","twitter_site":"@bellunopress","twitter_misc":{"\u00c9crit par":"redazione","Dur\u00e9e de lecture estim\u00e9e":"1 minute"},"schema":{"@context":"https:\/\/schema.org","@graph":[{"@type":"Article","@id":"https:\/\/www.bellunopress.it\/2024\/04\/01\/giovani-escursionisti-bloccati-dal-ruscello-in-piena\/#article","isPartOf":{"@id":"https:\/\/www.bellunopress.it\/2024\/04\/01\/giovani-escursionisti-bloccati-dal-ruscello-in-piena\/"},"author":{"name":"redazione","@id":"https:\/\/www.bellunopress.it\/#\/schema\/person\/79bb06722b37ece1c03d3e94beb30d73"},"headline":"Giovani escursionisti bloccati dal ruscello in piena","datePublished":"2024-04-01T15:57:47+00:00","mainEntityOfPage":{"@id":"https:\/\/www.bellunopress.it\/2024\/04\/01\/giovani-escursionisti-bloccati-dal-ruscello-in-piena\/"},"wordCount":163,"publisher":{"@id":"https:\/\/www.bellunopress.it\/#organization"},"image":{"@id":"https:\/\/www.bellunopress.it\/2024\/04\/01\/giovani-escursionisti-bloccati-dal-ruscello-in-piena\/#primaryimage"},"thumbnailUrl":"https:\/\/www.bellunopress.it\/wp-content\/uploads\/2020\/11\/cnsas-corpo-nazionale-soccorso-alpino-e-speleologico_edited.jpg","articleSection":["Cronaca\/Politica"],"inLanguage":"fr-FR"},{"@type":"WebPage","@id":"https:\/\/www.bellunopress.it\/2024\/04\/01\/giovani-escursionisti-bloccati-dal-ruscello-in-piena\/","url":"https:\/\/www.bellunopress.it\/2024\/04\/01\/giovani-escursionisti-bloccati-dal-ruscello-in-piena\/","name":"Giovani escursionisti bloccati dal ruscello in piena - Bellunopress - Dolomiti","isPartOf":{"@id":"https:\/\/www.bellunopress.it\/#website"},"primaryImageOfPage":{"@id":"https:\/\/www.bellunopress.it\/2024\/04\/01\/giovani-escursionisti-bloccati-dal-ruscello-in-piena\/#primaryimage"},"image":{"@id":"https:\/\/www.bellunopress.it\/2024\/04\/01\/giovani-escursionisti-bloccati-dal-ruscello-in-piena\/#primaryimage"},"thumbnailUrl":"https:\/\/www.bellunopress.it\/wp-content\/uploads\/2020\/11\/cnsas-corpo-nazionale-soccorso-alpino-e-speleologico_edited.jpg","datePublished":"2024-04-01T15:57:47+00:00","breadcrumb":{"@id":"https:\/\/www.bellunopress.it\/2024\/04\/01\/giovani-escursionisti-bloccati-dal-ruscello-in-piena\/#breadcrumb"},"inLanguage":"fr-FR","potentialAction":[{"@type":"ReadAction","target":["https:\/\/www.bellunopress.it\/2024\/04\/01\/giovani-escursionisti-bloccati-dal-ruscello-in-piena\/"]}]},{"@type":"ImageObject","inLanguage":"fr-FR","@id":"https:\/\/www.bellunopress.it\/2024\/04\/01\/giovani-escursionisti-bloccati-dal-ruscello-in-piena\/#primaryimage","url":"https:\/\/www.bellunopress.it\/wp-content\/uploads\/2020\/11\/cnsas-corpo-nazionale-soccorso-alpino-e-speleologico_edited.jpg","contentUrl":"https:\/\/www.bellunopress.it\/wp-content\/uploads\/2020\/11\/cnsas-corpo-nazionale-soccorso-alpino-e-speleologico_edited.jpg","width":790,"height":423,"caption":"Soccorso 118"},{"@type":"BreadcrumbList","@id":"https:\/\/www.bellunopress.it\/2024\/04\/01\/giovani-escursionisti-bloccati-dal-ruscello-in-piena\/#breadcrumb","itemListElement":[{"@type":"ListItem","position":1,"name":"Home","item":"https:\/\/www.bellunopress.it\/"},{"@type":"ListItem","position":2,"name":"Giovani escursionisti bloccati dal ruscello in piena"}]},{"@type":"WebSite","@id":"https:\/\/www.bellunopress.it\/#website","url":"https:\/\/www.bellunopress.it\/","name":"Bellunopress - Dolomiti","description":"e-mail: redazione@bellunopress.it","publisher":{"@id":"https:\/\/www.bellunopress.it\/#organization"},"potentialAction":[{"@type":"SearchAction","target":{"@type":"EntryPoint","urlTemplate":"https:\/\/www.bellunopress.it\/?s={search_term_string}"},"query-input":{"@type":"PropertyValueSpecification","valueRequired":true,"valueName":"search_term_string"}}],"inLanguage":"fr-FR"},{"@type":"Organization","@id":"https:\/\/www.bellunopress.it\/#organization","name":"Bellunopress","url":"https:\/\/www.bellunopress.it\/","logo":{"@type":"ImageObject","inLanguage":"fr-FR","@id":"https:\/\/www.bellunopress.it\/#\/schema\/logo\/image\/","url":"https:\/\/www.bellunopress.it\/wp-content\/uploads\/2011\/05\/cropped-logo-bellunopress-.jpg","contentUrl":"https:\/\/www.bellunopress.it\/wp-content\/uploads\/2011\/05\/cropped-logo-bellunopress-.jpg","width":512,"height":512,"caption":"Bellunopress"},"image":{"@id":"https:\/\/www.bellunopress.it\/#\/schema\/logo\/image\/"},"sameAs":["https:\/\/www.facebook.com\/profile.php?id=100008943462799","https:\/\/x.com\/bellunopress","https:\/\/www.linkedin.com\/hp\/?dnr=JBzUWaJfMUw8vbXJJ2tVW5-I3jZKvC4wsoxE&amp;amp;amp;amp;amp;amp;trk=nav_responsive_tab_home","https:\/\/www.youtube.com\/channel\/UCxL0wu1uN0_3_7hGG0306cw"]},{"@type":"Person","@id":"https:\/\/www.bellunopress.it\/#\/schema\/person\/79bb06722b37ece1c03d3e94beb30d73","name":"r\u00e9daction","image":{"@type":"ImageObject","inLanguage":"fr-FR","@id":"https:\/\/secure.gravatar.com\/avatar\/37d968a2e67a6fd04c169c4bdef102d0bc5d31b2546345219e348575eb80e9a0?s=96&d=mm&r=g","url":"https:\/\/secure.gravatar.com\/avatar\/37d968a2e67a6fd04c169c4bdef102d0bc5d31b2546345219e348575eb80e9a0?s=96&d=mm&r=g","contentUrl":"https:\/\/secure.gravatar.com\/avatar\/37d968a2e67a6fd04c169c4bdef102d0bc5d31b2546345219e348575eb80e9a0?s=96&d=mm&r=g","caption":"redazione"},"sameAs":["http:\/\/www.bellunopress.it","https:\/\/x.com\/bellunopress"],"url":"https:\/\/www.bellunopress.it\/fr\/author\/redazione\/"}]}},"_links":{"self":[{"href":"https:\/\/www.bellunopress.it\/fr\/wp-json\/wp\/v2\/posts\/149593","targetHints":{"allow":["GET"]}}],"collection":[{"href":"https:\/\/www.bellunopress.it\/fr\/wp-json\/wp\/v2\/posts"}],"about":[{"href":"https:\/\/www.bellunopress.it\/fr\/wp-json\/wp\/v2\/types\/post"}],"author":[{"embeddable":true,"href":"https:\/\/www.bellunopress.it\/fr\/wp-json\/wp\/v2\/users\/2"}],"replies":[{"embeddable":true,"href":"https:\/\/www.bellunopress.it\/fr\/wp-json\/wp\/v2\/comments?post=149593"}],"version-history":[{"count":1,"href":"https:\/\/www.bellunopress.it\/fr\/wp-json\/wp\/v2\/posts\/149593\/revisions"}],"predecessor-version":[{"id":149594,"href":"https:\/\/www.bellunopress.it\/fr\/wp-json\/wp\/v2\/posts\/149593\/revisions\/149594"}],"wp:featuredmedia":[{"embeddable":true,"href":"https:\/\/www.bellunopress.it\/fr\/wp-json\/wp\/v2\/media\/119120"}],"wp:attachment":[{"href":"https:\/\/www.bellunopress.it\/fr\/wp-json\/wp\/v2\/media?parent=149593"}],"wp:term":[{"taxonomy":"category","embeddable":true,"href":"https:\/\/www.bellunopress.it\/fr\/wp-json\/wp\/v2\/categories?post=149593"},{"taxonomy":"post_tag","embeddable":true,"href":"https:\/\/www.bellunopress.it\/fr\/wp-json\/wp\/v2\/tags?post=149593"}],"curies":[{"name":"wp","href":"https:\/\/api.w.org\/{rel}","templated":true}]}}