{"id":149586,"date":"2024-04-01T09:43:32","date_gmt":"2024-04-01T07:43:32","guid":{"rendered":"https:\/\/www.bellunopress.it\/?p=149586"},"modified":"2024-04-01T09:43:32","modified_gmt":"2024-04-01T07:43:32","slug":"a-casa-di-dino-4-edizione-aprile-2024-il-programma","status":"publish","type":"post","link":"https:\/\/www.bellunopress.it\/fr\/2024\/04\/01\/a-casa-di-dino-4-edizione-aprile-2024-il-programma\/","title":{"rendered":"A casa di Dino, 4^ edizione aprile 2024. Il programma"},"content":{"rendered":"<p><strong><em><img loading=\"lazy\" decoding=\"async\" class=\"alignleft size-full wp-image-149587\" src=\"https:\/\/www.bellunopress.it\/wp-content\/uploads\/2024\/04\/Mirta-e-Brezmes_edited.jpg\" alt=\"\" width=\"1000\" height=\"975\" srcset=\"https:\/\/www.bellunopress.it\/wp-content\/uploads\/2024\/04\/Mirta-e-Brezmes_edited.jpg 1000w, https:\/\/www.bellunopress.it\/wp-content\/uploads\/2024\/04\/Mirta-e-Brezmes_edited-500x488.jpg 500w, https:\/\/www.bellunopress.it\/wp-content\/uploads\/2024\/04\/Mirta-e-Brezmes_edited-431x420.jpg 431w, https:\/\/www.bellunopress.it\/wp-content\/uploads\/2024\/04\/Mirta-e-Brezmes_edited-696x679.jpg 696w\" sizes=\"auto, (max-width: 1000px) 100vw, 1000px\" \/>Viaggio tra-sversale tra versi, traduzioni e trambusti musicali. ideazione Mirta Amanda Barbonetti. Associazione Culturale Villa Buzzati S. Pellegrino &#8211; il Granaio<\/em><\/strong><\/p>\n<p>Riprende, dopo alcuni anni di pausa forzata A casa di Dino.<br \/>\nLa rassegna, nata nel maggio 2017, organizzata dall\u2019Associazione Culturale Villa Buzzati<br \/>\nS. Pellegrino &#8211; il Granaio, ha come intento quello di uscire dal luogo natale dello scrittore e arrivare alla citt\u00e0 di Belluno, nelle sale o nei luoghi adibiti alla cultura, per avvicinare affezionati e nuovo pubblico alla figura di Buzzati.<br \/>\nTre incontri con autori e studiosi legati al mondo della letteratura contemporanea, dell\u2019arte, della poesia, della musica che attraverso un sottile \u201cfilo rosso\u201d potranno condurci ad incrociare, in modo inconsueto, la figura di Dino Buzzati.<\/p>\n<p><strong>VENERD\u00cc 12 APRILE 2024 <\/strong><br \/>\n<strong>ore 18.30 &#8211; GIARDINO LORIS TORMEN &#8211; BELLUNO <\/strong><br \/>\n<strong>Concerto di strada &#8211; (in caso di pioggia: Sala De Luca Borgo Pr\u00e0 &#8211; Belluno)<\/strong><\/p>\n<p>\u201cRapConti di strada\u201d con Gabriele Kratter e Stefano Bozzi<\/p>\n<p>Nel mondo del rap bellunese: Gabriele Kratter si confronta con Stefano Bozzi. Gli strumenti e le tecniche per improvvisare, il rapporto con la poesia tradizionale. Performance musicale e dialogo trasversale con il pubblico.<\/p>\n<p>Gabriele Kratter, 23 anni, originario di Perarolo di Cadore, giovane artista e musicista, ha avvicinato il mondo del rap come compositore durante gli studi alle superiori, vincendo un contest della sua scuola, il Liceo Da Vinci di Belluno.<br \/>\nDopo il diploma ha creato una start-up nel campo dell\u2019abbigliamento informale, senza smettere di dedicarsi alla musica e alla versificazione rap e freestyle.<\/p>\n<p>Stefano Bozzi, classe 1991 ha militato nell\u2019ambito dell\u2019hip-pop per quasi 15 anni nel collettivo \u201cArcadia Click\u201d. Attualmente si occupa di comunicazione presso Antenna 3 come filmaker.<\/p>\n<p><strong>MARTED\u00cc 16 APRILE 2024 <\/strong><br \/>\n<strong>ore 18.30 &#8211; SALA BARCHESSA PALAZZO DOGLIONI DALMAS &#8211; BELLUNO<\/strong><\/p>\n<p>\u201cLEGGERE BUZZATI- LA LINGUA, LE LINGUE LE TRADUZIONI\u201d<br \/>\nPresentazione del volume a cura di Giovanni Turra &#8211; Amos Edizioni, 2024<br \/>\ncon Giovanni Turra autore, studioso e docente universitario.<br \/>\nLegge Antonella Morassutti attrice.<\/p>\n<p>La straordinaria fortuna all\u2019estero dello scrittore bellunese trova riscontro nelle oltre trenta lingue d\u2019arrivo della sua opera e nelle interpretazioni, che di questa sono state date nel corso del tempo. Giovanni Turra, presentando il volume, ci racconter\u00e0 le pi\u00f9 svariate sfaccettature di un viaggio attraverso le traduzioni dei testi di Buzzati.<\/p>\n<p>Giovanni Turra (Venezia, 1973) Insegna italiano e latino nei licei.<br \/>\nCollabora da lungo tempo con l\u2019Universit\u00e0 Ca\u2019 Foscari di Venezia (Facolt\u00e0 di Lettere e Filosofia): come cultore della materia, in qualit\u00e0 di docente a contratto (per i corsi di \u00abItaliano professionale\u00bb e \u00abItaliano scritto\u00bb). Studioso di letteratura italiana del Novecento (soprattutto il periodo tra le due guerre), ha pubblicato numerosi interventi in atti di convegno e nelle pi\u00f9 importanti riviste di settore: \u00abStudi Novecenteschi\u00bb, \u00abCritica letteraria\u00bb, \u00abNuova corrente\u00bb, \u00abErmeneutica letteraria\u00bb etc. partecipando a moltissimi convegni presso gli atenei italiani e all\u2019estero.<br \/>\nNel 2022 ha partecipato in qualit\u00e0 di relatore al Convegno Internazionale dell\u2019Universit\u00e0 di Venezia \u201cDino Buzzati e il segno\u201d nel cinquantenario della scomparsa dello scrittore\u00a0veneto, (Venezia-Vicenza, 30 marzo &#8211; 2 aprile), con un intervento intitolato \u201cVisivit\u00e0 e surrealt\u00e0 nella poesia di Buzzati\u201d. Membro al Comitato Scientifico del Convegno Internazionale dell\u2019Universit\u00e0 Ca\u2019 Foscari di Venezia \u00abBuzzati: la lingua, le lingue, le traduzioni\u00bb (Venezia, 5-6 settembre 2022).<\/p>\n<p>Antonella Morassutti nata e cresciuta a Milano, \u00e8 attrice e danzatrice, insegna teatro e lettura espressiva ed \u00e8 pronipote di Dino Buzzati. Come attrice si diploma giovanissima all\u2019Accademia dei Filodrammatici di Milano e in seguito continua la formazione professionale con diversi maestri italiani e stranieri.<br \/>\nHa lavorato nelle produzioni di diversi teatri milanesi (Teatro Out Off, Teatro CRT, Teatro Filodrammatici, Teatro del Buratto, Teatro alla Scala) e in alcune produzioni cine televisive in Italia e Svizzera.<br \/>\nDal 2006 \u00e8 socia fondatrice e direttrice artistica dell\u2019Associazione Culturale Villa Buzzati di Belluno, ha messo in scena gli spettacoli tratti da opere, racconti e testi teatrali di Dino Buzzati: \u201cLe stanze di Dino\u201d, \u201cSolo un miracolo\u201d (tratto dal libro illustrato \u201cI miracoli di Valmorel\u201d) e il monologo &#8220;La Telefonista\u201d, rappresentato recentemente al Teatro Dino Buzzati di Belluno, in occasione della cerimonia per la nuova titolazione del teatro.<\/p>\n<p><strong>VENERD\u00cc 19 APRILE 2024 &#8211; matin\u00e9e per le scuole<\/strong><br \/>\n<strong>ore 9.00 -10.30 &#8211; Aula Magna dell\u2019Istituto T. Catullo &#8211; Belluno<\/strong><\/p>\n<p>Il poeta spagnolo ALFONSO BREZMES con la traduttrice dell\u2019antologia \u201cQuando non ci sono\u201d di Alfonso Brezmes, Einaudi, 2021 Mirta Amanda Barbonetti incontrano gli allievi delle classi 4\u00b0 e 5\u00b0 indirizzo figurativo &#8211; Liceo Artistico, Istituto di Istruzione Superiore T. Catullo di Belluno.<\/p>\n<p><strong>VENERD\u00cc 19 APRILE 2024 <\/strong><br \/>\n<strong>ore 18.30 \u2013 SALA DE LUCA \u2013 Borgo Pr\u00e0\u2013 BELLUNO<\/strong><\/p>\n<p>\u201cQUANDO NON CI SONO\u201d<br \/>\nPresentazione dell\u2019antologia di poesia di ALFONSO BREZMES<br \/>\ntraduzione di Mirta Amanda Barbonetti \u2013 Einaudi 2021<br \/>\nDialoga con l\u2019autore Mirta Amanda Barbonetti<br \/>\nmusiche dal vivo di Carlos Mataix &#8211; chitarra gitana musiche di flamenco<\/p>\n<p>\u00c8 un gradito ritorno in Italia quello del poeta spagnolo Alfonso Brezmes, dopo la presentazione della sua antologia QUANDO NON CI SONO, (Einaudi 2021), con testo italiano a fronte di Mirta Amanda Barbonetti, al Festival Internazionale di Seneghe in<br \/>\nSardegna nel settembre 2022 e la partecipazione come ospite d\u2019onore al Premio Letterario Internazionale intitolato a Laudomia Bonanni nella citt\u00e0 dell\u2019Aquila, lo scorso novembre.<br \/>\nll poeta Alfonso Brezmes, dialogando con la traduttrice Mirta Amanda Barbonetti, si racconter\u00e0 al pubblico bellunese, svelando il suo percorso poetico, l\u2019influsso di diverse lingue e la contaminazione dei linguaggi. Brezmes e Barbonetti si alterneranno nella lettura in spagnolo e in italiano accompagnati dalle note delle atmosfere di flamenco della chitarra gitana di Carlos Mataix, in un intreccio di emozioni.<\/p>\n<p>Alfonso Brezmes (1966) \u00e8 uno dei nomi pi\u00f9 risonanti della poesia e dell&#8217;arte visiva spagnola contemporanea. Funzionario europeo, dal 2017 rappresenta la Spagna al Tribunale di Strasburgo per la difesa dei diritti umani.<br \/>\nAl suo attivo ha una vasta produzione poetica iniziata nel 2010, rappresentata da un primo testo dedicato alla poesia visiva e al collage, Postales desde el futuro, 2010, seguito da 7 raccolte scritte tra il 2013 ed il 2023 (La noche tatuada, Don de Lenguas, Ultramor, Vicios Ocultos, Sed, Es Tiempo, La Vida en el aire) e due antologie bilingui: Marginal Notes del 2019, spagnolo-inglese, &#8220;Quando non ci sono&#8221;, spagnolo &#8211; italiano, Einaudi, 2021. Una parte della sua produzione pu\u00f2 essere letta nel suo blog PARA\u00cdSO EN OBRAS<\/p>\n<p>Mirta Amanda Barbonetti nata a Belluno, \u00e8 laureata in Letteratura Italiana Contemporanea all\u2019Universit\u00e0 di Padova. Traduttrice dall\u2019inglese e dallo spagnolo, ha dedicato numerosi studi al poeta spagnolo Alfonso Brezmes e pubblicato nel novembre 2021 per Einaudi, la traduzione dallo spagnolo dell\u2019antologia Quando non ci sono del poeta.<br \/>\nMembro del Direttivo dell\u2019Istituto Storico della Resistenza e dell\u2019Et\u00e0 Contemporanea sede di Belluno, scrive sulla Rivista dell\u2019Istituto, Protagonisti.<br \/>\nFa parte del direttivo dell\u2019Associazione Culturale Villa Buzzati S. Pellegrino &#8211; il Granaio.<\/p>\n<p>Carlo Mataix \u00e8 professore all&#8217;Universit\u00e0 Politecnica di Madrid, dove dirige un centro interdisciplinare in cui l&#8217;arte e la musica si combinano con le tecnologie e lo sviluppo sostenibile.<br \/>\nDi s\u00e9 dice: &#8220;Non vivo di musica, ma non potrei mai vivere senza la musica&#8221;.<br \/>\nHa studiato chitarra classica, jazz e flamenco.<br \/>\nNel suo accompagnamento musicale, adatta il suono della chitarra al ritmo della poesia, improvvisando con melodie proprie e popolari.<\/p>\n<p>&nbsp;<\/p>\n<p><strong>A CASA DI DINO 2024 &#8211; TRA\/VERSI e TRADUZIONI <\/strong><br \/>\n<strong>Viaggio tra-sversale tra versi, traduzioni e trambusti musicali.<\/strong><\/p>\n<p>Ideazione Mirta Amanda Barbonetti<br \/>\nOrganizzazione: Associazione Culturale Villa Buzzati S. Pellegrino- il Granaio<br \/>\nprogetto grafico: meemu.it &#8211; Belluno<\/p>\n<p>con il patrocinio di<br \/>\nComune di Belluno \u2013 ReteEventi &#8211; Provincia di Belluno &#8211;<\/p>\n<p>in collaborazione con<br \/>\nIstituto di Istruzione Superiore T. Catullo di Belluno.<br \/>\nAssociazione Industriali Belluno<br \/>\nCollegio Maestri di Sci del Veneto \u2013 sede di Belluno<br \/>\nAssociazione Internazionale Dino Buzzati &#8211; Centro Studi di Feltre<br \/>\nLibreria Campedel- Belluno<\/p>\n<p>con il sostegno di<\/p>\n<p>Unifarco per la Cultura<br \/>\nFondazione Societ\u00e0 Bellunese<br \/>\nOttica Centrale<\/p>","protected":false},"excerpt":{"rendered":"<p>Viaggio tra-sversale tra versi, traduzioni e trambusti musicali. ideazione Mirta Amanda Barbonetti. Associazione Culturale Villa Buzzati S. Pellegrino &#8211; il Granaio Riprende, dopo alcuni anni di pausa forzata A casa di Dino. La rassegna, nata nel maggio 2017, organizzata dall\u2019Associazione Culturale Villa Buzzati S. Pellegrino &#8211; il Granaio, ha come intento quello di uscire dal [&hellip;]<\/p>\n","protected":false},"author":2,"featured_media":149587,"comment_status":"closed","ping_status":"open","sticky":false,"template":"","format":"standard","meta":{"footnotes":""},"categories":[27,3,25],"tags":[],"class_list":["post-149586","post","type-post","status-publish","format-standard","has-post-thumbnail","category-appuntamenti","category-arte-cultura-spettacoli-scienza-archivi","category-pausa-caffe"],"yoast_head":"<!-- This site is optimized with the Yoast SEO plugin v28.4 - https:\/\/yoast.com\/product\/yoast-seo-wordpress\/ -->\n<title>A casa di Dino, 4^ edizione aprile 2024. Il programma - Bellunopress - Dolomiti<\/title>\n<meta name=\"robots\" content=\"index, follow, max-snippet:-1, max-image-preview:large, max-video-preview:-1\" \/>\n<link rel=\"canonical\" href=\"https:\/\/www.bellunopress.it\/fr\/2024\/04\/01\/a-casa-di-dino-4-edizione-aprile-2024-il-programma\/\" \/>\n<meta property=\"og:locale\" content=\"fr_FR\" \/>\n<meta property=\"og:type\" content=\"article\" \/>\n<meta property=\"og:title\" content=\"A casa di Dino, 4^ edizione aprile 2024. Il programma - Bellunopress - Dolomiti\" \/>\n<meta property=\"og:description\" content=\"Viaggio tra-sversale tra versi, traduzioni e trambusti musicali. ideazione Mirta Amanda Barbonetti. Associazione Culturale Villa Buzzati S. Pellegrino &#8211; il Granaio Riprende, dopo alcuni anni di pausa forzata A casa di Dino. La rassegna, nata nel maggio 2017, organizzata dall\u2019Associazione Culturale Villa Buzzati S. Pellegrino &#8211; il Granaio, ha come intento quello di uscire dal [&hellip;]\" \/>\n<meta property=\"og:url\" content=\"https:\/\/www.bellunopress.it\/fr\/2024\/04\/01\/a-casa-di-dino-4-edizione-aprile-2024-il-programma\/\" \/>\n<meta property=\"og:site_name\" content=\"Bellunopress - Dolomiti\" \/>\n<meta property=\"article:publisher\" content=\"https:\/\/www.facebook.com\/profile.php?id=100008943462799\" \/>\n<meta property=\"article:published_time\" content=\"2024-04-01T07:43:32+00:00\" \/>\n<meta property=\"og:image\" content=\"https:\/\/www.bellunopress.it\/wp-content\/uploads\/2024\/04\/Mirta-e-Brezmes_edited.jpg\" \/>\n\t<meta property=\"og:image:width\" content=\"1000\" \/>\n\t<meta property=\"og:image:height\" content=\"975\" \/>\n\t<meta property=\"og:image:type\" content=\"image\/jpeg\" \/>\n<meta name=\"author\" content=\"redazione\" \/>\n<meta name=\"twitter:card\" content=\"summary_large_image\" \/>\n<meta name=\"twitter:creator\" content=\"@bellunopress\" \/>\n<meta name=\"twitter:site\" content=\"@bellunopress\" \/>\n<meta name=\"twitter:label1\" content=\"\u00c9crit par\" \/>\n\t<meta name=\"twitter:data1\" content=\"redazione\" \/>\n\t<meta name=\"twitter:label2\" content=\"Dur\u00e9e de lecture estim\u00e9e\" \/>\n\t<meta name=\"twitter:data2\" content=\"6 minutes\" \/>\n<script type=\"application\/ld+json\" class=\"yoast-schema-graph\">{\"@context\":\"https:\\\/\\\/schema.org\",\"@graph\":[{\"@type\":\"Article\",\"@id\":\"https:\\\/\\\/www.bellunopress.it\\\/2024\\\/04\\\/01\\\/a-casa-di-dino-4-edizione-aprile-2024-il-programma\\\/#article\",\"isPartOf\":{\"@id\":\"https:\\\/\\\/www.bellunopress.it\\\/2024\\\/04\\\/01\\\/a-casa-di-dino-4-edizione-aprile-2024-il-programma\\\/\"},\"author\":{\"name\":\"redazione\",\"@id\":\"https:\\\/\\\/www.bellunopress.it\\\/#\\\/schema\\\/person\\\/79bb06722b37ece1c03d3e94beb30d73\"},\"headline\":\"A casa di Dino, 4^ edizione aprile 2024. Il programma\",\"datePublished\":\"2024-04-01T07:43:32+00:00\",\"mainEntityOfPage\":{\"@id\":\"https:\\\/\\\/www.bellunopress.it\\\/2024\\\/04\\\/01\\\/a-casa-di-dino-4-edizione-aprile-2024-il-programma\\\/\"},\"wordCount\":1264,\"publisher\":{\"@id\":\"https:\\\/\\\/www.bellunopress.it\\\/#organization\"},\"image\":{\"@id\":\"https:\\\/\\\/www.bellunopress.it\\\/2024\\\/04\\\/01\\\/a-casa-di-dino-4-edizione-aprile-2024-il-programma\\\/#primaryimage\"},\"thumbnailUrl\":\"https:\\\/\\\/www.bellunopress.it\\\/wp-content\\\/uploads\\\/2024\\\/04\\\/Mirta-e-Brezmes_edited.jpg\",\"articleSection\":[\"Appuntamenti, Eventi\",\"Arte, Cultura, Spettacoli, Scienza\",\"Pausa Caff\u00e8\"],\"inLanguage\":\"fr-FR\"},{\"@type\":\"WebPage\",\"@id\":\"https:\\\/\\\/www.bellunopress.it\\\/2024\\\/04\\\/01\\\/a-casa-di-dino-4-edizione-aprile-2024-il-programma\\\/\",\"url\":\"https:\\\/\\\/www.bellunopress.it\\\/2024\\\/04\\\/01\\\/a-casa-di-dino-4-edizione-aprile-2024-il-programma\\\/\",\"name\":\"A casa di Dino, 4^ edizione aprile 2024. Il programma - Bellunopress - Dolomiti\",\"isPartOf\":{\"@id\":\"https:\\\/\\\/www.bellunopress.it\\\/#website\"},\"primaryImageOfPage\":{\"@id\":\"https:\\\/\\\/www.bellunopress.it\\\/2024\\\/04\\\/01\\\/a-casa-di-dino-4-edizione-aprile-2024-il-programma\\\/#primaryimage\"},\"image\":{\"@id\":\"https:\\\/\\\/www.bellunopress.it\\\/2024\\\/04\\\/01\\\/a-casa-di-dino-4-edizione-aprile-2024-il-programma\\\/#primaryimage\"},\"thumbnailUrl\":\"https:\\\/\\\/www.bellunopress.it\\\/wp-content\\\/uploads\\\/2024\\\/04\\\/Mirta-e-Brezmes_edited.jpg\",\"datePublished\":\"2024-04-01T07:43:32+00:00\",\"breadcrumb\":{\"@id\":\"https:\\\/\\\/www.bellunopress.it\\\/2024\\\/04\\\/01\\\/a-casa-di-dino-4-edizione-aprile-2024-il-programma\\\/#breadcrumb\"},\"inLanguage\":\"fr-FR\",\"potentialAction\":[{\"@type\":\"ReadAction\",\"target\":[\"https:\\\/\\\/www.bellunopress.it\\\/2024\\\/04\\\/01\\\/a-casa-di-dino-4-edizione-aprile-2024-il-programma\\\/\"]}]},{\"@type\":\"ImageObject\",\"inLanguage\":\"fr-FR\",\"@id\":\"https:\\\/\\\/www.bellunopress.it\\\/2024\\\/04\\\/01\\\/a-casa-di-dino-4-edizione-aprile-2024-il-programma\\\/#primaryimage\",\"url\":\"https:\\\/\\\/www.bellunopress.it\\\/wp-content\\\/uploads\\\/2024\\\/04\\\/Mirta-e-Brezmes_edited.jpg\",\"contentUrl\":\"https:\\\/\\\/www.bellunopress.it\\\/wp-content\\\/uploads\\\/2024\\\/04\\\/Mirta-e-Brezmes_edited.jpg\",\"width\":1000,\"height\":975,\"caption\":\"Mirta e Brezmes\"},{\"@type\":\"BreadcrumbList\",\"@id\":\"https:\\\/\\\/www.bellunopress.it\\\/2024\\\/04\\\/01\\\/a-casa-di-dino-4-edizione-aprile-2024-il-programma\\\/#breadcrumb\",\"itemListElement\":[{\"@type\":\"ListItem\",\"position\":1,\"name\":\"Home\",\"item\":\"https:\\\/\\\/www.bellunopress.it\\\/\"},{\"@type\":\"ListItem\",\"position\":2,\"name\":\"A casa di Dino, 4^ edizione aprile 2024. Il programma\"}]},{\"@type\":\"WebSite\",\"@id\":\"https:\\\/\\\/www.bellunopress.it\\\/#website\",\"url\":\"https:\\\/\\\/www.bellunopress.it\\\/\",\"name\":\"Bellunopress - Dolomiti\",\"description\":\"e-mail: redazione@bellunopress.it\",\"publisher\":{\"@id\":\"https:\\\/\\\/www.bellunopress.it\\\/#organization\"},\"potentialAction\":[{\"@type\":\"SearchAction\",\"target\":{\"@type\":\"EntryPoint\",\"urlTemplate\":\"https:\\\/\\\/www.bellunopress.it\\\/?s={search_term_string}\"},\"query-input\":{\"@type\":\"PropertyValueSpecification\",\"valueRequired\":true,\"valueName\":\"search_term_string\"}}],\"inLanguage\":\"fr-FR\"},{\"@type\":\"Organization\",\"@id\":\"https:\\\/\\\/www.bellunopress.it\\\/#organization\",\"name\":\"Bellunopress\",\"url\":\"https:\\\/\\\/www.bellunopress.it\\\/\",\"logo\":{\"@type\":\"ImageObject\",\"inLanguage\":\"fr-FR\",\"@id\":\"https:\\\/\\\/www.bellunopress.it\\\/#\\\/schema\\\/logo\\\/image\\\/\",\"url\":\"https:\\\/\\\/www.bellunopress.it\\\/wp-content\\\/uploads\\\/2011\\\/05\\\/cropped-logo-bellunopress-.jpg\",\"contentUrl\":\"https:\\\/\\\/www.bellunopress.it\\\/wp-content\\\/uploads\\\/2011\\\/05\\\/cropped-logo-bellunopress-.jpg\",\"width\":512,\"height\":512,\"caption\":\"Bellunopress\"},\"image\":{\"@id\":\"https:\\\/\\\/www.bellunopress.it\\\/#\\\/schema\\\/logo\\\/image\\\/\"},\"sameAs\":[\"https:\\\/\\\/www.facebook.com\\\/profile.php?id=100008943462799\",\"https:\\\/\\\/x.com\\\/bellunopress\",\"https:\\\/\\\/www.linkedin.com\\\/hp\\\/?dnr=JBzUWaJfMUw8vbXJJ2tVW5-I3jZKvC4wsoxE&amp;amp;amp;amp;amp;amp;trk=nav_responsive_tab_home\",\"https:\\\/\\\/www.youtube.com\\\/channel\\\/UCxL0wu1uN0_3_7hGG0306cw\"]},{\"@type\":\"Person\",\"@id\":\"https:\\\/\\\/www.bellunopress.it\\\/#\\\/schema\\\/person\\\/79bb06722b37ece1c03d3e94beb30d73\",\"name\":\"redazione\",\"image\":{\"@type\":\"ImageObject\",\"inLanguage\":\"fr-FR\",\"@id\":\"https:\\\/\\\/secure.gravatar.com\\\/avatar\\\/37d968a2e67a6fd04c169c4bdef102d0bc5d31b2546345219e348575eb80e9a0?s=96&d=mm&r=g\",\"url\":\"https:\\\/\\\/secure.gravatar.com\\\/avatar\\\/37d968a2e67a6fd04c169c4bdef102d0bc5d31b2546345219e348575eb80e9a0?s=96&d=mm&r=g\",\"contentUrl\":\"https:\\\/\\\/secure.gravatar.com\\\/avatar\\\/37d968a2e67a6fd04c169c4bdef102d0bc5d31b2546345219e348575eb80e9a0?s=96&d=mm&r=g\",\"caption\":\"redazione\"},\"sameAs\":[\"http:\\\/\\\/www.bellunopress.it\",\"https:\\\/\\\/x.com\\\/bellunopress\"],\"url\":\"https:\\\/\\\/www.bellunopress.it\\\/fr\\\/author\\\/redazione\\\/\"}]}<\/script>\n<!-- \/ Yoast SEO plugin. -->","yoast_head_json":{"title":"A casa di Dino, 4^ edizione aprile 2024. Il programma - Bellunopress - Dolomiti","robots":{"index":"index","follow":"follow","max-snippet":"max-snippet:-1","max-image-preview":"max-image-preview:large","max-video-preview":"max-video-preview:-1"},"canonical":"https:\/\/www.bellunopress.it\/fr\/2024\/04\/01\/a-casa-di-dino-4-edizione-aprile-2024-il-programma\/","og_locale":"fr_FR","og_type":"article","og_title":"A casa di Dino, 4^ edizione aprile 2024. Il programma - Bellunopress - Dolomiti","og_description":"Viaggio tra-sversale tra versi, traduzioni e trambusti musicali. ideazione Mirta Amanda Barbonetti. Associazione Culturale Villa Buzzati S. Pellegrino &#8211; il Granaio Riprende, dopo alcuni anni di pausa forzata A casa di Dino. La rassegna, nata nel maggio 2017, organizzata dall\u2019Associazione Culturale Villa Buzzati S. Pellegrino &#8211; il Granaio, ha come intento quello di uscire dal [&hellip;]","og_url":"https:\/\/www.bellunopress.it\/fr\/2024\/04\/01\/a-casa-di-dino-4-edizione-aprile-2024-il-programma\/","og_site_name":"Bellunopress - Dolomiti","article_publisher":"https:\/\/www.facebook.com\/profile.php?id=100008943462799","article_published_time":"2024-04-01T07:43:32+00:00","og_image":[{"width":1000,"height":975,"url":"https:\/\/www.bellunopress.it\/wp-content\/uploads\/2024\/04\/Mirta-e-Brezmes_edited.jpg","type":"image\/jpeg"}],"author":"redazione","twitter_card":"summary_large_image","twitter_creator":"@bellunopress","twitter_site":"@bellunopress","twitter_misc":{"\u00c9crit par":"redazione","Dur\u00e9e de lecture estim\u00e9e":"6 minutes"},"schema":{"@context":"https:\/\/schema.org","@graph":[{"@type":"Article","@id":"https:\/\/www.bellunopress.it\/2024\/04\/01\/a-casa-di-dino-4-edizione-aprile-2024-il-programma\/#article","isPartOf":{"@id":"https:\/\/www.bellunopress.it\/2024\/04\/01\/a-casa-di-dino-4-edizione-aprile-2024-il-programma\/"},"author":{"name":"redazione","@id":"https:\/\/www.bellunopress.it\/#\/schema\/person\/79bb06722b37ece1c03d3e94beb30d73"},"headline":"A casa di Dino, 4^ edizione aprile 2024. Il programma","datePublished":"2024-04-01T07:43:32+00:00","mainEntityOfPage":{"@id":"https:\/\/www.bellunopress.it\/2024\/04\/01\/a-casa-di-dino-4-edizione-aprile-2024-il-programma\/"},"wordCount":1264,"publisher":{"@id":"https:\/\/www.bellunopress.it\/#organization"},"image":{"@id":"https:\/\/www.bellunopress.it\/2024\/04\/01\/a-casa-di-dino-4-edizione-aprile-2024-il-programma\/#primaryimage"},"thumbnailUrl":"https:\/\/www.bellunopress.it\/wp-content\/uploads\/2024\/04\/Mirta-e-Brezmes_edited.jpg","articleSection":["Appuntamenti, Eventi","Arte, Cultura, Spettacoli, Scienza","Pausa Caff\u00e8"],"inLanguage":"fr-FR"},{"@type":"WebPage","@id":"https:\/\/www.bellunopress.it\/2024\/04\/01\/a-casa-di-dino-4-edizione-aprile-2024-il-programma\/","url":"https:\/\/www.bellunopress.it\/2024\/04\/01\/a-casa-di-dino-4-edizione-aprile-2024-il-programma\/","name":"A casa di Dino, 4^ edizione aprile 2024. Il programma - Bellunopress - Dolomiti","isPartOf":{"@id":"https:\/\/www.bellunopress.it\/#website"},"primaryImageOfPage":{"@id":"https:\/\/www.bellunopress.it\/2024\/04\/01\/a-casa-di-dino-4-edizione-aprile-2024-il-programma\/#primaryimage"},"image":{"@id":"https:\/\/www.bellunopress.it\/2024\/04\/01\/a-casa-di-dino-4-edizione-aprile-2024-il-programma\/#primaryimage"},"thumbnailUrl":"https:\/\/www.bellunopress.it\/wp-content\/uploads\/2024\/04\/Mirta-e-Brezmes_edited.jpg","datePublished":"2024-04-01T07:43:32+00:00","breadcrumb":{"@id":"https:\/\/www.bellunopress.it\/2024\/04\/01\/a-casa-di-dino-4-edizione-aprile-2024-il-programma\/#breadcrumb"},"inLanguage":"fr-FR","potentialAction":[{"@type":"ReadAction","target":["https:\/\/www.bellunopress.it\/2024\/04\/01\/a-casa-di-dino-4-edizione-aprile-2024-il-programma\/"]}]},{"@type":"ImageObject","inLanguage":"fr-FR","@id":"https:\/\/www.bellunopress.it\/2024\/04\/01\/a-casa-di-dino-4-edizione-aprile-2024-il-programma\/#primaryimage","url":"https:\/\/www.bellunopress.it\/wp-content\/uploads\/2024\/04\/Mirta-e-Brezmes_edited.jpg","contentUrl":"https:\/\/www.bellunopress.it\/wp-content\/uploads\/2024\/04\/Mirta-e-Brezmes_edited.jpg","width":1000,"height":975,"caption":"Mirta e Brezmes"},{"@type":"BreadcrumbList","@id":"https:\/\/www.bellunopress.it\/2024\/04\/01\/a-casa-di-dino-4-edizione-aprile-2024-il-programma\/#breadcrumb","itemListElement":[{"@type":"ListItem","position":1,"name":"Home","item":"https:\/\/www.bellunopress.it\/"},{"@type":"ListItem","position":2,"name":"A casa di Dino, 4^ edizione aprile 2024. Il programma"}]},{"@type":"WebSite","@id":"https:\/\/www.bellunopress.it\/#website","url":"https:\/\/www.bellunopress.it\/","name":"Bellunopress - Dolomiti","description":"e-mail: redazione@bellunopress.it","publisher":{"@id":"https:\/\/www.bellunopress.it\/#organization"},"potentialAction":[{"@type":"SearchAction","target":{"@type":"EntryPoint","urlTemplate":"https:\/\/www.bellunopress.it\/?s={search_term_string}"},"query-input":{"@type":"PropertyValueSpecification","valueRequired":true,"valueName":"search_term_string"}}],"inLanguage":"fr-FR"},{"@type":"Organization","@id":"https:\/\/www.bellunopress.it\/#organization","name":"Bellunopress","url":"https:\/\/www.bellunopress.it\/","logo":{"@type":"ImageObject","inLanguage":"fr-FR","@id":"https:\/\/www.bellunopress.it\/#\/schema\/logo\/image\/","url":"https:\/\/www.bellunopress.it\/wp-content\/uploads\/2011\/05\/cropped-logo-bellunopress-.jpg","contentUrl":"https:\/\/www.bellunopress.it\/wp-content\/uploads\/2011\/05\/cropped-logo-bellunopress-.jpg","width":512,"height":512,"caption":"Bellunopress"},"image":{"@id":"https:\/\/www.bellunopress.it\/#\/schema\/logo\/image\/"},"sameAs":["https:\/\/www.facebook.com\/profile.php?id=100008943462799","https:\/\/x.com\/bellunopress","https:\/\/www.linkedin.com\/hp\/?dnr=JBzUWaJfMUw8vbXJJ2tVW5-I3jZKvC4wsoxE&amp;amp;amp;amp;amp;amp;trk=nav_responsive_tab_home","https:\/\/www.youtube.com\/channel\/UCxL0wu1uN0_3_7hGG0306cw"]},{"@type":"Person","@id":"https:\/\/www.bellunopress.it\/#\/schema\/person\/79bb06722b37ece1c03d3e94beb30d73","name":"r\u00e9daction","image":{"@type":"ImageObject","inLanguage":"fr-FR","@id":"https:\/\/secure.gravatar.com\/avatar\/37d968a2e67a6fd04c169c4bdef102d0bc5d31b2546345219e348575eb80e9a0?s=96&d=mm&r=g","url":"https:\/\/secure.gravatar.com\/avatar\/37d968a2e67a6fd04c169c4bdef102d0bc5d31b2546345219e348575eb80e9a0?s=96&d=mm&r=g","contentUrl":"https:\/\/secure.gravatar.com\/avatar\/37d968a2e67a6fd04c169c4bdef102d0bc5d31b2546345219e348575eb80e9a0?s=96&d=mm&r=g","caption":"redazione"},"sameAs":["http:\/\/www.bellunopress.it","https:\/\/x.com\/bellunopress"],"url":"https:\/\/www.bellunopress.it\/fr\/author\/redazione\/"}]}},"_links":{"self":[{"href":"https:\/\/www.bellunopress.it\/fr\/wp-json\/wp\/v2\/posts\/149586","targetHints":{"allow":["GET"]}}],"collection":[{"href":"https:\/\/www.bellunopress.it\/fr\/wp-json\/wp\/v2\/posts"}],"about":[{"href":"https:\/\/www.bellunopress.it\/fr\/wp-json\/wp\/v2\/types\/post"}],"author":[{"embeddable":true,"href":"https:\/\/www.bellunopress.it\/fr\/wp-json\/wp\/v2\/users\/2"}],"replies":[{"embeddable":true,"href":"https:\/\/www.bellunopress.it\/fr\/wp-json\/wp\/v2\/comments?post=149586"}],"version-history":[{"count":1,"href":"https:\/\/www.bellunopress.it\/fr\/wp-json\/wp\/v2\/posts\/149586\/revisions"}],"predecessor-version":[{"id":149588,"href":"https:\/\/www.bellunopress.it\/fr\/wp-json\/wp\/v2\/posts\/149586\/revisions\/149588"}],"wp:featuredmedia":[{"embeddable":true,"href":"https:\/\/www.bellunopress.it\/fr\/wp-json\/wp\/v2\/media\/149587"}],"wp:attachment":[{"href":"https:\/\/www.bellunopress.it\/fr\/wp-json\/wp\/v2\/media?parent=149586"}],"wp:term":[{"taxonomy":"category","embeddable":true,"href":"https:\/\/www.bellunopress.it\/fr\/wp-json\/wp\/v2\/categories?post=149586"},{"taxonomy":"post_tag","embeddable":true,"href":"https:\/\/www.bellunopress.it\/fr\/wp-json\/wp\/v2\/tags?post=149586"}],"curies":[{"name":"wp","href":"https:\/\/api.w.org\/{rel}","templated":true}]}}