{"id":149508,"date":"2024-03-27T11:52:21","date_gmt":"2024-03-27T10:52:21","guid":{"rendered":"https:\/\/www.bellunopress.it\/?p=149508"},"modified":"2024-03-27T11:52:21","modified_gmt":"2024-03-27T10:52:21","slug":"inaugurato-in-alpago-il-nuovo-ufficio-del-centro-per-limpiego","status":"publish","type":"post","link":"https:\/\/www.bellunopress.it\/fr\/2024\/03\/27\/inaugurato-in-alpago-il-nuovo-ufficio-del-centro-per-limpiego\/","title":{"rendered":"Inaugurato in Alpago il nuovo ufficio del centro per l&#8217;impiego"},"content":{"rendered":"<figure id=\"attachment_149509\" aria-describedby=\"caption-attachment-149509\" style=\"width: 1000px\" class=\"wp-caption alignleft\"><img loading=\"lazy\" decoding=\"async\" class=\"size-full wp-image-149509\" src=\"https:\/\/www.bellunopress.it\/wp-content\/uploads\/2024\/03\/Amministrazione-comunale-Alpago-dirigenza-e-staff-di-Veneto-Lavoro-e-rappresentanti-associazioni-di-categoria-municipio-di-Farra.jpg\" alt=\"\" width=\"1000\" height=\"598\" srcset=\"https:\/\/www.bellunopress.it\/wp-content\/uploads\/2024\/03\/Amministrazione-comunale-Alpago-dirigenza-e-staff-di-Veneto-Lavoro-e-rappresentanti-associazioni-di-categoria-municipio-di-Farra.jpg 1000w, https:\/\/www.bellunopress.it\/wp-content\/uploads\/2024\/03\/Amministrazione-comunale-Alpago-dirigenza-e-staff-di-Veneto-Lavoro-e-rappresentanti-associazioni-di-categoria-municipio-di-Farra-500x299.jpg 500w, https:\/\/www.bellunopress.it\/wp-content\/uploads\/2024\/03\/Amministrazione-comunale-Alpago-dirigenza-e-staff-di-Veneto-Lavoro-e-rappresentanti-associazioni-di-categoria-municipio-di-Farra-702x420.jpg 702w, https:\/\/www.bellunopress.it\/wp-content\/uploads\/2024\/03\/Amministrazione-comunale-Alpago-dirigenza-e-staff-di-Veneto-Lavoro-e-rappresentanti-associazioni-di-categoria-municipio-di-Farra-696x416.jpg 696w\" sizes=\"auto, (max-width: 1000px) 100vw, 1000px\" \/><figcaption id=\"caption-attachment-149509\" class=\"wp-caption-text\">Da sx Luca Sartorato presidente di Federsolidariet\u00e0 Belluno, Marta Poletti di APPIA CNA, Andrea Gnesin di Confindustra Belluno Dolomiti Responsabile Area Risorse Umane e Relazioni Industriali, Fabio Costa Direttore CPI Belluno, Michele Pellegrini referente per Belluno di Legacoop, Francesca Chierzi di Veneto Lavoro, Raffaella Bordin Dirigente Ambito Belluno Treviso di Veneto Lavoro, Alberto Peterle Sindaco di Alpago, Marina Zopp\u00e8 Vicesindaco di Alpago, Lucia Della Libera Assessore del Comune di Tambre, una dipendente Veneto Lavoro.<\/figcaption><\/figure>\n<p><em>Il servizio, frutto di una convenzione tra Amministrazione Comunale e Veneto Lavoro e gestito con personale qualificato del Centro per l\u2019Impiego di Belluno, consentir\u00e0 ai cittadini residenti in Alpago e alle imprese di ricevere informazioni e servizi di orientamento e accompagnamento al lavoro direttamente presso gli uffici della sede municipale<\/em><\/p>\n<p>Alpago, 27 marzo 2024 &#8211;\u00a0\u00c8 stato inaugurato ieri mattina nella sede municipale di Farra d\u2019Alpago (BL) il nuovo \u201crecapito\u201d di Veneto Lavoro, un ufficio gestito da personale qualificato che consente di accedere a tutti i servizi erogati dai Centri per l\u2019impiego del Veneto.<\/p>\n<p>Il servizio, attivato nell\u2019ambito di una convenzione sottoscritta con l\u2019Amministrazione comunale di Alpago, consentir\u00e0 ai cittadini residenti nel territorio e nei Comuni limitrofi di Chies d\u2019Alpago e Tambre di ricevere informazioni e servizi di orientamento e accompagnamento al lavoro direttamente presso gli uffici comunali di Via Matteotti 2\/C, senza doversi necessariamente recare al Centro per l\u2019impiego di Belluno territorialmente competente.<\/p>\n<p>Secondo quanto previsto dalla convenzione, gli spazi sono concessi, a titolo gratuito, dal Comune, mentre Veneto Lavoro si occuper\u00e0 della gestione del servizio mettendo a disposizione operatori qualificati per lo svolgimento delle attivit\u00e0 previste nei confronti di persone e imprese. I cittadini potranno svolgere colloqui individuali, stipulare patti di servizio personalizzati, ricevere servizi di orientamento professionale, candidarsi alle offerte di lavoro disponibili sul territorio e ottenere voucher formativi, mentre le imprese riceveranno supporto nel reclutamento di personale, nell\u2019adempimento degli obblighi previsti in materia di collocamento mirato delle persone con disabilit\u00e0 e nell\u2019attivazione di tirocini.<\/p>\n<p>Il servizio \u00e8 gestito dagli operatori del Centro per l\u2019impiego di Belluno e si rivolge a una platea potenziale di oltre 5.700 persone in et\u00e0 lavorativa (15-64 anni) residenti nei tre comuni interessati, di cui circa 430 risultano gi\u00e0 in carico ai servizi pubblici per l\u2019impiego. Nel solo 2023 i cittadini del territorio entrati in disoccupazione sono stati 215, tra cui molte donne. Il servizio \u00e8 dedicato inoltre a un tessuto imprenditoriale che conta circa 1.600 aziende con sede operativa nei comuni di Alpago, Chies e Tambre, di cui pi\u00f9 di 350 hanno effettuato assunzioni nell\u2019ultimo biennio.<\/p>\n<p>Complessivamente, il Centro per l\u2019impiego di Belluno conta nei propri elenchi poco pi\u00f9 di 5.000 disoccupati con un patto di servizio attivo e solo nell\u2019ultimo anno ha gestito 4.650 appuntamenti, con 1.663 patti di servizio sottoscritti e 182 tirocini attivati. Circa il 60% dei candidati segnalati alle aziende alla ricerca di personale sono stati ritenuti idonei rispetto alla posizione ricercata e hanno ricevuto una proposta di assunzione.<\/p>\n<p>\u201cIl nostro obiettivo \u00e8 quello di essere sempre pi\u00f9 vicini ai cittadini e di garantire la massima prossimit\u00e0 dei servizi che offriamo, soprattutto agli utenti che sono costretti ad utilizzare i mezzi pubblici e che hanno maggiori difficolt\u00e0 a spostarsi sul territorio \u2013 ha dichiarato Raffaella Bordin, Dirigente di Veneto Lavoro per gli Ambiti territoriali di Belluno e Treviso \u2013 Per questo siamo felici di poter inaugurare questo nuovo servizio, che ci auguriamo possa risultare utile a tutti i cittadini, siano essi persone o aziende, che risiedono nei comuni di Alpago, Chies e Tambre, e che hanno bisogno di un supporto in ambito lavorativo. Al momento l\u2019ufficio sar\u00e0 aperto per due marted\u00ec al mese, ma non escludiamo di poter estendere i giorni di apertura nel caso se ne dovesse manifestare la necessit\u00e0 e l\u2019opportunit\u00e0, sempre in accordo con l\u2019Amministrazione comunale che ringrazio per la disponibilit\u00e0 e la collaborazione che ci ha sempre offerto\u201d.<\/p>\n<p>\u201cSono soddisfatto dell\u2019accordo raggiunto con Veneto Lavoro, poich\u00e9 un servizio importantissimo raggiunge il territorio \u2014 ha commentato il Sindaco Alberto Peterle \u2014 che viene riconosciuto come Area Interna e quindi bisognoso di attenzioni particolari e specifiche. In quest\u2019ottica, mettiamo volentieri a disposizione la sede municipale di Farra, dove potranno recarsi anche i cittadini di Chies d\u2019Alpago e Tambre. Il nuovo recapito del CPI \u00e8 strategico anche per servire le tante imprese che gravitano nella Conca, basti pensare che la Zona Industriale di Paludi \u00e8 la seconda pi\u00f9 estesa della Provincia. Per tutto questo ringrazio sinceramente Veneto Lavoro per la sensibilit\u00e0 e la disponibilit\u00e0 che ha dimostrato verso le esigenze del tessuto sociale ed economico del territorio che rappresento\u201d.<\/p>\n<p>Il nuovo ufficio di Veneto Lavoro sar\u00e0 attivo presso il Comune di Alpago il secondo e il quarto marted\u00ec del mese dalle ore 8:30 alle ore 12:30.<\/p>\n<p>Per informazioni e appuntamenti \u00e8 possibile contattare il Centro per l\u2019impiego di Belluno all\u2019indirizzo email cpi.belluno@venetolavoro.it o al numero unico 049 7448041.<\/p>","protected":false},"excerpt":{"rendered":"<p>Il servizio, frutto di una convenzione tra Amministrazione Comunale e Veneto Lavoro e gestito con personale qualificato del Centro per l\u2019Impiego di Belluno, consentir\u00e0 ai cittadini residenti in Alpago e alle imprese di ricevere informazioni e servizi di orientamento e accompagnamento al lavoro direttamente presso gli uffici della sede municipale Alpago, 27 marzo 2024 &#8211;\u00a0\u00c8 [&hellip;]<\/p>\n","protected":false},"author":2,"featured_media":149509,"comment_status":"closed","ping_status":"open","sticky":false,"template":"","format":"standard","meta":{"footnotes":""},"categories":[36],"tags":[],"class_list":["post-149508","post","type-post","status-publish","format-standard","has-post-thumbnail","category-lavoro-economia"],"yoast_head":"<!-- This site is optimized with the Yoast SEO plugin v28.4 - https:\/\/yoast.com\/product\/yoast-seo-wordpress\/ -->\n<title>Inaugurato in Alpago il nuovo ufficio del centro per l&#039;impiego - Bellunopress - Dolomiti<\/title>\n<meta name=\"robots\" content=\"index, follow, max-snippet:-1, max-image-preview:large, max-video-preview:-1\" \/>\n<link rel=\"canonical\" href=\"https:\/\/www.bellunopress.it\/fr\/2024\/03\/27\/inaugurato-in-alpago-il-nuovo-ufficio-del-centro-per-limpiego\/\" \/>\n<meta property=\"og:locale\" content=\"fr_FR\" \/>\n<meta property=\"og:type\" content=\"article\" \/>\n<meta property=\"og:title\" content=\"Inaugurato in Alpago il nuovo ufficio del centro per l&#039;impiego - Bellunopress - Dolomiti\" \/>\n<meta property=\"og:description\" content=\"Il servizio, frutto di una convenzione tra Amministrazione Comunale e Veneto Lavoro e gestito con personale qualificato del Centro per l\u2019Impiego di Belluno, consentir\u00e0 ai cittadini residenti in Alpago e alle imprese di ricevere informazioni e servizi di orientamento e accompagnamento al lavoro direttamente presso gli uffici della sede municipale Alpago, 27 marzo 2024 &#8211;\u00a0\u00c8 [&hellip;]\" \/>\n<meta property=\"og:url\" content=\"https:\/\/www.bellunopress.it\/fr\/2024\/03\/27\/inaugurato-in-alpago-il-nuovo-ufficio-del-centro-per-limpiego\/\" \/>\n<meta property=\"og:site_name\" content=\"Bellunopress - Dolomiti\" \/>\n<meta property=\"article:publisher\" content=\"https:\/\/www.facebook.com\/profile.php?id=100008943462799\" \/>\n<meta property=\"article:published_time\" content=\"2024-03-27T10:52:21+00:00\" \/>\n<meta property=\"og:image\" content=\"https:\/\/www.bellunopress.it\/wp-content\/uploads\/2024\/03\/Amministrazione-comunale-Alpago-dirigenza-e-staff-di-Veneto-Lavoro-e-rappresentanti-associazioni-di-categoria-municipio-di-Farra.jpg\" \/>\n\t<meta property=\"og:image:width\" content=\"1000\" \/>\n\t<meta property=\"og:image:height\" content=\"598\" \/>\n\t<meta property=\"og:image:type\" content=\"image\/jpeg\" \/>\n<meta name=\"author\" content=\"redazione\" \/>\n<meta name=\"twitter:card\" content=\"summary_large_image\" \/>\n<meta name=\"twitter:creator\" content=\"@bellunopress\" \/>\n<meta name=\"twitter:site\" content=\"@bellunopress\" \/>\n<meta name=\"twitter:label1\" content=\"\u00c9crit par\" \/>\n\t<meta name=\"twitter:data1\" content=\"redazione\" \/>\n\t<meta name=\"twitter:label2\" content=\"Dur\u00e9e de lecture estim\u00e9e\" \/>\n\t<meta name=\"twitter:data2\" content=\"4 minutes\" \/>\n<script type=\"application\/ld+json\" class=\"yoast-schema-graph\">{\"@context\":\"https:\\\/\\\/schema.org\",\"@graph\":[{\"@type\":\"Article\",\"@id\":\"https:\\\/\\\/www.bellunopress.it\\\/2024\\\/03\\\/27\\\/inaugurato-in-alpago-il-nuovo-ufficio-del-centro-per-limpiego\\\/#article\",\"isPartOf\":{\"@id\":\"https:\\\/\\\/www.bellunopress.it\\\/2024\\\/03\\\/27\\\/inaugurato-in-alpago-il-nuovo-ufficio-del-centro-per-limpiego\\\/\"},\"author\":{\"name\":\"redazione\",\"@id\":\"https:\\\/\\\/www.bellunopress.it\\\/#\\\/schema\\\/person\\\/79bb06722b37ece1c03d3e94beb30d73\"},\"headline\":\"Inaugurato in Alpago il nuovo ufficio del centro per l&#8217;impiego\",\"datePublished\":\"2024-03-27T10:52:21+00:00\",\"mainEntityOfPage\":{\"@id\":\"https:\\\/\\\/www.bellunopress.it\\\/2024\\\/03\\\/27\\\/inaugurato-in-alpago-il-nuovo-ufficio-del-centro-per-limpiego\\\/\"},\"wordCount\":821,\"publisher\":{\"@id\":\"https:\\\/\\\/www.bellunopress.it\\\/#organization\"},\"image\":{\"@id\":\"https:\\\/\\\/www.bellunopress.it\\\/2024\\\/03\\\/27\\\/inaugurato-in-alpago-il-nuovo-ufficio-del-centro-per-limpiego\\\/#primaryimage\"},\"thumbnailUrl\":\"https:\\\/\\\/www.bellunopress.it\\\/wp-content\\\/uploads\\\/2024\\\/03\\\/Amministrazione-comunale-Alpago-dirigenza-e-staff-di-Veneto-Lavoro-e-rappresentanti-associazioni-di-categoria-municipio-di-Farra.jpg\",\"articleSection\":[\"Lavoro, Economia, Turismo\"],\"inLanguage\":\"fr-FR\"},{\"@type\":\"WebPage\",\"@id\":\"https:\\\/\\\/www.bellunopress.it\\\/2024\\\/03\\\/27\\\/inaugurato-in-alpago-il-nuovo-ufficio-del-centro-per-limpiego\\\/\",\"url\":\"https:\\\/\\\/www.bellunopress.it\\\/2024\\\/03\\\/27\\\/inaugurato-in-alpago-il-nuovo-ufficio-del-centro-per-limpiego\\\/\",\"name\":\"Inaugurato in Alpago il nuovo ufficio del centro per l'impiego - Bellunopress - Dolomiti\",\"isPartOf\":{\"@id\":\"https:\\\/\\\/www.bellunopress.it\\\/#website\"},\"primaryImageOfPage\":{\"@id\":\"https:\\\/\\\/www.bellunopress.it\\\/2024\\\/03\\\/27\\\/inaugurato-in-alpago-il-nuovo-ufficio-del-centro-per-limpiego\\\/#primaryimage\"},\"image\":{\"@id\":\"https:\\\/\\\/www.bellunopress.it\\\/2024\\\/03\\\/27\\\/inaugurato-in-alpago-il-nuovo-ufficio-del-centro-per-limpiego\\\/#primaryimage\"},\"thumbnailUrl\":\"https:\\\/\\\/www.bellunopress.it\\\/wp-content\\\/uploads\\\/2024\\\/03\\\/Amministrazione-comunale-Alpago-dirigenza-e-staff-di-Veneto-Lavoro-e-rappresentanti-associazioni-di-categoria-municipio-di-Farra.jpg\",\"datePublished\":\"2024-03-27T10:52:21+00:00\",\"breadcrumb\":{\"@id\":\"https:\\\/\\\/www.bellunopress.it\\\/2024\\\/03\\\/27\\\/inaugurato-in-alpago-il-nuovo-ufficio-del-centro-per-limpiego\\\/#breadcrumb\"},\"inLanguage\":\"fr-FR\",\"potentialAction\":[{\"@type\":\"ReadAction\",\"target\":[\"https:\\\/\\\/www.bellunopress.it\\\/2024\\\/03\\\/27\\\/inaugurato-in-alpago-il-nuovo-ufficio-del-centro-per-limpiego\\\/\"]}]},{\"@type\":\"ImageObject\",\"inLanguage\":\"fr-FR\",\"@id\":\"https:\\\/\\\/www.bellunopress.it\\\/2024\\\/03\\\/27\\\/inaugurato-in-alpago-il-nuovo-ufficio-del-centro-per-limpiego\\\/#primaryimage\",\"url\":\"https:\\\/\\\/www.bellunopress.it\\\/wp-content\\\/uploads\\\/2024\\\/03\\\/Amministrazione-comunale-Alpago-dirigenza-e-staff-di-Veneto-Lavoro-e-rappresentanti-associazioni-di-categoria-municipio-di-Farra.jpg\",\"contentUrl\":\"https:\\\/\\\/www.bellunopress.it\\\/wp-content\\\/uploads\\\/2024\\\/03\\\/Amministrazione-comunale-Alpago-dirigenza-e-staff-di-Veneto-Lavoro-e-rappresentanti-associazioni-di-categoria-municipio-di-Farra.jpg\",\"width\":1000,\"height\":598,\"caption\":\"Da sx Luca Sartorato presidente di Federsolidariet\u00e0 Belluno, Marta Poletti di APPIA CNA, Andrea Gnesin di Confindustra Belluno Dolomiti Responsabile Area Risorse Umane e Relazioni Industriali, Fabio Costa Direttore CPI Belluno, Michele Pellegrini referente per Belluno di Legacoop, Francesca Chierzi di Veneto Lavoro, Raffaella Bordin Dirigente Ambito Belluno Treviso di Veneto Lavoro, Alberto Peterle Sindaco di Alpago, Marina Zopp\u00e8 Vicesindaco di Alpago, Lucia Della Libera Assessore del Comune di Tambre, una dipendente Veneto Lavoro.\"},{\"@type\":\"BreadcrumbList\",\"@id\":\"https:\\\/\\\/www.bellunopress.it\\\/2024\\\/03\\\/27\\\/inaugurato-in-alpago-il-nuovo-ufficio-del-centro-per-limpiego\\\/#breadcrumb\",\"itemListElement\":[{\"@type\":\"ListItem\",\"position\":1,\"name\":\"Home\",\"item\":\"https:\\\/\\\/www.bellunopress.it\\\/\"},{\"@type\":\"ListItem\",\"position\":2,\"name\":\"Inaugurato in Alpago il nuovo ufficio del centro per l&#8217;impiego\"}]},{\"@type\":\"WebSite\",\"@id\":\"https:\\\/\\\/www.bellunopress.it\\\/#website\",\"url\":\"https:\\\/\\\/www.bellunopress.it\\\/\",\"name\":\"Bellunopress - Dolomiti\",\"description\":\"e-mail: redazione@bellunopress.it\",\"publisher\":{\"@id\":\"https:\\\/\\\/www.bellunopress.it\\\/#organization\"},\"potentialAction\":[{\"@type\":\"SearchAction\",\"target\":{\"@type\":\"EntryPoint\",\"urlTemplate\":\"https:\\\/\\\/www.bellunopress.it\\\/?s={search_term_string}\"},\"query-input\":{\"@type\":\"PropertyValueSpecification\",\"valueRequired\":true,\"valueName\":\"search_term_string\"}}],\"inLanguage\":\"fr-FR\"},{\"@type\":\"Organization\",\"@id\":\"https:\\\/\\\/www.bellunopress.it\\\/#organization\",\"name\":\"Bellunopress\",\"url\":\"https:\\\/\\\/www.bellunopress.it\\\/\",\"logo\":{\"@type\":\"ImageObject\",\"inLanguage\":\"fr-FR\",\"@id\":\"https:\\\/\\\/www.bellunopress.it\\\/#\\\/schema\\\/logo\\\/image\\\/\",\"url\":\"https:\\\/\\\/www.bellunopress.it\\\/wp-content\\\/uploads\\\/2011\\\/05\\\/cropped-logo-bellunopress-.jpg\",\"contentUrl\":\"https:\\\/\\\/www.bellunopress.it\\\/wp-content\\\/uploads\\\/2011\\\/05\\\/cropped-logo-bellunopress-.jpg\",\"width\":512,\"height\":512,\"caption\":\"Bellunopress\"},\"image\":{\"@id\":\"https:\\\/\\\/www.bellunopress.it\\\/#\\\/schema\\\/logo\\\/image\\\/\"},\"sameAs\":[\"https:\\\/\\\/www.facebook.com\\\/profile.php?id=100008943462799\",\"https:\\\/\\\/x.com\\\/bellunopress\",\"https:\\\/\\\/www.linkedin.com\\\/hp\\\/?dnr=JBzUWaJfMUw8vbXJJ2tVW5-I3jZKvC4wsoxE&amp;amp;amp;amp;amp;amp;trk=nav_responsive_tab_home\",\"https:\\\/\\\/www.youtube.com\\\/channel\\\/UCxL0wu1uN0_3_7hGG0306cw\"]},{\"@type\":\"Person\",\"@id\":\"https:\\\/\\\/www.bellunopress.it\\\/#\\\/schema\\\/person\\\/79bb06722b37ece1c03d3e94beb30d73\",\"name\":\"redazione\",\"image\":{\"@type\":\"ImageObject\",\"inLanguage\":\"fr-FR\",\"@id\":\"https:\\\/\\\/secure.gravatar.com\\\/avatar\\\/37d968a2e67a6fd04c169c4bdef102d0bc5d31b2546345219e348575eb80e9a0?s=96&d=mm&r=g\",\"url\":\"https:\\\/\\\/secure.gravatar.com\\\/avatar\\\/37d968a2e67a6fd04c169c4bdef102d0bc5d31b2546345219e348575eb80e9a0?s=96&d=mm&r=g\",\"contentUrl\":\"https:\\\/\\\/secure.gravatar.com\\\/avatar\\\/37d968a2e67a6fd04c169c4bdef102d0bc5d31b2546345219e348575eb80e9a0?s=96&d=mm&r=g\",\"caption\":\"redazione\"},\"sameAs\":[\"http:\\\/\\\/www.bellunopress.it\",\"https:\\\/\\\/x.com\\\/bellunopress\"],\"url\":\"https:\\\/\\\/www.bellunopress.it\\\/fr\\\/author\\\/redazione\\\/\"}]}<\/script>\n<!-- \/ Yoast SEO plugin. -->","yoast_head_json":{"title":"Inaugurato in Alpago il nuovo ufficio del centro per l'impiego - Bellunopress - Dolomiti","robots":{"index":"index","follow":"follow","max-snippet":"max-snippet:-1","max-image-preview":"max-image-preview:large","max-video-preview":"max-video-preview:-1"},"canonical":"https:\/\/www.bellunopress.it\/fr\/2024\/03\/27\/inaugurato-in-alpago-il-nuovo-ufficio-del-centro-per-limpiego\/","og_locale":"fr_FR","og_type":"article","og_title":"Inaugurato in Alpago il nuovo ufficio del centro per l'impiego - Bellunopress - Dolomiti","og_description":"Il servizio, frutto di una convenzione tra Amministrazione Comunale e Veneto Lavoro e gestito con personale qualificato del Centro per l\u2019Impiego di Belluno, consentir\u00e0 ai cittadini residenti in Alpago e alle imprese di ricevere informazioni e servizi di orientamento e accompagnamento al lavoro direttamente presso gli uffici della sede municipale Alpago, 27 marzo 2024 &#8211;\u00a0\u00c8 [&hellip;]","og_url":"https:\/\/www.bellunopress.it\/fr\/2024\/03\/27\/inaugurato-in-alpago-il-nuovo-ufficio-del-centro-per-limpiego\/","og_site_name":"Bellunopress - Dolomiti","article_publisher":"https:\/\/www.facebook.com\/profile.php?id=100008943462799","article_published_time":"2024-03-27T10:52:21+00:00","og_image":[{"width":1000,"height":598,"url":"https:\/\/www.bellunopress.it\/wp-content\/uploads\/2024\/03\/Amministrazione-comunale-Alpago-dirigenza-e-staff-di-Veneto-Lavoro-e-rappresentanti-associazioni-di-categoria-municipio-di-Farra.jpg","type":"image\/jpeg"}],"author":"redazione","twitter_card":"summary_large_image","twitter_creator":"@bellunopress","twitter_site":"@bellunopress","twitter_misc":{"\u00c9crit par":"redazione","Dur\u00e9e de lecture estim\u00e9e":"4 minutes"},"schema":{"@context":"https:\/\/schema.org","@graph":[{"@type":"Article","@id":"https:\/\/www.bellunopress.it\/2024\/03\/27\/inaugurato-in-alpago-il-nuovo-ufficio-del-centro-per-limpiego\/#article","isPartOf":{"@id":"https:\/\/www.bellunopress.it\/2024\/03\/27\/inaugurato-in-alpago-il-nuovo-ufficio-del-centro-per-limpiego\/"},"author":{"name":"redazione","@id":"https:\/\/www.bellunopress.it\/#\/schema\/person\/79bb06722b37ece1c03d3e94beb30d73"},"headline":"Inaugurato in Alpago il nuovo ufficio del centro per l&#8217;impiego","datePublished":"2024-03-27T10:52:21+00:00","mainEntityOfPage":{"@id":"https:\/\/www.bellunopress.it\/2024\/03\/27\/inaugurato-in-alpago-il-nuovo-ufficio-del-centro-per-limpiego\/"},"wordCount":821,"publisher":{"@id":"https:\/\/www.bellunopress.it\/#organization"},"image":{"@id":"https:\/\/www.bellunopress.it\/2024\/03\/27\/inaugurato-in-alpago-il-nuovo-ufficio-del-centro-per-limpiego\/#primaryimage"},"thumbnailUrl":"https:\/\/www.bellunopress.it\/wp-content\/uploads\/2024\/03\/Amministrazione-comunale-Alpago-dirigenza-e-staff-di-Veneto-Lavoro-e-rappresentanti-associazioni-di-categoria-municipio-di-Farra.jpg","articleSection":["Lavoro, Economia, Turismo"],"inLanguage":"fr-FR"},{"@type":"WebPage","@id":"https:\/\/www.bellunopress.it\/2024\/03\/27\/inaugurato-in-alpago-il-nuovo-ufficio-del-centro-per-limpiego\/","url":"https:\/\/www.bellunopress.it\/2024\/03\/27\/inaugurato-in-alpago-il-nuovo-ufficio-del-centro-per-limpiego\/","name":"Inaugurato in Alpago il nuovo ufficio del centro per l'impiego - Bellunopress - Dolomiti","isPartOf":{"@id":"https:\/\/www.bellunopress.it\/#website"},"primaryImageOfPage":{"@id":"https:\/\/www.bellunopress.it\/2024\/03\/27\/inaugurato-in-alpago-il-nuovo-ufficio-del-centro-per-limpiego\/#primaryimage"},"image":{"@id":"https:\/\/www.bellunopress.it\/2024\/03\/27\/inaugurato-in-alpago-il-nuovo-ufficio-del-centro-per-limpiego\/#primaryimage"},"thumbnailUrl":"https:\/\/www.bellunopress.it\/wp-content\/uploads\/2024\/03\/Amministrazione-comunale-Alpago-dirigenza-e-staff-di-Veneto-Lavoro-e-rappresentanti-associazioni-di-categoria-municipio-di-Farra.jpg","datePublished":"2024-03-27T10:52:21+00:00","breadcrumb":{"@id":"https:\/\/www.bellunopress.it\/2024\/03\/27\/inaugurato-in-alpago-il-nuovo-ufficio-del-centro-per-limpiego\/#breadcrumb"},"inLanguage":"fr-FR","potentialAction":[{"@type":"ReadAction","target":["https:\/\/www.bellunopress.it\/2024\/03\/27\/inaugurato-in-alpago-il-nuovo-ufficio-del-centro-per-limpiego\/"]}]},{"@type":"ImageObject","inLanguage":"fr-FR","@id":"https:\/\/www.bellunopress.it\/2024\/03\/27\/inaugurato-in-alpago-il-nuovo-ufficio-del-centro-per-limpiego\/#primaryimage","url":"https:\/\/www.bellunopress.it\/wp-content\/uploads\/2024\/03\/Amministrazione-comunale-Alpago-dirigenza-e-staff-di-Veneto-Lavoro-e-rappresentanti-associazioni-di-categoria-municipio-di-Farra.jpg","contentUrl":"https:\/\/www.bellunopress.it\/wp-content\/uploads\/2024\/03\/Amministrazione-comunale-Alpago-dirigenza-e-staff-di-Veneto-Lavoro-e-rappresentanti-associazioni-di-categoria-municipio-di-Farra.jpg","width":1000,"height":598,"caption":"Da sx Luca Sartorato presidente di Federsolidariet\u00e0 Belluno, Marta Poletti di APPIA CNA, Andrea Gnesin di Confindustra Belluno Dolomiti Responsabile Area Risorse Umane e Relazioni Industriali, Fabio Costa Direttore CPI Belluno, Michele Pellegrini referente per Belluno di Legacoop, Francesca Chierzi di Veneto Lavoro, Raffaella Bordin Dirigente Ambito Belluno Treviso di Veneto Lavoro, Alberto Peterle Sindaco di Alpago, Marina Zopp\u00e8 Vicesindaco di Alpago, Lucia Della Libera Assessore del Comune di Tambre, una dipendente Veneto Lavoro."},{"@type":"BreadcrumbList","@id":"https:\/\/www.bellunopress.it\/2024\/03\/27\/inaugurato-in-alpago-il-nuovo-ufficio-del-centro-per-limpiego\/#breadcrumb","itemListElement":[{"@type":"ListItem","position":1,"name":"Home","item":"https:\/\/www.bellunopress.it\/"},{"@type":"ListItem","position":2,"name":"Inaugurato in Alpago il nuovo ufficio del centro per l&#8217;impiego"}]},{"@type":"WebSite","@id":"https:\/\/www.bellunopress.it\/#website","url":"https:\/\/www.bellunopress.it\/","name":"Bellunopress - Dolomiti","description":"e-mail: redazione@bellunopress.it","publisher":{"@id":"https:\/\/www.bellunopress.it\/#organization"},"potentialAction":[{"@type":"SearchAction","target":{"@type":"EntryPoint","urlTemplate":"https:\/\/www.bellunopress.it\/?s={search_term_string}"},"query-input":{"@type":"PropertyValueSpecification","valueRequired":true,"valueName":"search_term_string"}}],"inLanguage":"fr-FR"},{"@type":"Organization","@id":"https:\/\/www.bellunopress.it\/#organization","name":"Bellunopress","url":"https:\/\/www.bellunopress.it\/","logo":{"@type":"ImageObject","inLanguage":"fr-FR","@id":"https:\/\/www.bellunopress.it\/#\/schema\/logo\/image\/","url":"https:\/\/www.bellunopress.it\/wp-content\/uploads\/2011\/05\/cropped-logo-bellunopress-.jpg","contentUrl":"https:\/\/www.bellunopress.it\/wp-content\/uploads\/2011\/05\/cropped-logo-bellunopress-.jpg","width":512,"height":512,"caption":"Bellunopress"},"image":{"@id":"https:\/\/www.bellunopress.it\/#\/schema\/logo\/image\/"},"sameAs":["https:\/\/www.facebook.com\/profile.php?id=100008943462799","https:\/\/x.com\/bellunopress","https:\/\/www.linkedin.com\/hp\/?dnr=JBzUWaJfMUw8vbXJJ2tVW5-I3jZKvC4wsoxE&amp;amp;amp;amp;amp;amp;trk=nav_responsive_tab_home","https:\/\/www.youtube.com\/channel\/UCxL0wu1uN0_3_7hGG0306cw"]},{"@type":"Person","@id":"https:\/\/www.bellunopress.it\/#\/schema\/person\/79bb06722b37ece1c03d3e94beb30d73","name":"r\u00e9daction","image":{"@type":"ImageObject","inLanguage":"fr-FR","@id":"https:\/\/secure.gravatar.com\/avatar\/37d968a2e67a6fd04c169c4bdef102d0bc5d31b2546345219e348575eb80e9a0?s=96&d=mm&r=g","url":"https:\/\/secure.gravatar.com\/avatar\/37d968a2e67a6fd04c169c4bdef102d0bc5d31b2546345219e348575eb80e9a0?s=96&d=mm&r=g","contentUrl":"https:\/\/secure.gravatar.com\/avatar\/37d968a2e67a6fd04c169c4bdef102d0bc5d31b2546345219e348575eb80e9a0?s=96&d=mm&r=g","caption":"redazione"},"sameAs":["http:\/\/www.bellunopress.it","https:\/\/x.com\/bellunopress"],"url":"https:\/\/www.bellunopress.it\/fr\/author\/redazione\/"}]}},"_links":{"self":[{"href":"https:\/\/www.bellunopress.it\/fr\/wp-json\/wp\/v2\/posts\/149508","targetHints":{"allow":["GET"]}}],"collection":[{"href":"https:\/\/www.bellunopress.it\/fr\/wp-json\/wp\/v2\/posts"}],"about":[{"href":"https:\/\/www.bellunopress.it\/fr\/wp-json\/wp\/v2\/types\/post"}],"author":[{"embeddable":true,"href":"https:\/\/www.bellunopress.it\/fr\/wp-json\/wp\/v2\/users\/2"}],"replies":[{"embeddable":true,"href":"https:\/\/www.bellunopress.it\/fr\/wp-json\/wp\/v2\/comments?post=149508"}],"version-history":[{"count":1,"href":"https:\/\/www.bellunopress.it\/fr\/wp-json\/wp\/v2\/posts\/149508\/revisions"}],"predecessor-version":[{"id":149510,"href":"https:\/\/www.bellunopress.it\/fr\/wp-json\/wp\/v2\/posts\/149508\/revisions\/149510"}],"wp:featuredmedia":[{"embeddable":true,"href":"https:\/\/www.bellunopress.it\/fr\/wp-json\/wp\/v2\/media\/149509"}],"wp:attachment":[{"href":"https:\/\/www.bellunopress.it\/fr\/wp-json\/wp\/v2\/media?parent=149508"}],"wp:term":[{"taxonomy":"category","embeddable":true,"href":"https:\/\/www.bellunopress.it\/fr\/wp-json\/wp\/v2\/categories?post=149508"},{"taxonomy":"post_tag","embeddable":true,"href":"https:\/\/www.bellunopress.it\/fr\/wp-json\/wp\/v2\/tags?post=149508"}],"curies":[{"name":"wp","href":"https:\/\/api.w.org\/{rel}","templated":true}]}}