{"id":149504,"date":"2024-03-27T06:08:19","date_gmt":"2024-03-27T05:08:19","guid":{"rendered":"https:\/\/www.bellunopress.it\/?p=149504"},"modified":"2024-03-27T06:08:19","modified_gmt":"2024-03-27T05:08:19","slug":"ordine-dei-medici-no-alla-proposta-di-legge-un-cuore-che-batte-crudelta-gratuita-verso-la-donna","status":"publish","type":"post","link":"https:\/\/www.bellunopress.it\/fr\/2024\/03\/27\/ordine-dei-medici-no-alla-proposta-di-legge-un-cuore-che-batte-crudelta-gratuita-verso-la-donna\/","title":{"rendered":"Ordine dei medici: No alla proposta di legge Un cuore che batte &#8220;crudelt\u00e0 gratuita verso la donna&#8221;"},"content":{"rendered":"<p><img loading=\"lazy\" decoding=\"async\" class=\"alignleft size-full wp-image-149505\" src=\"https:\/\/www.bellunopress.it\/wp-content\/uploads\/2024\/03\/ordine-dei-medici-belluno_edited.jpg\" alt=\"\" width=\"546\" height=\"277\" srcset=\"https:\/\/www.bellunopress.it\/wp-content\/uploads\/2024\/03\/ordine-dei-medici-belluno_edited.jpg 546w, https:\/\/www.bellunopress.it\/wp-content\/uploads\/2024\/03\/ordine-dei-medici-belluno_edited-500x254.jpg 500w\" sizes=\"auto, (max-width: 546px) 100vw, 546px\" \/> <img loading=\"lazy\" decoding=\"async\" class=\"alignleft size-full wp-image-149506\" src=\"https:\/\/www.bellunopress.it\/wp-content\/uploads\/2024\/03\/Ordine-dei-medici-Federazione-Nazionale_edited.jpg\" alt=\"\" width=\"355\" height=\"247\" \/>E\u2019 stato reso noto (Avvenire 23\/2\/2024) che sar\u00e0 discusso dalle Commissioni riunite<br \/>\ndi Giustizia e Affari Sociali il progetto di iniziativa popolare \u201cun cuore che batte\u201d (G.U. 114 del 17\/5\/2023), che vorrebbe introdurre nella L.194\/1978 sulla Interruzione Volontaria di Gravidanza (IVG) l&#8217;obbligo per il medico di far vedere la morfologia del nascituro alla donna che chiede la IVG e di farle ascoltarne il battito del muscolo cardiaco.<\/p>\n<p>La proposta prevede l\u2019introduzione all\u2019art.14 della L.194\/1978, del comma 1 bis che recita:<br \/>\n\u00abIl medico che effettua la visita che precede l\u2019interruzione volontaria di gravidanza ai sensi della presente legge \u00e8 obbligato a far vedere, tramite esami strumentali, alla donna intenzionata ad abortire, il nascituro che porta nel grembo e a farle ascoltare il battito cardiaco dello stesso\u00bb.<br \/>\nA raccogliere le oltre 100 mila firme \u00e8 stata una rete di 14 associazioni impegnate per la<br \/>\ndifesa e la promozione della vita umana, tra le quali Pro Vita &amp; Famiglia, Comitato Verit\u00e0 e Vita, Movimento Militia Christi, Generazione Voglio Vivere, Movimento Nazionale rete dei patrioti, ecc.<\/p>\n<p>Una proposta cos\u00ec congegnata, imponendo al medico l\u2019obbligo di far vedere alla donna la<br \/>\nmorfologia del feto e di ascoltarne l\u2019attivit\u00e0 del muscolo cardiaco prima dell&#8217;intervento di IVG, comporta a nostro avviso la palese violazione del codice di deontologia medica in ben quattro diversi articoli (4, 6, 13 e 16) che si riportano in calce e che attestano l\u2019autonomia professionale del Medico in ambito di prescrizione e gli proibiscono di prescrivere ed eseguire indagini o trattamenti la cui indicazione non abbia fondamento scientifico e motivazione clinica.<\/p>\n<p>A ci\u00f2 aggiungiamo la convinzione che, una volta intrapreso un percorso di impatto emotivo<br \/>\ne psicologico traumatico come la IVG, ci\u00f2 che la proposta di legge propone rappresenti un aggravio di inutile sofferenza, al limite della crudelt\u00e0 gratuita, nei confronti della donna.<br \/>\nDoveroso \u00e8 anche far presente il potenziale danno che potrebbe ricevere il feto a seguito<br \/>\ndella pratica che la PdL vorrebbe imporre. L\u2019unico modo per auscultare il battito cardiaco fetale nel primo trimestre di gravidanza, periodo a cui si riferisce la proposta, \u00e8 l\u2019utilizzo degli ultrasuoni sfruttando l\u2019effetto Doppler: \u00e8 ben documentato che gli ultrasuoni in generale, ed il Doppler in particolare, se immessi nei tessuti (in questo caso nel muscolo cardiaco fetale), determinano un aumento della temperatura che potrebbe danneggiare l\u2019organo nella sua delicata fase di formazione, in cui vi \u00e8 un flusso sanguigno molto limitato che non riesce a disperdere calore facilmente.<br \/>\nPer questo motivo, l\u2019uso di Doppler e ultrasuoni per sentire il battito cardiaco \u00e8 sconsigliato<br \/>\nnel primo trimestre di gravidanza da societ\u00e0 scientifiche tra cui l\u2019AIUM, American Institute of Ultrasound in Medicine, e l\u2019ISUOG, International Society of Ultrasound in Obstetrics &amp; Gynecology.<br \/>\nEntrambe raccomandano di utilizzare con estrema prudenza ed accertate competenze questa metodica prima delle 10 settimane di et\u00e0 gestazionale. Pi\u00f9 in generale, il Royal College of Obstetricians and and Gynaecologists afferma che vi devono essere valide ragioni mediche per fare una o pi\u00f9 ecografie prima delle 10 settimane, per esempio dopo una fecondazione assistita, se ci sono storie precedenti di aborto o minacce, se si sospetta una gravidanza extrauterina.<\/p>\n<p>Per le motivazioni su espresse sia di carattere etico, che deontologico, che scientifico,<br \/>\nriteniamo doveroso, come OMCeO di Belluno, esprimere la nostra piena contrariet\u00e0 a questa proposta, che imporrebbe alla comunit\u00e0 professionale medica comportamenti inaccettabili, in quanto scorretti sia eticamente che deontologicamente che scientificamente.<\/p>","protected":false},"excerpt":{"rendered":"<p>E\u2019 stato reso noto (Avvenire 23\/2\/2024) che sar\u00e0 discusso dalle Commissioni riunite di Giustizia e Affari Sociali il progetto di iniziativa popolare \u201cun cuore che batte\u201d (G.U. 114 del 17\/5\/2023), che vorrebbe introdurre nella L.194\/1978 sulla Interruzione Volontaria di Gravidanza (IVG) l&#8217;obbligo per il medico di far vedere la morfologia del nascituro alla donna che [&hellip;]<\/p>\n","protected":false},"author":2,"featured_media":149505,"comment_status":"closed","ping_status":"open","sticky":false,"template":"","format":"standard","meta":{"footnotes":""},"categories":[26,17,8],"tags":[],"class_list":["post-149504","post","type-post","status-publish","format-standard","has-post-thumbnail","category-prima-pagina","category-sanita","category-societa-istituzioni"],"yoast_head":"<!-- This site is optimized with the Yoast SEO plugin v28.4 - https:\/\/yoast.com\/product\/yoast-seo-wordpress\/ -->\n<title>Ordine dei medici: No alla proposta di legge Un cuore che batte &quot;crudelt\u00e0 gratuita verso la donna&quot; - Bellunopress - Dolomiti<\/title>\n<meta name=\"robots\" content=\"index, follow, max-snippet:-1, max-image-preview:large, max-video-preview:-1\" \/>\n<link rel=\"canonical\" href=\"https:\/\/www.bellunopress.it\/fr\/2024\/03\/27\/ordine-dei-medici-no-alla-proposta-di-legge-un-cuore-che-batte-crudelta-gratuita-verso-la-donna\/\" \/>\n<meta property=\"og:locale\" content=\"fr_FR\" \/>\n<meta property=\"og:type\" content=\"article\" \/>\n<meta property=\"og:title\" content=\"Ordine dei medici: No alla proposta di legge Un cuore che batte &quot;crudelt\u00e0 gratuita verso la donna&quot; - Bellunopress - Dolomiti\" \/>\n<meta property=\"og:description\" content=\"E\u2019 stato reso noto (Avvenire 23\/2\/2024) che sar\u00e0 discusso dalle Commissioni riunite di Giustizia e Affari Sociali il progetto di iniziativa popolare \u201cun cuore che batte\u201d (G.U. 114 del 17\/5\/2023), che vorrebbe introdurre nella L.194\/1978 sulla Interruzione Volontaria di Gravidanza (IVG) l&#8217;obbligo per il medico di far vedere la morfologia del nascituro alla donna che [&hellip;]\" \/>\n<meta property=\"og:url\" content=\"https:\/\/www.bellunopress.it\/fr\/2024\/03\/27\/ordine-dei-medici-no-alla-proposta-di-legge-un-cuore-che-batte-crudelta-gratuita-verso-la-donna\/\" \/>\n<meta property=\"og:site_name\" content=\"Bellunopress - Dolomiti\" \/>\n<meta property=\"article:publisher\" content=\"https:\/\/www.facebook.com\/profile.php?id=100008943462799\" \/>\n<meta property=\"article:published_time\" content=\"2024-03-27T05:08:19+00:00\" \/>\n<meta property=\"og:image\" content=\"https:\/\/www.bellunopress.it\/wp-content\/uploads\/2024\/03\/ordine-dei-medici-belluno_edited.jpg\" \/>\n\t<meta property=\"og:image:width\" content=\"546\" \/>\n\t<meta property=\"og:image:height\" content=\"277\" \/>\n\t<meta property=\"og:image:type\" content=\"image\/jpeg\" \/>\n<meta name=\"author\" content=\"redazione\" \/>\n<meta name=\"twitter:card\" content=\"summary_large_image\" \/>\n<meta name=\"twitter:creator\" content=\"@bellunopress\" \/>\n<meta name=\"twitter:site\" content=\"@bellunopress\" \/>\n<meta name=\"twitter:label1\" content=\"\u00c9crit par\" \/>\n\t<meta name=\"twitter:data1\" content=\"redazione\" \/>\n\t<meta name=\"twitter:label2\" content=\"Dur\u00e9e de lecture estim\u00e9e\" \/>\n\t<meta name=\"twitter:data2\" content=\"3 minutes\" \/>\n<script type=\"application\/ld+json\" class=\"yoast-schema-graph\">{\"@context\":\"https:\\\/\\\/schema.org\",\"@graph\":[{\"@type\":\"Article\",\"@id\":\"https:\\\/\\\/www.bellunopress.it\\\/2024\\\/03\\\/27\\\/ordine-dei-medici-no-alla-proposta-di-legge-un-cuore-che-batte-crudelta-gratuita-verso-la-donna\\\/#article\",\"isPartOf\":{\"@id\":\"https:\\\/\\\/www.bellunopress.it\\\/2024\\\/03\\\/27\\\/ordine-dei-medici-no-alla-proposta-di-legge-un-cuore-che-batte-crudelta-gratuita-verso-la-donna\\\/\"},\"author\":{\"name\":\"redazione\",\"@id\":\"https:\\\/\\\/www.bellunopress.it\\\/#\\\/schema\\\/person\\\/79bb06722b37ece1c03d3e94beb30d73\"},\"headline\":\"Ordine dei medici: No alla proposta di legge Un cuore che batte &#8220;crudelt\u00e0 gratuita verso la donna&#8221;\",\"datePublished\":\"2024-03-27T05:08:19+00:00\",\"mainEntityOfPage\":{\"@id\":\"https:\\\/\\\/www.bellunopress.it\\\/2024\\\/03\\\/27\\\/ordine-dei-medici-no-alla-proposta-di-legge-un-cuore-che-batte-crudelta-gratuita-verso-la-donna\\\/\"},\"wordCount\":573,\"publisher\":{\"@id\":\"https:\\\/\\\/www.bellunopress.it\\\/#organization\"},\"image\":{\"@id\":\"https:\\\/\\\/www.bellunopress.it\\\/2024\\\/03\\\/27\\\/ordine-dei-medici-no-alla-proposta-di-legge-un-cuore-che-batte-crudelta-gratuita-verso-la-donna\\\/#primaryimage\"},\"thumbnailUrl\":\"https:\\\/\\\/www.bellunopress.it\\\/wp-content\\\/uploads\\\/2024\\\/03\\\/ordine-dei-medici-belluno_edited.jpg\",\"articleSection\":[\"Prima Pagina\",\"Sanit\u00e0 Medicina\",\"Societ\u00e0, Associazioni, Istituzioni\"],\"inLanguage\":\"fr-FR\"},{\"@type\":\"WebPage\",\"@id\":\"https:\\\/\\\/www.bellunopress.it\\\/2024\\\/03\\\/27\\\/ordine-dei-medici-no-alla-proposta-di-legge-un-cuore-che-batte-crudelta-gratuita-verso-la-donna\\\/\",\"url\":\"https:\\\/\\\/www.bellunopress.it\\\/2024\\\/03\\\/27\\\/ordine-dei-medici-no-alla-proposta-di-legge-un-cuore-che-batte-crudelta-gratuita-verso-la-donna\\\/\",\"name\":\"Ordine dei medici: No alla proposta di legge Un cuore che batte \\\"crudelt\u00e0 gratuita verso la donna\\\" - Bellunopress - Dolomiti\",\"isPartOf\":{\"@id\":\"https:\\\/\\\/www.bellunopress.it\\\/#website\"},\"primaryImageOfPage\":{\"@id\":\"https:\\\/\\\/www.bellunopress.it\\\/2024\\\/03\\\/27\\\/ordine-dei-medici-no-alla-proposta-di-legge-un-cuore-che-batte-crudelta-gratuita-verso-la-donna\\\/#primaryimage\"},\"image\":{\"@id\":\"https:\\\/\\\/www.bellunopress.it\\\/2024\\\/03\\\/27\\\/ordine-dei-medici-no-alla-proposta-di-legge-un-cuore-che-batte-crudelta-gratuita-verso-la-donna\\\/#primaryimage\"},\"thumbnailUrl\":\"https:\\\/\\\/www.bellunopress.it\\\/wp-content\\\/uploads\\\/2024\\\/03\\\/ordine-dei-medici-belluno_edited.jpg\",\"datePublished\":\"2024-03-27T05:08:19+00:00\",\"breadcrumb\":{\"@id\":\"https:\\\/\\\/www.bellunopress.it\\\/2024\\\/03\\\/27\\\/ordine-dei-medici-no-alla-proposta-di-legge-un-cuore-che-batte-crudelta-gratuita-verso-la-donna\\\/#breadcrumb\"},\"inLanguage\":\"fr-FR\",\"potentialAction\":[{\"@type\":\"ReadAction\",\"target\":[\"https:\\\/\\\/www.bellunopress.it\\\/2024\\\/03\\\/27\\\/ordine-dei-medici-no-alla-proposta-di-legge-un-cuore-che-batte-crudelta-gratuita-verso-la-donna\\\/\"]}]},{\"@type\":\"ImageObject\",\"inLanguage\":\"fr-FR\",\"@id\":\"https:\\\/\\\/www.bellunopress.it\\\/2024\\\/03\\\/27\\\/ordine-dei-medici-no-alla-proposta-di-legge-un-cuore-che-batte-crudelta-gratuita-verso-la-donna\\\/#primaryimage\",\"url\":\"https:\\\/\\\/www.bellunopress.it\\\/wp-content\\\/uploads\\\/2024\\\/03\\\/ordine-dei-medici-belluno_edited.jpg\",\"contentUrl\":\"https:\\\/\\\/www.bellunopress.it\\\/wp-content\\\/uploads\\\/2024\\\/03\\\/ordine-dei-medici-belluno_edited.jpg\",\"width\":546,\"height\":277},{\"@type\":\"BreadcrumbList\",\"@id\":\"https:\\\/\\\/www.bellunopress.it\\\/2024\\\/03\\\/27\\\/ordine-dei-medici-no-alla-proposta-di-legge-un-cuore-che-batte-crudelta-gratuita-verso-la-donna\\\/#breadcrumb\",\"itemListElement\":[{\"@type\":\"ListItem\",\"position\":1,\"name\":\"Home\",\"item\":\"https:\\\/\\\/www.bellunopress.it\\\/\"},{\"@type\":\"ListItem\",\"position\":2,\"name\":\"Ordine dei medici: No alla proposta di legge Un cuore che batte &#8220;crudelt\u00e0 gratuita verso la donna&#8221;\"}]},{\"@type\":\"WebSite\",\"@id\":\"https:\\\/\\\/www.bellunopress.it\\\/#website\",\"url\":\"https:\\\/\\\/www.bellunopress.it\\\/\",\"name\":\"Bellunopress - Dolomiti\",\"description\":\"e-mail: redazione@bellunopress.it\",\"publisher\":{\"@id\":\"https:\\\/\\\/www.bellunopress.it\\\/#organization\"},\"potentialAction\":[{\"@type\":\"SearchAction\",\"target\":{\"@type\":\"EntryPoint\",\"urlTemplate\":\"https:\\\/\\\/www.bellunopress.it\\\/?s={search_term_string}\"},\"query-input\":{\"@type\":\"PropertyValueSpecification\",\"valueRequired\":true,\"valueName\":\"search_term_string\"}}],\"inLanguage\":\"fr-FR\"},{\"@type\":\"Organization\",\"@id\":\"https:\\\/\\\/www.bellunopress.it\\\/#organization\",\"name\":\"Bellunopress\",\"url\":\"https:\\\/\\\/www.bellunopress.it\\\/\",\"logo\":{\"@type\":\"ImageObject\",\"inLanguage\":\"fr-FR\",\"@id\":\"https:\\\/\\\/www.bellunopress.it\\\/#\\\/schema\\\/logo\\\/image\\\/\",\"url\":\"https:\\\/\\\/www.bellunopress.it\\\/wp-content\\\/uploads\\\/2011\\\/05\\\/cropped-logo-bellunopress-.jpg\",\"contentUrl\":\"https:\\\/\\\/www.bellunopress.it\\\/wp-content\\\/uploads\\\/2011\\\/05\\\/cropped-logo-bellunopress-.jpg\",\"width\":512,\"height\":512,\"caption\":\"Bellunopress\"},\"image\":{\"@id\":\"https:\\\/\\\/www.bellunopress.it\\\/#\\\/schema\\\/logo\\\/image\\\/\"},\"sameAs\":[\"https:\\\/\\\/www.facebook.com\\\/profile.php?id=100008943462799\",\"https:\\\/\\\/x.com\\\/bellunopress\",\"https:\\\/\\\/www.linkedin.com\\\/hp\\\/?dnr=JBzUWaJfMUw8vbXJJ2tVW5-I3jZKvC4wsoxE&amp;amp;amp;amp;amp;amp;trk=nav_responsive_tab_home\",\"https:\\\/\\\/www.youtube.com\\\/channel\\\/UCxL0wu1uN0_3_7hGG0306cw\"]},{\"@type\":\"Person\",\"@id\":\"https:\\\/\\\/www.bellunopress.it\\\/#\\\/schema\\\/person\\\/79bb06722b37ece1c03d3e94beb30d73\",\"name\":\"redazione\",\"image\":{\"@type\":\"ImageObject\",\"inLanguage\":\"fr-FR\",\"@id\":\"https:\\\/\\\/secure.gravatar.com\\\/avatar\\\/37d968a2e67a6fd04c169c4bdef102d0bc5d31b2546345219e348575eb80e9a0?s=96&d=mm&r=g\",\"url\":\"https:\\\/\\\/secure.gravatar.com\\\/avatar\\\/37d968a2e67a6fd04c169c4bdef102d0bc5d31b2546345219e348575eb80e9a0?s=96&d=mm&r=g\",\"contentUrl\":\"https:\\\/\\\/secure.gravatar.com\\\/avatar\\\/37d968a2e67a6fd04c169c4bdef102d0bc5d31b2546345219e348575eb80e9a0?s=96&d=mm&r=g\",\"caption\":\"redazione\"},\"sameAs\":[\"http:\\\/\\\/www.bellunopress.it\",\"https:\\\/\\\/x.com\\\/bellunopress\"],\"url\":\"https:\\\/\\\/www.bellunopress.it\\\/fr\\\/author\\\/redazione\\\/\"}]}<\/script>\n<!-- \/ Yoast SEO plugin. -->","yoast_head_json":{"title":"Ordine dei medici: No alla proposta di legge Un cuore che batte \"crudelt\u00e0 gratuita verso la donna\" - Bellunopress - Dolomiti","robots":{"index":"index","follow":"follow","max-snippet":"max-snippet:-1","max-image-preview":"max-image-preview:large","max-video-preview":"max-video-preview:-1"},"canonical":"https:\/\/www.bellunopress.it\/fr\/2024\/03\/27\/ordine-dei-medici-no-alla-proposta-di-legge-un-cuore-che-batte-crudelta-gratuita-verso-la-donna\/","og_locale":"fr_FR","og_type":"article","og_title":"Ordine dei medici: No alla proposta di legge Un cuore che batte \"crudelt\u00e0 gratuita verso la donna\" - Bellunopress - Dolomiti","og_description":"E\u2019 stato reso noto (Avvenire 23\/2\/2024) che sar\u00e0 discusso dalle Commissioni riunite di Giustizia e Affari Sociali il progetto di iniziativa popolare \u201cun cuore che batte\u201d (G.U. 114 del 17\/5\/2023), che vorrebbe introdurre nella L.194\/1978 sulla Interruzione Volontaria di Gravidanza (IVG) l&#8217;obbligo per il medico di far vedere la morfologia del nascituro alla donna che [&hellip;]","og_url":"https:\/\/www.bellunopress.it\/fr\/2024\/03\/27\/ordine-dei-medici-no-alla-proposta-di-legge-un-cuore-che-batte-crudelta-gratuita-verso-la-donna\/","og_site_name":"Bellunopress - Dolomiti","article_publisher":"https:\/\/www.facebook.com\/profile.php?id=100008943462799","article_published_time":"2024-03-27T05:08:19+00:00","og_image":[{"width":546,"height":277,"url":"https:\/\/www.bellunopress.it\/wp-content\/uploads\/2024\/03\/ordine-dei-medici-belluno_edited.jpg","type":"image\/jpeg"}],"author":"redazione","twitter_card":"summary_large_image","twitter_creator":"@bellunopress","twitter_site":"@bellunopress","twitter_misc":{"\u00c9crit par":"redazione","Dur\u00e9e de lecture estim\u00e9e":"3 minutes"},"schema":{"@context":"https:\/\/schema.org","@graph":[{"@type":"Article","@id":"https:\/\/www.bellunopress.it\/2024\/03\/27\/ordine-dei-medici-no-alla-proposta-di-legge-un-cuore-che-batte-crudelta-gratuita-verso-la-donna\/#article","isPartOf":{"@id":"https:\/\/www.bellunopress.it\/2024\/03\/27\/ordine-dei-medici-no-alla-proposta-di-legge-un-cuore-che-batte-crudelta-gratuita-verso-la-donna\/"},"author":{"name":"redazione","@id":"https:\/\/www.bellunopress.it\/#\/schema\/person\/79bb06722b37ece1c03d3e94beb30d73"},"headline":"Ordine dei medici: No alla proposta di legge Un cuore che batte &#8220;crudelt\u00e0 gratuita verso la donna&#8221;","datePublished":"2024-03-27T05:08:19+00:00","mainEntityOfPage":{"@id":"https:\/\/www.bellunopress.it\/2024\/03\/27\/ordine-dei-medici-no-alla-proposta-di-legge-un-cuore-che-batte-crudelta-gratuita-verso-la-donna\/"},"wordCount":573,"publisher":{"@id":"https:\/\/www.bellunopress.it\/#organization"},"image":{"@id":"https:\/\/www.bellunopress.it\/2024\/03\/27\/ordine-dei-medici-no-alla-proposta-di-legge-un-cuore-che-batte-crudelta-gratuita-verso-la-donna\/#primaryimage"},"thumbnailUrl":"https:\/\/www.bellunopress.it\/wp-content\/uploads\/2024\/03\/ordine-dei-medici-belluno_edited.jpg","articleSection":["Prima Pagina","Sanit\u00e0 Medicina","Societ\u00e0, Associazioni, Istituzioni"],"inLanguage":"fr-FR"},{"@type":"WebPage","@id":"https:\/\/www.bellunopress.it\/2024\/03\/27\/ordine-dei-medici-no-alla-proposta-di-legge-un-cuore-che-batte-crudelta-gratuita-verso-la-donna\/","url":"https:\/\/www.bellunopress.it\/2024\/03\/27\/ordine-dei-medici-no-alla-proposta-di-legge-un-cuore-che-batte-crudelta-gratuita-verso-la-donna\/","name":"Ordine dei medici: No alla proposta di legge Un cuore che batte \"crudelt\u00e0 gratuita verso la donna\" - Bellunopress - Dolomiti","isPartOf":{"@id":"https:\/\/www.bellunopress.it\/#website"},"primaryImageOfPage":{"@id":"https:\/\/www.bellunopress.it\/2024\/03\/27\/ordine-dei-medici-no-alla-proposta-di-legge-un-cuore-che-batte-crudelta-gratuita-verso-la-donna\/#primaryimage"},"image":{"@id":"https:\/\/www.bellunopress.it\/2024\/03\/27\/ordine-dei-medici-no-alla-proposta-di-legge-un-cuore-che-batte-crudelta-gratuita-verso-la-donna\/#primaryimage"},"thumbnailUrl":"https:\/\/www.bellunopress.it\/wp-content\/uploads\/2024\/03\/ordine-dei-medici-belluno_edited.jpg","datePublished":"2024-03-27T05:08:19+00:00","breadcrumb":{"@id":"https:\/\/www.bellunopress.it\/2024\/03\/27\/ordine-dei-medici-no-alla-proposta-di-legge-un-cuore-che-batte-crudelta-gratuita-verso-la-donna\/#breadcrumb"},"inLanguage":"fr-FR","potentialAction":[{"@type":"ReadAction","target":["https:\/\/www.bellunopress.it\/2024\/03\/27\/ordine-dei-medici-no-alla-proposta-di-legge-un-cuore-che-batte-crudelta-gratuita-verso-la-donna\/"]}]},{"@type":"ImageObject","inLanguage":"fr-FR","@id":"https:\/\/www.bellunopress.it\/2024\/03\/27\/ordine-dei-medici-no-alla-proposta-di-legge-un-cuore-che-batte-crudelta-gratuita-verso-la-donna\/#primaryimage","url":"https:\/\/www.bellunopress.it\/wp-content\/uploads\/2024\/03\/ordine-dei-medici-belluno_edited.jpg","contentUrl":"https:\/\/www.bellunopress.it\/wp-content\/uploads\/2024\/03\/ordine-dei-medici-belluno_edited.jpg","width":546,"height":277},{"@type":"BreadcrumbList","@id":"https:\/\/www.bellunopress.it\/2024\/03\/27\/ordine-dei-medici-no-alla-proposta-di-legge-un-cuore-che-batte-crudelta-gratuita-verso-la-donna\/#breadcrumb","itemListElement":[{"@type":"ListItem","position":1,"name":"Home","item":"https:\/\/www.bellunopress.it\/"},{"@type":"ListItem","position":2,"name":"Ordine dei medici: No alla proposta di legge Un cuore che batte &#8220;crudelt\u00e0 gratuita verso la donna&#8221;"}]},{"@type":"WebSite","@id":"https:\/\/www.bellunopress.it\/#website","url":"https:\/\/www.bellunopress.it\/","name":"Bellunopress - Dolomiti","description":"e-mail: redazione@bellunopress.it","publisher":{"@id":"https:\/\/www.bellunopress.it\/#organization"},"potentialAction":[{"@type":"SearchAction","target":{"@type":"EntryPoint","urlTemplate":"https:\/\/www.bellunopress.it\/?s={search_term_string}"},"query-input":{"@type":"PropertyValueSpecification","valueRequired":true,"valueName":"search_term_string"}}],"inLanguage":"fr-FR"},{"@type":"Organization","@id":"https:\/\/www.bellunopress.it\/#organization","name":"Bellunopress","url":"https:\/\/www.bellunopress.it\/","logo":{"@type":"ImageObject","inLanguage":"fr-FR","@id":"https:\/\/www.bellunopress.it\/#\/schema\/logo\/image\/","url":"https:\/\/www.bellunopress.it\/wp-content\/uploads\/2011\/05\/cropped-logo-bellunopress-.jpg","contentUrl":"https:\/\/www.bellunopress.it\/wp-content\/uploads\/2011\/05\/cropped-logo-bellunopress-.jpg","width":512,"height":512,"caption":"Bellunopress"},"image":{"@id":"https:\/\/www.bellunopress.it\/#\/schema\/logo\/image\/"},"sameAs":["https:\/\/www.facebook.com\/profile.php?id=100008943462799","https:\/\/x.com\/bellunopress","https:\/\/www.linkedin.com\/hp\/?dnr=JBzUWaJfMUw8vbXJJ2tVW5-I3jZKvC4wsoxE&amp;amp;amp;amp;amp;amp;trk=nav_responsive_tab_home","https:\/\/www.youtube.com\/channel\/UCxL0wu1uN0_3_7hGG0306cw"]},{"@type":"Person","@id":"https:\/\/www.bellunopress.it\/#\/schema\/person\/79bb06722b37ece1c03d3e94beb30d73","name":"r\u00e9daction","image":{"@type":"ImageObject","inLanguage":"fr-FR","@id":"https:\/\/secure.gravatar.com\/avatar\/37d968a2e67a6fd04c169c4bdef102d0bc5d31b2546345219e348575eb80e9a0?s=96&d=mm&r=g","url":"https:\/\/secure.gravatar.com\/avatar\/37d968a2e67a6fd04c169c4bdef102d0bc5d31b2546345219e348575eb80e9a0?s=96&d=mm&r=g","contentUrl":"https:\/\/secure.gravatar.com\/avatar\/37d968a2e67a6fd04c169c4bdef102d0bc5d31b2546345219e348575eb80e9a0?s=96&d=mm&r=g","caption":"redazione"},"sameAs":["http:\/\/www.bellunopress.it","https:\/\/x.com\/bellunopress"],"url":"https:\/\/www.bellunopress.it\/fr\/author\/redazione\/"}]}},"_links":{"self":[{"href":"https:\/\/www.bellunopress.it\/fr\/wp-json\/wp\/v2\/posts\/149504","targetHints":{"allow":["GET"]}}],"collection":[{"href":"https:\/\/www.bellunopress.it\/fr\/wp-json\/wp\/v2\/posts"}],"about":[{"href":"https:\/\/www.bellunopress.it\/fr\/wp-json\/wp\/v2\/types\/post"}],"author":[{"embeddable":true,"href":"https:\/\/www.bellunopress.it\/fr\/wp-json\/wp\/v2\/users\/2"}],"replies":[{"embeddable":true,"href":"https:\/\/www.bellunopress.it\/fr\/wp-json\/wp\/v2\/comments?post=149504"}],"version-history":[{"count":1,"href":"https:\/\/www.bellunopress.it\/fr\/wp-json\/wp\/v2\/posts\/149504\/revisions"}],"predecessor-version":[{"id":149507,"href":"https:\/\/www.bellunopress.it\/fr\/wp-json\/wp\/v2\/posts\/149504\/revisions\/149507"}],"wp:featuredmedia":[{"embeddable":true,"href":"https:\/\/www.bellunopress.it\/fr\/wp-json\/wp\/v2\/media\/149505"}],"wp:attachment":[{"href":"https:\/\/www.bellunopress.it\/fr\/wp-json\/wp\/v2\/media?parent=149504"}],"wp:term":[{"taxonomy":"category","embeddable":true,"href":"https:\/\/www.bellunopress.it\/fr\/wp-json\/wp\/v2\/categories?post=149504"},{"taxonomy":"post_tag","embeddable":true,"href":"https:\/\/www.bellunopress.it\/fr\/wp-json\/wp\/v2\/tags?post=149504"}],"curies":[{"name":"wp","href":"https:\/\/api.w.org\/{rel}","templated":true}]}}