{"id":149501,"date":"2024-03-26T21:19:37","date_gmt":"2024-03-26T20:19:37","guid":{"rendered":"https:\/\/www.bellunopress.it\/?p=149501"},"modified":"2024-03-26T21:19:37","modified_gmt":"2024-03-26T20:19:37","slug":"fantastoria-il-veneto-che-poteva-essere-ma-non-si-e-voluto-di-marco-zanetti","status":"publish","type":"post","link":"https:\/\/www.bellunopress.it\/fr\/2024\/03\/26\/fantastoria-il-veneto-che-poteva-essere-ma-non-si-e-voluto-di-marco-zanetti\/","title":{"rendered":"Fantastoria. Il Veneto che poteva essere ma non si \u00e8 voluto\u00a0 \u00a0* di Marco Zanetti"},"content":{"rendered":"<p>Se basta un mix giusto di fantasia e conoscenze tecniche e scientifiche per metter gi\u00f9 una storia di fantascienza sar\u00e0 ben possibile creare una &#8220;fantastoria&#8221; del &#8220;passato possibile&#8221;, solo ipotizzando che in un passaggio significativo gli eventi abbiano potuto prendere una piega diversa.<\/p>\n<p>Riavvolgiamo dunque il nastro della storia e vediamo come poteva andare diversamente. Non per ragionare col senno di poi, ma solo per evidenziare quanto giochi nelle umane vicende anche il caso (il fato). Come sarebbe andata ad esempio la seconda guerra mondiale se Italo Balbo avesse avuto il tempo di maturare una sua mezza idea di andare a Palazzo Venezia e far fuori con le sue mani il Duce per salvare l&#8217;Italia dal disastro incipiente? Ci sarebbe modo di ipotizzarne delle belle.<\/p>\n<p>Ma applichiamoci ad un&#8217;ipotesi minore, di livello locale e riavvolgiamo il nastro solo di poco meno di trent&#8217;anni: siamo dunque nella primavera del 1995 e in Veneto ci si appresta alle elezioni regionali di fine aprile. Son tempi di novit\u00e0 politiche e i vecchi schemi non funzionano pi\u00f9 come prima: da una parte c&#8217;\u00e8 L&#8217;Ulivio e dall&#8217;altra Berlusconi. Quest&#8217;ultimo tira fuori dal cassetto un suo giovane collaboratore in Publitalia: \u00e8 un padovano abbastanza poco conosciuto in Veneto, da giovanissimo era nel Partito Liberale, si \u00e8 laureato in giurisprudenza con una tesi in diritto ecclesiastico ma ha pure fatto un master alla Bocconi in business administration ed era stato tra i primi in Forza Italia ricavandone sull&#8217;onda giusta un seggio alla Camera l&#8217;anno prima.<br \/>\nDall&#8217;altra parte il campo \u00e8 variegato: c&#8217;\u00e8 la Liga che ha un peso consistente malgrado anche altre formazioni giochino sull&#8217;autonomia, come quella messa in piedi dall&#8217;industriale Giorgio Panto. C&#8217;\u00e8 naturalmente anche una tradizionale e conservativa Sinistra e c&#8217;\u00e8 la novit\u00e0 dell&#8217;Ulivo lanciato da Prodi a febbraio.<br \/>\nNel campo largo (come si direbbe oggi) si lavora per scegliere la candidatura alla presidenza della regione: il campo degli elettori sar\u00e0 pure largo ma quel che resta dei vecchi partiti ancora funziona ed ha buon gioco a trovare la quadra su un bel nome forte, un nome del tutto rassicurante col debito cursus honorum: cattedratico di meccanica razionale, sindaco (democristiano) di Padova, presente in importanti consigli di amministrazione, bancari e non, Ettore Bentsik non \u00e8 certo il candidato che occhieggia all&#8217;ansia (di rinnovamento) del momento; \u00e8 pure coerente nel non cedere a certe sirenette della sinistra che vorrebbero fare chiss\u00e0 che del Veneto.<br \/>\nGli ulivisti contano pure sul grigiore del candidato della Lega, Alberto Paolo Lembo, una curiosa figura che passer\u00e0 di l\u00ec a poco ad Alleanza Nazionale e poi alla rinnovatasi Democrazia Cristiana, pur restando vicino ad Alleanza Monarchica. Sar\u00e0 in seguito anche lodevolissimo donatore al Museo Storico di Rovereto della sua collezione di un migliaio di Kappenabzeichen (distintivi militari) dell&#8217;Impero Austro-Ungarico di cui \u00e8 un riconosciuto esperto.<br \/>\nTutto sembra dunque filare per il meglio in zona centrosinistra ma alza la mano un oscuro militante di Rovigo e tira fuori che negli Stati Uniti usano scegliere i candidati alla presidenza con un sistema di cosiddette &#8220;primarie&#8221;. Dopo pochi giorni gli fa eco dalla Marca Gioiosa qualcuno a dire che le buone candidature non mancherebbero, ci sarebbe pure una donna cui l&#8217;esperienza non manca, \u00e8 stata la prima ad essere ministro e ha fatto pure bene il suo lavoro. Forse per\u00f2 a qualcuno non \u00e8 piaciuta per come ha condotto i lavori della Commissione P2 e il suo partito, la Democrazia Cristiana, nicchia.<br \/>\nCombinazione vuole che quell&#8217;anno sia anche il 50\u00b0 dalla Liberazione, e nel giro delle sezioni ANPI si cominci a tambureggiare che la diciottenne Tina Anselmi era stata la staffetta partigiana Gabriella e che una donna come lei ben poteva guidare il Veneto. Rotti gli argini, succede dunque che la richiesta di &#8220;primarie&#8221; monti su vivacemente, tanto da costringere i maggiorenti dell&#8217;Ulivo ad accettarle e che questo provochi la caduta del muro a sinistra e che Rifondazione comunista sia costretta ad accettare la sfida e sostenere una brava e laica democristiana. Succede poi che nel Veneto, delle citt\u00e0 e delle campagne, l&#8217;elettorato dal centro alla sinistra sia concorde nel dare maggiore fiducia alla femena di polso piuttosto che all&#8217;algido uomo di potere.<\/p>\n<figure id=\"attachment_149502\" aria-describedby=\"caption-attachment-149502\" style=\"width: 190px\" class=\"wp-caption alignleft\"><img loading=\"lazy\" decoding=\"async\" class=\"size-full wp-image-149502\" src=\"https:\/\/www.bellunopress.it\/wp-content\/uploads\/2024\/03\/Anselmi_edited.jpg\" alt=\"\" width=\"190\" height=\"261\" \/><figcaption id=\"caption-attachment-149502\" class=\"wp-caption-text\">Tina Anselmi<\/figcaption><\/figure>\n<p>Dunque la disfida ai seggi elettorali si restringe a Giancarlo Galan, Alberto Paolo Lembo e Tina Anselmi. Il primo prende il 38,19%, il secondo il 17,52 e quasi tutto il resto se lo prende la Tina Anselmi che avendo superato il 40% dei voti con la sua coalizione si vede assegnato dalla legge elettorale il 57,5% dei seggi.<br \/>\nSi avvia dunque il primo quinquennio di governo del centrosinistra che sar\u00e0 confermato nelle elezioni successive e succede che i Veneti si intestino oltre alle storiche doti di allevatori di cavalli (i paleoveneti) e di abitanti di capannoni (i veneti industriosi del secondo &#8216;900) anche quella di praticanti di primarie. I leghisti si consolano governando per reiterati mandati la provincia di Treviso grazie ad un loro bravo cavaliere locale che tra nuove rotonde stradali e sagre vecchie e nuove riesce anche a sostenere la veneta equitazione, e in particolare inventa una simpatica competizione annuale tra razze equine: la Piave e la Maremmana.<\/p>\n<p>Marco Zanetti<\/p>","protected":false},"excerpt":{"rendered":"<p>Se basta un mix giusto di fantasia e conoscenze tecniche e scientifiche per metter gi\u00f9 una storia di fantascienza sar\u00e0 ben possibile creare una &#8220;fantastoria&#8221; del &#8220;passato possibile&#8221;, solo ipotizzando che in un passaggio significativo gli eventi abbiano potuto prendere una piega diversa. Riavvolgiamo dunque il nastro della storia e vediamo come poteva andare diversamente. [&hellip;]<\/p>\n","protected":false},"author":2,"featured_media":114469,"comment_status":"closed","ping_status":"open","sticky":false,"template":"","format":"standard","meta":{"footnotes":""},"categories":[5],"tags":[],"class_list":["post-149501","post","type-post","status-publish","format-standard","has-post-thumbnail","category-cronaca"],"yoast_head":"<!-- This site is optimized with the Yoast SEO plugin v28.4 - https:\/\/yoast.com\/product\/yoast-seo-wordpress\/ -->\n<title>Fantastoria. Il Veneto che poteva essere ma non si \u00e8 voluto\u00a0 \u00a0* di Marco Zanetti - Bellunopress - Dolomiti<\/title>\n<meta name=\"robots\" content=\"index, follow, max-snippet:-1, max-image-preview:large, max-video-preview:-1\" \/>\n<link rel=\"canonical\" href=\"https:\/\/www.bellunopress.it\/fr\/2024\/03\/26\/fantastoria-il-veneto-che-poteva-essere-ma-non-si-e-voluto-di-marco-zanetti\/\" \/>\n<meta property=\"og:locale\" content=\"fr_FR\" \/>\n<meta property=\"og:type\" content=\"article\" \/>\n<meta property=\"og:title\" content=\"Fantastoria. Il Veneto che poteva essere ma non si \u00e8 voluto\u00a0 \u00a0* di Marco Zanetti - Bellunopress - Dolomiti\" \/>\n<meta property=\"og:description\" content=\"Se basta un mix giusto di fantasia e conoscenze tecniche e scientifiche per metter gi\u00f9 una storia di fantascienza sar\u00e0 ben possibile creare una &#8220;fantastoria&#8221; del &#8220;passato possibile&#8221;, solo ipotizzando che in un passaggio significativo gli eventi abbiano potuto prendere una piega diversa. Riavvolgiamo dunque il nastro della storia e vediamo come poteva andare diversamente. [&hellip;]\" \/>\n<meta property=\"og:url\" content=\"https:\/\/www.bellunopress.it\/fr\/2024\/03\/26\/fantastoria-il-veneto-che-poteva-essere-ma-non-si-e-voluto-di-marco-zanetti\/\" \/>\n<meta property=\"og:site_name\" content=\"Bellunopress - Dolomiti\" \/>\n<meta property=\"article:publisher\" content=\"https:\/\/www.facebook.com\/profile.php?id=100008943462799\" \/>\n<meta property=\"article:published_time\" content=\"2024-03-26T20:19:37+00:00\" \/>\n<meta property=\"og:image\" content=\"https:\/\/www.bellunopress.it\/wp-content\/uploads\/2020\/05\/Regione-Veneto-Palazzo-Ferro-Fini-sede-del-Consiglio-regionale_edited.jpg\" \/>\n\t<meta property=\"og:image:width\" content=\"780\" \/>\n\t<meta property=\"og:image:height\" content=\"405\" \/>\n\t<meta property=\"og:image:type\" content=\"image\/jpeg\" \/>\n<meta name=\"author\" content=\"redazione\" \/>\n<meta name=\"twitter:card\" content=\"summary_large_image\" \/>\n<meta name=\"twitter:creator\" content=\"@bellunopress\" \/>\n<meta name=\"twitter:site\" content=\"@bellunopress\" \/>\n<meta name=\"twitter:label1\" content=\"Written by\" \/>\n\t<meta name=\"twitter:data1\" content=\"redazione\" \/>\n\t<meta name=\"twitter:label2\" content=\"Est. reading time\" \/>\n\t<meta name=\"twitter:data2\" content=\"4 minutes\" \/>\n<script type=\"application\/ld+json\" class=\"yoast-schema-graph\">{\"@context\":\"https:\\\/\\\/schema.org\",\"@graph\":[{\"@type\":\"Article\",\"@id\":\"https:\\\/\\\/www.bellunopress.it\\\/2024\\\/03\\\/26\\\/fantastoria-il-veneto-che-poteva-essere-ma-non-si-e-voluto-di-marco-zanetti\\\/#article\",\"isPartOf\":{\"@id\":\"https:\\\/\\\/www.bellunopress.it\\\/2024\\\/03\\\/26\\\/fantastoria-il-veneto-che-poteva-essere-ma-non-si-e-voluto-di-marco-zanetti\\\/\"},\"author\":{\"name\":\"redazione\",\"@id\":\"https:\\\/\\\/www.bellunopress.it\\\/#\\\/schema\\\/person\\\/79bb06722b37ece1c03d3e94beb30d73\"},\"headline\":\"Fantastoria. Il Veneto che poteva essere ma non si \u00e8 voluto\u00a0 \u00a0* di Marco Zanetti\",\"datePublished\":\"2024-03-26T20:19:37+00:00\",\"mainEntityOfPage\":{\"@id\":\"https:\\\/\\\/www.bellunopress.it\\\/2024\\\/03\\\/26\\\/fantastoria-il-veneto-che-poteva-essere-ma-non-si-e-voluto-di-marco-zanetti\\\/\"},\"wordCount\":877,\"publisher\":{\"@id\":\"https:\\\/\\\/www.bellunopress.it\\\/#organization\"},\"image\":{\"@id\":\"https:\\\/\\\/www.bellunopress.it\\\/2024\\\/03\\\/26\\\/fantastoria-il-veneto-che-poteva-essere-ma-non-si-e-voluto-di-marco-zanetti\\\/#primaryimage\"},\"thumbnailUrl\":\"https:\\\/\\\/www.bellunopress.it\\\/wp-content\\\/uploads\\\/2020\\\/05\\\/Regione-Veneto-Palazzo-Ferro-Fini-sede-del-Consiglio-regionale_edited.jpg\",\"articleSection\":[\"Cronaca\\\/Politica\"],\"inLanguage\":\"fr-FR\"},{\"@type\":\"WebPage\",\"@id\":\"https:\\\/\\\/www.bellunopress.it\\\/2024\\\/03\\\/26\\\/fantastoria-il-veneto-che-poteva-essere-ma-non-si-e-voluto-di-marco-zanetti\\\/\",\"url\":\"https:\\\/\\\/www.bellunopress.it\\\/2024\\\/03\\\/26\\\/fantastoria-il-veneto-che-poteva-essere-ma-non-si-e-voluto-di-marco-zanetti\\\/\",\"name\":\"Fantastoria. Il Veneto che poteva essere ma non si \u00e8 voluto\u00a0 \u00a0* di Marco Zanetti - Bellunopress - Dolomiti\",\"isPartOf\":{\"@id\":\"https:\\\/\\\/www.bellunopress.it\\\/#website\"},\"primaryImageOfPage\":{\"@id\":\"https:\\\/\\\/www.bellunopress.it\\\/2024\\\/03\\\/26\\\/fantastoria-il-veneto-che-poteva-essere-ma-non-si-e-voluto-di-marco-zanetti\\\/#primaryimage\"},\"image\":{\"@id\":\"https:\\\/\\\/www.bellunopress.it\\\/2024\\\/03\\\/26\\\/fantastoria-il-veneto-che-poteva-essere-ma-non-si-e-voluto-di-marco-zanetti\\\/#primaryimage\"},\"thumbnailUrl\":\"https:\\\/\\\/www.bellunopress.it\\\/wp-content\\\/uploads\\\/2020\\\/05\\\/Regione-Veneto-Palazzo-Ferro-Fini-sede-del-Consiglio-regionale_edited.jpg\",\"datePublished\":\"2024-03-26T20:19:37+00:00\",\"breadcrumb\":{\"@id\":\"https:\\\/\\\/www.bellunopress.it\\\/2024\\\/03\\\/26\\\/fantastoria-il-veneto-che-poteva-essere-ma-non-si-e-voluto-di-marco-zanetti\\\/#breadcrumb\"},\"inLanguage\":\"fr-FR\",\"potentialAction\":[{\"@type\":\"ReadAction\",\"target\":[\"https:\\\/\\\/www.bellunopress.it\\\/2024\\\/03\\\/26\\\/fantastoria-il-veneto-che-poteva-essere-ma-non-si-e-voluto-di-marco-zanetti\\\/\"]}]},{\"@type\":\"ImageObject\",\"inLanguage\":\"fr-FR\",\"@id\":\"https:\\\/\\\/www.bellunopress.it\\\/2024\\\/03\\\/26\\\/fantastoria-il-veneto-che-poteva-essere-ma-non-si-e-voluto-di-marco-zanetti\\\/#primaryimage\",\"url\":\"https:\\\/\\\/www.bellunopress.it\\\/wp-content\\\/uploads\\\/2020\\\/05\\\/Regione-Veneto-Palazzo-Ferro-Fini-sede-del-Consiglio-regionale_edited.jpg\",\"contentUrl\":\"https:\\\/\\\/www.bellunopress.it\\\/wp-content\\\/uploads\\\/2020\\\/05\\\/Regione-Veneto-Palazzo-Ferro-Fini-sede-del-Consiglio-regionale_edited.jpg\",\"width\":780,\"height\":405,\"caption\":\"Palazzo Ferro Fini, sede del Consiglio regionale del Veneto\"},{\"@type\":\"BreadcrumbList\",\"@id\":\"https:\\\/\\\/www.bellunopress.it\\\/2024\\\/03\\\/26\\\/fantastoria-il-veneto-che-poteva-essere-ma-non-si-e-voluto-di-marco-zanetti\\\/#breadcrumb\",\"itemListElement\":[{\"@type\":\"ListItem\",\"position\":1,\"name\":\"Home\",\"item\":\"https:\\\/\\\/www.bellunopress.it\\\/\"},{\"@type\":\"ListItem\",\"position\":2,\"name\":\"Fantastoria. Il Veneto che poteva essere ma non si \u00e8 voluto\u00a0 \u00a0* di Marco Zanetti\"}]},{\"@type\":\"WebSite\",\"@id\":\"https:\\\/\\\/www.bellunopress.it\\\/#website\",\"url\":\"https:\\\/\\\/www.bellunopress.it\\\/\",\"name\":\"Bellunopress - Dolomiti\",\"description\":\"e-mail: redazione@bellunopress.it\",\"publisher\":{\"@id\":\"https:\\\/\\\/www.bellunopress.it\\\/#organization\"},\"potentialAction\":[{\"@type\":\"SearchAction\",\"target\":{\"@type\":\"EntryPoint\",\"urlTemplate\":\"https:\\\/\\\/www.bellunopress.it\\\/?s={search_term_string}\"},\"query-input\":{\"@type\":\"PropertyValueSpecification\",\"valueRequired\":true,\"valueName\":\"search_term_string\"}}],\"inLanguage\":\"fr-FR\"},{\"@type\":\"Organization\",\"@id\":\"https:\\\/\\\/www.bellunopress.it\\\/#organization\",\"name\":\"Bellunopress\",\"url\":\"https:\\\/\\\/www.bellunopress.it\\\/\",\"logo\":{\"@type\":\"ImageObject\",\"inLanguage\":\"fr-FR\",\"@id\":\"https:\\\/\\\/www.bellunopress.it\\\/#\\\/schema\\\/logo\\\/image\\\/\",\"url\":\"https:\\\/\\\/www.bellunopress.it\\\/wp-content\\\/uploads\\\/2011\\\/05\\\/cropped-logo-bellunopress-.jpg\",\"contentUrl\":\"https:\\\/\\\/www.bellunopress.it\\\/wp-content\\\/uploads\\\/2011\\\/05\\\/cropped-logo-bellunopress-.jpg\",\"width\":512,\"height\":512,\"caption\":\"Bellunopress\"},\"image\":{\"@id\":\"https:\\\/\\\/www.bellunopress.it\\\/#\\\/schema\\\/logo\\\/image\\\/\"},\"sameAs\":[\"https:\\\/\\\/www.facebook.com\\\/profile.php?id=100008943462799\",\"https:\\\/\\\/x.com\\\/bellunopress\",\"https:\\\/\\\/www.linkedin.com\\\/hp\\\/?dnr=JBzUWaJfMUw8vbXJJ2tVW5-I3jZKvC4wsoxE&amp;amp;amp;amp;amp;amp;trk=nav_responsive_tab_home\",\"https:\\\/\\\/www.youtube.com\\\/channel\\\/UCxL0wu1uN0_3_7hGG0306cw\"]},{\"@type\":\"Person\",\"@id\":\"https:\\\/\\\/www.bellunopress.it\\\/#\\\/schema\\\/person\\\/79bb06722b37ece1c03d3e94beb30d73\",\"name\":\"redazione\",\"image\":{\"@type\":\"ImageObject\",\"inLanguage\":\"fr-FR\",\"@id\":\"https:\\\/\\\/secure.gravatar.com\\\/avatar\\\/37d968a2e67a6fd04c169c4bdef102d0bc5d31b2546345219e348575eb80e9a0?s=96&d=mm&r=g\",\"url\":\"https:\\\/\\\/secure.gravatar.com\\\/avatar\\\/37d968a2e67a6fd04c169c4bdef102d0bc5d31b2546345219e348575eb80e9a0?s=96&d=mm&r=g\",\"contentUrl\":\"https:\\\/\\\/secure.gravatar.com\\\/avatar\\\/37d968a2e67a6fd04c169c4bdef102d0bc5d31b2546345219e348575eb80e9a0?s=96&d=mm&r=g\",\"caption\":\"redazione\"},\"sameAs\":[\"http:\\\/\\\/www.bellunopress.it\",\"https:\\\/\\\/x.com\\\/bellunopress\"],\"url\":\"https:\\\/\\\/www.bellunopress.it\\\/fr\\\/author\\\/redazione\\\/\"}]}<\/script>\n<!-- \/ Yoast SEO plugin. -->","yoast_head_json":{"title":"Fantastoria. Il Veneto che poteva essere ma non si \u00e8 voluto\u00a0 \u00a0* di Marco Zanetti - Bellunopress - Dolomiti","robots":{"index":"index","follow":"follow","max-snippet":"max-snippet:-1","max-image-preview":"max-image-preview:large","max-video-preview":"max-video-preview:-1"},"canonical":"https:\/\/www.bellunopress.it\/fr\/2024\/03\/26\/fantastoria-il-veneto-che-poteva-essere-ma-non-si-e-voluto-di-marco-zanetti\/","og_locale":"fr_FR","og_type":"article","og_title":"Fantastoria. Il Veneto che poteva essere ma non si \u00e8 voluto\u00a0 \u00a0* di Marco Zanetti - Bellunopress - Dolomiti","og_description":"Se basta un mix giusto di fantasia e conoscenze tecniche e scientifiche per metter gi\u00f9 una storia di fantascienza sar\u00e0 ben possibile creare una &#8220;fantastoria&#8221; del &#8220;passato possibile&#8221;, solo ipotizzando che in un passaggio significativo gli eventi abbiano potuto prendere una piega diversa. Riavvolgiamo dunque il nastro della storia e vediamo come poteva andare diversamente. [&hellip;]","og_url":"https:\/\/www.bellunopress.it\/fr\/2024\/03\/26\/fantastoria-il-veneto-che-poteva-essere-ma-non-si-e-voluto-di-marco-zanetti\/","og_site_name":"Bellunopress - Dolomiti","article_publisher":"https:\/\/www.facebook.com\/profile.php?id=100008943462799","article_published_time":"2024-03-26T20:19:37+00:00","og_image":[{"width":780,"height":405,"url":"https:\/\/www.bellunopress.it\/wp-content\/uploads\/2020\/05\/Regione-Veneto-Palazzo-Ferro-Fini-sede-del-Consiglio-regionale_edited.jpg","type":"image\/jpeg"}],"author":"redazione","twitter_card":"summary_large_image","twitter_creator":"@bellunopress","twitter_site":"@bellunopress","twitter_misc":{"Written by":"redazione","Est. reading time":"4 minutes"},"schema":{"@context":"https:\/\/schema.org","@graph":[{"@type":"Article","@id":"https:\/\/www.bellunopress.it\/2024\/03\/26\/fantastoria-il-veneto-che-poteva-essere-ma-non-si-e-voluto-di-marco-zanetti\/#article","isPartOf":{"@id":"https:\/\/www.bellunopress.it\/2024\/03\/26\/fantastoria-il-veneto-che-poteva-essere-ma-non-si-e-voluto-di-marco-zanetti\/"},"author":{"name":"redazione","@id":"https:\/\/www.bellunopress.it\/#\/schema\/person\/79bb06722b37ece1c03d3e94beb30d73"},"headline":"Fantastoria. Il Veneto che poteva essere ma non si \u00e8 voluto\u00a0 \u00a0* di Marco Zanetti","datePublished":"2024-03-26T20:19:37+00:00","mainEntityOfPage":{"@id":"https:\/\/www.bellunopress.it\/2024\/03\/26\/fantastoria-il-veneto-che-poteva-essere-ma-non-si-e-voluto-di-marco-zanetti\/"},"wordCount":877,"publisher":{"@id":"https:\/\/www.bellunopress.it\/#organization"},"image":{"@id":"https:\/\/www.bellunopress.it\/2024\/03\/26\/fantastoria-il-veneto-che-poteva-essere-ma-non-si-e-voluto-di-marco-zanetti\/#primaryimage"},"thumbnailUrl":"https:\/\/www.bellunopress.it\/wp-content\/uploads\/2020\/05\/Regione-Veneto-Palazzo-Ferro-Fini-sede-del-Consiglio-regionale_edited.jpg","articleSection":["Cronaca\/Politica"],"inLanguage":"fr-FR"},{"@type":"WebPage","@id":"https:\/\/www.bellunopress.it\/2024\/03\/26\/fantastoria-il-veneto-che-poteva-essere-ma-non-si-e-voluto-di-marco-zanetti\/","url":"https:\/\/www.bellunopress.it\/2024\/03\/26\/fantastoria-il-veneto-che-poteva-essere-ma-non-si-e-voluto-di-marco-zanetti\/","name":"Fantastoria. Il Veneto che poteva essere ma non si \u00e8 voluto\u00a0 \u00a0* di Marco Zanetti - Bellunopress - Dolomiti","isPartOf":{"@id":"https:\/\/www.bellunopress.it\/#website"},"primaryImageOfPage":{"@id":"https:\/\/www.bellunopress.it\/2024\/03\/26\/fantastoria-il-veneto-che-poteva-essere-ma-non-si-e-voluto-di-marco-zanetti\/#primaryimage"},"image":{"@id":"https:\/\/www.bellunopress.it\/2024\/03\/26\/fantastoria-il-veneto-che-poteva-essere-ma-non-si-e-voluto-di-marco-zanetti\/#primaryimage"},"thumbnailUrl":"https:\/\/www.bellunopress.it\/wp-content\/uploads\/2020\/05\/Regione-Veneto-Palazzo-Ferro-Fini-sede-del-Consiglio-regionale_edited.jpg","datePublished":"2024-03-26T20:19:37+00:00","breadcrumb":{"@id":"https:\/\/www.bellunopress.it\/2024\/03\/26\/fantastoria-il-veneto-che-poteva-essere-ma-non-si-e-voluto-di-marco-zanetti\/#breadcrumb"},"inLanguage":"fr-FR","potentialAction":[{"@type":"ReadAction","target":["https:\/\/www.bellunopress.it\/2024\/03\/26\/fantastoria-il-veneto-che-poteva-essere-ma-non-si-e-voluto-di-marco-zanetti\/"]}]},{"@type":"ImageObject","inLanguage":"fr-FR","@id":"https:\/\/www.bellunopress.it\/2024\/03\/26\/fantastoria-il-veneto-che-poteva-essere-ma-non-si-e-voluto-di-marco-zanetti\/#primaryimage","url":"https:\/\/www.bellunopress.it\/wp-content\/uploads\/2020\/05\/Regione-Veneto-Palazzo-Ferro-Fini-sede-del-Consiglio-regionale_edited.jpg","contentUrl":"https:\/\/www.bellunopress.it\/wp-content\/uploads\/2020\/05\/Regione-Veneto-Palazzo-Ferro-Fini-sede-del-Consiglio-regionale_edited.jpg","width":780,"height":405,"caption":"Palazzo Ferro Fini, sede del Consiglio regionale del Veneto"},{"@type":"BreadcrumbList","@id":"https:\/\/www.bellunopress.it\/2024\/03\/26\/fantastoria-il-veneto-che-poteva-essere-ma-non-si-e-voluto-di-marco-zanetti\/#breadcrumb","itemListElement":[{"@type":"ListItem","position":1,"name":"Home","item":"https:\/\/www.bellunopress.it\/"},{"@type":"ListItem","position":2,"name":"Fantastoria. Il Veneto che poteva essere ma non si \u00e8 voluto\u00a0 \u00a0* di Marco Zanetti"}]},{"@type":"WebSite","@id":"https:\/\/www.bellunopress.it\/#website","url":"https:\/\/www.bellunopress.it\/","name":"Bellunopress - Dolomiti","description":"e-mail: redazione@bellunopress.it","publisher":{"@id":"https:\/\/www.bellunopress.it\/#organization"},"potentialAction":[{"@type":"SearchAction","target":{"@type":"EntryPoint","urlTemplate":"https:\/\/www.bellunopress.it\/?s={search_term_string}"},"query-input":{"@type":"PropertyValueSpecification","valueRequired":true,"valueName":"search_term_string"}}],"inLanguage":"fr-FR"},{"@type":"Organization","@id":"https:\/\/www.bellunopress.it\/#organization","name":"Bellunopress","url":"https:\/\/www.bellunopress.it\/","logo":{"@type":"ImageObject","inLanguage":"fr-FR","@id":"https:\/\/www.bellunopress.it\/#\/schema\/logo\/image\/","url":"https:\/\/www.bellunopress.it\/wp-content\/uploads\/2011\/05\/cropped-logo-bellunopress-.jpg","contentUrl":"https:\/\/www.bellunopress.it\/wp-content\/uploads\/2011\/05\/cropped-logo-bellunopress-.jpg","width":512,"height":512,"caption":"Bellunopress"},"image":{"@id":"https:\/\/www.bellunopress.it\/#\/schema\/logo\/image\/"},"sameAs":["https:\/\/www.facebook.com\/profile.php?id=100008943462799","https:\/\/x.com\/bellunopress","https:\/\/www.linkedin.com\/hp\/?dnr=JBzUWaJfMUw8vbXJJ2tVW5-I3jZKvC4wsoxE&amp;amp;amp;amp;amp;amp;trk=nav_responsive_tab_home","https:\/\/www.youtube.com\/channel\/UCxL0wu1uN0_3_7hGG0306cw"]},{"@type":"Person","@id":"https:\/\/www.bellunopress.it\/#\/schema\/person\/79bb06722b37ece1c03d3e94beb30d73","name":"r\u00e9daction","image":{"@type":"ImageObject","inLanguage":"fr-FR","@id":"https:\/\/secure.gravatar.com\/avatar\/37d968a2e67a6fd04c169c4bdef102d0bc5d31b2546345219e348575eb80e9a0?s=96&d=mm&r=g","url":"https:\/\/secure.gravatar.com\/avatar\/37d968a2e67a6fd04c169c4bdef102d0bc5d31b2546345219e348575eb80e9a0?s=96&d=mm&r=g","contentUrl":"https:\/\/secure.gravatar.com\/avatar\/37d968a2e67a6fd04c169c4bdef102d0bc5d31b2546345219e348575eb80e9a0?s=96&d=mm&r=g","caption":"redazione"},"sameAs":["http:\/\/www.bellunopress.it","https:\/\/x.com\/bellunopress"],"url":"https:\/\/www.bellunopress.it\/fr\/author\/redazione\/"}]}},"_links":{"self":[{"href":"https:\/\/www.bellunopress.it\/fr\/wp-json\/wp\/v2\/posts\/149501","targetHints":{"allow":["GET"]}}],"collection":[{"href":"https:\/\/www.bellunopress.it\/fr\/wp-json\/wp\/v2\/posts"}],"about":[{"href":"https:\/\/www.bellunopress.it\/fr\/wp-json\/wp\/v2\/types\/post"}],"author":[{"embeddable":true,"href":"https:\/\/www.bellunopress.it\/fr\/wp-json\/wp\/v2\/users\/2"}],"replies":[{"embeddable":true,"href":"https:\/\/www.bellunopress.it\/fr\/wp-json\/wp\/v2\/comments?post=149501"}],"version-history":[{"count":1,"href":"https:\/\/www.bellunopress.it\/fr\/wp-json\/wp\/v2\/posts\/149501\/revisions"}],"predecessor-version":[{"id":149503,"href":"https:\/\/www.bellunopress.it\/fr\/wp-json\/wp\/v2\/posts\/149501\/revisions\/149503"}],"wp:featuredmedia":[{"embeddable":true,"href":"https:\/\/www.bellunopress.it\/fr\/wp-json\/wp\/v2\/media\/114469"}],"wp:attachment":[{"href":"https:\/\/www.bellunopress.it\/fr\/wp-json\/wp\/v2\/media?parent=149501"}],"wp:term":[{"taxonomy":"category","embeddable":true,"href":"https:\/\/www.bellunopress.it\/fr\/wp-json\/wp\/v2\/categories?post=149501"},{"taxonomy":"post_tag","embeddable":true,"href":"https:\/\/www.bellunopress.it\/fr\/wp-json\/wp\/v2\/tags?post=149501"}],"curies":[{"name":"wp","href":"https:\/\/api.w.org\/{rel}","templated":true}]}}