{"id":149497,"date":"2024-03-26T18:17:39","date_gmt":"2024-03-26T17:17:39","guid":{"rendered":"https:\/\/www.bellunopress.it\/?p=149497"},"modified":"2024-03-26T18:17:39","modified_gmt":"2024-03-26T17:17:39","slug":"varato-il-nuovo-consiglio-provinciale-convalida-degli-eletti-e-via-libera-al-programma-del-presidente","status":"publish","type":"post","link":"https:\/\/www.bellunopress.it\/fr\/2024\/03\/26\/varato-il-nuovo-consiglio-provinciale-convalida-degli-eletti-e-via-libera-al-programma-del-presidente\/","title":{"rendered":"Varato il nuovo consiglio provinciale.\u00a0Convalida degli eletti e via libera al programma del presidente"},"content":{"rendered":"<p><img loading=\"lazy\" decoding=\"async\" class=\"alignleft size-full wp-image-149498\" src=\"https:\/\/www.bellunopress.it\/wp-content\/uploads\/2024\/03\/consiglio-provinciale-2_edited.jpg\" alt=\"\" width=\"1000\" height=\"444\" srcset=\"https:\/\/www.bellunopress.it\/wp-content\/uploads\/2024\/03\/consiglio-provinciale-2_edited.jpg 1000w, https:\/\/www.bellunopress.it\/wp-content\/uploads\/2024\/03\/consiglio-provinciale-2_edited-500x222.jpg 500w, https:\/\/www.bellunopress.it\/wp-content\/uploads\/2024\/03\/consiglio-provinciale-2_edited-946x420.jpg 946w, https:\/\/www.bellunopress.it\/wp-content\/uploads\/2024\/03\/consiglio-provinciale-2_edited-696x309.jpg 696w\" sizes=\"auto, (max-width: 1000px) 100vw, 1000px\" \/> <img loading=\"lazy\" decoding=\"async\" class=\"alignleft size-full wp-image-149499\" src=\"https:\/\/www.bellunopress.it\/wp-content\/uploads\/2024\/03\/consiglio-provinciale_edited.jpg\" alt=\"\" width=\"1000\" height=\"564\" srcset=\"https:\/\/www.bellunopress.it\/wp-content\/uploads\/2024\/03\/consiglio-provinciale_edited.jpg 1000w, https:\/\/www.bellunopress.it\/wp-content\/uploads\/2024\/03\/consiglio-provinciale_edited-500x282.jpg 500w, https:\/\/www.bellunopress.it\/wp-content\/uploads\/2024\/03\/consiglio-provinciale_edited-745x420.jpg 745w, https:\/\/www.bellunopress.it\/wp-content\/uploads\/2024\/03\/consiglio-provinciale_edited-696x393.jpg 696w\" sizes=\"auto, (max-width: 1000px) 100vw, 1000px\" \/>Belluno, 26 marzo 2024 &#8211; &#8220;Battezzato&#8221; il nuovo consiglio provinciale. Oggi a Palazzo Piloni si \u00e8 riunita la prima assemblea dopo le elezioni del 16 marzo scorso: con la convalida degli eletti \u00e8 partito ufficialmente il nuovo corso. E il consiglio ha approvato all&#8217;unanimit\u00e0 il programma del presidente Padrin: per legge Delrio infatti la presidenza dura quattro anni, mentre il consiglio solamente due; e tra una consiliatura e l&#8217;altra \u00e8 d&#8217;obbligo che il consiglio deliberi la presa d&#8217;atto del programma.<\/p>\n<p>Non sono mancate alcune sottolineature. Il consigliere Simone Deola ha rimarcato i punti ritenuti di particolare importanza per la lista &#8220;Futura Sinistra Bellunese&#8221;: viabilit\u00e0, sostenibilit\u00e0 ambientale ed economica in tema olimpiadi, ambiente, trasporto pubblico e Fondi di confine. \u00abIl programma presentato nel 2021 \u00e8 stato frutto di ampia condivisione, ma oggi riteniamo vadano sottolineati alcuni particolari\u00bb ha detto Deola in sede di discussione. \u00abPartiamo dalla posizione di contrariet\u00e0 della Provincia sulla diga del Vanoi, che riteniamo imprescindibile. Ma \u00e8 giusto ribadire la strategicit\u00e0 di Dolomiti Ambiente in tema ambientale e la necessit\u00e0 di rivedere il sistema di tpl, con un manager che risponda alla Provincia anche con prese di posizioni di forza per ridurre i disagi all&#8217;utenza che stiamo registrando in questi mesi. Sulle Olimpiadi riteniamo importante che la Provincia ritiri i 500mila euro stanziati a sostegno delle opere previste dalla Regione a Cortina. E per quanto riguarda i Fondi di confine, serve mantenere in quota provinciale alcune risorse da destinare a progetti di area vasta. Presenteremo un documento per cercare di trovare un accordo su queste tematiche che riteniamo fondamentali\u00bb.<\/p>\n<p>Pieno sostegno al programma del presidente da parte della lista cosiddetta civica. \u00abCi poniamo come compito quello di favorire il dialogo tra le parti, convinti che insieme si possa andare oltre le visioni partitiche\u00bb ha detto la consigliera Vanessa De Francesch. Mentre Silvia Calligaro (consigliera della lista &#8220;Obiettivo Provincia&#8221;) ha votato a favore, chiedendo di \u00abarmonizzare il programma del 2021 alle novit\u00e0 normative nel frattempo sopraggiunte\u00bb. Dello stesso avviso anche Marzio Sovilla (&#8220;Obiettivo Provincia&#8221;) che ha sollecitato al lavoro i colleghi consiglieri, soprattutto su alcuni temi: \u00abI progetti Pnrr di edilizia scolastica ad esempio richiedono un impegno concreto, perch\u00e9 ci sono scadenze precise e il tempo stringe. \u00c8 negli interessi di tutti portare avanti il lavoro\u00bb.<\/p>\n<p>\u00abRingrazio tutti i consiglieri per la disponibilit\u00e0 dimostrata nell&#8217;approvare un programma stilato a pi\u00f9 mani nel 2021-2022 e diventato sintesi di tutte le forze provinciali\u00bb le parole del presidente Padrin. \u00abVoglio sgombrare subito il campo sul Vanoi: abbiamo approvato un odg con la totale contrariet\u00e0 all&#8217;opera e su questo non si torna indietro. Sugli altri temi, che vanno affrontati di volta in volta, lavoreremo per un confronto franco. Mi auguro di poter distribuire le deleghe in tempi rapidi, perch\u00e9 i temi su cui siamo chiamati a lavorare sono tanti e di grande importanza. In questi anni abbiamo sempre gestito in maniera unitaria la governance provinciale; se ci sono temi che pongono divergenze di vedute \u00e8 lecito esprimersi in modo non unitario\u00bb.<\/p>\n<p>Il consiglio ha approvato anche la costituzione della commissione consiliare unica, per regolamentare gli incontri operativi dei consiglieri. E ha votato la nomina delle sottocommissioni elettorali circondariali.<\/p>","protected":false},"excerpt":{"rendered":"<p>Belluno, 26 marzo 2024 &#8211; &#8220;Battezzato&#8221; il nuovo consiglio provinciale. Oggi a Palazzo Piloni si \u00e8 riunita la prima assemblea dopo le elezioni del 16 marzo scorso: con la convalida degli eletti \u00e8 partito ufficialmente il nuovo corso. E il consiglio ha approvato all&#8217;unanimit\u00e0 il programma del presidente Padrin: per legge Delrio infatti la presidenza [&hellip;]<\/p>\n","protected":false},"author":2,"featured_media":149498,"comment_status":"closed","ping_status":"open","sticky":false,"template":"","format":"standard","meta":{"footnotes":""},"categories":[5,26,8],"tags":[],"class_list":["post-149497","post","type-post","status-publish","format-standard","has-post-thumbnail","category-cronaca","category-prima-pagina","category-societa-istituzioni"],"yoast_head":"<!-- This site is optimized with the Yoast SEO plugin v28.4 - https:\/\/yoast.com\/product\/yoast-seo-wordpress\/ -->\n<title>Varato il nuovo consiglio provinciale.\u00a0Convalida degli eletti e via libera al programma del presidente - Bellunopress - Dolomiti<\/title>\n<meta name=\"robots\" content=\"index, follow, max-snippet:-1, max-image-preview:large, max-video-preview:-1\" \/>\n<link rel=\"canonical\" href=\"https:\/\/www.bellunopress.it\/fr\/2024\/03\/26\/varato-il-nuovo-consiglio-provinciale-convalida-degli-eletti-e-via-libera-al-programma-del-presidente\/\" \/>\n<meta property=\"og:locale\" content=\"fr_FR\" \/>\n<meta property=\"og:type\" content=\"article\" \/>\n<meta property=\"og:title\" content=\"Varato il nuovo consiglio provinciale.\u00a0Convalida degli eletti e via libera al programma del presidente - Bellunopress - Dolomiti\" \/>\n<meta property=\"og:description\" content=\"Belluno, 26 marzo 2024 &#8211; &#8220;Battezzato&#8221; il nuovo consiglio provinciale. Oggi a Palazzo Piloni si \u00e8 riunita la prima assemblea dopo le elezioni del 16 marzo scorso: con la convalida degli eletti \u00e8 partito ufficialmente il nuovo corso. E il consiglio ha approvato all&#8217;unanimit\u00e0 il programma del presidente Padrin: per legge Delrio infatti la presidenza [&hellip;]\" \/>\n<meta property=\"og:url\" content=\"https:\/\/www.bellunopress.it\/fr\/2024\/03\/26\/varato-il-nuovo-consiglio-provinciale-convalida-degli-eletti-e-via-libera-al-programma-del-presidente\/\" \/>\n<meta property=\"og:site_name\" content=\"Bellunopress - Dolomiti\" \/>\n<meta property=\"article:publisher\" content=\"https:\/\/www.facebook.com\/profile.php?id=100008943462799\" \/>\n<meta property=\"article:published_time\" content=\"2024-03-26T17:17:39+00:00\" \/>\n<meta property=\"og:image\" content=\"https:\/\/www.bellunopress.it\/wp-content\/uploads\/2024\/03\/consiglio-provinciale-2_edited.jpg\" \/>\n\t<meta property=\"og:image:width\" content=\"1000\" \/>\n\t<meta property=\"og:image:height\" content=\"444\" \/>\n\t<meta property=\"og:image:type\" content=\"image\/jpeg\" \/>\n<meta name=\"author\" content=\"redazione\" \/>\n<meta name=\"twitter:card\" content=\"summary_large_image\" \/>\n<meta name=\"twitter:creator\" content=\"@bellunopress\" \/>\n<meta name=\"twitter:site\" content=\"@bellunopress\" \/>\n<meta name=\"twitter:label1\" content=\"\u00c9crit par\" \/>\n\t<meta name=\"twitter:data1\" content=\"redazione\" \/>\n\t<meta name=\"twitter:label2\" content=\"Dur\u00e9e de lecture estim\u00e9e\" \/>\n\t<meta name=\"twitter:data2\" content=\"3 minutes\" \/>\n<script type=\"application\/ld+json\" class=\"yoast-schema-graph\">{\"@context\":\"https:\\\/\\\/schema.org\",\"@graph\":[{\"@type\":\"Article\",\"@id\":\"https:\\\/\\\/www.bellunopress.it\\\/2024\\\/03\\\/26\\\/varato-il-nuovo-consiglio-provinciale-convalida-degli-eletti-e-via-libera-al-programma-del-presidente\\\/#article\",\"isPartOf\":{\"@id\":\"https:\\\/\\\/www.bellunopress.it\\\/2024\\\/03\\\/26\\\/varato-il-nuovo-consiglio-provinciale-convalida-degli-eletti-e-via-libera-al-programma-del-presidente\\\/\"},\"author\":{\"name\":\"redazione\",\"@id\":\"https:\\\/\\\/www.bellunopress.it\\\/#\\\/schema\\\/person\\\/79bb06722b37ece1c03d3e94beb30d73\"},\"headline\":\"Varato il nuovo consiglio provinciale.\u00a0Convalida degli eletti e via libera al programma del presidente\",\"datePublished\":\"2024-03-26T17:17:39+00:00\",\"mainEntityOfPage\":{\"@id\":\"https:\\\/\\\/www.bellunopress.it\\\/2024\\\/03\\\/26\\\/varato-il-nuovo-consiglio-provinciale-convalida-degli-eletti-e-via-libera-al-programma-del-presidente\\\/\"},\"wordCount\":535,\"publisher\":{\"@id\":\"https:\\\/\\\/www.bellunopress.it\\\/#organization\"},\"image\":{\"@id\":\"https:\\\/\\\/www.bellunopress.it\\\/2024\\\/03\\\/26\\\/varato-il-nuovo-consiglio-provinciale-convalida-degli-eletti-e-via-libera-al-programma-del-presidente\\\/#primaryimage\"},\"thumbnailUrl\":\"https:\\\/\\\/www.bellunopress.it\\\/wp-content\\\/uploads\\\/2024\\\/03\\\/consiglio-provinciale-2_edited.jpg\",\"articleSection\":[\"Cronaca\\\/Politica\",\"Prima Pagina\",\"Societ\u00e0, Associazioni, Istituzioni\"],\"inLanguage\":\"fr-FR\"},{\"@type\":\"WebPage\",\"@id\":\"https:\\\/\\\/www.bellunopress.it\\\/2024\\\/03\\\/26\\\/varato-il-nuovo-consiglio-provinciale-convalida-degli-eletti-e-via-libera-al-programma-del-presidente\\\/\",\"url\":\"https:\\\/\\\/www.bellunopress.it\\\/2024\\\/03\\\/26\\\/varato-il-nuovo-consiglio-provinciale-convalida-degli-eletti-e-via-libera-al-programma-del-presidente\\\/\",\"name\":\"Varato il nuovo consiglio provinciale.\u00a0Convalida degli eletti e via libera al programma del presidente - Bellunopress - Dolomiti\",\"isPartOf\":{\"@id\":\"https:\\\/\\\/www.bellunopress.it\\\/#website\"},\"primaryImageOfPage\":{\"@id\":\"https:\\\/\\\/www.bellunopress.it\\\/2024\\\/03\\\/26\\\/varato-il-nuovo-consiglio-provinciale-convalida-degli-eletti-e-via-libera-al-programma-del-presidente\\\/#primaryimage\"},\"image\":{\"@id\":\"https:\\\/\\\/www.bellunopress.it\\\/2024\\\/03\\\/26\\\/varato-il-nuovo-consiglio-provinciale-convalida-degli-eletti-e-via-libera-al-programma-del-presidente\\\/#primaryimage\"},\"thumbnailUrl\":\"https:\\\/\\\/www.bellunopress.it\\\/wp-content\\\/uploads\\\/2024\\\/03\\\/consiglio-provinciale-2_edited.jpg\",\"datePublished\":\"2024-03-26T17:17:39+00:00\",\"breadcrumb\":{\"@id\":\"https:\\\/\\\/www.bellunopress.it\\\/2024\\\/03\\\/26\\\/varato-il-nuovo-consiglio-provinciale-convalida-degli-eletti-e-via-libera-al-programma-del-presidente\\\/#breadcrumb\"},\"inLanguage\":\"fr-FR\",\"potentialAction\":[{\"@type\":\"ReadAction\",\"target\":[\"https:\\\/\\\/www.bellunopress.it\\\/2024\\\/03\\\/26\\\/varato-il-nuovo-consiglio-provinciale-convalida-degli-eletti-e-via-libera-al-programma-del-presidente\\\/\"]}]},{\"@type\":\"ImageObject\",\"inLanguage\":\"fr-FR\",\"@id\":\"https:\\\/\\\/www.bellunopress.it\\\/2024\\\/03\\\/26\\\/varato-il-nuovo-consiglio-provinciale-convalida-degli-eletti-e-via-libera-al-programma-del-presidente\\\/#primaryimage\",\"url\":\"https:\\\/\\\/www.bellunopress.it\\\/wp-content\\\/uploads\\\/2024\\\/03\\\/consiglio-provinciale-2_edited.jpg\",\"contentUrl\":\"https:\\\/\\\/www.bellunopress.it\\\/wp-content\\\/uploads\\\/2024\\\/03\\\/consiglio-provinciale-2_edited.jpg\",\"width\":1000,\"height\":444},{\"@type\":\"BreadcrumbList\",\"@id\":\"https:\\\/\\\/www.bellunopress.it\\\/2024\\\/03\\\/26\\\/varato-il-nuovo-consiglio-provinciale-convalida-degli-eletti-e-via-libera-al-programma-del-presidente\\\/#breadcrumb\",\"itemListElement\":[{\"@type\":\"ListItem\",\"position\":1,\"name\":\"Home\",\"item\":\"https:\\\/\\\/www.bellunopress.it\\\/\"},{\"@type\":\"ListItem\",\"position\":2,\"name\":\"Varato il nuovo consiglio provinciale.\u00a0Convalida degli eletti e via libera al programma del presidente\"}]},{\"@type\":\"WebSite\",\"@id\":\"https:\\\/\\\/www.bellunopress.it\\\/#website\",\"url\":\"https:\\\/\\\/www.bellunopress.it\\\/\",\"name\":\"Bellunopress - Dolomiti\",\"description\":\"e-mail: redazione@bellunopress.it\",\"publisher\":{\"@id\":\"https:\\\/\\\/www.bellunopress.it\\\/#organization\"},\"potentialAction\":[{\"@type\":\"SearchAction\",\"target\":{\"@type\":\"EntryPoint\",\"urlTemplate\":\"https:\\\/\\\/www.bellunopress.it\\\/?s={search_term_string}\"},\"query-input\":{\"@type\":\"PropertyValueSpecification\",\"valueRequired\":true,\"valueName\":\"search_term_string\"}}],\"inLanguage\":\"fr-FR\"},{\"@type\":\"Organization\",\"@id\":\"https:\\\/\\\/www.bellunopress.it\\\/#organization\",\"name\":\"Bellunopress\",\"url\":\"https:\\\/\\\/www.bellunopress.it\\\/\",\"logo\":{\"@type\":\"ImageObject\",\"inLanguage\":\"fr-FR\",\"@id\":\"https:\\\/\\\/www.bellunopress.it\\\/#\\\/schema\\\/logo\\\/image\\\/\",\"url\":\"https:\\\/\\\/www.bellunopress.it\\\/wp-content\\\/uploads\\\/2011\\\/05\\\/cropped-logo-bellunopress-.jpg\",\"contentUrl\":\"https:\\\/\\\/www.bellunopress.it\\\/wp-content\\\/uploads\\\/2011\\\/05\\\/cropped-logo-bellunopress-.jpg\",\"width\":512,\"height\":512,\"caption\":\"Bellunopress\"},\"image\":{\"@id\":\"https:\\\/\\\/www.bellunopress.it\\\/#\\\/schema\\\/logo\\\/image\\\/\"},\"sameAs\":[\"https:\\\/\\\/www.facebook.com\\\/profile.php?id=100008943462799\",\"https:\\\/\\\/x.com\\\/bellunopress\",\"https:\\\/\\\/www.linkedin.com\\\/hp\\\/?dnr=JBzUWaJfMUw8vbXJJ2tVW5-I3jZKvC4wsoxE&amp;amp;amp;amp;amp;amp;trk=nav_responsive_tab_home\",\"https:\\\/\\\/www.youtube.com\\\/channel\\\/UCxL0wu1uN0_3_7hGG0306cw\"]},{\"@type\":\"Person\",\"@id\":\"https:\\\/\\\/www.bellunopress.it\\\/#\\\/schema\\\/person\\\/79bb06722b37ece1c03d3e94beb30d73\",\"name\":\"redazione\",\"image\":{\"@type\":\"ImageObject\",\"inLanguage\":\"fr-FR\",\"@id\":\"https:\\\/\\\/secure.gravatar.com\\\/avatar\\\/37d968a2e67a6fd04c169c4bdef102d0bc5d31b2546345219e348575eb80e9a0?s=96&d=mm&r=g\",\"url\":\"https:\\\/\\\/secure.gravatar.com\\\/avatar\\\/37d968a2e67a6fd04c169c4bdef102d0bc5d31b2546345219e348575eb80e9a0?s=96&d=mm&r=g\",\"contentUrl\":\"https:\\\/\\\/secure.gravatar.com\\\/avatar\\\/37d968a2e67a6fd04c169c4bdef102d0bc5d31b2546345219e348575eb80e9a0?s=96&d=mm&r=g\",\"caption\":\"redazione\"},\"sameAs\":[\"http:\\\/\\\/www.bellunopress.it\",\"https:\\\/\\\/x.com\\\/bellunopress\"],\"url\":\"https:\\\/\\\/www.bellunopress.it\\\/fr\\\/author\\\/redazione\\\/\"}]}<\/script>\n<!-- \/ Yoast SEO plugin. -->","yoast_head_json":{"title":"Varato il nuovo consiglio provinciale.\u00a0Convalida degli eletti e via libera al programma del presidente - Bellunopress - Dolomiti","robots":{"index":"index","follow":"follow","max-snippet":"max-snippet:-1","max-image-preview":"max-image-preview:large","max-video-preview":"max-video-preview:-1"},"canonical":"https:\/\/www.bellunopress.it\/fr\/2024\/03\/26\/varato-il-nuovo-consiglio-provinciale-convalida-degli-eletti-e-via-libera-al-programma-del-presidente\/","og_locale":"fr_FR","og_type":"article","og_title":"Varato il nuovo consiglio provinciale.\u00a0Convalida degli eletti e via libera al programma del presidente - Bellunopress - Dolomiti","og_description":"Belluno, 26 marzo 2024 &#8211; &#8220;Battezzato&#8221; il nuovo consiglio provinciale. Oggi a Palazzo Piloni si \u00e8 riunita la prima assemblea dopo le elezioni del 16 marzo scorso: con la convalida degli eletti \u00e8 partito ufficialmente il nuovo corso. E il consiglio ha approvato all&#8217;unanimit\u00e0 il programma del presidente Padrin: per legge Delrio infatti la presidenza [&hellip;]","og_url":"https:\/\/www.bellunopress.it\/fr\/2024\/03\/26\/varato-il-nuovo-consiglio-provinciale-convalida-degli-eletti-e-via-libera-al-programma-del-presidente\/","og_site_name":"Bellunopress - Dolomiti","article_publisher":"https:\/\/www.facebook.com\/profile.php?id=100008943462799","article_published_time":"2024-03-26T17:17:39+00:00","og_image":[{"width":1000,"height":444,"url":"https:\/\/www.bellunopress.it\/wp-content\/uploads\/2024\/03\/consiglio-provinciale-2_edited.jpg","type":"image\/jpeg"}],"author":"redazione","twitter_card":"summary_large_image","twitter_creator":"@bellunopress","twitter_site":"@bellunopress","twitter_misc":{"\u00c9crit par":"redazione","Dur\u00e9e de lecture estim\u00e9e":"3 minutes"},"schema":{"@context":"https:\/\/schema.org","@graph":[{"@type":"Article","@id":"https:\/\/www.bellunopress.it\/2024\/03\/26\/varato-il-nuovo-consiglio-provinciale-convalida-degli-eletti-e-via-libera-al-programma-del-presidente\/#article","isPartOf":{"@id":"https:\/\/www.bellunopress.it\/2024\/03\/26\/varato-il-nuovo-consiglio-provinciale-convalida-degli-eletti-e-via-libera-al-programma-del-presidente\/"},"author":{"name":"redazione","@id":"https:\/\/www.bellunopress.it\/#\/schema\/person\/79bb06722b37ece1c03d3e94beb30d73"},"headline":"Varato il nuovo consiglio provinciale.\u00a0Convalida degli eletti e via libera al programma del presidente","datePublished":"2024-03-26T17:17:39+00:00","mainEntityOfPage":{"@id":"https:\/\/www.bellunopress.it\/2024\/03\/26\/varato-il-nuovo-consiglio-provinciale-convalida-degli-eletti-e-via-libera-al-programma-del-presidente\/"},"wordCount":535,"publisher":{"@id":"https:\/\/www.bellunopress.it\/#organization"},"image":{"@id":"https:\/\/www.bellunopress.it\/2024\/03\/26\/varato-il-nuovo-consiglio-provinciale-convalida-degli-eletti-e-via-libera-al-programma-del-presidente\/#primaryimage"},"thumbnailUrl":"https:\/\/www.bellunopress.it\/wp-content\/uploads\/2024\/03\/consiglio-provinciale-2_edited.jpg","articleSection":["Cronaca\/Politica","Prima Pagina","Societ\u00e0, Associazioni, Istituzioni"],"inLanguage":"fr-FR"},{"@type":"WebPage","@id":"https:\/\/www.bellunopress.it\/2024\/03\/26\/varato-il-nuovo-consiglio-provinciale-convalida-degli-eletti-e-via-libera-al-programma-del-presidente\/","url":"https:\/\/www.bellunopress.it\/2024\/03\/26\/varato-il-nuovo-consiglio-provinciale-convalida-degli-eletti-e-via-libera-al-programma-del-presidente\/","name":"Varato il nuovo consiglio provinciale.\u00a0Convalida degli eletti e via libera al programma del presidente - Bellunopress - Dolomiti","isPartOf":{"@id":"https:\/\/www.bellunopress.it\/#website"},"primaryImageOfPage":{"@id":"https:\/\/www.bellunopress.it\/2024\/03\/26\/varato-il-nuovo-consiglio-provinciale-convalida-degli-eletti-e-via-libera-al-programma-del-presidente\/#primaryimage"},"image":{"@id":"https:\/\/www.bellunopress.it\/2024\/03\/26\/varato-il-nuovo-consiglio-provinciale-convalida-degli-eletti-e-via-libera-al-programma-del-presidente\/#primaryimage"},"thumbnailUrl":"https:\/\/www.bellunopress.it\/wp-content\/uploads\/2024\/03\/consiglio-provinciale-2_edited.jpg","datePublished":"2024-03-26T17:17:39+00:00","breadcrumb":{"@id":"https:\/\/www.bellunopress.it\/2024\/03\/26\/varato-il-nuovo-consiglio-provinciale-convalida-degli-eletti-e-via-libera-al-programma-del-presidente\/#breadcrumb"},"inLanguage":"fr-FR","potentialAction":[{"@type":"ReadAction","target":["https:\/\/www.bellunopress.it\/2024\/03\/26\/varato-il-nuovo-consiglio-provinciale-convalida-degli-eletti-e-via-libera-al-programma-del-presidente\/"]}]},{"@type":"ImageObject","inLanguage":"fr-FR","@id":"https:\/\/www.bellunopress.it\/2024\/03\/26\/varato-il-nuovo-consiglio-provinciale-convalida-degli-eletti-e-via-libera-al-programma-del-presidente\/#primaryimage","url":"https:\/\/www.bellunopress.it\/wp-content\/uploads\/2024\/03\/consiglio-provinciale-2_edited.jpg","contentUrl":"https:\/\/www.bellunopress.it\/wp-content\/uploads\/2024\/03\/consiglio-provinciale-2_edited.jpg","width":1000,"height":444},{"@type":"BreadcrumbList","@id":"https:\/\/www.bellunopress.it\/2024\/03\/26\/varato-il-nuovo-consiglio-provinciale-convalida-degli-eletti-e-via-libera-al-programma-del-presidente\/#breadcrumb","itemListElement":[{"@type":"ListItem","position":1,"name":"Home","item":"https:\/\/www.bellunopress.it\/"},{"@type":"ListItem","position":2,"name":"Varato il nuovo consiglio provinciale.\u00a0Convalida degli eletti e via libera al programma del presidente"}]},{"@type":"WebSite","@id":"https:\/\/www.bellunopress.it\/#website","url":"https:\/\/www.bellunopress.it\/","name":"Bellunopress - Dolomiti","description":"e-mail: redazione@bellunopress.it","publisher":{"@id":"https:\/\/www.bellunopress.it\/#organization"},"potentialAction":[{"@type":"SearchAction","target":{"@type":"EntryPoint","urlTemplate":"https:\/\/www.bellunopress.it\/?s={search_term_string}"},"query-input":{"@type":"PropertyValueSpecification","valueRequired":true,"valueName":"search_term_string"}}],"inLanguage":"fr-FR"},{"@type":"Organization","@id":"https:\/\/www.bellunopress.it\/#organization","name":"Bellunopress","url":"https:\/\/www.bellunopress.it\/","logo":{"@type":"ImageObject","inLanguage":"fr-FR","@id":"https:\/\/www.bellunopress.it\/#\/schema\/logo\/image\/","url":"https:\/\/www.bellunopress.it\/wp-content\/uploads\/2011\/05\/cropped-logo-bellunopress-.jpg","contentUrl":"https:\/\/www.bellunopress.it\/wp-content\/uploads\/2011\/05\/cropped-logo-bellunopress-.jpg","width":512,"height":512,"caption":"Bellunopress"},"image":{"@id":"https:\/\/www.bellunopress.it\/#\/schema\/logo\/image\/"},"sameAs":["https:\/\/www.facebook.com\/profile.php?id=100008943462799","https:\/\/x.com\/bellunopress","https:\/\/www.linkedin.com\/hp\/?dnr=JBzUWaJfMUw8vbXJJ2tVW5-I3jZKvC4wsoxE&amp;amp;amp;amp;amp;amp;trk=nav_responsive_tab_home","https:\/\/www.youtube.com\/channel\/UCxL0wu1uN0_3_7hGG0306cw"]},{"@type":"Person","@id":"https:\/\/www.bellunopress.it\/#\/schema\/person\/79bb06722b37ece1c03d3e94beb30d73","name":"r\u00e9daction","image":{"@type":"ImageObject","inLanguage":"fr-FR","@id":"https:\/\/secure.gravatar.com\/avatar\/37d968a2e67a6fd04c169c4bdef102d0bc5d31b2546345219e348575eb80e9a0?s=96&d=mm&r=g","url":"https:\/\/secure.gravatar.com\/avatar\/37d968a2e67a6fd04c169c4bdef102d0bc5d31b2546345219e348575eb80e9a0?s=96&d=mm&r=g","contentUrl":"https:\/\/secure.gravatar.com\/avatar\/37d968a2e67a6fd04c169c4bdef102d0bc5d31b2546345219e348575eb80e9a0?s=96&d=mm&r=g","caption":"redazione"},"sameAs":["http:\/\/www.bellunopress.it","https:\/\/x.com\/bellunopress"],"url":"https:\/\/www.bellunopress.it\/fr\/author\/redazione\/"}]}},"_links":{"self":[{"href":"https:\/\/www.bellunopress.it\/fr\/wp-json\/wp\/v2\/posts\/149497","targetHints":{"allow":["GET"]}}],"collection":[{"href":"https:\/\/www.bellunopress.it\/fr\/wp-json\/wp\/v2\/posts"}],"about":[{"href":"https:\/\/www.bellunopress.it\/fr\/wp-json\/wp\/v2\/types\/post"}],"author":[{"embeddable":true,"href":"https:\/\/www.bellunopress.it\/fr\/wp-json\/wp\/v2\/users\/2"}],"replies":[{"embeddable":true,"href":"https:\/\/www.bellunopress.it\/fr\/wp-json\/wp\/v2\/comments?post=149497"}],"version-history":[{"count":1,"href":"https:\/\/www.bellunopress.it\/fr\/wp-json\/wp\/v2\/posts\/149497\/revisions"}],"predecessor-version":[{"id":149500,"href":"https:\/\/www.bellunopress.it\/fr\/wp-json\/wp\/v2\/posts\/149497\/revisions\/149500"}],"wp:featuredmedia":[{"embeddable":true,"href":"https:\/\/www.bellunopress.it\/fr\/wp-json\/wp\/v2\/media\/149498"}],"wp:attachment":[{"href":"https:\/\/www.bellunopress.it\/fr\/wp-json\/wp\/v2\/media?parent=149497"}],"wp:term":[{"taxonomy":"category","embeddable":true,"href":"https:\/\/www.bellunopress.it\/fr\/wp-json\/wp\/v2\/categories?post=149497"},{"taxonomy":"post_tag","embeddable":true,"href":"https:\/\/www.bellunopress.it\/fr\/wp-json\/wp\/v2\/tags?post=149497"}],"curies":[{"name":"wp","href":"https:\/\/api.w.org\/{rel}","templated":true}]}}