{"id":149492,"date":"2024-03-26T17:21:22","date_gmt":"2024-03-26T16:21:22","guid":{"rendered":"https:\/\/www.bellunopress.it\/?p=149492"},"modified":"2024-03-26T17:21:22","modified_gmt":"2024-03-26T16:21:22","slug":"il-ritorno-di-roger-de-menech-candidato-sindaco-con-fare-comune-a-ponte-nelle-alpi","status":"publish","type":"post","link":"https:\/\/www.bellunopress.it\/fr\/2024\/03\/26\/il-ritorno-di-roger-de-menech-candidato-sindaco-con-fare-comune-a-ponte-nelle-alpi\/","title":{"rendered":"Il ritorno di Roger De Menech, candidato sindaco con &#8220;Fare Comune&#8221; a Ponte nelle Alpi"},"content":{"rendered":"<p><img loading=\"lazy\" decoding=\"async\" class=\"alignleft size-full wp-image-149493\" src=\"https:\/\/www.bellunopress.it\/wp-content\/uploads\/2024\/03\/Roger-De-Menech-Fare-Comune.jpg\" alt=\"\" width=\"1000\" height=\"836\" srcset=\"https:\/\/www.bellunopress.it\/wp-content\/uploads\/2024\/03\/Roger-De-Menech-Fare-Comune.jpg 1000w, https:\/\/www.bellunopress.it\/wp-content\/uploads\/2024\/03\/Roger-De-Menech-Fare-Comune-500x418.jpg 500w, https:\/\/www.bellunopress.it\/wp-content\/uploads\/2024\/03\/Roger-De-Menech-Fare-Comune-502x420.jpg 502w, https:\/\/www.bellunopress.it\/wp-content\/uploads\/2024\/03\/Roger-De-Menech-Fare-Comune-696x582.jpg 696w\" sizes=\"auto, (max-width: 1000px) 100vw, 1000px\" \/>Roger De Menech torna in campo, a Ponte nelle Alpi. E si candida al ruolo di sindaco, in vista delle elezioni amministrative, in calendario l&#8217;8 e 9 giugno. Lo far\u00e0 alla guida della lista civica &#8220;Fare Comune&#8221;.<\/p>\n<p>Quello di Roger De Menech \u00e8 un filo con il territorio che non si \u00e8 mai realmente interrotto dal 2013. E che ora, a distanza di undici anni, nove dei quali vissuti in Parlamento, si rafforza.<\/p>\n<p>\u00abNon nascondo la mia emozione &#8211; ha commentato l&#8217;onorevole De Menech durante la conferenza stampa tenutasi nel quartier generale di Cadola in cui \u00e8 stato svelato il logo. \u00abHo avuto diversi ruoli nella pubblica amministrazione, ma il rapporto diretto con i cittadini, da sindaco e consigliere comunale, mi ha sempre dato le maggiori soddisfazioni\u00bb.<\/p>\n<figure id=\"attachment_149494\" aria-describedby=\"caption-attachment-149494\" style=\"width: 1000px\" class=\"wp-caption alignleft\"><img loading=\"lazy\" decoding=\"async\" class=\"size-full wp-image-149494\" src=\"https:\/\/www.bellunopress.it\/wp-content\/uploads\/2024\/03\/Il_gruppo_di_lavoro-Roger-De-Menech-Fare-Comune.jpg\" alt=\"\" width=\"1000\" height=\"579\" srcset=\"https:\/\/www.bellunopress.it\/wp-content\/uploads\/2024\/03\/Il_gruppo_di_lavoro-Roger-De-Menech-Fare-Comune.jpg 1000w, https:\/\/www.bellunopress.it\/wp-content\/uploads\/2024\/03\/Il_gruppo_di_lavoro-Roger-De-Menech-Fare-Comune-500x290.jpg 500w, https:\/\/www.bellunopress.it\/wp-content\/uploads\/2024\/03\/Il_gruppo_di_lavoro-Roger-De-Menech-Fare-Comune-725x420.jpg 725w, https:\/\/www.bellunopress.it\/wp-content\/uploads\/2024\/03\/Il_gruppo_di_lavoro-Roger-De-Menech-Fare-Comune-696x403.jpg 696w\" sizes=\"auto, (max-width: 1000px) 100vw, 1000px\" \/><figcaption id=\"caption-attachment-149494\" class=\"wp-caption-text\">Il gruppo di lavoro che affianca il candidato sindaco Roger De Menech<\/figcaption><\/figure>\n<p>La candidatura di De Menech arriva al termine di un percorso lineare e di grande partecipazione attraverso le varie frazioni. Da questo dialogo \u00e8 iniziata una seconda fase, legata alla raccolta di nuove idee: &#8220;Idee Ponte&#8221;, due parole che accompagneranno la denominazione della sede. I<\/p>\n<p>\u00ab&#8221;Fare Comune&#8221; &#8211; prosegue De Manech &#8211; significa agire e costruire insieme. Significa contribuire al progresso della collettivit\u00e0, seguendo un programma e, di riflesso, le azioni concrete da portare a termine con lo scopo di migliorare la qualit\u00e0 di vita della popolazione. Sar\u00e0 un rinnovamento nel segno della continuit\u00e0: Possiamo contare su un patrimonio di esperienza garantito dall&#8217;amministrazione uscente, ma anche sulle energie dei giovani, alcuni giovanissimi, che hanno voglia di partecipare. Le caratteristiche della lista sono essenzialmente tre: la disponibilit\u00e0, nel senso che il telefono deve essere sempre acceso e il campanello di casa sempre attivo; la competenza, utile a risolvere i problemi e le sfide dei prossimi cinque anni. E l&#8217;umilt\u00e0, perch\u00e9 sappiamo che le soluzioni migliori vanno costruite e condivise con i cittadini\u00bb.<\/p>\n<figure id=\"attachment_149495\" aria-describedby=\"caption-attachment-149495\" style=\"width: 1000px\" class=\"wp-caption alignleft\"><img loading=\"lazy\" decoding=\"async\" class=\"size-full wp-image-149495\" src=\"https:\/\/www.bellunopress.it\/wp-content\/uploads\/2024\/03\/Roger_De_Menech_edited.jpg\" alt=\"\" width=\"1000\" height=\"677\" srcset=\"https:\/\/www.bellunopress.it\/wp-content\/uploads\/2024\/03\/Roger_De_Menech_edited.jpg 1000w, https:\/\/www.bellunopress.it\/wp-content\/uploads\/2024\/03\/Roger_De_Menech_edited-500x339.jpg 500w, https:\/\/www.bellunopress.it\/wp-content\/uploads\/2024\/03\/Roger_De_Menech_edited-620x420.jpg 620w, https:\/\/www.bellunopress.it\/wp-content\/uploads\/2024\/03\/Roger_De_Menech_edited-696x471.jpg 696w\" sizes=\"auto, (max-width: 1000px) 100vw, 1000px\" \/><figcaption id=\"caption-attachment-149495\" class=\"wp-caption-text\">Roger De Menech<\/figcaption><\/figure>\n<p>Molti i temi sul tavolo: \u00abDedicheremo un capitolo importante all&#8217;abitare e al vivere in montagna. Fortunatamente il nostro \u00e8 un comune attrattivo. Ma, proprio per questo, vanno realizzate le condizioni, in modo da essere accoglienti e disponibili per i pontalpini del domani. Senza considerare il capitolo della mobilit\u00e0: essendo baricentrici, dal traffico abbiamo diversi vantaggi in termini di competitivit\u00e0, ma anche degli svantaggi. Ecco perch\u00e9 una delle chiavi future sar\u00e0 quella di integrare il mezzo pubblico e privato con la ferrovia. Ed \u00e8 poi fondamentale rendere appetibili le nostre zone pure per chi intende fare impresa: non solo nell&#8217;ambito del commercio e dell&#8217;artigianato, ma dell&#8217;agricoltura\u00bb.<\/p>\n<p>In attesa che venga definito il programma degli incontri nelle frazioni, \u00e8 gi\u00e0 attivo l&#8217;indirizzo mail info@farecomune.it, grazie al quale sar\u00e0 possibile interagire con il candidato sindaco e il suo gruppo. \u00abLavorare insieme e costruire, facendo leva sulla competenza e sulla capacit\u00e0 di ascoltare &#8211; conclude De Menech -. Questi sono i nostri pilastri\u00bb.<\/p>","protected":false},"excerpt":{"rendered":"<p>Roger De Menech torna in campo, a Ponte nelle Alpi. E si candida al ruolo di sindaco, in vista delle elezioni amministrative, in calendario l&#8217;8 e 9 giugno. Lo far\u00e0 alla guida della lista civica &#8220;Fare Comune&#8221;. Quello di Roger De Menech \u00e8 un filo con il territorio che non si \u00e8 mai realmente interrotto [&hellip;]<\/p>\n","protected":false},"author":2,"featured_media":149493,"comment_status":"closed","ping_status":"open","sticky":false,"template":"","format":"standard","meta":{"footnotes":""},"categories":[5,26],"tags":[],"class_list":["post-149492","post","type-post","status-publish","format-standard","has-post-thumbnail","category-cronaca","category-prima-pagina"],"yoast_head":"<!-- This site is optimized with the Yoast SEO plugin v28.4 - https:\/\/yoast.com\/product\/yoast-seo-wordpress\/ -->\n<title>Il ritorno di Roger De Menech, candidato sindaco con &quot;Fare Comune&quot; a Ponte nelle Alpi - Bellunopress - Dolomiti<\/title>\n<meta name=\"robots\" content=\"index, follow, max-snippet:-1, max-image-preview:large, max-video-preview:-1\" \/>\n<link rel=\"canonical\" href=\"https:\/\/www.bellunopress.it\/fr\/2024\/03\/26\/il-ritorno-di-roger-de-menech-candidato-sindaco-con-fare-comune-a-ponte-nelle-alpi\/\" \/>\n<meta property=\"og:locale\" content=\"fr_FR\" \/>\n<meta property=\"og:type\" content=\"article\" \/>\n<meta property=\"og:title\" content=\"Il ritorno di Roger De Menech, candidato sindaco con &quot;Fare Comune&quot; a Ponte nelle Alpi - Bellunopress - Dolomiti\" \/>\n<meta property=\"og:description\" content=\"Roger De Menech torna in campo, a Ponte nelle Alpi. E si candida al ruolo di sindaco, in vista delle elezioni amministrative, in calendario l&#8217;8 e 9 giugno. Lo far\u00e0 alla guida della lista civica &#8220;Fare Comune&#8221;. Quello di Roger De Menech \u00e8 un filo con il territorio che non si \u00e8 mai realmente interrotto [&hellip;]\" \/>\n<meta property=\"og:url\" content=\"https:\/\/www.bellunopress.it\/fr\/2024\/03\/26\/il-ritorno-di-roger-de-menech-candidato-sindaco-con-fare-comune-a-ponte-nelle-alpi\/\" \/>\n<meta property=\"og:site_name\" content=\"Bellunopress - Dolomiti\" \/>\n<meta property=\"article:publisher\" content=\"https:\/\/www.facebook.com\/profile.php?id=100008943462799\" \/>\n<meta property=\"article:published_time\" content=\"2024-03-26T16:21:22+00:00\" \/>\n<meta property=\"og:image\" content=\"https:\/\/www.bellunopress.it\/wp-content\/uploads\/2024\/03\/Roger-De-Menech-Fare-Comune.jpg\" \/>\n\t<meta property=\"og:image:width\" content=\"1000\" \/>\n\t<meta property=\"og:image:height\" content=\"836\" \/>\n\t<meta property=\"og:image:type\" content=\"image\/jpeg\" \/>\n<meta name=\"author\" content=\"redazione\" \/>\n<meta name=\"twitter:card\" content=\"summary_large_image\" \/>\n<meta name=\"twitter:creator\" content=\"@bellunopress\" \/>\n<meta name=\"twitter:site\" content=\"@bellunopress\" \/>\n<meta name=\"twitter:label1\" content=\"\u00c9crit par\" \/>\n\t<meta name=\"twitter:data1\" content=\"redazione\" \/>\n\t<meta name=\"twitter:label2\" content=\"Dur\u00e9e de lecture estim\u00e9e\" \/>\n\t<meta name=\"twitter:data2\" content=\"2 minutes\" \/>\n<script type=\"application\/ld+json\" class=\"yoast-schema-graph\">{\"@context\":\"https:\\\/\\\/schema.org\",\"@graph\":[{\"@type\":\"Article\",\"@id\":\"https:\\\/\\\/www.bellunopress.it\\\/2024\\\/03\\\/26\\\/il-ritorno-di-roger-de-menech-candidato-sindaco-con-fare-comune-a-ponte-nelle-alpi\\\/#article\",\"isPartOf\":{\"@id\":\"https:\\\/\\\/www.bellunopress.it\\\/2024\\\/03\\\/26\\\/il-ritorno-di-roger-de-menech-candidato-sindaco-con-fare-comune-a-ponte-nelle-alpi\\\/\"},\"author\":{\"name\":\"redazione\",\"@id\":\"https:\\\/\\\/www.bellunopress.it\\\/#\\\/schema\\\/person\\\/79bb06722b37ece1c03d3e94beb30d73\"},\"headline\":\"Il ritorno di Roger De Menech, candidato sindaco con &#8220;Fare Comune&#8221; a Ponte nelle Alpi\",\"datePublished\":\"2024-03-26T16:21:22+00:00\",\"mainEntityOfPage\":{\"@id\":\"https:\\\/\\\/www.bellunopress.it\\\/2024\\\/03\\\/26\\\/il-ritorno-di-roger-de-menech-candidato-sindaco-con-fare-comune-a-ponte-nelle-alpi\\\/\"},\"wordCount\":502,\"publisher\":{\"@id\":\"https:\\\/\\\/www.bellunopress.it\\\/#organization\"},\"image\":{\"@id\":\"https:\\\/\\\/www.bellunopress.it\\\/2024\\\/03\\\/26\\\/il-ritorno-di-roger-de-menech-candidato-sindaco-con-fare-comune-a-ponte-nelle-alpi\\\/#primaryimage\"},\"thumbnailUrl\":\"https:\\\/\\\/www.bellunopress.it\\\/wp-content\\\/uploads\\\/2024\\\/03\\\/Roger-De-Menech-Fare-Comune.jpg\",\"articleSection\":[\"Cronaca\\\/Politica\",\"Prima Pagina\"],\"inLanguage\":\"fr-FR\"},{\"@type\":\"WebPage\",\"@id\":\"https:\\\/\\\/www.bellunopress.it\\\/2024\\\/03\\\/26\\\/il-ritorno-di-roger-de-menech-candidato-sindaco-con-fare-comune-a-ponte-nelle-alpi\\\/\",\"url\":\"https:\\\/\\\/www.bellunopress.it\\\/2024\\\/03\\\/26\\\/il-ritorno-di-roger-de-menech-candidato-sindaco-con-fare-comune-a-ponte-nelle-alpi\\\/\",\"name\":\"Il ritorno di Roger De Menech, candidato sindaco con \\\"Fare Comune\\\" a Ponte nelle Alpi - Bellunopress - Dolomiti\",\"isPartOf\":{\"@id\":\"https:\\\/\\\/www.bellunopress.it\\\/#website\"},\"primaryImageOfPage\":{\"@id\":\"https:\\\/\\\/www.bellunopress.it\\\/2024\\\/03\\\/26\\\/il-ritorno-di-roger-de-menech-candidato-sindaco-con-fare-comune-a-ponte-nelle-alpi\\\/#primaryimage\"},\"image\":{\"@id\":\"https:\\\/\\\/www.bellunopress.it\\\/2024\\\/03\\\/26\\\/il-ritorno-di-roger-de-menech-candidato-sindaco-con-fare-comune-a-ponte-nelle-alpi\\\/#primaryimage\"},\"thumbnailUrl\":\"https:\\\/\\\/www.bellunopress.it\\\/wp-content\\\/uploads\\\/2024\\\/03\\\/Roger-De-Menech-Fare-Comune.jpg\",\"datePublished\":\"2024-03-26T16:21:22+00:00\",\"breadcrumb\":{\"@id\":\"https:\\\/\\\/www.bellunopress.it\\\/2024\\\/03\\\/26\\\/il-ritorno-di-roger-de-menech-candidato-sindaco-con-fare-comune-a-ponte-nelle-alpi\\\/#breadcrumb\"},\"inLanguage\":\"fr-FR\",\"potentialAction\":[{\"@type\":\"ReadAction\",\"target\":[\"https:\\\/\\\/www.bellunopress.it\\\/2024\\\/03\\\/26\\\/il-ritorno-di-roger-de-menech-candidato-sindaco-con-fare-comune-a-ponte-nelle-alpi\\\/\"]}]},{\"@type\":\"ImageObject\",\"inLanguage\":\"fr-FR\",\"@id\":\"https:\\\/\\\/www.bellunopress.it\\\/2024\\\/03\\\/26\\\/il-ritorno-di-roger-de-menech-candidato-sindaco-con-fare-comune-a-ponte-nelle-alpi\\\/#primaryimage\",\"url\":\"https:\\\/\\\/www.bellunopress.it\\\/wp-content\\\/uploads\\\/2024\\\/03\\\/Roger-De-Menech-Fare-Comune.jpg\",\"contentUrl\":\"https:\\\/\\\/www.bellunopress.it\\\/wp-content\\\/uploads\\\/2024\\\/03\\\/Roger-De-Menech-Fare-Comune.jpg\",\"width\":1000,\"height\":836},{\"@type\":\"BreadcrumbList\",\"@id\":\"https:\\\/\\\/www.bellunopress.it\\\/2024\\\/03\\\/26\\\/il-ritorno-di-roger-de-menech-candidato-sindaco-con-fare-comune-a-ponte-nelle-alpi\\\/#breadcrumb\",\"itemListElement\":[{\"@type\":\"ListItem\",\"position\":1,\"name\":\"Home\",\"item\":\"https:\\\/\\\/www.bellunopress.it\\\/\"},{\"@type\":\"ListItem\",\"position\":2,\"name\":\"Il ritorno di Roger De Menech, candidato sindaco con &#8220;Fare Comune&#8221; a Ponte nelle Alpi\"}]},{\"@type\":\"WebSite\",\"@id\":\"https:\\\/\\\/www.bellunopress.it\\\/#website\",\"url\":\"https:\\\/\\\/www.bellunopress.it\\\/\",\"name\":\"Bellunopress - Dolomiti\",\"description\":\"e-mail: redazione@bellunopress.it\",\"publisher\":{\"@id\":\"https:\\\/\\\/www.bellunopress.it\\\/#organization\"},\"potentialAction\":[{\"@type\":\"SearchAction\",\"target\":{\"@type\":\"EntryPoint\",\"urlTemplate\":\"https:\\\/\\\/www.bellunopress.it\\\/?s={search_term_string}\"},\"query-input\":{\"@type\":\"PropertyValueSpecification\",\"valueRequired\":true,\"valueName\":\"search_term_string\"}}],\"inLanguage\":\"fr-FR\"},{\"@type\":\"Organization\",\"@id\":\"https:\\\/\\\/www.bellunopress.it\\\/#organization\",\"name\":\"Bellunopress\",\"url\":\"https:\\\/\\\/www.bellunopress.it\\\/\",\"logo\":{\"@type\":\"ImageObject\",\"inLanguage\":\"fr-FR\",\"@id\":\"https:\\\/\\\/www.bellunopress.it\\\/#\\\/schema\\\/logo\\\/image\\\/\",\"url\":\"https:\\\/\\\/www.bellunopress.it\\\/wp-content\\\/uploads\\\/2011\\\/05\\\/cropped-logo-bellunopress-.jpg\",\"contentUrl\":\"https:\\\/\\\/www.bellunopress.it\\\/wp-content\\\/uploads\\\/2011\\\/05\\\/cropped-logo-bellunopress-.jpg\",\"width\":512,\"height\":512,\"caption\":\"Bellunopress\"},\"image\":{\"@id\":\"https:\\\/\\\/www.bellunopress.it\\\/#\\\/schema\\\/logo\\\/image\\\/\"},\"sameAs\":[\"https:\\\/\\\/www.facebook.com\\\/profile.php?id=100008943462799\",\"https:\\\/\\\/x.com\\\/bellunopress\",\"https:\\\/\\\/www.linkedin.com\\\/hp\\\/?dnr=JBzUWaJfMUw8vbXJJ2tVW5-I3jZKvC4wsoxE&amp;amp;amp;amp;amp;amp;trk=nav_responsive_tab_home\",\"https:\\\/\\\/www.youtube.com\\\/channel\\\/UCxL0wu1uN0_3_7hGG0306cw\"]},{\"@type\":\"Person\",\"@id\":\"https:\\\/\\\/www.bellunopress.it\\\/#\\\/schema\\\/person\\\/79bb06722b37ece1c03d3e94beb30d73\",\"name\":\"redazione\",\"image\":{\"@type\":\"ImageObject\",\"inLanguage\":\"fr-FR\",\"@id\":\"https:\\\/\\\/secure.gravatar.com\\\/avatar\\\/37d968a2e67a6fd04c169c4bdef102d0bc5d31b2546345219e348575eb80e9a0?s=96&d=mm&r=g\",\"url\":\"https:\\\/\\\/secure.gravatar.com\\\/avatar\\\/37d968a2e67a6fd04c169c4bdef102d0bc5d31b2546345219e348575eb80e9a0?s=96&d=mm&r=g\",\"contentUrl\":\"https:\\\/\\\/secure.gravatar.com\\\/avatar\\\/37d968a2e67a6fd04c169c4bdef102d0bc5d31b2546345219e348575eb80e9a0?s=96&d=mm&r=g\",\"caption\":\"redazione\"},\"sameAs\":[\"http:\\\/\\\/www.bellunopress.it\",\"https:\\\/\\\/x.com\\\/bellunopress\"],\"url\":\"https:\\\/\\\/www.bellunopress.it\\\/fr\\\/author\\\/redazione\\\/\"}]}<\/script>\n<!-- \/ Yoast SEO plugin. -->","yoast_head_json":{"title":"Il ritorno di Roger De Menech, candidato sindaco con \"Fare Comune\" a Ponte nelle Alpi - Bellunopress - Dolomiti","robots":{"index":"index","follow":"follow","max-snippet":"max-snippet:-1","max-image-preview":"max-image-preview:large","max-video-preview":"max-video-preview:-1"},"canonical":"https:\/\/www.bellunopress.it\/fr\/2024\/03\/26\/il-ritorno-di-roger-de-menech-candidato-sindaco-con-fare-comune-a-ponte-nelle-alpi\/","og_locale":"fr_FR","og_type":"article","og_title":"Il ritorno di Roger De Menech, candidato sindaco con \"Fare Comune\" a Ponte nelle Alpi - Bellunopress - Dolomiti","og_description":"Roger De Menech torna in campo, a Ponte nelle Alpi. E si candida al ruolo di sindaco, in vista delle elezioni amministrative, in calendario l&#8217;8 e 9 giugno. Lo far\u00e0 alla guida della lista civica &#8220;Fare Comune&#8221;. Quello di Roger De Menech \u00e8 un filo con il territorio che non si \u00e8 mai realmente interrotto [&hellip;]","og_url":"https:\/\/www.bellunopress.it\/fr\/2024\/03\/26\/il-ritorno-di-roger-de-menech-candidato-sindaco-con-fare-comune-a-ponte-nelle-alpi\/","og_site_name":"Bellunopress - Dolomiti","article_publisher":"https:\/\/www.facebook.com\/profile.php?id=100008943462799","article_published_time":"2024-03-26T16:21:22+00:00","og_image":[{"width":1000,"height":836,"url":"https:\/\/www.bellunopress.it\/wp-content\/uploads\/2024\/03\/Roger-De-Menech-Fare-Comune.jpg","type":"image\/jpeg"}],"author":"redazione","twitter_card":"summary_large_image","twitter_creator":"@bellunopress","twitter_site":"@bellunopress","twitter_misc":{"\u00c9crit par":"redazione","Dur\u00e9e de lecture estim\u00e9e":"2 minutes"},"schema":{"@context":"https:\/\/schema.org","@graph":[{"@type":"Article","@id":"https:\/\/www.bellunopress.it\/2024\/03\/26\/il-ritorno-di-roger-de-menech-candidato-sindaco-con-fare-comune-a-ponte-nelle-alpi\/#article","isPartOf":{"@id":"https:\/\/www.bellunopress.it\/2024\/03\/26\/il-ritorno-di-roger-de-menech-candidato-sindaco-con-fare-comune-a-ponte-nelle-alpi\/"},"author":{"name":"redazione","@id":"https:\/\/www.bellunopress.it\/#\/schema\/person\/79bb06722b37ece1c03d3e94beb30d73"},"headline":"Il ritorno di Roger De Menech, candidato sindaco con &#8220;Fare Comune&#8221; a Ponte nelle Alpi","datePublished":"2024-03-26T16:21:22+00:00","mainEntityOfPage":{"@id":"https:\/\/www.bellunopress.it\/2024\/03\/26\/il-ritorno-di-roger-de-menech-candidato-sindaco-con-fare-comune-a-ponte-nelle-alpi\/"},"wordCount":502,"publisher":{"@id":"https:\/\/www.bellunopress.it\/#organization"},"image":{"@id":"https:\/\/www.bellunopress.it\/2024\/03\/26\/il-ritorno-di-roger-de-menech-candidato-sindaco-con-fare-comune-a-ponte-nelle-alpi\/#primaryimage"},"thumbnailUrl":"https:\/\/www.bellunopress.it\/wp-content\/uploads\/2024\/03\/Roger-De-Menech-Fare-Comune.jpg","articleSection":["Cronaca\/Politica","Prima Pagina"],"inLanguage":"fr-FR"},{"@type":"WebPage","@id":"https:\/\/www.bellunopress.it\/2024\/03\/26\/il-ritorno-di-roger-de-menech-candidato-sindaco-con-fare-comune-a-ponte-nelle-alpi\/","url":"https:\/\/www.bellunopress.it\/2024\/03\/26\/il-ritorno-di-roger-de-menech-candidato-sindaco-con-fare-comune-a-ponte-nelle-alpi\/","name":"Il ritorno di Roger De Menech, candidato sindaco con \"Fare Comune\" a Ponte nelle Alpi - Bellunopress - Dolomiti","isPartOf":{"@id":"https:\/\/www.bellunopress.it\/#website"},"primaryImageOfPage":{"@id":"https:\/\/www.bellunopress.it\/2024\/03\/26\/il-ritorno-di-roger-de-menech-candidato-sindaco-con-fare-comune-a-ponte-nelle-alpi\/#primaryimage"},"image":{"@id":"https:\/\/www.bellunopress.it\/2024\/03\/26\/il-ritorno-di-roger-de-menech-candidato-sindaco-con-fare-comune-a-ponte-nelle-alpi\/#primaryimage"},"thumbnailUrl":"https:\/\/www.bellunopress.it\/wp-content\/uploads\/2024\/03\/Roger-De-Menech-Fare-Comune.jpg","datePublished":"2024-03-26T16:21:22+00:00","breadcrumb":{"@id":"https:\/\/www.bellunopress.it\/2024\/03\/26\/il-ritorno-di-roger-de-menech-candidato-sindaco-con-fare-comune-a-ponte-nelle-alpi\/#breadcrumb"},"inLanguage":"fr-FR","potentialAction":[{"@type":"ReadAction","target":["https:\/\/www.bellunopress.it\/2024\/03\/26\/il-ritorno-di-roger-de-menech-candidato-sindaco-con-fare-comune-a-ponte-nelle-alpi\/"]}]},{"@type":"ImageObject","inLanguage":"fr-FR","@id":"https:\/\/www.bellunopress.it\/2024\/03\/26\/il-ritorno-di-roger-de-menech-candidato-sindaco-con-fare-comune-a-ponte-nelle-alpi\/#primaryimage","url":"https:\/\/www.bellunopress.it\/wp-content\/uploads\/2024\/03\/Roger-De-Menech-Fare-Comune.jpg","contentUrl":"https:\/\/www.bellunopress.it\/wp-content\/uploads\/2024\/03\/Roger-De-Menech-Fare-Comune.jpg","width":1000,"height":836},{"@type":"BreadcrumbList","@id":"https:\/\/www.bellunopress.it\/2024\/03\/26\/il-ritorno-di-roger-de-menech-candidato-sindaco-con-fare-comune-a-ponte-nelle-alpi\/#breadcrumb","itemListElement":[{"@type":"ListItem","position":1,"name":"Home","item":"https:\/\/www.bellunopress.it\/"},{"@type":"ListItem","position":2,"name":"Il ritorno di Roger De Menech, candidato sindaco con &#8220;Fare Comune&#8221; a Ponte nelle Alpi"}]},{"@type":"WebSite","@id":"https:\/\/www.bellunopress.it\/#website","url":"https:\/\/www.bellunopress.it\/","name":"Bellunopress - Dolomiti","description":"e-mail: redazione@bellunopress.it","publisher":{"@id":"https:\/\/www.bellunopress.it\/#organization"},"potentialAction":[{"@type":"SearchAction","target":{"@type":"EntryPoint","urlTemplate":"https:\/\/www.bellunopress.it\/?s={search_term_string}"},"query-input":{"@type":"PropertyValueSpecification","valueRequired":true,"valueName":"search_term_string"}}],"inLanguage":"fr-FR"},{"@type":"Organization","@id":"https:\/\/www.bellunopress.it\/#organization","name":"Bellunopress","url":"https:\/\/www.bellunopress.it\/","logo":{"@type":"ImageObject","inLanguage":"fr-FR","@id":"https:\/\/www.bellunopress.it\/#\/schema\/logo\/image\/","url":"https:\/\/www.bellunopress.it\/wp-content\/uploads\/2011\/05\/cropped-logo-bellunopress-.jpg","contentUrl":"https:\/\/www.bellunopress.it\/wp-content\/uploads\/2011\/05\/cropped-logo-bellunopress-.jpg","width":512,"height":512,"caption":"Bellunopress"},"image":{"@id":"https:\/\/www.bellunopress.it\/#\/schema\/logo\/image\/"},"sameAs":["https:\/\/www.facebook.com\/profile.php?id=100008943462799","https:\/\/x.com\/bellunopress","https:\/\/www.linkedin.com\/hp\/?dnr=JBzUWaJfMUw8vbXJJ2tVW5-I3jZKvC4wsoxE&amp;amp;amp;amp;amp;amp;trk=nav_responsive_tab_home","https:\/\/www.youtube.com\/channel\/UCxL0wu1uN0_3_7hGG0306cw"]},{"@type":"Person","@id":"https:\/\/www.bellunopress.it\/#\/schema\/person\/79bb06722b37ece1c03d3e94beb30d73","name":"r\u00e9daction","image":{"@type":"ImageObject","inLanguage":"fr-FR","@id":"https:\/\/secure.gravatar.com\/avatar\/37d968a2e67a6fd04c169c4bdef102d0bc5d31b2546345219e348575eb80e9a0?s=96&d=mm&r=g","url":"https:\/\/secure.gravatar.com\/avatar\/37d968a2e67a6fd04c169c4bdef102d0bc5d31b2546345219e348575eb80e9a0?s=96&d=mm&r=g","contentUrl":"https:\/\/secure.gravatar.com\/avatar\/37d968a2e67a6fd04c169c4bdef102d0bc5d31b2546345219e348575eb80e9a0?s=96&d=mm&r=g","caption":"redazione"},"sameAs":["http:\/\/www.bellunopress.it","https:\/\/x.com\/bellunopress"],"url":"https:\/\/www.bellunopress.it\/fr\/author\/redazione\/"}]}},"_links":{"self":[{"href":"https:\/\/www.bellunopress.it\/fr\/wp-json\/wp\/v2\/posts\/149492","targetHints":{"allow":["GET"]}}],"collection":[{"href":"https:\/\/www.bellunopress.it\/fr\/wp-json\/wp\/v2\/posts"}],"about":[{"href":"https:\/\/www.bellunopress.it\/fr\/wp-json\/wp\/v2\/types\/post"}],"author":[{"embeddable":true,"href":"https:\/\/www.bellunopress.it\/fr\/wp-json\/wp\/v2\/users\/2"}],"replies":[{"embeddable":true,"href":"https:\/\/www.bellunopress.it\/fr\/wp-json\/wp\/v2\/comments?post=149492"}],"version-history":[{"count":1,"href":"https:\/\/www.bellunopress.it\/fr\/wp-json\/wp\/v2\/posts\/149492\/revisions"}],"predecessor-version":[{"id":149496,"href":"https:\/\/www.bellunopress.it\/fr\/wp-json\/wp\/v2\/posts\/149492\/revisions\/149496"}],"wp:featuredmedia":[{"embeddable":true,"href":"https:\/\/www.bellunopress.it\/fr\/wp-json\/wp\/v2\/media\/149493"}],"wp:attachment":[{"href":"https:\/\/www.bellunopress.it\/fr\/wp-json\/wp\/v2\/media?parent=149492"}],"wp:term":[{"taxonomy":"category","embeddable":true,"href":"https:\/\/www.bellunopress.it\/fr\/wp-json\/wp\/v2\/categories?post=149492"},{"taxonomy":"post_tag","embeddable":true,"href":"https:\/\/www.bellunopress.it\/fr\/wp-json\/wp\/v2\/tags?post=149492"}],"curies":[{"name":"wp","href":"https:\/\/api.w.org\/{rel}","templated":true}]}}