{"id":14938,"date":"2010-05-04T15:49:51","date_gmt":"2010-05-04T14:49:51","guid":{"rendered":"http:\/\/www.bellunopress.it\/?p=14938"},"modified":"2010-05-04T15:49:51","modified_gmt":"2010-05-04T14:49:51","slug":"progetto-estivo-%e2%80%9ccsv-%e2%80%a6-volontario-anche-tu%e2%80%9d-l%e2%80%99-iniziativa-di-volontariato-estivo-rivolta-ai-giovani-tra-i-14-a-i-18-anni","status":"publish","type":"post","link":"https:\/\/www.bellunopress.it\/fr\/2010\/05\/04\/progetto-estivo-%e2%80%9ccsv-%e2%80%a6-volontario-anche-tu%e2%80%9d-l%e2%80%99-iniziativa-di-volontariato-estivo-rivolta-ai-giovani-tra-i-14-a-i-18-anni\/","title":{"rendered":"Progetto estivo \u201cCsv \u2026 volontario anche tu?\u201d L\u2019 iniziativa di volontariato estivo rivolta ai giovani tra i 14 a i 18 anni"},"content":{"rendered":"<p>Si \u00e8 conclusa la prima fase del progetto \u201cCsv\u2026 volontario anche tu?\u201d promosso nuovamente per l\u2019estate 2010 dal Centro di servizio di volontariato di Belluno allo scopo di \u201carruolare\u201d nelle associazioni bellunesi giovani dai 14 ai 18 anni. Il primo passo \u00e8 stato monitorare attraverso un questionario la disponibilit\u00e0 delle realt\u00e0 associative ad accogliere i ragazzi durante i mesi estivi. Un nutrito gruppo di associazioni ha risposto positivamente all\u2019invito entro il termine stabilito di fine marzo, con l\u2019impegno offrire ai giovani un progetto di volontariato estivo. Le adesioni sono arrivate da Croce Bianca di Arabba, Associazione Giovanni Conz di Sedico, La Fenice di Feltre, Anteas di Belluno, Il Girotondo di Rocca Pietore e Alleghe, Antenna Anziani di Belluno, Dante Alighieri di Belluno, Volontari Ambulanze Rocca Pietore e Alleghe, Croce Bianca di Selva di Cadore,. Croce Verde di Alleghe, Accanto all\u2019Anziano e\u2026 di Ponte nelle Alpi, Croce Verde Val Biois di Canale d\u2019Agordo, Pietra e Scalpellini di Castellavazzo, Anteas Il Focolare di Santa Giustina, DiA.Psi.Gra di Sospirolo, Il Girasole di Santo Stefano di Cadore, Associazione Belluno Tutela Malati di Belluno, Comitato d\u2019Intesa di Belluno, Cilp Centro internazionale Libro Parlato di Feltre, Auser di Arsi\u00e8, Famiglie di Portaperta di Feltre, Turrismo di Feltre, Anffas di Belluno. Ogni associazione ha anche ipotizzato il numero dei volontari da impiegare, che sommati tutti assieme raggiungono 110 posti disponibili. Altre realt\u00e0 associative potranno per\u00f2 aggiungersi a questo primo elenco. Presto inizieranno gli incontri con le singole associazioni per definire i dettagli del progetto e, infine, toccher\u00e0 ai ragazzi farsi avanti per \u201cprenotare\u201d un posto in una delle associazioni bellunesi nel periodo estivo. La mail da contattare \u00e8 <a href=\"mailto:volontarioanchetu@yahoo.it\">volontarioanchetu@yahoo.it<\/a>. A breve partir\u00e0 una campagna informativa del Csv sugli organi di informazione con tutti i dettagli del progetto ed \u00e8 stato anche predisposto un logo e uno slogan da promuovere nel corso della campagna. Lo scorso anno il progetto \u201cCsv\u2026 volontario anche tu?\u201d accolse un centinaio di giovani su circa 150 domande arrivate.<\/p>","protected":false},"excerpt":{"rendered":"<p>Si \u00e8 conclusa la prima fase del progetto \u201cCsv\u2026 volontario anche tu?\u201d promosso nuovamente per l\u2019estate 2010 dal Centro di servizio di volontariato di Belluno allo scopo di \u201carruolare\u201d nelle associazioni bellunesi giovani dai 14 ai 18 anni. Il primo passo \u00e8 stato monitorare attraverso un questionario la disponibilit\u00e0 delle realt\u00e0 associative ad accogliere i [&hellip;]<\/p>\n","protected":false},"author":2,"featured_media":0,"comment_status":"closed","ping_status":"open","sticky":false,"template":"","format":"standard","meta":{"footnotes":""},"categories":[26,15,8],"tags":[1438],"class_list":["post-14938","post","type-post","status-publish","format-standard","category-prima-pagina","category-scuola","category-societa-istituzioni","tag-progetto-estivo-csv--volontario-anche-tu-l-iniziativa-di-volontariato-estivo-rivolta-ai-giovani-tra-i-14-a-i-18-anni"],"yoast_head":"<!-- This site is optimized with the Yoast SEO plugin v28.4 - https:\/\/yoast.com\/product\/yoast-seo-wordpress\/ -->\n<title>Progetto estivo \u201cCsv \u2026 volontario anche tu?\u201d L\u2019 iniziativa di volontariato estivo rivolta ai giovani tra i 14 a i 18 anni  - Bellunopress - Dolomiti<\/title>\n<meta name=\"robots\" content=\"index, follow, max-snippet:-1, max-image-preview:large, max-video-preview:-1\" \/>\n<link rel=\"canonical\" href=\"https:\/\/www.bellunopress.it\/fr\/2010\/05\/04\/progetto-estivo-\u201ccsv-\u2026-volontario-anche-tu\u201d-l\u2019-iniziativa-di-volontariato-estivo-rivolta-ai-giovani-tra-i-14-a-i-18-anni\/\" \/>\n<meta property=\"og:locale\" content=\"fr_FR\" \/>\n<meta property=\"og:type\" content=\"article\" \/>\n<meta property=\"og:title\" content=\"Progetto estivo \u201cCsv \u2026 volontario anche tu?\u201d L\u2019 iniziativa di volontariato estivo rivolta ai giovani tra i 14 a i 18 anni  - Bellunopress - Dolomiti\" \/>\n<meta property=\"og:description\" content=\"Si \u00e8 conclusa la prima fase del progetto \u201cCsv\u2026 volontario anche tu?\u201d promosso nuovamente per l\u2019estate 2010 dal Centro di servizio di volontariato di Belluno allo scopo di \u201carruolare\u201d nelle associazioni bellunesi giovani dai 14 ai 18 anni. Il primo passo \u00e8 stato monitorare attraverso un questionario la disponibilit\u00e0 delle realt\u00e0 associative ad accogliere i [&hellip;]\" \/>\n<meta property=\"og:url\" content=\"https:\/\/www.bellunopress.it\/fr\/2010\/05\/04\/progetto-estivo-\u201ccsv-\u2026-volontario-anche-tu\u201d-l\u2019-iniziativa-di-volontariato-estivo-rivolta-ai-giovani-tra-i-14-a-i-18-anni\/\" \/>\n<meta property=\"og:site_name\" content=\"Bellunopress - Dolomiti\" \/>\n<meta property=\"article:publisher\" content=\"https:\/\/www.facebook.com\/profile.php?id=100008943462799\" \/>\n<meta property=\"article:published_time\" content=\"2010-05-04T14:49:51+00:00\" \/>\n<meta property=\"og:image\" content=\"http:\/\/www.bellunopress.it\/wp-content\/uploads\/2012\/07\/logo-bellunopress-250x250-2012.jpg\" \/>\n<meta name=\"author\" content=\"redazione\" \/>\n<meta name=\"twitter:card\" content=\"summary_large_image\" \/>\n<meta name=\"twitter:creator\" content=\"@bellunopress\" \/>\n<meta name=\"twitter:site\" content=\"@bellunopress\" \/>\n<meta name=\"twitter:label1\" content=\"\u00c9crit par\" \/>\n\t<meta name=\"twitter:data1\" content=\"redazione\" \/>\n\t<meta name=\"twitter:label2\" content=\"Dur\u00e9e de lecture estim\u00e9e\" \/>\n\t<meta name=\"twitter:data2\" content=\"2 minutes\" \/>\n<script type=\"application\/ld+json\" class=\"yoast-schema-graph\">{\"@context\":\"https:\\\/\\\/schema.org\",\"@graph\":[{\"@type\":\"Article\",\"@id\":\"https:\\\/\\\/www.bellunopress.it\\\/2010\\\/05\\\/04\\\/progetto-estivo-%e2%80%9ccsv-%e2%80%a6-volontario-anche-tu%e2%80%9d-l%e2%80%99-iniziativa-di-volontariato-estivo-rivolta-ai-giovani-tra-i-14-a-i-18-anni\\\/#article\",\"isPartOf\":{\"@id\":\"https:\\\/\\\/www.bellunopress.it\\\/2010\\\/05\\\/04\\\/progetto-estivo-%e2%80%9ccsv-%e2%80%a6-volontario-anche-tu%e2%80%9d-l%e2%80%99-iniziativa-di-volontariato-estivo-rivolta-ai-giovani-tra-i-14-a-i-18-anni\\\/\"},\"author\":{\"name\":\"redazione\",\"@id\":\"https:\\\/\\\/www.bellunopress.it\\\/#\\\/schema\\\/person\\\/79bb06722b37ece1c03d3e94beb30d73\"},\"headline\":\"Progetto estivo \u201cCsv \u2026 volontario anche tu?\u201d L\u2019 iniziativa di volontariato estivo rivolta ai giovani tra i 14 a i 18 anni\",\"datePublished\":\"2010-05-04T14:49:51+00:00\",\"mainEntityOfPage\":{\"@id\":\"https:\\\/\\\/www.bellunopress.it\\\/2010\\\/05\\\/04\\\/progetto-estivo-%e2%80%9ccsv-%e2%80%a6-volontario-anche-tu%e2%80%9d-l%e2%80%99-iniziativa-di-volontariato-estivo-rivolta-ai-giovani-tra-i-14-a-i-18-anni\\\/\"},\"wordCount\":345,\"publisher\":{\"@id\":\"https:\\\/\\\/www.bellunopress.it\\\/#organization\"},\"keywords\":[\"Progetto estivo \u201cCsv \u2026 volontario anche tu?\u201d L\u2019 iniziativa di volontariato estivo rivolta ai giovani tra i 14 a i 18 anni\"],\"articleSection\":[\"Prima Pagina\",\"Scuola\",\"Societ\u00e0, Associazioni, Istituzioni\"],\"inLanguage\":\"fr-FR\"},{\"@type\":\"WebPage\",\"@id\":\"https:\\\/\\\/www.bellunopress.it\\\/2010\\\/05\\\/04\\\/progetto-estivo-%e2%80%9ccsv-%e2%80%a6-volontario-anche-tu%e2%80%9d-l%e2%80%99-iniziativa-di-volontariato-estivo-rivolta-ai-giovani-tra-i-14-a-i-18-anni\\\/\",\"url\":\"https:\\\/\\\/www.bellunopress.it\\\/2010\\\/05\\\/04\\\/progetto-estivo-%e2%80%9ccsv-%e2%80%a6-volontario-anche-tu%e2%80%9d-l%e2%80%99-iniziativa-di-volontariato-estivo-rivolta-ai-giovani-tra-i-14-a-i-18-anni\\\/\",\"name\":\"Progetto estivo \u201cCsv \u2026 volontario anche tu?\u201d L\u2019 iniziativa di volontariato estivo rivolta ai giovani tra i 14 a i 18 anni - Bellunopress - Dolomiti\",\"isPartOf\":{\"@id\":\"https:\\\/\\\/www.bellunopress.it\\\/#website\"},\"datePublished\":\"2010-05-04T14:49:51+00:00\",\"breadcrumb\":{\"@id\":\"https:\\\/\\\/www.bellunopress.it\\\/2010\\\/05\\\/04\\\/progetto-estivo-%e2%80%9ccsv-%e2%80%a6-volontario-anche-tu%e2%80%9d-l%e2%80%99-iniziativa-di-volontariato-estivo-rivolta-ai-giovani-tra-i-14-a-i-18-anni\\\/#breadcrumb\"},\"inLanguage\":\"fr-FR\",\"potentialAction\":[{\"@type\":\"ReadAction\",\"target\":[\"https:\\\/\\\/www.bellunopress.it\\\/2010\\\/05\\\/04\\\/progetto-estivo-%e2%80%9ccsv-%e2%80%a6-volontario-anche-tu%e2%80%9d-l%e2%80%99-iniziativa-di-volontariato-estivo-rivolta-ai-giovani-tra-i-14-a-i-18-anni\\\/\"]}]},{\"@type\":\"BreadcrumbList\",\"@id\":\"https:\\\/\\\/www.bellunopress.it\\\/2010\\\/05\\\/04\\\/progetto-estivo-%e2%80%9ccsv-%e2%80%a6-volontario-anche-tu%e2%80%9d-l%e2%80%99-iniziativa-di-volontariato-estivo-rivolta-ai-giovani-tra-i-14-a-i-18-anni\\\/#breadcrumb\",\"itemListElement\":[{\"@type\":\"ListItem\",\"position\":1,\"name\":\"Home\",\"item\":\"https:\\\/\\\/www.bellunopress.it\\\/\"},{\"@type\":\"ListItem\",\"position\":2,\"name\":\"Progetto estivo \u201cCsv \u2026 volontario anche tu?\u201d L\u2019 iniziativa di volontariato estivo rivolta ai giovani tra i 14 a i 18 anni\"}]},{\"@type\":\"WebSite\",\"@id\":\"https:\\\/\\\/www.bellunopress.it\\\/#website\",\"url\":\"https:\\\/\\\/www.bellunopress.it\\\/\",\"name\":\"Bellunopress - Dolomiti\",\"description\":\"e-mail: redazione@bellunopress.it\",\"publisher\":{\"@id\":\"https:\\\/\\\/www.bellunopress.it\\\/#organization\"},\"potentialAction\":[{\"@type\":\"SearchAction\",\"target\":{\"@type\":\"EntryPoint\",\"urlTemplate\":\"https:\\\/\\\/www.bellunopress.it\\\/?s={search_term_string}\"},\"query-input\":{\"@type\":\"PropertyValueSpecification\",\"valueRequired\":true,\"valueName\":\"search_term_string\"}}],\"inLanguage\":\"fr-FR\"},{\"@type\":\"Organization\",\"@id\":\"https:\\\/\\\/www.bellunopress.it\\\/#organization\",\"name\":\"Bellunopress\",\"url\":\"https:\\\/\\\/www.bellunopress.it\\\/\",\"logo\":{\"@type\":\"ImageObject\",\"inLanguage\":\"fr-FR\",\"@id\":\"https:\\\/\\\/www.bellunopress.it\\\/#\\\/schema\\\/logo\\\/image\\\/\",\"url\":\"https:\\\/\\\/www.bellunopress.it\\\/wp-content\\\/uploads\\\/2011\\\/05\\\/cropped-logo-bellunopress-.jpg\",\"contentUrl\":\"https:\\\/\\\/www.bellunopress.it\\\/wp-content\\\/uploads\\\/2011\\\/05\\\/cropped-logo-bellunopress-.jpg\",\"width\":512,\"height\":512,\"caption\":\"Bellunopress\"},\"image\":{\"@id\":\"https:\\\/\\\/www.bellunopress.it\\\/#\\\/schema\\\/logo\\\/image\\\/\"},\"sameAs\":[\"https:\\\/\\\/www.facebook.com\\\/profile.php?id=100008943462799\",\"https:\\\/\\\/x.com\\\/bellunopress\",\"https:\\\/\\\/www.linkedin.com\\\/hp\\\/?dnr=JBzUWaJfMUw8vbXJJ2tVW5-I3jZKvC4wsoxE&amp;amp;amp;amp;amp;amp;trk=nav_responsive_tab_home\",\"https:\\\/\\\/www.youtube.com\\\/channel\\\/UCxL0wu1uN0_3_7hGG0306cw\"]},{\"@type\":\"Person\",\"@id\":\"https:\\\/\\\/www.bellunopress.it\\\/#\\\/schema\\\/person\\\/79bb06722b37ece1c03d3e94beb30d73\",\"name\":\"redazione\",\"image\":{\"@type\":\"ImageObject\",\"inLanguage\":\"fr-FR\",\"@id\":\"https:\\\/\\\/secure.gravatar.com\\\/avatar\\\/37d968a2e67a6fd04c169c4bdef102d0bc5d31b2546345219e348575eb80e9a0?s=96&d=mm&r=g\",\"url\":\"https:\\\/\\\/secure.gravatar.com\\\/avatar\\\/37d968a2e67a6fd04c169c4bdef102d0bc5d31b2546345219e348575eb80e9a0?s=96&d=mm&r=g\",\"contentUrl\":\"https:\\\/\\\/secure.gravatar.com\\\/avatar\\\/37d968a2e67a6fd04c169c4bdef102d0bc5d31b2546345219e348575eb80e9a0?s=96&d=mm&r=g\",\"caption\":\"redazione\"},\"sameAs\":[\"http:\\\/\\\/www.bellunopress.it\",\"https:\\\/\\\/x.com\\\/bellunopress\"],\"url\":\"https:\\\/\\\/www.bellunopress.it\\\/fr\\\/author\\\/redazione\\\/\"}]}<\/script>\n<!-- \/ Yoast SEO plugin. -->","yoast_head_json":{"title":"Progetto estivo \u201cCsv \u2026 volontario anche tu?\u201d L\u2019 iniziativa di volontariato estivo rivolta ai giovani tra i 14 a i 18 anni  - Bellunopress - Dolomiti","robots":{"index":"index","follow":"follow","max-snippet":"max-snippet:-1","max-image-preview":"max-image-preview:large","max-video-preview":"max-video-preview:-1"},"canonical":"https:\/\/www.bellunopress.it\/fr\/2010\/05\/04\/progetto-estivo-\u201ccsv-\u2026-volontario-anche-tu\u201d-l\u2019-iniziativa-di-volontariato-estivo-rivolta-ai-giovani-tra-i-14-a-i-18-anni\/","og_locale":"fr_FR","og_type":"article","og_title":"Progetto estivo \u201cCsv \u2026 volontario anche tu?\u201d L\u2019 iniziativa di volontariato estivo rivolta ai giovani tra i 14 a i 18 anni  - Bellunopress - Dolomiti","og_description":"Si \u00e8 conclusa la prima fase del progetto \u201cCsv\u2026 volontario anche tu?\u201d promosso nuovamente per l\u2019estate 2010 dal Centro di servizio di volontariato di Belluno allo scopo di \u201carruolare\u201d nelle associazioni bellunesi giovani dai 14 ai 18 anni. Il primo passo \u00e8 stato monitorare attraverso un questionario la disponibilit\u00e0 delle realt\u00e0 associative ad accogliere i [&hellip;]","og_url":"https:\/\/www.bellunopress.it\/fr\/2010\/05\/04\/progetto-estivo-\u201ccsv-\u2026-volontario-anche-tu\u201d-l\u2019-iniziativa-di-volontariato-estivo-rivolta-ai-giovani-tra-i-14-a-i-18-anni\/","og_site_name":"Bellunopress - Dolomiti","article_publisher":"https:\/\/www.facebook.com\/profile.php?id=100008943462799","article_published_time":"2010-05-04T14:49:51+00:00","og_image":[{"url":"http:\/\/www.bellunopress.it\/wp-content\/uploads\/2012\/07\/logo-bellunopress-250x250-2012.jpg","type":"","width":"","height":""}],"author":"redazione","twitter_card":"summary_large_image","twitter_creator":"@bellunopress","twitter_site":"@bellunopress","twitter_misc":{"\u00c9crit par":"redazione","Dur\u00e9e de lecture estim\u00e9e":"2 minutes"},"schema":{"@context":"https:\/\/schema.org","@graph":[{"@type":"Article","@id":"https:\/\/www.bellunopress.it\/2010\/05\/04\/progetto-estivo-%e2%80%9ccsv-%e2%80%a6-volontario-anche-tu%e2%80%9d-l%e2%80%99-iniziativa-di-volontariato-estivo-rivolta-ai-giovani-tra-i-14-a-i-18-anni\/#article","isPartOf":{"@id":"https:\/\/www.bellunopress.it\/2010\/05\/04\/progetto-estivo-%e2%80%9ccsv-%e2%80%a6-volontario-anche-tu%e2%80%9d-l%e2%80%99-iniziativa-di-volontariato-estivo-rivolta-ai-giovani-tra-i-14-a-i-18-anni\/"},"author":{"name":"redazione","@id":"https:\/\/www.bellunopress.it\/#\/schema\/person\/79bb06722b37ece1c03d3e94beb30d73"},"headline":"Progetto estivo \u201cCsv \u2026 volontario anche tu?\u201d L\u2019 iniziativa di volontariato estivo rivolta ai giovani tra i 14 a i 18 anni","datePublished":"2010-05-04T14:49:51+00:00","mainEntityOfPage":{"@id":"https:\/\/www.bellunopress.it\/2010\/05\/04\/progetto-estivo-%e2%80%9ccsv-%e2%80%a6-volontario-anche-tu%e2%80%9d-l%e2%80%99-iniziativa-di-volontariato-estivo-rivolta-ai-giovani-tra-i-14-a-i-18-anni\/"},"wordCount":345,"publisher":{"@id":"https:\/\/www.bellunopress.it\/#organization"},"keywords":["Progetto estivo \u201cCsv \u2026 volontario anche tu?\u201d L\u2019 iniziativa di volontariato estivo rivolta ai giovani tra i 14 a i 18 anni"],"articleSection":["Prima Pagina","Scuola","Societ\u00e0, Associazioni, Istituzioni"],"inLanguage":"fr-FR"},{"@type":"WebPage","@id":"https:\/\/www.bellunopress.it\/2010\/05\/04\/progetto-estivo-%e2%80%9ccsv-%e2%80%a6-volontario-anche-tu%e2%80%9d-l%e2%80%99-iniziativa-di-volontariato-estivo-rivolta-ai-giovani-tra-i-14-a-i-18-anni\/","url":"https:\/\/www.bellunopress.it\/2010\/05\/04\/progetto-estivo-%e2%80%9ccsv-%e2%80%a6-volontario-anche-tu%e2%80%9d-l%e2%80%99-iniziativa-di-volontariato-estivo-rivolta-ai-giovani-tra-i-14-a-i-18-anni\/","name":"Progetto estivo \u201cCsv \u2026 volontario anche tu?\u201d L\u2019 iniziativa di volontariato estivo rivolta ai giovani tra i 14 a i 18 anni - Bellunopress - Dolomiti","isPartOf":{"@id":"https:\/\/www.bellunopress.it\/#website"},"datePublished":"2010-05-04T14:49:51+00:00","breadcrumb":{"@id":"https:\/\/www.bellunopress.it\/2010\/05\/04\/progetto-estivo-%e2%80%9ccsv-%e2%80%a6-volontario-anche-tu%e2%80%9d-l%e2%80%99-iniziativa-di-volontariato-estivo-rivolta-ai-giovani-tra-i-14-a-i-18-anni\/#breadcrumb"},"inLanguage":"fr-FR","potentialAction":[{"@type":"ReadAction","target":["https:\/\/www.bellunopress.it\/2010\/05\/04\/progetto-estivo-%e2%80%9ccsv-%e2%80%a6-volontario-anche-tu%e2%80%9d-l%e2%80%99-iniziativa-di-volontariato-estivo-rivolta-ai-giovani-tra-i-14-a-i-18-anni\/"]}]},{"@type":"BreadcrumbList","@id":"https:\/\/www.bellunopress.it\/2010\/05\/04\/progetto-estivo-%e2%80%9ccsv-%e2%80%a6-volontario-anche-tu%e2%80%9d-l%e2%80%99-iniziativa-di-volontariato-estivo-rivolta-ai-giovani-tra-i-14-a-i-18-anni\/#breadcrumb","itemListElement":[{"@type":"ListItem","position":1,"name":"Home","item":"https:\/\/www.bellunopress.it\/"},{"@type":"ListItem","position":2,"name":"Progetto estivo \u201cCsv \u2026 volontario anche tu?\u201d L\u2019 iniziativa di volontariato estivo rivolta ai giovani tra i 14 a i 18 anni"}]},{"@type":"WebSite","@id":"https:\/\/www.bellunopress.it\/#website","url":"https:\/\/www.bellunopress.it\/","name":"Bellunopress - Dolomiti","description":"e-mail: redazione@bellunopress.it","publisher":{"@id":"https:\/\/www.bellunopress.it\/#organization"},"potentialAction":[{"@type":"SearchAction","target":{"@type":"EntryPoint","urlTemplate":"https:\/\/www.bellunopress.it\/?s={search_term_string}"},"query-input":{"@type":"PropertyValueSpecification","valueRequired":true,"valueName":"search_term_string"}}],"inLanguage":"fr-FR"},{"@type":"Organization","@id":"https:\/\/www.bellunopress.it\/#organization","name":"Bellunopress","url":"https:\/\/www.bellunopress.it\/","logo":{"@type":"ImageObject","inLanguage":"fr-FR","@id":"https:\/\/www.bellunopress.it\/#\/schema\/logo\/image\/","url":"https:\/\/www.bellunopress.it\/wp-content\/uploads\/2011\/05\/cropped-logo-bellunopress-.jpg","contentUrl":"https:\/\/www.bellunopress.it\/wp-content\/uploads\/2011\/05\/cropped-logo-bellunopress-.jpg","width":512,"height":512,"caption":"Bellunopress"},"image":{"@id":"https:\/\/www.bellunopress.it\/#\/schema\/logo\/image\/"},"sameAs":["https:\/\/www.facebook.com\/profile.php?id=100008943462799","https:\/\/x.com\/bellunopress","https:\/\/www.linkedin.com\/hp\/?dnr=JBzUWaJfMUw8vbXJJ2tVW5-I3jZKvC4wsoxE&amp;amp;amp;amp;amp;amp;trk=nav_responsive_tab_home","https:\/\/www.youtube.com\/channel\/UCxL0wu1uN0_3_7hGG0306cw"]},{"@type":"Person","@id":"https:\/\/www.bellunopress.it\/#\/schema\/person\/79bb06722b37ece1c03d3e94beb30d73","name":"r\u00e9daction","image":{"@type":"ImageObject","inLanguage":"fr-FR","@id":"https:\/\/secure.gravatar.com\/avatar\/37d968a2e67a6fd04c169c4bdef102d0bc5d31b2546345219e348575eb80e9a0?s=96&d=mm&r=g","url":"https:\/\/secure.gravatar.com\/avatar\/37d968a2e67a6fd04c169c4bdef102d0bc5d31b2546345219e348575eb80e9a0?s=96&d=mm&r=g","contentUrl":"https:\/\/secure.gravatar.com\/avatar\/37d968a2e67a6fd04c169c4bdef102d0bc5d31b2546345219e348575eb80e9a0?s=96&d=mm&r=g","caption":"redazione"},"sameAs":["http:\/\/www.bellunopress.it","https:\/\/x.com\/bellunopress"],"url":"https:\/\/www.bellunopress.it\/fr\/author\/redazione\/"}]}},"_links":{"self":[{"href":"https:\/\/www.bellunopress.it\/fr\/wp-json\/wp\/v2\/posts\/14938","targetHints":{"allow":["GET"]}}],"collection":[{"href":"https:\/\/www.bellunopress.it\/fr\/wp-json\/wp\/v2\/posts"}],"about":[{"href":"https:\/\/www.bellunopress.it\/fr\/wp-json\/wp\/v2\/types\/post"}],"author":[{"embeddable":true,"href":"https:\/\/www.bellunopress.it\/fr\/wp-json\/wp\/v2\/users\/2"}],"replies":[{"embeddable":true,"href":"https:\/\/www.bellunopress.it\/fr\/wp-json\/wp\/v2\/comments?post=14938"}],"version-history":[{"count":1,"href":"https:\/\/www.bellunopress.it\/fr\/wp-json\/wp\/v2\/posts\/14938\/revisions"}],"predecessor-version":[{"id":14939,"href":"https:\/\/www.bellunopress.it\/fr\/wp-json\/wp\/v2\/posts\/14938\/revisions\/14939"}],"wp:attachment":[{"href":"https:\/\/www.bellunopress.it\/fr\/wp-json\/wp\/v2\/media?parent=14938"}],"wp:term":[{"taxonomy":"category","embeddable":true,"href":"https:\/\/www.bellunopress.it\/fr\/wp-json\/wp\/v2\/categories?post=14938"},{"taxonomy":"post_tag","embeddable":true,"href":"https:\/\/www.bellunopress.it\/fr\/wp-json\/wp\/v2\/tags?post=14938"}],"curies":[{"name":"wp","href":"https:\/\/api.w.org\/{rel}","templated":true}]}}