{"id":149093,"date":"2024-03-13T09:39:45","date_gmt":"2024-03-13T08:39:45","guid":{"rendered":"https:\/\/www.bellunopress.it\/?p=149093"},"modified":"2024-03-13T07:43:43","modified_gmt":"2024-03-13T06:43:43","slug":"feltre-si-conclude-con-successo-il-progetto-green-hub-lassociazione-apre-a-nuove-opportunita-internazionali","status":"publish","type":"post","link":"https:\/\/www.bellunopress.it\/fr\/2024\/03\/13\/feltre-si-conclude-con-successo-il-progetto-green-hub-lassociazione-apre-a-nuove-opportunita-internazionali\/","title":{"rendered":"Feltre. Si conclude con successo il progetto \u201cGreen Hub\u201d. L\u2019associazione apre a nuove opportunit\u00e0 internazionali"},"content":{"rendered":"<p><img loading=\"lazy\" decoding=\"async\" class=\"alignleft size-full wp-image-149094\" src=\"https:\/\/www.bellunopress.it\/wp-content\/uploads\/2024\/03\/Sustainable-Vibes-APS_edited.jpg\" alt=\"\" width=\"1000\" height=\"810\" srcset=\"https:\/\/www.bellunopress.it\/wp-content\/uploads\/2024\/03\/Sustainable-Vibes-APS_edited.jpg 1000w, https:\/\/www.bellunopress.it\/wp-content\/uploads\/2024\/03\/Sustainable-Vibes-APS_edited-500x405.jpg 500w, https:\/\/www.bellunopress.it\/wp-content\/uploads\/2024\/03\/Sustainable-Vibes-APS_edited-519x420.jpg 519w, https:\/\/www.bellunopress.it\/wp-content\/uploads\/2024\/03\/Sustainable-Vibes-APS_edited-696x564.jpg 696w\" sizes=\"auto, (max-width: 1000px) 100vw, 1000px\" \/>Trasformare la sede dell\u2019associazione in un community hub a servizio dei giovani del territorio. E\u2019 questo l\u2019obiettivo principale del progetto &#8220;Green Hub\u201d, ormai giunto a conclusione, ideato da un gruppo di giovani volontari dell\u2019associazione &#8220;Sustainable Vibes APS\u201d e finanziato dall\u2019Agenzia Italiana per la Giovent\u00f9 grazie ai fondi stanziati dal programma European Solidarity Corps.<\/p>\n<p>Le attivit\u00e0 proposte hanno visto l\u2019ideazione di una serie di iniziative coinvolgenti, tutte gratuite e aperte alla partecipazione dei giovani residenti nel feltrino. I laboratori artistici di riciclo creativo e di architettura partecipata hanno permesso ai partecipanti di dare vita ad arredi originali utilizzando materiali di recupero, mentre i laboratori musicali hanno offerto loro l&#8217;opportunit\u00e0 di sperimentare la musica con strumenti e oggetti di scarto. Inoltre, \u00e8 stata avviata la sperimentazione di un orto sociale, che ha insegnato ai giovani l&#8217;importanza della collaborazione attraverso l&#8217;esperienza pratica della coltivazione condivisa. Ma le attivit\u00e0 del Green Hub non si sono limitate a queste esperienze. La sede \u00e8 stata il fulcro di numerosi eventi culturali, tra cui cineforum, swap party, aperitivi europei e serate interculturali, che hanno favorito l&#8217;incontro e lo scambio tra giovani di background diversi.<br \/>\n\u201d\u00c8 stata un&#8217;esperienza incredibile vedere quanto i giovani abbiano abbracciato con entusiasmo le opportunit\u00e0 offerte dal Green Hub. La vivace e creativa atmosfera ha alimentato la loro partecipazione attiva: qui tutti hanno modo di esprimersi liberamente, di condividere idee e proposte&#8221;, affermano gli organizzatori. &#8220;Siamo estremamente felici di constatare che la nostra associazione, originariamente nata come un semplice gruppo informale, stia crescendo costantemente, impegnandosi sempre di pi\u00f9 nella promozione di iniziative sostenibili e solidali a beneficio della nostra comunit\u00e0. Invitiamo calorosamente tutti coloro che sono interessati a contattarci: siamo sempre aperti a nuove idee, proposte e collaborazioni\u201d.<\/p>\n<p>Con la conclusione del progetto l&#8217;associazione &#8220;Sustainable Vibes APS&#8221; si prepara ora ad offrire nuove opportunit\u00e0 ai giovani del territorio. \u00c8 aperta la selezione per 5 giovani under 30 interessati a prendere parte allo youth exchange dal titolo \u201cSpaces that Educate\u201d, che si terr\u00e0 a Malaga (Spagna) dal 20 al 31 maggio 2024.<br \/>\nIl progetto, cofinanziato dal programma Erasmus+, si rivolge a giovani desiderosi di approfondire la propria conoscenza sulla tematica dello sviluppo sostenibile e dell\u2019educazione alla sostenibilit\u00e0 attraverso laboratori pratici ed interattivi basati su metodologie legate all\u2019educazione non formale.<br \/>\nPer partecipare alla selezione \u00e8 richiesta una buona conoscenza della lingua inglese, motivazione e voglia di mettersi in gioco. L&#8217;associazione &#8220;Sustainable Vibes APS&#8221; rimborser\u00e0 le spese di trasporto fino ad un massimale di 275 euro\/partecipante e si occuper\u00e0 direttamente delle spese di vitto e alloggio; ai soli selezionati sar\u00e0 richiesta una quota di partecipazione di 80,00 euro.<\/p>\n<p>Per candidarsi, \u00e8 necessario inviare il proprio curriculum all\u2019indirizzo:<br \/>\nsustainablevibesbelluno@gmail.com entro e non oltre la giornata di venerd\u00ec 12 aprile 2024.<\/p>","protected":false},"excerpt":{"rendered":"<p>Trasformare la sede dell\u2019associazione in un community hub a servizio dei giovani del territorio. E\u2019 questo l\u2019obiettivo principale del progetto &#8220;Green Hub\u201d, ormai giunto a conclusione, ideato da un gruppo di giovani volontari dell\u2019associazione &#8220;Sustainable Vibes APS\u201d e finanziato dall\u2019Agenzia Italiana per la Giovent\u00f9 grazie ai fondi stanziati dal programma European Solidarity Corps. Le attivit\u00e0 [&hellip;]<\/p>\n","protected":false},"author":2,"featured_media":149094,"comment_status":"closed","ping_status":"open","sticky":false,"template":"","format":"standard","meta":{"footnotes":""},"categories":[25,8],"tags":[],"class_list":["post-149093","post","type-post","status-publish","format-standard","has-post-thumbnail","category-pausa-caffe","category-societa-istituzioni"],"yoast_head":"<!-- This site is optimized with the Yoast SEO plugin v28.4 - https:\/\/yoast.com\/product\/yoast-seo-wordpress\/ -->\n<title>Feltre. Si conclude con successo il progetto \u201cGreen Hub\u201d. L\u2019associazione apre a nuove opportunit\u00e0 internazionali - Bellunopress - Dolomiti<\/title>\n<meta name=\"robots\" content=\"index, follow, max-snippet:-1, max-image-preview:large, max-video-preview:-1\" \/>\n<link rel=\"canonical\" href=\"https:\/\/www.bellunopress.it\/fr\/2024\/03\/13\/feltre-si-conclude-con-successo-il-progetto-green-hub-lassociazione-apre-a-nuove-opportunita-internazionali\/\" \/>\n<meta property=\"og:locale\" content=\"fr_FR\" \/>\n<meta property=\"og:type\" content=\"article\" \/>\n<meta property=\"og:title\" content=\"Feltre. Si conclude con successo il progetto \u201cGreen Hub\u201d. L\u2019associazione apre a nuove opportunit\u00e0 internazionali - Bellunopress - Dolomiti\" \/>\n<meta property=\"og:description\" content=\"Trasformare la sede dell\u2019associazione in un community hub a servizio dei giovani del territorio. E\u2019 questo l\u2019obiettivo principale del progetto &#8220;Green Hub\u201d, ormai giunto a conclusione, ideato da un gruppo di giovani volontari dell\u2019associazione &#8220;Sustainable Vibes APS\u201d e finanziato dall\u2019Agenzia Italiana per la Giovent\u00f9 grazie ai fondi stanziati dal programma European Solidarity Corps. Le attivit\u00e0 [&hellip;]\" \/>\n<meta property=\"og:url\" content=\"https:\/\/www.bellunopress.it\/fr\/2024\/03\/13\/feltre-si-conclude-con-successo-il-progetto-green-hub-lassociazione-apre-a-nuove-opportunita-internazionali\/\" \/>\n<meta property=\"og:site_name\" content=\"Bellunopress - Dolomiti\" \/>\n<meta property=\"article:publisher\" content=\"https:\/\/www.facebook.com\/profile.php?id=100008943462799\" \/>\n<meta property=\"article:published_time\" content=\"2024-03-13T08:39:45+00:00\" \/>\n<meta property=\"og:image\" content=\"https:\/\/www.bellunopress.it\/wp-content\/uploads\/2024\/03\/Sustainable-Vibes-APS_edited.jpg\" \/>\n\t<meta property=\"og:image:width\" content=\"1000\" \/>\n\t<meta property=\"og:image:height\" content=\"810\" \/>\n\t<meta property=\"og:image:type\" content=\"image\/jpeg\" \/>\n<meta name=\"author\" content=\"redazione\" \/>\n<meta name=\"twitter:card\" content=\"summary_large_image\" \/>\n<meta name=\"twitter:creator\" content=\"@bellunopress\" \/>\n<meta name=\"twitter:site\" content=\"@bellunopress\" \/>\n<meta name=\"twitter:label1\" content=\"\u00c9crit par\" \/>\n\t<meta name=\"twitter:data1\" content=\"redazione\" \/>\n\t<meta name=\"twitter:label2\" content=\"Dur\u00e9e de lecture estim\u00e9e\" \/>\n\t<meta name=\"twitter:data2\" content=\"2 minutes\" \/>\n<script type=\"application\/ld+json\" class=\"yoast-schema-graph\">{\"@context\":\"https:\\\/\\\/schema.org\",\"@graph\":[{\"@type\":\"Article\",\"@id\":\"https:\\\/\\\/www.bellunopress.it\\\/2024\\\/03\\\/13\\\/feltre-si-conclude-con-successo-il-progetto-green-hub-lassociazione-apre-a-nuove-opportunita-internazionali\\\/#article\",\"isPartOf\":{\"@id\":\"https:\\\/\\\/www.bellunopress.it\\\/2024\\\/03\\\/13\\\/feltre-si-conclude-con-successo-il-progetto-green-hub-lassociazione-apre-a-nuove-opportunita-internazionali\\\/\"},\"author\":{\"name\":\"redazione\",\"@id\":\"https:\\\/\\\/www.bellunopress.it\\\/#\\\/schema\\\/person\\\/79bb06722b37ece1c03d3e94beb30d73\"},\"headline\":\"Feltre. Si conclude con successo il progetto \u201cGreen Hub\u201d. L\u2019associazione apre a nuove opportunit\u00e0 internazionali\",\"datePublished\":\"2024-03-13T08:39:45+00:00\",\"mainEntityOfPage\":{\"@id\":\"https:\\\/\\\/www.bellunopress.it\\\/2024\\\/03\\\/13\\\/feltre-si-conclude-con-successo-il-progetto-green-hub-lassociazione-apre-a-nuove-opportunita-internazionali\\\/\"},\"wordCount\":471,\"publisher\":{\"@id\":\"https:\\\/\\\/www.bellunopress.it\\\/#organization\"},\"image\":{\"@id\":\"https:\\\/\\\/www.bellunopress.it\\\/2024\\\/03\\\/13\\\/feltre-si-conclude-con-successo-il-progetto-green-hub-lassociazione-apre-a-nuove-opportunita-internazionali\\\/#primaryimage\"},\"thumbnailUrl\":\"https:\\\/\\\/www.bellunopress.it\\\/wp-content\\\/uploads\\\/2024\\\/03\\\/Sustainable-Vibes-APS_edited.jpg\",\"articleSection\":[\"Pausa Caff\u00e8\",\"Societ\u00e0, Associazioni, Istituzioni\"],\"inLanguage\":\"fr-FR\"},{\"@type\":\"WebPage\",\"@id\":\"https:\\\/\\\/www.bellunopress.it\\\/2024\\\/03\\\/13\\\/feltre-si-conclude-con-successo-il-progetto-green-hub-lassociazione-apre-a-nuove-opportunita-internazionali\\\/\",\"url\":\"https:\\\/\\\/www.bellunopress.it\\\/2024\\\/03\\\/13\\\/feltre-si-conclude-con-successo-il-progetto-green-hub-lassociazione-apre-a-nuove-opportunita-internazionali\\\/\",\"name\":\"Feltre. Si conclude con successo il progetto \u201cGreen Hub\u201d. L\u2019associazione apre a nuove opportunit\u00e0 internazionali - Bellunopress - Dolomiti\",\"isPartOf\":{\"@id\":\"https:\\\/\\\/www.bellunopress.it\\\/#website\"},\"primaryImageOfPage\":{\"@id\":\"https:\\\/\\\/www.bellunopress.it\\\/2024\\\/03\\\/13\\\/feltre-si-conclude-con-successo-il-progetto-green-hub-lassociazione-apre-a-nuove-opportunita-internazionali\\\/#primaryimage\"},\"image\":{\"@id\":\"https:\\\/\\\/www.bellunopress.it\\\/2024\\\/03\\\/13\\\/feltre-si-conclude-con-successo-il-progetto-green-hub-lassociazione-apre-a-nuove-opportunita-internazionali\\\/#primaryimage\"},\"thumbnailUrl\":\"https:\\\/\\\/www.bellunopress.it\\\/wp-content\\\/uploads\\\/2024\\\/03\\\/Sustainable-Vibes-APS_edited.jpg\",\"datePublished\":\"2024-03-13T08:39:45+00:00\",\"breadcrumb\":{\"@id\":\"https:\\\/\\\/www.bellunopress.it\\\/2024\\\/03\\\/13\\\/feltre-si-conclude-con-successo-il-progetto-green-hub-lassociazione-apre-a-nuove-opportunita-internazionali\\\/#breadcrumb\"},\"inLanguage\":\"fr-FR\",\"potentialAction\":[{\"@type\":\"ReadAction\",\"target\":[\"https:\\\/\\\/www.bellunopress.it\\\/2024\\\/03\\\/13\\\/feltre-si-conclude-con-successo-il-progetto-green-hub-lassociazione-apre-a-nuove-opportunita-internazionali\\\/\"]}]},{\"@type\":\"ImageObject\",\"inLanguage\":\"fr-FR\",\"@id\":\"https:\\\/\\\/www.bellunopress.it\\\/2024\\\/03\\\/13\\\/feltre-si-conclude-con-successo-il-progetto-green-hub-lassociazione-apre-a-nuove-opportunita-internazionali\\\/#primaryimage\",\"url\":\"https:\\\/\\\/www.bellunopress.it\\\/wp-content\\\/uploads\\\/2024\\\/03\\\/Sustainable-Vibes-APS_edited.jpg\",\"contentUrl\":\"https:\\\/\\\/www.bellunopress.it\\\/wp-content\\\/uploads\\\/2024\\\/03\\\/Sustainable-Vibes-APS_edited.jpg\",\"width\":1000,\"height\":810,\"caption\":\"Il gruppo promotore di Sustainable Vibes APS\"},{\"@type\":\"BreadcrumbList\",\"@id\":\"https:\\\/\\\/www.bellunopress.it\\\/2024\\\/03\\\/13\\\/feltre-si-conclude-con-successo-il-progetto-green-hub-lassociazione-apre-a-nuove-opportunita-internazionali\\\/#breadcrumb\",\"itemListElement\":[{\"@type\":\"ListItem\",\"position\":1,\"name\":\"Home\",\"item\":\"https:\\\/\\\/www.bellunopress.it\\\/\"},{\"@type\":\"ListItem\",\"position\":2,\"name\":\"Feltre. Si conclude con successo il progetto \u201cGreen Hub\u201d. L\u2019associazione apre a nuove opportunit\u00e0 internazionali\"}]},{\"@type\":\"WebSite\",\"@id\":\"https:\\\/\\\/www.bellunopress.it\\\/#website\",\"url\":\"https:\\\/\\\/www.bellunopress.it\\\/\",\"name\":\"Bellunopress - Dolomiti\",\"description\":\"e-mail: redazione@bellunopress.it\",\"publisher\":{\"@id\":\"https:\\\/\\\/www.bellunopress.it\\\/#organization\"},\"potentialAction\":[{\"@type\":\"SearchAction\",\"target\":{\"@type\":\"EntryPoint\",\"urlTemplate\":\"https:\\\/\\\/www.bellunopress.it\\\/?s={search_term_string}\"},\"query-input\":{\"@type\":\"PropertyValueSpecification\",\"valueRequired\":true,\"valueName\":\"search_term_string\"}}],\"inLanguage\":\"fr-FR\"},{\"@type\":\"Organization\",\"@id\":\"https:\\\/\\\/www.bellunopress.it\\\/#organization\",\"name\":\"Bellunopress\",\"url\":\"https:\\\/\\\/www.bellunopress.it\\\/\",\"logo\":{\"@type\":\"ImageObject\",\"inLanguage\":\"fr-FR\",\"@id\":\"https:\\\/\\\/www.bellunopress.it\\\/#\\\/schema\\\/logo\\\/image\\\/\",\"url\":\"https:\\\/\\\/www.bellunopress.it\\\/wp-content\\\/uploads\\\/2011\\\/05\\\/cropped-logo-bellunopress-.jpg\",\"contentUrl\":\"https:\\\/\\\/www.bellunopress.it\\\/wp-content\\\/uploads\\\/2011\\\/05\\\/cropped-logo-bellunopress-.jpg\",\"width\":512,\"height\":512,\"caption\":\"Bellunopress\"},\"image\":{\"@id\":\"https:\\\/\\\/www.bellunopress.it\\\/#\\\/schema\\\/logo\\\/image\\\/\"},\"sameAs\":[\"https:\\\/\\\/www.facebook.com\\\/profile.php?id=100008943462799\",\"https:\\\/\\\/x.com\\\/bellunopress\",\"https:\\\/\\\/www.linkedin.com\\\/hp\\\/?dnr=JBzUWaJfMUw8vbXJJ2tVW5-I3jZKvC4wsoxE&amp;amp;amp;amp;amp;amp;trk=nav_responsive_tab_home\",\"https:\\\/\\\/www.youtube.com\\\/channel\\\/UCxL0wu1uN0_3_7hGG0306cw\"]},{\"@type\":\"Person\",\"@id\":\"https:\\\/\\\/www.bellunopress.it\\\/#\\\/schema\\\/person\\\/79bb06722b37ece1c03d3e94beb30d73\",\"name\":\"redazione\",\"image\":{\"@type\":\"ImageObject\",\"inLanguage\":\"fr-FR\",\"@id\":\"https:\\\/\\\/secure.gravatar.com\\\/avatar\\\/37d968a2e67a6fd04c169c4bdef102d0bc5d31b2546345219e348575eb80e9a0?s=96&d=mm&r=g\",\"url\":\"https:\\\/\\\/secure.gravatar.com\\\/avatar\\\/37d968a2e67a6fd04c169c4bdef102d0bc5d31b2546345219e348575eb80e9a0?s=96&d=mm&r=g\",\"contentUrl\":\"https:\\\/\\\/secure.gravatar.com\\\/avatar\\\/37d968a2e67a6fd04c169c4bdef102d0bc5d31b2546345219e348575eb80e9a0?s=96&d=mm&r=g\",\"caption\":\"redazione\"},\"sameAs\":[\"http:\\\/\\\/www.bellunopress.it\",\"https:\\\/\\\/x.com\\\/bellunopress\"],\"url\":\"https:\\\/\\\/www.bellunopress.it\\\/fr\\\/author\\\/redazione\\\/\"}]}<\/script>\n<!-- \/ Yoast SEO plugin. -->","yoast_head_json":{"title":"Feltre. Si conclude con successo il progetto \u201cGreen Hub\u201d. L\u2019associazione apre a nuove opportunit\u00e0 internazionali - Bellunopress - Dolomiti","robots":{"index":"index","follow":"follow","max-snippet":"max-snippet:-1","max-image-preview":"max-image-preview:large","max-video-preview":"max-video-preview:-1"},"canonical":"https:\/\/www.bellunopress.it\/fr\/2024\/03\/13\/feltre-si-conclude-con-successo-il-progetto-green-hub-lassociazione-apre-a-nuove-opportunita-internazionali\/","og_locale":"fr_FR","og_type":"article","og_title":"Feltre. Si conclude con successo il progetto \u201cGreen Hub\u201d. L\u2019associazione apre a nuove opportunit\u00e0 internazionali - Bellunopress - Dolomiti","og_description":"Trasformare la sede dell\u2019associazione in un community hub a servizio dei giovani del territorio. E\u2019 questo l\u2019obiettivo principale del progetto &#8220;Green Hub\u201d, ormai giunto a conclusione, ideato da un gruppo di giovani volontari dell\u2019associazione &#8220;Sustainable Vibes APS\u201d e finanziato dall\u2019Agenzia Italiana per la Giovent\u00f9 grazie ai fondi stanziati dal programma European Solidarity Corps. Le attivit\u00e0 [&hellip;]","og_url":"https:\/\/www.bellunopress.it\/fr\/2024\/03\/13\/feltre-si-conclude-con-successo-il-progetto-green-hub-lassociazione-apre-a-nuove-opportunita-internazionali\/","og_site_name":"Bellunopress - Dolomiti","article_publisher":"https:\/\/www.facebook.com\/profile.php?id=100008943462799","article_published_time":"2024-03-13T08:39:45+00:00","og_image":[{"width":1000,"height":810,"url":"https:\/\/www.bellunopress.it\/wp-content\/uploads\/2024\/03\/Sustainable-Vibes-APS_edited.jpg","type":"image\/jpeg"}],"author":"redazione","twitter_card":"summary_large_image","twitter_creator":"@bellunopress","twitter_site":"@bellunopress","twitter_misc":{"\u00c9crit par":"redazione","Dur\u00e9e de lecture estim\u00e9e":"2 minutes"},"schema":{"@context":"https:\/\/schema.org","@graph":[{"@type":"Article","@id":"https:\/\/www.bellunopress.it\/2024\/03\/13\/feltre-si-conclude-con-successo-il-progetto-green-hub-lassociazione-apre-a-nuove-opportunita-internazionali\/#article","isPartOf":{"@id":"https:\/\/www.bellunopress.it\/2024\/03\/13\/feltre-si-conclude-con-successo-il-progetto-green-hub-lassociazione-apre-a-nuove-opportunita-internazionali\/"},"author":{"name":"redazione","@id":"https:\/\/www.bellunopress.it\/#\/schema\/person\/79bb06722b37ece1c03d3e94beb30d73"},"headline":"Feltre. Si conclude con successo il progetto \u201cGreen Hub\u201d. L\u2019associazione apre a nuove opportunit\u00e0 internazionali","datePublished":"2024-03-13T08:39:45+00:00","mainEntityOfPage":{"@id":"https:\/\/www.bellunopress.it\/2024\/03\/13\/feltre-si-conclude-con-successo-il-progetto-green-hub-lassociazione-apre-a-nuove-opportunita-internazionali\/"},"wordCount":471,"publisher":{"@id":"https:\/\/www.bellunopress.it\/#organization"},"image":{"@id":"https:\/\/www.bellunopress.it\/2024\/03\/13\/feltre-si-conclude-con-successo-il-progetto-green-hub-lassociazione-apre-a-nuove-opportunita-internazionali\/#primaryimage"},"thumbnailUrl":"https:\/\/www.bellunopress.it\/wp-content\/uploads\/2024\/03\/Sustainable-Vibes-APS_edited.jpg","articleSection":["Pausa Caff\u00e8","Societ\u00e0, Associazioni, Istituzioni"],"inLanguage":"fr-FR"},{"@type":"WebPage","@id":"https:\/\/www.bellunopress.it\/2024\/03\/13\/feltre-si-conclude-con-successo-il-progetto-green-hub-lassociazione-apre-a-nuove-opportunita-internazionali\/","url":"https:\/\/www.bellunopress.it\/2024\/03\/13\/feltre-si-conclude-con-successo-il-progetto-green-hub-lassociazione-apre-a-nuove-opportunita-internazionali\/","name":"Feltre. Si conclude con successo il progetto \u201cGreen Hub\u201d. L\u2019associazione apre a nuove opportunit\u00e0 internazionali - Bellunopress - Dolomiti","isPartOf":{"@id":"https:\/\/www.bellunopress.it\/#website"},"primaryImageOfPage":{"@id":"https:\/\/www.bellunopress.it\/2024\/03\/13\/feltre-si-conclude-con-successo-il-progetto-green-hub-lassociazione-apre-a-nuove-opportunita-internazionali\/#primaryimage"},"image":{"@id":"https:\/\/www.bellunopress.it\/2024\/03\/13\/feltre-si-conclude-con-successo-il-progetto-green-hub-lassociazione-apre-a-nuove-opportunita-internazionali\/#primaryimage"},"thumbnailUrl":"https:\/\/www.bellunopress.it\/wp-content\/uploads\/2024\/03\/Sustainable-Vibes-APS_edited.jpg","datePublished":"2024-03-13T08:39:45+00:00","breadcrumb":{"@id":"https:\/\/www.bellunopress.it\/2024\/03\/13\/feltre-si-conclude-con-successo-il-progetto-green-hub-lassociazione-apre-a-nuove-opportunita-internazionali\/#breadcrumb"},"inLanguage":"fr-FR","potentialAction":[{"@type":"ReadAction","target":["https:\/\/www.bellunopress.it\/2024\/03\/13\/feltre-si-conclude-con-successo-il-progetto-green-hub-lassociazione-apre-a-nuove-opportunita-internazionali\/"]}]},{"@type":"ImageObject","inLanguage":"fr-FR","@id":"https:\/\/www.bellunopress.it\/2024\/03\/13\/feltre-si-conclude-con-successo-il-progetto-green-hub-lassociazione-apre-a-nuove-opportunita-internazionali\/#primaryimage","url":"https:\/\/www.bellunopress.it\/wp-content\/uploads\/2024\/03\/Sustainable-Vibes-APS_edited.jpg","contentUrl":"https:\/\/www.bellunopress.it\/wp-content\/uploads\/2024\/03\/Sustainable-Vibes-APS_edited.jpg","width":1000,"height":810,"caption":"Il gruppo promotore di Sustainable Vibes APS"},{"@type":"BreadcrumbList","@id":"https:\/\/www.bellunopress.it\/2024\/03\/13\/feltre-si-conclude-con-successo-il-progetto-green-hub-lassociazione-apre-a-nuove-opportunita-internazionali\/#breadcrumb","itemListElement":[{"@type":"ListItem","position":1,"name":"Home","item":"https:\/\/www.bellunopress.it\/"},{"@type":"ListItem","position":2,"name":"Feltre. Si conclude con successo il progetto \u201cGreen Hub\u201d. L\u2019associazione apre a nuove opportunit\u00e0 internazionali"}]},{"@type":"WebSite","@id":"https:\/\/www.bellunopress.it\/#website","url":"https:\/\/www.bellunopress.it\/","name":"Bellunopress - Dolomiti","description":"e-mail: redazione@bellunopress.it","publisher":{"@id":"https:\/\/www.bellunopress.it\/#organization"},"potentialAction":[{"@type":"SearchAction","target":{"@type":"EntryPoint","urlTemplate":"https:\/\/www.bellunopress.it\/?s={search_term_string}"},"query-input":{"@type":"PropertyValueSpecification","valueRequired":true,"valueName":"search_term_string"}}],"inLanguage":"fr-FR"},{"@type":"Organization","@id":"https:\/\/www.bellunopress.it\/#organization","name":"Bellunopress","url":"https:\/\/www.bellunopress.it\/","logo":{"@type":"ImageObject","inLanguage":"fr-FR","@id":"https:\/\/www.bellunopress.it\/#\/schema\/logo\/image\/","url":"https:\/\/www.bellunopress.it\/wp-content\/uploads\/2011\/05\/cropped-logo-bellunopress-.jpg","contentUrl":"https:\/\/www.bellunopress.it\/wp-content\/uploads\/2011\/05\/cropped-logo-bellunopress-.jpg","width":512,"height":512,"caption":"Bellunopress"},"image":{"@id":"https:\/\/www.bellunopress.it\/#\/schema\/logo\/image\/"},"sameAs":["https:\/\/www.facebook.com\/profile.php?id=100008943462799","https:\/\/x.com\/bellunopress","https:\/\/www.linkedin.com\/hp\/?dnr=JBzUWaJfMUw8vbXJJ2tVW5-I3jZKvC4wsoxE&amp;amp;amp;amp;amp;amp;trk=nav_responsive_tab_home","https:\/\/www.youtube.com\/channel\/UCxL0wu1uN0_3_7hGG0306cw"]},{"@type":"Person","@id":"https:\/\/www.bellunopress.it\/#\/schema\/person\/79bb06722b37ece1c03d3e94beb30d73","name":"r\u00e9daction","image":{"@type":"ImageObject","inLanguage":"fr-FR","@id":"https:\/\/secure.gravatar.com\/avatar\/37d968a2e67a6fd04c169c4bdef102d0bc5d31b2546345219e348575eb80e9a0?s=96&d=mm&r=g","url":"https:\/\/secure.gravatar.com\/avatar\/37d968a2e67a6fd04c169c4bdef102d0bc5d31b2546345219e348575eb80e9a0?s=96&d=mm&r=g","contentUrl":"https:\/\/secure.gravatar.com\/avatar\/37d968a2e67a6fd04c169c4bdef102d0bc5d31b2546345219e348575eb80e9a0?s=96&d=mm&r=g","caption":"redazione"},"sameAs":["http:\/\/www.bellunopress.it","https:\/\/x.com\/bellunopress"],"url":"https:\/\/www.bellunopress.it\/fr\/author\/redazione\/"}]}},"_links":{"self":[{"href":"https:\/\/www.bellunopress.it\/fr\/wp-json\/wp\/v2\/posts\/149093","targetHints":{"allow":["GET"]}}],"collection":[{"href":"https:\/\/www.bellunopress.it\/fr\/wp-json\/wp\/v2\/posts"}],"about":[{"href":"https:\/\/www.bellunopress.it\/fr\/wp-json\/wp\/v2\/types\/post"}],"author":[{"embeddable":true,"href":"https:\/\/www.bellunopress.it\/fr\/wp-json\/wp\/v2\/users\/2"}],"replies":[{"embeddable":true,"href":"https:\/\/www.bellunopress.it\/fr\/wp-json\/wp\/v2\/comments?post=149093"}],"version-history":[{"count":1,"href":"https:\/\/www.bellunopress.it\/fr\/wp-json\/wp\/v2\/posts\/149093\/revisions"}],"predecessor-version":[{"id":149095,"href":"https:\/\/www.bellunopress.it\/fr\/wp-json\/wp\/v2\/posts\/149093\/revisions\/149095"}],"wp:featuredmedia":[{"embeddable":true,"href":"https:\/\/www.bellunopress.it\/fr\/wp-json\/wp\/v2\/media\/149094"}],"wp:attachment":[{"href":"https:\/\/www.bellunopress.it\/fr\/wp-json\/wp\/v2\/media?parent=149093"}],"wp:term":[{"taxonomy":"category","embeddable":true,"href":"https:\/\/www.bellunopress.it\/fr\/wp-json\/wp\/v2\/categories?post=149093"},{"taxonomy":"post_tag","embeddable":true,"href":"https:\/\/www.bellunopress.it\/fr\/wp-json\/wp\/v2\/tags?post=149093"}],"curies":[{"name":"wp","href":"https:\/\/api.w.org\/{rel}","templated":true}]}}