{"id":149090,"date":"2024-03-13T07:31:51","date_gmt":"2024-03-13T06:31:51","guid":{"rendered":"https:\/\/www.bellunopress.it\/?p=149090"},"modified":"2024-03-13T07:31:51","modified_gmt":"2024-03-13T06:31:51","slug":"fiab-belluno-va-a-scuola-di-pierluigi-trevisan","status":"publish","type":"post","link":"https:\/\/www.bellunopress.it\/fr\/2024\/03\/13\/fiab-belluno-va-a-scuola-di-pierluigi-trevisan\/","title":{"rendered":"Fiab Belluno va a scuola   * di Pierluigi Trevisan"},"content":{"rendered":"<p><img loading=\"lazy\" decoding=\"async\" class=\"alignleft size-full wp-image-149091\" src=\"https:\/\/www.bellunopress.it\/wp-content\/uploads\/2024\/03\/Fiab-Lezione-Castion_edited.jpg\" alt=\"\" width=\"1000\" height=\"598\" srcset=\"https:\/\/www.bellunopress.it\/wp-content\/uploads\/2024\/03\/Fiab-Lezione-Castion_edited.jpg 1000w, https:\/\/www.bellunopress.it\/wp-content\/uploads\/2024\/03\/Fiab-Lezione-Castion_edited-500x299.jpg 500w, https:\/\/www.bellunopress.it\/wp-content\/uploads\/2024\/03\/Fiab-Lezione-Castion_edited-702x420.jpg 702w, https:\/\/www.bellunopress.it\/wp-content\/uploads\/2024\/03\/Fiab-Lezione-Castion_edited-696x416.jpg 696w\" sizes=\"auto, (max-width: 1000px) 100vw, 1000px\" \/>L\u2019insegnante di educazione fisica Federica Collazuol della scuola secondaria di Castion ha invitato FIAB Belluno a partecipare al bel progetto dal titolo \u201cBiciclettiamo\u201d, destinato alle alunne e alunni delle classi 2A \u2013 2B \u2013 2C \u2013 2D.<\/p>\n<p>Gli obiettivi didattico-educativi sono stati:<\/p>\n<p>1) illustrare la bicicletta quale mezzo di trasporto ecologico<\/p>\n<p>2) spiegare le norme di comportamento da tenere sulla strada per la propria sicurezza e per quella degli altri utenti<\/p>\n<p>3) fare un\u2019esercitazione pratica di sostituzione della camera d\u2019aria bucata e riposizionamento della catena della bici.<\/p>\n<p>Il progetto \u00e8 stato realizzato nelle giornate di luned\u00ec 11 marzo con la 2^D, marted\u00ec 12 con la 2^C, mercoled\u00ec 13 con la 2^B e si concluder\u00e0 venerd\u00ec 15 marzo con la 2^A ed ha impegnato 9 volontari di FIAB Belluno per due ore ogni giorno: venti minuti di lezione in aula e un\u2019ora e quaranta di dimostrazioni ed esercitazioni pratiche nel cortile della scuola.<\/p>\n<p>In aula si \u00e8 spiegato come la bicicletta non sia solo un mezzo di svago e per lo sport, ma anche e soprattutto un mezzo di trasporto non inquinante e salutare, all\u2019insegna del motto \u201cRispetta l\u2019ambiente!\u201d Infatti la bicicletta \u00e8 un esempio di mobilit\u00e0 sostenibile, in linea con quanto dichiarato dalla Commissione Europea \u201cUn futuro ad impatto climatico zero\u201d. La finalit\u00e0 \u00e8 stata quella di sensibilizzare allieve ed allievi sull\u2019importanza dell\u2019adozione di comportamenti responsabili nelle scelte quotidiane per una mobilit\u00e0 sicura e sostenibile, caratterizzata da un insieme di soluzioni che consentano di ridurre al minimo l\u2019impatto ambientale rendendo le aree urbane pi\u00f9 efficienti, inclusive ed accessibili a tutti. Sono poi state illustrate le principali norme e comportamenti per andare in bicicletta in sicurezza, ad esempio l\u2019importanza di rendersi ben visibili. E\u2019 stato illustrato l\u2019uso corretto delle luci sia di giorno che di notte e l\u2019importanza di un abbigliamento chiaro, ad es. una smagliante maglietta gialla, per rendersi visibili di giorno e il gilet catarifrangente per rendersi ancor pi\u00f9 visibili di notte. Si \u00e8 consigliato l\u2019uso del casco. Sono state illustrate alcune tipiche situazioni di conflitto auto-bicicletta che possono crearsi agli incroci se l\u2019automobilista, distratto o che va troppo veloce, \u201cnon vede\u201d il ciclista, che rischia quindi di essere investito.<\/p>\n<p>Con il favore del bel tempo la parte pratica si \u00e8 svolta nel cortile della scuola dove i volontari FIAB hanno disegnato un incrocio, provvisto di segnaletica verticale fornita dalla scuola, e sono state simulate le situazioni di incidentalit\u00e0 descritte in aula. L\u2019automobile \u00e8 stata simulata con una ingegnosa sagoma di cartone montata su una bicicletta pieghevole che i volontari di FIAB Belluno hanno simpaticamente chiamato \u201cFIAB 500\u201d.<br \/>\nNell\u2019ultima ora di lezione, molto gradita da allieve ed allievi, ci si \u00e8 sporcati le mani nel vero senso della parola. Allieve ed allievi hanno imparato come si sostituisce una camera d\u2019aria bucata e come si fa a rimettere a posto la catena della bici quando cade dalla corona e dal pacco pignoni. Hanno imparato facendo, poich\u00e9, avendo a disposizione un buon numero di ruote di bicicletta messe a disposizione dalla ciclofficina Bambara, ognuno ha smontato e rimontato la sua camera d\u2019aria.<\/p>\n<p>Alla fine i volontari FIAB hanno chiesto ad allieve ed allievi se avevano delle osservazioni, anche negative, sull\u2019esperienza didattica che \u00e8 stata giudicata positiva all\u2019unanimit\u00e0.<\/p>\n<p>FIAB Belluno ringrazia la Scuola Secondaria di Castion e l\u2019insegnante Federica Collazuol per l\u2019invito, e la ciclofficina Bambara che ha messo a disposizione le ruote da riparare.<\/p>\n<p>Pierluigi Trevisan<br \/>\nPresidente di FIAB Belluno<\/p>","protected":false},"excerpt":{"rendered":"<p>L\u2019insegnante di educazione fisica Federica Collazuol della scuola secondaria di Castion ha invitato FIAB Belluno a partecipare al bel progetto dal titolo \u201cBiciclettiamo\u201d, destinato alle alunne e alunni delle classi 2A \u2013 2B \u2013 2C \u2013 2D. Gli obiettivi didattico-educativi sono stati: 1) illustrare la bicicletta quale mezzo di trasporto ecologico 2) spiegare le norme [&hellip;]<\/p>\n","protected":false},"author":2,"featured_media":149091,"comment_status":"closed","ping_status":"open","sticky":false,"template":"","format":"standard","meta":{"footnotes":""},"categories":[15,8],"tags":[],"class_list":["post-149090","post","type-post","status-publish","format-standard","has-post-thumbnail","category-scuola","category-societa-istituzioni"],"yoast_head":"<!-- This site is optimized with the Yoast SEO plugin v28.4 - https:\/\/yoast.com\/product\/yoast-seo-wordpress\/ -->\n<title>Fiab Belluno va a scuola  * di Pierluigi Trevisan - Bellunopress - Dolomiti<\/title>\n<meta name=\"robots\" content=\"index, follow, max-snippet:-1, max-image-preview:large, max-video-preview:-1\" \/>\n<link rel=\"canonical\" href=\"https:\/\/www.bellunopress.it\/fr\/2024\/03\/13\/fiab-belluno-va-a-scuola-di-pierluigi-trevisan\/\" \/>\n<meta property=\"og:locale\" content=\"fr_FR\" \/>\n<meta property=\"og:type\" content=\"article\" \/>\n<meta property=\"og:title\" content=\"Fiab Belluno va a scuola  * di Pierluigi Trevisan - Bellunopress - Dolomiti\" \/>\n<meta property=\"og:description\" content=\"L\u2019insegnante di educazione fisica Federica Collazuol della scuola secondaria di Castion ha invitato FIAB Belluno a partecipare al bel progetto dal titolo \u201cBiciclettiamo\u201d, destinato alle alunne e alunni delle classi 2A \u2013 2B \u2013 2C \u2013 2D. Gli obiettivi didattico-educativi sono stati: 1) illustrare la bicicletta quale mezzo di trasporto ecologico 2) spiegare le norme [&hellip;]\" \/>\n<meta property=\"og:url\" content=\"https:\/\/www.bellunopress.it\/fr\/2024\/03\/13\/fiab-belluno-va-a-scuola-di-pierluigi-trevisan\/\" \/>\n<meta property=\"og:site_name\" content=\"Bellunopress - Dolomiti\" \/>\n<meta property=\"article:publisher\" content=\"https:\/\/www.facebook.com\/profile.php?id=100008943462799\" \/>\n<meta property=\"article:published_time\" content=\"2024-03-13T06:31:51+00:00\" \/>\n<meta property=\"og:image\" content=\"https:\/\/www.bellunopress.it\/wp-content\/uploads\/2024\/03\/Fiab-Lezione-Castion_edited.jpg\" \/>\n\t<meta property=\"og:image:width\" content=\"1000\" \/>\n\t<meta property=\"og:image:height\" content=\"598\" \/>\n\t<meta property=\"og:image:type\" content=\"image\/jpeg\" \/>\n<meta name=\"author\" content=\"redazione\" \/>\n<meta name=\"twitter:card\" content=\"summary_large_image\" \/>\n<meta name=\"twitter:creator\" content=\"@bellunopress\" \/>\n<meta name=\"twitter:site\" content=\"@bellunopress\" \/>\n<meta name=\"twitter:label1\" content=\"\u00c9crit par\" \/>\n\t<meta name=\"twitter:data1\" content=\"redazione\" \/>\n\t<meta name=\"twitter:label2\" content=\"Dur\u00e9e de lecture estim\u00e9e\" \/>\n\t<meta name=\"twitter:data2\" content=\"3 minutes\" \/>\n<script type=\"application\/ld+json\" class=\"yoast-schema-graph\">{\"@context\":\"https:\\\/\\\/schema.org\",\"@graph\":[{\"@type\":\"Article\",\"@id\":\"https:\\\/\\\/www.bellunopress.it\\\/2024\\\/03\\\/13\\\/fiab-belluno-va-a-scuola-di-pierluigi-trevisan\\\/#article\",\"isPartOf\":{\"@id\":\"https:\\\/\\\/www.bellunopress.it\\\/2024\\\/03\\\/13\\\/fiab-belluno-va-a-scuola-di-pierluigi-trevisan\\\/\"},\"author\":{\"name\":\"redazione\",\"@id\":\"https:\\\/\\\/www.bellunopress.it\\\/#\\\/schema\\\/person\\\/79bb06722b37ece1c03d3e94beb30d73\"},\"headline\":\"Fiab Belluno va a scuola * di Pierluigi Trevisan\",\"datePublished\":\"2024-03-13T06:31:51+00:00\",\"mainEntityOfPage\":{\"@id\":\"https:\\\/\\\/www.bellunopress.it\\\/2024\\\/03\\\/13\\\/fiab-belluno-va-a-scuola-di-pierluigi-trevisan\\\/\"},\"wordCount\":578,\"publisher\":{\"@id\":\"https:\\\/\\\/www.bellunopress.it\\\/#organization\"},\"image\":{\"@id\":\"https:\\\/\\\/www.bellunopress.it\\\/2024\\\/03\\\/13\\\/fiab-belluno-va-a-scuola-di-pierluigi-trevisan\\\/#primaryimage\"},\"thumbnailUrl\":\"https:\\\/\\\/www.bellunopress.it\\\/wp-content\\\/uploads\\\/2024\\\/03\\\/Fiab-Lezione-Castion_edited.jpg\",\"articleSection\":[\"Scuola\",\"Societ\u00e0, Associazioni, Istituzioni\"],\"inLanguage\":\"fr-FR\"},{\"@type\":\"WebPage\",\"@id\":\"https:\\\/\\\/www.bellunopress.it\\\/2024\\\/03\\\/13\\\/fiab-belluno-va-a-scuola-di-pierluigi-trevisan\\\/\",\"url\":\"https:\\\/\\\/www.bellunopress.it\\\/2024\\\/03\\\/13\\\/fiab-belluno-va-a-scuola-di-pierluigi-trevisan\\\/\",\"name\":\"Fiab Belluno va a scuola * di Pierluigi Trevisan - Bellunopress - Dolomiti\",\"isPartOf\":{\"@id\":\"https:\\\/\\\/www.bellunopress.it\\\/#website\"},\"primaryImageOfPage\":{\"@id\":\"https:\\\/\\\/www.bellunopress.it\\\/2024\\\/03\\\/13\\\/fiab-belluno-va-a-scuola-di-pierluigi-trevisan\\\/#primaryimage\"},\"image\":{\"@id\":\"https:\\\/\\\/www.bellunopress.it\\\/2024\\\/03\\\/13\\\/fiab-belluno-va-a-scuola-di-pierluigi-trevisan\\\/#primaryimage\"},\"thumbnailUrl\":\"https:\\\/\\\/www.bellunopress.it\\\/wp-content\\\/uploads\\\/2024\\\/03\\\/Fiab-Lezione-Castion_edited.jpg\",\"datePublished\":\"2024-03-13T06:31:51+00:00\",\"breadcrumb\":{\"@id\":\"https:\\\/\\\/www.bellunopress.it\\\/2024\\\/03\\\/13\\\/fiab-belluno-va-a-scuola-di-pierluigi-trevisan\\\/#breadcrumb\"},\"inLanguage\":\"fr-FR\",\"potentialAction\":[{\"@type\":\"ReadAction\",\"target\":[\"https:\\\/\\\/www.bellunopress.it\\\/2024\\\/03\\\/13\\\/fiab-belluno-va-a-scuola-di-pierluigi-trevisan\\\/\"]}]},{\"@type\":\"ImageObject\",\"inLanguage\":\"fr-FR\",\"@id\":\"https:\\\/\\\/www.bellunopress.it\\\/2024\\\/03\\\/13\\\/fiab-belluno-va-a-scuola-di-pierluigi-trevisan\\\/#primaryimage\",\"url\":\"https:\\\/\\\/www.bellunopress.it\\\/wp-content\\\/uploads\\\/2024\\\/03\\\/Fiab-Lezione-Castion_edited.jpg\",\"contentUrl\":\"https:\\\/\\\/www.bellunopress.it\\\/wp-content\\\/uploads\\\/2024\\\/03\\\/Fiab-Lezione-Castion_edited.jpg\",\"width\":1000,\"height\":598},{\"@type\":\"BreadcrumbList\",\"@id\":\"https:\\\/\\\/www.bellunopress.it\\\/2024\\\/03\\\/13\\\/fiab-belluno-va-a-scuola-di-pierluigi-trevisan\\\/#breadcrumb\",\"itemListElement\":[{\"@type\":\"ListItem\",\"position\":1,\"name\":\"Home\",\"item\":\"https:\\\/\\\/www.bellunopress.it\\\/\"},{\"@type\":\"ListItem\",\"position\":2,\"name\":\"Fiab Belluno va a scuola * di Pierluigi Trevisan\"}]},{\"@type\":\"WebSite\",\"@id\":\"https:\\\/\\\/www.bellunopress.it\\\/#website\",\"url\":\"https:\\\/\\\/www.bellunopress.it\\\/\",\"name\":\"Bellunopress - Dolomiti\",\"description\":\"e-mail: redazione@bellunopress.it\",\"publisher\":{\"@id\":\"https:\\\/\\\/www.bellunopress.it\\\/#organization\"},\"potentialAction\":[{\"@type\":\"SearchAction\",\"target\":{\"@type\":\"EntryPoint\",\"urlTemplate\":\"https:\\\/\\\/www.bellunopress.it\\\/?s={search_term_string}\"},\"query-input\":{\"@type\":\"PropertyValueSpecification\",\"valueRequired\":true,\"valueName\":\"search_term_string\"}}],\"inLanguage\":\"fr-FR\"},{\"@type\":\"Organization\",\"@id\":\"https:\\\/\\\/www.bellunopress.it\\\/#organization\",\"name\":\"Bellunopress\",\"url\":\"https:\\\/\\\/www.bellunopress.it\\\/\",\"logo\":{\"@type\":\"ImageObject\",\"inLanguage\":\"fr-FR\",\"@id\":\"https:\\\/\\\/www.bellunopress.it\\\/#\\\/schema\\\/logo\\\/image\\\/\",\"url\":\"https:\\\/\\\/www.bellunopress.it\\\/wp-content\\\/uploads\\\/2011\\\/05\\\/cropped-logo-bellunopress-.jpg\",\"contentUrl\":\"https:\\\/\\\/www.bellunopress.it\\\/wp-content\\\/uploads\\\/2011\\\/05\\\/cropped-logo-bellunopress-.jpg\",\"width\":512,\"height\":512,\"caption\":\"Bellunopress\"},\"image\":{\"@id\":\"https:\\\/\\\/www.bellunopress.it\\\/#\\\/schema\\\/logo\\\/image\\\/\"},\"sameAs\":[\"https:\\\/\\\/www.facebook.com\\\/profile.php?id=100008943462799\",\"https:\\\/\\\/x.com\\\/bellunopress\",\"https:\\\/\\\/www.linkedin.com\\\/hp\\\/?dnr=JBzUWaJfMUw8vbXJJ2tVW5-I3jZKvC4wsoxE&amp;amp;amp;amp;amp;amp;trk=nav_responsive_tab_home\",\"https:\\\/\\\/www.youtube.com\\\/channel\\\/UCxL0wu1uN0_3_7hGG0306cw\"]},{\"@type\":\"Person\",\"@id\":\"https:\\\/\\\/www.bellunopress.it\\\/#\\\/schema\\\/person\\\/79bb06722b37ece1c03d3e94beb30d73\",\"name\":\"redazione\",\"image\":{\"@type\":\"ImageObject\",\"inLanguage\":\"fr-FR\",\"@id\":\"https:\\\/\\\/secure.gravatar.com\\\/avatar\\\/37d968a2e67a6fd04c169c4bdef102d0bc5d31b2546345219e348575eb80e9a0?s=96&d=mm&r=g\",\"url\":\"https:\\\/\\\/secure.gravatar.com\\\/avatar\\\/37d968a2e67a6fd04c169c4bdef102d0bc5d31b2546345219e348575eb80e9a0?s=96&d=mm&r=g\",\"contentUrl\":\"https:\\\/\\\/secure.gravatar.com\\\/avatar\\\/37d968a2e67a6fd04c169c4bdef102d0bc5d31b2546345219e348575eb80e9a0?s=96&d=mm&r=g\",\"caption\":\"redazione\"},\"sameAs\":[\"http:\\\/\\\/www.bellunopress.it\",\"https:\\\/\\\/x.com\\\/bellunopress\"],\"url\":\"https:\\\/\\\/www.bellunopress.it\\\/fr\\\/author\\\/redazione\\\/\"}]}<\/script>\n<!-- \/ Yoast SEO plugin. -->","yoast_head_json":{"title":"Fiab Belluno va a scuola  * di Pierluigi Trevisan - Bellunopress - Dolomiti","robots":{"index":"index","follow":"follow","max-snippet":"max-snippet:-1","max-image-preview":"max-image-preview:large","max-video-preview":"max-video-preview:-1"},"canonical":"https:\/\/www.bellunopress.it\/fr\/2024\/03\/13\/fiab-belluno-va-a-scuola-di-pierluigi-trevisan\/","og_locale":"fr_FR","og_type":"article","og_title":"Fiab Belluno va a scuola  * di Pierluigi Trevisan - Bellunopress - Dolomiti","og_description":"L\u2019insegnante di educazione fisica Federica Collazuol della scuola secondaria di Castion ha invitato FIAB Belluno a partecipare al bel progetto dal titolo \u201cBiciclettiamo\u201d, destinato alle alunne e alunni delle classi 2A \u2013 2B \u2013 2C \u2013 2D. Gli obiettivi didattico-educativi sono stati: 1) illustrare la bicicletta quale mezzo di trasporto ecologico 2) spiegare le norme [&hellip;]","og_url":"https:\/\/www.bellunopress.it\/fr\/2024\/03\/13\/fiab-belluno-va-a-scuola-di-pierluigi-trevisan\/","og_site_name":"Bellunopress - Dolomiti","article_publisher":"https:\/\/www.facebook.com\/profile.php?id=100008943462799","article_published_time":"2024-03-13T06:31:51+00:00","og_image":[{"width":1000,"height":598,"url":"https:\/\/www.bellunopress.it\/wp-content\/uploads\/2024\/03\/Fiab-Lezione-Castion_edited.jpg","type":"image\/jpeg"}],"author":"redazione","twitter_card":"summary_large_image","twitter_creator":"@bellunopress","twitter_site":"@bellunopress","twitter_misc":{"\u00c9crit par":"redazione","Dur\u00e9e de lecture estim\u00e9e":"3 minutes"},"schema":{"@context":"https:\/\/schema.org","@graph":[{"@type":"Article","@id":"https:\/\/www.bellunopress.it\/2024\/03\/13\/fiab-belluno-va-a-scuola-di-pierluigi-trevisan\/#article","isPartOf":{"@id":"https:\/\/www.bellunopress.it\/2024\/03\/13\/fiab-belluno-va-a-scuola-di-pierluigi-trevisan\/"},"author":{"name":"redazione","@id":"https:\/\/www.bellunopress.it\/#\/schema\/person\/79bb06722b37ece1c03d3e94beb30d73"},"headline":"Fiab Belluno va a scuola * di Pierluigi Trevisan","datePublished":"2024-03-13T06:31:51+00:00","mainEntityOfPage":{"@id":"https:\/\/www.bellunopress.it\/2024\/03\/13\/fiab-belluno-va-a-scuola-di-pierluigi-trevisan\/"},"wordCount":578,"publisher":{"@id":"https:\/\/www.bellunopress.it\/#organization"},"image":{"@id":"https:\/\/www.bellunopress.it\/2024\/03\/13\/fiab-belluno-va-a-scuola-di-pierluigi-trevisan\/#primaryimage"},"thumbnailUrl":"https:\/\/www.bellunopress.it\/wp-content\/uploads\/2024\/03\/Fiab-Lezione-Castion_edited.jpg","articleSection":["Scuola","Societ\u00e0, Associazioni, Istituzioni"],"inLanguage":"fr-FR"},{"@type":"WebPage","@id":"https:\/\/www.bellunopress.it\/2024\/03\/13\/fiab-belluno-va-a-scuola-di-pierluigi-trevisan\/","url":"https:\/\/www.bellunopress.it\/2024\/03\/13\/fiab-belluno-va-a-scuola-di-pierluigi-trevisan\/","name":"Fiab Belluno va a scuola * di Pierluigi Trevisan - Bellunopress - Dolomiti","isPartOf":{"@id":"https:\/\/www.bellunopress.it\/#website"},"primaryImageOfPage":{"@id":"https:\/\/www.bellunopress.it\/2024\/03\/13\/fiab-belluno-va-a-scuola-di-pierluigi-trevisan\/#primaryimage"},"image":{"@id":"https:\/\/www.bellunopress.it\/2024\/03\/13\/fiab-belluno-va-a-scuola-di-pierluigi-trevisan\/#primaryimage"},"thumbnailUrl":"https:\/\/www.bellunopress.it\/wp-content\/uploads\/2024\/03\/Fiab-Lezione-Castion_edited.jpg","datePublished":"2024-03-13T06:31:51+00:00","breadcrumb":{"@id":"https:\/\/www.bellunopress.it\/2024\/03\/13\/fiab-belluno-va-a-scuola-di-pierluigi-trevisan\/#breadcrumb"},"inLanguage":"fr-FR","potentialAction":[{"@type":"ReadAction","target":["https:\/\/www.bellunopress.it\/2024\/03\/13\/fiab-belluno-va-a-scuola-di-pierluigi-trevisan\/"]}]},{"@type":"ImageObject","inLanguage":"fr-FR","@id":"https:\/\/www.bellunopress.it\/2024\/03\/13\/fiab-belluno-va-a-scuola-di-pierluigi-trevisan\/#primaryimage","url":"https:\/\/www.bellunopress.it\/wp-content\/uploads\/2024\/03\/Fiab-Lezione-Castion_edited.jpg","contentUrl":"https:\/\/www.bellunopress.it\/wp-content\/uploads\/2024\/03\/Fiab-Lezione-Castion_edited.jpg","width":1000,"height":598},{"@type":"BreadcrumbList","@id":"https:\/\/www.bellunopress.it\/2024\/03\/13\/fiab-belluno-va-a-scuola-di-pierluigi-trevisan\/#breadcrumb","itemListElement":[{"@type":"ListItem","position":1,"name":"Home","item":"https:\/\/www.bellunopress.it\/"},{"@type":"ListItem","position":2,"name":"Fiab Belluno va a scuola * di Pierluigi Trevisan"}]},{"@type":"WebSite","@id":"https:\/\/www.bellunopress.it\/#website","url":"https:\/\/www.bellunopress.it\/","name":"Bellunopress - Dolomiti","description":"e-mail: redazione@bellunopress.it","publisher":{"@id":"https:\/\/www.bellunopress.it\/#organization"},"potentialAction":[{"@type":"SearchAction","target":{"@type":"EntryPoint","urlTemplate":"https:\/\/www.bellunopress.it\/?s={search_term_string}"},"query-input":{"@type":"PropertyValueSpecification","valueRequired":true,"valueName":"search_term_string"}}],"inLanguage":"fr-FR"},{"@type":"Organization","@id":"https:\/\/www.bellunopress.it\/#organization","name":"Bellunopress","url":"https:\/\/www.bellunopress.it\/","logo":{"@type":"ImageObject","inLanguage":"fr-FR","@id":"https:\/\/www.bellunopress.it\/#\/schema\/logo\/image\/","url":"https:\/\/www.bellunopress.it\/wp-content\/uploads\/2011\/05\/cropped-logo-bellunopress-.jpg","contentUrl":"https:\/\/www.bellunopress.it\/wp-content\/uploads\/2011\/05\/cropped-logo-bellunopress-.jpg","width":512,"height":512,"caption":"Bellunopress"},"image":{"@id":"https:\/\/www.bellunopress.it\/#\/schema\/logo\/image\/"},"sameAs":["https:\/\/www.facebook.com\/profile.php?id=100008943462799","https:\/\/x.com\/bellunopress","https:\/\/www.linkedin.com\/hp\/?dnr=JBzUWaJfMUw8vbXJJ2tVW5-I3jZKvC4wsoxE&amp;amp;amp;amp;amp;amp;trk=nav_responsive_tab_home","https:\/\/www.youtube.com\/channel\/UCxL0wu1uN0_3_7hGG0306cw"]},{"@type":"Person","@id":"https:\/\/www.bellunopress.it\/#\/schema\/person\/79bb06722b37ece1c03d3e94beb30d73","name":"r\u00e9daction","image":{"@type":"ImageObject","inLanguage":"fr-FR","@id":"https:\/\/secure.gravatar.com\/avatar\/37d968a2e67a6fd04c169c4bdef102d0bc5d31b2546345219e348575eb80e9a0?s=96&d=mm&r=g","url":"https:\/\/secure.gravatar.com\/avatar\/37d968a2e67a6fd04c169c4bdef102d0bc5d31b2546345219e348575eb80e9a0?s=96&d=mm&r=g","contentUrl":"https:\/\/secure.gravatar.com\/avatar\/37d968a2e67a6fd04c169c4bdef102d0bc5d31b2546345219e348575eb80e9a0?s=96&d=mm&r=g","caption":"redazione"},"sameAs":["http:\/\/www.bellunopress.it","https:\/\/x.com\/bellunopress"],"url":"https:\/\/www.bellunopress.it\/fr\/author\/redazione\/"}]}},"_links":{"self":[{"href":"https:\/\/www.bellunopress.it\/fr\/wp-json\/wp\/v2\/posts\/149090","targetHints":{"allow":["GET"]}}],"collection":[{"href":"https:\/\/www.bellunopress.it\/fr\/wp-json\/wp\/v2\/posts"}],"about":[{"href":"https:\/\/www.bellunopress.it\/fr\/wp-json\/wp\/v2\/types\/post"}],"author":[{"embeddable":true,"href":"https:\/\/www.bellunopress.it\/fr\/wp-json\/wp\/v2\/users\/2"}],"replies":[{"embeddable":true,"href":"https:\/\/www.bellunopress.it\/fr\/wp-json\/wp\/v2\/comments?post=149090"}],"version-history":[{"count":1,"href":"https:\/\/www.bellunopress.it\/fr\/wp-json\/wp\/v2\/posts\/149090\/revisions"}],"predecessor-version":[{"id":149092,"href":"https:\/\/www.bellunopress.it\/fr\/wp-json\/wp\/v2\/posts\/149090\/revisions\/149092"}],"wp:featuredmedia":[{"embeddable":true,"href":"https:\/\/www.bellunopress.it\/fr\/wp-json\/wp\/v2\/media\/149091"}],"wp:attachment":[{"href":"https:\/\/www.bellunopress.it\/fr\/wp-json\/wp\/v2\/media?parent=149090"}],"wp:term":[{"taxonomy":"category","embeddable":true,"href":"https:\/\/www.bellunopress.it\/fr\/wp-json\/wp\/v2\/categories?post=149090"},{"taxonomy":"post_tag","embeddable":true,"href":"https:\/\/www.bellunopress.it\/fr\/wp-json\/wp\/v2\/tags?post=149090"}],"curies":[{"name":"wp","href":"https:\/\/api.w.org\/{rel}","templated":true}]}}