{"id":149087,"date":"2024-03-12T20:43:04","date_gmt":"2024-03-12T19:43:04","guid":{"rendered":"https:\/\/www.bellunopress.it\/?p=149087"},"modified":"2024-03-12T20:43:04","modified_gmt":"2024-03-12T19:43:04","slug":"sopralluogo-tecnico-a-selle-di-gosaldo-al-vaglio-le-soluzioni-per-la-frana","status":"publish","type":"post","link":"https:\/\/www.bellunopress.it\/fr\/2024\/03\/12\/sopralluogo-tecnico-a-selle-di-gosaldo-al-vaglio-le-soluzioni-per-la-frana\/","title":{"rendered":"Sopralluogo tecnico a Selle di Gosaldo, al vaglio le soluzioni per la frana"},"content":{"rendered":"<figure id=\"attachment_149017\" aria-describedby=\"caption-attachment-149017\" style=\"width: 1000px\" class=\"wp-caption alignleft\"><img loading=\"lazy\" decoding=\"async\" class=\"size-full wp-image-149017\" src=\"https:\/\/www.bellunopress.it\/wp-content\/uploads\/2024\/03\/frana-fraz-Sella-di-Gosaldo_edited.jpg\" alt=\"\" width=\"1000\" height=\"623\" srcset=\"https:\/\/www.bellunopress.it\/wp-content\/uploads\/2024\/03\/frana-fraz-Sella-di-Gosaldo_edited.jpg 1000w, https:\/\/www.bellunopress.it\/wp-content\/uploads\/2024\/03\/frana-fraz-Sella-di-Gosaldo_edited-500x312.jpg 500w, https:\/\/www.bellunopress.it\/wp-content\/uploads\/2024\/03\/frana-fraz-Sella-di-Gosaldo_edited-696x434.jpg 696w\" sizes=\"auto, (max-width: 1000px) 100vw, 1000px\" \/><figcaption id=\"caption-attachment-149017\" class=\"wp-caption-text\">Strada interrotta per Selle di Gosaldo<\/figcaption><\/figure>\n<p>Sopralluogo tecnico a Selle (Gosaldo), dove domenica pomeriggio, a seguito del maltempo, si \u00e8 verificata una frana che ha isolato per alcune ore la frazione. Il geologo incaricato dalla Provincia \u00e8 stato sul luogo della colata e ha verificato l&#8217;entit\u00e0 del dissesto. Nel frattempo, il Comune di Gosaldo ha provveduto a realizzare una pista di passaggio temporaneo, per permettere ai residenti di muoversi.<\/p>\n<p>Il dissesto, infatti, si trova a monte della strada di collegamento con la frazione. Si tratta di un problema annoso che la Provincia ha segnalato anche ai tecnici del Dipartimento di Protezione Civile nazionale con priorit\u00e0 di finanziamento per uno studio di fattibilit\u00e0 di messa in sicurezza.<\/p>\n<p>Anche a seguito dell&#8217;ultimo sopralluogo, la Provincia conferma di essere a disposizione dell&#8217;amministrazione comunale per trovare una possibile soluzione. Due le ipotesi sul tavolo, da approfondire: la messa in sicurezza del versante oppure la costruzione di una via d&#8217;accesso alternativa alla frazione. Per entrambe servono ingenti risorse economiche, sia per la progettazione sia per la realizzazione.<\/p>\n<p><strong>INTERVENTI EFFETTUATI<\/strong><\/p>\n<p>Intanto hanno funzionato gli ultimi interventi effettuati dalla Provincia, a seguito dell&#8217;alluvione di fine ottobre-inizio novembre 2023. In quell&#8217;occasione si era verificato un ingente smottamento su cui era stata attivata una somma urgenza. Con un investimento da 83mila euro erano stati installati alcuni ombrelli a valle della strada, ed era stato ripristinato il drenaggio a monte. La frana di domenica scorsa \u00e8 caduta qualche centinaio di metri pi\u00f9 avanti rispetto al punto dell&#8217;ultimo intervento.<\/p>","protected":false},"excerpt":{"rendered":"<p>Sopralluogo tecnico a Selle (Gosaldo), dove domenica pomeriggio, a seguito del maltempo, si \u00e8 verificata una frana che ha isolato per alcune ore la frazione. Il geologo incaricato dalla Provincia \u00e8 stato sul luogo della colata e ha verificato l&#8217;entit\u00e0 del dissesto. Nel frattempo, il Comune di Gosaldo ha provveduto a realizzare una pista di [&hellip;]<\/p>\n","protected":false},"author":2,"featured_media":149017,"comment_status":"closed","ping_status":"open","sticky":false,"template":"","format":"standard","meta":{"footnotes":""},"categories":[5,26],"tags":[],"class_list":["post-149087","post","type-post","status-publish","format-standard","has-post-thumbnail","category-cronaca","category-prima-pagina"],"yoast_head":"<!-- This site is optimized with the Yoast SEO plugin v28.4 - https:\/\/yoast.com\/product\/yoast-seo-wordpress\/ -->\n<title>Sopralluogo tecnico a Selle di Gosaldo, al vaglio le soluzioni per la frana - Bellunopress - Dolomiti<\/title>\n<meta name=\"robots\" content=\"index, follow, max-snippet:-1, max-image-preview:large, max-video-preview:-1\" \/>\n<link rel=\"canonical\" href=\"https:\/\/www.bellunopress.it\/fr\/2024\/03\/12\/sopralluogo-tecnico-a-selle-di-gosaldo-al-vaglio-le-soluzioni-per-la-frana\/\" \/>\n<meta property=\"og:locale\" content=\"fr_FR\" \/>\n<meta property=\"og:type\" content=\"article\" \/>\n<meta property=\"og:title\" content=\"Sopralluogo tecnico a Selle di Gosaldo, al vaglio le soluzioni per la frana - Bellunopress - Dolomiti\" \/>\n<meta property=\"og:description\" content=\"Sopralluogo tecnico a Selle (Gosaldo), dove domenica pomeriggio, a seguito del maltempo, si \u00e8 verificata una frana che ha isolato per alcune ore la frazione. Il geologo incaricato dalla Provincia \u00e8 stato sul luogo della colata e ha verificato l&#8217;entit\u00e0 del dissesto. Nel frattempo, il Comune di Gosaldo ha provveduto a realizzare una pista di [&hellip;]\" \/>\n<meta property=\"og:url\" content=\"https:\/\/www.bellunopress.it\/fr\/2024\/03\/12\/sopralluogo-tecnico-a-selle-di-gosaldo-al-vaglio-le-soluzioni-per-la-frana\/\" \/>\n<meta property=\"og:site_name\" content=\"Bellunopress - Dolomiti\" \/>\n<meta property=\"article:publisher\" content=\"https:\/\/www.facebook.com\/profile.php?id=100008943462799\" \/>\n<meta property=\"article:published_time\" content=\"2024-03-12T19:43:04+00:00\" \/>\n<meta property=\"og:image\" content=\"https:\/\/www.bellunopress.it\/wp-content\/uploads\/2024\/03\/frana-fraz-Sella-di-Gosaldo_edited.jpg\" \/>\n\t<meta property=\"og:image:width\" content=\"1000\" \/>\n\t<meta property=\"og:image:height\" content=\"623\" \/>\n\t<meta property=\"og:image:type\" content=\"image\/jpeg\" \/>\n<meta name=\"author\" content=\"redazione\" \/>\n<meta name=\"twitter:card\" content=\"summary_large_image\" \/>\n<meta name=\"twitter:creator\" content=\"@bellunopress\" \/>\n<meta name=\"twitter:site\" content=\"@bellunopress\" \/>\n<meta name=\"twitter:label1\" content=\"\u00c9crit par\" \/>\n\t<meta name=\"twitter:data1\" content=\"redazione\" \/>\n\t<meta name=\"twitter:label2\" content=\"Dur\u00e9e de lecture estim\u00e9e\" \/>\n\t<meta name=\"twitter:data2\" content=\"1 minute\" \/>\n<script type=\"application\/ld+json\" class=\"yoast-schema-graph\">{\"@context\":\"https:\\\/\\\/schema.org\",\"@graph\":[{\"@type\":\"Article\",\"@id\":\"https:\\\/\\\/www.bellunopress.it\\\/2024\\\/03\\\/12\\\/sopralluogo-tecnico-a-selle-di-gosaldo-al-vaglio-le-soluzioni-per-la-frana\\\/#article\",\"isPartOf\":{\"@id\":\"https:\\\/\\\/www.bellunopress.it\\\/2024\\\/03\\\/12\\\/sopralluogo-tecnico-a-selle-di-gosaldo-al-vaglio-le-soluzioni-per-la-frana\\\/\"},\"author\":{\"name\":\"redazione\",\"@id\":\"https:\\\/\\\/www.bellunopress.it\\\/#\\\/schema\\\/person\\\/79bb06722b37ece1c03d3e94beb30d73\"},\"headline\":\"Sopralluogo tecnico a Selle di Gosaldo, al vaglio le soluzioni per la frana\",\"datePublished\":\"2024-03-12T19:43:04+00:00\",\"mainEntityOfPage\":{\"@id\":\"https:\\\/\\\/www.bellunopress.it\\\/2024\\\/03\\\/12\\\/sopralluogo-tecnico-a-selle-di-gosaldo-al-vaglio-le-soluzioni-per-la-frana\\\/\"},\"wordCount\":271,\"publisher\":{\"@id\":\"https:\\\/\\\/www.bellunopress.it\\\/#organization\"},\"image\":{\"@id\":\"https:\\\/\\\/www.bellunopress.it\\\/2024\\\/03\\\/12\\\/sopralluogo-tecnico-a-selle-di-gosaldo-al-vaglio-le-soluzioni-per-la-frana\\\/#primaryimage\"},\"thumbnailUrl\":\"https:\\\/\\\/www.bellunopress.it\\\/wp-content\\\/uploads\\\/2024\\\/03\\\/frana-fraz-Sella-di-Gosaldo_edited.jpg\",\"articleSection\":[\"Cronaca\\\/Politica\",\"Prima Pagina\"],\"inLanguage\":\"fr-FR\"},{\"@type\":\"WebPage\",\"@id\":\"https:\\\/\\\/www.bellunopress.it\\\/2024\\\/03\\\/12\\\/sopralluogo-tecnico-a-selle-di-gosaldo-al-vaglio-le-soluzioni-per-la-frana\\\/\",\"url\":\"https:\\\/\\\/www.bellunopress.it\\\/2024\\\/03\\\/12\\\/sopralluogo-tecnico-a-selle-di-gosaldo-al-vaglio-le-soluzioni-per-la-frana\\\/\",\"name\":\"Sopralluogo tecnico a Selle di Gosaldo, al vaglio le soluzioni per la frana - Bellunopress - Dolomiti\",\"isPartOf\":{\"@id\":\"https:\\\/\\\/www.bellunopress.it\\\/#website\"},\"primaryImageOfPage\":{\"@id\":\"https:\\\/\\\/www.bellunopress.it\\\/2024\\\/03\\\/12\\\/sopralluogo-tecnico-a-selle-di-gosaldo-al-vaglio-le-soluzioni-per-la-frana\\\/#primaryimage\"},\"image\":{\"@id\":\"https:\\\/\\\/www.bellunopress.it\\\/2024\\\/03\\\/12\\\/sopralluogo-tecnico-a-selle-di-gosaldo-al-vaglio-le-soluzioni-per-la-frana\\\/#primaryimage\"},\"thumbnailUrl\":\"https:\\\/\\\/www.bellunopress.it\\\/wp-content\\\/uploads\\\/2024\\\/03\\\/frana-fraz-Sella-di-Gosaldo_edited.jpg\",\"datePublished\":\"2024-03-12T19:43:04+00:00\",\"breadcrumb\":{\"@id\":\"https:\\\/\\\/www.bellunopress.it\\\/2024\\\/03\\\/12\\\/sopralluogo-tecnico-a-selle-di-gosaldo-al-vaglio-le-soluzioni-per-la-frana\\\/#breadcrumb\"},\"inLanguage\":\"fr-FR\",\"potentialAction\":[{\"@type\":\"ReadAction\",\"target\":[\"https:\\\/\\\/www.bellunopress.it\\\/2024\\\/03\\\/12\\\/sopralluogo-tecnico-a-selle-di-gosaldo-al-vaglio-le-soluzioni-per-la-frana\\\/\"]}]},{\"@type\":\"ImageObject\",\"inLanguage\":\"fr-FR\",\"@id\":\"https:\\\/\\\/www.bellunopress.it\\\/2024\\\/03\\\/12\\\/sopralluogo-tecnico-a-selle-di-gosaldo-al-vaglio-le-soluzioni-per-la-frana\\\/#primaryimage\",\"url\":\"https:\\\/\\\/www.bellunopress.it\\\/wp-content\\\/uploads\\\/2024\\\/03\\\/frana-fraz-Sella-di-Gosaldo_edited.jpg\",\"contentUrl\":\"https:\\\/\\\/www.bellunopress.it\\\/wp-content\\\/uploads\\\/2024\\\/03\\\/frana-fraz-Sella-di-Gosaldo_edited.jpg\",\"width\":1000,\"height\":623,\"caption\":\"Strada interrotta per Selle di Gosaldo\"},{\"@type\":\"BreadcrumbList\",\"@id\":\"https:\\\/\\\/www.bellunopress.it\\\/2024\\\/03\\\/12\\\/sopralluogo-tecnico-a-selle-di-gosaldo-al-vaglio-le-soluzioni-per-la-frana\\\/#breadcrumb\",\"itemListElement\":[{\"@type\":\"ListItem\",\"position\":1,\"name\":\"Home\",\"item\":\"https:\\\/\\\/www.bellunopress.it\\\/\"},{\"@type\":\"ListItem\",\"position\":2,\"name\":\"Sopralluogo tecnico a Selle di Gosaldo, al vaglio le soluzioni per la frana\"}]},{\"@type\":\"WebSite\",\"@id\":\"https:\\\/\\\/www.bellunopress.it\\\/#website\",\"url\":\"https:\\\/\\\/www.bellunopress.it\\\/\",\"name\":\"Bellunopress - Dolomiti\",\"description\":\"e-mail: redazione@bellunopress.it\",\"publisher\":{\"@id\":\"https:\\\/\\\/www.bellunopress.it\\\/#organization\"},\"potentialAction\":[{\"@type\":\"SearchAction\",\"target\":{\"@type\":\"EntryPoint\",\"urlTemplate\":\"https:\\\/\\\/www.bellunopress.it\\\/?s={search_term_string}\"},\"query-input\":{\"@type\":\"PropertyValueSpecification\",\"valueRequired\":true,\"valueName\":\"search_term_string\"}}],\"inLanguage\":\"fr-FR\"},{\"@type\":\"Organization\",\"@id\":\"https:\\\/\\\/www.bellunopress.it\\\/#organization\",\"name\":\"Bellunopress\",\"url\":\"https:\\\/\\\/www.bellunopress.it\\\/\",\"logo\":{\"@type\":\"ImageObject\",\"inLanguage\":\"fr-FR\",\"@id\":\"https:\\\/\\\/www.bellunopress.it\\\/#\\\/schema\\\/logo\\\/image\\\/\",\"url\":\"https:\\\/\\\/www.bellunopress.it\\\/wp-content\\\/uploads\\\/2011\\\/05\\\/cropped-logo-bellunopress-.jpg\",\"contentUrl\":\"https:\\\/\\\/www.bellunopress.it\\\/wp-content\\\/uploads\\\/2011\\\/05\\\/cropped-logo-bellunopress-.jpg\",\"width\":512,\"height\":512,\"caption\":\"Bellunopress\"},\"image\":{\"@id\":\"https:\\\/\\\/www.bellunopress.it\\\/#\\\/schema\\\/logo\\\/image\\\/\"},\"sameAs\":[\"https:\\\/\\\/www.facebook.com\\\/profile.php?id=100008943462799\",\"https:\\\/\\\/x.com\\\/bellunopress\",\"https:\\\/\\\/www.linkedin.com\\\/hp\\\/?dnr=JBzUWaJfMUw8vbXJJ2tVW5-I3jZKvC4wsoxE&amp;amp;amp;amp;amp;amp;trk=nav_responsive_tab_home\",\"https:\\\/\\\/www.youtube.com\\\/channel\\\/UCxL0wu1uN0_3_7hGG0306cw\"]},{\"@type\":\"Person\",\"@id\":\"https:\\\/\\\/www.bellunopress.it\\\/#\\\/schema\\\/person\\\/79bb06722b37ece1c03d3e94beb30d73\",\"name\":\"redazione\",\"image\":{\"@type\":\"ImageObject\",\"inLanguage\":\"fr-FR\",\"@id\":\"https:\\\/\\\/secure.gravatar.com\\\/avatar\\\/37d968a2e67a6fd04c169c4bdef102d0bc5d31b2546345219e348575eb80e9a0?s=96&d=mm&r=g\",\"url\":\"https:\\\/\\\/secure.gravatar.com\\\/avatar\\\/37d968a2e67a6fd04c169c4bdef102d0bc5d31b2546345219e348575eb80e9a0?s=96&d=mm&r=g\",\"contentUrl\":\"https:\\\/\\\/secure.gravatar.com\\\/avatar\\\/37d968a2e67a6fd04c169c4bdef102d0bc5d31b2546345219e348575eb80e9a0?s=96&d=mm&r=g\",\"caption\":\"redazione\"},\"sameAs\":[\"http:\\\/\\\/www.bellunopress.it\",\"https:\\\/\\\/x.com\\\/bellunopress\"],\"url\":\"https:\\\/\\\/www.bellunopress.it\\\/fr\\\/author\\\/redazione\\\/\"}]}<\/script>\n<!-- \/ Yoast SEO plugin. -->","yoast_head_json":{"title":"Sopralluogo tecnico a Selle di Gosaldo, al vaglio le soluzioni per la frana - Bellunopress - Dolomiti","robots":{"index":"index","follow":"follow","max-snippet":"max-snippet:-1","max-image-preview":"max-image-preview:large","max-video-preview":"max-video-preview:-1"},"canonical":"https:\/\/www.bellunopress.it\/fr\/2024\/03\/12\/sopralluogo-tecnico-a-selle-di-gosaldo-al-vaglio-le-soluzioni-per-la-frana\/","og_locale":"fr_FR","og_type":"article","og_title":"Sopralluogo tecnico a Selle di Gosaldo, al vaglio le soluzioni per la frana - Bellunopress - Dolomiti","og_description":"Sopralluogo tecnico a Selle (Gosaldo), dove domenica pomeriggio, a seguito del maltempo, si \u00e8 verificata una frana che ha isolato per alcune ore la frazione. Il geologo incaricato dalla Provincia \u00e8 stato sul luogo della colata e ha verificato l&#8217;entit\u00e0 del dissesto. Nel frattempo, il Comune di Gosaldo ha provveduto a realizzare una pista di [&hellip;]","og_url":"https:\/\/www.bellunopress.it\/fr\/2024\/03\/12\/sopralluogo-tecnico-a-selle-di-gosaldo-al-vaglio-le-soluzioni-per-la-frana\/","og_site_name":"Bellunopress - Dolomiti","article_publisher":"https:\/\/www.facebook.com\/profile.php?id=100008943462799","article_published_time":"2024-03-12T19:43:04+00:00","og_image":[{"width":1000,"height":623,"url":"https:\/\/www.bellunopress.it\/wp-content\/uploads\/2024\/03\/frana-fraz-Sella-di-Gosaldo_edited.jpg","type":"image\/jpeg"}],"author":"redazione","twitter_card":"summary_large_image","twitter_creator":"@bellunopress","twitter_site":"@bellunopress","twitter_misc":{"\u00c9crit par":"redazione","Dur\u00e9e de lecture estim\u00e9e":"1 minute"},"schema":{"@context":"https:\/\/schema.org","@graph":[{"@type":"Article","@id":"https:\/\/www.bellunopress.it\/2024\/03\/12\/sopralluogo-tecnico-a-selle-di-gosaldo-al-vaglio-le-soluzioni-per-la-frana\/#article","isPartOf":{"@id":"https:\/\/www.bellunopress.it\/2024\/03\/12\/sopralluogo-tecnico-a-selle-di-gosaldo-al-vaglio-le-soluzioni-per-la-frana\/"},"author":{"name":"redazione","@id":"https:\/\/www.bellunopress.it\/#\/schema\/person\/79bb06722b37ece1c03d3e94beb30d73"},"headline":"Sopralluogo tecnico a Selle di Gosaldo, al vaglio le soluzioni per la frana","datePublished":"2024-03-12T19:43:04+00:00","mainEntityOfPage":{"@id":"https:\/\/www.bellunopress.it\/2024\/03\/12\/sopralluogo-tecnico-a-selle-di-gosaldo-al-vaglio-le-soluzioni-per-la-frana\/"},"wordCount":271,"publisher":{"@id":"https:\/\/www.bellunopress.it\/#organization"},"image":{"@id":"https:\/\/www.bellunopress.it\/2024\/03\/12\/sopralluogo-tecnico-a-selle-di-gosaldo-al-vaglio-le-soluzioni-per-la-frana\/#primaryimage"},"thumbnailUrl":"https:\/\/www.bellunopress.it\/wp-content\/uploads\/2024\/03\/frana-fraz-Sella-di-Gosaldo_edited.jpg","articleSection":["Cronaca\/Politica","Prima Pagina"],"inLanguage":"fr-FR"},{"@type":"WebPage","@id":"https:\/\/www.bellunopress.it\/2024\/03\/12\/sopralluogo-tecnico-a-selle-di-gosaldo-al-vaglio-le-soluzioni-per-la-frana\/","url":"https:\/\/www.bellunopress.it\/2024\/03\/12\/sopralluogo-tecnico-a-selle-di-gosaldo-al-vaglio-le-soluzioni-per-la-frana\/","name":"Sopralluogo tecnico a Selle di Gosaldo, al vaglio le soluzioni per la frana - Bellunopress - Dolomiti","isPartOf":{"@id":"https:\/\/www.bellunopress.it\/#website"},"primaryImageOfPage":{"@id":"https:\/\/www.bellunopress.it\/2024\/03\/12\/sopralluogo-tecnico-a-selle-di-gosaldo-al-vaglio-le-soluzioni-per-la-frana\/#primaryimage"},"image":{"@id":"https:\/\/www.bellunopress.it\/2024\/03\/12\/sopralluogo-tecnico-a-selle-di-gosaldo-al-vaglio-le-soluzioni-per-la-frana\/#primaryimage"},"thumbnailUrl":"https:\/\/www.bellunopress.it\/wp-content\/uploads\/2024\/03\/frana-fraz-Sella-di-Gosaldo_edited.jpg","datePublished":"2024-03-12T19:43:04+00:00","breadcrumb":{"@id":"https:\/\/www.bellunopress.it\/2024\/03\/12\/sopralluogo-tecnico-a-selle-di-gosaldo-al-vaglio-le-soluzioni-per-la-frana\/#breadcrumb"},"inLanguage":"fr-FR","potentialAction":[{"@type":"ReadAction","target":["https:\/\/www.bellunopress.it\/2024\/03\/12\/sopralluogo-tecnico-a-selle-di-gosaldo-al-vaglio-le-soluzioni-per-la-frana\/"]}]},{"@type":"ImageObject","inLanguage":"fr-FR","@id":"https:\/\/www.bellunopress.it\/2024\/03\/12\/sopralluogo-tecnico-a-selle-di-gosaldo-al-vaglio-le-soluzioni-per-la-frana\/#primaryimage","url":"https:\/\/www.bellunopress.it\/wp-content\/uploads\/2024\/03\/frana-fraz-Sella-di-Gosaldo_edited.jpg","contentUrl":"https:\/\/www.bellunopress.it\/wp-content\/uploads\/2024\/03\/frana-fraz-Sella-di-Gosaldo_edited.jpg","width":1000,"height":623,"caption":"Strada interrotta per Selle di Gosaldo"},{"@type":"BreadcrumbList","@id":"https:\/\/www.bellunopress.it\/2024\/03\/12\/sopralluogo-tecnico-a-selle-di-gosaldo-al-vaglio-le-soluzioni-per-la-frana\/#breadcrumb","itemListElement":[{"@type":"ListItem","position":1,"name":"Home","item":"https:\/\/www.bellunopress.it\/"},{"@type":"ListItem","position":2,"name":"Sopralluogo tecnico a Selle di Gosaldo, al vaglio le soluzioni per la frana"}]},{"@type":"WebSite","@id":"https:\/\/www.bellunopress.it\/#website","url":"https:\/\/www.bellunopress.it\/","name":"Bellunopress - Dolomiti","description":"e-mail: redazione@bellunopress.it","publisher":{"@id":"https:\/\/www.bellunopress.it\/#organization"},"potentialAction":[{"@type":"SearchAction","target":{"@type":"EntryPoint","urlTemplate":"https:\/\/www.bellunopress.it\/?s={search_term_string}"},"query-input":{"@type":"PropertyValueSpecification","valueRequired":true,"valueName":"search_term_string"}}],"inLanguage":"fr-FR"},{"@type":"Organization","@id":"https:\/\/www.bellunopress.it\/#organization","name":"Bellunopress","url":"https:\/\/www.bellunopress.it\/","logo":{"@type":"ImageObject","inLanguage":"fr-FR","@id":"https:\/\/www.bellunopress.it\/#\/schema\/logo\/image\/","url":"https:\/\/www.bellunopress.it\/wp-content\/uploads\/2011\/05\/cropped-logo-bellunopress-.jpg","contentUrl":"https:\/\/www.bellunopress.it\/wp-content\/uploads\/2011\/05\/cropped-logo-bellunopress-.jpg","width":512,"height":512,"caption":"Bellunopress"},"image":{"@id":"https:\/\/www.bellunopress.it\/#\/schema\/logo\/image\/"},"sameAs":["https:\/\/www.facebook.com\/profile.php?id=100008943462799","https:\/\/x.com\/bellunopress","https:\/\/www.linkedin.com\/hp\/?dnr=JBzUWaJfMUw8vbXJJ2tVW5-I3jZKvC4wsoxE&amp;amp;amp;amp;amp;amp;trk=nav_responsive_tab_home","https:\/\/www.youtube.com\/channel\/UCxL0wu1uN0_3_7hGG0306cw"]},{"@type":"Person","@id":"https:\/\/www.bellunopress.it\/#\/schema\/person\/79bb06722b37ece1c03d3e94beb30d73","name":"r\u00e9daction","image":{"@type":"ImageObject","inLanguage":"fr-FR","@id":"https:\/\/secure.gravatar.com\/avatar\/37d968a2e67a6fd04c169c4bdef102d0bc5d31b2546345219e348575eb80e9a0?s=96&d=mm&r=g","url":"https:\/\/secure.gravatar.com\/avatar\/37d968a2e67a6fd04c169c4bdef102d0bc5d31b2546345219e348575eb80e9a0?s=96&d=mm&r=g","contentUrl":"https:\/\/secure.gravatar.com\/avatar\/37d968a2e67a6fd04c169c4bdef102d0bc5d31b2546345219e348575eb80e9a0?s=96&d=mm&r=g","caption":"redazione"},"sameAs":["http:\/\/www.bellunopress.it","https:\/\/x.com\/bellunopress"],"url":"https:\/\/www.bellunopress.it\/fr\/author\/redazione\/"}]}},"_links":{"self":[{"href":"https:\/\/www.bellunopress.it\/fr\/wp-json\/wp\/v2\/posts\/149087","targetHints":{"allow":["GET"]}}],"collection":[{"href":"https:\/\/www.bellunopress.it\/fr\/wp-json\/wp\/v2\/posts"}],"about":[{"href":"https:\/\/www.bellunopress.it\/fr\/wp-json\/wp\/v2\/types\/post"}],"author":[{"embeddable":true,"href":"https:\/\/www.bellunopress.it\/fr\/wp-json\/wp\/v2\/users\/2"}],"replies":[{"embeddable":true,"href":"https:\/\/www.bellunopress.it\/fr\/wp-json\/wp\/v2\/comments?post=149087"}],"version-history":[{"count":1,"href":"https:\/\/www.bellunopress.it\/fr\/wp-json\/wp\/v2\/posts\/149087\/revisions"}],"predecessor-version":[{"id":149088,"href":"https:\/\/www.bellunopress.it\/fr\/wp-json\/wp\/v2\/posts\/149087\/revisions\/149088"}],"wp:featuredmedia":[{"embeddable":true,"href":"https:\/\/www.bellunopress.it\/fr\/wp-json\/wp\/v2\/media\/149017"}],"wp:attachment":[{"href":"https:\/\/www.bellunopress.it\/fr\/wp-json\/wp\/v2\/media?parent=149087"}],"wp:term":[{"taxonomy":"category","embeddable":true,"href":"https:\/\/www.bellunopress.it\/fr\/wp-json\/wp\/v2\/categories?post=149087"},{"taxonomy":"post_tag","embeddable":true,"href":"https:\/\/www.bellunopress.it\/fr\/wp-json\/wp\/v2\/tags?post=149087"}],"curies":[{"name":"wp","href":"https:\/\/api.w.org\/{rel}","templated":true}]}}