{"id":149075,"date":"2024-03-12T10:53:29","date_gmt":"2024-03-12T09:53:29","guid":{"rendered":"https:\/\/www.bellunopress.it\/?p=149075"},"modified":"2024-03-12T10:53:29","modified_gmt":"2024-03-12T09:53:29","slug":"il-comune-di-belluno-dimentica-di-invitare-la-lega-nazionale-di-trieste-alla-cerimonia-del-giorno-del-ricordo","status":"publish","type":"post","link":"https:\/\/www.bellunopress.it\/fr\/2024\/03\/12\/il-comune-di-belluno-dimentica-di-invitare-la-lega-nazionale-di-trieste-alla-cerimonia-del-giorno-del-ricordo\/","title":{"rendered":"Il Comune di Belluno dimentica di invitare la Lega Nazionale di Trieste alla cerimonia del Giorno del Ricordo"},"content":{"rendered":"<p><img loading=\"lazy\" decoding=\"async\" class=\"alignleft size-full wp-image-139537\" src=\"https:\/\/www.bellunopress.it\/wp-content\/uploads\/2023\/02\/Monumento-alle-Vittime-delle-Foibe-Belluno-Stazione_edited.jpg\" alt=\"piazzale vittime delle foibe\" width=\"914\" height=\"586\" srcset=\"https:\/\/www.bellunopress.it\/wp-content\/uploads\/2023\/02\/Monumento-alle-Vittime-delle-Foibe-Belluno-Stazione_edited.jpg 914w, https:\/\/www.bellunopress.it\/wp-content\/uploads\/2023\/02\/Monumento-alle-Vittime-delle-Foibe-Belluno-Stazione_edited-500x321.jpg 500w, https:\/\/www.bellunopress.it\/wp-content\/uploads\/2023\/02\/Monumento-alle-Vittime-delle-Foibe-Belluno-Stazione_edited-696x446.jpg 696w, https:\/\/www.bellunopress.it\/wp-content\/uploads\/2023\/02\/Monumento-alle-Vittime-delle-Foibe-Belluno-Stazione_edited-655x420.jpg 655w\" sizes=\"auto, (max-width: 914px) 100vw, 914px\" \/>In data 14 febbraio u.s. ho inviato una lettera tramite PEC al Sindaco e all&#8217;Assessore alla Cultura, lamentando il mancato invito alla Lega Nazionale di Trieste, di cui sono delegato in Belluno, per la cerimonia del 10 febbraio u.s. che, in occasione del ventennale del Giorno del Ricordo, si \u00e8 svolta nei pressi del monumento ai Martiri delle Foibe a Belluno in onore e memoria di quanti, italiani e non, sono stati assassinati dai partigiani titini durante l&#8217;ultima guerra mondiale e negli anni immediatamente seguenti.<br \/>\nEbbene, come ricordavo dianzi, a tale commemorazione non \u00e8 stata invitata ufficialmente dall&#8217; Amministrazione comunale la Lega Nazionale di Trieste, come \u00e8 invece accaduto in altri comuni della provincia: tale &#8216;dimenticanza&#8217; ha provocato in chi scrive, nella sua qualit\u00e0 di delegato provinciale per Belluno del sodalizio triestino, stupore e indignazione insieme, in quanto la Lega Nazionale \u00e8 attore fondamentali nelle celebrazioni e negli eventi di ogni tipo che vengono organizzati in tutta Italia per il Giorno del Ricordo. Basti pensare, fra le altre cose, che il sodalizio triestino gestisce la Foiba di Basovizza, monumento simbolo della tragedia delle Foibe e dell&#8217;Esodo, per conto dello Stato.<\/p>\n<p>La summenzionata PEC, a un mese circa dal suo invio, non ha avuto a tutt&#8217;oggi alcun riscontro da parte dei destinatari, cos\u00ec come non ha avuto nessun esito la richiesta di un incontro con il Sindaco e l&#8217;Assessore, mai accordata, nonostante una telefonata di sollecito.<\/p>\n<p>Ritengo pertanto doveroso con questa mia informare la cittadinanza dell&#8217;accaduto tramite la stampa, da sempre baluardo di libert\u00e0 in una societ\u00e0 democratica e partecipata.<\/p>\n<p><strong>Francesco Dematt\u00e8<\/strong><\/p>\n<p><strong>Delegato provinciale per Belluno della Lega Nazionale<\/strong><\/p>\n<p>&nbsp;<\/p>\n<p>&nbsp;<\/p>\n<p>&nbsp;<\/p>","protected":false},"excerpt":{"rendered":"<p>In data 14 febbraio u.s. ho inviato una lettera tramite PEC al Sindaco e all&#8217;Assessore alla Cultura, lamentando il mancato invito alla Lega Nazionale di Trieste, di cui sono delegato in Belluno, per la cerimonia del 10 febbraio u.s. che, in occasione del ventennale del Giorno del Ricordo, si \u00e8 svolta nei pressi del monumento [&hellip;]<\/p>\n","protected":false},"author":2,"featured_media":139537,"comment_status":"closed","ping_status":"open","sticky":false,"template":"","format":"standard","meta":{"footnotes":""},"categories":[3368,1],"tags":[],"class_list":["post-149075","post","type-post","status-publish","format-standard","has-post-thumbnail","category-cahiers-de-doleances","category-leo"],"yoast_head":"<!-- This site is optimized with the Yoast SEO plugin v28.4 - https:\/\/yoast.com\/product\/yoast-seo-wordpress\/ -->\n<title>Il Comune di Belluno dimentica di invitare la Lega Nazionale di Trieste alla cerimonia del Giorno del Ricordo - Bellunopress - Dolomiti<\/title>\n<meta name=\"robots\" content=\"index, follow, max-snippet:-1, max-image-preview:large, max-video-preview:-1\" \/>\n<link rel=\"canonical\" href=\"https:\/\/www.bellunopress.it\/fr\/2024\/03\/12\/il-comune-di-belluno-dimentica-di-invitare-la-lega-nazionale-di-trieste-alla-cerimonia-del-giorno-del-ricordo\/\" \/>\n<meta property=\"og:locale\" content=\"fr_FR\" \/>\n<meta property=\"og:type\" content=\"article\" \/>\n<meta property=\"og:title\" content=\"Il Comune di Belluno dimentica di invitare la Lega Nazionale di Trieste alla cerimonia del Giorno del Ricordo - Bellunopress - Dolomiti\" \/>\n<meta property=\"og:description\" content=\"In data 14 febbraio u.s. ho inviato una lettera tramite PEC al Sindaco e all&#8217;Assessore alla Cultura, lamentando il mancato invito alla Lega Nazionale di Trieste, di cui sono delegato in Belluno, per la cerimonia del 10 febbraio u.s. che, in occasione del ventennale del Giorno del Ricordo, si \u00e8 svolta nei pressi del monumento [&hellip;]\" \/>\n<meta property=\"og:url\" content=\"https:\/\/www.bellunopress.it\/fr\/2024\/03\/12\/il-comune-di-belluno-dimentica-di-invitare-la-lega-nazionale-di-trieste-alla-cerimonia-del-giorno-del-ricordo\/\" \/>\n<meta property=\"og:site_name\" content=\"Bellunopress - Dolomiti\" \/>\n<meta property=\"article:publisher\" content=\"https:\/\/www.facebook.com\/profile.php?id=100008943462799\" \/>\n<meta property=\"article:published_time\" content=\"2024-03-12T09:53:29+00:00\" \/>\n<meta property=\"og:image\" content=\"https:\/\/www.bellunopress.it\/wp-content\/uploads\/2023\/02\/Monumento-alle-Vittime-delle-Foibe-Belluno-Stazione_edited.jpg\" \/>\n\t<meta property=\"og:image:width\" content=\"914\" \/>\n\t<meta property=\"og:image:height\" content=\"586\" \/>\n\t<meta property=\"og:image:type\" content=\"image\/jpeg\" \/>\n<meta name=\"author\" content=\"redazione\" \/>\n<meta name=\"twitter:card\" content=\"summary_large_image\" \/>\n<meta name=\"twitter:creator\" content=\"@bellunopress\" \/>\n<meta name=\"twitter:site\" content=\"@bellunopress\" \/>\n<meta name=\"twitter:label1\" content=\"\u00c9crit par\" \/>\n\t<meta name=\"twitter:data1\" content=\"redazione\" \/>\n\t<meta name=\"twitter:label2\" content=\"Dur\u00e9e de lecture estim\u00e9e\" \/>\n\t<meta name=\"twitter:data2\" content=\"1 minute\" \/>\n<script type=\"application\/ld+json\" class=\"yoast-schema-graph\">{\"@context\":\"https:\\\/\\\/schema.org\",\"@graph\":[{\"@type\":\"Article\",\"@id\":\"https:\\\/\\\/www.bellunopress.it\\\/2024\\\/03\\\/12\\\/il-comune-di-belluno-dimentica-di-invitare-la-lega-nazionale-di-trieste-alla-cerimonia-del-giorno-del-ricordo\\\/#article\",\"isPartOf\":{\"@id\":\"https:\\\/\\\/www.bellunopress.it\\\/2024\\\/03\\\/12\\\/il-comune-di-belluno-dimentica-di-invitare-la-lega-nazionale-di-trieste-alla-cerimonia-del-giorno-del-ricordo\\\/\"},\"author\":{\"name\":\"redazione\",\"@id\":\"https:\\\/\\\/www.bellunopress.it\\\/#\\\/schema\\\/person\\\/79bb06722b37ece1c03d3e94beb30d73\"},\"headline\":\"Il Comune di Belluno dimentica di invitare la Lega Nazionale di Trieste alla cerimonia del Giorno del Ricordo\",\"datePublished\":\"2024-03-12T09:53:29+00:00\",\"mainEntityOfPage\":{\"@id\":\"https:\\\/\\\/www.bellunopress.it\\\/2024\\\/03\\\/12\\\/il-comune-di-belluno-dimentica-di-invitare-la-lega-nazionale-di-trieste-alla-cerimonia-del-giorno-del-ricordo\\\/\"},\"wordCount\":291,\"publisher\":{\"@id\":\"https:\\\/\\\/www.bellunopress.it\\\/#organization\"},\"image\":{\"@id\":\"https:\\\/\\\/www.bellunopress.it\\\/2024\\\/03\\\/12\\\/il-comune-di-belluno-dimentica-di-invitare-la-lega-nazionale-di-trieste-alla-cerimonia-del-giorno-del-ricordo\\\/#primaryimage\"},\"thumbnailUrl\":\"https:\\\/\\\/www.bellunopress.it\\\/wp-content\\\/uploads\\\/2023\\\/02\\\/Monumento-alle-Vittime-delle-Foibe-Belluno-Stazione_edited.jpg\",\"articleSection\":[\"Cahiers de dol\u00e9ances\",\"Lettere Opinioni\"],\"inLanguage\":\"fr-FR\"},{\"@type\":\"WebPage\",\"@id\":\"https:\\\/\\\/www.bellunopress.it\\\/2024\\\/03\\\/12\\\/il-comune-di-belluno-dimentica-di-invitare-la-lega-nazionale-di-trieste-alla-cerimonia-del-giorno-del-ricordo\\\/\",\"url\":\"https:\\\/\\\/www.bellunopress.it\\\/2024\\\/03\\\/12\\\/il-comune-di-belluno-dimentica-di-invitare-la-lega-nazionale-di-trieste-alla-cerimonia-del-giorno-del-ricordo\\\/\",\"name\":\"Il Comune di Belluno dimentica di invitare la Lega Nazionale di Trieste alla cerimonia del Giorno del Ricordo - Bellunopress - Dolomiti\",\"isPartOf\":{\"@id\":\"https:\\\/\\\/www.bellunopress.it\\\/#website\"},\"primaryImageOfPage\":{\"@id\":\"https:\\\/\\\/www.bellunopress.it\\\/2024\\\/03\\\/12\\\/il-comune-di-belluno-dimentica-di-invitare-la-lega-nazionale-di-trieste-alla-cerimonia-del-giorno-del-ricordo\\\/#primaryimage\"},\"image\":{\"@id\":\"https:\\\/\\\/www.bellunopress.it\\\/2024\\\/03\\\/12\\\/il-comune-di-belluno-dimentica-di-invitare-la-lega-nazionale-di-trieste-alla-cerimonia-del-giorno-del-ricordo\\\/#primaryimage\"},\"thumbnailUrl\":\"https:\\\/\\\/www.bellunopress.it\\\/wp-content\\\/uploads\\\/2023\\\/02\\\/Monumento-alle-Vittime-delle-Foibe-Belluno-Stazione_edited.jpg\",\"datePublished\":\"2024-03-12T09:53:29+00:00\",\"breadcrumb\":{\"@id\":\"https:\\\/\\\/www.bellunopress.it\\\/2024\\\/03\\\/12\\\/il-comune-di-belluno-dimentica-di-invitare-la-lega-nazionale-di-trieste-alla-cerimonia-del-giorno-del-ricordo\\\/#breadcrumb\"},\"inLanguage\":\"fr-FR\",\"potentialAction\":[{\"@type\":\"ReadAction\",\"target\":[\"https:\\\/\\\/www.bellunopress.it\\\/2024\\\/03\\\/12\\\/il-comune-di-belluno-dimentica-di-invitare-la-lega-nazionale-di-trieste-alla-cerimonia-del-giorno-del-ricordo\\\/\"]}]},{\"@type\":\"ImageObject\",\"inLanguage\":\"fr-FR\",\"@id\":\"https:\\\/\\\/www.bellunopress.it\\\/2024\\\/03\\\/12\\\/il-comune-di-belluno-dimentica-di-invitare-la-lega-nazionale-di-trieste-alla-cerimonia-del-giorno-del-ricordo\\\/#primaryimage\",\"url\":\"https:\\\/\\\/www.bellunopress.it\\\/wp-content\\\/uploads\\\/2023\\\/02\\\/Monumento-alle-Vittime-delle-Foibe-Belluno-Stazione_edited.jpg\",\"contentUrl\":\"https:\\\/\\\/www.bellunopress.it\\\/wp-content\\\/uploads\\\/2023\\\/02\\\/Monumento-alle-Vittime-delle-Foibe-Belluno-Stazione_edited.jpg\",\"width\":914,\"height\":586,\"caption\":\"Monumento alle Vittime delle Foibe Belluno Stazione\"},{\"@type\":\"BreadcrumbList\",\"@id\":\"https:\\\/\\\/www.bellunopress.it\\\/2024\\\/03\\\/12\\\/il-comune-di-belluno-dimentica-di-invitare-la-lega-nazionale-di-trieste-alla-cerimonia-del-giorno-del-ricordo\\\/#breadcrumb\",\"itemListElement\":[{\"@type\":\"ListItem\",\"position\":1,\"name\":\"Home\",\"item\":\"https:\\\/\\\/www.bellunopress.it\\\/\"},{\"@type\":\"ListItem\",\"position\":2,\"name\":\"Il Comune di Belluno dimentica di invitare la Lega Nazionale di Trieste alla cerimonia del Giorno del Ricordo\"}]},{\"@type\":\"WebSite\",\"@id\":\"https:\\\/\\\/www.bellunopress.it\\\/#website\",\"url\":\"https:\\\/\\\/www.bellunopress.it\\\/\",\"name\":\"Bellunopress - Dolomiti\",\"description\":\"e-mail: redazione@bellunopress.it\",\"publisher\":{\"@id\":\"https:\\\/\\\/www.bellunopress.it\\\/#organization\"},\"potentialAction\":[{\"@type\":\"SearchAction\",\"target\":{\"@type\":\"EntryPoint\",\"urlTemplate\":\"https:\\\/\\\/www.bellunopress.it\\\/?s={search_term_string}\"},\"query-input\":{\"@type\":\"PropertyValueSpecification\",\"valueRequired\":true,\"valueName\":\"search_term_string\"}}],\"inLanguage\":\"fr-FR\"},{\"@type\":\"Organization\",\"@id\":\"https:\\\/\\\/www.bellunopress.it\\\/#organization\",\"name\":\"Bellunopress\",\"url\":\"https:\\\/\\\/www.bellunopress.it\\\/\",\"logo\":{\"@type\":\"ImageObject\",\"inLanguage\":\"fr-FR\",\"@id\":\"https:\\\/\\\/www.bellunopress.it\\\/#\\\/schema\\\/logo\\\/image\\\/\",\"url\":\"https:\\\/\\\/www.bellunopress.it\\\/wp-content\\\/uploads\\\/2011\\\/05\\\/cropped-logo-bellunopress-.jpg\",\"contentUrl\":\"https:\\\/\\\/www.bellunopress.it\\\/wp-content\\\/uploads\\\/2011\\\/05\\\/cropped-logo-bellunopress-.jpg\",\"width\":512,\"height\":512,\"caption\":\"Bellunopress\"},\"image\":{\"@id\":\"https:\\\/\\\/www.bellunopress.it\\\/#\\\/schema\\\/logo\\\/image\\\/\"},\"sameAs\":[\"https:\\\/\\\/www.facebook.com\\\/profile.php?id=100008943462799\",\"https:\\\/\\\/x.com\\\/bellunopress\",\"https:\\\/\\\/www.linkedin.com\\\/hp\\\/?dnr=JBzUWaJfMUw8vbXJJ2tVW5-I3jZKvC4wsoxE&amp;amp;amp;amp;amp;amp;trk=nav_responsive_tab_home\",\"https:\\\/\\\/www.youtube.com\\\/channel\\\/UCxL0wu1uN0_3_7hGG0306cw\"]},{\"@type\":\"Person\",\"@id\":\"https:\\\/\\\/www.bellunopress.it\\\/#\\\/schema\\\/person\\\/79bb06722b37ece1c03d3e94beb30d73\",\"name\":\"redazione\",\"image\":{\"@type\":\"ImageObject\",\"inLanguage\":\"fr-FR\",\"@id\":\"https:\\\/\\\/secure.gravatar.com\\\/avatar\\\/37d968a2e67a6fd04c169c4bdef102d0bc5d31b2546345219e348575eb80e9a0?s=96&d=mm&r=g\",\"url\":\"https:\\\/\\\/secure.gravatar.com\\\/avatar\\\/37d968a2e67a6fd04c169c4bdef102d0bc5d31b2546345219e348575eb80e9a0?s=96&d=mm&r=g\",\"contentUrl\":\"https:\\\/\\\/secure.gravatar.com\\\/avatar\\\/37d968a2e67a6fd04c169c4bdef102d0bc5d31b2546345219e348575eb80e9a0?s=96&d=mm&r=g\",\"caption\":\"redazione\"},\"sameAs\":[\"http:\\\/\\\/www.bellunopress.it\",\"https:\\\/\\\/x.com\\\/bellunopress\"],\"url\":\"https:\\\/\\\/www.bellunopress.it\\\/fr\\\/author\\\/redazione\\\/\"}]}<\/script>\n<!-- \/ Yoast SEO plugin. -->","yoast_head_json":{"title":"Il Comune di Belluno dimentica di invitare la Lega Nazionale di Trieste alla cerimonia del Giorno del Ricordo - Bellunopress - Dolomiti","robots":{"index":"index","follow":"follow","max-snippet":"max-snippet:-1","max-image-preview":"max-image-preview:large","max-video-preview":"max-video-preview:-1"},"canonical":"https:\/\/www.bellunopress.it\/fr\/2024\/03\/12\/il-comune-di-belluno-dimentica-di-invitare-la-lega-nazionale-di-trieste-alla-cerimonia-del-giorno-del-ricordo\/","og_locale":"fr_FR","og_type":"article","og_title":"Il Comune di Belluno dimentica di invitare la Lega Nazionale di Trieste alla cerimonia del Giorno del Ricordo - Bellunopress - Dolomiti","og_description":"In data 14 febbraio u.s. ho inviato una lettera tramite PEC al Sindaco e all&#8217;Assessore alla Cultura, lamentando il mancato invito alla Lega Nazionale di Trieste, di cui sono delegato in Belluno, per la cerimonia del 10 febbraio u.s. che, in occasione del ventennale del Giorno del Ricordo, si \u00e8 svolta nei pressi del monumento [&hellip;]","og_url":"https:\/\/www.bellunopress.it\/fr\/2024\/03\/12\/il-comune-di-belluno-dimentica-di-invitare-la-lega-nazionale-di-trieste-alla-cerimonia-del-giorno-del-ricordo\/","og_site_name":"Bellunopress - Dolomiti","article_publisher":"https:\/\/www.facebook.com\/profile.php?id=100008943462799","article_published_time":"2024-03-12T09:53:29+00:00","og_image":[{"width":914,"height":586,"url":"https:\/\/www.bellunopress.it\/wp-content\/uploads\/2023\/02\/Monumento-alle-Vittime-delle-Foibe-Belluno-Stazione_edited.jpg","type":"image\/jpeg"}],"author":"redazione","twitter_card":"summary_large_image","twitter_creator":"@bellunopress","twitter_site":"@bellunopress","twitter_misc":{"\u00c9crit par":"redazione","Dur\u00e9e de lecture estim\u00e9e":"1 minute"},"schema":{"@context":"https:\/\/schema.org","@graph":[{"@type":"Article","@id":"https:\/\/www.bellunopress.it\/2024\/03\/12\/il-comune-di-belluno-dimentica-di-invitare-la-lega-nazionale-di-trieste-alla-cerimonia-del-giorno-del-ricordo\/#article","isPartOf":{"@id":"https:\/\/www.bellunopress.it\/2024\/03\/12\/il-comune-di-belluno-dimentica-di-invitare-la-lega-nazionale-di-trieste-alla-cerimonia-del-giorno-del-ricordo\/"},"author":{"name":"redazione","@id":"https:\/\/www.bellunopress.it\/#\/schema\/person\/79bb06722b37ece1c03d3e94beb30d73"},"headline":"Il Comune di Belluno dimentica di invitare la Lega Nazionale di Trieste alla cerimonia del Giorno del Ricordo","datePublished":"2024-03-12T09:53:29+00:00","mainEntityOfPage":{"@id":"https:\/\/www.bellunopress.it\/2024\/03\/12\/il-comune-di-belluno-dimentica-di-invitare-la-lega-nazionale-di-trieste-alla-cerimonia-del-giorno-del-ricordo\/"},"wordCount":291,"publisher":{"@id":"https:\/\/www.bellunopress.it\/#organization"},"image":{"@id":"https:\/\/www.bellunopress.it\/2024\/03\/12\/il-comune-di-belluno-dimentica-di-invitare-la-lega-nazionale-di-trieste-alla-cerimonia-del-giorno-del-ricordo\/#primaryimage"},"thumbnailUrl":"https:\/\/www.bellunopress.it\/wp-content\/uploads\/2023\/02\/Monumento-alle-Vittime-delle-Foibe-Belluno-Stazione_edited.jpg","articleSection":["Cahiers de dol\u00e9ances","Lettere Opinioni"],"inLanguage":"fr-FR"},{"@type":"WebPage","@id":"https:\/\/www.bellunopress.it\/2024\/03\/12\/il-comune-di-belluno-dimentica-di-invitare-la-lega-nazionale-di-trieste-alla-cerimonia-del-giorno-del-ricordo\/","url":"https:\/\/www.bellunopress.it\/2024\/03\/12\/il-comune-di-belluno-dimentica-di-invitare-la-lega-nazionale-di-trieste-alla-cerimonia-del-giorno-del-ricordo\/","name":"Il Comune di Belluno dimentica di invitare la Lega Nazionale di Trieste alla cerimonia del Giorno del Ricordo - Bellunopress - Dolomiti","isPartOf":{"@id":"https:\/\/www.bellunopress.it\/#website"},"primaryImageOfPage":{"@id":"https:\/\/www.bellunopress.it\/2024\/03\/12\/il-comune-di-belluno-dimentica-di-invitare-la-lega-nazionale-di-trieste-alla-cerimonia-del-giorno-del-ricordo\/#primaryimage"},"image":{"@id":"https:\/\/www.bellunopress.it\/2024\/03\/12\/il-comune-di-belluno-dimentica-di-invitare-la-lega-nazionale-di-trieste-alla-cerimonia-del-giorno-del-ricordo\/#primaryimage"},"thumbnailUrl":"https:\/\/www.bellunopress.it\/wp-content\/uploads\/2023\/02\/Monumento-alle-Vittime-delle-Foibe-Belluno-Stazione_edited.jpg","datePublished":"2024-03-12T09:53:29+00:00","breadcrumb":{"@id":"https:\/\/www.bellunopress.it\/2024\/03\/12\/il-comune-di-belluno-dimentica-di-invitare-la-lega-nazionale-di-trieste-alla-cerimonia-del-giorno-del-ricordo\/#breadcrumb"},"inLanguage":"fr-FR","potentialAction":[{"@type":"ReadAction","target":["https:\/\/www.bellunopress.it\/2024\/03\/12\/il-comune-di-belluno-dimentica-di-invitare-la-lega-nazionale-di-trieste-alla-cerimonia-del-giorno-del-ricordo\/"]}]},{"@type":"ImageObject","inLanguage":"fr-FR","@id":"https:\/\/www.bellunopress.it\/2024\/03\/12\/il-comune-di-belluno-dimentica-di-invitare-la-lega-nazionale-di-trieste-alla-cerimonia-del-giorno-del-ricordo\/#primaryimage","url":"https:\/\/www.bellunopress.it\/wp-content\/uploads\/2023\/02\/Monumento-alle-Vittime-delle-Foibe-Belluno-Stazione_edited.jpg","contentUrl":"https:\/\/www.bellunopress.it\/wp-content\/uploads\/2023\/02\/Monumento-alle-Vittime-delle-Foibe-Belluno-Stazione_edited.jpg","width":914,"height":586,"caption":"Monumento alle Vittime delle Foibe Belluno Stazione"},{"@type":"BreadcrumbList","@id":"https:\/\/www.bellunopress.it\/2024\/03\/12\/il-comune-di-belluno-dimentica-di-invitare-la-lega-nazionale-di-trieste-alla-cerimonia-del-giorno-del-ricordo\/#breadcrumb","itemListElement":[{"@type":"ListItem","position":1,"name":"Home","item":"https:\/\/www.bellunopress.it\/"},{"@type":"ListItem","position":2,"name":"Il Comune di Belluno dimentica di invitare la Lega Nazionale di Trieste alla cerimonia del Giorno del Ricordo"}]},{"@type":"WebSite","@id":"https:\/\/www.bellunopress.it\/#website","url":"https:\/\/www.bellunopress.it\/","name":"Bellunopress - Dolomiti","description":"e-mail: redazione@bellunopress.it","publisher":{"@id":"https:\/\/www.bellunopress.it\/#organization"},"potentialAction":[{"@type":"SearchAction","target":{"@type":"EntryPoint","urlTemplate":"https:\/\/www.bellunopress.it\/?s={search_term_string}"},"query-input":{"@type":"PropertyValueSpecification","valueRequired":true,"valueName":"search_term_string"}}],"inLanguage":"fr-FR"},{"@type":"Organization","@id":"https:\/\/www.bellunopress.it\/#organization","name":"Bellunopress","url":"https:\/\/www.bellunopress.it\/","logo":{"@type":"ImageObject","inLanguage":"fr-FR","@id":"https:\/\/www.bellunopress.it\/#\/schema\/logo\/image\/","url":"https:\/\/www.bellunopress.it\/wp-content\/uploads\/2011\/05\/cropped-logo-bellunopress-.jpg","contentUrl":"https:\/\/www.bellunopress.it\/wp-content\/uploads\/2011\/05\/cropped-logo-bellunopress-.jpg","width":512,"height":512,"caption":"Bellunopress"},"image":{"@id":"https:\/\/www.bellunopress.it\/#\/schema\/logo\/image\/"},"sameAs":["https:\/\/www.facebook.com\/profile.php?id=100008943462799","https:\/\/x.com\/bellunopress","https:\/\/www.linkedin.com\/hp\/?dnr=JBzUWaJfMUw8vbXJJ2tVW5-I3jZKvC4wsoxE&amp;amp;amp;amp;amp;amp;trk=nav_responsive_tab_home","https:\/\/www.youtube.com\/channel\/UCxL0wu1uN0_3_7hGG0306cw"]},{"@type":"Person","@id":"https:\/\/www.bellunopress.it\/#\/schema\/person\/79bb06722b37ece1c03d3e94beb30d73","name":"r\u00e9daction","image":{"@type":"ImageObject","inLanguage":"fr-FR","@id":"https:\/\/secure.gravatar.com\/avatar\/37d968a2e67a6fd04c169c4bdef102d0bc5d31b2546345219e348575eb80e9a0?s=96&d=mm&r=g","url":"https:\/\/secure.gravatar.com\/avatar\/37d968a2e67a6fd04c169c4bdef102d0bc5d31b2546345219e348575eb80e9a0?s=96&d=mm&r=g","contentUrl":"https:\/\/secure.gravatar.com\/avatar\/37d968a2e67a6fd04c169c4bdef102d0bc5d31b2546345219e348575eb80e9a0?s=96&d=mm&r=g","caption":"redazione"},"sameAs":["http:\/\/www.bellunopress.it","https:\/\/x.com\/bellunopress"],"url":"https:\/\/www.bellunopress.it\/fr\/author\/redazione\/"}]}},"_links":{"self":[{"href":"https:\/\/www.bellunopress.it\/fr\/wp-json\/wp\/v2\/posts\/149075","targetHints":{"allow":["GET"]}}],"collection":[{"href":"https:\/\/www.bellunopress.it\/fr\/wp-json\/wp\/v2\/posts"}],"about":[{"href":"https:\/\/www.bellunopress.it\/fr\/wp-json\/wp\/v2\/types\/post"}],"author":[{"embeddable":true,"href":"https:\/\/www.bellunopress.it\/fr\/wp-json\/wp\/v2\/users\/2"}],"replies":[{"embeddable":true,"href":"https:\/\/www.bellunopress.it\/fr\/wp-json\/wp\/v2\/comments?post=149075"}],"version-history":[{"count":1,"href":"https:\/\/www.bellunopress.it\/fr\/wp-json\/wp\/v2\/posts\/149075\/revisions"}],"predecessor-version":[{"id":149076,"href":"https:\/\/www.bellunopress.it\/fr\/wp-json\/wp\/v2\/posts\/149075\/revisions\/149076"}],"wp:featuredmedia":[{"embeddable":true,"href":"https:\/\/www.bellunopress.it\/fr\/wp-json\/wp\/v2\/media\/139537"}],"wp:attachment":[{"href":"https:\/\/www.bellunopress.it\/fr\/wp-json\/wp\/v2\/media?parent=149075"}],"wp:term":[{"taxonomy":"category","embeddable":true,"href":"https:\/\/www.bellunopress.it\/fr\/wp-json\/wp\/v2\/categories?post=149075"},{"taxonomy":"post_tag","embeddable":true,"href":"https:\/\/www.bellunopress.it\/fr\/wp-json\/wp\/v2\/tags?post=149075"}],"curies":[{"name":"wp","href":"https:\/\/api.w.org\/{rel}","templated":true}]}}