{"id":149073,"date":"2024-03-12T10:42:18","date_gmt":"2024-03-12T09:42:18","guid":{"rendered":"https:\/\/www.bellunopress.it\/?p=149073"},"modified":"2024-03-12T10:42:18","modified_gmt":"2024-03-12T09:42:18","slug":"cortinametraggio-il-programma-di-mercoledi-13-marzo","status":"publish","type":"post","link":"https:\/\/www.bellunopress.it\/fr\/2024\/03\/12\/cortinametraggio-il-programma-di-mercoledi-13-marzo\/","title":{"rendered":"Cortinametraggio. Il programma di mercoled\u00ec 13 marzo"},"content":{"rendered":"<p><img loading=\"lazy\" decoding=\"async\" class=\"alignleft size-full wp-image-148166\" src=\"https:\/\/www.bellunopress.it\/wp-content\/uploads\/2024\/02\/cortinametraggio-2024_edited.jpg\" alt=\"\" width=\"1000\" height=\"573\" srcset=\"https:\/\/www.bellunopress.it\/wp-content\/uploads\/2024\/02\/cortinametraggio-2024_edited.jpg 1000w, https:\/\/www.bellunopress.it\/wp-content\/uploads\/2024\/02\/cortinametraggio-2024_edited-500x287.jpg 500w, https:\/\/www.bellunopress.it\/wp-content\/uploads\/2024\/02\/cortinametraggio-2024_edited-696x399.jpg 696w\" sizes=\"auto, (max-width: 1000px) 100vw, 1000px\" \/>Si entra nel vivo della 19ma edizione di Cortinametraggio, il festival di riferimento per i corti, presieduto dalla fondatrice Maddalena Mayneri e diretto da Niccol\u00f2 Gentili, che animer\u00e0 Cortina D&#8217;Ampezzo fino al 17 marzo 2024.<\/p>\n<p>La giornata si mercoled\u00ec aprir\u00e0 alle 9.30 presso il Centro Polifunzionale Alexander Girardi Hall con la proiezione speciale del celebre capolavoro di Visconti Il Gattopardo in versione restaurata, alla presenza di 150 studenti dell&#8217;Istituto Omnicomprensivo Val Boite.<\/p>\n<p>Presso il Parc Hotel Victoria, invece, si susseguiranno gli incontri rivolti agli addetti ai lavori per fare il punto sulle nuove forme artistiche e produttive dell&#8217;audiovisivo.<\/p>\n<p>Si inizier\u00e0 alle 10.00 con The Film Club (la piattaforma streaming multicanale che trasmette serie tv, film d&#8217;autore e di genere, classici, cult, action) e The Hot Corn, celebre testata online cinematografica, che incontreranno i registi ospiti.<\/p>\n<p>Si proseguir\u00e0 alle 11.00 con l&#8217;incontro fra i cineasti e WeShort, la piattaforma dedicata al grande cinema breve, sul futuro dei giovani talenti.<\/p>\n<p>Ma a Cortina non mancano gli incontri con le istituzioni partner che contribuiscono alla realizzazione di questa ricchissima edizione. Alle 13.00, infatti, si prosegue con l&#8217;incontro con le Capitanerie Di Porto &#8211; Guardia Costiera e i registi.<\/p>\n<p>Alle 16.00 sar\u00e0 la volta di Danny Lemmo, regista e insegnante di recitazione, membro dell&#8217;Actors Studio, che incontrer\u00e0 gli ospiti presenti.<\/p>\n<p>Alle 19.00, poi, ci si sposter\u00e0 di nuovo presso il Centro Polifunzionale Alexander Girardi Hall per la proiezione del corto Ovejas y lobos di Alex Fischman C\u00e0rdenas con Sylvia Majo, in concorso nella sezione USA.<\/p>\n<p>Si passer\u00e0 poi alla letteratura, con la presentazione di Ostiawood di Daniele Orazi, un romanzo irriverente, esplosivo, divertente e ricco di riferimenti al mondo del cinema e ai suoi protagonisti. Ad accompagnare l&#8217;autore l&#8217;attrice Silvia D&#8217;Amico.<\/p>\n<p>La giornata si concluder\u00e0 con la proiezione dei corti in concorso: Ho ballato di tutto di e con Sarah Narducci, una storia originale e densa di suspance; Tilipirche di Francesco Piras, racconto ambientato in Sardegna su un allevatore durante un&#8217;invasione di cavallette; L&#8217;acquario di Gianluca Zonta, che racconta le possibili derive sociali dell&#8217;intelligenza artificiale; Z.O. di Loris G. Nese, dura storia di periferia; Stanza 5 di Rosario Capozzolo, ispirato alla storia vera di un&#8217;anziana donna sopravvissuta al Covid-19.<\/p>\n<p>La 19\u00aa edizione di Cortinametraggio \u2013 di cui Frecciarossa \u00e8 Treno Ufficiale \u2013 \u00e8 realizzata in collaborazione con l&#8217;Aeronautica Militare, Polizia di Stato e il Corpo delle Capitanerie di Porto \u2013 Guardia Costiera, la Regione Veneto, la Provincia di Belluno, il Nuovo IMAIE, il MIC, la Siae, Anec e Fice.<\/p>\n<p>Enel \u00e8 Platinum Partner.<\/p>\n<p>Tra gli altri partner anche: Cotril; Anpit Italia; Titanus; Driade; Greenboo Production; Costa Crociere; WeShort; Hotel Savoia; Zorzettig; La cooperativa di Cortina; Hotel De La Poste; Focus; Mg Production; Hotel Rosapetra; Nuove Reti.<\/p>\n<p>Tutte le informazioni sul sito ufficiale: www.cortinametraggio.it<\/p>","protected":false},"excerpt":{"rendered":"<p>Si entra nel vivo della 19ma edizione di Cortinametraggio, il festival di riferimento per i corti, presieduto dalla fondatrice Maddalena Mayneri e diretto da Niccol\u00f2 Gentili, che animer\u00e0 Cortina D&#8217;Ampezzo fino al 17 marzo 2024. La giornata si mercoled\u00ec aprir\u00e0 alle 9.30 presso il Centro Polifunzionale Alexander Girardi Hall con la proiezione speciale del celebre [&hellip;]<\/p>\n","protected":false},"author":2,"featured_media":148166,"comment_status":"closed","ping_status":"open","sticky":false,"template":"","format":"standard","meta":{"footnotes":""},"categories":[27],"tags":[],"class_list":["post-149073","post","type-post","status-publish","format-standard","has-post-thumbnail","category-appuntamenti"],"yoast_head":"<!-- This site is optimized with the Yoast SEO plugin v28.4 - https:\/\/yoast.com\/product\/yoast-seo-wordpress\/ -->\n<title>Cortinametraggio. Il programma di mercoled\u00ec 13 marzo - Bellunopress - Dolomiti<\/title>\n<meta name=\"robots\" content=\"index, follow, max-snippet:-1, max-image-preview:large, max-video-preview:-1\" \/>\n<link rel=\"canonical\" href=\"https:\/\/www.bellunopress.it\/fr\/2024\/03\/12\/cortinametraggio-il-programma-di-mercoledi-13-marzo\/\" \/>\n<meta property=\"og:locale\" content=\"fr_FR\" \/>\n<meta property=\"og:type\" content=\"article\" \/>\n<meta property=\"og:title\" content=\"Cortinametraggio. Il programma di mercoled\u00ec 13 marzo - Bellunopress - Dolomiti\" \/>\n<meta property=\"og:description\" content=\"Si entra nel vivo della 19ma edizione di Cortinametraggio, il festival di riferimento per i corti, presieduto dalla fondatrice Maddalena Mayneri e diretto da Niccol\u00f2 Gentili, che animer\u00e0 Cortina D&#8217;Ampezzo fino al 17 marzo 2024. La giornata si mercoled\u00ec aprir\u00e0 alle 9.30 presso il Centro Polifunzionale Alexander Girardi Hall con la proiezione speciale del celebre [&hellip;]\" \/>\n<meta property=\"og:url\" content=\"https:\/\/www.bellunopress.it\/fr\/2024\/03\/12\/cortinametraggio-il-programma-di-mercoledi-13-marzo\/\" \/>\n<meta property=\"og:site_name\" content=\"Bellunopress - Dolomiti\" \/>\n<meta property=\"article:publisher\" content=\"https:\/\/www.facebook.com\/profile.php?id=100008943462799\" \/>\n<meta property=\"article:published_time\" content=\"2024-03-12T09:42:18+00:00\" \/>\n<meta property=\"og:image\" content=\"https:\/\/www.bellunopress.it\/wp-content\/uploads\/2024\/02\/cortinametraggio-2024_edited.jpg\" \/>\n\t<meta property=\"og:image:width\" content=\"1000\" \/>\n\t<meta property=\"og:image:height\" content=\"573\" \/>\n\t<meta property=\"og:image:type\" content=\"image\/jpeg\" \/>\n<meta name=\"author\" content=\"redazione\" \/>\n<meta name=\"twitter:card\" content=\"summary_large_image\" \/>\n<meta name=\"twitter:creator\" content=\"@bellunopress\" \/>\n<meta name=\"twitter:site\" content=\"@bellunopress\" \/>\n<meta name=\"twitter:label1\" content=\"Written by\" \/>\n\t<meta name=\"twitter:data1\" content=\"redazione\" \/>\n\t<meta name=\"twitter:label2\" content=\"Est. reading time\" \/>\n\t<meta name=\"twitter:data2\" content=\"2 minutes\" \/>\n<script type=\"application\/ld+json\" class=\"yoast-schema-graph\">{\"@context\":\"https:\\\/\\\/schema.org\",\"@graph\":[{\"@type\":\"Article\",\"@id\":\"https:\\\/\\\/www.bellunopress.it\\\/2024\\\/03\\\/12\\\/cortinametraggio-il-programma-di-mercoledi-13-marzo\\\/#article\",\"isPartOf\":{\"@id\":\"https:\\\/\\\/www.bellunopress.it\\\/2024\\\/03\\\/12\\\/cortinametraggio-il-programma-di-mercoledi-13-marzo\\\/\"},\"author\":{\"name\":\"redazione\",\"@id\":\"https:\\\/\\\/www.bellunopress.it\\\/#\\\/schema\\\/person\\\/79bb06722b37ece1c03d3e94beb30d73\"},\"headline\":\"Cortinametraggio. Il programma di mercoled\u00ec 13 marzo\",\"datePublished\":\"2024-03-12T09:42:18+00:00\",\"mainEntityOfPage\":{\"@id\":\"https:\\\/\\\/www.bellunopress.it\\\/2024\\\/03\\\/12\\\/cortinametraggio-il-programma-di-mercoledi-13-marzo\\\/\"},\"wordCount\":467,\"publisher\":{\"@id\":\"https:\\\/\\\/www.bellunopress.it\\\/#organization\"},\"image\":{\"@id\":\"https:\\\/\\\/www.bellunopress.it\\\/2024\\\/03\\\/12\\\/cortinametraggio-il-programma-di-mercoledi-13-marzo\\\/#primaryimage\"},\"thumbnailUrl\":\"https:\\\/\\\/www.bellunopress.it\\\/wp-content\\\/uploads\\\/2024\\\/02\\\/cortinametraggio-2024_edited.jpg\",\"articleSection\":[\"Appuntamenti, Eventi\"],\"inLanguage\":\"fr-FR\"},{\"@type\":\"WebPage\",\"@id\":\"https:\\\/\\\/www.bellunopress.it\\\/2024\\\/03\\\/12\\\/cortinametraggio-il-programma-di-mercoledi-13-marzo\\\/\",\"url\":\"https:\\\/\\\/www.bellunopress.it\\\/2024\\\/03\\\/12\\\/cortinametraggio-il-programma-di-mercoledi-13-marzo\\\/\",\"name\":\"Cortinametraggio. Il programma di mercoled\u00ec 13 marzo - Bellunopress - Dolomiti\",\"isPartOf\":{\"@id\":\"https:\\\/\\\/www.bellunopress.it\\\/#website\"},\"primaryImageOfPage\":{\"@id\":\"https:\\\/\\\/www.bellunopress.it\\\/2024\\\/03\\\/12\\\/cortinametraggio-il-programma-di-mercoledi-13-marzo\\\/#primaryimage\"},\"image\":{\"@id\":\"https:\\\/\\\/www.bellunopress.it\\\/2024\\\/03\\\/12\\\/cortinametraggio-il-programma-di-mercoledi-13-marzo\\\/#primaryimage\"},\"thumbnailUrl\":\"https:\\\/\\\/www.bellunopress.it\\\/wp-content\\\/uploads\\\/2024\\\/02\\\/cortinametraggio-2024_edited.jpg\",\"datePublished\":\"2024-03-12T09:42:18+00:00\",\"breadcrumb\":{\"@id\":\"https:\\\/\\\/www.bellunopress.it\\\/2024\\\/03\\\/12\\\/cortinametraggio-il-programma-di-mercoledi-13-marzo\\\/#breadcrumb\"},\"inLanguage\":\"fr-FR\",\"potentialAction\":[{\"@type\":\"ReadAction\",\"target\":[\"https:\\\/\\\/www.bellunopress.it\\\/2024\\\/03\\\/12\\\/cortinametraggio-il-programma-di-mercoledi-13-marzo\\\/\"]}]},{\"@type\":\"ImageObject\",\"inLanguage\":\"fr-FR\",\"@id\":\"https:\\\/\\\/www.bellunopress.it\\\/2024\\\/03\\\/12\\\/cortinametraggio-il-programma-di-mercoledi-13-marzo\\\/#primaryimage\",\"url\":\"https:\\\/\\\/www.bellunopress.it\\\/wp-content\\\/uploads\\\/2024\\\/02\\\/cortinametraggio-2024_edited.jpg\",\"contentUrl\":\"https:\\\/\\\/www.bellunopress.it\\\/wp-content\\\/uploads\\\/2024\\\/02\\\/cortinametraggio-2024_edited.jpg\",\"width\":1000,\"height\":573},{\"@type\":\"BreadcrumbList\",\"@id\":\"https:\\\/\\\/www.bellunopress.it\\\/2024\\\/03\\\/12\\\/cortinametraggio-il-programma-di-mercoledi-13-marzo\\\/#breadcrumb\",\"itemListElement\":[{\"@type\":\"ListItem\",\"position\":1,\"name\":\"Home\",\"item\":\"https:\\\/\\\/www.bellunopress.it\\\/\"},{\"@type\":\"ListItem\",\"position\":2,\"name\":\"Cortinametraggio. Il programma di mercoled\u00ec 13 marzo\"}]},{\"@type\":\"WebSite\",\"@id\":\"https:\\\/\\\/www.bellunopress.it\\\/#website\",\"url\":\"https:\\\/\\\/www.bellunopress.it\\\/\",\"name\":\"Bellunopress - Dolomiti\",\"description\":\"e-mail: redazione@bellunopress.it\",\"publisher\":{\"@id\":\"https:\\\/\\\/www.bellunopress.it\\\/#organization\"},\"potentialAction\":[{\"@type\":\"SearchAction\",\"target\":{\"@type\":\"EntryPoint\",\"urlTemplate\":\"https:\\\/\\\/www.bellunopress.it\\\/?s={search_term_string}\"},\"query-input\":{\"@type\":\"PropertyValueSpecification\",\"valueRequired\":true,\"valueName\":\"search_term_string\"}}],\"inLanguage\":\"fr-FR\"},{\"@type\":\"Organization\",\"@id\":\"https:\\\/\\\/www.bellunopress.it\\\/#organization\",\"name\":\"Bellunopress\",\"url\":\"https:\\\/\\\/www.bellunopress.it\\\/\",\"logo\":{\"@type\":\"ImageObject\",\"inLanguage\":\"fr-FR\",\"@id\":\"https:\\\/\\\/www.bellunopress.it\\\/#\\\/schema\\\/logo\\\/image\\\/\",\"url\":\"https:\\\/\\\/www.bellunopress.it\\\/wp-content\\\/uploads\\\/2011\\\/05\\\/cropped-logo-bellunopress-.jpg\",\"contentUrl\":\"https:\\\/\\\/www.bellunopress.it\\\/wp-content\\\/uploads\\\/2011\\\/05\\\/cropped-logo-bellunopress-.jpg\",\"width\":512,\"height\":512,\"caption\":\"Bellunopress\"},\"image\":{\"@id\":\"https:\\\/\\\/www.bellunopress.it\\\/#\\\/schema\\\/logo\\\/image\\\/\"},\"sameAs\":[\"https:\\\/\\\/www.facebook.com\\\/profile.php?id=100008943462799\",\"https:\\\/\\\/x.com\\\/bellunopress\",\"https:\\\/\\\/www.linkedin.com\\\/hp\\\/?dnr=JBzUWaJfMUw8vbXJJ2tVW5-I3jZKvC4wsoxE&amp;amp;amp;amp;amp;amp;trk=nav_responsive_tab_home\",\"https:\\\/\\\/www.youtube.com\\\/channel\\\/UCxL0wu1uN0_3_7hGG0306cw\"]},{\"@type\":\"Person\",\"@id\":\"https:\\\/\\\/www.bellunopress.it\\\/#\\\/schema\\\/person\\\/79bb06722b37ece1c03d3e94beb30d73\",\"name\":\"redazione\",\"image\":{\"@type\":\"ImageObject\",\"inLanguage\":\"fr-FR\",\"@id\":\"https:\\\/\\\/secure.gravatar.com\\\/avatar\\\/37d968a2e67a6fd04c169c4bdef102d0bc5d31b2546345219e348575eb80e9a0?s=96&d=mm&r=g\",\"url\":\"https:\\\/\\\/secure.gravatar.com\\\/avatar\\\/37d968a2e67a6fd04c169c4bdef102d0bc5d31b2546345219e348575eb80e9a0?s=96&d=mm&r=g\",\"contentUrl\":\"https:\\\/\\\/secure.gravatar.com\\\/avatar\\\/37d968a2e67a6fd04c169c4bdef102d0bc5d31b2546345219e348575eb80e9a0?s=96&d=mm&r=g\",\"caption\":\"redazione\"},\"sameAs\":[\"http:\\\/\\\/www.bellunopress.it\",\"https:\\\/\\\/x.com\\\/bellunopress\"],\"url\":\"https:\\\/\\\/www.bellunopress.it\\\/fr\\\/author\\\/redazione\\\/\"}]}<\/script>\n<!-- \/ Yoast SEO plugin. -->","yoast_head_json":{"title":"Cortinametraggio. Il programma di mercoled\u00ec 13 marzo - Bellunopress - Dolomiti","robots":{"index":"index","follow":"follow","max-snippet":"max-snippet:-1","max-image-preview":"max-image-preview:large","max-video-preview":"max-video-preview:-1"},"canonical":"https:\/\/www.bellunopress.it\/fr\/2024\/03\/12\/cortinametraggio-il-programma-di-mercoledi-13-marzo\/","og_locale":"fr_FR","og_type":"article","og_title":"Cortinametraggio. Il programma di mercoled\u00ec 13 marzo - Bellunopress - Dolomiti","og_description":"Si entra nel vivo della 19ma edizione di Cortinametraggio, il festival di riferimento per i corti, presieduto dalla fondatrice Maddalena Mayneri e diretto da Niccol\u00f2 Gentili, che animer\u00e0 Cortina D&#8217;Ampezzo fino al 17 marzo 2024. La giornata si mercoled\u00ec aprir\u00e0 alle 9.30 presso il Centro Polifunzionale Alexander Girardi Hall con la proiezione speciale del celebre [&hellip;]","og_url":"https:\/\/www.bellunopress.it\/fr\/2024\/03\/12\/cortinametraggio-il-programma-di-mercoledi-13-marzo\/","og_site_name":"Bellunopress - Dolomiti","article_publisher":"https:\/\/www.facebook.com\/profile.php?id=100008943462799","article_published_time":"2024-03-12T09:42:18+00:00","og_image":[{"width":1000,"height":573,"url":"https:\/\/www.bellunopress.it\/wp-content\/uploads\/2024\/02\/cortinametraggio-2024_edited.jpg","type":"image\/jpeg"}],"author":"redazione","twitter_card":"summary_large_image","twitter_creator":"@bellunopress","twitter_site":"@bellunopress","twitter_misc":{"Written by":"redazione","Est. reading time":"2 minutes"},"schema":{"@context":"https:\/\/schema.org","@graph":[{"@type":"Article","@id":"https:\/\/www.bellunopress.it\/2024\/03\/12\/cortinametraggio-il-programma-di-mercoledi-13-marzo\/#article","isPartOf":{"@id":"https:\/\/www.bellunopress.it\/2024\/03\/12\/cortinametraggio-il-programma-di-mercoledi-13-marzo\/"},"author":{"name":"redazione","@id":"https:\/\/www.bellunopress.it\/#\/schema\/person\/79bb06722b37ece1c03d3e94beb30d73"},"headline":"Cortinametraggio. Il programma di mercoled\u00ec 13 marzo","datePublished":"2024-03-12T09:42:18+00:00","mainEntityOfPage":{"@id":"https:\/\/www.bellunopress.it\/2024\/03\/12\/cortinametraggio-il-programma-di-mercoledi-13-marzo\/"},"wordCount":467,"publisher":{"@id":"https:\/\/www.bellunopress.it\/#organization"},"image":{"@id":"https:\/\/www.bellunopress.it\/2024\/03\/12\/cortinametraggio-il-programma-di-mercoledi-13-marzo\/#primaryimage"},"thumbnailUrl":"https:\/\/www.bellunopress.it\/wp-content\/uploads\/2024\/02\/cortinametraggio-2024_edited.jpg","articleSection":["Appuntamenti, Eventi"],"inLanguage":"fr-FR"},{"@type":"WebPage","@id":"https:\/\/www.bellunopress.it\/2024\/03\/12\/cortinametraggio-il-programma-di-mercoledi-13-marzo\/","url":"https:\/\/www.bellunopress.it\/2024\/03\/12\/cortinametraggio-il-programma-di-mercoledi-13-marzo\/","name":"Cortinametraggio. Il programma di mercoled\u00ec 13 marzo - Bellunopress - Dolomiti","isPartOf":{"@id":"https:\/\/www.bellunopress.it\/#website"},"primaryImageOfPage":{"@id":"https:\/\/www.bellunopress.it\/2024\/03\/12\/cortinametraggio-il-programma-di-mercoledi-13-marzo\/#primaryimage"},"image":{"@id":"https:\/\/www.bellunopress.it\/2024\/03\/12\/cortinametraggio-il-programma-di-mercoledi-13-marzo\/#primaryimage"},"thumbnailUrl":"https:\/\/www.bellunopress.it\/wp-content\/uploads\/2024\/02\/cortinametraggio-2024_edited.jpg","datePublished":"2024-03-12T09:42:18+00:00","breadcrumb":{"@id":"https:\/\/www.bellunopress.it\/2024\/03\/12\/cortinametraggio-il-programma-di-mercoledi-13-marzo\/#breadcrumb"},"inLanguage":"fr-FR","potentialAction":[{"@type":"ReadAction","target":["https:\/\/www.bellunopress.it\/2024\/03\/12\/cortinametraggio-il-programma-di-mercoledi-13-marzo\/"]}]},{"@type":"ImageObject","inLanguage":"fr-FR","@id":"https:\/\/www.bellunopress.it\/2024\/03\/12\/cortinametraggio-il-programma-di-mercoledi-13-marzo\/#primaryimage","url":"https:\/\/www.bellunopress.it\/wp-content\/uploads\/2024\/02\/cortinametraggio-2024_edited.jpg","contentUrl":"https:\/\/www.bellunopress.it\/wp-content\/uploads\/2024\/02\/cortinametraggio-2024_edited.jpg","width":1000,"height":573},{"@type":"BreadcrumbList","@id":"https:\/\/www.bellunopress.it\/2024\/03\/12\/cortinametraggio-il-programma-di-mercoledi-13-marzo\/#breadcrumb","itemListElement":[{"@type":"ListItem","position":1,"name":"Home","item":"https:\/\/www.bellunopress.it\/"},{"@type":"ListItem","position":2,"name":"Cortinametraggio. Il programma di mercoled\u00ec 13 marzo"}]},{"@type":"WebSite","@id":"https:\/\/www.bellunopress.it\/#website","url":"https:\/\/www.bellunopress.it\/","name":"Bellunopress - Dolomiti","description":"e-mail: redazione@bellunopress.it","publisher":{"@id":"https:\/\/www.bellunopress.it\/#organization"},"potentialAction":[{"@type":"SearchAction","target":{"@type":"EntryPoint","urlTemplate":"https:\/\/www.bellunopress.it\/?s={search_term_string}"},"query-input":{"@type":"PropertyValueSpecification","valueRequired":true,"valueName":"search_term_string"}}],"inLanguage":"fr-FR"},{"@type":"Organization","@id":"https:\/\/www.bellunopress.it\/#organization","name":"Bellunopress","url":"https:\/\/www.bellunopress.it\/","logo":{"@type":"ImageObject","inLanguage":"fr-FR","@id":"https:\/\/www.bellunopress.it\/#\/schema\/logo\/image\/","url":"https:\/\/www.bellunopress.it\/wp-content\/uploads\/2011\/05\/cropped-logo-bellunopress-.jpg","contentUrl":"https:\/\/www.bellunopress.it\/wp-content\/uploads\/2011\/05\/cropped-logo-bellunopress-.jpg","width":512,"height":512,"caption":"Bellunopress"},"image":{"@id":"https:\/\/www.bellunopress.it\/#\/schema\/logo\/image\/"},"sameAs":["https:\/\/www.facebook.com\/profile.php?id=100008943462799","https:\/\/x.com\/bellunopress","https:\/\/www.linkedin.com\/hp\/?dnr=JBzUWaJfMUw8vbXJJ2tVW5-I3jZKvC4wsoxE&amp;amp;amp;amp;amp;amp;trk=nav_responsive_tab_home","https:\/\/www.youtube.com\/channel\/UCxL0wu1uN0_3_7hGG0306cw"]},{"@type":"Person","@id":"https:\/\/www.bellunopress.it\/#\/schema\/person\/79bb06722b37ece1c03d3e94beb30d73","name":"r\u00e9daction","image":{"@type":"ImageObject","inLanguage":"fr-FR","@id":"https:\/\/secure.gravatar.com\/avatar\/37d968a2e67a6fd04c169c4bdef102d0bc5d31b2546345219e348575eb80e9a0?s=96&d=mm&r=g","url":"https:\/\/secure.gravatar.com\/avatar\/37d968a2e67a6fd04c169c4bdef102d0bc5d31b2546345219e348575eb80e9a0?s=96&d=mm&r=g","contentUrl":"https:\/\/secure.gravatar.com\/avatar\/37d968a2e67a6fd04c169c4bdef102d0bc5d31b2546345219e348575eb80e9a0?s=96&d=mm&r=g","caption":"redazione"},"sameAs":["http:\/\/www.bellunopress.it","https:\/\/x.com\/bellunopress"],"url":"https:\/\/www.bellunopress.it\/fr\/author\/redazione\/"}]}},"_links":{"self":[{"href":"https:\/\/www.bellunopress.it\/fr\/wp-json\/wp\/v2\/posts\/149073","targetHints":{"allow":["GET"]}}],"collection":[{"href":"https:\/\/www.bellunopress.it\/fr\/wp-json\/wp\/v2\/posts"}],"about":[{"href":"https:\/\/www.bellunopress.it\/fr\/wp-json\/wp\/v2\/types\/post"}],"author":[{"embeddable":true,"href":"https:\/\/www.bellunopress.it\/fr\/wp-json\/wp\/v2\/users\/2"}],"replies":[{"embeddable":true,"href":"https:\/\/www.bellunopress.it\/fr\/wp-json\/wp\/v2\/comments?post=149073"}],"version-history":[{"count":1,"href":"https:\/\/www.bellunopress.it\/fr\/wp-json\/wp\/v2\/posts\/149073\/revisions"}],"predecessor-version":[{"id":149074,"href":"https:\/\/www.bellunopress.it\/fr\/wp-json\/wp\/v2\/posts\/149073\/revisions\/149074"}],"wp:featuredmedia":[{"embeddable":true,"href":"https:\/\/www.bellunopress.it\/fr\/wp-json\/wp\/v2\/media\/148166"}],"wp:attachment":[{"href":"https:\/\/www.bellunopress.it\/fr\/wp-json\/wp\/v2\/media?parent=149073"}],"wp:term":[{"taxonomy":"category","embeddable":true,"href":"https:\/\/www.bellunopress.it\/fr\/wp-json\/wp\/v2\/categories?post=149073"},{"taxonomy":"post_tag","embeddable":true,"href":"https:\/\/www.bellunopress.it\/fr\/wp-json\/wp\/v2\/tags?post=149073"}],"curies":[{"name":"wp","href":"https:\/\/api.w.org\/{rel}","templated":true}]}}