{"id":149011,"date":"2024-03-10T14:20:56","date_gmt":"2024-03-10T13:20:56","guid":{"rendered":"https:\/\/www.bellunopress.it\/?p=149011"},"modified":"2024-03-10T14:20:56","modified_gmt":"2024-03-10T13:20:56","slug":"il-surrealismo-the-infinite-madness-of-dreams-dal-23-marzo-al-2-giugno-2024-al-castello-di-desenzano-del-garda","status":"publish","type":"post","link":"https:\/\/www.bellunopress.it\/fr\/2024\/03\/10\/il-surrealismo-the-infinite-madness-of-dreams-dal-23-marzo-al-2-giugno-2024-al-castello-di-desenzano-del-garda\/","title":{"rendered":"Il Surrealismo. The infinite madness of dreams dal 23 marzo al 2 giugno 2024 al Castello di Desenzano del Garda"},"content":{"rendered":"<p><img loading=\"lazy\" decoding=\"async\" class=\"alignleft size-full wp-image-149012\" src=\"https:\/\/www.bellunopress.it\/wp-content\/uploads\/2024\/03\/Il-Surrealismo-Castello-di-Desenzano_edited.jpg\" alt=\"\" width=\"1000\" height=\"652\" srcset=\"https:\/\/www.bellunopress.it\/wp-content\/uploads\/2024\/03\/Il-Surrealismo-Castello-di-Desenzano_edited.jpg 1000w, https:\/\/www.bellunopress.it\/wp-content\/uploads\/2024\/03\/Il-Surrealismo-Castello-di-Desenzano_edited-500x326.jpg 500w, https:\/\/www.bellunopress.it\/wp-content\/uploads\/2024\/03\/Il-Surrealismo-Castello-di-Desenzano_edited-696x454.jpg 696w\" sizes=\"auto, (max-width: 1000px) 100vw, 1000px\" \/>Aprir\u00e0 al pubblico sabato 23 marzo 2024 alle ore 10.00 la mostra &#8220;Il Surrealismo: the infinite madness of dreams&#8221;. L&#8217;esposizione curata da Matteo Vanzan raccoglie oltre 60 opere dei principali artisti surrealisti ed \u00e8 allestita al Castello di Desenzano del Garda (Bs).<br \/>\nNel centenario del &#8220;Manifesto del Surrealismo&#8221;, scritto da Andr\u00e9 Breton nel 1924, l&#8217;esposizione si pone l&#8217;obiettivo di presentare un&#8217;estetica fondata sulle ricerche legate al sogno, all&#8217;inconscio, alla follia fino ad approdare al mondo dell&#8217;erotismo, del fantastico e del gioco.<br \/>\nFino al 2 giugno 2024 sar\u00e0 possibile ammirare le opere di coloro che hanno rappresentato una ricerca espressiva che trova nei labirinti della metamorfosi il motore propulsivo di una realt\u00e0 non percepibile e misteriosa: da Ren\u00e9 Magritte a Salvador Dal\u00ec, da Joan Mir\u00f2 a Andr\u00e9 Masson, da Sebasti\u00e0n Matta a Hans Bellmer, da Man Ray a Max Ernst e Leonor Fini, senza dimenticare il padre ispiratore del movimento Giorgio de Chirico.<br \/>\nOpere provenienti da collezioni private italiane gi\u00e0 presentate in numerose esposizioni in Italia e all&#8217;estero, tra le quali spiccano quelle esposte nella storica mostra &#8220;Dal\u00ec&#8221; tenutasi a New York, Tokyo e Ginevra dal 1964 al 1970, offriranno al visitatore l&#8217;occasione di confrontarsi con una stagione artistica capace di introdurre, nella nostra cultura, una visione del mondo che \u00e8 andata ben oltre i limiti storici del movimento.<\/p>\n<p>&#8220;Siamo alla quarta mostra in Castello in poco meno di due anni organizzata con la preziosa collaborazione di Matteo Vanzan&#8221; continua l&#8217;assessore alla Cultura Pietro Avanzi, &#8220;fino ad oggi ogni rassegna \u00e8 stata un mix di emozioni che ha portato sul nostro territorio tantissime persone da ogni parte d&#8217;Italia e del mondo. Un successo di pubblico che si \u00e8 ripetuto con costanza, anche nell&#8217;ultima uscita riguardante la Pop Art su cui abbiamo puntato molto nel 2023. Oggi invece si passa a un genere completamente nuovo, una esposizione che propone, con circa sessanta opere, un percorso attraverso uno dei pi\u00f9 grandi movimenti artistici d&#8217;avanguardia del Novecento, il Surrealismo, nato a Parigi a met\u00e0 degli anni Venti. Di questo mondo fanno parte artisti diventati leggende come Salvador Dal\u00ec, Ren\u00e8 Magritte, Leonor Fini e Man Ray: per questo auguro a tutti di poter scoprire assieme a noi il variegato mondo surrealista, per goderne della qualit\u00e0, bellezza ed unicit\u00e0. E come sempre lasciatevi incantare dalla bellezza, dell&#8217;arte e del nostro Castello&#8221;.<\/p>\n<p>In un excursus di poesie, lettere, filmati e opere d&#8217;arte la mostra si propone di offrire una panoramica generale di un movimento di rottura considerato l&#8217;ultima delle avanguardie storiche di inizio Novecento: l&#8217;appello all&#8217;irrazionale e all&#8217;inconscio contrapposti al mito della ragione, della realt\u00e0 oggettiva e della tradizione, questo fu il Surrealismo.<br \/>\nEsso trae le sue pi\u00f9 lontane origini dalla cultura simbolista francese, da Apollinaire (a cui si deve il termine) e in genere dalle esperienze dell&#8217;ultimo decadentismo; ha il suo immediato antecedente nell&#8217; &#8220;antiarte&#8221; del Dada e raggiunge una sua precisa formulazione teorica nel Manifesto di Breton del 1924.<br \/>\nIl surrealista non \u00e8 un esteta, \u00e8 un indagatore e uno sperimentatore che estende le sue ricerche ad ogni campo nel tentativo di giungere al fondo delle cose.<br \/>\n&#8220;Il Surrealismo&#8221; afferma il curatore della mostra Matteo Vanzan &#8220;si propose di distruggere il confine tra arte e vita, cambiare la stessa concezione del mondo per promuovere un&#8217;esistenza migliore senza le convenzioni etiche figlie di una tradizione passata che culmin\u00f2 con la Prima guerra mondiale. Al pari del movimento Dadaista, il Surrealismo vuole distruggere l&#8217;ordine costituito per opporsi ad una cultura occidentale arrivata al collasso di se stessa, ma con una differenza: mentre Dada \u00e8 strutturato su una forte componente nichilista che non indica soluzioni, i surrealisti non cercano la rivoluzione fine a se stessa, ma una ricostruzione che si poggi su nuovi fondamenti, primo tra tutti il pensiero di Sigmund Freud&#8221;.<\/p>\n<p>Per il sindaco Guido Malinverno &#8220;cambiano gli anni, ma non la qualit\u00e0 dell&#8217;offerta culturale portata in Castello per cittadini e turisti che da marzo potranno godere dei capolavori ancestrali del Surrealismo, un genere tanto affascinante quanto contemporaneo per le sue forme e i suoi contenuti. Desenzano punta ad essere la Capitale del Garda anche dal punto di vista culturale e queste iniziative, di spessore e di grande qualit\u00e0 artistica, fanno s\u00ec che questo obiettivo resti attuale e costante. Ringrazio gli organizzatori e l&#8217;Assessorato alla Cultura per aver portato in mostra questa ennesima rassegna che, sono sicuro, sapr\u00e0 conquistare il cuore di appassionati, famiglie e semplici visitatori incuriositi dal &#8220;the infinite madness of dreams&#8221;.<\/p>\n<p>La mostra, visitabile fino a domenica 2 giugno 2024, sar\u00e0 aperta al pubblico con i seguenti orari: Dal 23 marzo al 30 aprile: sabato e domenica 10.00 \u2013 17.30; Dal 01 maggio al 02 giugno: luned\u00ec chiuso. Aperto dal marted\u00ec alla domenica 10.00 &#8211; 18.00. Aperto il 01 aprile, 25 aprile e 01 maggio. Chiuso a Pasqua<\/p>\n<p><strong>INFORMAZIONI<\/strong><\/p>\n<p>Castello &#8211; Desenzano del Garda (Bs), via Castello<\/p>\n<p>ORARI<br \/>\nDal 23 marzo al 30 aprile: sabato e domenica 10.00 \u2013 17.30<br \/>\nDal 01 maggio al 02 giugno: luned\u00ec chiuso. Aperto dal marted\u00ec alla domenica 10.00 &#8211; 18.00.<br \/>\nAperto il 01 aprile, 25 aprile e 01 maggio. Chiuso a Pasqua<\/p>\n<p>INGRESSI<br \/>\nIntero: 8 euro \/ Ridotto: 6 euro (ragazzi tra gli 11 e i 18 anni, over 65, gruppi di almeno 15 persone, scolaresche (alunni + insegnanti; n.1 ingresso gratuito per gli insegnanti ogni 15 alunni), gruppi di visite guidate composto da minimo 15 persone (+3,00 euro per visita guidata da prenotare e pagare in loco al curatore della mostra) \/ Residenti: 4 euro \/ Gratuito: bambini fino ai 10 anni, portatori di handicap e n.1 loro accompagnatore, accompagnatori di gruppi (n.1 gratuit\u00e0 ogni 15 visitatori paganti)<\/p>\n<p>CONTATTI<br \/>\nUfficio Cultura 030\/9994161 \/ Castello 335\/6960209<br \/>\nMail: cultura@comune.desenzano.brescia.it<br \/>\nMail: desenzanocastello@gmail.com<\/p>\n<p>WWW.COMUNE.DESENZANO.BRESCIA.IT<br \/>\nWWW.MVARTE.IT<\/p>","protected":false},"excerpt":{"rendered":"<p>Aprir\u00e0 al pubblico sabato 23 marzo 2024 alle ore 10.00 la mostra &#8220;Il Surrealismo: the infinite madness of dreams&#8221;. L&#8217;esposizione curata da Matteo Vanzan raccoglie oltre 60 opere dei principali artisti surrealisti ed \u00e8 allestita al Castello di Desenzano del Garda (Bs). Nel centenario del &#8220;Manifesto del Surrealismo&#8221;, scritto da Andr\u00e9 Breton nel 1924, l&#8217;esposizione [&hellip;]<\/p>\n","protected":false},"author":2,"featured_media":149012,"comment_status":"closed","ping_status":"open","sticky":false,"template":"","format":"standard","meta":{"footnotes":""},"categories":[27,3,25],"tags":[],"class_list":["post-149011","post","type-post","status-publish","format-standard","has-post-thumbnail","category-appuntamenti","category-arte-cultura-spettacoli-scienza-archivi","category-pausa-caffe"],"yoast_head":"<!-- This site is optimized with the Yoast SEO plugin v28.4 - https:\/\/yoast.com\/product\/yoast-seo-wordpress\/ -->\n<title>Il Surrealismo. The infinite madness of dreams dal 23 marzo al 2 giugno 2024 al Castello di Desenzano del Garda - Bellunopress - Dolomiti<\/title>\n<meta name=\"robots\" content=\"index, follow, max-snippet:-1, max-image-preview:large, max-video-preview:-1\" \/>\n<link rel=\"canonical\" href=\"https:\/\/www.bellunopress.it\/fr\/2024\/03\/10\/il-surrealismo-the-infinite-madness-of-dreams-dal-23-marzo-al-2-giugno-2024-al-castello-di-desenzano-del-garda\/\" \/>\n<meta property=\"og:locale\" content=\"fr_FR\" \/>\n<meta property=\"og:type\" content=\"article\" \/>\n<meta property=\"og:title\" content=\"Il Surrealismo. The infinite madness of dreams dal 23 marzo al 2 giugno 2024 al Castello di Desenzano del Garda - Bellunopress - Dolomiti\" \/>\n<meta property=\"og:description\" content=\"Aprir\u00e0 al pubblico sabato 23 marzo 2024 alle ore 10.00 la mostra &#8220;Il Surrealismo: the infinite madness of dreams&#8221;. L&#8217;esposizione curata da Matteo Vanzan raccoglie oltre 60 opere dei principali artisti surrealisti ed \u00e8 allestita al Castello di Desenzano del Garda (Bs). Nel centenario del &#8220;Manifesto del Surrealismo&#8221;, scritto da Andr\u00e9 Breton nel 1924, l&#8217;esposizione [&hellip;]\" \/>\n<meta property=\"og:url\" content=\"https:\/\/www.bellunopress.it\/fr\/2024\/03\/10\/il-surrealismo-the-infinite-madness-of-dreams-dal-23-marzo-al-2-giugno-2024-al-castello-di-desenzano-del-garda\/\" \/>\n<meta property=\"og:site_name\" content=\"Bellunopress - Dolomiti\" \/>\n<meta property=\"article:publisher\" content=\"https:\/\/www.facebook.com\/profile.php?id=100008943462799\" \/>\n<meta property=\"article:published_time\" content=\"2024-03-10T13:20:56+00:00\" \/>\n<meta property=\"og:image\" content=\"https:\/\/www.bellunopress.it\/wp-content\/uploads\/2024\/03\/Il-Surrealismo-Castello-di-Desenzano_edited.jpg\" \/>\n\t<meta property=\"og:image:width\" content=\"1000\" \/>\n\t<meta property=\"og:image:height\" content=\"652\" \/>\n\t<meta property=\"og:image:type\" content=\"image\/jpeg\" \/>\n<meta name=\"author\" content=\"redazione\" \/>\n<meta name=\"twitter:card\" content=\"summary_large_image\" \/>\n<meta name=\"twitter:creator\" content=\"@bellunopress\" \/>\n<meta name=\"twitter:site\" content=\"@bellunopress\" \/>\n<meta name=\"twitter:label1\" content=\"\u00c9crit par\" \/>\n\t<meta name=\"twitter:data1\" content=\"redazione\" \/>\n\t<meta name=\"twitter:label2\" content=\"Dur\u00e9e de lecture estim\u00e9e\" \/>\n\t<meta name=\"twitter:data2\" content=\"4 minutes\" \/>\n<script type=\"application\/ld+json\" class=\"yoast-schema-graph\">{\"@context\":\"https:\\\/\\\/schema.org\",\"@graph\":[{\"@type\":\"Article\",\"@id\":\"https:\\\/\\\/www.bellunopress.it\\\/2024\\\/03\\\/10\\\/il-surrealismo-the-infinite-madness-of-dreams-dal-23-marzo-al-2-giugno-2024-al-castello-di-desenzano-del-garda\\\/#article\",\"isPartOf\":{\"@id\":\"https:\\\/\\\/www.bellunopress.it\\\/2024\\\/03\\\/10\\\/il-surrealismo-the-infinite-madness-of-dreams-dal-23-marzo-al-2-giugno-2024-al-castello-di-desenzano-del-garda\\\/\"},\"author\":{\"name\":\"redazione\",\"@id\":\"https:\\\/\\\/www.bellunopress.it\\\/#\\\/schema\\\/person\\\/79bb06722b37ece1c03d3e94beb30d73\"},\"headline\":\"Il Surrealismo. The infinite madness of dreams dal 23 marzo al 2 giugno 2024 al Castello di Desenzano del Garda\",\"datePublished\":\"2024-03-10T13:20:56+00:00\",\"mainEntityOfPage\":{\"@id\":\"https:\\\/\\\/www.bellunopress.it\\\/2024\\\/03\\\/10\\\/il-surrealismo-the-infinite-madness-of-dreams-dal-23-marzo-al-2-giugno-2024-al-castello-di-desenzano-del-garda\\\/\"},\"wordCount\":934,\"publisher\":{\"@id\":\"https:\\\/\\\/www.bellunopress.it\\\/#organization\"},\"image\":{\"@id\":\"https:\\\/\\\/www.bellunopress.it\\\/2024\\\/03\\\/10\\\/il-surrealismo-the-infinite-madness-of-dreams-dal-23-marzo-al-2-giugno-2024-al-castello-di-desenzano-del-garda\\\/#primaryimage\"},\"thumbnailUrl\":\"https:\\\/\\\/www.bellunopress.it\\\/wp-content\\\/uploads\\\/2024\\\/03\\\/Il-Surrealismo-Castello-di-Desenzano_edited.jpg\",\"articleSection\":[\"Appuntamenti, Eventi\",\"Arte, Cultura, Spettacoli, Scienza\",\"Pausa Caff\u00e8\"],\"inLanguage\":\"fr-FR\"},{\"@type\":\"WebPage\",\"@id\":\"https:\\\/\\\/www.bellunopress.it\\\/2024\\\/03\\\/10\\\/il-surrealismo-the-infinite-madness-of-dreams-dal-23-marzo-al-2-giugno-2024-al-castello-di-desenzano-del-garda\\\/\",\"url\":\"https:\\\/\\\/www.bellunopress.it\\\/2024\\\/03\\\/10\\\/il-surrealismo-the-infinite-madness-of-dreams-dal-23-marzo-al-2-giugno-2024-al-castello-di-desenzano-del-garda\\\/\",\"name\":\"Il Surrealismo. The infinite madness of dreams dal 23 marzo al 2 giugno 2024 al Castello di Desenzano del Garda - Bellunopress - Dolomiti\",\"isPartOf\":{\"@id\":\"https:\\\/\\\/www.bellunopress.it\\\/#website\"},\"primaryImageOfPage\":{\"@id\":\"https:\\\/\\\/www.bellunopress.it\\\/2024\\\/03\\\/10\\\/il-surrealismo-the-infinite-madness-of-dreams-dal-23-marzo-al-2-giugno-2024-al-castello-di-desenzano-del-garda\\\/#primaryimage\"},\"image\":{\"@id\":\"https:\\\/\\\/www.bellunopress.it\\\/2024\\\/03\\\/10\\\/il-surrealismo-the-infinite-madness-of-dreams-dal-23-marzo-al-2-giugno-2024-al-castello-di-desenzano-del-garda\\\/#primaryimage\"},\"thumbnailUrl\":\"https:\\\/\\\/www.bellunopress.it\\\/wp-content\\\/uploads\\\/2024\\\/03\\\/Il-Surrealismo-Castello-di-Desenzano_edited.jpg\",\"datePublished\":\"2024-03-10T13:20:56+00:00\",\"breadcrumb\":{\"@id\":\"https:\\\/\\\/www.bellunopress.it\\\/2024\\\/03\\\/10\\\/il-surrealismo-the-infinite-madness-of-dreams-dal-23-marzo-al-2-giugno-2024-al-castello-di-desenzano-del-garda\\\/#breadcrumb\"},\"inLanguage\":\"fr-FR\",\"potentialAction\":[{\"@type\":\"ReadAction\",\"target\":[\"https:\\\/\\\/www.bellunopress.it\\\/2024\\\/03\\\/10\\\/il-surrealismo-the-infinite-madness-of-dreams-dal-23-marzo-al-2-giugno-2024-al-castello-di-desenzano-del-garda\\\/\"]}]},{\"@type\":\"ImageObject\",\"inLanguage\":\"fr-FR\",\"@id\":\"https:\\\/\\\/www.bellunopress.it\\\/2024\\\/03\\\/10\\\/il-surrealismo-the-infinite-madness-of-dreams-dal-23-marzo-al-2-giugno-2024-al-castello-di-desenzano-del-garda\\\/#primaryimage\",\"url\":\"https:\\\/\\\/www.bellunopress.it\\\/wp-content\\\/uploads\\\/2024\\\/03\\\/Il-Surrealismo-Castello-di-Desenzano_edited.jpg\",\"contentUrl\":\"https:\\\/\\\/www.bellunopress.it\\\/wp-content\\\/uploads\\\/2024\\\/03\\\/Il-Surrealismo-Castello-di-Desenzano_edited.jpg\",\"width\":1000,\"height\":652},{\"@type\":\"BreadcrumbList\",\"@id\":\"https:\\\/\\\/www.bellunopress.it\\\/2024\\\/03\\\/10\\\/il-surrealismo-the-infinite-madness-of-dreams-dal-23-marzo-al-2-giugno-2024-al-castello-di-desenzano-del-garda\\\/#breadcrumb\",\"itemListElement\":[{\"@type\":\"ListItem\",\"position\":1,\"name\":\"Home\",\"item\":\"https:\\\/\\\/www.bellunopress.it\\\/\"},{\"@type\":\"ListItem\",\"position\":2,\"name\":\"Il Surrealismo. The infinite madness of dreams dal 23 marzo al 2 giugno 2024 al Castello di Desenzano del Garda\"}]},{\"@type\":\"WebSite\",\"@id\":\"https:\\\/\\\/www.bellunopress.it\\\/#website\",\"url\":\"https:\\\/\\\/www.bellunopress.it\\\/\",\"name\":\"Bellunopress - Dolomiti\",\"description\":\"e-mail: redazione@bellunopress.it\",\"publisher\":{\"@id\":\"https:\\\/\\\/www.bellunopress.it\\\/#organization\"},\"potentialAction\":[{\"@type\":\"SearchAction\",\"target\":{\"@type\":\"EntryPoint\",\"urlTemplate\":\"https:\\\/\\\/www.bellunopress.it\\\/?s={search_term_string}\"},\"query-input\":{\"@type\":\"PropertyValueSpecification\",\"valueRequired\":true,\"valueName\":\"search_term_string\"}}],\"inLanguage\":\"fr-FR\"},{\"@type\":\"Organization\",\"@id\":\"https:\\\/\\\/www.bellunopress.it\\\/#organization\",\"name\":\"Bellunopress\",\"url\":\"https:\\\/\\\/www.bellunopress.it\\\/\",\"logo\":{\"@type\":\"ImageObject\",\"inLanguage\":\"fr-FR\",\"@id\":\"https:\\\/\\\/www.bellunopress.it\\\/#\\\/schema\\\/logo\\\/image\\\/\",\"url\":\"https:\\\/\\\/www.bellunopress.it\\\/wp-content\\\/uploads\\\/2011\\\/05\\\/cropped-logo-bellunopress-.jpg\",\"contentUrl\":\"https:\\\/\\\/www.bellunopress.it\\\/wp-content\\\/uploads\\\/2011\\\/05\\\/cropped-logo-bellunopress-.jpg\",\"width\":512,\"height\":512,\"caption\":\"Bellunopress\"},\"image\":{\"@id\":\"https:\\\/\\\/www.bellunopress.it\\\/#\\\/schema\\\/logo\\\/image\\\/\"},\"sameAs\":[\"https:\\\/\\\/www.facebook.com\\\/profile.php?id=100008943462799\",\"https:\\\/\\\/x.com\\\/bellunopress\",\"https:\\\/\\\/www.linkedin.com\\\/hp\\\/?dnr=JBzUWaJfMUw8vbXJJ2tVW5-I3jZKvC4wsoxE&amp;amp;amp;amp;amp;amp;trk=nav_responsive_tab_home\",\"https:\\\/\\\/www.youtube.com\\\/channel\\\/UCxL0wu1uN0_3_7hGG0306cw\"]},{\"@type\":\"Person\",\"@id\":\"https:\\\/\\\/www.bellunopress.it\\\/#\\\/schema\\\/person\\\/79bb06722b37ece1c03d3e94beb30d73\",\"name\":\"redazione\",\"image\":{\"@type\":\"ImageObject\",\"inLanguage\":\"fr-FR\",\"@id\":\"https:\\\/\\\/secure.gravatar.com\\\/avatar\\\/37d968a2e67a6fd04c169c4bdef102d0bc5d31b2546345219e348575eb80e9a0?s=96&d=mm&r=g\",\"url\":\"https:\\\/\\\/secure.gravatar.com\\\/avatar\\\/37d968a2e67a6fd04c169c4bdef102d0bc5d31b2546345219e348575eb80e9a0?s=96&d=mm&r=g\",\"contentUrl\":\"https:\\\/\\\/secure.gravatar.com\\\/avatar\\\/37d968a2e67a6fd04c169c4bdef102d0bc5d31b2546345219e348575eb80e9a0?s=96&d=mm&r=g\",\"caption\":\"redazione\"},\"sameAs\":[\"http:\\\/\\\/www.bellunopress.it\",\"https:\\\/\\\/x.com\\\/bellunopress\"],\"url\":\"https:\\\/\\\/www.bellunopress.it\\\/fr\\\/author\\\/redazione\\\/\"}]}<\/script>\n<!-- \/ Yoast SEO plugin. -->","yoast_head_json":{"title":"Il Surrealismo. The infinite madness of dreams dal 23 marzo al 2 giugno 2024 al Castello di Desenzano del Garda - Bellunopress - Dolomiti","robots":{"index":"index","follow":"follow","max-snippet":"max-snippet:-1","max-image-preview":"max-image-preview:large","max-video-preview":"max-video-preview:-1"},"canonical":"https:\/\/www.bellunopress.it\/fr\/2024\/03\/10\/il-surrealismo-the-infinite-madness-of-dreams-dal-23-marzo-al-2-giugno-2024-al-castello-di-desenzano-del-garda\/","og_locale":"fr_FR","og_type":"article","og_title":"Il Surrealismo. The infinite madness of dreams dal 23 marzo al 2 giugno 2024 al Castello di Desenzano del Garda - Bellunopress - Dolomiti","og_description":"Aprir\u00e0 al pubblico sabato 23 marzo 2024 alle ore 10.00 la mostra &#8220;Il Surrealismo: the infinite madness of dreams&#8221;. L&#8217;esposizione curata da Matteo Vanzan raccoglie oltre 60 opere dei principali artisti surrealisti ed \u00e8 allestita al Castello di Desenzano del Garda (Bs). Nel centenario del &#8220;Manifesto del Surrealismo&#8221;, scritto da Andr\u00e9 Breton nel 1924, l&#8217;esposizione [&hellip;]","og_url":"https:\/\/www.bellunopress.it\/fr\/2024\/03\/10\/il-surrealismo-the-infinite-madness-of-dreams-dal-23-marzo-al-2-giugno-2024-al-castello-di-desenzano-del-garda\/","og_site_name":"Bellunopress - Dolomiti","article_publisher":"https:\/\/www.facebook.com\/profile.php?id=100008943462799","article_published_time":"2024-03-10T13:20:56+00:00","og_image":[{"width":1000,"height":652,"url":"https:\/\/www.bellunopress.it\/wp-content\/uploads\/2024\/03\/Il-Surrealismo-Castello-di-Desenzano_edited.jpg","type":"image\/jpeg"}],"author":"redazione","twitter_card":"summary_large_image","twitter_creator":"@bellunopress","twitter_site":"@bellunopress","twitter_misc":{"\u00c9crit par":"redazione","Dur\u00e9e de lecture estim\u00e9e":"4 minutes"},"schema":{"@context":"https:\/\/schema.org","@graph":[{"@type":"Article","@id":"https:\/\/www.bellunopress.it\/2024\/03\/10\/il-surrealismo-the-infinite-madness-of-dreams-dal-23-marzo-al-2-giugno-2024-al-castello-di-desenzano-del-garda\/#article","isPartOf":{"@id":"https:\/\/www.bellunopress.it\/2024\/03\/10\/il-surrealismo-the-infinite-madness-of-dreams-dal-23-marzo-al-2-giugno-2024-al-castello-di-desenzano-del-garda\/"},"author":{"name":"redazione","@id":"https:\/\/www.bellunopress.it\/#\/schema\/person\/79bb06722b37ece1c03d3e94beb30d73"},"headline":"Il Surrealismo. The infinite madness of dreams dal 23 marzo al 2 giugno 2024 al Castello di Desenzano del Garda","datePublished":"2024-03-10T13:20:56+00:00","mainEntityOfPage":{"@id":"https:\/\/www.bellunopress.it\/2024\/03\/10\/il-surrealismo-the-infinite-madness-of-dreams-dal-23-marzo-al-2-giugno-2024-al-castello-di-desenzano-del-garda\/"},"wordCount":934,"publisher":{"@id":"https:\/\/www.bellunopress.it\/#organization"},"image":{"@id":"https:\/\/www.bellunopress.it\/2024\/03\/10\/il-surrealismo-the-infinite-madness-of-dreams-dal-23-marzo-al-2-giugno-2024-al-castello-di-desenzano-del-garda\/#primaryimage"},"thumbnailUrl":"https:\/\/www.bellunopress.it\/wp-content\/uploads\/2024\/03\/Il-Surrealismo-Castello-di-Desenzano_edited.jpg","articleSection":["Appuntamenti, Eventi","Arte, Cultura, Spettacoli, Scienza","Pausa Caff\u00e8"],"inLanguage":"fr-FR"},{"@type":"WebPage","@id":"https:\/\/www.bellunopress.it\/2024\/03\/10\/il-surrealismo-the-infinite-madness-of-dreams-dal-23-marzo-al-2-giugno-2024-al-castello-di-desenzano-del-garda\/","url":"https:\/\/www.bellunopress.it\/2024\/03\/10\/il-surrealismo-the-infinite-madness-of-dreams-dal-23-marzo-al-2-giugno-2024-al-castello-di-desenzano-del-garda\/","name":"Il Surrealismo. The infinite madness of dreams dal 23 marzo al 2 giugno 2024 al Castello di Desenzano del Garda - Bellunopress - Dolomiti","isPartOf":{"@id":"https:\/\/www.bellunopress.it\/#website"},"primaryImageOfPage":{"@id":"https:\/\/www.bellunopress.it\/2024\/03\/10\/il-surrealismo-the-infinite-madness-of-dreams-dal-23-marzo-al-2-giugno-2024-al-castello-di-desenzano-del-garda\/#primaryimage"},"image":{"@id":"https:\/\/www.bellunopress.it\/2024\/03\/10\/il-surrealismo-the-infinite-madness-of-dreams-dal-23-marzo-al-2-giugno-2024-al-castello-di-desenzano-del-garda\/#primaryimage"},"thumbnailUrl":"https:\/\/www.bellunopress.it\/wp-content\/uploads\/2024\/03\/Il-Surrealismo-Castello-di-Desenzano_edited.jpg","datePublished":"2024-03-10T13:20:56+00:00","breadcrumb":{"@id":"https:\/\/www.bellunopress.it\/2024\/03\/10\/il-surrealismo-the-infinite-madness-of-dreams-dal-23-marzo-al-2-giugno-2024-al-castello-di-desenzano-del-garda\/#breadcrumb"},"inLanguage":"fr-FR","potentialAction":[{"@type":"ReadAction","target":["https:\/\/www.bellunopress.it\/2024\/03\/10\/il-surrealismo-the-infinite-madness-of-dreams-dal-23-marzo-al-2-giugno-2024-al-castello-di-desenzano-del-garda\/"]}]},{"@type":"ImageObject","inLanguage":"fr-FR","@id":"https:\/\/www.bellunopress.it\/2024\/03\/10\/il-surrealismo-the-infinite-madness-of-dreams-dal-23-marzo-al-2-giugno-2024-al-castello-di-desenzano-del-garda\/#primaryimage","url":"https:\/\/www.bellunopress.it\/wp-content\/uploads\/2024\/03\/Il-Surrealismo-Castello-di-Desenzano_edited.jpg","contentUrl":"https:\/\/www.bellunopress.it\/wp-content\/uploads\/2024\/03\/Il-Surrealismo-Castello-di-Desenzano_edited.jpg","width":1000,"height":652},{"@type":"BreadcrumbList","@id":"https:\/\/www.bellunopress.it\/2024\/03\/10\/il-surrealismo-the-infinite-madness-of-dreams-dal-23-marzo-al-2-giugno-2024-al-castello-di-desenzano-del-garda\/#breadcrumb","itemListElement":[{"@type":"ListItem","position":1,"name":"Home","item":"https:\/\/www.bellunopress.it\/"},{"@type":"ListItem","position":2,"name":"Il Surrealismo. The infinite madness of dreams dal 23 marzo al 2 giugno 2024 al Castello di Desenzano del Garda"}]},{"@type":"WebSite","@id":"https:\/\/www.bellunopress.it\/#website","url":"https:\/\/www.bellunopress.it\/","name":"Bellunopress - Dolomiti","description":"e-mail: redazione@bellunopress.it","publisher":{"@id":"https:\/\/www.bellunopress.it\/#organization"},"potentialAction":[{"@type":"SearchAction","target":{"@type":"EntryPoint","urlTemplate":"https:\/\/www.bellunopress.it\/?s={search_term_string}"},"query-input":{"@type":"PropertyValueSpecification","valueRequired":true,"valueName":"search_term_string"}}],"inLanguage":"fr-FR"},{"@type":"Organization","@id":"https:\/\/www.bellunopress.it\/#organization","name":"Bellunopress","url":"https:\/\/www.bellunopress.it\/","logo":{"@type":"ImageObject","inLanguage":"fr-FR","@id":"https:\/\/www.bellunopress.it\/#\/schema\/logo\/image\/","url":"https:\/\/www.bellunopress.it\/wp-content\/uploads\/2011\/05\/cropped-logo-bellunopress-.jpg","contentUrl":"https:\/\/www.bellunopress.it\/wp-content\/uploads\/2011\/05\/cropped-logo-bellunopress-.jpg","width":512,"height":512,"caption":"Bellunopress"},"image":{"@id":"https:\/\/www.bellunopress.it\/#\/schema\/logo\/image\/"},"sameAs":["https:\/\/www.facebook.com\/profile.php?id=100008943462799","https:\/\/x.com\/bellunopress","https:\/\/www.linkedin.com\/hp\/?dnr=JBzUWaJfMUw8vbXJJ2tVW5-I3jZKvC4wsoxE&amp;amp;amp;amp;amp;amp;trk=nav_responsive_tab_home","https:\/\/www.youtube.com\/channel\/UCxL0wu1uN0_3_7hGG0306cw"]},{"@type":"Person","@id":"https:\/\/www.bellunopress.it\/#\/schema\/person\/79bb06722b37ece1c03d3e94beb30d73","name":"r\u00e9daction","image":{"@type":"ImageObject","inLanguage":"fr-FR","@id":"https:\/\/secure.gravatar.com\/avatar\/37d968a2e67a6fd04c169c4bdef102d0bc5d31b2546345219e348575eb80e9a0?s=96&d=mm&r=g","url":"https:\/\/secure.gravatar.com\/avatar\/37d968a2e67a6fd04c169c4bdef102d0bc5d31b2546345219e348575eb80e9a0?s=96&d=mm&r=g","contentUrl":"https:\/\/secure.gravatar.com\/avatar\/37d968a2e67a6fd04c169c4bdef102d0bc5d31b2546345219e348575eb80e9a0?s=96&d=mm&r=g","caption":"redazione"},"sameAs":["http:\/\/www.bellunopress.it","https:\/\/x.com\/bellunopress"],"url":"https:\/\/www.bellunopress.it\/fr\/author\/redazione\/"}]}},"_links":{"self":[{"href":"https:\/\/www.bellunopress.it\/fr\/wp-json\/wp\/v2\/posts\/149011","targetHints":{"allow":["GET"]}}],"collection":[{"href":"https:\/\/www.bellunopress.it\/fr\/wp-json\/wp\/v2\/posts"}],"about":[{"href":"https:\/\/www.bellunopress.it\/fr\/wp-json\/wp\/v2\/types\/post"}],"author":[{"embeddable":true,"href":"https:\/\/www.bellunopress.it\/fr\/wp-json\/wp\/v2\/users\/2"}],"replies":[{"embeddable":true,"href":"https:\/\/www.bellunopress.it\/fr\/wp-json\/wp\/v2\/comments?post=149011"}],"version-history":[{"count":1,"href":"https:\/\/www.bellunopress.it\/fr\/wp-json\/wp\/v2\/posts\/149011\/revisions"}],"predecessor-version":[{"id":149013,"href":"https:\/\/www.bellunopress.it\/fr\/wp-json\/wp\/v2\/posts\/149011\/revisions\/149013"}],"wp:featuredmedia":[{"embeddable":true,"href":"https:\/\/www.bellunopress.it\/fr\/wp-json\/wp\/v2\/media\/149012"}],"wp:attachment":[{"href":"https:\/\/www.bellunopress.it\/fr\/wp-json\/wp\/v2\/media?parent=149011"}],"wp:term":[{"taxonomy":"category","embeddable":true,"href":"https:\/\/www.bellunopress.it\/fr\/wp-json\/wp\/v2\/categories?post=149011"},{"taxonomy":"post_tag","embeddable":true,"href":"https:\/\/www.bellunopress.it\/fr\/wp-json\/wp\/v2\/tags?post=149011"}],"curies":[{"name":"wp","href":"https:\/\/api.w.org\/{rel}","templated":true}]}}