{"id":149004,"date":"2024-03-10T00:25:55","date_gmt":"2024-03-09T23:25:55","guid":{"rendered":"https:\/\/www.bellunopress.it\/?p=149004"},"modified":"2024-03-12T10:38:25","modified_gmt":"2024-03-12T09:38:25","slug":"in-2500-al-palazzetto-di-bassano-per-il-convegno-pretendiamo-verita-e-giustizia","status":"publish","type":"post","link":"https:\/\/www.bellunopress.it\/fr\/2024\/03\/10\/in-2500-al-palazzetto-di-bassano-per-il-convegno-pretendiamo-verita-e-giustizia\/","title":{"rendered":"In 2500 al palazzetto di Bassano per il convegno \u201cPretendiamo verit\u00e0 e giustizia\u201d"},"content":{"rendered":"<p><img loading=\"lazy\" decoding=\"async\" class=\"alignleft size-full wp-image-149005\" src=\"https:\/\/www.bellunopress.it\/wp-content\/uploads\/2024\/03\/convegno-verita-e-giustizioa-bassano_edited.jpg\" alt=\"\" width=\"1000\" height=\"750\" srcset=\"https:\/\/www.bellunopress.it\/wp-content\/uploads\/2024\/03\/convegno-verita-e-giustizioa-bassano_edited.jpg 1000w, https:\/\/www.bellunopress.it\/wp-content\/uploads\/2024\/03\/convegno-verita-e-giustizioa-bassano_edited-500x375.jpg 500w, https:\/\/www.bellunopress.it\/wp-content\/uploads\/2024\/03\/convegno-verita-e-giustizioa-bassano_edited-696x522.jpg 696w\" sizes=\"auto, (max-width: 1000px) 100vw, 1000px\" \/>Bassano del Grappa, 9 marzo 2024 &#8211; Palazzetto Cmp Arena di Bassano del Grappa al completo con 2500 presenze oggi pomeriggio per il convegno \u201cPretendiamo verit\u00e0 a giustizia\u201d promosso dall\u2019europarlamentare Sergio Berlato. Quattro ore dense di contenuti con relatori qualificati che hanno spiegato come tutto sia potuto succedere. Sotto la lente la pandemia covid, sotto accusa la politica sanitaria attuata. \u201cNon siamo in cerca di vendette \u2013 ha detto l\u2019onorevole Berlato \u2013 ma pretendiamo verit\u00e0 e giustizia. Vogliamo che i danneggiati da vaccino non siano abbandonati dalla sanit\u00e0\u201d.<\/p>\n<p>\u201cIl nostro sindacato \u00e8 nato durante il periodo pandemico \u2013 ha detto Antonio Porto, segretario generale del sindacato di Polizia O.S.A. \u2013 perch\u00e9 chi doveva difendere i lavoratori non l\u2019ha fatto. O ti vaccini o stai a casa senza stipendio, quando ai poliziotti condannati della Uno bianca assicurarono il 50% dello stipendio! Colleghi costretti a mangiare sui muretti perch\u00e9 non potevano entrare nelle mense\u201d. Cita Montesquieu per invocare, attraverso una proposta di legge, la separazione delle funzioni, perch\u00e9 venga riconosciuta alla polizia giudiziaria la titolarit\u00e0 delle indagini e alla magistratura il giudizio sui reati \u201ccos\u00ec come avviene negli altri Paesi civili\u201d.<\/p>\n<p>Federica Angelini, fondatrice del Comitato Ascoltami, in difesa dei danneggiati da quello che per comodit\u00e0 chiameremo vaccino, ha chiesto a gran voce, con la forza di chi ha perduto un figlio, tutta la verit\u00e0 su quello che \u00e8 accaduto e di quello che sta accadendo. \u201cBrucio da 1080 giorni. Brucio nella pelle e negli organi interni. Vivo in un fuoco perenne. Sono una danneggiata da vaccino\u201d. E ancora \u201cMedici che hanno paura a certificare il danno. Alcune chiese ci hanno chiuso le porte. Alcuni religiosi ci hanno accolto\u201d.<\/p>\n<p>Interviene con una diretta video Silver Nervuti irridendo quei politici che cercavano di terrorizzare \u201cCome mai sono tutti vivi i calciatori, senza mascherina, che baciavano la coppa tutti nello stesso posto? Barbara D\u2019Urso che ci insegnava in tv come lavarsi le mani! Quello che pi\u00f9 mi dispiace \u00e8 che hanno offeso la nostra intelligenza. Siamo quelli che si battono non per imporre le nostre idee, ma perch\u00e9 gli altri non le impongano a noi. Siamo il gruppo di controllo, siamo il loro problema grave\u201d.<\/p>\n<p>Elena Alberton del Comitato Salvaguardia, sottolinea l\u2019aspetto delle morti improvvise soprattutto dei giovani: \u201cSecondo una elaborazione dei dati Istat, c\u2019\u00e8 stata un\u2019impennata del + 25-30% rispetto al quinquennio pre-pandemia. Dobbiamo chiedere che vengano eseguite le autopsie complete di tutti gli organi, con un perito di parte\u201d.<\/p>\n<p>Carmen Amadio, infermiera, ha detto che gi\u00e0 nel 2019 il covid colpiva con le polmoniti. \u201cIn 40 anni di professione non avevo mai visto chiudere gli ambulatori e curare con la vigile attesa. Ho lottato sulle piazze per evitare che si arrivasse ai bambini. Gli adulti capiranno da soli. E invece cosa \u00e8 successo? Perch\u00e9 ci siamo caduti tutti\u201d?<\/p>\n<p>C\u2019\u00e8 anche il giornalista conduttore Mario Giordano che interviene con un video evidenziando le bugie di Stato. \u201cDraghi nel 2021 diceva \u2018chi si vaccina non contagia\u2019. Bugie in nome della scienza. Cos\u00ec hanno minato la credibilit\u00e0 della scienza. Hanno taroccato i dati, vaccinato i bambini, vaccinato i guariti. La voglia di mettere a tacere tutto \u00e8 ancora tanta\u201d.<\/p>\n<p>Dario Giacomini, presidente dell\u2019Associazione ContiamoCi \u00e8 un medico sospeso; parla della salute come mezzo di controllo. \u201cSi sta cercando di cambiare il codice deontologico dei medici affinch\u00e9 non possano pi\u00f9 opporsi alle vaccinazioni. C\u2019\u00e8 una volont\u00e0 di allontanare sempre pi\u00f9 il medico dal paziente, la telemedicina. Tra alcuni anni l\u2019intelligenza artificiale sostituir\u00e0 il medico. Si va verso una sorveglianza sociale\u201d.<\/p>\n<p>Leonardo Guerra, biologo molecolare, \u201cE\u2019 stata la pi\u00f9 grande operazione psicologica degli ultimi 150 anni. Esistono emergenze vere ed emergenze false. Questa era falsa. Hanno piegato l\u2019essere umano, in Italia pi\u00f9 degli altri Paesi. In Croazia non hanno mai applicato le nostre regole. Ci hanno addestrato ad accettare qualsiasi cosa, le verit\u00e0 che vi raccontano sono funzionali al loro gioco. I bombardamenti di Dresda del 1945 li hanno fatti sui civili a guerra finita. Quelli di Montecassino li fecero sui civili in cerca di riparo dai bombardamenti alleati. Ora vogliono anche i nostri risparmi, vogliono i soldi dell\u2019Europa. No all\u2019identit\u00e0 digitale. No al portafoglio digitale europeo. No alle smart city. Il punto d\u2019arrivo di questo sistema \u00e8 la sorveglianza\u201d.<\/p>\n<p>Paolo Bellavite, medico e ricercatore, \u201cIl vaccinismo \u00e8 una ideologia, un intreccio tra politica, industria e informazione. Per giustificare tutto questo hanno accentuato un allarme. Lo avevamo gi\u00e0 visto con i vaccini pediatrici. Bellavite parla di dati falsi, di rischi sottostimati di almeno 20 volte dall\u2019Aifa. \u201cQualsiasi malattia poteva essere la causa di morte. Cos\u00ec i vaccini sono diventati sicuri. Le analisi prevaccinali vennero scoraggiate. La sicurezza dei vaccini \u00e8 stata sovrastimata imbrogliando la politica e la giustizia\u201d.<\/p>\n<p>Il professor Giovanni Frajese, medico neuroendocrinologo, cita S.Agostino nel descrivere questo continuare ad errare oggi della classe medica. E\u2019 stata fatta propaganda e non informazione. Il presidente del consiglio, il migliore dei migliori, che mente al popolo\u201d. Frajese sostiene che pi\u00f9 ci si vaccina e pi\u00f9 ci si ammala. Inoltre, la presenza del dna nei vaccini mRNA pu\u00f2 creare complicazioni e interazioni con il nostro dna\u201d.<\/p>\n<p>Interviene in video anche il giornalista Francesco Borgonovo, vicedirettore del quotidiano La Verit\u00e0, che parla dell\u2019art.43 del Pnnr ossia la normalizzazione della struttura informatica del green pass, passaporto vaccinale \u201cSi sta mettendo a punto un sistema di controllo, un green pass eterno, finanziato addirittura con i fondi destinati ai danneggiati da vaccino. Il trattato OMS \u00e8 una nuova forma di oppressione nel delegare la sovranit\u00e0. Si sta cercando a tutti i livelli di insabbiare. E si continua a finanziare la macchina del controllo sanitario\u201d.<\/p>\n<p>Massimo Citro Della Riva, medico, propone che venga istituito l\u201911 marzo il Giorno del ricordo. \u201cC\u2019\u00e8 un rapporto firmato da mille medici che attende risposte su come sia stata gestita la pandemia\u201d. <a href=\"https:\/\/www.laltramedicina.it\/wp-content\/uploads\/2022\/06\/50-DOMANDE-PRETENDONO-RISPOSTA.pdf\">Le famose 50 domande<\/a> dove si chiede, ad esempio, perch\u00e9 c\u2019\u00e8 il segreto militare su questi vaccini? \u201cDopodomani (luned\u00ec per chi legge) ci sar\u00e0 una maratona di 12 ore su Telegram su questi temi\u201d Massimo Citro elenca tutte le ipotesi di reato configurabili nelle varie situazioni verificatesi, conflitti di interessi, finanziamenti impropri, l\u2019aver spacciato per vaccino un farmaco tossico, violazione del principio di precauzione. \u201cCi hanno fatto perdere la fiducia nelle istituzioni \u2013 ha concluso \u2013 ma abbiamo maggior fiducia in noi stessi\u201d.<\/p>\n<p>Fabio Duranti, giornalista Radio Radio, \u201cChi come me ha reagito, non \u00e8 un eroe, ha semplicemente fatto il proprio lavoro. Proprio 4 anni fa ci cacciarono da Corvara dove andavamo sempre in vacanza. E allora nel viaggio di ritorno verso Roma, gli scienziati li abbiamo sentiti tutti. Poi siamo andati a vedere chi erano queste persone su PubMed e abbiamo trovato i conflitti d\u2019interesse. Per questo motivo in Italia \u00e8 successo tutto questo. L\u2019Ocse dice che in Italia c\u2019\u00e8 quasi il 30% di analfabetismo funzionale che l\u2019Unesco definisce come la condizione di una persona incapace di comprendere testi scritti, l\u2019incapacit\u00e0 di mettere insieme concetti e trarne delle conclusioni\u201d. Duranti spiega poi la strategia messa in atto. Dall\u2019appropriazione di tutti i media, fermare gli altri con la demonetizzazione, ossia togliendo i soldi della pubblicit\u00e0 alle voci fuori del coro. \u201cNoi vogliamo sapere chi ha scritto e firmato quei protocolli \u2018tachipirina e vigile attesa\u2019 chi li ha diffusi. Vogliamo nomi e cognomi. Abbiamo sentito il presidente del Consiglio Draghi dire \u2018se non ti vaccini ti ammali e muori\u2019 il presidente della Repubblica dire \u2018chi ha eseguito i protocolli sono i buoni e gli altri vanno isolati\u2019\u201d.<\/p>\n<p>Silvana De Mari, medico, scrittrice, ha parlato di ipnosi di massa spiegando come si comportano gli emisferi del cervello e facendo alcuni esempi di comunicazione verbale e non verbale. \u201cLe bare di Bergamo sono state un colpo di teatro con i camion militare di notte a 5 Km\/h. Oppure i reparti di rianimazione dove vennero fatte entrare le telecamere per vedere gli intubati, ma i familiari non vi potevano accedere\u201d.<\/p>\n<p>Laura Masiero, presidente dall\u2019associazione APPLE (Associazione Per la Prevenzione e la Lotta all\u2019Elettrosmog) ha posto l\u2019accento sulla modifica di legge che sta per essere approvata e che innalzer\u00e0 i limiti di legge dei campi elettromagnetici dagli attuali 6 Volt per metro a 15 Volt per metro. \u201cQuesto avviene mentre stanno arrivando nuove tecnologie di sesta generazione, applicazioni di intelligenza artificiale. Insomma, tutti connessi. Senza curarci di quello che sta succedendo nella scuola, dove gli studenti sono bersagliati dai dispositivi. Che non sono giocattoli, ma sistemi che agiscono dal punto di vista della salute psicologica e fisica. I social media sono i grandi sistemi di controllo, in particolare Tik Tok\u201d.<\/p>\n<p>In chiusura del convegno \u00e8 intervenuta l\u2019europarlamentare Francesca Donato che ha parlato senza mezzi termini di \u201cresistenza a un sistema fascista\u201d. \u201cE\u2019 una battaglia che vale la pena fare per la verit\u00e0 e la giustizia \u2013 ha detto \u2013 ancora ci viene negata la verit\u00e0 e la giustizia. Qui c\u2019\u00e8 una cupola di intoccabili che a me ricorda la mafia. La politica europea continua a marciare sulla direzione di una prossima pandemia, sul clima, sul pericolo russo. Una politica del terrore. La riforma dell\u2019Ema, l\u2019agenzia europea del farmaco, vuole ridurre i tempi di approvazione dei farmaci. In commissione covid dove sono stata, ho sentito risposte allucinanti e non risposte\u201d. L\u2019onorevole Francesca Donato ha concluso dicendo \u201cDovremmo fare il NoVax Pride, dobbiamo smetterla di vergognarci\u201d.<\/p>\n<p>(rdn)<\/p>","protected":false},"excerpt":{"rendered":"<p>Bassano del Grappa, 9 marzo 2024 &#8211; Palazzetto Cmp Arena di Bassano del Grappa al completo con 2500 presenze oggi pomeriggio per il convegno \u201cPretendiamo verit\u00e0 a giustizia\u201d promosso dall\u2019europarlamentare Sergio Berlato. Quattro ore dense di contenuti con relatori qualificati che hanno spiegato come tutto sia potuto succedere. Sotto la lente la pandemia covid, sotto [&hellip;]<\/p>\n","protected":false},"author":2,"featured_media":149005,"comment_status":"closed","ping_status":"open","sticky":false,"template":"","format":"standard","meta":{"footnotes":""},"categories":[3,3446,49,26,4],"tags":[3627,3630,3629,3635,3628,3636,3633,3626,3631,3158,3634,3632,3624,3625],"class_list":["post-149004","post","type-post","status-publish","format-standard","has-post-thumbnail","category-arte-cultura-spettacoli-scienza-archivi","category-featured","category-speciali","category-prima-pagina","category-sport","tag-antonio-porto","tag-dario-giacomini","tag-elena-alberton","tag-fabio-duranti","tag-federica-angelini","tag-francesca-donato","tag-giovanni-frajese","tag-laura-masiero","tag-leonardo-guerra","tag-mario-giordano","tag-massimo-citro","tag-paolo-bellavite","tag-sergio-berlato","tag-silvana-de-mari"],"yoast_head":"<!-- This site is optimized with the Yoast SEO plugin v28.4 - https:\/\/yoast.com\/product\/yoast-seo-wordpress\/ -->\n<title>In 2500 al palazzetto di Bassano per il convegno \u201cPretendiamo verit\u00e0 e giustizia\u201d - Bellunopress - Dolomiti<\/title>\n<meta name=\"robots\" content=\"index, follow, max-snippet:-1, max-image-preview:large, max-video-preview:-1\" \/>\n<link rel=\"canonical\" href=\"https:\/\/www.bellunopress.it\/fr\/2024\/03\/10\/in-2500-al-palazzetto-di-bassano-per-il-convegno-pretendiamo-verita-e-giustizia\/\" \/>\n<meta property=\"og:locale\" content=\"fr_FR\" \/>\n<meta property=\"og:type\" content=\"article\" \/>\n<meta property=\"og:title\" content=\"In 2500 al palazzetto di Bassano per il convegno \u201cPretendiamo verit\u00e0 e giustizia\u201d - Bellunopress - Dolomiti\" \/>\n<meta property=\"og:description\" content=\"Bassano del Grappa, 9 marzo 2024 &#8211; Palazzetto Cmp Arena di Bassano del Grappa al completo con 2500 presenze oggi pomeriggio per il convegno \u201cPretendiamo verit\u00e0 a giustizia\u201d promosso dall\u2019europarlamentare Sergio Berlato. Quattro ore dense di contenuti con relatori qualificati che hanno spiegato come tutto sia potuto succedere. Sotto la lente la pandemia covid, sotto [&hellip;]\" \/>\n<meta property=\"og:url\" content=\"https:\/\/www.bellunopress.it\/fr\/2024\/03\/10\/in-2500-al-palazzetto-di-bassano-per-il-convegno-pretendiamo-verita-e-giustizia\/\" \/>\n<meta property=\"og:site_name\" content=\"Bellunopress - Dolomiti\" \/>\n<meta property=\"article:publisher\" content=\"https:\/\/www.facebook.com\/profile.php?id=100008943462799\" \/>\n<meta property=\"article:published_time\" content=\"2024-03-09T23:25:55+00:00\" \/>\n<meta property=\"article:modified_time\" content=\"2024-03-12T09:38:25+00:00\" \/>\n<meta property=\"og:image\" content=\"https:\/\/www.bellunopress.it\/wp-content\/uploads\/2024\/03\/convegno-verita-e-giustizioa-bassano_edited.jpg\" \/>\n\t<meta property=\"og:image:width\" content=\"1000\" \/>\n\t<meta property=\"og:image:height\" content=\"750\" \/>\n\t<meta property=\"og:image:type\" content=\"image\/jpeg\" \/>\n<meta name=\"author\" content=\"redazione\" \/>\n<meta name=\"twitter:card\" content=\"summary_large_image\" \/>\n<meta name=\"twitter:creator\" content=\"@bellunopress\" \/>\n<meta name=\"twitter:site\" content=\"@bellunopress\" \/>\n<meta name=\"twitter:label1\" content=\"Written by\" \/>\n\t<meta name=\"twitter:data1\" content=\"redazione\" \/>\n\t<meta name=\"twitter:label2\" content=\"Est. reading time\" \/>\n\t<meta name=\"twitter:data2\" content=\"8 minutes\" \/>\n<script type=\"application\/ld+json\" class=\"yoast-schema-graph\">{\"@context\":\"https:\\\/\\\/schema.org\",\"@graph\":[{\"@type\":\"Article\",\"@id\":\"https:\\\/\\\/www.bellunopress.it\\\/2024\\\/03\\\/10\\\/in-2500-al-palazzetto-di-bassano-per-il-convegno-pretendiamo-verita-e-giustizia\\\/#article\",\"isPartOf\":{\"@id\":\"https:\\\/\\\/www.bellunopress.it\\\/2024\\\/03\\\/10\\\/in-2500-al-palazzetto-di-bassano-per-il-convegno-pretendiamo-verita-e-giustizia\\\/\"},\"author\":{\"name\":\"redazione\",\"@id\":\"https:\\\/\\\/www.bellunopress.it\\\/#\\\/schema\\\/person\\\/79bb06722b37ece1c03d3e94beb30d73\"},\"headline\":\"In 2500 al palazzetto di Bassano per il convegno \u201cPretendiamo verit\u00e0 e giustizia\u201d\",\"datePublished\":\"2024-03-09T23:25:55+00:00\",\"dateModified\":\"2024-03-12T09:38:25+00:00\",\"mainEntityOfPage\":{\"@id\":\"https:\\\/\\\/www.bellunopress.it\\\/2024\\\/03\\\/10\\\/in-2500-al-palazzetto-di-bassano-per-il-convegno-pretendiamo-verita-e-giustizia\\\/\"},\"wordCount\":1547,\"publisher\":{\"@id\":\"https:\\\/\\\/www.bellunopress.it\\\/#organization\"},\"image\":{\"@id\":\"https:\\\/\\\/www.bellunopress.it\\\/2024\\\/03\\\/10\\\/in-2500-al-palazzetto-di-bassano-per-il-convegno-pretendiamo-verita-e-giustizia\\\/#primaryimage\"},\"thumbnailUrl\":\"https:\\\/\\\/www.bellunopress.it\\\/wp-content\\\/uploads\\\/2024\\\/03\\\/convegno-verita-e-giustizioa-bassano_edited.jpg\",\"keywords\":[\"Antonio Porto\",\"Dario Giacomini\",\"Elena Alberton\",\"Fabio Duranti\",\"Federica Angelini\",\"Francesca Donato\",\"Giovanni Frajese\",\"Laura Masiero\",\"Leonardo Guerra\",\"Mario Giordano\",\"Massimo Citro\",\"Paolo Bellavite\",\"Sergio Berlato\",\"Silvana De Mari\"],\"articleSection\":[\"Arte, Cultura, Spettacoli, Scienza\",\"Featured\",\"Gli speciali di Bellunopress\",\"Prima Pagina\",\"Sport, tempo libero\"],\"inLanguage\":\"fr-FR\"},{\"@type\":\"WebPage\",\"@id\":\"https:\\\/\\\/www.bellunopress.it\\\/2024\\\/03\\\/10\\\/in-2500-al-palazzetto-di-bassano-per-il-convegno-pretendiamo-verita-e-giustizia\\\/\",\"url\":\"https:\\\/\\\/www.bellunopress.it\\\/2024\\\/03\\\/10\\\/in-2500-al-palazzetto-di-bassano-per-il-convegno-pretendiamo-verita-e-giustizia\\\/\",\"name\":\"In 2500 al palazzetto di Bassano per il convegno \u201cPretendiamo verit\u00e0 e giustizia\u201d - Bellunopress - Dolomiti\",\"isPartOf\":{\"@id\":\"https:\\\/\\\/www.bellunopress.it\\\/#website\"},\"primaryImageOfPage\":{\"@id\":\"https:\\\/\\\/www.bellunopress.it\\\/2024\\\/03\\\/10\\\/in-2500-al-palazzetto-di-bassano-per-il-convegno-pretendiamo-verita-e-giustizia\\\/#primaryimage\"},\"image\":{\"@id\":\"https:\\\/\\\/www.bellunopress.it\\\/2024\\\/03\\\/10\\\/in-2500-al-palazzetto-di-bassano-per-il-convegno-pretendiamo-verita-e-giustizia\\\/#primaryimage\"},\"thumbnailUrl\":\"https:\\\/\\\/www.bellunopress.it\\\/wp-content\\\/uploads\\\/2024\\\/03\\\/convegno-verita-e-giustizioa-bassano_edited.jpg\",\"datePublished\":\"2024-03-09T23:25:55+00:00\",\"dateModified\":\"2024-03-12T09:38:25+00:00\",\"breadcrumb\":{\"@id\":\"https:\\\/\\\/www.bellunopress.it\\\/2024\\\/03\\\/10\\\/in-2500-al-palazzetto-di-bassano-per-il-convegno-pretendiamo-verita-e-giustizia\\\/#breadcrumb\"},\"inLanguage\":\"fr-FR\",\"potentialAction\":[{\"@type\":\"ReadAction\",\"target\":[\"https:\\\/\\\/www.bellunopress.it\\\/2024\\\/03\\\/10\\\/in-2500-al-palazzetto-di-bassano-per-il-convegno-pretendiamo-verita-e-giustizia\\\/\"]}]},{\"@type\":\"ImageObject\",\"inLanguage\":\"fr-FR\",\"@id\":\"https:\\\/\\\/www.bellunopress.it\\\/2024\\\/03\\\/10\\\/in-2500-al-palazzetto-di-bassano-per-il-convegno-pretendiamo-verita-e-giustizia\\\/#primaryimage\",\"url\":\"https:\\\/\\\/www.bellunopress.it\\\/wp-content\\\/uploads\\\/2024\\\/03\\\/convegno-verita-e-giustizioa-bassano_edited.jpg\",\"contentUrl\":\"https:\\\/\\\/www.bellunopress.it\\\/wp-content\\\/uploads\\\/2024\\\/03\\\/convegno-verita-e-giustizioa-bassano_edited.jpg\",\"width\":1000,\"height\":750},{\"@type\":\"BreadcrumbList\",\"@id\":\"https:\\\/\\\/www.bellunopress.it\\\/2024\\\/03\\\/10\\\/in-2500-al-palazzetto-di-bassano-per-il-convegno-pretendiamo-verita-e-giustizia\\\/#breadcrumb\",\"itemListElement\":[{\"@type\":\"ListItem\",\"position\":1,\"name\":\"Home\",\"item\":\"https:\\\/\\\/www.bellunopress.it\\\/\"},{\"@type\":\"ListItem\",\"position\":2,\"name\":\"In 2500 al palazzetto di Bassano per il convegno \u201cPretendiamo verit\u00e0 e giustizia\u201d\"}]},{\"@type\":\"WebSite\",\"@id\":\"https:\\\/\\\/www.bellunopress.it\\\/#website\",\"url\":\"https:\\\/\\\/www.bellunopress.it\\\/\",\"name\":\"Bellunopress - Dolomiti\",\"description\":\"e-mail: redazione@bellunopress.it\",\"publisher\":{\"@id\":\"https:\\\/\\\/www.bellunopress.it\\\/#organization\"},\"potentialAction\":[{\"@type\":\"SearchAction\",\"target\":{\"@type\":\"EntryPoint\",\"urlTemplate\":\"https:\\\/\\\/www.bellunopress.it\\\/?s={search_term_string}\"},\"query-input\":{\"@type\":\"PropertyValueSpecification\",\"valueRequired\":true,\"valueName\":\"search_term_string\"}}],\"inLanguage\":\"fr-FR\"},{\"@type\":\"Organization\",\"@id\":\"https:\\\/\\\/www.bellunopress.it\\\/#organization\",\"name\":\"Bellunopress\",\"url\":\"https:\\\/\\\/www.bellunopress.it\\\/\",\"logo\":{\"@type\":\"ImageObject\",\"inLanguage\":\"fr-FR\",\"@id\":\"https:\\\/\\\/www.bellunopress.it\\\/#\\\/schema\\\/logo\\\/image\\\/\",\"url\":\"https:\\\/\\\/www.bellunopress.it\\\/wp-content\\\/uploads\\\/2011\\\/05\\\/cropped-logo-bellunopress-.jpg\",\"contentUrl\":\"https:\\\/\\\/www.bellunopress.it\\\/wp-content\\\/uploads\\\/2011\\\/05\\\/cropped-logo-bellunopress-.jpg\",\"width\":512,\"height\":512,\"caption\":\"Bellunopress\"},\"image\":{\"@id\":\"https:\\\/\\\/www.bellunopress.it\\\/#\\\/schema\\\/logo\\\/image\\\/\"},\"sameAs\":[\"https:\\\/\\\/www.facebook.com\\\/profile.php?id=100008943462799\",\"https:\\\/\\\/x.com\\\/bellunopress\",\"https:\\\/\\\/www.linkedin.com\\\/hp\\\/?dnr=JBzUWaJfMUw8vbXJJ2tVW5-I3jZKvC4wsoxE&amp;amp;amp;amp;amp;amp;trk=nav_responsive_tab_home\",\"https:\\\/\\\/www.youtube.com\\\/channel\\\/UCxL0wu1uN0_3_7hGG0306cw\"]},{\"@type\":\"Person\",\"@id\":\"https:\\\/\\\/www.bellunopress.it\\\/#\\\/schema\\\/person\\\/79bb06722b37ece1c03d3e94beb30d73\",\"name\":\"redazione\",\"image\":{\"@type\":\"ImageObject\",\"inLanguage\":\"fr-FR\",\"@id\":\"https:\\\/\\\/secure.gravatar.com\\\/avatar\\\/37d968a2e67a6fd04c169c4bdef102d0bc5d31b2546345219e348575eb80e9a0?s=96&d=mm&r=g\",\"url\":\"https:\\\/\\\/secure.gravatar.com\\\/avatar\\\/37d968a2e67a6fd04c169c4bdef102d0bc5d31b2546345219e348575eb80e9a0?s=96&d=mm&r=g\",\"contentUrl\":\"https:\\\/\\\/secure.gravatar.com\\\/avatar\\\/37d968a2e67a6fd04c169c4bdef102d0bc5d31b2546345219e348575eb80e9a0?s=96&d=mm&r=g\",\"caption\":\"redazione\"},\"sameAs\":[\"http:\\\/\\\/www.bellunopress.it\",\"https:\\\/\\\/x.com\\\/bellunopress\"],\"url\":\"https:\\\/\\\/www.bellunopress.it\\\/fr\\\/author\\\/redazione\\\/\"}]}<\/script>\n<!-- \/ Yoast SEO plugin. -->","yoast_head_json":{"title":"In 2500 al palazzetto di Bassano per il convegno \u201cPretendiamo verit\u00e0 e giustizia\u201d - Bellunopress - Dolomiti","robots":{"index":"index","follow":"follow","max-snippet":"max-snippet:-1","max-image-preview":"max-image-preview:large","max-video-preview":"max-video-preview:-1"},"canonical":"https:\/\/www.bellunopress.it\/fr\/2024\/03\/10\/in-2500-al-palazzetto-di-bassano-per-il-convegno-pretendiamo-verita-e-giustizia\/","og_locale":"fr_FR","og_type":"article","og_title":"In 2500 al palazzetto di Bassano per il convegno \u201cPretendiamo verit\u00e0 e giustizia\u201d - Bellunopress - Dolomiti","og_description":"Bassano del Grappa, 9 marzo 2024 &#8211; Palazzetto Cmp Arena di Bassano del Grappa al completo con 2500 presenze oggi pomeriggio per il convegno \u201cPretendiamo verit\u00e0 a giustizia\u201d promosso dall\u2019europarlamentare Sergio Berlato. Quattro ore dense di contenuti con relatori qualificati che hanno spiegato come tutto sia potuto succedere. Sotto la lente la pandemia covid, sotto [&hellip;]","og_url":"https:\/\/www.bellunopress.it\/fr\/2024\/03\/10\/in-2500-al-palazzetto-di-bassano-per-il-convegno-pretendiamo-verita-e-giustizia\/","og_site_name":"Bellunopress - Dolomiti","article_publisher":"https:\/\/www.facebook.com\/profile.php?id=100008943462799","article_published_time":"2024-03-09T23:25:55+00:00","article_modified_time":"2024-03-12T09:38:25+00:00","og_image":[{"width":1000,"height":750,"url":"https:\/\/www.bellunopress.it\/wp-content\/uploads\/2024\/03\/convegno-verita-e-giustizioa-bassano_edited.jpg","type":"image\/jpeg"}],"author":"redazione","twitter_card":"summary_large_image","twitter_creator":"@bellunopress","twitter_site":"@bellunopress","twitter_misc":{"Written by":"redazione","Est. reading time":"8 minutes"},"schema":{"@context":"https:\/\/schema.org","@graph":[{"@type":"Article","@id":"https:\/\/www.bellunopress.it\/2024\/03\/10\/in-2500-al-palazzetto-di-bassano-per-il-convegno-pretendiamo-verita-e-giustizia\/#article","isPartOf":{"@id":"https:\/\/www.bellunopress.it\/2024\/03\/10\/in-2500-al-palazzetto-di-bassano-per-il-convegno-pretendiamo-verita-e-giustizia\/"},"author":{"name":"redazione","@id":"https:\/\/www.bellunopress.it\/#\/schema\/person\/79bb06722b37ece1c03d3e94beb30d73"},"headline":"In 2500 al palazzetto di Bassano per il convegno \u201cPretendiamo verit\u00e0 e giustizia\u201d","datePublished":"2024-03-09T23:25:55+00:00","dateModified":"2024-03-12T09:38:25+00:00","mainEntityOfPage":{"@id":"https:\/\/www.bellunopress.it\/2024\/03\/10\/in-2500-al-palazzetto-di-bassano-per-il-convegno-pretendiamo-verita-e-giustizia\/"},"wordCount":1547,"publisher":{"@id":"https:\/\/www.bellunopress.it\/#organization"},"image":{"@id":"https:\/\/www.bellunopress.it\/2024\/03\/10\/in-2500-al-palazzetto-di-bassano-per-il-convegno-pretendiamo-verita-e-giustizia\/#primaryimage"},"thumbnailUrl":"https:\/\/www.bellunopress.it\/wp-content\/uploads\/2024\/03\/convegno-verita-e-giustizioa-bassano_edited.jpg","keywords":["Antonio Porto","Dario Giacomini","Elena Alberton","Fabio Duranti","Federica Angelini","Francesca Donato","Giovanni Frajese","Laura Masiero","Leonardo Guerra","Mario Giordano","Massimo Citro","Paolo Bellavite","Sergio Berlato","Silvana De Mari"],"articleSection":["Arte, Cultura, Spettacoli, Scienza","Featured","Gli speciali di Bellunopress","Prima Pagina","Sport, tempo libero"],"inLanguage":"fr-FR"},{"@type":"WebPage","@id":"https:\/\/www.bellunopress.it\/2024\/03\/10\/in-2500-al-palazzetto-di-bassano-per-il-convegno-pretendiamo-verita-e-giustizia\/","url":"https:\/\/www.bellunopress.it\/2024\/03\/10\/in-2500-al-palazzetto-di-bassano-per-il-convegno-pretendiamo-verita-e-giustizia\/","name":"In 2500 al palazzetto di Bassano per il convegno \u201cPretendiamo verit\u00e0 e giustizia\u201d - Bellunopress - Dolomiti","isPartOf":{"@id":"https:\/\/www.bellunopress.it\/#website"},"primaryImageOfPage":{"@id":"https:\/\/www.bellunopress.it\/2024\/03\/10\/in-2500-al-palazzetto-di-bassano-per-il-convegno-pretendiamo-verita-e-giustizia\/#primaryimage"},"image":{"@id":"https:\/\/www.bellunopress.it\/2024\/03\/10\/in-2500-al-palazzetto-di-bassano-per-il-convegno-pretendiamo-verita-e-giustizia\/#primaryimage"},"thumbnailUrl":"https:\/\/www.bellunopress.it\/wp-content\/uploads\/2024\/03\/convegno-verita-e-giustizioa-bassano_edited.jpg","datePublished":"2024-03-09T23:25:55+00:00","dateModified":"2024-03-12T09:38:25+00:00","breadcrumb":{"@id":"https:\/\/www.bellunopress.it\/2024\/03\/10\/in-2500-al-palazzetto-di-bassano-per-il-convegno-pretendiamo-verita-e-giustizia\/#breadcrumb"},"inLanguage":"fr-FR","potentialAction":[{"@type":"ReadAction","target":["https:\/\/www.bellunopress.it\/2024\/03\/10\/in-2500-al-palazzetto-di-bassano-per-il-convegno-pretendiamo-verita-e-giustizia\/"]}]},{"@type":"ImageObject","inLanguage":"fr-FR","@id":"https:\/\/www.bellunopress.it\/2024\/03\/10\/in-2500-al-palazzetto-di-bassano-per-il-convegno-pretendiamo-verita-e-giustizia\/#primaryimage","url":"https:\/\/www.bellunopress.it\/wp-content\/uploads\/2024\/03\/convegno-verita-e-giustizioa-bassano_edited.jpg","contentUrl":"https:\/\/www.bellunopress.it\/wp-content\/uploads\/2024\/03\/convegno-verita-e-giustizioa-bassano_edited.jpg","width":1000,"height":750},{"@type":"BreadcrumbList","@id":"https:\/\/www.bellunopress.it\/2024\/03\/10\/in-2500-al-palazzetto-di-bassano-per-il-convegno-pretendiamo-verita-e-giustizia\/#breadcrumb","itemListElement":[{"@type":"ListItem","position":1,"name":"Home","item":"https:\/\/www.bellunopress.it\/"},{"@type":"ListItem","position":2,"name":"In 2500 al palazzetto di Bassano per il convegno \u201cPretendiamo verit\u00e0 e giustizia\u201d"}]},{"@type":"WebSite","@id":"https:\/\/www.bellunopress.it\/#website","url":"https:\/\/www.bellunopress.it\/","name":"Bellunopress - Dolomiti","description":"e-mail: redazione@bellunopress.it","publisher":{"@id":"https:\/\/www.bellunopress.it\/#organization"},"potentialAction":[{"@type":"SearchAction","target":{"@type":"EntryPoint","urlTemplate":"https:\/\/www.bellunopress.it\/?s={search_term_string}"},"query-input":{"@type":"PropertyValueSpecification","valueRequired":true,"valueName":"search_term_string"}}],"inLanguage":"fr-FR"},{"@type":"Organization","@id":"https:\/\/www.bellunopress.it\/#organization","name":"Bellunopress","url":"https:\/\/www.bellunopress.it\/","logo":{"@type":"ImageObject","inLanguage":"fr-FR","@id":"https:\/\/www.bellunopress.it\/#\/schema\/logo\/image\/","url":"https:\/\/www.bellunopress.it\/wp-content\/uploads\/2011\/05\/cropped-logo-bellunopress-.jpg","contentUrl":"https:\/\/www.bellunopress.it\/wp-content\/uploads\/2011\/05\/cropped-logo-bellunopress-.jpg","width":512,"height":512,"caption":"Bellunopress"},"image":{"@id":"https:\/\/www.bellunopress.it\/#\/schema\/logo\/image\/"},"sameAs":["https:\/\/www.facebook.com\/profile.php?id=100008943462799","https:\/\/x.com\/bellunopress","https:\/\/www.linkedin.com\/hp\/?dnr=JBzUWaJfMUw8vbXJJ2tVW5-I3jZKvC4wsoxE&amp;amp;amp;amp;amp;amp;trk=nav_responsive_tab_home","https:\/\/www.youtube.com\/channel\/UCxL0wu1uN0_3_7hGG0306cw"]},{"@type":"Person","@id":"https:\/\/www.bellunopress.it\/#\/schema\/person\/79bb06722b37ece1c03d3e94beb30d73","name":"r\u00e9daction","image":{"@type":"ImageObject","inLanguage":"fr-FR","@id":"https:\/\/secure.gravatar.com\/avatar\/37d968a2e67a6fd04c169c4bdef102d0bc5d31b2546345219e348575eb80e9a0?s=96&d=mm&r=g","url":"https:\/\/secure.gravatar.com\/avatar\/37d968a2e67a6fd04c169c4bdef102d0bc5d31b2546345219e348575eb80e9a0?s=96&d=mm&r=g","contentUrl":"https:\/\/secure.gravatar.com\/avatar\/37d968a2e67a6fd04c169c4bdef102d0bc5d31b2546345219e348575eb80e9a0?s=96&d=mm&r=g","caption":"redazione"},"sameAs":["http:\/\/www.bellunopress.it","https:\/\/x.com\/bellunopress"],"url":"https:\/\/www.bellunopress.it\/fr\/author\/redazione\/"}]}},"_links":{"self":[{"href":"https:\/\/www.bellunopress.it\/fr\/wp-json\/wp\/v2\/posts\/149004","targetHints":{"allow":["GET"]}}],"collection":[{"href":"https:\/\/www.bellunopress.it\/fr\/wp-json\/wp\/v2\/posts"}],"about":[{"href":"https:\/\/www.bellunopress.it\/fr\/wp-json\/wp\/v2\/types\/post"}],"author":[{"embeddable":true,"href":"https:\/\/www.bellunopress.it\/fr\/wp-json\/wp\/v2\/users\/2"}],"replies":[{"embeddable":true,"href":"https:\/\/www.bellunopress.it\/fr\/wp-json\/wp\/v2\/comments?post=149004"}],"version-history":[{"count":6,"href":"https:\/\/www.bellunopress.it\/fr\/wp-json\/wp\/v2\/posts\/149004\/revisions"}],"predecessor-version":[{"id":149072,"href":"https:\/\/www.bellunopress.it\/fr\/wp-json\/wp\/v2\/posts\/149004\/revisions\/149072"}],"wp:featuredmedia":[{"embeddable":true,"href":"https:\/\/www.bellunopress.it\/fr\/wp-json\/wp\/v2\/media\/149005"}],"wp:attachment":[{"href":"https:\/\/www.bellunopress.it\/fr\/wp-json\/wp\/v2\/media?parent=149004"}],"wp:term":[{"taxonomy":"category","embeddable":true,"href":"https:\/\/www.bellunopress.it\/fr\/wp-json\/wp\/v2\/categories?post=149004"},{"taxonomy":"post_tag","embeddable":true,"href":"https:\/\/www.bellunopress.it\/fr\/wp-json\/wp\/v2\/tags?post=149004"}],"curies":[{"name":"wp","href":"https:\/\/api.w.org\/{rel}","templated":true}]}}