{"id":149000,"date":"2024-03-09T21:41:39","date_gmt":"2024-03-09T20:41:39","guid":{"rendered":"https:\/\/www.bellunopress.it\/?p=149000"},"modified":"2024-03-09T21:41:39","modified_gmt":"2024-03-09T20:41:39","slug":"un-centinaio-in-nevegal-al-vertical-coca-ski-alp-night-cup","status":"publish","type":"post","link":"https:\/\/www.bellunopress.it\/fr\/2024\/03\/09\/un-centinaio-in-nevegal-al-vertical-coca-ski-alp-night-cup\/","title":{"rendered":"Un centinaio in Nevegal al Vertical Coca Ski Alp Night Cup"},"content":{"rendered":"<p><img loading=\"lazy\" decoding=\"async\" class=\"alignleft size-full wp-image-148962\" src=\"https:\/\/www.bellunopress.it\/wp-content\/uploads\/2024\/03\/Vertical-Coca_edited.jpg\" alt=\"\" width=\"1000\" height=\"667\" srcset=\"https:\/\/www.bellunopress.it\/wp-content\/uploads\/2024\/03\/Vertical-Coca_edited.jpg 1000w, https:\/\/www.bellunopress.it\/wp-content\/uploads\/2024\/03\/Vertical-Coca_edited-500x334.jpg 500w, https:\/\/www.bellunopress.it\/wp-content\/uploads\/2024\/03\/Vertical-Coca_edited-696x464.jpg 696w\" sizes=\"auto, (max-width: 1000px) 100vw, 1000px\" \/>Nonostante le abbondanti piogge degli scorsi giorni e la neve resa pesante dalle poco rigide temperature, che ha costretto alla chiusura anticipata della stagione invernale in Nevegal, il Vertical Coca Ski Alp Night Cup \u00e8 stato un successo.<\/p>\n<p>A confermarlo quasi un centinaio di appassionati delle pelli di foca che non hanno perso l&#8217;occasione di salire la pista Coca tutta d&#8217;un fiato. Atleti, habitu\u00e9 delle competizioni in salita, amatori, ma anche escursionisti che hanno approfittato dell&#8217;ormai consolidata organizzazione firmata &#8220;Nevegallika&#8221; per salire un&#8217;ultima volta la pista amata dai bellunesi.<\/p>\n<p>Non un tramonto mozzafiato come scenario per ammirare dall&#8217;alto la Valbelluna. Bens\u00ec una fitta nebbia che a banchi ha accompagnato i partecipanti lungo tutti i 2,3 chilometri, per un totale di quasi 600 metri di dislivello positivo.<\/p>\n<p>\u00abNon possiamo sempre sperare nel tempo atmosferico perfetto\u00bb, commenta Gianpaolo Garaboni del Nevegallika, l&#8217;associazione di casa che ogni anno si impegna a regalare soddisfazioni sportive in campi diversi, spaziando dalla corsa in montagna, al duathlon per arrivare infine allo scialpinismo. \u00abSiamo gi\u00e0 stati fortunati nel crederci fino ad oggi. Infatti la neve era veramente pesante. Ma nonostante tutto \u00e8 stato un nuovo Vertical Coca di emozioni. In primis grazie a chi ci ha creduto e vi ha partecipato, poi un grande abbraccio a tutte quelle persone e realt\u00e0 che hanno permesso di organizzarla, aiutandoci fino all&#8217;ultimo secondo, quando spegni il microfono e sgonfi l&#8217;arco dell&#8217;arrivo.\u00bb<\/p>\n<p>A firmare il Vertical Coca Ski Alp Night Cup 2024 \u00e8 stato Manuel Da Col (Sci Club Cibiana) che ha completato la salita in 22 minuti e 15 secondi. Al seguito Davide Nardei (Bike Club 2000) con un ritardo di 30 secondi e sul gradino pi\u00f9 basso del podio Matteo Costa (24&#8217;27&#8221;). Per quanto inerente la quota rosa \u00e8 stata Cecilia De Filippo (Dolomiti Ski Alpi) la pi\u00f9 veloce con il tempo di 26 minuti e 34 secondi, seguita da Heidi Dapunt (29&#8217;29&#8221;) e Monica Todesco (30&#8217;52&#8221;).<\/p>\n<p>Le classifiche sono disponibili online al link <a href=\"https:\/\/www.dtiming.it\/results\/vertical-coca-2024\">https:\/\/www.dtiming.it\/results\/vertical-coca-2024<\/a>.<\/p>","protected":false},"excerpt":{"rendered":"<p>Nonostante le abbondanti piogge degli scorsi giorni e la neve resa pesante dalle poco rigide temperature, che ha costretto alla chiusura anticipata della stagione invernale in Nevegal, il Vertical Coca Ski Alp Night Cup \u00e8 stato un successo. A confermarlo quasi un centinaio di appassionati delle pelli di foca che non hanno perso l&#8217;occasione di [&hellip;]<\/p>\n","protected":false},"author":2,"featured_media":148962,"comment_status":"closed","ping_status":"open","sticky":false,"template":"","format":"standard","meta":{"footnotes":""},"categories":[4],"tags":[],"class_list":["post-149000","post","type-post","status-publish","format-standard","has-post-thumbnail","category-sport"],"yoast_head":"<!-- This site is optimized with the Yoast SEO plugin v28.4 - https:\/\/yoast.com\/product\/yoast-seo-wordpress\/ -->\n<title>Un centinaio in Nevegal al Vertical Coca Ski Alp Night Cup - Bellunopress - Dolomiti<\/title>\n<meta name=\"robots\" content=\"index, follow, max-snippet:-1, max-image-preview:large, max-video-preview:-1\" \/>\n<link rel=\"canonical\" href=\"https:\/\/www.bellunopress.it\/fr\/2024\/03\/09\/un-centinaio-in-nevegal-al-vertical-coca-ski-alp-night-cup\/\" \/>\n<meta property=\"og:locale\" content=\"fr_FR\" \/>\n<meta property=\"og:type\" content=\"article\" \/>\n<meta property=\"og:title\" content=\"Un centinaio in Nevegal al Vertical Coca Ski Alp Night Cup - Bellunopress - Dolomiti\" \/>\n<meta property=\"og:description\" content=\"Nonostante le abbondanti piogge degli scorsi giorni e la neve resa pesante dalle poco rigide temperature, che ha costretto alla chiusura anticipata della stagione invernale in Nevegal, il Vertical Coca Ski Alp Night Cup \u00e8 stato un successo. A confermarlo quasi un centinaio di appassionati delle pelli di foca che non hanno perso l&#8217;occasione di [&hellip;]\" \/>\n<meta property=\"og:url\" content=\"https:\/\/www.bellunopress.it\/fr\/2024\/03\/09\/un-centinaio-in-nevegal-al-vertical-coca-ski-alp-night-cup\/\" \/>\n<meta property=\"og:site_name\" content=\"Bellunopress - Dolomiti\" \/>\n<meta property=\"article:publisher\" content=\"https:\/\/www.facebook.com\/profile.php?id=100008943462799\" \/>\n<meta property=\"article:published_time\" content=\"2024-03-09T20:41:39+00:00\" \/>\n<meta property=\"og:image\" content=\"https:\/\/www.bellunopress.it\/wp-content\/uploads\/2024\/03\/Vertical-Coca_edited.jpg\" \/>\n\t<meta property=\"og:image:width\" content=\"1000\" \/>\n\t<meta property=\"og:image:height\" content=\"667\" \/>\n\t<meta property=\"og:image:type\" content=\"image\/jpeg\" \/>\n<meta name=\"author\" content=\"redazione\" \/>\n<meta name=\"twitter:card\" content=\"summary_large_image\" \/>\n<meta name=\"twitter:creator\" content=\"@bellunopress\" \/>\n<meta name=\"twitter:site\" content=\"@bellunopress\" \/>\n<meta name=\"twitter:label1\" content=\"Written by\" \/>\n\t<meta name=\"twitter:data1\" content=\"redazione\" \/>\n\t<meta name=\"twitter:label2\" content=\"Est. reading time\" \/>\n\t<meta name=\"twitter:data2\" content=\"2 minutes\" \/>\n<script type=\"application\/ld+json\" class=\"yoast-schema-graph\">{\"@context\":\"https:\\\/\\\/schema.org\",\"@graph\":[{\"@type\":\"Article\",\"@id\":\"https:\\\/\\\/www.bellunopress.it\\\/2024\\\/03\\\/09\\\/un-centinaio-in-nevegal-al-vertical-coca-ski-alp-night-cup\\\/#article\",\"isPartOf\":{\"@id\":\"https:\\\/\\\/www.bellunopress.it\\\/2024\\\/03\\\/09\\\/un-centinaio-in-nevegal-al-vertical-coca-ski-alp-night-cup\\\/\"},\"author\":{\"name\":\"redazione\",\"@id\":\"https:\\\/\\\/www.bellunopress.it\\\/#\\\/schema\\\/person\\\/79bb06722b37ece1c03d3e94beb30d73\"},\"headline\":\"Un centinaio in Nevegal al Vertical Coca Ski Alp Night Cup\",\"datePublished\":\"2024-03-09T20:41:39+00:00\",\"mainEntityOfPage\":{\"@id\":\"https:\\\/\\\/www.bellunopress.it\\\/2024\\\/03\\\/09\\\/un-centinaio-in-nevegal-al-vertical-coca-ski-alp-night-cup\\\/\"},\"wordCount\":335,\"publisher\":{\"@id\":\"https:\\\/\\\/www.bellunopress.it\\\/#organization\"},\"image\":{\"@id\":\"https:\\\/\\\/www.bellunopress.it\\\/2024\\\/03\\\/09\\\/un-centinaio-in-nevegal-al-vertical-coca-ski-alp-night-cup\\\/#primaryimage\"},\"thumbnailUrl\":\"https:\\\/\\\/www.bellunopress.it\\\/wp-content\\\/uploads\\\/2024\\\/03\\\/Vertical-Coca_edited.jpg\",\"articleSection\":[\"Sport, tempo libero\"],\"inLanguage\":\"fr-FR\"},{\"@type\":\"WebPage\",\"@id\":\"https:\\\/\\\/www.bellunopress.it\\\/2024\\\/03\\\/09\\\/un-centinaio-in-nevegal-al-vertical-coca-ski-alp-night-cup\\\/\",\"url\":\"https:\\\/\\\/www.bellunopress.it\\\/2024\\\/03\\\/09\\\/un-centinaio-in-nevegal-al-vertical-coca-ski-alp-night-cup\\\/\",\"name\":\"Un centinaio in Nevegal al Vertical Coca Ski Alp Night Cup - Bellunopress - Dolomiti\",\"isPartOf\":{\"@id\":\"https:\\\/\\\/www.bellunopress.it\\\/#website\"},\"primaryImageOfPage\":{\"@id\":\"https:\\\/\\\/www.bellunopress.it\\\/2024\\\/03\\\/09\\\/un-centinaio-in-nevegal-al-vertical-coca-ski-alp-night-cup\\\/#primaryimage\"},\"image\":{\"@id\":\"https:\\\/\\\/www.bellunopress.it\\\/2024\\\/03\\\/09\\\/un-centinaio-in-nevegal-al-vertical-coca-ski-alp-night-cup\\\/#primaryimage\"},\"thumbnailUrl\":\"https:\\\/\\\/www.bellunopress.it\\\/wp-content\\\/uploads\\\/2024\\\/03\\\/Vertical-Coca_edited.jpg\",\"datePublished\":\"2024-03-09T20:41:39+00:00\",\"breadcrumb\":{\"@id\":\"https:\\\/\\\/www.bellunopress.it\\\/2024\\\/03\\\/09\\\/un-centinaio-in-nevegal-al-vertical-coca-ski-alp-night-cup\\\/#breadcrumb\"},\"inLanguage\":\"fr-FR\",\"potentialAction\":[{\"@type\":\"ReadAction\",\"target\":[\"https:\\\/\\\/www.bellunopress.it\\\/2024\\\/03\\\/09\\\/un-centinaio-in-nevegal-al-vertical-coca-ski-alp-night-cup\\\/\"]}]},{\"@type\":\"ImageObject\",\"inLanguage\":\"fr-FR\",\"@id\":\"https:\\\/\\\/www.bellunopress.it\\\/2024\\\/03\\\/09\\\/un-centinaio-in-nevegal-al-vertical-coca-ski-alp-night-cup\\\/#primaryimage\",\"url\":\"https:\\\/\\\/www.bellunopress.it\\\/wp-content\\\/uploads\\\/2024\\\/03\\\/Vertical-Coca_edited.jpg\",\"contentUrl\":\"https:\\\/\\\/www.bellunopress.it\\\/wp-content\\\/uploads\\\/2024\\\/03\\\/Vertical-Coca_edited.jpg\",\"width\":1000,\"height\":667},{\"@type\":\"BreadcrumbList\",\"@id\":\"https:\\\/\\\/www.bellunopress.it\\\/2024\\\/03\\\/09\\\/un-centinaio-in-nevegal-al-vertical-coca-ski-alp-night-cup\\\/#breadcrumb\",\"itemListElement\":[{\"@type\":\"ListItem\",\"position\":1,\"name\":\"Home\",\"item\":\"https:\\\/\\\/www.bellunopress.it\\\/\"},{\"@type\":\"ListItem\",\"position\":2,\"name\":\"Un centinaio in Nevegal al Vertical Coca Ski Alp Night Cup\"}]},{\"@type\":\"WebSite\",\"@id\":\"https:\\\/\\\/www.bellunopress.it\\\/#website\",\"url\":\"https:\\\/\\\/www.bellunopress.it\\\/\",\"name\":\"Bellunopress - Dolomiti\",\"description\":\"e-mail: redazione@bellunopress.it\",\"publisher\":{\"@id\":\"https:\\\/\\\/www.bellunopress.it\\\/#organization\"},\"potentialAction\":[{\"@type\":\"SearchAction\",\"target\":{\"@type\":\"EntryPoint\",\"urlTemplate\":\"https:\\\/\\\/www.bellunopress.it\\\/?s={search_term_string}\"},\"query-input\":{\"@type\":\"PropertyValueSpecification\",\"valueRequired\":true,\"valueName\":\"search_term_string\"}}],\"inLanguage\":\"fr-FR\"},{\"@type\":\"Organization\",\"@id\":\"https:\\\/\\\/www.bellunopress.it\\\/#organization\",\"name\":\"Bellunopress\",\"url\":\"https:\\\/\\\/www.bellunopress.it\\\/\",\"logo\":{\"@type\":\"ImageObject\",\"inLanguage\":\"fr-FR\",\"@id\":\"https:\\\/\\\/www.bellunopress.it\\\/#\\\/schema\\\/logo\\\/image\\\/\",\"url\":\"https:\\\/\\\/www.bellunopress.it\\\/wp-content\\\/uploads\\\/2011\\\/05\\\/cropped-logo-bellunopress-.jpg\",\"contentUrl\":\"https:\\\/\\\/www.bellunopress.it\\\/wp-content\\\/uploads\\\/2011\\\/05\\\/cropped-logo-bellunopress-.jpg\",\"width\":512,\"height\":512,\"caption\":\"Bellunopress\"},\"image\":{\"@id\":\"https:\\\/\\\/www.bellunopress.it\\\/#\\\/schema\\\/logo\\\/image\\\/\"},\"sameAs\":[\"https:\\\/\\\/www.facebook.com\\\/profile.php?id=100008943462799\",\"https:\\\/\\\/x.com\\\/bellunopress\",\"https:\\\/\\\/www.linkedin.com\\\/hp\\\/?dnr=JBzUWaJfMUw8vbXJJ2tVW5-I3jZKvC4wsoxE&amp;amp;amp;amp;amp;amp;trk=nav_responsive_tab_home\",\"https:\\\/\\\/www.youtube.com\\\/channel\\\/UCxL0wu1uN0_3_7hGG0306cw\"]},{\"@type\":\"Person\",\"@id\":\"https:\\\/\\\/www.bellunopress.it\\\/#\\\/schema\\\/person\\\/79bb06722b37ece1c03d3e94beb30d73\",\"name\":\"redazione\",\"image\":{\"@type\":\"ImageObject\",\"inLanguage\":\"fr-FR\",\"@id\":\"https:\\\/\\\/secure.gravatar.com\\\/avatar\\\/37d968a2e67a6fd04c169c4bdef102d0bc5d31b2546345219e348575eb80e9a0?s=96&d=mm&r=g\",\"url\":\"https:\\\/\\\/secure.gravatar.com\\\/avatar\\\/37d968a2e67a6fd04c169c4bdef102d0bc5d31b2546345219e348575eb80e9a0?s=96&d=mm&r=g\",\"contentUrl\":\"https:\\\/\\\/secure.gravatar.com\\\/avatar\\\/37d968a2e67a6fd04c169c4bdef102d0bc5d31b2546345219e348575eb80e9a0?s=96&d=mm&r=g\",\"caption\":\"redazione\"},\"sameAs\":[\"http:\\\/\\\/www.bellunopress.it\",\"https:\\\/\\\/x.com\\\/bellunopress\"],\"url\":\"https:\\\/\\\/www.bellunopress.it\\\/fr\\\/author\\\/redazione\\\/\"}]}<\/script>\n<!-- \/ Yoast SEO plugin. -->","yoast_head_json":{"title":"Un centinaio in Nevegal al Vertical Coca Ski Alp Night Cup - Bellunopress - Dolomiti","robots":{"index":"index","follow":"follow","max-snippet":"max-snippet:-1","max-image-preview":"max-image-preview:large","max-video-preview":"max-video-preview:-1"},"canonical":"https:\/\/www.bellunopress.it\/fr\/2024\/03\/09\/un-centinaio-in-nevegal-al-vertical-coca-ski-alp-night-cup\/","og_locale":"fr_FR","og_type":"article","og_title":"Un centinaio in Nevegal al Vertical Coca Ski Alp Night Cup - Bellunopress - Dolomiti","og_description":"Nonostante le abbondanti piogge degli scorsi giorni e la neve resa pesante dalle poco rigide temperature, che ha costretto alla chiusura anticipata della stagione invernale in Nevegal, il Vertical Coca Ski Alp Night Cup \u00e8 stato un successo. A confermarlo quasi un centinaio di appassionati delle pelli di foca che non hanno perso l&#8217;occasione di [&hellip;]","og_url":"https:\/\/www.bellunopress.it\/fr\/2024\/03\/09\/un-centinaio-in-nevegal-al-vertical-coca-ski-alp-night-cup\/","og_site_name":"Bellunopress - Dolomiti","article_publisher":"https:\/\/www.facebook.com\/profile.php?id=100008943462799","article_published_time":"2024-03-09T20:41:39+00:00","og_image":[{"width":1000,"height":667,"url":"https:\/\/www.bellunopress.it\/wp-content\/uploads\/2024\/03\/Vertical-Coca_edited.jpg","type":"image\/jpeg"}],"author":"redazione","twitter_card":"summary_large_image","twitter_creator":"@bellunopress","twitter_site":"@bellunopress","twitter_misc":{"Written by":"redazione","Est. reading time":"2 minutes"},"schema":{"@context":"https:\/\/schema.org","@graph":[{"@type":"Article","@id":"https:\/\/www.bellunopress.it\/2024\/03\/09\/un-centinaio-in-nevegal-al-vertical-coca-ski-alp-night-cup\/#article","isPartOf":{"@id":"https:\/\/www.bellunopress.it\/2024\/03\/09\/un-centinaio-in-nevegal-al-vertical-coca-ski-alp-night-cup\/"},"author":{"name":"redazione","@id":"https:\/\/www.bellunopress.it\/#\/schema\/person\/79bb06722b37ece1c03d3e94beb30d73"},"headline":"Un centinaio in Nevegal al Vertical Coca Ski Alp Night Cup","datePublished":"2024-03-09T20:41:39+00:00","mainEntityOfPage":{"@id":"https:\/\/www.bellunopress.it\/2024\/03\/09\/un-centinaio-in-nevegal-al-vertical-coca-ski-alp-night-cup\/"},"wordCount":335,"publisher":{"@id":"https:\/\/www.bellunopress.it\/#organization"},"image":{"@id":"https:\/\/www.bellunopress.it\/2024\/03\/09\/un-centinaio-in-nevegal-al-vertical-coca-ski-alp-night-cup\/#primaryimage"},"thumbnailUrl":"https:\/\/www.bellunopress.it\/wp-content\/uploads\/2024\/03\/Vertical-Coca_edited.jpg","articleSection":["Sport, tempo libero"],"inLanguage":"fr-FR"},{"@type":"WebPage","@id":"https:\/\/www.bellunopress.it\/2024\/03\/09\/un-centinaio-in-nevegal-al-vertical-coca-ski-alp-night-cup\/","url":"https:\/\/www.bellunopress.it\/2024\/03\/09\/un-centinaio-in-nevegal-al-vertical-coca-ski-alp-night-cup\/","name":"Un centinaio in Nevegal al Vertical Coca Ski Alp Night Cup - Bellunopress - Dolomiti","isPartOf":{"@id":"https:\/\/www.bellunopress.it\/#website"},"primaryImageOfPage":{"@id":"https:\/\/www.bellunopress.it\/2024\/03\/09\/un-centinaio-in-nevegal-al-vertical-coca-ski-alp-night-cup\/#primaryimage"},"image":{"@id":"https:\/\/www.bellunopress.it\/2024\/03\/09\/un-centinaio-in-nevegal-al-vertical-coca-ski-alp-night-cup\/#primaryimage"},"thumbnailUrl":"https:\/\/www.bellunopress.it\/wp-content\/uploads\/2024\/03\/Vertical-Coca_edited.jpg","datePublished":"2024-03-09T20:41:39+00:00","breadcrumb":{"@id":"https:\/\/www.bellunopress.it\/2024\/03\/09\/un-centinaio-in-nevegal-al-vertical-coca-ski-alp-night-cup\/#breadcrumb"},"inLanguage":"fr-FR","potentialAction":[{"@type":"ReadAction","target":["https:\/\/www.bellunopress.it\/2024\/03\/09\/un-centinaio-in-nevegal-al-vertical-coca-ski-alp-night-cup\/"]}]},{"@type":"ImageObject","inLanguage":"fr-FR","@id":"https:\/\/www.bellunopress.it\/2024\/03\/09\/un-centinaio-in-nevegal-al-vertical-coca-ski-alp-night-cup\/#primaryimage","url":"https:\/\/www.bellunopress.it\/wp-content\/uploads\/2024\/03\/Vertical-Coca_edited.jpg","contentUrl":"https:\/\/www.bellunopress.it\/wp-content\/uploads\/2024\/03\/Vertical-Coca_edited.jpg","width":1000,"height":667},{"@type":"BreadcrumbList","@id":"https:\/\/www.bellunopress.it\/2024\/03\/09\/un-centinaio-in-nevegal-al-vertical-coca-ski-alp-night-cup\/#breadcrumb","itemListElement":[{"@type":"ListItem","position":1,"name":"Home","item":"https:\/\/www.bellunopress.it\/"},{"@type":"ListItem","position":2,"name":"Un centinaio in Nevegal al Vertical Coca Ski Alp Night Cup"}]},{"@type":"WebSite","@id":"https:\/\/www.bellunopress.it\/#website","url":"https:\/\/www.bellunopress.it\/","name":"Bellunopress - Dolomiti","description":"e-mail: redazione@bellunopress.it","publisher":{"@id":"https:\/\/www.bellunopress.it\/#organization"},"potentialAction":[{"@type":"SearchAction","target":{"@type":"EntryPoint","urlTemplate":"https:\/\/www.bellunopress.it\/?s={search_term_string}"},"query-input":{"@type":"PropertyValueSpecification","valueRequired":true,"valueName":"search_term_string"}}],"inLanguage":"fr-FR"},{"@type":"Organization","@id":"https:\/\/www.bellunopress.it\/#organization","name":"Bellunopress","url":"https:\/\/www.bellunopress.it\/","logo":{"@type":"ImageObject","inLanguage":"fr-FR","@id":"https:\/\/www.bellunopress.it\/#\/schema\/logo\/image\/","url":"https:\/\/www.bellunopress.it\/wp-content\/uploads\/2011\/05\/cropped-logo-bellunopress-.jpg","contentUrl":"https:\/\/www.bellunopress.it\/wp-content\/uploads\/2011\/05\/cropped-logo-bellunopress-.jpg","width":512,"height":512,"caption":"Bellunopress"},"image":{"@id":"https:\/\/www.bellunopress.it\/#\/schema\/logo\/image\/"},"sameAs":["https:\/\/www.facebook.com\/profile.php?id=100008943462799","https:\/\/x.com\/bellunopress","https:\/\/www.linkedin.com\/hp\/?dnr=JBzUWaJfMUw8vbXJJ2tVW5-I3jZKvC4wsoxE&amp;amp;amp;amp;amp;amp;trk=nav_responsive_tab_home","https:\/\/www.youtube.com\/channel\/UCxL0wu1uN0_3_7hGG0306cw"]},{"@type":"Person","@id":"https:\/\/www.bellunopress.it\/#\/schema\/person\/79bb06722b37ece1c03d3e94beb30d73","name":"r\u00e9daction","image":{"@type":"ImageObject","inLanguage":"fr-FR","@id":"https:\/\/secure.gravatar.com\/avatar\/37d968a2e67a6fd04c169c4bdef102d0bc5d31b2546345219e348575eb80e9a0?s=96&d=mm&r=g","url":"https:\/\/secure.gravatar.com\/avatar\/37d968a2e67a6fd04c169c4bdef102d0bc5d31b2546345219e348575eb80e9a0?s=96&d=mm&r=g","contentUrl":"https:\/\/secure.gravatar.com\/avatar\/37d968a2e67a6fd04c169c4bdef102d0bc5d31b2546345219e348575eb80e9a0?s=96&d=mm&r=g","caption":"redazione"},"sameAs":["http:\/\/www.bellunopress.it","https:\/\/x.com\/bellunopress"],"url":"https:\/\/www.bellunopress.it\/fr\/author\/redazione\/"}]}},"_links":{"self":[{"href":"https:\/\/www.bellunopress.it\/fr\/wp-json\/wp\/v2\/posts\/149000","targetHints":{"allow":["GET"]}}],"collection":[{"href":"https:\/\/www.bellunopress.it\/fr\/wp-json\/wp\/v2\/posts"}],"about":[{"href":"https:\/\/www.bellunopress.it\/fr\/wp-json\/wp\/v2\/types\/post"}],"author":[{"embeddable":true,"href":"https:\/\/www.bellunopress.it\/fr\/wp-json\/wp\/v2\/users\/2"}],"replies":[{"embeddable":true,"href":"https:\/\/www.bellunopress.it\/fr\/wp-json\/wp\/v2\/comments?post=149000"}],"version-history":[{"count":1,"href":"https:\/\/www.bellunopress.it\/fr\/wp-json\/wp\/v2\/posts\/149000\/revisions"}],"predecessor-version":[{"id":149001,"href":"https:\/\/www.bellunopress.it\/fr\/wp-json\/wp\/v2\/posts\/149000\/revisions\/149001"}],"wp:featuredmedia":[{"embeddable":true,"href":"https:\/\/www.bellunopress.it\/fr\/wp-json\/wp\/v2\/media\/148962"}],"wp:attachment":[{"href":"https:\/\/www.bellunopress.it\/fr\/wp-json\/wp\/v2\/media?parent=149000"}],"wp:term":[{"taxonomy":"category","embeddable":true,"href":"https:\/\/www.bellunopress.it\/fr\/wp-json\/wp\/v2\/categories?post=149000"},{"taxonomy":"post_tag","embeddable":true,"href":"https:\/\/www.bellunopress.it\/fr\/wp-json\/wp\/v2\/tags?post=149000"}],"curies":[{"name":"wp","href":"https:\/\/api.w.org\/{rel}","templated":true}]}}