{"id":148993,"date":"2024-03-09T07:55:36","date_gmt":"2024-03-09T06:55:36","guid":{"rendered":"https:\/\/www.bellunopress.it\/?p=148993"},"modified":"2024-03-09T07:56:39","modified_gmt":"2024-03-09T06:56:39","slug":"settimana-mondiale-del-glaucoma-10-16-marzo-2024","status":"publish","type":"post","link":"https:\/\/www.bellunopress.it\/fr\/2024\/03\/09\/settimana-mondiale-del-glaucoma-10-16-marzo-2024\/","title":{"rendered":"Settimana mondiale del glaucoma 10\/16 marzo 2024. Distribuzione opuscoli in piazza dei Martiri"},"content":{"rendered":"<p><img loading=\"lazy\" decoding=\"async\" class=\"alignleft size-full wp-image-139613\" src=\"https:\/\/www.bellunopress.it\/wp-content\/uploads\/2023\/02\/Unione-italiana-ciechi-e-ipovedenti_edited.jpg\" alt=\"\" width=\"1000\" height=\"647\" srcset=\"https:\/\/www.bellunopress.it\/wp-content\/uploads\/2023\/02\/Unione-italiana-ciechi-e-ipovedenti_edited.jpg 1000w, https:\/\/www.bellunopress.it\/wp-content\/uploads\/2023\/02\/Unione-italiana-ciechi-e-ipovedenti_edited-500x324.jpg 500w, https:\/\/www.bellunopress.it\/wp-content\/uploads\/2023\/02\/Unione-italiana-ciechi-e-ipovedenti_edited-696x450.jpg 696w, https:\/\/www.bellunopress.it\/wp-content\/uploads\/2023\/02\/Unione-italiana-ciechi-e-ipovedenti_edited-649x420.jpg 649w\" sizes=\"auto, (max-width: 1000px) 100vw, 1000px\" \/>Dal 10 al 16 marzo si celebra la \u201cSettimana mondiale del glaucoma\u201d, una patologia cronicodegenerativa che colpisce milioni di persone e nei confronti della quale la prevenzione e la diagnosi precoce sono strumenti fondamentali per evitare di scoprirla quando ha gi\u00e0 prodotto danni alla visione.<br \/>\nSecondo \u201cVista in Salute \u2013 Report 2019\/2022\u201d nel mondo le persone affette da glaucoma sono circa 76 milioni, circa 1 milione nel nostro Paese, di cui per\u00f2 pi\u00f9 o meno la met\u00e0 non \u00e8 consapevole di esserne affetta. Infatti, gran parte della popolazione non sa che cosa \u00e8 il glaucoma e del grave rischio di perdita della vista che ne consegue. E anche chi ha sentito parlare di questa patologia e la conosce pensa che i sintomi siano riconoscibili e permettano di accorgersene in tempo.<\/p>\n<p>Ma non \u00e8 cos\u00ec.<\/p>\n<p>L\u2019Unione Italiana dei Ciechi e degli Ipovedenti di Belluno presieduta da Luciana Dalle Molle aderisce anche quest\u2019anno alla campagna di prevenzione promossa dall\u2019Agenzia Internazionale Prevenzione della Cecit\u00e0 IAPB Italia Onlus e organizza nella giornata di marted\u00ec 12 marzo 2024 una mattinata di informazione e sensibilizzazione rivolta alla cittadinanza per approfondire la tematica su questa subdola patologia. Grazie ai soci della sezione UICI di Belluno coadiuvati dai volontari dell\u2019U.N.I.Vo.C. verranno distribuiti opuscoli informativi in Piazza dei Martiri a Belluno.<br \/>\nGli opuscoli rispondono in modo efficace alle domande che garantiscono una conoscenza di base del glaucoma: \u201cCos\u2019\u00e8?\u201d; \u201c\u00c8 una malattia rara?\u201d; \u201cQuali sono i sintomi?\u201d; \u201cSi pu\u00f2 curare?\u201d; \u201cCome posso sapere se ho il glaucoma?\u201d. Cos\u00ec scopriamo che il glaucoma \u00e8 una malattia degli occhi che danneggia il nervo ottico, spesso associato ad un aumento della pressione oculare ed \u00e8 la principale causa di cecit\u00e0 irreversibile nel mondo. D\u00e0 sintomi solo in fase avanzata, quando i danni causati non sono pi\u00f9 riparabili. La progressione della malattia, inoltre, \u00e8 cos\u00ec lenta che il paziente non si accorge di nulla per molto tempo. Per poterla curare \u00e8 necessario riconoscerla quando i sintomi non si sono ancora manifestati. Per sapere se si ha il glaucoma \u00e8 sufficiente rivolgersi a un medico oculista che con una visita specialistica pu\u00f2 diagnosticarlo in tempo.<br \/>\nPer approfondire le informazioni dell\u2019opuscolo basta inquadrare il QR-code col proprio telefonino e accedere cos\u00ec al sito www.settimanaglaucoma.it: fonte di informazione completa sulla patologia e sulle iniziative gratuite a disposizione della popolazione in tutt\u2019Italia.<\/p>","protected":false},"excerpt":{"rendered":"<p>Dal 10 al 16 marzo si celebra la \u201cSettimana mondiale del glaucoma\u201d, una patologia cronicodegenerativa che colpisce milioni di persone e nei confronti della quale la prevenzione e la diagnosi precoce sono strumenti fondamentali per evitare di scoprirla quando ha gi\u00e0 prodotto danni alla visione. Secondo \u201cVista in Salute \u2013 Report 2019\/2022\u201d nel mondo le [&hellip;]<\/p>\n","protected":false},"author":2,"featured_media":139613,"comment_status":"closed","ping_status":"open","sticky":false,"template":"","format":"standard","meta":{"footnotes":""},"categories":[25,8],"tags":[],"class_list":["post-148993","post","type-post","status-publish","format-standard","has-post-thumbnail","category-pausa-caffe","category-societa-istituzioni"],"yoast_head":"<!-- This site is optimized with the Yoast SEO plugin v28.4 - https:\/\/yoast.com\/product\/yoast-seo-wordpress\/ -->\n<title>Settimana mondiale del glaucoma 10\/16 marzo 2024. Distribuzione opuscoli in piazza dei Martiri - Bellunopress - Dolomiti<\/title>\n<meta name=\"robots\" content=\"index, follow, max-snippet:-1, max-image-preview:large, max-video-preview:-1\" \/>\n<link rel=\"canonical\" href=\"https:\/\/www.bellunopress.it\/fr\/2024\/03\/09\/settimana-mondiale-del-glaucoma-10-16-marzo-2024\/\" \/>\n<meta property=\"og:locale\" content=\"fr_FR\" \/>\n<meta property=\"og:type\" content=\"article\" \/>\n<meta property=\"og:title\" content=\"Settimana mondiale del glaucoma 10\/16 marzo 2024. Distribuzione opuscoli in piazza dei Martiri - Bellunopress - Dolomiti\" \/>\n<meta property=\"og:description\" content=\"Dal 10 al 16 marzo si celebra la \u201cSettimana mondiale del glaucoma\u201d, una patologia cronicodegenerativa che colpisce milioni di persone e nei confronti della quale la prevenzione e la diagnosi precoce sono strumenti fondamentali per evitare di scoprirla quando ha gi\u00e0 prodotto danni alla visione. Secondo \u201cVista in Salute \u2013 Report 2019\/2022\u201d nel mondo le [&hellip;]\" \/>\n<meta property=\"og:url\" content=\"https:\/\/www.bellunopress.it\/fr\/2024\/03\/09\/settimana-mondiale-del-glaucoma-10-16-marzo-2024\/\" \/>\n<meta property=\"og:site_name\" content=\"Bellunopress - Dolomiti\" \/>\n<meta property=\"article:publisher\" content=\"https:\/\/www.facebook.com\/profile.php?id=100008943462799\" \/>\n<meta property=\"article:published_time\" content=\"2024-03-09T06:55:36+00:00\" \/>\n<meta property=\"article:modified_time\" content=\"2024-03-09T06:56:39+00:00\" \/>\n<meta property=\"og:image\" content=\"https:\/\/www.bellunopress.it\/wp-content\/uploads\/2023\/02\/Unione-italiana-ciechi-e-ipovedenti_edited.jpg\" \/>\n\t<meta property=\"og:image:width\" content=\"1000\" \/>\n\t<meta property=\"og:image:height\" content=\"647\" \/>\n\t<meta property=\"og:image:type\" content=\"image\/jpeg\" \/>\n<meta name=\"author\" content=\"redazione\" \/>\n<meta name=\"twitter:card\" content=\"summary_large_image\" \/>\n<meta name=\"twitter:creator\" content=\"@bellunopress\" \/>\n<meta name=\"twitter:site\" content=\"@bellunopress\" \/>\n<meta name=\"twitter:label1\" content=\"\u00c9crit par\" \/>\n\t<meta name=\"twitter:data1\" content=\"redazione\" \/>\n\t<meta name=\"twitter:label2\" content=\"Dur\u00e9e de lecture estim\u00e9e\" \/>\n\t<meta name=\"twitter:data2\" content=\"2 minutes\" \/>\n<script type=\"application\/ld+json\" class=\"yoast-schema-graph\">{\"@context\":\"https:\\\/\\\/schema.org\",\"@graph\":[{\"@type\":\"Article\",\"@id\":\"https:\\\/\\\/www.bellunopress.it\\\/2024\\\/03\\\/09\\\/settimana-mondiale-del-glaucoma-10-16-marzo-2024\\\/#article\",\"isPartOf\":{\"@id\":\"https:\\\/\\\/www.bellunopress.it\\\/2024\\\/03\\\/09\\\/settimana-mondiale-del-glaucoma-10-16-marzo-2024\\\/\"},\"author\":{\"name\":\"redazione\",\"@id\":\"https:\\\/\\\/www.bellunopress.it\\\/#\\\/schema\\\/person\\\/79bb06722b37ece1c03d3e94beb30d73\"},\"headline\":\"Settimana mondiale del glaucoma 10\\\/16 marzo 2024. Distribuzione opuscoli in piazza dei Martiri\",\"datePublished\":\"2024-03-09T06:55:36+00:00\",\"dateModified\":\"2024-03-09T06:56:39+00:00\",\"mainEntityOfPage\":{\"@id\":\"https:\\\/\\\/www.bellunopress.it\\\/2024\\\/03\\\/09\\\/settimana-mondiale-del-glaucoma-10-16-marzo-2024\\\/\"},\"wordCount\":390,\"publisher\":{\"@id\":\"https:\\\/\\\/www.bellunopress.it\\\/#organization\"},\"image\":{\"@id\":\"https:\\\/\\\/www.bellunopress.it\\\/2024\\\/03\\\/09\\\/settimana-mondiale-del-glaucoma-10-16-marzo-2024\\\/#primaryimage\"},\"thumbnailUrl\":\"https:\\\/\\\/www.bellunopress.it\\\/wp-content\\\/uploads\\\/2023\\\/02\\\/Unione-italiana-ciechi-e-ipovedenti_edited.jpg\",\"articleSection\":[\"Pausa Caff\u00e8\",\"Societ\u00e0, Associazioni, Istituzioni\"],\"inLanguage\":\"fr-FR\"},{\"@type\":\"WebPage\",\"@id\":\"https:\\\/\\\/www.bellunopress.it\\\/2024\\\/03\\\/09\\\/settimana-mondiale-del-glaucoma-10-16-marzo-2024\\\/\",\"url\":\"https:\\\/\\\/www.bellunopress.it\\\/2024\\\/03\\\/09\\\/settimana-mondiale-del-glaucoma-10-16-marzo-2024\\\/\",\"name\":\"Settimana mondiale del glaucoma 10\\\/16 marzo 2024. Distribuzione opuscoli in piazza dei Martiri - Bellunopress - Dolomiti\",\"isPartOf\":{\"@id\":\"https:\\\/\\\/www.bellunopress.it\\\/#website\"},\"primaryImageOfPage\":{\"@id\":\"https:\\\/\\\/www.bellunopress.it\\\/2024\\\/03\\\/09\\\/settimana-mondiale-del-glaucoma-10-16-marzo-2024\\\/#primaryimage\"},\"image\":{\"@id\":\"https:\\\/\\\/www.bellunopress.it\\\/2024\\\/03\\\/09\\\/settimana-mondiale-del-glaucoma-10-16-marzo-2024\\\/#primaryimage\"},\"thumbnailUrl\":\"https:\\\/\\\/www.bellunopress.it\\\/wp-content\\\/uploads\\\/2023\\\/02\\\/Unione-italiana-ciechi-e-ipovedenti_edited.jpg\",\"datePublished\":\"2024-03-09T06:55:36+00:00\",\"dateModified\":\"2024-03-09T06:56:39+00:00\",\"breadcrumb\":{\"@id\":\"https:\\\/\\\/www.bellunopress.it\\\/2024\\\/03\\\/09\\\/settimana-mondiale-del-glaucoma-10-16-marzo-2024\\\/#breadcrumb\"},\"inLanguage\":\"fr-FR\",\"potentialAction\":[{\"@type\":\"ReadAction\",\"target\":[\"https:\\\/\\\/www.bellunopress.it\\\/2024\\\/03\\\/09\\\/settimana-mondiale-del-glaucoma-10-16-marzo-2024\\\/\"]}]},{\"@type\":\"ImageObject\",\"inLanguage\":\"fr-FR\",\"@id\":\"https:\\\/\\\/www.bellunopress.it\\\/2024\\\/03\\\/09\\\/settimana-mondiale-del-glaucoma-10-16-marzo-2024\\\/#primaryimage\",\"url\":\"https:\\\/\\\/www.bellunopress.it\\\/wp-content\\\/uploads\\\/2023\\\/02\\\/Unione-italiana-ciechi-e-ipovedenti_edited.jpg\",\"contentUrl\":\"https:\\\/\\\/www.bellunopress.it\\\/wp-content\\\/uploads\\\/2023\\\/02\\\/Unione-italiana-ciechi-e-ipovedenti_edited.jpg\",\"width\":1000,\"height\":647},{\"@type\":\"BreadcrumbList\",\"@id\":\"https:\\\/\\\/www.bellunopress.it\\\/2024\\\/03\\\/09\\\/settimana-mondiale-del-glaucoma-10-16-marzo-2024\\\/#breadcrumb\",\"itemListElement\":[{\"@type\":\"ListItem\",\"position\":1,\"name\":\"Home\",\"item\":\"https:\\\/\\\/www.bellunopress.it\\\/\"},{\"@type\":\"ListItem\",\"position\":2,\"name\":\"Settimana mondiale del glaucoma 10\\\/16 marzo 2024. Distribuzione opuscoli in piazza dei Martiri\"}]},{\"@type\":\"WebSite\",\"@id\":\"https:\\\/\\\/www.bellunopress.it\\\/#website\",\"url\":\"https:\\\/\\\/www.bellunopress.it\\\/\",\"name\":\"Bellunopress - Dolomiti\",\"description\":\"e-mail: redazione@bellunopress.it\",\"publisher\":{\"@id\":\"https:\\\/\\\/www.bellunopress.it\\\/#organization\"},\"potentialAction\":[{\"@type\":\"SearchAction\",\"target\":{\"@type\":\"EntryPoint\",\"urlTemplate\":\"https:\\\/\\\/www.bellunopress.it\\\/?s={search_term_string}\"},\"query-input\":{\"@type\":\"PropertyValueSpecification\",\"valueRequired\":true,\"valueName\":\"search_term_string\"}}],\"inLanguage\":\"fr-FR\"},{\"@type\":\"Organization\",\"@id\":\"https:\\\/\\\/www.bellunopress.it\\\/#organization\",\"name\":\"Bellunopress\",\"url\":\"https:\\\/\\\/www.bellunopress.it\\\/\",\"logo\":{\"@type\":\"ImageObject\",\"inLanguage\":\"fr-FR\",\"@id\":\"https:\\\/\\\/www.bellunopress.it\\\/#\\\/schema\\\/logo\\\/image\\\/\",\"url\":\"https:\\\/\\\/www.bellunopress.it\\\/wp-content\\\/uploads\\\/2011\\\/05\\\/cropped-logo-bellunopress-.jpg\",\"contentUrl\":\"https:\\\/\\\/www.bellunopress.it\\\/wp-content\\\/uploads\\\/2011\\\/05\\\/cropped-logo-bellunopress-.jpg\",\"width\":512,\"height\":512,\"caption\":\"Bellunopress\"},\"image\":{\"@id\":\"https:\\\/\\\/www.bellunopress.it\\\/#\\\/schema\\\/logo\\\/image\\\/\"},\"sameAs\":[\"https:\\\/\\\/www.facebook.com\\\/profile.php?id=100008943462799\",\"https:\\\/\\\/x.com\\\/bellunopress\",\"https:\\\/\\\/www.linkedin.com\\\/hp\\\/?dnr=JBzUWaJfMUw8vbXJJ2tVW5-I3jZKvC4wsoxE&amp;amp;amp;amp;amp;amp;trk=nav_responsive_tab_home\",\"https:\\\/\\\/www.youtube.com\\\/channel\\\/UCxL0wu1uN0_3_7hGG0306cw\"]},{\"@type\":\"Person\",\"@id\":\"https:\\\/\\\/www.bellunopress.it\\\/#\\\/schema\\\/person\\\/79bb06722b37ece1c03d3e94beb30d73\",\"name\":\"redazione\",\"image\":{\"@type\":\"ImageObject\",\"inLanguage\":\"fr-FR\",\"@id\":\"https:\\\/\\\/secure.gravatar.com\\\/avatar\\\/37d968a2e67a6fd04c169c4bdef102d0bc5d31b2546345219e348575eb80e9a0?s=96&d=mm&r=g\",\"url\":\"https:\\\/\\\/secure.gravatar.com\\\/avatar\\\/37d968a2e67a6fd04c169c4bdef102d0bc5d31b2546345219e348575eb80e9a0?s=96&d=mm&r=g\",\"contentUrl\":\"https:\\\/\\\/secure.gravatar.com\\\/avatar\\\/37d968a2e67a6fd04c169c4bdef102d0bc5d31b2546345219e348575eb80e9a0?s=96&d=mm&r=g\",\"caption\":\"redazione\"},\"sameAs\":[\"http:\\\/\\\/www.bellunopress.it\",\"https:\\\/\\\/x.com\\\/bellunopress\"],\"url\":\"https:\\\/\\\/www.bellunopress.it\\\/fr\\\/author\\\/redazione\\\/\"}]}<\/script>\n<!-- \/ Yoast SEO plugin. -->","yoast_head_json":{"title":"Settimana mondiale del glaucoma 10\/16 marzo 2024. Distribuzione opuscoli in piazza dei Martiri - Bellunopress - Dolomiti","robots":{"index":"index","follow":"follow","max-snippet":"max-snippet:-1","max-image-preview":"max-image-preview:large","max-video-preview":"max-video-preview:-1"},"canonical":"https:\/\/www.bellunopress.it\/fr\/2024\/03\/09\/settimana-mondiale-del-glaucoma-10-16-marzo-2024\/","og_locale":"fr_FR","og_type":"article","og_title":"Settimana mondiale del glaucoma 10\/16 marzo 2024. Distribuzione opuscoli in piazza dei Martiri - Bellunopress - Dolomiti","og_description":"Dal 10 al 16 marzo si celebra la \u201cSettimana mondiale del glaucoma\u201d, una patologia cronicodegenerativa che colpisce milioni di persone e nei confronti della quale la prevenzione e la diagnosi precoce sono strumenti fondamentali per evitare di scoprirla quando ha gi\u00e0 prodotto danni alla visione. Secondo \u201cVista in Salute \u2013 Report 2019\/2022\u201d nel mondo le [&hellip;]","og_url":"https:\/\/www.bellunopress.it\/fr\/2024\/03\/09\/settimana-mondiale-del-glaucoma-10-16-marzo-2024\/","og_site_name":"Bellunopress - Dolomiti","article_publisher":"https:\/\/www.facebook.com\/profile.php?id=100008943462799","article_published_time":"2024-03-09T06:55:36+00:00","article_modified_time":"2024-03-09T06:56:39+00:00","og_image":[{"width":1000,"height":647,"url":"https:\/\/www.bellunopress.it\/wp-content\/uploads\/2023\/02\/Unione-italiana-ciechi-e-ipovedenti_edited.jpg","type":"image\/jpeg"}],"author":"redazione","twitter_card":"summary_large_image","twitter_creator":"@bellunopress","twitter_site":"@bellunopress","twitter_misc":{"\u00c9crit par":"redazione","Dur\u00e9e de lecture estim\u00e9e":"2 minutes"},"schema":{"@context":"https:\/\/schema.org","@graph":[{"@type":"Article","@id":"https:\/\/www.bellunopress.it\/2024\/03\/09\/settimana-mondiale-del-glaucoma-10-16-marzo-2024\/#article","isPartOf":{"@id":"https:\/\/www.bellunopress.it\/2024\/03\/09\/settimana-mondiale-del-glaucoma-10-16-marzo-2024\/"},"author":{"name":"redazione","@id":"https:\/\/www.bellunopress.it\/#\/schema\/person\/79bb06722b37ece1c03d3e94beb30d73"},"headline":"Settimana mondiale del glaucoma 10\/16 marzo 2024. Distribuzione opuscoli in piazza dei Martiri","datePublished":"2024-03-09T06:55:36+00:00","dateModified":"2024-03-09T06:56:39+00:00","mainEntityOfPage":{"@id":"https:\/\/www.bellunopress.it\/2024\/03\/09\/settimana-mondiale-del-glaucoma-10-16-marzo-2024\/"},"wordCount":390,"publisher":{"@id":"https:\/\/www.bellunopress.it\/#organization"},"image":{"@id":"https:\/\/www.bellunopress.it\/2024\/03\/09\/settimana-mondiale-del-glaucoma-10-16-marzo-2024\/#primaryimage"},"thumbnailUrl":"https:\/\/www.bellunopress.it\/wp-content\/uploads\/2023\/02\/Unione-italiana-ciechi-e-ipovedenti_edited.jpg","articleSection":["Pausa Caff\u00e8","Societ\u00e0, Associazioni, Istituzioni"],"inLanguage":"fr-FR"},{"@type":"WebPage","@id":"https:\/\/www.bellunopress.it\/2024\/03\/09\/settimana-mondiale-del-glaucoma-10-16-marzo-2024\/","url":"https:\/\/www.bellunopress.it\/2024\/03\/09\/settimana-mondiale-del-glaucoma-10-16-marzo-2024\/","name":"Settimana mondiale del glaucoma 10\/16 marzo 2024. Distribuzione opuscoli in piazza dei Martiri - Bellunopress - Dolomiti","isPartOf":{"@id":"https:\/\/www.bellunopress.it\/#website"},"primaryImageOfPage":{"@id":"https:\/\/www.bellunopress.it\/2024\/03\/09\/settimana-mondiale-del-glaucoma-10-16-marzo-2024\/#primaryimage"},"image":{"@id":"https:\/\/www.bellunopress.it\/2024\/03\/09\/settimana-mondiale-del-glaucoma-10-16-marzo-2024\/#primaryimage"},"thumbnailUrl":"https:\/\/www.bellunopress.it\/wp-content\/uploads\/2023\/02\/Unione-italiana-ciechi-e-ipovedenti_edited.jpg","datePublished":"2024-03-09T06:55:36+00:00","dateModified":"2024-03-09T06:56:39+00:00","breadcrumb":{"@id":"https:\/\/www.bellunopress.it\/2024\/03\/09\/settimana-mondiale-del-glaucoma-10-16-marzo-2024\/#breadcrumb"},"inLanguage":"fr-FR","potentialAction":[{"@type":"ReadAction","target":["https:\/\/www.bellunopress.it\/2024\/03\/09\/settimana-mondiale-del-glaucoma-10-16-marzo-2024\/"]}]},{"@type":"ImageObject","inLanguage":"fr-FR","@id":"https:\/\/www.bellunopress.it\/2024\/03\/09\/settimana-mondiale-del-glaucoma-10-16-marzo-2024\/#primaryimage","url":"https:\/\/www.bellunopress.it\/wp-content\/uploads\/2023\/02\/Unione-italiana-ciechi-e-ipovedenti_edited.jpg","contentUrl":"https:\/\/www.bellunopress.it\/wp-content\/uploads\/2023\/02\/Unione-italiana-ciechi-e-ipovedenti_edited.jpg","width":1000,"height":647},{"@type":"BreadcrumbList","@id":"https:\/\/www.bellunopress.it\/2024\/03\/09\/settimana-mondiale-del-glaucoma-10-16-marzo-2024\/#breadcrumb","itemListElement":[{"@type":"ListItem","position":1,"name":"Home","item":"https:\/\/www.bellunopress.it\/"},{"@type":"ListItem","position":2,"name":"Settimana mondiale del glaucoma 10\/16 marzo 2024. Distribuzione opuscoli in piazza dei Martiri"}]},{"@type":"WebSite","@id":"https:\/\/www.bellunopress.it\/#website","url":"https:\/\/www.bellunopress.it\/","name":"Bellunopress - Dolomiti","description":"e-mail: redazione@bellunopress.it","publisher":{"@id":"https:\/\/www.bellunopress.it\/#organization"},"potentialAction":[{"@type":"SearchAction","target":{"@type":"EntryPoint","urlTemplate":"https:\/\/www.bellunopress.it\/?s={search_term_string}"},"query-input":{"@type":"PropertyValueSpecification","valueRequired":true,"valueName":"search_term_string"}}],"inLanguage":"fr-FR"},{"@type":"Organization","@id":"https:\/\/www.bellunopress.it\/#organization","name":"Bellunopress","url":"https:\/\/www.bellunopress.it\/","logo":{"@type":"ImageObject","inLanguage":"fr-FR","@id":"https:\/\/www.bellunopress.it\/#\/schema\/logo\/image\/","url":"https:\/\/www.bellunopress.it\/wp-content\/uploads\/2011\/05\/cropped-logo-bellunopress-.jpg","contentUrl":"https:\/\/www.bellunopress.it\/wp-content\/uploads\/2011\/05\/cropped-logo-bellunopress-.jpg","width":512,"height":512,"caption":"Bellunopress"},"image":{"@id":"https:\/\/www.bellunopress.it\/#\/schema\/logo\/image\/"},"sameAs":["https:\/\/www.facebook.com\/profile.php?id=100008943462799","https:\/\/x.com\/bellunopress","https:\/\/www.linkedin.com\/hp\/?dnr=JBzUWaJfMUw8vbXJJ2tVW5-I3jZKvC4wsoxE&amp;amp;amp;amp;amp;amp;trk=nav_responsive_tab_home","https:\/\/www.youtube.com\/channel\/UCxL0wu1uN0_3_7hGG0306cw"]},{"@type":"Person","@id":"https:\/\/www.bellunopress.it\/#\/schema\/person\/79bb06722b37ece1c03d3e94beb30d73","name":"r\u00e9daction","image":{"@type":"ImageObject","inLanguage":"fr-FR","@id":"https:\/\/secure.gravatar.com\/avatar\/37d968a2e67a6fd04c169c4bdef102d0bc5d31b2546345219e348575eb80e9a0?s=96&d=mm&r=g","url":"https:\/\/secure.gravatar.com\/avatar\/37d968a2e67a6fd04c169c4bdef102d0bc5d31b2546345219e348575eb80e9a0?s=96&d=mm&r=g","contentUrl":"https:\/\/secure.gravatar.com\/avatar\/37d968a2e67a6fd04c169c4bdef102d0bc5d31b2546345219e348575eb80e9a0?s=96&d=mm&r=g","caption":"redazione"},"sameAs":["http:\/\/www.bellunopress.it","https:\/\/x.com\/bellunopress"],"url":"https:\/\/www.bellunopress.it\/fr\/author\/redazione\/"}]}},"_links":{"self":[{"href":"https:\/\/www.bellunopress.it\/fr\/wp-json\/wp\/v2\/posts\/148993","targetHints":{"allow":["GET"]}}],"collection":[{"href":"https:\/\/www.bellunopress.it\/fr\/wp-json\/wp\/v2\/posts"}],"about":[{"href":"https:\/\/www.bellunopress.it\/fr\/wp-json\/wp\/v2\/types\/post"}],"author":[{"embeddable":true,"href":"https:\/\/www.bellunopress.it\/fr\/wp-json\/wp\/v2\/users\/2"}],"replies":[{"embeddable":true,"href":"https:\/\/www.bellunopress.it\/fr\/wp-json\/wp\/v2\/comments?post=148993"}],"version-history":[{"count":2,"href":"https:\/\/www.bellunopress.it\/fr\/wp-json\/wp\/v2\/posts\/148993\/revisions"}],"predecessor-version":[{"id":148995,"href":"https:\/\/www.bellunopress.it\/fr\/wp-json\/wp\/v2\/posts\/148993\/revisions\/148995"}],"wp:featuredmedia":[{"embeddable":true,"href":"https:\/\/www.bellunopress.it\/fr\/wp-json\/wp\/v2\/media\/139613"}],"wp:attachment":[{"href":"https:\/\/www.bellunopress.it\/fr\/wp-json\/wp\/v2\/media?parent=148993"}],"wp:term":[{"taxonomy":"category","embeddable":true,"href":"https:\/\/www.bellunopress.it\/fr\/wp-json\/wp\/v2\/categories?post=148993"},{"taxonomy":"post_tag","embeddable":true,"href":"https:\/\/www.bellunopress.it\/fr\/wp-json\/wp\/v2\/tags?post=148993"}],"curies":[{"name":"wp","href":"https:\/\/api.w.org\/{rel}","templated":true}]}}