{"id":14888,"date":"2010-05-01T21:13:56","date_gmt":"2010-05-01T20:13:56","guid":{"rendered":"http:\/\/www.bellunopress.it\/?p=14888"},"modified":"2010-05-04T05:59:35","modified_gmt":"2010-05-04T04:59:35","slug":"consultabili-i-nomi-di-211-bellunesi-deportati-nei-campi-di-prigionia-in-germania-austria-e-polonia-grazie-alla-ricerca-del-veronese-roberto-zamboni","status":"publish","type":"post","link":"https:\/\/www.bellunopress.it\/fr\/2010\/05\/01\/consultabili-i-nomi-di-211-bellunesi-deportati-nei-campi-di-prigionia-in-germania-austria-e-polonia-grazie-alla-ricerca-del-veronese-roberto-zamboni\/","title":{"rendered":"Consultabili i nomi di 208 bellunesi deportati nei campi di prigionia in Germania, Austria e Polonia grazie alla ricerca del veronese Roberto Zamboni"},"content":{"rendered":"<figure id=\"attachment_14890\" aria-describedby=\"caption-attachment-14890\" style=\"width: 220px\" class=\"wp-caption alignleft\"><a href=\"http:\/\/www.bellunopress.it\/wp-content\/uploads\/2010\/05\/roberto-zamboni.jpg\"><img loading=\"lazy\" decoding=\"async\" class=\"size-medium wp-image-14890\" title=\"roberto-zamboni\" src=\"http:\/\/www.bellunopress.it\/wp-content\/uploads\/2010\/05\/roberto-zamboni.jpg\" alt=\"Roberto Zamboni\" width=\"220\" height=\"201\" \/><\/a><figcaption id=\"caption-attachment-14890\" class=\"wp-caption-text\">Roberto Zamboni<\/figcaption><\/figure>\n<p>Ci sono 208 bellunesi deportati durante la Seconda guerra mondiale e morti nei campi di prigionia i cui resti sono sepolti in Germania, Austria e Polonia. I loro nomi si possono leggere al link: <a href=\"http:\/\/www.webalice.it\/roberto2381\/BELLUNO.pdf\">http:\/\/www.webalice.it\/roberto2381\/BELLUNO.pdf<\/a><br \/>\nA rivelarlo \u00e8 Roberto Zamboni, tesserato dell\u2019Associazione Nazionale Ex Deportati (Sezione di Verona) in rappresentanza di un suo congiunto, deportato e morto nel campo di concentramento di Flossenb\u00fcrg a soli 22 anni. Signor Zamboni, come \u00e8 riuscito a trovare i nomi dei deportati bellunesi? \u00abDa molto tempo mi occupo della ricerca dei luoghi di sepoltura dei nostri connazionali, morti nei campi di prigionia o per motivi di guerra in Germania, Austria e Polonia. Dopo l\u20198 settembre 1943 pi\u00f9 di 800.000 italiani (civili e militari) furono fatti prigionieri e deportati nei campi di concentramento tedeschi dislocati nei territori del Terzo Reich. Un gran numero di questi vi trov\u00f2 la morte dopo atroci sofferenze, solo ed esclusivamente a causa del loro pensiero, della loro religione o per la divisa che indossavano. Al termine della guerra, migliaia d\u2019italiani che non sopravvissero alle vessazioni inferte, furono sepolti sul suolo tedesco, austriaco e polacco. Nell\u2019immediato dopoguerra, a causa delle enormi difficolt\u00e0 di comunicazione e di ricerca, la maggior parte di questi ragazzi furono dati per dispersi. Nel 1951 il Governo italiano ratific\u00f2 una legge (204\/51), che, con il secondo comma dell\u2019articolo 4, vietava il rimpatrio delle salme sepolte nei cimiteri militari italiani all\u2019estero dal Ministero della Difesa (Commissariato Generale Caduti in Guerra &#8211; Onorcaduti). Nel biennio 1957\/1958 lo stesso Commissariato inizi\u00f2 la ricerca dei caduti sepolti nei territori sopraccitati, riesumandoli e trasferendone i Resti nei cimiteri militari di Amburgo, Berlino, Francoforte sul Meno, Monaco di Baviera (Germania), Mauthausen (Austria) e Bielany-Varsavia (Polonia). In questi cimiteri furono raccolte le Spoglie mortali di migliaia italiani, caduti per cause di guerra. Molti dei parenti di questi ragazzi non furono mai informati del lavoro svolto da Onorcaduti, rimanendo in attesa di chi non sarebbe mai pi\u00f9 tornato. Una decina di anni fa, dopo una capillare ricerca, rintracciai il luogo di sepoltura del mio congiunto e, dopo aver fatto modificare la legge 204\/51, ne feci rimpatriare i Resti. Avendo raccolto negli anni una grande quantit\u00e0 di materiale riguardante anche altri caduti sepolti nei cimiteri militari (e non), decisi di ricercarne i parenti, fornendo loro indicazioni sul luogo di sepoltura del loro caro e indicando quali uffici contattare, presso il Ministero della Difesa, per poterne riavere i Resti. Per senso civico, per dovere d\u2019informazione e perch\u00e9 nessun altro lo faceva, dedicai (e dedico tuttora) gran parte del mio tempo a questo tipo di ricerche, che ho avuto cura di riportare integralmente nel sito <a href=\"http:\/\/www.robertozamboni.com\">http:\/\/www.robertozamboni.com<\/a>.<br \/>\nIn questi anni, autonomamente o con l\u2019ausilio dell\u2019Arma dei Carabinieri, sono riuscito a rintracciare i parenti di una quarantina di caduti, parte dei quali hanno fatto rientrare in Italia le Spoglie dei loro cari. Recentemente ho ottenuto dal Ministero della Difesa l\u2019elenco di tutti i caduti sepolti in Germania, Austria e Polonia. Una lista di oltre 15.000 caduti italiani, contenente i dati di base (cognome, nome, provincia e data di nascita, data di morte e cimitero di attuale sepoltura). A questi dati sto aggiungendo, da altre liste in mio possesso, ulteriori elementi sulla deportazione o sull\u2019internamento, sulla morte e sulla prima sepoltura (lager, matricola, spostamenti, date e cause della morte, luogo di prima inumazione ecc.). I caduti sepolti in questi cimiteri sono prevalentemente internati militari (IMI), ma risultano sepolti anche deportati politici o razziali e liberi lavoratori (o loro familiari) che si trovavano negli ex territori del Terzo Reich durante il periodo bellico. Oltre 15.000 italiani, tra uomini, donne, ragazzi e bambini (nove di questi risultano essere nati nel 1945). Come riscontro a questa lista ho acquisito dall\u2019Archivio Segreto Vaticano \u2013 Ufficio Informazioni Vaticano per i prigionieri di guerra, copia delle schede di ricerca degli italiani per i quali si richiesero notizie negli anni che vanno dal 1939 al 1945. Oltre 2.100.000 schede con riportati i dati di altrettanti nostri connazionali fatti prigionieri e dei quali si erano perse le tracce. Da mesi sto lavorando su questi elenchi al fine di pubblicare tutto il materiale da me raccolto sul mio blog, avendo cura di inserire i nominativi per provincia di nascita.<br \/>\nDei 15.292 nomi archiviati, 211 appartengono a persone nate nella provincia di Belluno (al sito \u201cDimenticati di Stato\u201d <a href=\"http:\/\/www.robertozamboni.com\">http:\/\/www.robertozamboni.com<\/a>)\u00bb.<\/p>","protected":false},"excerpt":{"rendered":"<p>Ci sono 208 bellunesi deportati durante la Seconda guerra mondiale e morti nei campi di prigionia i cui resti sono sepolti in Germania, Austria e Polonia. I loro nomi si possono leggere al link: http:\/\/www.webalice.it\/roberto2381\/BELLUNO.pdf A rivelarlo \u00e8 Roberto Zamboni, tesserato dell\u2019Associazione Nazionale Ex Deportati (Sezione di Verona) in rappresentanza di un suo congiunto, deportato [&hellip;]<\/p>\n","protected":false},"author":2,"featured_media":0,"comment_status":"closed","ping_status":"open","sticky":false,"template":"","format":"standard","meta":{"footnotes":""},"categories":[3,49,26],"tags":[1410],"class_list":["post-14888","post","type-post","status-publish","format-standard","category-arte-cultura-spettacoli-scienza-archivi","category-speciali","category-prima-pagina","tag-consultabili-i-nomi-di-211-bellunesi-deportati-nei-campi-di-prigionia-in-germania-austria-e-polonia-grazie-alla-ricerca-del-veronese-roberto-zamboni"],"yoast_head":"<!-- This site is optimized with the Yoast SEO plugin v28.4 - https:\/\/yoast.com\/product\/yoast-seo-wordpress\/ -->\n<title>Consultabili i nomi di 208 bellunesi deportati nei campi di prigionia in Germania, Austria e Polonia grazie alla ricerca del veronese Roberto Zamboni  - Bellunopress - Dolomiti<\/title>\n<meta name=\"robots\" content=\"index, follow, max-snippet:-1, max-image-preview:large, max-video-preview:-1\" \/>\n<link rel=\"canonical\" href=\"https:\/\/www.bellunopress.it\/fr\/2010\/05\/01\/consultabili-i-nomi-di-211-bellunesi-deportati-nei-campi-di-prigionia-in-germania-austria-e-polonia-grazie-alla-ricerca-del-veronese-roberto-zamboni\/\" \/>\n<meta property=\"og:locale\" content=\"fr_FR\" \/>\n<meta property=\"og:type\" content=\"article\" \/>\n<meta property=\"og:title\" content=\"Consultabili i nomi di 208 bellunesi deportati nei campi di prigionia in Germania, Austria e Polonia grazie alla ricerca del veronese Roberto Zamboni  - Bellunopress - Dolomiti\" \/>\n<meta property=\"og:description\" content=\"Ci sono 208 bellunesi deportati durante la Seconda guerra mondiale e morti nei campi di prigionia i cui resti sono sepolti in Germania, Austria e Polonia. I loro nomi si possono leggere al link: http:\/\/www.webalice.it\/roberto2381\/BELLUNO.pdf A rivelarlo \u00e8 Roberto Zamboni, tesserato dell\u2019Associazione Nazionale Ex Deportati (Sezione di Verona) in rappresentanza di un suo congiunto, deportato [&hellip;]\" \/>\n<meta property=\"og:url\" content=\"https:\/\/www.bellunopress.it\/fr\/2010\/05\/01\/consultabili-i-nomi-di-211-bellunesi-deportati-nei-campi-di-prigionia-in-germania-austria-e-polonia-grazie-alla-ricerca-del-veronese-roberto-zamboni\/\" \/>\n<meta property=\"og:site_name\" content=\"Bellunopress - Dolomiti\" \/>\n<meta property=\"article:publisher\" content=\"https:\/\/www.facebook.com\/profile.php?id=100008943462799\" \/>\n<meta property=\"article:published_time\" content=\"2010-05-01T20:13:56+00:00\" \/>\n<meta property=\"article:modified_time\" content=\"2010-05-04T04:59:35+00:00\" \/>\n<meta property=\"og:image\" content=\"http:\/\/www.bellunopress.it\/wp-content\/uploads\/2010\/05\/roberto-zamboni.jpg\" \/>\n<meta name=\"author\" content=\"redazione\" \/>\n<meta name=\"twitter:card\" content=\"summary_large_image\" \/>\n<meta name=\"twitter:creator\" content=\"@bellunopress\" \/>\n<meta name=\"twitter:site\" content=\"@bellunopress\" \/>\n<meta name=\"twitter:label1\" content=\"\u00c9crit par\" \/>\n\t<meta name=\"twitter:data1\" content=\"redazione\" \/>\n\t<meta name=\"twitter:label2\" content=\"Dur\u00e9e de lecture estim\u00e9e\" \/>\n\t<meta name=\"twitter:data2\" content=\"4 minutes\" \/>\n<script type=\"application\/ld+json\" class=\"yoast-schema-graph\">{\"@context\":\"https:\\\/\\\/schema.org\",\"@graph\":[{\"@type\":\"Article\",\"@id\":\"https:\\\/\\\/www.bellunopress.it\\\/2010\\\/05\\\/01\\\/consultabili-i-nomi-di-211-bellunesi-deportati-nei-campi-di-prigionia-in-germania-austria-e-polonia-grazie-alla-ricerca-del-veronese-roberto-zamboni\\\/#article\",\"isPartOf\":{\"@id\":\"https:\\\/\\\/www.bellunopress.it\\\/2010\\\/05\\\/01\\\/consultabili-i-nomi-di-211-bellunesi-deportati-nei-campi-di-prigionia-in-germania-austria-e-polonia-grazie-alla-ricerca-del-veronese-roberto-zamboni\\\/\"},\"author\":{\"name\":\"redazione\",\"@id\":\"https:\\\/\\\/www.bellunopress.it\\\/#\\\/schema\\\/person\\\/79bb06722b37ece1c03d3e94beb30d73\"},\"headline\":\"Consultabili i nomi di 208 bellunesi deportati nei campi di prigionia in Germania, Austria e Polonia grazie alla ricerca del veronese Roberto Zamboni\",\"datePublished\":\"2010-05-01T20:13:56+00:00\",\"dateModified\":\"2010-05-04T04:59:35+00:00\",\"mainEntityOfPage\":{\"@id\":\"https:\\\/\\\/www.bellunopress.it\\\/2010\\\/05\\\/01\\\/consultabili-i-nomi-di-211-bellunesi-deportati-nei-campi-di-prigionia-in-germania-austria-e-polonia-grazie-alla-ricerca-del-veronese-roberto-zamboni\\\/\"},\"wordCount\":754,\"publisher\":{\"@id\":\"https:\\\/\\\/www.bellunopress.it\\\/#organization\"},\"image\":{\"@id\":\"https:\\\/\\\/www.bellunopress.it\\\/2010\\\/05\\\/01\\\/consultabili-i-nomi-di-211-bellunesi-deportati-nei-campi-di-prigionia-in-germania-austria-e-polonia-grazie-alla-ricerca-del-veronese-roberto-zamboni\\\/#primaryimage\"},\"thumbnailUrl\":\"http:\\\/\\\/www.bellunopress.it\\\/wp-content\\\/uploads\\\/2010\\\/05\\\/roberto-zamboni.jpg\",\"keywords\":[\"Consultabili i nomi di 211 bellunesi deportati nei campi di prigionia in Germania Austria e Polonia grazie alla ricerca del veronese Roberto Zamboni\"],\"articleSection\":[\"Arte, Cultura, Spettacoli, Scienza\",\"Gli speciali di Bellunopress\",\"Prima Pagina\"],\"inLanguage\":\"fr-FR\"},{\"@type\":\"WebPage\",\"@id\":\"https:\\\/\\\/www.bellunopress.it\\\/2010\\\/05\\\/01\\\/consultabili-i-nomi-di-211-bellunesi-deportati-nei-campi-di-prigionia-in-germania-austria-e-polonia-grazie-alla-ricerca-del-veronese-roberto-zamboni\\\/\",\"url\":\"https:\\\/\\\/www.bellunopress.it\\\/2010\\\/05\\\/01\\\/consultabili-i-nomi-di-211-bellunesi-deportati-nei-campi-di-prigionia-in-germania-austria-e-polonia-grazie-alla-ricerca-del-veronese-roberto-zamboni\\\/\",\"name\":\"Consultabili i nomi di 208 bellunesi deportati nei campi di prigionia in Germania, Austria e Polonia grazie alla ricerca del veronese Roberto Zamboni - Bellunopress - Dolomiti\",\"isPartOf\":{\"@id\":\"https:\\\/\\\/www.bellunopress.it\\\/#website\"},\"primaryImageOfPage\":{\"@id\":\"https:\\\/\\\/www.bellunopress.it\\\/2010\\\/05\\\/01\\\/consultabili-i-nomi-di-211-bellunesi-deportati-nei-campi-di-prigionia-in-germania-austria-e-polonia-grazie-alla-ricerca-del-veronese-roberto-zamboni\\\/#primaryimage\"},\"image\":{\"@id\":\"https:\\\/\\\/www.bellunopress.it\\\/2010\\\/05\\\/01\\\/consultabili-i-nomi-di-211-bellunesi-deportati-nei-campi-di-prigionia-in-germania-austria-e-polonia-grazie-alla-ricerca-del-veronese-roberto-zamboni\\\/#primaryimage\"},\"thumbnailUrl\":\"http:\\\/\\\/www.bellunopress.it\\\/wp-content\\\/uploads\\\/2010\\\/05\\\/roberto-zamboni.jpg\",\"datePublished\":\"2010-05-01T20:13:56+00:00\",\"dateModified\":\"2010-05-04T04:59:35+00:00\",\"breadcrumb\":{\"@id\":\"https:\\\/\\\/www.bellunopress.it\\\/2010\\\/05\\\/01\\\/consultabili-i-nomi-di-211-bellunesi-deportati-nei-campi-di-prigionia-in-germania-austria-e-polonia-grazie-alla-ricerca-del-veronese-roberto-zamboni\\\/#breadcrumb\"},\"inLanguage\":\"fr-FR\",\"potentialAction\":[{\"@type\":\"ReadAction\",\"target\":[\"https:\\\/\\\/www.bellunopress.it\\\/2010\\\/05\\\/01\\\/consultabili-i-nomi-di-211-bellunesi-deportati-nei-campi-di-prigionia-in-germania-austria-e-polonia-grazie-alla-ricerca-del-veronese-roberto-zamboni\\\/\"]}]},{\"@type\":\"ImageObject\",\"inLanguage\":\"fr-FR\",\"@id\":\"https:\\\/\\\/www.bellunopress.it\\\/2010\\\/05\\\/01\\\/consultabili-i-nomi-di-211-bellunesi-deportati-nei-campi-di-prigionia-in-germania-austria-e-polonia-grazie-alla-ricerca-del-veronese-roberto-zamboni\\\/#primaryimage\",\"url\":\"http:\\\/\\\/www.bellunopress.it\\\/wp-content\\\/uploads\\\/2010\\\/05\\\/roberto-zamboni.jpg\",\"contentUrl\":\"http:\\\/\\\/www.bellunopress.it\\\/wp-content\\\/uploads\\\/2010\\\/05\\\/roberto-zamboni.jpg\"},{\"@type\":\"BreadcrumbList\",\"@id\":\"https:\\\/\\\/www.bellunopress.it\\\/2010\\\/05\\\/01\\\/consultabili-i-nomi-di-211-bellunesi-deportati-nei-campi-di-prigionia-in-germania-austria-e-polonia-grazie-alla-ricerca-del-veronese-roberto-zamboni\\\/#breadcrumb\",\"itemListElement\":[{\"@type\":\"ListItem\",\"position\":1,\"name\":\"Home\",\"item\":\"https:\\\/\\\/www.bellunopress.it\\\/\"},{\"@type\":\"ListItem\",\"position\":2,\"name\":\"Consultabili i nomi di 208 bellunesi deportati nei campi di prigionia in Germania, Austria e Polonia grazie alla ricerca del veronese Roberto Zamboni\"}]},{\"@type\":\"WebSite\",\"@id\":\"https:\\\/\\\/www.bellunopress.it\\\/#website\",\"url\":\"https:\\\/\\\/www.bellunopress.it\\\/\",\"name\":\"Bellunopress - Dolomiti\",\"description\":\"e-mail: redazione@bellunopress.it\",\"publisher\":{\"@id\":\"https:\\\/\\\/www.bellunopress.it\\\/#organization\"},\"potentialAction\":[{\"@type\":\"SearchAction\",\"target\":{\"@type\":\"EntryPoint\",\"urlTemplate\":\"https:\\\/\\\/www.bellunopress.it\\\/?s={search_term_string}\"},\"query-input\":{\"@type\":\"PropertyValueSpecification\",\"valueRequired\":true,\"valueName\":\"search_term_string\"}}],\"inLanguage\":\"fr-FR\"},{\"@type\":\"Organization\",\"@id\":\"https:\\\/\\\/www.bellunopress.it\\\/#organization\",\"name\":\"Bellunopress\",\"url\":\"https:\\\/\\\/www.bellunopress.it\\\/\",\"logo\":{\"@type\":\"ImageObject\",\"inLanguage\":\"fr-FR\",\"@id\":\"https:\\\/\\\/www.bellunopress.it\\\/#\\\/schema\\\/logo\\\/image\\\/\",\"url\":\"https:\\\/\\\/www.bellunopress.it\\\/wp-content\\\/uploads\\\/2011\\\/05\\\/cropped-logo-bellunopress-.jpg\",\"contentUrl\":\"https:\\\/\\\/www.bellunopress.it\\\/wp-content\\\/uploads\\\/2011\\\/05\\\/cropped-logo-bellunopress-.jpg\",\"width\":512,\"height\":512,\"caption\":\"Bellunopress\"},\"image\":{\"@id\":\"https:\\\/\\\/www.bellunopress.it\\\/#\\\/schema\\\/logo\\\/image\\\/\"},\"sameAs\":[\"https:\\\/\\\/www.facebook.com\\\/profile.php?id=100008943462799\",\"https:\\\/\\\/x.com\\\/bellunopress\",\"https:\\\/\\\/www.linkedin.com\\\/hp\\\/?dnr=JBzUWaJfMUw8vbXJJ2tVW5-I3jZKvC4wsoxE&amp;amp;amp;amp;amp;amp;trk=nav_responsive_tab_home\",\"https:\\\/\\\/www.youtube.com\\\/channel\\\/UCxL0wu1uN0_3_7hGG0306cw\"]},{\"@type\":\"Person\",\"@id\":\"https:\\\/\\\/www.bellunopress.it\\\/#\\\/schema\\\/person\\\/79bb06722b37ece1c03d3e94beb30d73\",\"name\":\"redazione\",\"image\":{\"@type\":\"ImageObject\",\"inLanguage\":\"fr-FR\",\"@id\":\"https:\\\/\\\/secure.gravatar.com\\\/avatar\\\/37d968a2e67a6fd04c169c4bdef102d0bc5d31b2546345219e348575eb80e9a0?s=96&d=mm&r=g\",\"url\":\"https:\\\/\\\/secure.gravatar.com\\\/avatar\\\/37d968a2e67a6fd04c169c4bdef102d0bc5d31b2546345219e348575eb80e9a0?s=96&d=mm&r=g\",\"contentUrl\":\"https:\\\/\\\/secure.gravatar.com\\\/avatar\\\/37d968a2e67a6fd04c169c4bdef102d0bc5d31b2546345219e348575eb80e9a0?s=96&d=mm&r=g\",\"caption\":\"redazione\"},\"sameAs\":[\"http:\\\/\\\/www.bellunopress.it\",\"https:\\\/\\\/x.com\\\/bellunopress\"],\"url\":\"https:\\\/\\\/www.bellunopress.it\\\/fr\\\/author\\\/redazione\\\/\"}]}<\/script>\n<!-- \/ Yoast SEO plugin. -->","yoast_head_json":{"title":"Consultabili i nomi di 208 bellunesi deportati nei campi di prigionia in Germania, Austria e Polonia grazie alla ricerca del veronese Roberto Zamboni  - Bellunopress - Dolomiti","robots":{"index":"index","follow":"follow","max-snippet":"max-snippet:-1","max-image-preview":"max-image-preview:large","max-video-preview":"max-video-preview:-1"},"canonical":"https:\/\/www.bellunopress.it\/fr\/2010\/05\/01\/consultabili-i-nomi-di-211-bellunesi-deportati-nei-campi-di-prigionia-in-germania-austria-e-polonia-grazie-alla-ricerca-del-veronese-roberto-zamboni\/","og_locale":"fr_FR","og_type":"article","og_title":"Consultabili i nomi di 208 bellunesi deportati nei campi di prigionia in Germania, Austria e Polonia grazie alla ricerca del veronese Roberto Zamboni  - Bellunopress - Dolomiti","og_description":"Ci sono 208 bellunesi deportati durante la Seconda guerra mondiale e morti nei campi di prigionia i cui resti sono sepolti in Germania, Austria e Polonia. I loro nomi si possono leggere al link: http:\/\/www.webalice.it\/roberto2381\/BELLUNO.pdf A rivelarlo \u00e8 Roberto Zamboni, tesserato dell\u2019Associazione Nazionale Ex Deportati (Sezione di Verona) in rappresentanza di un suo congiunto, deportato [&hellip;]","og_url":"https:\/\/www.bellunopress.it\/fr\/2010\/05\/01\/consultabili-i-nomi-di-211-bellunesi-deportati-nei-campi-di-prigionia-in-germania-austria-e-polonia-grazie-alla-ricerca-del-veronese-roberto-zamboni\/","og_site_name":"Bellunopress - Dolomiti","article_publisher":"https:\/\/www.facebook.com\/profile.php?id=100008943462799","article_published_time":"2010-05-01T20:13:56+00:00","article_modified_time":"2010-05-04T04:59:35+00:00","og_image":[{"url":"http:\/\/www.bellunopress.it\/wp-content\/uploads\/2010\/05\/roberto-zamboni.jpg","type":"","width":"","height":""}],"author":"redazione","twitter_card":"summary_large_image","twitter_creator":"@bellunopress","twitter_site":"@bellunopress","twitter_misc":{"\u00c9crit par":"redazione","Dur\u00e9e de lecture estim\u00e9e":"4 minutes"},"schema":{"@context":"https:\/\/schema.org","@graph":[{"@type":"Article","@id":"https:\/\/www.bellunopress.it\/2010\/05\/01\/consultabili-i-nomi-di-211-bellunesi-deportati-nei-campi-di-prigionia-in-germania-austria-e-polonia-grazie-alla-ricerca-del-veronese-roberto-zamboni\/#article","isPartOf":{"@id":"https:\/\/www.bellunopress.it\/2010\/05\/01\/consultabili-i-nomi-di-211-bellunesi-deportati-nei-campi-di-prigionia-in-germania-austria-e-polonia-grazie-alla-ricerca-del-veronese-roberto-zamboni\/"},"author":{"name":"redazione","@id":"https:\/\/www.bellunopress.it\/#\/schema\/person\/79bb06722b37ece1c03d3e94beb30d73"},"headline":"Consultabili i nomi di 208 bellunesi deportati nei campi di prigionia in Germania, Austria e Polonia grazie alla ricerca del veronese Roberto Zamboni","datePublished":"2010-05-01T20:13:56+00:00","dateModified":"2010-05-04T04:59:35+00:00","mainEntityOfPage":{"@id":"https:\/\/www.bellunopress.it\/2010\/05\/01\/consultabili-i-nomi-di-211-bellunesi-deportati-nei-campi-di-prigionia-in-germania-austria-e-polonia-grazie-alla-ricerca-del-veronese-roberto-zamboni\/"},"wordCount":754,"publisher":{"@id":"https:\/\/www.bellunopress.it\/#organization"},"image":{"@id":"https:\/\/www.bellunopress.it\/2010\/05\/01\/consultabili-i-nomi-di-211-bellunesi-deportati-nei-campi-di-prigionia-in-germania-austria-e-polonia-grazie-alla-ricerca-del-veronese-roberto-zamboni\/#primaryimage"},"thumbnailUrl":"http:\/\/www.bellunopress.it\/wp-content\/uploads\/2010\/05\/roberto-zamboni.jpg","keywords":["Consultabili i nomi di 211 bellunesi deportati nei campi di prigionia in Germania Austria e Polonia grazie alla ricerca del veronese Roberto Zamboni"],"articleSection":["Arte, Cultura, Spettacoli, Scienza","Gli speciali di Bellunopress","Prima Pagina"],"inLanguage":"fr-FR"},{"@type":"WebPage","@id":"https:\/\/www.bellunopress.it\/2010\/05\/01\/consultabili-i-nomi-di-211-bellunesi-deportati-nei-campi-di-prigionia-in-germania-austria-e-polonia-grazie-alla-ricerca-del-veronese-roberto-zamboni\/","url":"https:\/\/www.bellunopress.it\/2010\/05\/01\/consultabili-i-nomi-di-211-bellunesi-deportati-nei-campi-di-prigionia-in-germania-austria-e-polonia-grazie-alla-ricerca-del-veronese-roberto-zamboni\/","name":"Consultabili i nomi di 208 bellunesi deportati nei campi di prigionia in Germania, Austria e Polonia grazie alla ricerca del veronese Roberto Zamboni - Bellunopress - Dolomiti","isPartOf":{"@id":"https:\/\/www.bellunopress.it\/#website"},"primaryImageOfPage":{"@id":"https:\/\/www.bellunopress.it\/2010\/05\/01\/consultabili-i-nomi-di-211-bellunesi-deportati-nei-campi-di-prigionia-in-germania-austria-e-polonia-grazie-alla-ricerca-del-veronese-roberto-zamboni\/#primaryimage"},"image":{"@id":"https:\/\/www.bellunopress.it\/2010\/05\/01\/consultabili-i-nomi-di-211-bellunesi-deportati-nei-campi-di-prigionia-in-germania-austria-e-polonia-grazie-alla-ricerca-del-veronese-roberto-zamboni\/#primaryimage"},"thumbnailUrl":"http:\/\/www.bellunopress.it\/wp-content\/uploads\/2010\/05\/roberto-zamboni.jpg","datePublished":"2010-05-01T20:13:56+00:00","dateModified":"2010-05-04T04:59:35+00:00","breadcrumb":{"@id":"https:\/\/www.bellunopress.it\/2010\/05\/01\/consultabili-i-nomi-di-211-bellunesi-deportati-nei-campi-di-prigionia-in-germania-austria-e-polonia-grazie-alla-ricerca-del-veronese-roberto-zamboni\/#breadcrumb"},"inLanguage":"fr-FR","potentialAction":[{"@type":"ReadAction","target":["https:\/\/www.bellunopress.it\/2010\/05\/01\/consultabili-i-nomi-di-211-bellunesi-deportati-nei-campi-di-prigionia-in-germania-austria-e-polonia-grazie-alla-ricerca-del-veronese-roberto-zamboni\/"]}]},{"@type":"ImageObject","inLanguage":"fr-FR","@id":"https:\/\/www.bellunopress.it\/2010\/05\/01\/consultabili-i-nomi-di-211-bellunesi-deportati-nei-campi-di-prigionia-in-germania-austria-e-polonia-grazie-alla-ricerca-del-veronese-roberto-zamboni\/#primaryimage","url":"http:\/\/www.bellunopress.it\/wp-content\/uploads\/2010\/05\/roberto-zamboni.jpg","contentUrl":"http:\/\/www.bellunopress.it\/wp-content\/uploads\/2010\/05\/roberto-zamboni.jpg"},{"@type":"BreadcrumbList","@id":"https:\/\/www.bellunopress.it\/2010\/05\/01\/consultabili-i-nomi-di-211-bellunesi-deportati-nei-campi-di-prigionia-in-germania-austria-e-polonia-grazie-alla-ricerca-del-veronese-roberto-zamboni\/#breadcrumb","itemListElement":[{"@type":"ListItem","position":1,"name":"Home","item":"https:\/\/www.bellunopress.it\/"},{"@type":"ListItem","position":2,"name":"Consultabili i nomi di 208 bellunesi deportati nei campi di prigionia in Germania, Austria e Polonia grazie alla ricerca del veronese Roberto Zamboni"}]},{"@type":"WebSite","@id":"https:\/\/www.bellunopress.it\/#website","url":"https:\/\/www.bellunopress.it\/","name":"Bellunopress - Dolomiti","description":"e-mail: redazione@bellunopress.it","publisher":{"@id":"https:\/\/www.bellunopress.it\/#organization"},"potentialAction":[{"@type":"SearchAction","target":{"@type":"EntryPoint","urlTemplate":"https:\/\/www.bellunopress.it\/?s={search_term_string}"},"query-input":{"@type":"PropertyValueSpecification","valueRequired":true,"valueName":"search_term_string"}}],"inLanguage":"fr-FR"},{"@type":"Organization","@id":"https:\/\/www.bellunopress.it\/#organization","name":"Bellunopress","url":"https:\/\/www.bellunopress.it\/","logo":{"@type":"ImageObject","inLanguage":"fr-FR","@id":"https:\/\/www.bellunopress.it\/#\/schema\/logo\/image\/","url":"https:\/\/www.bellunopress.it\/wp-content\/uploads\/2011\/05\/cropped-logo-bellunopress-.jpg","contentUrl":"https:\/\/www.bellunopress.it\/wp-content\/uploads\/2011\/05\/cropped-logo-bellunopress-.jpg","width":512,"height":512,"caption":"Bellunopress"},"image":{"@id":"https:\/\/www.bellunopress.it\/#\/schema\/logo\/image\/"},"sameAs":["https:\/\/www.facebook.com\/profile.php?id=100008943462799","https:\/\/x.com\/bellunopress","https:\/\/www.linkedin.com\/hp\/?dnr=JBzUWaJfMUw8vbXJJ2tVW5-I3jZKvC4wsoxE&amp;amp;amp;amp;amp;amp;trk=nav_responsive_tab_home","https:\/\/www.youtube.com\/channel\/UCxL0wu1uN0_3_7hGG0306cw"]},{"@type":"Person","@id":"https:\/\/www.bellunopress.it\/#\/schema\/person\/79bb06722b37ece1c03d3e94beb30d73","name":"r\u00e9daction","image":{"@type":"ImageObject","inLanguage":"fr-FR","@id":"https:\/\/secure.gravatar.com\/avatar\/37d968a2e67a6fd04c169c4bdef102d0bc5d31b2546345219e348575eb80e9a0?s=96&d=mm&r=g","url":"https:\/\/secure.gravatar.com\/avatar\/37d968a2e67a6fd04c169c4bdef102d0bc5d31b2546345219e348575eb80e9a0?s=96&d=mm&r=g","contentUrl":"https:\/\/secure.gravatar.com\/avatar\/37d968a2e67a6fd04c169c4bdef102d0bc5d31b2546345219e348575eb80e9a0?s=96&d=mm&r=g","caption":"redazione"},"sameAs":["http:\/\/www.bellunopress.it","https:\/\/x.com\/bellunopress"],"url":"https:\/\/www.bellunopress.it\/fr\/author\/redazione\/"}]}},"_links":{"self":[{"href":"https:\/\/www.bellunopress.it\/fr\/wp-json\/wp\/v2\/posts\/14888","targetHints":{"allow":["GET"]}}],"collection":[{"href":"https:\/\/www.bellunopress.it\/fr\/wp-json\/wp\/v2\/posts"}],"about":[{"href":"https:\/\/www.bellunopress.it\/fr\/wp-json\/wp\/v2\/types\/post"}],"author":[{"embeddable":true,"href":"https:\/\/www.bellunopress.it\/fr\/wp-json\/wp\/v2\/users\/2"}],"replies":[{"embeddable":true,"href":"https:\/\/www.bellunopress.it\/fr\/wp-json\/wp\/v2\/comments?post=14888"}],"version-history":[{"count":3,"href":"https:\/\/www.bellunopress.it\/fr\/wp-json\/wp\/v2\/posts\/14888\/revisions"}],"predecessor-version":[{"id":14892,"href":"https:\/\/www.bellunopress.it\/fr\/wp-json\/wp\/v2\/posts\/14888\/revisions\/14892"}],"wp:attachment":[{"href":"https:\/\/www.bellunopress.it\/fr\/wp-json\/wp\/v2\/media?parent=14888"}],"wp:term":[{"taxonomy":"category","embeddable":true,"href":"https:\/\/www.bellunopress.it\/fr\/wp-json\/wp\/v2\/categories?post=14888"},{"taxonomy":"post_tag","embeddable":true,"href":"https:\/\/www.bellunopress.it\/fr\/wp-json\/wp\/v2\/tags?post=14888"}],"curies":[{"name":"wp","href":"https:\/\/api.w.org\/{rel}","templated":true}]}}