{"id":148848,"date":"2024-03-03T10:30:24","date_gmt":"2024-03-03T09:30:24","guid":{"rendered":"https:\/\/www.bellunopress.it\/?p=148848"},"modified":"2024-03-03T11:45:02","modified_gmt":"2024-03-03T10:45:02","slug":"cittadini-sudditi-servi-di-filiberto-dal-molin","status":"publish","type":"post","link":"https:\/\/www.bellunopress.it\/fr\/2024\/03\/03\/cittadini-sudditi-servi-di-filiberto-dal-molin\/","title":{"rendered":"Cittadini, sudditi, servi  * di Filiberto Dal Molin"},"content":{"rendered":"<figure id=\"attachment_135571\" aria-describedby=\"caption-attachment-135571\" style=\"width: 750px\" class=\"wp-caption alignleft\"><img loading=\"lazy\" decoding=\"async\" class=\"size-full wp-image-135571\" src=\"https:\/\/www.bellunopress.it\/wp-content\/uploads\/2022\/08\/Filiberto-Dal-Molin_edited.jpg\" alt=\"\" width=\"750\" height=\"1000\" srcset=\"https:\/\/www.bellunopress.it\/wp-content\/uploads\/2022\/08\/Filiberto-Dal-Molin_edited.jpg 750w, https:\/\/www.bellunopress.it\/wp-content\/uploads\/2022\/08\/Filiberto-Dal-Molin_edited-375x500.jpg 375w, https:\/\/www.bellunopress.it\/wp-content\/uploads\/2022\/08\/Filiberto-Dal-Molin_edited-696x928.jpg 696w, https:\/\/www.bellunopress.it\/wp-content\/uploads\/2022\/08\/Filiberto-Dal-Molin_edited-315x420.jpg 315w\" sizes=\"auto, (max-width: 750px) 100vw, 750px\" \/><figcaption id=\"caption-attachment-135571\" class=\"wp-caption-text\">Filiberto Dal Molin &#8211; medico chirurgo specializzato in Radiologia, direttore sanitario della Salus, Istituto radiologico e fisiokinesiterapico con sede a Belluno.<\/figcaption><\/figure>\n<p>In questo pianeta, di cui non c&#8217;\u00e8 niente di simile in un raggio di almeno 1000 anni luce (al di l\u00e0 dei sogni pi\u00f9 audaci che sono pura e gratuita speculazione per chi pensa di colonizzare nuovi mondi) i problemi della comunit\u00e0 umana sono sempre pi\u00f9 grandi e impegnativi.<br \/>\nIn questi ultimi 100 anni si sono moltiplicati in maniera esponenziale.<\/p>\n<p>Parliamo delle situazioni che possono annullare le nostre rare e imperfette forme di democrazia o che potenzialmente possono portarci a discriminazioni economiche sempre pi\u00f9 estreme, con povert\u00e0 assolute incompatibili con la vita, oppure che minacciano di compromettere definitivamente l&#8217;attuale vita biologica dell&#8217;intero pianeta, fino alla paventata VI estinzione di massa.<\/p>\n<p>In questo contesto, che in diversi modi sta cominciando ad entrare nei pensieri e nelle espressioni pi\u00f9 o meno esplicite dell&#8217;intera popolazione mondiale, svolgono un ruolo determinante diversi fattori: l&#8217;inquinamento crescente di terra acqua e aria; le migrazioni di popolazioni derelitte a cui sono state tolte le uniche fonti di sostentamento e di reddito e che ora la nostra civilt\u00e0 occidentale vuole respingere per non accollarsi neppure una parte di un rimborso dovuto; il cambiamento climatico dovuto ad una economia di rapina di tutti i Beni Comuni che ci ha messo a disposizione il paradiso terrestre su cui abitiamo; le guerre continue per avere sempre di pi\u00f9 e di meglio, instancabilmente.<\/p>\n<p>E non \u00e8 che tutto ci\u00f2 possa durare un tempo infinito. Sono tutte situazioni che richiedono interventi decisi, condivisi e concordati per non trasmettere ai nostri nipoti problematiche del tutto degenerate e insolubili. Se cos\u00ec dovesse accadere il pianeta diverrebbe una giungla incontrollabile col predominio dei pi\u00f9 forti per le residue isole di benessere, fino alla conclusione pi\u00f9 tragica. Esattamente ci\u00f2 che possiamo aspettarci dal sedicente sapiens-sapiens! Era infatti indispensabile ripetere il concetto per ribadire la nostra superiorit\u00e0 nel mondo animale.<br \/>\nE i politici cui abbiamo concesso la nostra fiducia?<br \/>\nMediamente i politici di questo mondo hanno ben altre necessit\u00e0: il loro interesse personale, le prossime elezioni, la politica indispensabile per mantenere la propria poltrona per 3,4,5 volte il tempo stabilito dalle leggi, il PIL che cala! Non molto di pi\u00f9!<br \/>\nPeriodicamente si riuniscono, prendono in mano i report del IPCC, controllano con fastidio il livello di CO2 nell\u2019atmosfera e nell\u2019acqua (mai cos\u00ec alto negli ultimi 400.000 anni) rilevano con maggiore fastidio gli indici del Global Footprint Network (sempre pi\u00f9 passivo di anno in anno) ed egualmente parlano di \u201cSviluppo Sostenibile\u201d oppure di \u201cCrescita\u201d (anche se non sono necessari scienziati per capire che la Crescita senza fine non \u00e8 possibile) evitano di parlare di Progresso per non coprirsi di ridicolo, quindi scoprono che risolvere quei problemi \u00e8 incompatibile con la loro propria inerzia e rinviano il tutto ai posteri.<br \/>\nIn questo modo i tempi per arrivare alla \u201cgiungla\u201d son piuttosto brevi.<br \/>\nInvece la collaborazione pacifica, coordinata, integrata con i dati scientifici certi, al fine di lavorare insieme per la salvezza nostra, e del nostro pianeta irripetibile, potrebbe scongiurarla.<br \/>\nMa questo no, non piace ai nostri governanti, il testosterone non tollera compromessi, ci vuole la guerra per la quale ormai i bilanci adottati consentirebbero di risolvere in pochi decenni tutti i problemi ambientali. Per enumerare le guerre negli ultimi 100 anni ci vorrebbe una enciclopedia. I nostri governanti non studiano la storia, infatti non hanno ancora imparato che la guerra non risolve i problemi, li crea.<br \/>\nE noi cittadini, prossimi a diventare sudditi e probabilmente a morire da poveri o da servi, che cosa facciamo?<br \/>\nIl traballante carrozzone di cui abbiamo parlato ha un problema che costituisce la base di tutti problemi ed \u00e8 la Libert\u00e0 di Informazione: nel 2021 era di buon livello nei soli tre Paesi Scandinavi; sufficiente in Nord America e nell\u2019Europa occidentale, molto problematica in Italia, Albania, Grecia, Polonia Ungheria e Ucraina. Praticamente nulla oltre il centesimo posto nel mondo.<\/p>\n<p>Dall\u2019inizio della pandemia la Libert\u00e0 di Informazione si \u00e8 drammaticamente ridotta nel nostro Paese e in molti altri e nel corso di questo 2024 potrebbe subire un gravissimo peggioramento per tramite dell\u2019OMS e di chi la controlla.<br \/>\nOrmai \u00e8 certo, anche per le menti pi\u00f9 distratte e pi\u00f9 deboli, che la gestione politica della pandemia, voluta e organizzata attraverso l\u2019OMS, altre Istituzioni internazionali e potentissimi gruppi privati, ha escluso ogni alternativa di terapia proposta da medici e istituzioni di alto livello, ha escluso ogni confronto scientifico istituzionale come sempre richiesto, tra gli altri, dalla Commissione Medico Scientifica Indipendente (CMSi), ha ignorato tutti i documenti che gruppi di medici qualificati e di avvocati hanno spedito ai vertici sanitari nazionali e mondiali per evidenziare errori, contraddizioni, statistiche fasulle e atti di vero e proprio crimine sanitario, contrari alla libert\u00e0 delle persone e molto pericolosi o micidiali per la loro salute.<br \/>\nL\u2019OMS, soddisfatta del suo operato e fortemente condizionata da un \u201cfilantropo\u201d come Bill Gates, propone a tutti gli Stati iscritti di gestire in proprio, con metodo totalitario, la Salute del mondo. In Francia Macron, pi\u00f9 solerte e integrato di tutti, ha gi\u00e0 proposto multe salatissime e galera per quelli che si permettono di criticare farmaci decisi dallo Stato, i vaccini e la loro efficacia.<\/p>\n<p>\u00c8 chiaro che questa non \u00e8 una situazione urgente, ma urgentissima, da contrastare entro la fine di maggio, proponendo ai cittadini notizie che la nostra stampa nazionale si rifiuta di trasmettere, secondo ordini dall\u2019alto, e senza alcuna parvenza di dissenso.<br \/>\nPer tale motivo avremo a Belluno in questo mese di marzo un Convegno su questo argomento, aperto a tutti i medici, e allo stesso presidente dell\u2019Ordine dei Medici, che potr\u00e0 spiegare ai colleghi e alla popolazione il suo punto di vista sulla pandemia e sulla proposta dell\u2019OMS. Sperando che precedenti improrogabili impegni per il pomeriggio di sabato 23 marzo non gli impediscano di partecipare. In tal caso per\u00f2 potrebbe essere sostituito da uno dei suoi consiglieri.<br \/>\nIn questa occasione il dott. Alberto Donzelli, ben conosciuto anche al di fuori d\u2019Italia per la sua instancabile attivit\u00e0 nella CMSi, ha accettato di presenziare come relatore al Convegno.<\/p>\n<p>Dr Filiberto Dal Molin<\/p>","protected":false},"excerpt":{"rendered":"<p>In questo pianeta, di cui non c&#8217;\u00e8 niente di simile in un raggio di almeno 1000 anni luce (al di l\u00e0 dei sogni pi\u00f9 audaci che sono pura e gratuita speculazione per chi pensa di colonizzare nuovi mondi) i problemi della comunit\u00e0 umana sono sempre pi\u00f9 grandi e impegnativi. In questi ultimi 100 anni si [&hellip;]<\/p>\n","protected":false},"author":2,"featured_media":135571,"comment_status":"closed","ping_status":"open","sticky":false,"template":"","format":"standard","meta":{"footnotes":""},"categories":[3614,26,8],"tags":[],"class_list":["post-148848","post","type-post","status-publish","format-standard","has-post-thumbnail","category-controcorrente","category-prima-pagina","category-societa-istituzioni"],"yoast_head":"<!-- This site is optimized with the Yoast SEO plugin v28.4 - https:\/\/yoast.com\/product\/yoast-seo-wordpress\/ -->\n<title>Cittadini, sudditi, servi * di Filiberto Dal Molin - Bellunopress - Dolomiti<\/title>\n<meta name=\"robots\" content=\"index, follow, max-snippet:-1, max-image-preview:large, max-video-preview:-1\" \/>\n<link rel=\"canonical\" href=\"https:\/\/www.bellunopress.it\/fr\/2024\/03\/03\/cittadini-sudditi-servi-di-filiberto-dal-molin\/\" \/>\n<meta property=\"og:locale\" content=\"fr_FR\" \/>\n<meta property=\"og:type\" content=\"article\" \/>\n<meta property=\"og:title\" content=\"Cittadini, sudditi, servi * di Filiberto Dal Molin - Bellunopress - Dolomiti\" \/>\n<meta property=\"og:description\" content=\"In questo pianeta, di cui non c&#8217;\u00e8 niente di simile in un raggio di almeno 1000 anni luce (al di l\u00e0 dei sogni pi\u00f9 audaci che sono pura e gratuita speculazione per chi pensa di colonizzare nuovi mondi) i problemi della comunit\u00e0 umana sono sempre pi\u00f9 grandi e impegnativi. In questi ultimi 100 anni si [&hellip;]\" \/>\n<meta property=\"og:url\" content=\"https:\/\/www.bellunopress.it\/fr\/2024\/03\/03\/cittadini-sudditi-servi-di-filiberto-dal-molin\/\" \/>\n<meta property=\"og:site_name\" content=\"Bellunopress - Dolomiti\" \/>\n<meta property=\"article:publisher\" content=\"https:\/\/www.facebook.com\/profile.php?id=100008943462799\" \/>\n<meta property=\"article:published_time\" content=\"2024-03-03T09:30:24+00:00\" \/>\n<meta property=\"article:modified_time\" content=\"2024-03-03T10:45:02+00:00\" \/>\n<meta property=\"og:image\" content=\"https:\/\/www.bellunopress.it\/wp-content\/uploads\/2022\/08\/Filiberto-Dal-Molin_edited.jpg\" \/>\n\t<meta property=\"og:image:width\" content=\"750\" \/>\n\t<meta property=\"og:image:height\" content=\"1000\" \/>\n\t<meta property=\"og:image:type\" content=\"image\/jpeg\" \/>\n<meta name=\"author\" content=\"redazione\" \/>\n<meta name=\"twitter:card\" content=\"summary_large_image\" \/>\n<meta name=\"twitter:creator\" content=\"@bellunopress\" \/>\n<meta name=\"twitter:site\" content=\"@bellunopress\" \/>\n<meta name=\"twitter:label1\" content=\"\u00c9crit par\" \/>\n\t<meta name=\"twitter:data1\" content=\"redazione\" \/>\n\t<meta name=\"twitter:label2\" content=\"Dur\u00e9e de lecture estim\u00e9e\" \/>\n\t<meta name=\"twitter:data2\" content=\"5 minutes\" \/>\n<script type=\"application\/ld+json\" class=\"yoast-schema-graph\">{\"@context\":\"https:\\\/\\\/schema.org\",\"@graph\":[{\"@type\":\"Article\",\"@id\":\"https:\\\/\\\/www.bellunopress.it\\\/2024\\\/03\\\/03\\\/cittadini-sudditi-servi-di-filiberto-dal-molin\\\/#article\",\"isPartOf\":{\"@id\":\"https:\\\/\\\/www.bellunopress.it\\\/2024\\\/03\\\/03\\\/cittadini-sudditi-servi-di-filiberto-dal-molin\\\/\"},\"author\":{\"name\":\"redazione\",\"@id\":\"https:\\\/\\\/www.bellunopress.it\\\/#\\\/schema\\\/person\\\/79bb06722b37ece1c03d3e94beb30d73\"},\"headline\":\"Cittadini, sudditi, servi * di Filiberto Dal Molin\",\"datePublished\":\"2024-03-03T09:30:24+00:00\",\"dateModified\":\"2024-03-03T10:45:02+00:00\",\"mainEntityOfPage\":{\"@id\":\"https:\\\/\\\/www.bellunopress.it\\\/2024\\\/03\\\/03\\\/cittadini-sudditi-servi-di-filiberto-dal-molin\\\/\"},\"wordCount\":1029,\"publisher\":{\"@id\":\"https:\\\/\\\/www.bellunopress.it\\\/#organization\"},\"image\":{\"@id\":\"https:\\\/\\\/www.bellunopress.it\\\/2024\\\/03\\\/03\\\/cittadini-sudditi-servi-di-filiberto-dal-molin\\\/#primaryimage\"},\"thumbnailUrl\":\"https:\\\/\\\/www.bellunopress.it\\\/wp-content\\\/uploads\\\/2022\\\/08\\\/Filiberto-Dal-Molin_edited.jpg\",\"articleSection\":[\"Controcorrente Dr Filiberto Dal Molin\",\"Prima Pagina\",\"Societ\u00e0, Associazioni, Istituzioni\"],\"inLanguage\":\"fr-FR\"},{\"@type\":\"WebPage\",\"@id\":\"https:\\\/\\\/www.bellunopress.it\\\/2024\\\/03\\\/03\\\/cittadini-sudditi-servi-di-filiberto-dal-molin\\\/\",\"url\":\"https:\\\/\\\/www.bellunopress.it\\\/2024\\\/03\\\/03\\\/cittadini-sudditi-servi-di-filiberto-dal-molin\\\/\",\"name\":\"Cittadini, sudditi, servi * di Filiberto Dal Molin - Bellunopress - Dolomiti\",\"isPartOf\":{\"@id\":\"https:\\\/\\\/www.bellunopress.it\\\/#website\"},\"primaryImageOfPage\":{\"@id\":\"https:\\\/\\\/www.bellunopress.it\\\/2024\\\/03\\\/03\\\/cittadini-sudditi-servi-di-filiberto-dal-molin\\\/#primaryimage\"},\"image\":{\"@id\":\"https:\\\/\\\/www.bellunopress.it\\\/2024\\\/03\\\/03\\\/cittadini-sudditi-servi-di-filiberto-dal-molin\\\/#primaryimage\"},\"thumbnailUrl\":\"https:\\\/\\\/www.bellunopress.it\\\/wp-content\\\/uploads\\\/2022\\\/08\\\/Filiberto-Dal-Molin_edited.jpg\",\"datePublished\":\"2024-03-03T09:30:24+00:00\",\"dateModified\":\"2024-03-03T10:45:02+00:00\",\"breadcrumb\":{\"@id\":\"https:\\\/\\\/www.bellunopress.it\\\/2024\\\/03\\\/03\\\/cittadini-sudditi-servi-di-filiberto-dal-molin\\\/#breadcrumb\"},\"inLanguage\":\"fr-FR\",\"potentialAction\":[{\"@type\":\"ReadAction\",\"target\":[\"https:\\\/\\\/www.bellunopress.it\\\/2024\\\/03\\\/03\\\/cittadini-sudditi-servi-di-filiberto-dal-molin\\\/\"]}]},{\"@type\":\"ImageObject\",\"inLanguage\":\"fr-FR\",\"@id\":\"https:\\\/\\\/www.bellunopress.it\\\/2024\\\/03\\\/03\\\/cittadini-sudditi-servi-di-filiberto-dal-molin\\\/#primaryimage\",\"url\":\"https:\\\/\\\/www.bellunopress.it\\\/wp-content\\\/uploads\\\/2022\\\/08\\\/Filiberto-Dal-Molin_edited.jpg\",\"contentUrl\":\"https:\\\/\\\/www.bellunopress.it\\\/wp-content\\\/uploads\\\/2022\\\/08\\\/Filiberto-Dal-Molin_edited.jpg\",\"width\":750,\"height\":1000,\"caption\":\"Filiberto Dal Molin - medico chirurgo specializzato in Radiologia, direttore sanitario della Salus, Istituto radiologico e fisiokinesiterapico con sede a Belluno.\"},{\"@type\":\"BreadcrumbList\",\"@id\":\"https:\\\/\\\/www.bellunopress.it\\\/2024\\\/03\\\/03\\\/cittadini-sudditi-servi-di-filiberto-dal-molin\\\/#breadcrumb\",\"itemListElement\":[{\"@type\":\"ListItem\",\"position\":1,\"name\":\"Home\",\"item\":\"https:\\\/\\\/www.bellunopress.it\\\/\"},{\"@type\":\"ListItem\",\"position\":2,\"name\":\"Cittadini, sudditi, servi * di Filiberto Dal Molin\"}]},{\"@type\":\"WebSite\",\"@id\":\"https:\\\/\\\/www.bellunopress.it\\\/#website\",\"url\":\"https:\\\/\\\/www.bellunopress.it\\\/\",\"name\":\"Bellunopress - Dolomiti\",\"description\":\"e-mail: redazione@bellunopress.it\",\"publisher\":{\"@id\":\"https:\\\/\\\/www.bellunopress.it\\\/#organization\"},\"potentialAction\":[{\"@type\":\"SearchAction\",\"target\":{\"@type\":\"EntryPoint\",\"urlTemplate\":\"https:\\\/\\\/www.bellunopress.it\\\/?s={search_term_string}\"},\"query-input\":{\"@type\":\"PropertyValueSpecification\",\"valueRequired\":true,\"valueName\":\"search_term_string\"}}],\"inLanguage\":\"fr-FR\"},{\"@type\":\"Organization\",\"@id\":\"https:\\\/\\\/www.bellunopress.it\\\/#organization\",\"name\":\"Bellunopress\",\"url\":\"https:\\\/\\\/www.bellunopress.it\\\/\",\"logo\":{\"@type\":\"ImageObject\",\"inLanguage\":\"fr-FR\",\"@id\":\"https:\\\/\\\/www.bellunopress.it\\\/#\\\/schema\\\/logo\\\/image\\\/\",\"url\":\"https:\\\/\\\/www.bellunopress.it\\\/wp-content\\\/uploads\\\/2011\\\/05\\\/cropped-logo-bellunopress-.jpg\",\"contentUrl\":\"https:\\\/\\\/www.bellunopress.it\\\/wp-content\\\/uploads\\\/2011\\\/05\\\/cropped-logo-bellunopress-.jpg\",\"width\":512,\"height\":512,\"caption\":\"Bellunopress\"},\"image\":{\"@id\":\"https:\\\/\\\/www.bellunopress.it\\\/#\\\/schema\\\/logo\\\/image\\\/\"},\"sameAs\":[\"https:\\\/\\\/www.facebook.com\\\/profile.php?id=100008943462799\",\"https:\\\/\\\/x.com\\\/bellunopress\",\"https:\\\/\\\/www.linkedin.com\\\/hp\\\/?dnr=JBzUWaJfMUw8vbXJJ2tVW5-I3jZKvC4wsoxE&amp;amp;amp;amp;amp;amp;trk=nav_responsive_tab_home\",\"https:\\\/\\\/www.youtube.com\\\/channel\\\/UCxL0wu1uN0_3_7hGG0306cw\"]},{\"@type\":\"Person\",\"@id\":\"https:\\\/\\\/www.bellunopress.it\\\/#\\\/schema\\\/person\\\/79bb06722b37ece1c03d3e94beb30d73\",\"name\":\"redazione\",\"image\":{\"@type\":\"ImageObject\",\"inLanguage\":\"fr-FR\",\"@id\":\"https:\\\/\\\/secure.gravatar.com\\\/avatar\\\/37d968a2e67a6fd04c169c4bdef102d0bc5d31b2546345219e348575eb80e9a0?s=96&d=mm&r=g\",\"url\":\"https:\\\/\\\/secure.gravatar.com\\\/avatar\\\/37d968a2e67a6fd04c169c4bdef102d0bc5d31b2546345219e348575eb80e9a0?s=96&d=mm&r=g\",\"contentUrl\":\"https:\\\/\\\/secure.gravatar.com\\\/avatar\\\/37d968a2e67a6fd04c169c4bdef102d0bc5d31b2546345219e348575eb80e9a0?s=96&d=mm&r=g\",\"caption\":\"redazione\"},\"sameAs\":[\"http:\\\/\\\/www.bellunopress.it\",\"https:\\\/\\\/x.com\\\/bellunopress\"],\"url\":\"https:\\\/\\\/www.bellunopress.it\\\/fr\\\/author\\\/redazione\\\/\"}]}<\/script>\n<!-- \/ Yoast SEO plugin. -->","yoast_head_json":{"title":"Cittadini, sudditi, servi * di Filiberto Dal Molin - Bellunopress - Dolomiti","robots":{"index":"index","follow":"follow","max-snippet":"max-snippet:-1","max-image-preview":"max-image-preview:large","max-video-preview":"max-video-preview:-1"},"canonical":"https:\/\/www.bellunopress.it\/fr\/2024\/03\/03\/cittadini-sudditi-servi-di-filiberto-dal-molin\/","og_locale":"fr_FR","og_type":"article","og_title":"Cittadini, sudditi, servi * di Filiberto Dal Molin - Bellunopress - Dolomiti","og_description":"In questo pianeta, di cui non c&#8217;\u00e8 niente di simile in un raggio di almeno 1000 anni luce (al di l\u00e0 dei sogni pi\u00f9 audaci che sono pura e gratuita speculazione per chi pensa di colonizzare nuovi mondi) i problemi della comunit\u00e0 umana sono sempre pi\u00f9 grandi e impegnativi. In questi ultimi 100 anni si [&hellip;]","og_url":"https:\/\/www.bellunopress.it\/fr\/2024\/03\/03\/cittadini-sudditi-servi-di-filiberto-dal-molin\/","og_site_name":"Bellunopress - Dolomiti","article_publisher":"https:\/\/www.facebook.com\/profile.php?id=100008943462799","article_published_time":"2024-03-03T09:30:24+00:00","article_modified_time":"2024-03-03T10:45:02+00:00","og_image":[{"width":750,"height":1000,"url":"https:\/\/www.bellunopress.it\/wp-content\/uploads\/2022\/08\/Filiberto-Dal-Molin_edited.jpg","type":"image\/jpeg"}],"author":"redazione","twitter_card":"summary_large_image","twitter_creator":"@bellunopress","twitter_site":"@bellunopress","twitter_misc":{"\u00c9crit par":"redazione","Dur\u00e9e de lecture estim\u00e9e":"5 minutes"},"schema":{"@context":"https:\/\/schema.org","@graph":[{"@type":"Article","@id":"https:\/\/www.bellunopress.it\/2024\/03\/03\/cittadini-sudditi-servi-di-filiberto-dal-molin\/#article","isPartOf":{"@id":"https:\/\/www.bellunopress.it\/2024\/03\/03\/cittadini-sudditi-servi-di-filiberto-dal-molin\/"},"author":{"name":"redazione","@id":"https:\/\/www.bellunopress.it\/#\/schema\/person\/79bb06722b37ece1c03d3e94beb30d73"},"headline":"Cittadini, sudditi, servi * di Filiberto Dal Molin","datePublished":"2024-03-03T09:30:24+00:00","dateModified":"2024-03-03T10:45:02+00:00","mainEntityOfPage":{"@id":"https:\/\/www.bellunopress.it\/2024\/03\/03\/cittadini-sudditi-servi-di-filiberto-dal-molin\/"},"wordCount":1029,"publisher":{"@id":"https:\/\/www.bellunopress.it\/#organization"},"image":{"@id":"https:\/\/www.bellunopress.it\/2024\/03\/03\/cittadini-sudditi-servi-di-filiberto-dal-molin\/#primaryimage"},"thumbnailUrl":"https:\/\/www.bellunopress.it\/wp-content\/uploads\/2022\/08\/Filiberto-Dal-Molin_edited.jpg","articleSection":["Controcorrente Dr Filiberto Dal Molin","Prima Pagina","Societ\u00e0, Associazioni, Istituzioni"],"inLanguage":"fr-FR"},{"@type":"WebPage","@id":"https:\/\/www.bellunopress.it\/2024\/03\/03\/cittadini-sudditi-servi-di-filiberto-dal-molin\/","url":"https:\/\/www.bellunopress.it\/2024\/03\/03\/cittadini-sudditi-servi-di-filiberto-dal-molin\/","name":"Cittadini, sudditi, servi * di Filiberto Dal Molin - Bellunopress - Dolomiti","isPartOf":{"@id":"https:\/\/www.bellunopress.it\/#website"},"primaryImageOfPage":{"@id":"https:\/\/www.bellunopress.it\/2024\/03\/03\/cittadini-sudditi-servi-di-filiberto-dal-molin\/#primaryimage"},"image":{"@id":"https:\/\/www.bellunopress.it\/2024\/03\/03\/cittadini-sudditi-servi-di-filiberto-dal-molin\/#primaryimage"},"thumbnailUrl":"https:\/\/www.bellunopress.it\/wp-content\/uploads\/2022\/08\/Filiberto-Dal-Molin_edited.jpg","datePublished":"2024-03-03T09:30:24+00:00","dateModified":"2024-03-03T10:45:02+00:00","breadcrumb":{"@id":"https:\/\/www.bellunopress.it\/2024\/03\/03\/cittadini-sudditi-servi-di-filiberto-dal-molin\/#breadcrumb"},"inLanguage":"fr-FR","potentialAction":[{"@type":"ReadAction","target":["https:\/\/www.bellunopress.it\/2024\/03\/03\/cittadini-sudditi-servi-di-filiberto-dal-molin\/"]}]},{"@type":"ImageObject","inLanguage":"fr-FR","@id":"https:\/\/www.bellunopress.it\/2024\/03\/03\/cittadini-sudditi-servi-di-filiberto-dal-molin\/#primaryimage","url":"https:\/\/www.bellunopress.it\/wp-content\/uploads\/2022\/08\/Filiberto-Dal-Molin_edited.jpg","contentUrl":"https:\/\/www.bellunopress.it\/wp-content\/uploads\/2022\/08\/Filiberto-Dal-Molin_edited.jpg","width":750,"height":1000,"caption":"Filiberto Dal Molin - medico chirurgo specializzato in Radiologia, direttore sanitario della Salus, Istituto radiologico e fisiokinesiterapico con sede a Belluno."},{"@type":"BreadcrumbList","@id":"https:\/\/www.bellunopress.it\/2024\/03\/03\/cittadini-sudditi-servi-di-filiberto-dal-molin\/#breadcrumb","itemListElement":[{"@type":"ListItem","position":1,"name":"Home","item":"https:\/\/www.bellunopress.it\/"},{"@type":"ListItem","position":2,"name":"Cittadini, sudditi, servi * di Filiberto Dal Molin"}]},{"@type":"WebSite","@id":"https:\/\/www.bellunopress.it\/#website","url":"https:\/\/www.bellunopress.it\/","name":"Bellunopress - Dolomiti","description":"e-mail: redazione@bellunopress.it","publisher":{"@id":"https:\/\/www.bellunopress.it\/#organization"},"potentialAction":[{"@type":"SearchAction","target":{"@type":"EntryPoint","urlTemplate":"https:\/\/www.bellunopress.it\/?s={search_term_string}"},"query-input":{"@type":"PropertyValueSpecification","valueRequired":true,"valueName":"search_term_string"}}],"inLanguage":"fr-FR"},{"@type":"Organization","@id":"https:\/\/www.bellunopress.it\/#organization","name":"Bellunopress","url":"https:\/\/www.bellunopress.it\/","logo":{"@type":"ImageObject","inLanguage":"fr-FR","@id":"https:\/\/www.bellunopress.it\/#\/schema\/logo\/image\/","url":"https:\/\/www.bellunopress.it\/wp-content\/uploads\/2011\/05\/cropped-logo-bellunopress-.jpg","contentUrl":"https:\/\/www.bellunopress.it\/wp-content\/uploads\/2011\/05\/cropped-logo-bellunopress-.jpg","width":512,"height":512,"caption":"Bellunopress"},"image":{"@id":"https:\/\/www.bellunopress.it\/#\/schema\/logo\/image\/"},"sameAs":["https:\/\/www.facebook.com\/profile.php?id=100008943462799","https:\/\/x.com\/bellunopress","https:\/\/www.linkedin.com\/hp\/?dnr=JBzUWaJfMUw8vbXJJ2tVW5-I3jZKvC4wsoxE&amp;amp;amp;amp;amp;amp;trk=nav_responsive_tab_home","https:\/\/www.youtube.com\/channel\/UCxL0wu1uN0_3_7hGG0306cw"]},{"@type":"Person","@id":"https:\/\/www.bellunopress.it\/#\/schema\/person\/79bb06722b37ece1c03d3e94beb30d73","name":"r\u00e9daction","image":{"@type":"ImageObject","inLanguage":"fr-FR","@id":"https:\/\/secure.gravatar.com\/avatar\/37d968a2e67a6fd04c169c4bdef102d0bc5d31b2546345219e348575eb80e9a0?s=96&d=mm&r=g","url":"https:\/\/secure.gravatar.com\/avatar\/37d968a2e67a6fd04c169c4bdef102d0bc5d31b2546345219e348575eb80e9a0?s=96&d=mm&r=g","contentUrl":"https:\/\/secure.gravatar.com\/avatar\/37d968a2e67a6fd04c169c4bdef102d0bc5d31b2546345219e348575eb80e9a0?s=96&d=mm&r=g","caption":"redazione"},"sameAs":["http:\/\/www.bellunopress.it","https:\/\/x.com\/bellunopress"],"url":"https:\/\/www.bellunopress.it\/fr\/author\/redazione\/"}]}},"_links":{"self":[{"href":"https:\/\/www.bellunopress.it\/fr\/wp-json\/wp\/v2\/posts\/148848","targetHints":{"allow":["GET"]}}],"collection":[{"href":"https:\/\/www.bellunopress.it\/fr\/wp-json\/wp\/v2\/posts"}],"about":[{"href":"https:\/\/www.bellunopress.it\/fr\/wp-json\/wp\/v2\/types\/post"}],"author":[{"embeddable":true,"href":"https:\/\/www.bellunopress.it\/fr\/wp-json\/wp\/v2\/users\/2"}],"replies":[{"embeddable":true,"href":"https:\/\/www.bellunopress.it\/fr\/wp-json\/wp\/v2\/comments?post=148848"}],"version-history":[{"count":3,"href":"https:\/\/www.bellunopress.it\/fr\/wp-json\/wp\/v2\/posts\/148848\/revisions"}],"predecessor-version":[{"id":148851,"href":"https:\/\/www.bellunopress.it\/fr\/wp-json\/wp\/v2\/posts\/148848\/revisions\/148851"}],"wp:featuredmedia":[{"embeddable":true,"href":"https:\/\/www.bellunopress.it\/fr\/wp-json\/wp\/v2\/media\/135571"}],"wp:attachment":[{"href":"https:\/\/www.bellunopress.it\/fr\/wp-json\/wp\/v2\/media?parent=148848"}],"wp:term":[{"taxonomy":"category","embeddable":true,"href":"https:\/\/www.bellunopress.it\/fr\/wp-json\/wp\/v2\/categories?post=148848"},{"taxonomy":"post_tag","embeddable":true,"href":"https:\/\/www.bellunopress.it\/fr\/wp-json\/wp\/v2\/tags?post=148848"}],"curies":[{"name":"wp","href":"https:\/\/api.w.org\/{rel}","templated":true}]}}