{"id":148812,"date":"2024-03-03T11:56:06","date_gmt":"2024-03-03T10:56:06","guid":{"rendered":"https:\/\/www.bellunopress.it\/?p=148812"},"modified":"2024-03-01T17:11:07","modified_gmt":"2024-03-01T16:11:07","slug":"domenica-17-marzo-a-treviso-torna-la-rassegna-dellais-veneto-vinetia-tasting-il-veneto-nel-calice","status":"publish","type":"post","link":"https:\/\/www.bellunopress.it\/fr\/2024\/03\/03\/domenica-17-marzo-a-treviso-torna-la-rassegna-dellais-veneto-vinetia-tasting-il-veneto-nel-calice\/","title":{"rendered":"Domenica 17 marzo a Treviso torna la rassegna dell&#8217;Ais Veneto Vinetia Tasting, il Veneto nel calice"},"content":{"rendered":"<p><img loading=\"lazy\" decoding=\"async\" class=\"alignleft size-full wp-image-133217\" src=\"https:\/\/www.bellunopress.it\/wp-content\/uploads\/2022\/05\/Vinetia-2022-Ais-vino-veneto.jpg\" alt=\"\" width=\"1000\" height=\"666\" srcset=\"https:\/\/www.bellunopress.it\/wp-content\/uploads\/2022\/05\/Vinetia-2022-Ais-vino-veneto.jpg 1000w, https:\/\/www.bellunopress.it\/wp-content\/uploads\/2022\/05\/Vinetia-2022-Ais-vino-veneto-500x333.jpg 500w, https:\/\/www.bellunopress.it\/wp-content\/uploads\/2022\/05\/Vinetia-2022-Ais-vino-veneto-696x464.jpg 696w, https:\/\/www.bellunopress.it\/wp-content\/uploads\/2022\/05\/Vinetia-2022-Ais-vino-veneto-631x420.jpg 631w\" sizes=\"auto, (max-width: 1000px) 100vw, 1000px\" \/><\/p>\n<p>&nbsp;<\/p>\n<p>Domenica 17 marzo banchi d\u2019assaggio e masterclass con i migliori vini secondo la guida Vinetia. AIS Veneto premia le cantine d\u2019eccellenza con il Memorial Dino Marchi<\/p>\n<p>Un\u2019intera giornata dedicata alla scoperta dei migliori vini del Veneto nel cuore di Treviso: domenica 17 marzo Vinetia Tasting \u2013 Il Veneto nel Calice torna alla Camera di Commercio di Treviso e Belluno. Giunto alla terza edizione, l\u2019evento annuale organizzato da AIS Veneto invita gli appassionati ad assaggiare le eccellenze della regione, selezionate con cura dai degustatori esperti della guida Vinetia 2024.<br \/>\nVinetia Tasting, aperto dalle 10.30 alle 19.00, propone banchi d\u2019assaggio per scoprire le storie e le tradizioni che si celano in ogni calice e prevede tre masterclass condotte da esperti del settore per approfondire diversi territori ed eccellenze. Il Custoza: stili ed evoluzioni \u00e8 il primo incontro della giornata: in programma alle ore 13.00, \u00e8 guidato da Costantino Gabardi, wine expert e degustatore internazionale, e da Gianpaolo Breda, Presidente di AIS Veneto, in collaborazione con il Consorzio di Tutela Vini Custoza Doc. Segue alle 15.00 la masterclass organizzata assieme al Consorzio di Tutela Vini Valpolicella Il Recioto della Valpolicella, presentata da Alberto Brunelli, enologo responsabile tecnico del Consorzio, e da Gianpaolo Breda. Infine, alle 17.00, appuntamento con I bordolesi veneti, approfondimento curato dal docente AIS Vito Francesco D\u2019Amanti dedicato ai vitigni internazionali destinati alla produzione di grandi vini veneti.<br \/>\n\u201cVinetia Tasting \u2013 Il Veneto nel Calice \u2013 spiega Gianpaolo Breda \u2013 \u00e8 pensata per valorizzare non solo la qualit\u00e0 dei vini, ma anche la storia, la cultura e la passione che si celano dietro a ogni bottiglia. Vinetia Tasting \u00e8 molto pi\u00f9 di un evento enoico: \u00e8 un incontro con le radici del nostro territorio, un viaggio attraverso paesaggi viticoli che raccontano storie secolari. Questa giornata \u00e8 un tributo alla maestria dei nostri produttori, custodi di tradizioni che si rinnovano a ogni sorso\u201d.<br \/>\nAlle 11.00 si svolge invece il Memorial Dino Marchi, riconoscimento dedicato al gi\u00e0 Presidente di AIS Veneto e figura carismatica del mondo della Sommellerie, che quest\u2019anno premia cinque aziende della Guida ai Vini del Veneto Vinetia per il ruolo svolto in altrettante categorie: tutela del paesaggio, salvaguardia della biodiversit\u00e0 e dei vitigni storici, promozione del territorio e dell&#8217;enoturismo, impegno sociale e promozione dell\u2019arte e della cultura.<br \/>\nPer partecipare all&#8217;evento e ottenere ulteriori informazioni, \u00e8 possibile visitare il sito ufficiale all&#8217;indirizzo <a href=\"http:\/\/we.aisveneto.it\/eventi\/vinetiatasting\">we.aisveneto.it\/eventi\/vinetiatasting<\/a>.<\/p>\n<p><strong>Il Programma<\/strong><\/p>\n<p>Ore 10.30<br \/>\nApertura dei banchi d\u2019assaggio con i vini e i produttori selezionati dalla guida di AIS Veneto.<\/p>\n<p>Ore 11.00<br \/>\nPremiazione Memorial Dino Marchi<br \/>\nAIS Veneto ha istituito un premio speciale alla memoria di Dino Marchi, gi\u00e0 Presidente dell\u2019Associazione regionale e figura carismatica della Sommellerie. Il riconoscimento verr\u00e0 assegnato alle cantine che rientrano nella Guida ai Vini del Veneto Vinetia e che partecipano a Vinetia Tasting. Il Memorial Dino Marchi vuole premiare le realt\u00e0 che si sono distinte nell\u2019aver dato concretezza al perseguimento di determinati valori: la tutela del paesaggio, la salvaguardia della biodiversit\u00e0 e dei vitigni storici, la promozione del territorio e dell\u2019enoturismo, l\u2019impegno per il sociale, la promozione dell\u2019arte e della cultura.<\/p>\n<p>Ore 13.00<br \/>\nMasterclass Il Custoza: Stili ed Evoluzioni<br \/>\nUn incontro per esplorare e comunicare la ricchezza del territorio del Custoza. Ci\u00f2 che rende questa denominazione unica \u00e8 l&#8217;armoniosa fusione di variet\u00e0 di uve autoctone, ognuna delle quali contribuisce a completare e arricchire le altre, donando al vino una straordinaria complessit\u00e0 e unicit\u00e0 sensoriale. Conducono Costantino Gabardi, wine expert e degustatore internazionale, e Gianpaolo Breda, Presidente AIS Veneto.<br \/>\nLa masterclass \u00e8 organizzata in collaborazione con il Consorzio di Tutela Vini Custoza Doc.<\/p>\n<p>Ore 15.00<br \/>\nMasterclass Il Recioto della Valpolicella<br \/>\nIl Recioto \u00e8 il padre dell&#8217;Amarone e uno dei vini pi\u00f9 antichi al mondo: numerose testimonianze storiche affermano che in Valpolicella si produceva un vino dolce da uve appassite da prima che i romani colonizzassero l\u2019area. Una leggenda che ci accompagna nei secoli e che sar\u00e0 descritta con grande competenza da Alberto Brunelli, enologo responsabile tecnico del Consorzio della Valpolicella, e dal Presidente AIS Veneto Gianpaolo Breda.<br \/>\nLa masterclass \u00e8 organizzata in collaborazione con il Consorzio di Tutela Vini Valpolicella.<\/p>\n<p>Ore 17.00<br \/>\nMasterclass I Bordolesi Veneti<br \/>\nNel 1792 i Conti Corinaldi acquistano il Monastero di Lispida, ai piedi dei Colli Euganei, e vi costruiscono imponenti cantine. Per primi in Italia iniziano a impiantare vitigni \u201cbordolesi\u201d destinati alla produzione di grandi vini veneti. In breve tempo queste variet\u00e0 si diffondono in tutta la regione, in particolare nei Colli Euganei, nei Colli Berici e sul Montello. A raccontare la storia e guidare la degustazione il docente AIS Vito Francesco D\u2019Amanti.<\/p>\n<p>Domenica 17 marzo 2024, ore 10.30<br \/>\nCamera di Commercio di Treviso e Belluno<br \/>\nPiazza Borsa, 3B, Treviso<\/p>\n<p>&nbsp;<\/p>\n<p>&nbsp;<\/p>","protected":false},"excerpt":{"rendered":"<p>&nbsp; Domenica 17 marzo banchi d\u2019assaggio e masterclass con i migliori vini secondo la guida Vinetia. AIS Veneto premia le cantine d\u2019eccellenza con il Memorial Dino Marchi Un\u2019intera giornata dedicata alla scoperta dei migliori vini del Veneto nel cuore di Treviso: domenica 17 marzo Vinetia Tasting \u2013 Il Veneto nel Calice torna alla Camera di [&hellip;]<\/p>\n","protected":false},"author":2,"featured_media":133217,"comment_status":"closed","ping_status":"open","sticky":false,"template":"","format":"standard","meta":{"footnotes":""},"categories":[3393,25],"tags":[],"class_list":["post-148812","post","type-post","status-publish","format-standard","has-post-thumbnail","category-eventi-enogastronomici","category-pausa-caffe"],"yoast_head":"<!-- This site is optimized with the Yoast SEO plugin v28.4 - https:\/\/yoast.com\/product\/yoast-seo-wordpress\/ -->\n<title>Domenica 17 marzo a Treviso torna la rassegna dell&#039;Ais Veneto Vinetia Tasting, il Veneto nel calice - Bellunopress - Dolomiti<\/title>\n<meta name=\"robots\" content=\"index, follow, max-snippet:-1, max-image-preview:large, max-video-preview:-1\" \/>\n<link rel=\"canonical\" href=\"https:\/\/www.bellunopress.it\/fr\/2024\/03\/03\/domenica-17-marzo-a-treviso-torna-la-rassegna-dellais-veneto-vinetia-tasting-il-veneto-nel-calice\/\" \/>\n<meta property=\"og:locale\" content=\"fr_FR\" \/>\n<meta property=\"og:type\" content=\"article\" \/>\n<meta property=\"og:title\" content=\"Domenica 17 marzo a Treviso torna la rassegna dell&#039;Ais Veneto Vinetia Tasting, il Veneto nel calice - Bellunopress - Dolomiti\" \/>\n<meta property=\"og:description\" content=\"&nbsp; Domenica 17 marzo banchi d\u2019assaggio e masterclass con i migliori vini secondo la guida Vinetia. AIS Veneto premia le cantine d\u2019eccellenza con il Memorial Dino Marchi Un\u2019intera giornata dedicata alla scoperta dei migliori vini del Veneto nel cuore di Treviso: domenica 17 marzo Vinetia Tasting \u2013 Il Veneto nel Calice torna alla Camera di [&hellip;]\" \/>\n<meta property=\"og:url\" content=\"https:\/\/www.bellunopress.it\/fr\/2024\/03\/03\/domenica-17-marzo-a-treviso-torna-la-rassegna-dellais-veneto-vinetia-tasting-il-veneto-nel-calice\/\" \/>\n<meta property=\"og:site_name\" content=\"Bellunopress - Dolomiti\" \/>\n<meta property=\"article:publisher\" content=\"https:\/\/www.facebook.com\/profile.php?id=100008943462799\" \/>\n<meta property=\"article:published_time\" content=\"2024-03-03T10:56:06+00:00\" \/>\n<meta property=\"og:image\" content=\"https:\/\/www.bellunopress.it\/wp-content\/uploads\/2022\/05\/Vinetia-2022-Ais-vino-veneto.jpg\" \/>\n\t<meta property=\"og:image:width\" content=\"1000\" \/>\n\t<meta property=\"og:image:height\" content=\"666\" \/>\n\t<meta property=\"og:image:type\" content=\"image\/jpeg\" \/>\n<meta name=\"author\" content=\"redazione\" \/>\n<meta name=\"twitter:card\" content=\"summary_large_image\" \/>\n<meta name=\"twitter:creator\" content=\"@bellunopress\" \/>\n<meta name=\"twitter:site\" content=\"@bellunopress\" \/>\n<meta name=\"twitter:label1\" content=\"\u00c9crit par\" \/>\n\t<meta name=\"twitter:data1\" content=\"redazione\" \/>\n\t<meta name=\"twitter:label2\" content=\"Dur\u00e9e de lecture estim\u00e9e\" \/>\n\t<meta name=\"twitter:data2\" content=\"4 minutes\" \/>\n<script type=\"application\/ld+json\" class=\"yoast-schema-graph\">{\"@context\":\"https:\\\/\\\/schema.org\",\"@graph\":[{\"@type\":\"Article\",\"@id\":\"https:\\\/\\\/www.bellunopress.it\\\/2024\\\/03\\\/03\\\/domenica-17-marzo-a-treviso-torna-la-rassegna-dellais-veneto-vinetia-tasting-il-veneto-nel-calice\\\/#article\",\"isPartOf\":{\"@id\":\"https:\\\/\\\/www.bellunopress.it\\\/2024\\\/03\\\/03\\\/domenica-17-marzo-a-treviso-torna-la-rassegna-dellais-veneto-vinetia-tasting-il-veneto-nel-calice\\\/\"},\"author\":{\"name\":\"redazione\",\"@id\":\"https:\\\/\\\/www.bellunopress.it\\\/#\\\/schema\\\/person\\\/79bb06722b37ece1c03d3e94beb30d73\"},\"headline\":\"Domenica 17 marzo a Treviso torna la rassegna dell&#8217;Ais Veneto Vinetia Tasting, il Veneto nel calice\",\"datePublished\":\"2024-03-03T10:56:06+00:00\",\"mainEntityOfPage\":{\"@id\":\"https:\\\/\\\/www.bellunopress.it\\\/2024\\\/03\\\/03\\\/domenica-17-marzo-a-treviso-torna-la-rassegna-dellais-veneto-vinetia-tasting-il-veneto-nel-calice\\\/\"},\"wordCount\":782,\"publisher\":{\"@id\":\"https:\\\/\\\/www.bellunopress.it\\\/#organization\"},\"image\":{\"@id\":\"https:\\\/\\\/www.bellunopress.it\\\/2024\\\/03\\\/03\\\/domenica-17-marzo-a-treviso-torna-la-rassegna-dellais-veneto-vinetia-tasting-il-veneto-nel-calice\\\/#primaryimage\"},\"thumbnailUrl\":\"https:\\\/\\\/www.bellunopress.it\\\/wp-content\\\/uploads\\\/2022\\\/05\\\/Vinetia-2022-Ais-vino-veneto.jpg\",\"articleSection\":[\"Eventi enogastronomici\",\"Pausa Caff\u00e8\"],\"inLanguage\":\"fr-FR\"},{\"@type\":\"WebPage\",\"@id\":\"https:\\\/\\\/www.bellunopress.it\\\/2024\\\/03\\\/03\\\/domenica-17-marzo-a-treviso-torna-la-rassegna-dellais-veneto-vinetia-tasting-il-veneto-nel-calice\\\/\",\"url\":\"https:\\\/\\\/www.bellunopress.it\\\/2024\\\/03\\\/03\\\/domenica-17-marzo-a-treviso-torna-la-rassegna-dellais-veneto-vinetia-tasting-il-veneto-nel-calice\\\/\",\"name\":\"Domenica 17 marzo a Treviso torna la rassegna dell'Ais Veneto Vinetia Tasting, il Veneto nel calice - Bellunopress - Dolomiti\",\"isPartOf\":{\"@id\":\"https:\\\/\\\/www.bellunopress.it\\\/#website\"},\"primaryImageOfPage\":{\"@id\":\"https:\\\/\\\/www.bellunopress.it\\\/2024\\\/03\\\/03\\\/domenica-17-marzo-a-treviso-torna-la-rassegna-dellais-veneto-vinetia-tasting-il-veneto-nel-calice\\\/#primaryimage\"},\"image\":{\"@id\":\"https:\\\/\\\/www.bellunopress.it\\\/2024\\\/03\\\/03\\\/domenica-17-marzo-a-treviso-torna-la-rassegna-dellais-veneto-vinetia-tasting-il-veneto-nel-calice\\\/#primaryimage\"},\"thumbnailUrl\":\"https:\\\/\\\/www.bellunopress.it\\\/wp-content\\\/uploads\\\/2022\\\/05\\\/Vinetia-2022-Ais-vino-veneto.jpg\",\"datePublished\":\"2024-03-03T10:56:06+00:00\",\"breadcrumb\":{\"@id\":\"https:\\\/\\\/www.bellunopress.it\\\/2024\\\/03\\\/03\\\/domenica-17-marzo-a-treviso-torna-la-rassegna-dellais-veneto-vinetia-tasting-il-veneto-nel-calice\\\/#breadcrumb\"},\"inLanguage\":\"fr-FR\",\"potentialAction\":[{\"@type\":\"ReadAction\",\"target\":[\"https:\\\/\\\/www.bellunopress.it\\\/2024\\\/03\\\/03\\\/domenica-17-marzo-a-treviso-torna-la-rassegna-dellais-veneto-vinetia-tasting-il-veneto-nel-calice\\\/\"]}]},{\"@type\":\"ImageObject\",\"inLanguage\":\"fr-FR\",\"@id\":\"https:\\\/\\\/www.bellunopress.it\\\/2024\\\/03\\\/03\\\/domenica-17-marzo-a-treviso-torna-la-rassegna-dellais-veneto-vinetia-tasting-il-veneto-nel-calice\\\/#primaryimage\",\"url\":\"https:\\\/\\\/www.bellunopress.it\\\/wp-content\\\/uploads\\\/2022\\\/05\\\/Vinetia-2022-Ais-vino-veneto.jpg\",\"contentUrl\":\"https:\\\/\\\/www.bellunopress.it\\\/wp-content\\\/uploads\\\/2022\\\/05\\\/Vinetia-2022-Ais-vino-veneto.jpg\",\"width\":1000,\"height\":666},{\"@type\":\"BreadcrumbList\",\"@id\":\"https:\\\/\\\/www.bellunopress.it\\\/2024\\\/03\\\/03\\\/domenica-17-marzo-a-treviso-torna-la-rassegna-dellais-veneto-vinetia-tasting-il-veneto-nel-calice\\\/#breadcrumb\",\"itemListElement\":[{\"@type\":\"ListItem\",\"position\":1,\"name\":\"Home\",\"item\":\"https:\\\/\\\/www.bellunopress.it\\\/\"},{\"@type\":\"ListItem\",\"position\":2,\"name\":\"Domenica 17 marzo a Treviso torna la rassegna dell&#8217;Ais Veneto Vinetia Tasting, il Veneto nel calice\"}]},{\"@type\":\"WebSite\",\"@id\":\"https:\\\/\\\/www.bellunopress.it\\\/#website\",\"url\":\"https:\\\/\\\/www.bellunopress.it\\\/\",\"name\":\"Bellunopress - Dolomiti\",\"description\":\"e-mail: redazione@bellunopress.it\",\"publisher\":{\"@id\":\"https:\\\/\\\/www.bellunopress.it\\\/#organization\"},\"potentialAction\":[{\"@type\":\"SearchAction\",\"target\":{\"@type\":\"EntryPoint\",\"urlTemplate\":\"https:\\\/\\\/www.bellunopress.it\\\/?s={search_term_string}\"},\"query-input\":{\"@type\":\"PropertyValueSpecification\",\"valueRequired\":true,\"valueName\":\"search_term_string\"}}],\"inLanguage\":\"fr-FR\"},{\"@type\":\"Organization\",\"@id\":\"https:\\\/\\\/www.bellunopress.it\\\/#organization\",\"name\":\"Bellunopress\",\"url\":\"https:\\\/\\\/www.bellunopress.it\\\/\",\"logo\":{\"@type\":\"ImageObject\",\"inLanguage\":\"fr-FR\",\"@id\":\"https:\\\/\\\/www.bellunopress.it\\\/#\\\/schema\\\/logo\\\/image\\\/\",\"url\":\"https:\\\/\\\/www.bellunopress.it\\\/wp-content\\\/uploads\\\/2011\\\/05\\\/cropped-logo-bellunopress-.jpg\",\"contentUrl\":\"https:\\\/\\\/www.bellunopress.it\\\/wp-content\\\/uploads\\\/2011\\\/05\\\/cropped-logo-bellunopress-.jpg\",\"width\":512,\"height\":512,\"caption\":\"Bellunopress\"},\"image\":{\"@id\":\"https:\\\/\\\/www.bellunopress.it\\\/#\\\/schema\\\/logo\\\/image\\\/\"},\"sameAs\":[\"https:\\\/\\\/www.facebook.com\\\/profile.php?id=100008943462799\",\"https:\\\/\\\/x.com\\\/bellunopress\",\"https:\\\/\\\/www.linkedin.com\\\/hp\\\/?dnr=JBzUWaJfMUw8vbXJJ2tVW5-I3jZKvC4wsoxE&amp;amp;amp;amp;amp;amp;trk=nav_responsive_tab_home\",\"https:\\\/\\\/www.youtube.com\\\/channel\\\/UCxL0wu1uN0_3_7hGG0306cw\"]},{\"@type\":\"Person\",\"@id\":\"https:\\\/\\\/www.bellunopress.it\\\/#\\\/schema\\\/person\\\/79bb06722b37ece1c03d3e94beb30d73\",\"name\":\"redazione\",\"image\":{\"@type\":\"ImageObject\",\"inLanguage\":\"fr-FR\",\"@id\":\"https:\\\/\\\/secure.gravatar.com\\\/avatar\\\/37d968a2e67a6fd04c169c4bdef102d0bc5d31b2546345219e348575eb80e9a0?s=96&d=mm&r=g\",\"url\":\"https:\\\/\\\/secure.gravatar.com\\\/avatar\\\/37d968a2e67a6fd04c169c4bdef102d0bc5d31b2546345219e348575eb80e9a0?s=96&d=mm&r=g\",\"contentUrl\":\"https:\\\/\\\/secure.gravatar.com\\\/avatar\\\/37d968a2e67a6fd04c169c4bdef102d0bc5d31b2546345219e348575eb80e9a0?s=96&d=mm&r=g\",\"caption\":\"redazione\"},\"sameAs\":[\"http:\\\/\\\/www.bellunopress.it\",\"https:\\\/\\\/x.com\\\/bellunopress\"],\"url\":\"https:\\\/\\\/www.bellunopress.it\\\/fr\\\/author\\\/redazione\\\/\"}]}<\/script>\n<!-- \/ Yoast SEO plugin. -->","yoast_head_json":{"title":"Domenica 17 marzo a Treviso torna la rassegna dell'Ais Veneto Vinetia Tasting, il Veneto nel calice - Bellunopress - Dolomiti","robots":{"index":"index","follow":"follow","max-snippet":"max-snippet:-1","max-image-preview":"max-image-preview:large","max-video-preview":"max-video-preview:-1"},"canonical":"https:\/\/www.bellunopress.it\/fr\/2024\/03\/03\/domenica-17-marzo-a-treviso-torna-la-rassegna-dellais-veneto-vinetia-tasting-il-veneto-nel-calice\/","og_locale":"fr_FR","og_type":"article","og_title":"Domenica 17 marzo a Treviso torna la rassegna dell'Ais Veneto Vinetia Tasting, il Veneto nel calice - Bellunopress - Dolomiti","og_description":"&nbsp; Domenica 17 marzo banchi d\u2019assaggio e masterclass con i migliori vini secondo la guida Vinetia. AIS Veneto premia le cantine d\u2019eccellenza con il Memorial Dino Marchi Un\u2019intera giornata dedicata alla scoperta dei migliori vini del Veneto nel cuore di Treviso: domenica 17 marzo Vinetia Tasting \u2013 Il Veneto nel Calice torna alla Camera di [&hellip;]","og_url":"https:\/\/www.bellunopress.it\/fr\/2024\/03\/03\/domenica-17-marzo-a-treviso-torna-la-rassegna-dellais-veneto-vinetia-tasting-il-veneto-nel-calice\/","og_site_name":"Bellunopress - Dolomiti","article_publisher":"https:\/\/www.facebook.com\/profile.php?id=100008943462799","article_published_time":"2024-03-03T10:56:06+00:00","og_image":[{"width":1000,"height":666,"url":"https:\/\/www.bellunopress.it\/wp-content\/uploads\/2022\/05\/Vinetia-2022-Ais-vino-veneto.jpg","type":"image\/jpeg"}],"author":"redazione","twitter_card":"summary_large_image","twitter_creator":"@bellunopress","twitter_site":"@bellunopress","twitter_misc":{"\u00c9crit par":"redazione","Dur\u00e9e de lecture estim\u00e9e":"4 minutes"},"schema":{"@context":"https:\/\/schema.org","@graph":[{"@type":"Article","@id":"https:\/\/www.bellunopress.it\/2024\/03\/03\/domenica-17-marzo-a-treviso-torna-la-rassegna-dellais-veneto-vinetia-tasting-il-veneto-nel-calice\/#article","isPartOf":{"@id":"https:\/\/www.bellunopress.it\/2024\/03\/03\/domenica-17-marzo-a-treviso-torna-la-rassegna-dellais-veneto-vinetia-tasting-il-veneto-nel-calice\/"},"author":{"name":"redazione","@id":"https:\/\/www.bellunopress.it\/#\/schema\/person\/79bb06722b37ece1c03d3e94beb30d73"},"headline":"Domenica 17 marzo a Treviso torna la rassegna dell&#8217;Ais Veneto Vinetia Tasting, il Veneto nel calice","datePublished":"2024-03-03T10:56:06+00:00","mainEntityOfPage":{"@id":"https:\/\/www.bellunopress.it\/2024\/03\/03\/domenica-17-marzo-a-treviso-torna-la-rassegna-dellais-veneto-vinetia-tasting-il-veneto-nel-calice\/"},"wordCount":782,"publisher":{"@id":"https:\/\/www.bellunopress.it\/#organization"},"image":{"@id":"https:\/\/www.bellunopress.it\/2024\/03\/03\/domenica-17-marzo-a-treviso-torna-la-rassegna-dellais-veneto-vinetia-tasting-il-veneto-nel-calice\/#primaryimage"},"thumbnailUrl":"https:\/\/www.bellunopress.it\/wp-content\/uploads\/2022\/05\/Vinetia-2022-Ais-vino-veneto.jpg","articleSection":["Eventi enogastronomici","Pausa Caff\u00e8"],"inLanguage":"fr-FR"},{"@type":"WebPage","@id":"https:\/\/www.bellunopress.it\/2024\/03\/03\/domenica-17-marzo-a-treviso-torna-la-rassegna-dellais-veneto-vinetia-tasting-il-veneto-nel-calice\/","url":"https:\/\/www.bellunopress.it\/2024\/03\/03\/domenica-17-marzo-a-treviso-torna-la-rassegna-dellais-veneto-vinetia-tasting-il-veneto-nel-calice\/","name":"Domenica 17 marzo a Treviso torna la rassegna dell'Ais Veneto Vinetia Tasting, il Veneto nel calice - Bellunopress - Dolomiti","isPartOf":{"@id":"https:\/\/www.bellunopress.it\/#website"},"primaryImageOfPage":{"@id":"https:\/\/www.bellunopress.it\/2024\/03\/03\/domenica-17-marzo-a-treviso-torna-la-rassegna-dellais-veneto-vinetia-tasting-il-veneto-nel-calice\/#primaryimage"},"image":{"@id":"https:\/\/www.bellunopress.it\/2024\/03\/03\/domenica-17-marzo-a-treviso-torna-la-rassegna-dellais-veneto-vinetia-tasting-il-veneto-nel-calice\/#primaryimage"},"thumbnailUrl":"https:\/\/www.bellunopress.it\/wp-content\/uploads\/2022\/05\/Vinetia-2022-Ais-vino-veneto.jpg","datePublished":"2024-03-03T10:56:06+00:00","breadcrumb":{"@id":"https:\/\/www.bellunopress.it\/2024\/03\/03\/domenica-17-marzo-a-treviso-torna-la-rassegna-dellais-veneto-vinetia-tasting-il-veneto-nel-calice\/#breadcrumb"},"inLanguage":"fr-FR","potentialAction":[{"@type":"ReadAction","target":["https:\/\/www.bellunopress.it\/2024\/03\/03\/domenica-17-marzo-a-treviso-torna-la-rassegna-dellais-veneto-vinetia-tasting-il-veneto-nel-calice\/"]}]},{"@type":"ImageObject","inLanguage":"fr-FR","@id":"https:\/\/www.bellunopress.it\/2024\/03\/03\/domenica-17-marzo-a-treviso-torna-la-rassegna-dellais-veneto-vinetia-tasting-il-veneto-nel-calice\/#primaryimage","url":"https:\/\/www.bellunopress.it\/wp-content\/uploads\/2022\/05\/Vinetia-2022-Ais-vino-veneto.jpg","contentUrl":"https:\/\/www.bellunopress.it\/wp-content\/uploads\/2022\/05\/Vinetia-2022-Ais-vino-veneto.jpg","width":1000,"height":666},{"@type":"BreadcrumbList","@id":"https:\/\/www.bellunopress.it\/2024\/03\/03\/domenica-17-marzo-a-treviso-torna-la-rassegna-dellais-veneto-vinetia-tasting-il-veneto-nel-calice\/#breadcrumb","itemListElement":[{"@type":"ListItem","position":1,"name":"Home","item":"https:\/\/www.bellunopress.it\/"},{"@type":"ListItem","position":2,"name":"Domenica 17 marzo a Treviso torna la rassegna dell&#8217;Ais Veneto Vinetia Tasting, il Veneto nel calice"}]},{"@type":"WebSite","@id":"https:\/\/www.bellunopress.it\/#website","url":"https:\/\/www.bellunopress.it\/","name":"Bellunopress - Dolomiti","description":"e-mail: redazione@bellunopress.it","publisher":{"@id":"https:\/\/www.bellunopress.it\/#organization"},"potentialAction":[{"@type":"SearchAction","target":{"@type":"EntryPoint","urlTemplate":"https:\/\/www.bellunopress.it\/?s={search_term_string}"},"query-input":{"@type":"PropertyValueSpecification","valueRequired":true,"valueName":"search_term_string"}}],"inLanguage":"fr-FR"},{"@type":"Organization","@id":"https:\/\/www.bellunopress.it\/#organization","name":"Bellunopress","url":"https:\/\/www.bellunopress.it\/","logo":{"@type":"ImageObject","inLanguage":"fr-FR","@id":"https:\/\/www.bellunopress.it\/#\/schema\/logo\/image\/","url":"https:\/\/www.bellunopress.it\/wp-content\/uploads\/2011\/05\/cropped-logo-bellunopress-.jpg","contentUrl":"https:\/\/www.bellunopress.it\/wp-content\/uploads\/2011\/05\/cropped-logo-bellunopress-.jpg","width":512,"height":512,"caption":"Bellunopress"},"image":{"@id":"https:\/\/www.bellunopress.it\/#\/schema\/logo\/image\/"},"sameAs":["https:\/\/www.facebook.com\/profile.php?id=100008943462799","https:\/\/x.com\/bellunopress","https:\/\/www.linkedin.com\/hp\/?dnr=JBzUWaJfMUw8vbXJJ2tVW5-I3jZKvC4wsoxE&amp;amp;amp;amp;amp;amp;trk=nav_responsive_tab_home","https:\/\/www.youtube.com\/channel\/UCxL0wu1uN0_3_7hGG0306cw"]},{"@type":"Person","@id":"https:\/\/www.bellunopress.it\/#\/schema\/person\/79bb06722b37ece1c03d3e94beb30d73","name":"r\u00e9daction","image":{"@type":"ImageObject","inLanguage":"fr-FR","@id":"https:\/\/secure.gravatar.com\/avatar\/37d968a2e67a6fd04c169c4bdef102d0bc5d31b2546345219e348575eb80e9a0?s=96&d=mm&r=g","url":"https:\/\/secure.gravatar.com\/avatar\/37d968a2e67a6fd04c169c4bdef102d0bc5d31b2546345219e348575eb80e9a0?s=96&d=mm&r=g","contentUrl":"https:\/\/secure.gravatar.com\/avatar\/37d968a2e67a6fd04c169c4bdef102d0bc5d31b2546345219e348575eb80e9a0?s=96&d=mm&r=g","caption":"redazione"},"sameAs":["http:\/\/www.bellunopress.it","https:\/\/x.com\/bellunopress"],"url":"https:\/\/www.bellunopress.it\/fr\/author\/redazione\/"}]}},"_links":{"self":[{"href":"https:\/\/www.bellunopress.it\/fr\/wp-json\/wp\/v2\/posts\/148812","targetHints":{"allow":["GET"]}}],"collection":[{"href":"https:\/\/www.bellunopress.it\/fr\/wp-json\/wp\/v2\/posts"}],"about":[{"href":"https:\/\/www.bellunopress.it\/fr\/wp-json\/wp\/v2\/types\/post"}],"author":[{"embeddable":true,"href":"https:\/\/www.bellunopress.it\/fr\/wp-json\/wp\/v2\/users\/2"}],"replies":[{"embeddable":true,"href":"https:\/\/www.bellunopress.it\/fr\/wp-json\/wp\/v2\/comments?post=148812"}],"version-history":[{"count":4,"href":"https:\/\/www.bellunopress.it\/fr\/wp-json\/wp\/v2\/posts\/148812\/revisions"}],"predecessor-version":[{"id":148816,"href":"https:\/\/www.bellunopress.it\/fr\/wp-json\/wp\/v2\/posts\/148812\/revisions\/148816"}],"wp:featuredmedia":[{"embeddable":true,"href":"https:\/\/www.bellunopress.it\/fr\/wp-json\/wp\/v2\/media\/133217"}],"wp:attachment":[{"href":"https:\/\/www.bellunopress.it\/fr\/wp-json\/wp\/v2\/media?parent=148812"}],"wp:term":[{"taxonomy":"category","embeddable":true,"href":"https:\/\/www.bellunopress.it\/fr\/wp-json\/wp\/v2\/categories?post=148812"},{"taxonomy":"post_tag","embeddable":true,"href":"https:\/\/www.bellunopress.it\/fr\/wp-json\/wp\/v2\/tags?post=148812"}],"curies":[{"name":"wp","href":"https:\/\/api.w.org\/{rel}","templated":true}]}}