{"id":148775,"date":"2024-03-01T11:01:16","date_gmt":"2024-03-01T10:01:16","guid":{"rendered":"https:\/\/www.bellunopress.it\/?p=148775"},"modified":"2024-03-01T11:01:16","modified_gmt":"2024-03-01T10:01:16","slug":"foglie-al-vento-di-aki-kaurismaki-inaugura-a-belluno-i-martedi-al-cinema-a-3-euro","status":"publish","type":"post","link":"https:\/\/www.bellunopress.it\/fr\/2024\/03\/01\/foglie-al-vento-di-aki-kaurismaki-inaugura-a-belluno-i-martedi-al-cinema-a-3-euro\/","title":{"rendered":"\u201cFoglie al vento\u201d di Aki Kaurism\u00e4ki inaugura a Belluno i Marted\u00ec al Cinema a 3 euro"},"content":{"rendered":"<figure id=\"attachment_141261\" aria-describedby=\"caption-attachment-141261\" style=\"width: 1000px\" class=\"wp-caption alignleft\"><img loading=\"lazy\" decoding=\"async\" class=\"size-full wp-image-141261\" src=\"https:\/\/www.bellunopress.it\/wp-content\/uploads\/2023\/05\/cinema-italia_edited.jpg\" alt=\"\" width=\"1000\" height=\"750\" srcset=\"https:\/\/www.bellunopress.it\/wp-content\/uploads\/2023\/05\/cinema-italia_edited.jpg 1000w, https:\/\/www.bellunopress.it\/wp-content\/uploads\/2023\/05\/cinema-italia_edited-500x375.jpg 500w, https:\/\/www.bellunopress.it\/wp-content\/uploads\/2023\/05\/cinema-italia_edited-696x522.jpg 696w, https:\/\/www.bellunopress.it\/wp-content\/uploads\/2023\/05\/cinema-italia_edited-560x420.jpg 560w, https:\/\/www.bellunopress.it\/wp-content\/uploads\/2023\/05\/cinema-italia_edited-80x60.jpg 80w, https:\/\/www.bellunopress.it\/wp-content\/uploads\/2023\/05\/cinema-italia_edited-265x198.jpg 265w\" sizes=\"auto, (max-width: 1000px) 100vw, 1000px\" \/><figcaption id=\"caption-attachment-141261\" class=\"wp-caption-text\">Cinema Italia &#8211; Belluno<\/figcaption><\/figure>\n<p>Tornano a marzo, maggio e novembre 2024 al Cinema Italia di Belluno gli appuntamenti con \u201cLa Regione del Veneto per il cinema di qualit\u00e0 &#8211; La Regione ti porta al cinema con tre euro &#8211; I marted\u00ec al cinema\u201d, progetto pluriennale della Regione del Veneto realizzato in collaborazione con la Federazione Italiana Cinema d\u2019Essai (FICE) delle Tre Venezie e l\u2019Unione interregionale Triveneta AGIS.<\/p>\n<p>A partire da marted\u00ec 5 marzo gli spettatori potranno recarsi in sala per assistere a proiezioni a costo ridotto di opere in prima visione o provenienti dai pi\u00f9 prestigiosi festival internazionali, guidati nella visione dalle introduzioni di critici cinematografici e docenti universitari.<\/p>\n<p>\u00abObiettivo dell\u2019iniziativa \u2013 dichiara Cristiano Corazzari Assessore alla Cultura della Regione del Veneto &#8211; \u00e8 non solo quello di consolidare la diffusione della cultura cinematografica e del piacere di andare al cinema da parte del pubblico, ma anche valorizzare quelle opere filmiche che, in qualche modo, vengono escluse dalla grande distribuzione, nonch\u00e9 incentivare l\u2019abitudine alla fruizione del prodotto filmico delle sale di prossimit\u00e0\u00bb<\/p>\n<p>In questo primo marted\u00ec di rassegna dell\u2019anno, la proposta del Cinema Italia di Belluno \u00e8, alle 16.30, 18.00, 19.30 e 21.00, \u201cFoglie al Vento\u201d (Finlandia, 2023) di Aki Kaurism\u00e4ki, Premio della Giuria al Festival di Cannes nel 2023.<\/p>\n<p>Due persone sole si incontrano per caso una notte a Helsinki. \u00c8 l\u2019ultima occasione per trovare il primo, unico e definitivo amore della loro vita. Il percorso \u00e8 per\u00f2 intralciato dall\u2019alcolismo di lui, dai numeri di telefono persi, dal non conoscere nomi o indirizzi reciproci e dalla tendenza generale della vita a porre ostacoli a chi cerca la propria felicit\u00e0.<\/p>\n<p>Ogni settimana sar\u00e0 possibile verificare quali opere sono in programmazione sul sito www.agistriveneto.it e sulla pagina facebook @agis.trevenezie.<\/p>\n<p>Il costo del biglietto \u00e8 di 3 euro. La prenotazione dei posti \u00e8 facolt\u00e0 riservata alla gestione della sala.<\/p>","protected":false},"excerpt":{"rendered":"<p>Tornano a marzo, maggio e novembre 2024 al Cinema Italia di Belluno gli appuntamenti con \u201cLa Regione del Veneto per il cinema di qualit\u00e0 &#8211; La Regione ti porta al cinema con tre euro &#8211; I marted\u00ec al cinema\u201d, progetto pluriennale della Regione del Veneto realizzato in collaborazione con la Federazione Italiana Cinema d\u2019Essai (FICE) [&hellip;]<\/p>\n","protected":false},"author":2,"featured_media":141261,"comment_status":"closed","ping_status":"open","sticky":false,"template":"","format":"standard","meta":{"footnotes":""},"categories":[27,3,25],"tags":[],"class_list":["post-148775","post","type-post","status-publish","format-standard","has-post-thumbnail","category-appuntamenti","category-arte-cultura-spettacoli-scienza-archivi","category-pausa-caffe"],"yoast_head":"<!-- This site is optimized with the Yoast SEO plugin v28.4 - https:\/\/yoast.com\/product\/yoast-seo-wordpress\/ -->\n<title>\u201cFoglie al vento\u201d di Aki Kaurism\u00e4ki inaugura a Belluno i Marted\u00ec al Cinema a 3 euro - Bellunopress - Dolomiti<\/title>\n<meta name=\"robots\" content=\"index, follow, max-snippet:-1, max-image-preview:large, max-video-preview:-1\" \/>\n<link rel=\"canonical\" href=\"https:\/\/www.bellunopress.it\/fr\/2024\/03\/01\/foglie-al-vento-di-aki-kaurismaki-inaugura-a-belluno-i-martedi-al-cinema-a-3-euro\/\" \/>\n<meta property=\"og:locale\" content=\"fr_FR\" \/>\n<meta property=\"og:type\" content=\"article\" \/>\n<meta property=\"og:title\" content=\"\u201cFoglie al vento\u201d di Aki Kaurism\u00e4ki inaugura a Belluno i Marted\u00ec al Cinema a 3 euro - Bellunopress - Dolomiti\" \/>\n<meta property=\"og:description\" content=\"Tornano a marzo, maggio e novembre 2024 al Cinema Italia di Belluno gli appuntamenti con \u201cLa Regione del Veneto per il cinema di qualit\u00e0 &#8211; La Regione ti porta al cinema con tre euro &#8211; I marted\u00ec al cinema\u201d, progetto pluriennale della Regione del Veneto realizzato in collaborazione con la Federazione Italiana Cinema d\u2019Essai (FICE) [&hellip;]\" \/>\n<meta property=\"og:url\" content=\"https:\/\/www.bellunopress.it\/fr\/2024\/03\/01\/foglie-al-vento-di-aki-kaurismaki-inaugura-a-belluno-i-martedi-al-cinema-a-3-euro\/\" \/>\n<meta property=\"og:site_name\" content=\"Bellunopress - Dolomiti\" \/>\n<meta property=\"article:publisher\" content=\"https:\/\/www.facebook.com\/profile.php?id=100008943462799\" \/>\n<meta property=\"article:published_time\" content=\"2024-03-01T10:01:16+00:00\" \/>\n<meta property=\"og:image\" content=\"https:\/\/www.bellunopress.it\/wp-content\/uploads\/2023\/05\/cinema-italia_edited.jpg\" \/>\n\t<meta property=\"og:image:width\" content=\"1000\" \/>\n\t<meta property=\"og:image:height\" content=\"750\" \/>\n\t<meta property=\"og:image:type\" content=\"image\/jpeg\" \/>\n<meta name=\"author\" content=\"redazione\" \/>\n<meta name=\"twitter:card\" content=\"summary_large_image\" \/>\n<meta name=\"twitter:creator\" content=\"@bellunopress\" \/>\n<meta name=\"twitter:site\" content=\"@bellunopress\" \/>\n<meta name=\"twitter:label1\" content=\"\u00c9crit par\" \/>\n\t<meta name=\"twitter:data1\" content=\"redazione\" \/>\n\t<meta name=\"twitter:label2\" content=\"Dur\u00e9e de lecture estim\u00e9e\" \/>\n\t<meta name=\"twitter:data2\" content=\"2 minutes\" \/>\n<script type=\"application\/ld+json\" class=\"yoast-schema-graph\">{\"@context\":\"https:\\\/\\\/schema.org\",\"@graph\":[{\"@type\":\"Article\",\"@id\":\"https:\\\/\\\/www.bellunopress.it\\\/2024\\\/03\\\/01\\\/foglie-al-vento-di-aki-kaurismaki-inaugura-a-belluno-i-martedi-al-cinema-a-3-euro\\\/#article\",\"isPartOf\":{\"@id\":\"https:\\\/\\\/www.bellunopress.it\\\/2024\\\/03\\\/01\\\/foglie-al-vento-di-aki-kaurismaki-inaugura-a-belluno-i-martedi-al-cinema-a-3-euro\\\/\"},\"author\":{\"name\":\"redazione\",\"@id\":\"https:\\\/\\\/www.bellunopress.it\\\/#\\\/schema\\\/person\\\/79bb06722b37ece1c03d3e94beb30d73\"},\"headline\":\"\u201cFoglie al vento\u201d di Aki Kaurism\u00e4ki inaugura a Belluno i Marted\u00ec al Cinema a 3 euro\",\"datePublished\":\"2024-03-01T10:01:16+00:00\",\"mainEntityOfPage\":{\"@id\":\"https:\\\/\\\/www.bellunopress.it\\\/2024\\\/03\\\/01\\\/foglie-al-vento-di-aki-kaurismaki-inaugura-a-belluno-i-martedi-al-cinema-a-3-euro\\\/\"},\"wordCount\":325,\"publisher\":{\"@id\":\"https:\\\/\\\/www.bellunopress.it\\\/#organization\"},\"image\":{\"@id\":\"https:\\\/\\\/www.bellunopress.it\\\/2024\\\/03\\\/01\\\/foglie-al-vento-di-aki-kaurismaki-inaugura-a-belluno-i-martedi-al-cinema-a-3-euro\\\/#primaryimage\"},\"thumbnailUrl\":\"https:\\\/\\\/www.bellunopress.it\\\/wp-content\\\/uploads\\\/2023\\\/05\\\/cinema-italia_edited.jpg\",\"articleSection\":[\"Appuntamenti, Eventi\",\"Arte, Cultura, Spettacoli, Scienza\",\"Pausa Caff\u00e8\"],\"inLanguage\":\"fr-FR\"},{\"@type\":\"WebPage\",\"@id\":\"https:\\\/\\\/www.bellunopress.it\\\/2024\\\/03\\\/01\\\/foglie-al-vento-di-aki-kaurismaki-inaugura-a-belluno-i-martedi-al-cinema-a-3-euro\\\/\",\"url\":\"https:\\\/\\\/www.bellunopress.it\\\/2024\\\/03\\\/01\\\/foglie-al-vento-di-aki-kaurismaki-inaugura-a-belluno-i-martedi-al-cinema-a-3-euro\\\/\",\"name\":\"\u201cFoglie al vento\u201d di Aki Kaurism\u00e4ki inaugura a Belluno i Marted\u00ec al Cinema a 3 euro - Bellunopress - Dolomiti\",\"isPartOf\":{\"@id\":\"https:\\\/\\\/www.bellunopress.it\\\/#website\"},\"primaryImageOfPage\":{\"@id\":\"https:\\\/\\\/www.bellunopress.it\\\/2024\\\/03\\\/01\\\/foglie-al-vento-di-aki-kaurismaki-inaugura-a-belluno-i-martedi-al-cinema-a-3-euro\\\/#primaryimage\"},\"image\":{\"@id\":\"https:\\\/\\\/www.bellunopress.it\\\/2024\\\/03\\\/01\\\/foglie-al-vento-di-aki-kaurismaki-inaugura-a-belluno-i-martedi-al-cinema-a-3-euro\\\/#primaryimage\"},\"thumbnailUrl\":\"https:\\\/\\\/www.bellunopress.it\\\/wp-content\\\/uploads\\\/2023\\\/05\\\/cinema-italia_edited.jpg\",\"datePublished\":\"2024-03-01T10:01:16+00:00\",\"breadcrumb\":{\"@id\":\"https:\\\/\\\/www.bellunopress.it\\\/2024\\\/03\\\/01\\\/foglie-al-vento-di-aki-kaurismaki-inaugura-a-belluno-i-martedi-al-cinema-a-3-euro\\\/#breadcrumb\"},\"inLanguage\":\"fr-FR\",\"potentialAction\":[{\"@type\":\"ReadAction\",\"target\":[\"https:\\\/\\\/www.bellunopress.it\\\/2024\\\/03\\\/01\\\/foglie-al-vento-di-aki-kaurismaki-inaugura-a-belluno-i-martedi-al-cinema-a-3-euro\\\/\"]}]},{\"@type\":\"ImageObject\",\"inLanguage\":\"fr-FR\",\"@id\":\"https:\\\/\\\/www.bellunopress.it\\\/2024\\\/03\\\/01\\\/foglie-al-vento-di-aki-kaurismaki-inaugura-a-belluno-i-martedi-al-cinema-a-3-euro\\\/#primaryimage\",\"url\":\"https:\\\/\\\/www.bellunopress.it\\\/wp-content\\\/uploads\\\/2023\\\/05\\\/cinema-italia_edited.jpg\",\"contentUrl\":\"https:\\\/\\\/www.bellunopress.it\\\/wp-content\\\/uploads\\\/2023\\\/05\\\/cinema-italia_edited.jpg\",\"width\":1000,\"height\":750,\"caption\":\"Cinema Italia - Belluno\"},{\"@type\":\"BreadcrumbList\",\"@id\":\"https:\\\/\\\/www.bellunopress.it\\\/2024\\\/03\\\/01\\\/foglie-al-vento-di-aki-kaurismaki-inaugura-a-belluno-i-martedi-al-cinema-a-3-euro\\\/#breadcrumb\",\"itemListElement\":[{\"@type\":\"ListItem\",\"position\":1,\"name\":\"Home\",\"item\":\"https:\\\/\\\/www.bellunopress.it\\\/\"},{\"@type\":\"ListItem\",\"position\":2,\"name\":\"\u201cFoglie al vento\u201d di Aki Kaurism\u00e4ki inaugura a Belluno i Marted\u00ec al Cinema a 3 euro\"}]},{\"@type\":\"WebSite\",\"@id\":\"https:\\\/\\\/www.bellunopress.it\\\/#website\",\"url\":\"https:\\\/\\\/www.bellunopress.it\\\/\",\"name\":\"Bellunopress - Dolomiti\",\"description\":\"e-mail: redazione@bellunopress.it\",\"publisher\":{\"@id\":\"https:\\\/\\\/www.bellunopress.it\\\/#organization\"},\"potentialAction\":[{\"@type\":\"SearchAction\",\"target\":{\"@type\":\"EntryPoint\",\"urlTemplate\":\"https:\\\/\\\/www.bellunopress.it\\\/?s={search_term_string}\"},\"query-input\":{\"@type\":\"PropertyValueSpecification\",\"valueRequired\":true,\"valueName\":\"search_term_string\"}}],\"inLanguage\":\"fr-FR\"},{\"@type\":\"Organization\",\"@id\":\"https:\\\/\\\/www.bellunopress.it\\\/#organization\",\"name\":\"Bellunopress\",\"url\":\"https:\\\/\\\/www.bellunopress.it\\\/\",\"logo\":{\"@type\":\"ImageObject\",\"inLanguage\":\"fr-FR\",\"@id\":\"https:\\\/\\\/www.bellunopress.it\\\/#\\\/schema\\\/logo\\\/image\\\/\",\"url\":\"https:\\\/\\\/www.bellunopress.it\\\/wp-content\\\/uploads\\\/2011\\\/05\\\/cropped-logo-bellunopress-.jpg\",\"contentUrl\":\"https:\\\/\\\/www.bellunopress.it\\\/wp-content\\\/uploads\\\/2011\\\/05\\\/cropped-logo-bellunopress-.jpg\",\"width\":512,\"height\":512,\"caption\":\"Bellunopress\"},\"image\":{\"@id\":\"https:\\\/\\\/www.bellunopress.it\\\/#\\\/schema\\\/logo\\\/image\\\/\"},\"sameAs\":[\"https:\\\/\\\/www.facebook.com\\\/profile.php?id=100008943462799\",\"https:\\\/\\\/x.com\\\/bellunopress\",\"https:\\\/\\\/www.linkedin.com\\\/hp\\\/?dnr=JBzUWaJfMUw8vbXJJ2tVW5-I3jZKvC4wsoxE&amp;amp;amp;amp;amp;amp;trk=nav_responsive_tab_home\",\"https:\\\/\\\/www.youtube.com\\\/channel\\\/UCxL0wu1uN0_3_7hGG0306cw\"]},{\"@type\":\"Person\",\"@id\":\"https:\\\/\\\/www.bellunopress.it\\\/#\\\/schema\\\/person\\\/79bb06722b37ece1c03d3e94beb30d73\",\"name\":\"redazione\",\"image\":{\"@type\":\"ImageObject\",\"inLanguage\":\"fr-FR\",\"@id\":\"https:\\\/\\\/secure.gravatar.com\\\/avatar\\\/37d968a2e67a6fd04c169c4bdef102d0bc5d31b2546345219e348575eb80e9a0?s=96&d=mm&r=g\",\"url\":\"https:\\\/\\\/secure.gravatar.com\\\/avatar\\\/37d968a2e67a6fd04c169c4bdef102d0bc5d31b2546345219e348575eb80e9a0?s=96&d=mm&r=g\",\"contentUrl\":\"https:\\\/\\\/secure.gravatar.com\\\/avatar\\\/37d968a2e67a6fd04c169c4bdef102d0bc5d31b2546345219e348575eb80e9a0?s=96&d=mm&r=g\",\"caption\":\"redazione\"},\"sameAs\":[\"http:\\\/\\\/www.bellunopress.it\",\"https:\\\/\\\/x.com\\\/bellunopress\"],\"url\":\"https:\\\/\\\/www.bellunopress.it\\\/fr\\\/author\\\/redazione\\\/\"}]}<\/script>\n<!-- \/ Yoast SEO plugin. -->","yoast_head_json":{"title":"\u201cFoglie al vento\u201d di Aki Kaurism\u00e4ki inaugura a Belluno i Marted\u00ec al Cinema a 3 euro - Bellunopress - Dolomiti","robots":{"index":"index","follow":"follow","max-snippet":"max-snippet:-1","max-image-preview":"max-image-preview:large","max-video-preview":"max-video-preview:-1"},"canonical":"https:\/\/www.bellunopress.it\/fr\/2024\/03\/01\/foglie-al-vento-di-aki-kaurismaki-inaugura-a-belluno-i-martedi-al-cinema-a-3-euro\/","og_locale":"fr_FR","og_type":"article","og_title":"\u201cFoglie al vento\u201d di Aki Kaurism\u00e4ki inaugura a Belluno i Marted\u00ec al Cinema a 3 euro - Bellunopress - Dolomiti","og_description":"Tornano a marzo, maggio e novembre 2024 al Cinema Italia di Belluno gli appuntamenti con \u201cLa Regione del Veneto per il cinema di qualit\u00e0 &#8211; La Regione ti porta al cinema con tre euro &#8211; I marted\u00ec al cinema\u201d, progetto pluriennale della Regione del Veneto realizzato in collaborazione con la Federazione Italiana Cinema d\u2019Essai (FICE) [&hellip;]","og_url":"https:\/\/www.bellunopress.it\/fr\/2024\/03\/01\/foglie-al-vento-di-aki-kaurismaki-inaugura-a-belluno-i-martedi-al-cinema-a-3-euro\/","og_site_name":"Bellunopress - Dolomiti","article_publisher":"https:\/\/www.facebook.com\/profile.php?id=100008943462799","article_published_time":"2024-03-01T10:01:16+00:00","og_image":[{"width":1000,"height":750,"url":"https:\/\/www.bellunopress.it\/wp-content\/uploads\/2023\/05\/cinema-italia_edited.jpg","type":"image\/jpeg"}],"author":"redazione","twitter_card":"summary_large_image","twitter_creator":"@bellunopress","twitter_site":"@bellunopress","twitter_misc":{"\u00c9crit par":"redazione","Dur\u00e9e de lecture estim\u00e9e":"2 minutes"},"schema":{"@context":"https:\/\/schema.org","@graph":[{"@type":"Article","@id":"https:\/\/www.bellunopress.it\/2024\/03\/01\/foglie-al-vento-di-aki-kaurismaki-inaugura-a-belluno-i-martedi-al-cinema-a-3-euro\/#article","isPartOf":{"@id":"https:\/\/www.bellunopress.it\/2024\/03\/01\/foglie-al-vento-di-aki-kaurismaki-inaugura-a-belluno-i-martedi-al-cinema-a-3-euro\/"},"author":{"name":"redazione","@id":"https:\/\/www.bellunopress.it\/#\/schema\/person\/79bb06722b37ece1c03d3e94beb30d73"},"headline":"\u201cFoglie al vento\u201d di Aki Kaurism\u00e4ki inaugura a Belluno i Marted\u00ec al Cinema a 3 euro","datePublished":"2024-03-01T10:01:16+00:00","mainEntityOfPage":{"@id":"https:\/\/www.bellunopress.it\/2024\/03\/01\/foglie-al-vento-di-aki-kaurismaki-inaugura-a-belluno-i-martedi-al-cinema-a-3-euro\/"},"wordCount":325,"publisher":{"@id":"https:\/\/www.bellunopress.it\/#organization"},"image":{"@id":"https:\/\/www.bellunopress.it\/2024\/03\/01\/foglie-al-vento-di-aki-kaurismaki-inaugura-a-belluno-i-martedi-al-cinema-a-3-euro\/#primaryimage"},"thumbnailUrl":"https:\/\/www.bellunopress.it\/wp-content\/uploads\/2023\/05\/cinema-italia_edited.jpg","articleSection":["Appuntamenti, Eventi","Arte, Cultura, Spettacoli, Scienza","Pausa Caff\u00e8"],"inLanguage":"fr-FR"},{"@type":"WebPage","@id":"https:\/\/www.bellunopress.it\/2024\/03\/01\/foglie-al-vento-di-aki-kaurismaki-inaugura-a-belluno-i-martedi-al-cinema-a-3-euro\/","url":"https:\/\/www.bellunopress.it\/2024\/03\/01\/foglie-al-vento-di-aki-kaurismaki-inaugura-a-belluno-i-martedi-al-cinema-a-3-euro\/","name":"\u201cFoglie al vento\u201d di Aki Kaurism\u00e4ki inaugura a Belluno i Marted\u00ec al Cinema a 3 euro - Bellunopress - Dolomiti","isPartOf":{"@id":"https:\/\/www.bellunopress.it\/#website"},"primaryImageOfPage":{"@id":"https:\/\/www.bellunopress.it\/2024\/03\/01\/foglie-al-vento-di-aki-kaurismaki-inaugura-a-belluno-i-martedi-al-cinema-a-3-euro\/#primaryimage"},"image":{"@id":"https:\/\/www.bellunopress.it\/2024\/03\/01\/foglie-al-vento-di-aki-kaurismaki-inaugura-a-belluno-i-martedi-al-cinema-a-3-euro\/#primaryimage"},"thumbnailUrl":"https:\/\/www.bellunopress.it\/wp-content\/uploads\/2023\/05\/cinema-italia_edited.jpg","datePublished":"2024-03-01T10:01:16+00:00","breadcrumb":{"@id":"https:\/\/www.bellunopress.it\/2024\/03\/01\/foglie-al-vento-di-aki-kaurismaki-inaugura-a-belluno-i-martedi-al-cinema-a-3-euro\/#breadcrumb"},"inLanguage":"fr-FR","potentialAction":[{"@type":"ReadAction","target":["https:\/\/www.bellunopress.it\/2024\/03\/01\/foglie-al-vento-di-aki-kaurismaki-inaugura-a-belluno-i-martedi-al-cinema-a-3-euro\/"]}]},{"@type":"ImageObject","inLanguage":"fr-FR","@id":"https:\/\/www.bellunopress.it\/2024\/03\/01\/foglie-al-vento-di-aki-kaurismaki-inaugura-a-belluno-i-martedi-al-cinema-a-3-euro\/#primaryimage","url":"https:\/\/www.bellunopress.it\/wp-content\/uploads\/2023\/05\/cinema-italia_edited.jpg","contentUrl":"https:\/\/www.bellunopress.it\/wp-content\/uploads\/2023\/05\/cinema-italia_edited.jpg","width":1000,"height":750,"caption":"Cinema Italia - Belluno"},{"@type":"BreadcrumbList","@id":"https:\/\/www.bellunopress.it\/2024\/03\/01\/foglie-al-vento-di-aki-kaurismaki-inaugura-a-belluno-i-martedi-al-cinema-a-3-euro\/#breadcrumb","itemListElement":[{"@type":"ListItem","position":1,"name":"Home","item":"https:\/\/www.bellunopress.it\/"},{"@type":"ListItem","position":2,"name":"\u201cFoglie al vento\u201d di Aki Kaurism\u00e4ki inaugura a Belluno i Marted\u00ec al Cinema a 3 euro"}]},{"@type":"WebSite","@id":"https:\/\/www.bellunopress.it\/#website","url":"https:\/\/www.bellunopress.it\/","name":"Bellunopress - Dolomiti","description":"e-mail: redazione@bellunopress.it","publisher":{"@id":"https:\/\/www.bellunopress.it\/#organization"},"potentialAction":[{"@type":"SearchAction","target":{"@type":"EntryPoint","urlTemplate":"https:\/\/www.bellunopress.it\/?s={search_term_string}"},"query-input":{"@type":"PropertyValueSpecification","valueRequired":true,"valueName":"search_term_string"}}],"inLanguage":"fr-FR"},{"@type":"Organization","@id":"https:\/\/www.bellunopress.it\/#organization","name":"Bellunopress","url":"https:\/\/www.bellunopress.it\/","logo":{"@type":"ImageObject","inLanguage":"fr-FR","@id":"https:\/\/www.bellunopress.it\/#\/schema\/logo\/image\/","url":"https:\/\/www.bellunopress.it\/wp-content\/uploads\/2011\/05\/cropped-logo-bellunopress-.jpg","contentUrl":"https:\/\/www.bellunopress.it\/wp-content\/uploads\/2011\/05\/cropped-logo-bellunopress-.jpg","width":512,"height":512,"caption":"Bellunopress"},"image":{"@id":"https:\/\/www.bellunopress.it\/#\/schema\/logo\/image\/"},"sameAs":["https:\/\/www.facebook.com\/profile.php?id=100008943462799","https:\/\/x.com\/bellunopress","https:\/\/www.linkedin.com\/hp\/?dnr=JBzUWaJfMUw8vbXJJ2tVW5-I3jZKvC4wsoxE&amp;amp;amp;amp;amp;amp;trk=nav_responsive_tab_home","https:\/\/www.youtube.com\/channel\/UCxL0wu1uN0_3_7hGG0306cw"]},{"@type":"Person","@id":"https:\/\/www.bellunopress.it\/#\/schema\/person\/79bb06722b37ece1c03d3e94beb30d73","name":"r\u00e9daction","image":{"@type":"ImageObject","inLanguage":"fr-FR","@id":"https:\/\/secure.gravatar.com\/avatar\/37d968a2e67a6fd04c169c4bdef102d0bc5d31b2546345219e348575eb80e9a0?s=96&d=mm&r=g","url":"https:\/\/secure.gravatar.com\/avatar\/37d968a2e67a6fd04c169c4bdef102d0bc5d31b2546345219e348575eb80e9a0?s=96&d=mm&r=g","contentUrl":"https:\/\/secure.gravatar.com\/avatar\/37d968a2e67a6fd04c169c4bdef102d0bc5d31b2546345219e348575eb80e9a0?s=96&d=mm&r=g","caption":"redazione"},"sameAs":["http:\/\/www.bellunopress.it","https:\/\/x.com\/bellunopress"],"url":"https:\/\/www.bellunopress.it\/fr\/author\/redazione\/"}]}},"_links":{"self":[{"href":"https:\/\/www.bellunopress.it\/fr\/wp-json\/wp\/v2\/posts\/148775","targetHints":{"allow":["GET"]}}],"collection":[{"href":"https:\/\/www.bellunopress.it\/fr\/wp-json\/wp\/v2\/posts"}],"about":[{"href":"https:\/\/www.bellunopress.it\/fr\/wp-json\/wp\/v2\/types\/post"}],"author":[{"embeddable":true,"href":"https:\/\/www.bellunopress.it\/fr\/wp-json\/wp\/v2\/users\/2"}],"replies":[{"embeddable":true,"href":"https:\/\/www.bellunopress.it\/fr\/wp-json\/wp\/v2\/comments?post=148775"}],"version-history":[{"count":1,"href":"https:\/\/www.bellunopress.it\/fr\/wp-json\/wp\/v2\/posts\/148775\/revisions"}],"predecessor-version":[{"id":148776,"href":"https:\/\/www.bellunopress.it\/fr\/wp-json\/wp\/v2\/posts\/148775\/revisions\/148776"}],"wp:featuredmedia":[{"embeddable":true,"href":"https:\/\/www.bellunopress.it\/fr\/wp-json\/wp\/v2\/media\/141261"}],"wp:attachment":[{"href":"https:\/\/www.bellunopress.it\/fr\/wp-json\/wp\/v2\/media?parent=148775"}],"wp:term":[{"taxonomy":"category","embeddable":true,"href":"https:\/\/www.bellunopress.it\/fr\/wp-json\/wp\/v2\/categories?post=148775"},{"taxonomy":"post_tag","embeddable":true,"href":"https:\/\/www.bellunopress.it\/fr\/wp-json\/wp\/v2\/tags?post=148775"}],"curies":[{"name":"wp","href":"https:\/\/api.w.org\/{rel}","templated":true}]}}