{"id":148765,"date":"2024-02-29T21:42:23","date_gmt":"2024-02-29T20:42:23","guid":{"rendered":"https:\/\/www.bellunopress.it\/?p=148765"},"modified":"2024-02-29T21:42:23","modified_gmt":"2024-02-29T20:42:23","slug":"pista-da-bob-zanella-insufficienti-i-comunicati-della-simico-vogliamo-risposte-dai-ministri","status":"publish","type":"post","link":"https:\/\/www.bellunopress.it\/fr\/2024\/02\/29\/pista-da-bob-zanella-insufficienti-i-comunicati-della-simico-vogliamo-risposte-dai-ministri\/","title":{"rendered":"Pista da bob. Zanella: &#8220;Insufficienti i comunicati della Simico, vogliamo risposte dai ministri&#8221;"},"content":{"rendered":"<p><img loading=\"lazy\" decoding=\"async\" class=\"alignleft  wp-image-144179\" src=\"https:\/\/www.bellunopress.it\/wp-content\/uploads\/2023\/09\/Luana-Zanella-deputato.jpg\" alt=\"\" width=\"422\" height=\"330\" srcset=\"https:\/\/www.bellunopress.it\/wp-content\/uploads\/2023\/09\/Luana-Zanella-deputato.jpg 656w, https:\/\/www.bellunopress.it\/wp-content\/uploads\/2023\/09\/Luana-Zanella-deputato-500x391.jpg 500w, https:\/\/www.bellunopress.it\/wp-content\/uploads\/2023\/09\/Luana-Zanella-deputato-537x420.jpg 537w\" sizes=\"auto, (max-width: 422px) 100vw, 422px\" \/>Roma, 29 febbraio 2024 \u2013 &#8220;Prendiamo atto della nota della Societ\u00e0 Simico sulla questione del taglio dei larici per far posto ad una inutile pista da bob, tuttavia il nostro interlocutore \u00e8 il Governo. Con tutto il rispetto per la Societ\u00e0, infatti, non possono essere sufficienti i suoi comunicati stampa, vogliamo risposte documentate da parte dei ministri coinvolti: Salvini, Pichetto Fratin, Abodi, e del presidente Zaia. Dai documenti ufficiali risulta che l&#8217;area disboscata sia ben superiore a quella prevista nel capitolato d&#8217;appalto. Quando al &#8216;laricidio&#8217;, resta uno sfregio e basta: gli alberi che saranno impiantati, anche se superiori di numero a quelli abbattuti, non sono quei magnifici larici secolari che davano valore al paesaggio e alla storia culturale e ambientale dell&#8217;area&#8221;.<\/p>\n<p>Cos\u00ec Luana Zanella, capogruppo di Alleanza Verdi e Sinistra alla Camera.<\/p>","protected":false},"excerpt":{"rendered":"<p>Roma, 29 febbraio 2024 \u2013 &#8220;Prendiamo atto della nota della Societ\u00e0 Simico sulla questione del taglio dei larici per far posto ad una inutile pista da bob, tuttavia il nostro interlocutore \u00e8 il Governo. Con tutto il rispetto per la Societ\u00e0, infatti, non possono essere sufficienti i suoi comunicati stampa, vogliamo risposte documentate da parte [&hellip;]<\/p>\n","protected":false},"author":2,"featured_media":144179,"comment_status":"closed","ping_status":"open","sticky":false,"template":"","format":"standard","meta":{"footnotes":""},"categories":[5,26],"tags":[],"class_list":["post-148765","post","type-post","status-publish","format-standard","has-post-thumbnail","category-cronaca","category-prima-pagina"],"yoast_head":"<!-- This site is optimized with the Yoast SEO plugin v28.4 - https:\/\/yoast.com\/product\/yoast-seo-wordpress\/ -->\n<title>Pista da bob. Zanella: &quot;Insufficienti i comunicati della Simico, vogliamo risposte dai ministri&quot; - Bellunopress - Dolomiti<\/title>\n<meta name=\"robots\" content=\"index, follow, max-snippet:-1, max-image-preview:large, max-video-preview:-1\" \/>\n<link rel=\"canonical\" href=\"https:\/\/www.bellunopress.it\/fr\/2024\/02\/29\/pista-da-bob-zanella-insufficienti-i-comunicati-della-simico-vogliamo-risposte-dai-ministri\/\" \/>\n<meta property=\"og:locale\" content=\"fr_FR\" \/>\n<meta property=\"og:type\" content=\"article\" \/>\n<meta property=\"og:title\" content=\"Pista da bob. Zanella: &quot;Insufficienti i comunicati della Simico, vogliamo risposte dai ministri&quot; - Bellunopress - Dolomiti\" \/>\n<meta property=\"og:description\" content=\"Roma, 29 febbraio 2024 \u2013 &#8220;Prendiamo atto della nota della Societ\u00e0 Simico sulla questione del taglio dei larici per far posto ad una inutile pista da bob, tuttavia il nostro interlocutore \u00e8 il Governo. Con tutto il rispetto per la Societ\u00e0, infatti, non possono essere sufficienti i suoi comunicati stampa, vogliamo risposte documentate da parte [&hellip;]\" \/>\n<meta property=\"og:url\" content=\"https:\/\/www.bellunopress.it\/fr\/2024\/02\/29\/pista-da-bob-zanella-insufficienti-i-comunicati-della-simico-vogliamo-risposte-dai-ministri\/\" \/>\n<meta property=\"og:site_name\" content=\"Bellunopress - Dolomiti\" \/>\n<meta property=\"article:publisher\" content=\"https:\/\/www.facebook.com\/profile.php?id=100008943462799\" \/>\n<meta property=\"article:published_time\" content=\"2024-02-29T20:42:23+00:00\" \/>\n<meta property=\"og:image\" content=\"https:\/\/www.bellunopress.it\/wp-content\/uploads\/2023\/09\/Luana-Zanella-deputato.jpg\" \/>\n\t<meta property=\"og:image:width\" content=\"656\" \/>\n\t<meta property=\"og:image:height\" content=\"513\" \/>\n\t<meta property=\"og:image:type\" content=\"image\/jpeg\" \/>\n<meta name=\"author\" content=\"redazione\" \/>\n<meta name=\"twitter:card\" content=\"summary_large_image\" \/>\n<meta name=\"twitter:creator\" content=\"@bellunopress\" \/>\n<meta name=\"twitter:site\" content=\"@bellunopress\" \/>\n<meta name=\"twitter:label1\" content=\"\u00c9crit par\" \/>\n\t<meta name=\"twitter:data1\" content=\"redazione\" \/>\n\t<meta name=\"twitter:label2\" content=\"Dur\u00e9e de lecture estim\u00e9e\" \/>\n\t<meta name=\"twitter:data2\" content=\"1 minute\" \/>\n<script type=\"application\/ld+json\" class=\"yoast-schema-graph\">{\"@context\":\"https:\\\/\\\/schema.org\",\"@graph\":[{\"@type\":\"Article\",\"@id\":\"https:\\\/\\\/www.bellunopress.it\\\/2024\\\/02\\\/29\\\/pista-da-bob-zanella-insufficienti-i-comunicati-della-simico-vogliamo-risposte-dai-ministri\\\/#article\",\"isPartOf\":{\"@id\":\"https:\\\/\\\/www.bellunopress.it\\\/2024\\\/02\\\/29\\\/pista-da-bob-zanella-insufficienti-i-comunicati-della-simico-vogliamo-risposte-dai-ministri\\\/\"},\"author\":{\"name\":\"redazione\",\"@id\":\"https:\\\/\\\/www.bellunopress.it\\\/#\\\/schema\\\/person\\\/79bb06722b37ece1c03d3e94beb30d73\"},\"headline\":\"Pista da bob. Zanella: &#8220;Insufficienti i comunicati della Simico, vogliamo risposte dai ministri&#8221;\",\"datePublished\":\"2024-02-29T20:42:23+00:00\",\"mainEntityOfPage\":{\"@id\":\"https:\\\/\\\/www.bellunopress.it\\\/2024\\\/02\\\/29\\\/pista-da-bob-zanella-insufficienti-i-comunicati-della-simico-vogliamo-risposte-dai-ministri\\\/\"},\"wordCount\":144,\"publisher\":{\"@id\":\"https:\\\/\\\/www.bellunopress.it\\\/#organization\"},\"image\":{\"@id\":\"https:\\\/\\\/www.bellunopress.it\\\/2024\\\/02\\\/29\\\/pista-da-bob-zanella-insufficienti-i-comunicati-della-simico-vogliamo-risposte-dai-ministri\\\/#primaryimage\"},\"thumbnailUrl\":\"https:\\\/\\\/www.bellunopress.it\\\/wp-content\\\/uploads\\\/2023\\\/09\\\/Luana-Zanella-deputato.jpg\",\"articleSection\":[\"Cronaca\\\/Politica\",\"Prima Pagina\"],\"inLanguage\":\"fr-FR\"},{\"@type\":\"WebPage\",\"@id\":\"https:\\\/\\\/www.bellunopress.it\\\/2024\\\/02\\\/29\\\/pista-da-bob-zanella-insufficienti-i-comunicati-della-simico-vogliamo-risposte-dai-ministri\\\/\",\"url\":\"https:\\\/\\\/www.bellunopress.it\\\/2024\\\/02\\\/29\\\/pista-da-bob-zanella-insufficienti-i-comunicati-della-simico-vogliamo-risposte-dai-ministri\\\/\",\"name\":\"Pista da bob. Zanella: \\\"Insufficienti i comunicati della Simico, vogliamo risposte dai ministri\\\" - Bellunopress - Dolomiti\",\"isPartOf\":{\"@id\":\"https:\\\/\\\/www.bellunopress.it\\\/#website\"},\"primaryImageOfPage\":{\"@id\":\"https:\\\/\\\/www.bellunopress.it\\\/2024\\\/02\\\/29\\\/pista-da-bob-zanella-insufficienti-i-comunicati-della-simico-vogliamo-risposte-dai-ministri\\\/#primaryimage\"},\"image\":{\"@id\":\"https:\\\/\\\/www.bellunopress.it\\\/2024\\\/02\\\/29\\\/pista-da-bob-zanella-insufficienti-i-comunicati-della-simico-vogliamo-risposte-dai-ministri\\\/#primaryimage\"},\"thumbnailUrl\":\"https:\\\/\\\/www.bellunopress.it\\\/wp-content\\\/uploads\\\/2023\\\/09\\\/Luana-Zanella-deputato.jpg\",\"datePublished\":\"2024-02-29T20:42:23+00:00\",\"breadcrumb\":{\"@id\":\"https:\\\/\\\/www.bellunopress.it\\\/2024\\\/02\\\/29\\\/pista-da-bob-zanella-insufficienti-i-comunicati-della-simico-vogliamo-risposte-dai-ministri\\\/#breadcrumb\"},\"inLanguage\":\"fr-FR\",\"potentialAction\":[{\"@type\":\"ReadAction\",\"target\":[\"https:\\\/\\\/www.bellunopress.it\\\/2024\\\/02\\\/29\\\/pista-da-bob-zanella-insufficienti-i-comunicati-della-simico-vogliamo-risposte-dai-ministri\\\/\"]}]},{\"@type\":\"ImageObject\",\"inLanguage\":\"fr-FR\",\"@id\":\"https:\\\/\\\/www.bellunopress.it\\\/2024\\\/02\\\/29\\\/pista-da-bob-zanella-insufficienti-i-comunicati-della-simico-vogliamo-risposte-dai-ministri\\\/#primaryimage\",\"url\":\"https:\\\/\\\/www.bellunopress.it\\\/wp-content\\\/uploads\\\/2023\\\/09\\\/Luana-Zanella-deputato.jpg\",\"contentUrl\":\"https:\\\/\\\/www.bellunopress.it\\\/wp-content\\\/uploads\\\/2023\\\/09\\\/Luana-Zanella-deputato.jpg\",\"width\":656,\"height\":513,\"caption\":\"Onorevole Luana Zanella, capogruppo di Alleanza Verdi Sinistra alla Camera dei Deputati\"},{\"@type\":\"BreadcrumbList\",\"@id\":\"https:\\\/\\\/www.bellunopress.it\\\/2024\\\/02\\\/29\\\/pista-da-bob-zanella-insufficienti-i-comunicati-della-simico-vogliamo-risposte-dai-ministri\\\/#breadcrumb\",\"itemListElement\":[{\"@type\":\"ListItem\",\"position\":1,\"name\":\"Home\",\"item\":\"https:\\\/\\\/www.bellunopress.it\\\/\"},{\"@type\":\"ListItem\",\"position\":2,\"name\":\"Pista da bob. Zanella: &#8220;Insufficienti i comunicati della Simico, vogliamo risposte dai ministri&#8221;\"}]},{\"@type\":\"WebSite\",\"@id\":\"https:\\\/\\\/www.bellunopress.it\\\/#website\",\"url\":\"https:\\\/\\\/www.bellunopress.it\\\/\",\"name\":\"Bellunopress - Dolomiti\",\"description\":\"e-mail: redazione@bellunopress.it\",\"publisher\":{\"@id\":\"https:\\\/\\\/www.bellunopress.it\\\/#organization\"},\"potentialAction\":[{\"@type\":\"SearchAction\",\"target\":{\"@type\":\"EntryPoint\",\"urlTemplate\":\"https:\\\/\\\/www.bellunopress.it\\\/?s={search_term_string}\"},\"query-input\":{\"@type\":\"PropertyValueSpecification\",\"valueRequired\":true,\"valueName\":\"search_term_string\"}}],\"inLanguage\":\"fr-FR\"},{\"@type\":\"Organization\",\"@id\":\"https:\\\/\\\/www.bellunopress.it\\\/#organization\",\"name\":\"Bellunopress\",\"url\":\"https:\\\/\\\/www.bellunopress.it\\\/\",\"logo\":{\"@type\":\"ImageObject\",\"inLanguage\":\"fr-FR\",\"@id\":\"https:\\\/\\\/www.bellunopress.it\\\/#\\\/schema\\\/logo\\\/image\\\/\",\"url\":\"https:\\\/\\\/www.bellunopress.it\\\/wp-content\\\/uploads\\\/2011\\\/05\\\/cropped-logo-bellunopress-.jpg\",\"contentUrl\":\"https:\\\/\\\/www.bellunopress.it\\\/wp-content\\\/uploads\\\/2011\\\/05\\\/cropped-logo-bellunopress-.jpg\",\"width\":512,\"height\":512,\"caption\":\"Bellunopress\"},\"image\":{\"@id\":\"https:\\\/\\\/www.bellunopress.it\\\/#\\\/schema\\\/logo\\\/image\\\/\"},\"sameAs\":[\"https:\\\/\\\/www.facebook.com\\\/profile.php?id=100008943462799\",\"https:\\\/\\\/x.com\\\/bellunopress\",\"https:\\\/\\\/www.linkedin.com\\\/hp\\\/?dnr=JBzUWaJfMUw8vbXJJ2tVW5-I3jZKvC4wsoxE&amp;amp;amp;amp;amp;amp;trk=nav_responsive_tab_home\",\"https:\\\/\\\/www.youtube.com\\\/channel\\\/UCxL0wu1uN0_3_7hGG0306cw\"]},{\"@type\":\"Person\",\"@id\":\"https:\\\/\\\/www.bellunopress.it\\\/#\\\/schema\\\/person\\\/79bb06722b37ece1c03d3e94beb30d73\",\"name\":\"redazione\",\"image\":{\"@type\":\"ImageObject\",\"inLanguage\":\"fr-FR\",\"@id\":\"https:\\\/\\\/secure.gravatar.com\\\/avatar\\\/37d968a2e67a6fd04c169c4bdef102d0bc5d31b2546345219e348575eb80e9a0?s=96&d=mm&r=g\",\"url\":\"https:\\\/\\\/secure.gravatar.com\\\/avatar\\\/37d968a2e67a6fd04c169c4bdef102d0bc5d31b2546345219e348575eb80e9a0?s=96&d=mm&r=g\",\"contentUrl\":\"https:\\\/\\\/secure.gravatar.com\\\/avatar\\\/37d968a2e67a6fd04c169c4bdef102d0bc5d31b2546345219e348575eb80e9a0?s=96&d=mm&r=g\",\"caption\":\"redazione\"},\"sameAs\":[\"http:\\\/\\\/www.bellunopress.it\",\"https:\\\/\\\/x.com\\\/bellunopress\"],\"url\":\"https:\\\/\\\/www.bellunopress.it\\\/fr\\\/author\\\/redazione\\\/\"}]}<\/script>\n<!-- \/ Yoast SEO plugin. -->","yoast_head_json":{"title":"Pista da bob. Zanella: \"Insufficienti i comunicati della Simico, vogliamo risposte dai ministri\" - Bellunopress - Dolomiti","robots":{"index":"index","follow":"follow","max-snippet":"max-snippet:-1","max-image-preview":"max-image-preview:large","max-video-preview":"max-video-preview:-1"},"canonical":"https:\/\/www.bellunopress.it\/fr\/2024\/02\/29\/pista-da-bob-zanella-insufficienti-i-comunicati-della-simico-vogliamo-risposte-dai-ministri\/","og_locale":"fr_FR","og_type":"article","og_title":"Pista da bob. Zanella: \"Insufficienti i comunicati della Simico, vogliamo risposte dai ministri\" - Bellunopress - Dolomiti","og_description":"Roma, 29 febbraio 2024 \u2013 &#8220;Prendiamo atto della nota della Societ\u00e0 Simico sulla questione del taglio dei larici per far posto ad una inutile pista da bob, tuttavia il nostro interlocutore \u00e8 il Governo. Con tutto il rispetto per la Societ\u00e0, infatti, non possono essere sufficienti i suoi comunicati stampa, vogliamo risposte documentate da parte [&hellip;]","og_url":"https:\/\/www.bellunopress.it\/fr\/2024\/02\/29\/pista-da-bob-zanella-insufficienti-i-comunicati-della-simico-vogliamo-risposte-dai-ministri\/","og_site_name":"Bellunopress - Dolomiti","article_publisher":"https:\/\/www.facebook.com\/profile.php?id=100008943462799","article_published_time":"2024-02-29T20:42:23+00:00","og_image":[{"width":656,"height":513,"url":"https:\/\/www.bellunopress.it\/wp-content\/uploads\/2023\/09\/Luana-Zanella-deputato.jpg","type":"image\/jpeg"}],"author":"redazione","twitter_card":"summary_large_image","twitter_creator":"@bellunopress","twitter_site":"@bellunopress","twitter_misc":{"\u00c9crit par":"redazione","Dur\u00e9e de lecture estim\u00e9e":"1 minute"},"schema":{"@context":"https:\/\/schema.org","@graph":[{"@type":"Article","@id":"https:\/\/www.bellunopress.it\/2024\/02\/29\/pista-da-bob-zanella-insufficienti-i-comunicati-della-simico-vogliamo-risposte-dai-ministri\/#article","isPartOf":{"@id":"https:\/\/www.bellunopress.it\/2024\/02\/29\/pista-da-bob-zanella-insufficienti-i-comunicati-della-simico-vogliamo-risposte-dai-ministri\/"},"author":{"name":"redazione","@id":"https:\/\/www.bellunopress.it\/#\/schema\/person\/79bb06722b37ece1c03d3e94beb30d73"},"headline":"Pista da bob. Zanella: &#8220;Insufficienti i comunicati della Simico, vogliamo risposte dai ministri&#8221;","datePublished":"2024-02-29T20:42:23+00:00","mainEntityOfPage":{"@id":"https:\/\/www.bellunopress.it\/2024\/02\/29\/pista-da-bob-zanella-insufficienti-i-comunicati-della-simico-vogliamo-risposte-dai-ministri\/"},"wordCount":144,"publisher":{"@id":"https:\/\/www.bellunopress.it\/#organization"},"image":{"@id":"https:\/\/www.bellunopress.it\/2024\/02\/29\/pista-da-bob-zanella-insufficienti-i-comunicati-della-simico-vogliamo-risposte-dai-ministri\/#primaryimage"},"thumbnailUrl":"https:\/\/www.bellunopress.it\/wp-content\/uploads\/2023\/09\/Luana-Zanella-deputato.jpg","articleSection":["Cronaca\/Politica","Prima Pagina"],"inLanguage":"fr-FR"},{"@type":"WebPage","@id":"https:\/\/www.bellunopress.it\/2024\/02\/29\/pista-da-bob-zanella-insufficienti-i-comunicati-della-simico-vogliamo-risposte-dai-ministri\/","url":"https:\/\/www.bellunopress.it\/2024\/02\/29\/pista-da-bob-zanella-insufficienti-i-comunicati-della-simico-vogliamo-risposte-dai-ministri\/","name":"Pista da bob. Zanella: \"Insufficienti i comunicati della Simico, vogliamo risposte dai ministri\" - Bellunopress - Dolomiti","isPartOf":{"@id":"https:\/\/www.bellunopress.it\/#website"},"primaryImageOfPage":{"@id":"https:\/\/www.bellunopress.it\/2024\/02\/29\/pista-da-bob-zanella-insufficienti-i-comunicati-della-simico-vogliamo-risposte-dai-ministri\/#primaryimage"},"image":{"@id":"https:\/\/www.bellunopress.it\/2024\/02\/29\/pista-da-bob-zanella-insufficienti-i-comunicati-della-simico-vogliamo-risposte-dai-ministri\/#primaryimage"},"thumbnailUrl":"https:\/\/www.bellunopress.it\/wp-content\/uploads\/2023\/09\/Luana-Zanella-deputato.jpg","datePublished":"2024-02-29T20:42:23+00:00","breadcrumb":{"@id":"https:\/\/www.bellunopress.it\/2024\/02\/29\/pista-da-bob-zanella-insufficienti-i-comunicati-della-simico-vogliamo-risposte-dai-ministri\/#breadcrumb"},"inLanguage":"fr-FR","potentialAction":[{"@type":"ReadAction","target":["https:\/\/www.bellunopress.it\/2024\/02\/29\/pista-da-bob-zanella-insufficienti-i-comunicati-della-simico-vogliamo-risposte-dai-ministri\/"]}]},{"@type":"ImageObject","inLanguage":"fr-FR","@id":"https:\/\/www.bellunopress.it\/2024\/02\/29\/pista-da-bob-zanella-insufficienti-i-comunicati-della-simico-vogliamo-risposte-dai-ministri\/#primaryimage","url":"https:\/\/www.bellunopress.it\/wp-content\/uploads\/2023\/09\/Luana-Zanella-deputato.jpg","contentUrl":"https:\/\/www.bellunopress.it\/wp-content\/uploads\/2023\/09\/Luana-Zanella-deputato.jpg","width":656,"height":513,"caption":"Onorevole Luana Zanella, capogruppo di Alleanza Verdi Sinistra alla Camera dei Deputati"},{"@type":"BreadcrumbList","@id":"https:\/\/www.bellunopress.it\/2024\/02\/29\/pista-da-bob-zanella-insufficienti-i-comunicati-della-simico-vogliamo-risposte-dai-ministri\/#breadcrumb","itemListElement":[{"@type":"ListItem","position":1,"name":"Home","item":"https:\/\/www.bellunopress.it\/"},{"@type":"ListItem","position":2,"name":"Pista da bob. Zanella: &#8220;Insufficienti i comunicati della Simico, vogliamo risposte dai ministri&#8221;"}]},{"@type":"WebSite","@id":"https:\/\/www.bellunopress.it\/#website","url":"https:\/\/www.bellunopress.it\/","name":"Bellunopress - Dolomiti","description":"e-mail: redazione@bellunopress.it","publisher":{"@id":"https:\/\/www.bellunopress.it\/#organization"},"potentialAction":[{"@type":"SearchAction","target":{"@type":"EntryPoint","urlTemplate":"https:\/\/www.bellunopress.it\/?s={search_term_string}"},"query-input":{"@type":"PropertyValueSpecification","valueRequired":true,"valueName":"search_term_string"}}],"inLanguage":"fr-FR"},{"@type":"Organization","@id":"https:\/\/www.bellunopress.it\/#organization","name":"Bellunopress","url":"https:\/\/www.bellunopress.it\/","logo":{"@type":"ImageObject","inLanguage":"fr-FR","@id":"https:\/\/www.bellunopress.it\/#\/schema\/logo\/image\/","url":"https:\/\/www.bellunopress.it\/wp-content\/uploads\/2011\/05\/cropped-logo-bellunopress-.jpg","contentUrl":"https:\/\/www.bellunopress.it\/wp-content\/uploads\/2011\/05\/cropped-logo-bellunopress-.jpg","width":512,"height":512,"caption":"Bellunopress"},"image":{"@id":"https:\/\/www.bellunopress.it\/#\/schema\/logo\/image\/"},"sameAs":["https:\/\/www.facebook.com\/profile.php?id=100008943462799","https:\/\/x.com\/bellunopress","https:\/\/www.linkedin.com\/hp\/?dnr=JBzUWaJfMUw8vbXJJ2tVW5-I3jZKvC4wsoxE&amp;amp;amp;amp;amp;amp;trk=nav_responsive_tab_home","https:\/\/www.youtube.com\/channel\/UCxL0wu1uN0_3_7hGG0306cw"]},{"@type":"Person","@id":"https:\/\/www.bellunopress.it\/#\/schema\/person\/79bb06722b37ece1c03d3e94beb30d73","name":"r\u00e9daction","image":{"@type":"ImageObject","inLanguage":"fr-FR","@id":"https:\/\/secure.gravatar.com\/avatar\/37d968a2e67a6fd04c169c4bdef102d0bc5d31b2546345219e348575eb80e9a0?s=96&d=mm&r=g","url":"https:\/\/secure.gravatar.com\/avatar\/37d968a2e67a6fd04c169c4bdef102d0bc5d31b2546345219e348575eb80e9a0?s=96&d=mm&r=g","contentUrl":"https:\/\/secure.gravatar.com\/avatar\/37d968a2e67a6fd04c169c4bdef102d0bc5d31b2546345219e348575eb80e9a0?s=96&d=mm&r=g","caption":"redazione"},"sameAs":["http:\/\/www.bellunopress.it","https:\/\/x.com\/bellunopress"],"url":"https:\/\/www.bellunopress.it\/fr\/author\/redazione\/"}]}},"_links":{"self":[{"href":"https:\/\/www.bellunopress.it\/fr\/wp-json\/wp\/v2\/posts\/148765","targetHints":{"allow":["GET"]}}],"collection":[{"href":"https:\/\/www.bellunopress.it\/fr\/wp-json\/wp\/v2\/posts"}],"about":[{"href":"https:\/\/www.bellunopress.it\/fr\/wp-json\/wp\/v2\/types\/post"}],"author":[{"embeddable":true,"href":"https:\/\/www.bellunopress.it\/fr\/wp-json\/wp\/v2\/users\/2"}],"replies":[{"embeddable":true,"href":"https:\/\/www.bellunopress.it\/fr\/wp-json\/wp\/v2\/comments?post=148765"}],"version-history":[{"count":1,"href":"https:\/\/www.bellunopress.it\/fr\/wp-json\/wp\/v2\/posts\/148765\/revisions"}],"predecessor-version":[{"id":148766,"href":"https:\/\/www.bellunopress.it\/fr\/wp-json\/wp\/v2\/posts\/148765\/revisions\/148766"}],"wp:featuredmedia":[{"embeddable":true,"href":"https:\/\/www.bellunopress.it\/fr\/wp-json\/wp\/v2\/media\/144179"}],"wp:attachment":[{"href":"https:\/\/www.bellunopress.it\/fr\/wp-json\/wp\/v2\/media?parent=148765"}],"wp:term":[{"taxonomy":"category","embeddable":true,"href":"https:\/\/www.bellunopress.it\/fr\/wp-json\/wp\/v2\/categories?post=148765"},{"taxonomy":"post_tag","embeddable":true,"href":"https:\/\/www.bellunopress.it\/fr\/wp-json\/wp\/v2\/tags?post=148765"}],"curies":[{"name":"wp","href":"https:\/\/api.w.org\/{rel}","templated":true}]}}